{"id":1065,"date":"2021-10-12T06:08:50","date_gmt":"2021-10-12T06:08:50","guid":{"rendered":"https:\/\/www.adiccionesalicante.com\/?p=1065"},"modified":"2023-09-27T18:35:33","modified_gmt":"2023-09-27T18:35:33","slug":"efectos-de-la-marihuana-en-el-cerebro","status":"publish","type":"post","link":"https:\/\/forummontau.com\/alicante\/efectos-de-la-marihuana-en-el-cerebro\/","title":{"rendered":"Efectos de la marihuana en el cerebro"},"content":{"rendered":"\n<p>La marihuana se ha convertido en una de las drogas m\u00e1s extendidas y consumidas en la actualidad, y es vista socialmente como una droga blanda comparada al alcohol con relativamente poco riesgo, sin embargo el consumo frecuente de esta droga puede tener efectos negativos a largo plazo.<\/p>\n\n\n\n<p>La marihuana es una de las m\u00faltiples formas en las que se consume el cannabis, concretamente la que utiliza hojas y tallos de la planta troceados y triturados. Esta sustancia tiene propiedades psicoactivas que son conocidas desde la antig\u00fcedad. <\/p>\n\n\n\n<p>Se trata de una sustancia cuyos efectos iniciales resultan ligeramente estimulantes y euforizantes, para pasar a inducir estados de relajaci\u00f3n f\u00edsica y mental. Provoca una disminuci\u00f3n del nivel de tensi\u00f3n y de dolor, aumenta la sensaci\u00f3n de hambre y reduce y enlentece el movimiento motor. Tambi\u00e9n resulta eficaz como antiem\u00e9tico y anticonvulsivo.<\/p>\n\n\n\n<h2 class=\"wp-block-heading\"><strong>Efectos a largo plazo de la marihuana<\/strong><\/h2>\n\n\n\n<p>Los estudios realizados respecto a los efectos de la marihuana siempre han estado rodeados de una gran controversia. Se han realizado gran cantidad de investigaciones al respecto, en algunos casos con resultados poco claros, sobre los resultados de su consumo. Sin embargo, diferentes investigaciones han manifestado que su consumo puede provocar efectos a largo plazo en el cerebro y la conducta.<\/p>\n\n\n\n<p>Es importante tener en cuenta que se est\u00e1 hablando de casos en los que el consumo se realiza de manera frecuente a lo largo del tiempo. Los efectos en cuesti\u00f3n dependen de la edad y el momento del neurodesarrollo en el que se inicia el consumo, as\u00ed como el tiempo durante el que se haya producido dicho consumo.<\/p>\n\n\n\n<h2 class=\"wp-block-heading\"><strong>Reducci\u00f3n del c\u00f3rtex orbitofrontal<\/strong><\/h2>\n\n\n\n<p>El uso continuado de marihuana provoca una evidente reducci\u00f3n de la sustancia gris, especialmente en la corteza orbitofrontal. Ello supone asimismo una menor capacidad a largo plazo para la realizaci\u00f3n de tareas que dependen de esta \u00e1rea, como el control de los impulsos o la planificaci\u00f3n.<\/p>\n\n\n\n<h2 class=\"wp-block-heading\"><strong>Aumento de la conectividad neuronal<\/strong><\/h2>\n\n\n\n<p>Seg\u00fan reflejan otros estudios, a pesar de la reducci\u00f3n de sustancia gris el cerebro, la conectividad entre las neuronas restantes se ve incrementada, de manera que dicha p\u00e9rdida se ve en cierto modo compensada.<\/p>\n\n\n\n<p>Es decir, aunque en condiciones normales un aumento de la conectividad de las neuronas ser\u00eda una buena noticia, en este caso es el resultado de que vayan muriendo muchas neuronas, haciendo que las que queden deban \u00abtrabajar\u00bb m\u00e1s; se trata de un mecanismo del cerebro para intentar suplir la p\u00e9rdida de grosor de la corteza. Adem\u00e1s, este incremento de las conexiones es cada vez menor seg\u00fan aumenta el tiempo de consumo.<\/p>\n\n\n\n<h2 class=\"wp-block-heading\"><strong>Disminuci\u00f3n del rendimiento y la memoria<\/strong><\/h2>\n\n\n\n<p>El consumo de marihuana produce a largo plazo problemas en diversos tipos de memoria. Alteraciones que dan como resultado una mayor dificultad de pasar a la memoria a largo plazo los contenidos de la memoria a corto plazo.<\/p>\n\n\n\n<p>Estos efectos son especialmente notorios en personas que consumen a lo largo de su proceso de desarrollo, es decir adolescentes, debido a la modificaci\u00f3n estructural del enc\u00e9falo que puede suponer el consumo de cannabis. En adultos ya formados que empiezan a consumir esta disminuci\u00f3n es menor.<\/p>\n\n\n\n<h2 class=\"wp-block-heading\"><strong>Aparici\u00f3n de brotes psic\u00f3tico<\/strong>s<\/h2>\n\n\n\n<p>Algunas variantes de cannabis pueden facilitr la aparici\u00f3n de brotes psic\u00f3ticos en personas con predisposici\u00f3n gen\u00e9tica a ellos, especialmente cuando se inicia el consumo de la adolescencia. Esto se debe a que el consumo temprano dificulta la correcta maduraci\u00f3n neuronal de la conexi\u00f3n entre prefrontal y sistema l\u00edmbico, lo cual facilita la aparici\u00f3n de alucinaciones y se dificulta el control e inhibici\u00f3n conductual.<\/p>\n\n\n\n<h2 class=\"wp-block-heading\"><strong>Disminuci\u00f3n del control de los impulsos<\/strong><\/h2>\n\n\n\n<p>Otro de los efectos observados y directamente vinculados a la disminuci\u00f3n de materia gris en la corteza frontal es la disminuci\u00f3n en el control de los impulsos. La capacidad de inhibici\u00f3n de la conducta se vincula con partes concretas de ese l\u00f3bulo, que se encarga de contrarrestar el poder del sistema l\u00edmbico, relacionado con las emociones y con la aparici\u00f3n de deseos.<\/p>\n\n\n\n<p>No dudes en contactarnos para m\u00e1s informaci\u00f3n y tratamientos.<\/p>\n","protected":false},"excerpt":{"rendered":"<p>La marihuana se ha convertido en una de las drogas m\u00e1s extendidas y consumidas en la actualidad, y es vista socialmente como una droga blanda comparada al alcohol con relativamente poco riesgo, sin embargo el consumo frecuente de esta droga puede tener efectos negativos a largo plazo. La marihuana es una de las m\u00faltiples formas [&hellip;]<\/p>\n","protected":false},"author":2,"featured_media":3141,"comment_status":"open","ping_status":"open","sticky":false,"template":"","format":"standard","meta":{"ocean_post_layout":"","ocean_both_sidebars_style":"","ocean_both_sidebars_content_width":0,"ocean_both_sidebars_sidebars_width":0,"ocean_sidebar":"0","ocean_second_sidebar":"0","ocean_disable_margins":"enable","ocean_add_body_class":"","ocean_shortcode_before_top_bar":"","ocean_shortcode_after_top_bar":"","ocean_shortcode_before_header":"","ocean_shortcode_after_header":"","ocean_has_shortcode":"","ocean_shortcode_after_title":"","ocean_shortcode_before_footer_widgets":"","ocean_shortcode_after_footer_widgets":"","ocean_shortcode_before_footer_bottom":"","ocean_shortcode_after_footer_bottom":"","ocean_display_top_bar":"default","ocean_display_header":"default","ocean_header_style":"","ocean_center_header_left_menu":"0","ocean_custom_header_template":"0","ocean_custom_logo":0,"ocean_custom_retina_logo":0,"ocean_custom_logo_max_width":0,"ocean_custom_logo_tablet_max_width":0,"ocean_custom_logo_mobile_max_width":0,"ocean_custom_logo_max_height":0,"ocean_custom_logo_tablet_max_height":0,"ocean_custom_logo_mobile_max_height":0,"ocean_header_custom_menu":"0","ocean_menu_typo_font_family":"0","ocean_menu_typo_font_subset":"","ocean_menu_typo_font_size":0,"ocean_menu_typo_font_size_tablet":0,"ocean_menu_typo_font_size_mobile":0,"ocean_menu_typo_font_size_unit":"px","ocean_menu_typo_font_weight":"","ocean_menu_typo_font_weight_tablet":"","ocean_menu_typo_font_weight_mobile":"","ocean_menu_typo_transform":"","ocean_menu_typo_transform_tablet":"","ocean_menu_typo_transform_mobile":"","ocean_menu_typo_line_height":0,"ocean_menu_typo_line_height_tablet":0,"ocean_menu_typo_line_height_mobile":0,"ocean_menu_typo_line_height_unit":"","ocean_menu_typo_spacing":0,"ocean_menu_typo_spacing_tablet":0,"ocean_menu_typo_spacing_mobile":0,"ocean_menu_typo_spacing_unit":"","ocean_menu_link_color":"","ocean_menu_link_color_hover":"","ocean_menu_link_color_active":"","ocean_menu_link_background":"","ocean_menu_link_hover_background":"","ocean_menu_link_active_background":"","ocean_menu_social_links_bg":"","ocean_menu_social_hover_links_bg":"","ocean_menu_social_links_color":"","ocean_menu_social_hover_links_color":"","ocean_disable_title":"on","ocean_disable_heading":"default","ocean_post_title":"","ocean_post_subheading":"","ocean_post_title_style":"","ocean_post_title_background_color":"","ocean_post_title_background":0,"ocean_post_title_bg_image_position":"","ocean_post_title_bg_image_attachment":"","ocean_post_title_bg_image_repeat":"","ocean_post_title_bg_image_size":"","ocean_post_title_height":0,"ocean_post_title_bg_overlay":0.5,"ocean_post_title_bg_overlay_color":"","ocean_disable_breadcrumbs":"default","ocean_breadcrumbs_color":"","ocean_breadcrumbs_separator_color":"","ocean_breadcrumbs_links_color":"","ocean_breadcrumbs_links_hover_color":"","ocean_display_footer_widgets":"default","ocean_display_footer_bottom":"default","ocean_custom_footer_template":"0","ocean_post_oembed":"","ocean_post_self_hosted_media":"","ocean_post_video_embed":"","ocean_link_format":"","ocean_link_format_target":"self","ocean_quote_format":"","ocean_quote_format_link":"post","ocean_gallery_link_images":"off","ocean_gallery_id":[],"footnotes":""},"categories":[6,16],"tags":[],"class_list":["post-1065","post","type-post","status-publish","format-standard","has-post-thumbnail","hentry","category-adicciones","category-cannabis","entry","has-media"],"yoast_head":"<!-- This site is optimized with the Yoast SEO plugin v27.5 - https:\/\/yoast.com\/product\/yoast-seo-wordpress\/ -->\n<title>Efectos de la marihuana en el cerebro - Forum Salud Mental Alicante<\/title>\n<meta name=\"description\" content=\"Diferentes investigaciones han manifestado que su consumo puede provocar efectos a largo plazo en el cerebro y la conducta.\" \/>\n<meta name=\"robots\" content=\"index, follow, max-snippet:-1, max-image-preview:large, max-video-preview:-1\" \/>\n<link rel=\"canonical\" href=\"https:\/\/forummontau.com\/alicante\/efectos-de-la-marihuana-en-el-cerebro\/\" \/>\n<meta property=\"og:locale\" content=\"es_ES\" \/>\n<meta property=\"og:type\" content=\"article\" \/>\n<meta property=\"og:title\" content=\"Efectos de la marihuana en el cerebro - Forum Salud Mental Alicante\" \/>\n<meta property=\"og:description\" content=\"Diferentes investigaciones han manifestado que su consumo puede provocar efectos a largo plazo en el cerebro y la conducta.\" \/>\n<meta property=\"og:url\" content=\"https:\/\/forummontau.com\/alicante\/efectos-de-la-marihuana-en-el-cerebro\/\" \/>\n<meta property=\"og:site_name\" content=\"Forum Salud Mental Alicante\" \/>\n<meta property=\"article:published_time\" content=\"2021-10-12T06:08:50+00:00\" \/>\n<meta property=\"article:modified_time\" content=\"2023-09-27T18:35:33+00:00\" \/>\n<meta property=\"og:image\" content=\"https:\/\/forummontau.com\/alicante\/wp-content\/uploads\/sites\/8\/2021\/10\/efectos_marihuana_cerebro.jpg\" \/>\n\t<meta property=\"og:image:width\" content=\"600\" \/>\n\t<meta property=\"og:image:height\" content=\"400\" \/>\n\t<meta property=\"og:image:type\" content=\"image\/jpeg\" \/>\n<meta name=\"author\" content=\"Forum Salud Mental Madrid\" \/>\n<meta name=\"twitter:card\" content=\"summary_large_image\" \/>\n<meta name=\"twitter:label1\" content=\"Escrito por\" \/>\n\t<meta name=\"twitter:data1\" content=\"Forum Salud Mental Madrid\" \/>\n\t<meta name=\"twitter:label2\" content=\"Tiempo de lectura\" \/>\n\t<meta name=\"twitter:data2\" content=\"4 minutos\" \/>\n<script type=\"application\/ld+json\" class=\"yoast-schema-graph\">{\"@context\":\"https:\\\/\\\/schema.org\",\"@graph\":[{\"@type\":\"Article\",\"@id\":\"https:\\\/\\\/forummontau.com\\\/alicante\\\/efectos-de-la-marihuana-en-el-cerebro\\\/#article\",\"isPartOf\":{\"@id\":\"https:\\\/\\\/forummontau.com\\\/alicante\\\/efectos-de-la-marihuana-en-el-cerebro\\\/\"},\"author\":{\"name\":\"Forum Salud Mental Madrid\",\"@id\":\"https:\\\/\\\/forummontau.com\\\/alicante\\\/#\\\/schema\\\/person\\\/dd79fa1c0ba733edd439998f9d7f5e25\"},\"headline\":\"Efectos de la marihuana en el cerebro\",\"datePublished\":\"2021-10-12T06:08:50+00:00\",\"dateModified\":\"2023-09-27T18:35:33+00:00\",\"mainEntityOfPage\":{\"@id\":\"https:\\\/\\\/forummontau.com\\\/alicante\\\/efectos-de-la-marihuana-en-el-cerebro\\\/\"},\"wordCount\":713,\"commentCount\":0,\"publisher\":{\"@id\":\"https:\\\/\\\/forummontau.com\\\/alicante\\\/#organization\"},\"image\":{\"@id\":\"https:\\\/\\\/forummontau.com\\\/alicante\\\/efectos-de-la-marihuana-en-el-cerebro\\\/#primaryimage\"},\"thumbnailUrl\":\"https:\\\/\\\/forummontau.com\\\/alicante\\\/wp-content\\\/uploads\\\/sites\\\/8\\\/2021\\\/10\\\/efectos_marihuana_cerebro.jpg\",\"articleSection\":[\"adicciones\",\"Cannabis\"],\"inLanguage\":\"es\",\"potentialAction\":[{\"@type\":\"CommentAction\",\"name\":\"Comment\",\"target\":[\"https:\\\/\\\/forummontau.com\\\/alicante\\\/efectos-de-la-marihuana-en-el-cerebro\\\/#respond\"]}]},{\"@type\":\"WebPage\",\"@id\":\"https:\\\/\\\/forummontau.com\\\/alicante\\\/efectos-de-la-marihuana-en-el-cerebro\\\/\",\"url\":\"https:\\\/\\\/forummontau.com\\\/alicante\\\/efectos-de-la-marihuana-en-el-cerebro\\\/\",\"name\":\"Efectos de la marihuana en el cerebro - Forum Salud Mental Alicante\",\"isPartOf\":{\"@id\":\"https:\\\/\\\/forummontau.com\\\/alicante\\\/#website\"},\"primaryImageOfPage\":{\"@id\":\"https:\\\/\\\/forummontau.com\\\/alicante\\\/efectos-de-la-marihuana-en-el-cerebro\\\/#primaryimage\"},\"image\":{\"@id\":\"https:\\\/\\\/forummontau.com\\\/alicante\\\/efectos-de-la-marihuana-en-el-cerebro\\\/#primaryimage\"},\"thumbnailUrl\":\"https:\\\/\\\/forummontau.com\\\/alicante\\\/wp-content\\\/uploads\\\/sites\\\/8\\\/2021\\\/10\\\/efectos_marihuana_cerebro.jpg\",\"datePublished\":\"2021-10-12T06:08:50+00:00\",\"dateModified\":\"2023-09-27T18:35:33+00:00\",\"description\":\"Diferentes investigaciones han manifestado que su consumo puede provocar efectos a largo plazo en el cerebro y la conducta.\",\"breadcrumb\":{\"@id\":\"https:\\\/\\\/forummontau.com\\\/alicante\\\/efectos-de-la-marihuana-en-el-cerebro\\\/#breadcrumb\"},\"inLanguage\":\"es\",\"potentialAction\":[{\"@type\":\"ReadAction\",\"target\":[\"https:\\\/\\\/forummontau.com\\\/alicante\\\/efectos-de-la-marihuana-en-el-cerebro\\\/\"]}]},{\"@type\":\"ImageObject\",\"inLanguage\":\"es\",\"@id\":\"https:\\\/\\\/forummontau.com\\\/alicante\\\/efectos-de-la-marihuana-en-el-cerebro\\\/#primaryimage\",\"url\":\"https:\\\/\\\/forummontau.com\\\/alicante\\\/wp-content\\\/uploads\\\/sites\\\/8\\\/2021\\\/10\\\/efectos_marihuana_cerebro.jpg\",\"contentUrl\":\"https:\\\/\\\/forummontau.com\\\/alicante\\\/wp-content\\\/uploads\\\/sites\\\/8\\\/2021\\\/10\\\/efectos_marihuana_cerebro.jpg\",\"width\":600,\"height\":400},{\"@type\":\"BreadcrumbList\",\"@id\":\"https:\\\/\\\/forummontau.com\\\/alicante\\\/efectos-de-la-marihuana-en-el-cerebro\\\/#breadcrumb\",\"itemListElement\":[{\"@type\":\"ListItem\",\"position\":1,\"name\":\"Portada\",\"item\":\"https:\\\/\\\/forummontau.com\\\/alicante\\\/\"},{\"@type\":\"ListItem\",\"position\":2,\"name\":\"Efectos de la marihuana en el cerebro\"}]},{\"@type\":\"WebSite\",\"@id\":\"https:\\\/\\\/forummontau.com\\\/alicante\\\/#website\",\"url\":\"https:\\\/\\\/forummontau.com\\\/alicante\\\/\",\"name\":\"Forum Salud Mental Alicante\",\"description\":\"Centro desintoxicaci\u00f3n y adicciones en Alicante\",\"publisher\":{\"@id\":\"https:\\\/\\\/forummontau.com\\\/alicante\\\/#organization\"},\"potentialAction\":[{\"@type\":\"SearchAction\",\"target\":{\"@type\":\"EntryPoint\",\"urlTemplate\":\"https:\\\/\\\/forummontau.com\\\/alicante\\\/?s={search_term_string}\"},\"query-input\":{\"@type\":\"PropertyValueSpecification\",\"valueRequired\":true,\"valueName\":\"search_term_string\"}}],\"inLanguage\":\"es\"},{\"@type\":\"Organization\",\"@id\":\"https:\\\/\\\/forummontau.com\\\/alicante\\\/#organization\",\"name\":\"Forum Salud Mental Alicante\",\"url\":\"https:\\\/\\\/forummontau.com\\\/alicante\\\/\",\"logo\":{\"@type\":\"ImageObject\",\"inLanguage\":\"es\",\"@id\":\"https:\\\/\\\/forummontau.com\\\/alicante\\\/#\\\/schema\\\/logo\\\/image\\\/\",\"url\":\"https:\\\/\\\/forummontau.com\\\/alicante\\\/wp-content\\\/uploads\\\/sites\\\/8\\\/2020\\\/02\\\/forum_alicante_salud.png\",\"contentUrl\":\"https:\\\/\\\/forummontau.com\\\/alicante\\\/wp-content\\\/uploads\\\/sites\\\/8\\\/2020\\\/02\\\/forum_alicante_salud.png\",\"width\":215,\"height\":118,\"caption\":\"Forum Salud Mental Alicante\"},\"image\":{\"@id\":\"https:\\\/\\\/forummontau.com\\\/alicante\\\/#\\\/schema\\\/logo\\\/image\\\/\"}},{\"@type\":\"Person\",\"@id\":\"https:\\\/\\\/forummontau.com\\\/alicante\\\/#\\\/schema\\\/person\\\/dd79fa1c0ba733edd439998f9d7f5e25\",\"name\":\"Forum Salud Mental Madrid\",\"image\":{\"@type\":\"ImageObject\",\"inLanguage\":\"es\",\"@id\":\"https:\\\/\\\/secure.gravatar.com\\\/avatar\\\/363495000985f108d724b036bf8fde103c31e3fb6464fc8997f0157fc03f27d8?s=96&d=mm&r=g\",\"url\":\"https:\\\/\\\/secure.gravatar.com\\\/avatar\\\/363495000985f108d724b036bf8fde103c31e3fb6464fc8997f0157fc03f27d8?s=96&d=mm&r=g\",\"contentUrl\":\"https:\\\/\\\/secure.gravatar.com\\\/avatar\\\/363495000985f108d724b036bf8fde103c31e3fb6464fc8997f0157fc03f27d8?s=96&d=mm&r=g\",\"caption\":\"Forum Salud Mental Madrid\"},\"url\":\"https:\\\/\\\/forummontau.com\\\/alicante\\\/author\\\/adiccionma\\\/\"}]}<\/script>\n<!-- \/ Yoast SEO plugin. -->","yoast_head_json":{"title":"Efectos de la marihuana en el cerebro - Forum Salud Mental Alicante","description":"Diferentes investigaciones han manifestado que su consumo puede provocar efectos a largo plazo en el cerebro y la conducta.","robots":{"index":"index","follow":"follow","max-snippet":"max-snippet:-1","max-image-preview":"max-image-preview:large","max-video-preview":"max-video-preview:-1"},"canonical":"https:\/\/forummontau.com\/alicante\/efectos-de-la-marihuana-en-el-cerebro\/","og_locale":"es_ES","og_type":"article","og_title":"Efectos de la marihuana en el cerebro - Forum Salud Mental Alicante","og_description":"Diferentes investigaciones han manifestado que su consumo puede provocar efectos a largo plazo en el cerebro y la conducta.","og_url":"https:\/\/forummontau.com\/alicante\/efectos-de-la-marihuana-en-el-cerebro\/","og_site_name":"Forum Salud Mental Alicante","article_published_time":"2021-10-12T06:08:50+00:00","article_modified_time":"2023-09-27T18:35:33+00:00","og_image":[{"width":600,"height":400,"url":"https:\/\/forummontau.com\/alicante\/wp-content\/uploads\/sites\/8\/2021\/10\/efectos_marihuana_cerebro.jpg","type":"image\/jpeg"}],"author":"Forum Salud Mental Madrid","twitter_card":"summary_large_image","twitter_misc":{"Escrito por":"Forum Salud Mental Madrid","Tiempo de lectura":"4 minutos"},"schema":{"@context":"https:\/\/schema.org","@graph":[{"@type":"Article","@id":"https:\/\/forummontau.com\/alicante\/efectos-de-la-marihuana-en-el-cerebro\/#article","isPartOf":{"@id":"https:\/\/forummontau.com\/alicante\/efectos-de-la-marihuana-en-el-cerebro\/"},"author":{"name":"Forum Salud Mental Madrid","@id":"https:\/\/forummontau.com\/alicante\/#\/schema\/person\/dd79fa1c0ba733edd439998f9d7f5e25"},"headline":"Efectos de la marihuana en el cerebro","datePublished":"2021-10-12T06:08:50+00:00","dateModified":"2023-09-27T18:35:33+00:00","mainEntityOfPage":{"@id":"https:\/\/forummontau.com\/alicante\/efectos-de-la-marihuana-en-el-cerebro\/"},"wordCount":713,"commentCount":0,"publisher":{"@id":"https:\/\/forummontau.com\/alicante\/#organization"},"image":{"@id":"https:\/\/forummontau.com\/alicante\/efectos-de-la-marihuana-en-el-cerebro\/#primaryimage"},"thumbnailUrl":"https:\/\/forummontau.com\/alicante\/wp-content\/uploads\/sites\/8\/2021\/10\/efectos_marihuana_cerebro.jpg","articleSection":["adicciones","Cannabis"],"inLanguage":"es","potentialAction":[{"@type":"CommentAction","name":"Comment","target":["https:\/\/forummontau.com\/alicante\/efectos-de-la-marihuana-en-el-cerebro\/#respond"]}]},{"@type":"WebPage","@id":"https:\/\/forummontau.com\/alicante\/efectos-de-la-marihuana-en-el-cerebro\/","url":"https:\/\/forummontau.com\/alicante\/efectos-de-la-marihuana-en-el-cerebro\/","name":"Efectos de la marihuana en el cerebro - Forum Salud Mental Alicante","isPartOf":{"@id":"https:\/\/forummontau.com\/alicante\/#website"},"primaryImageOfPage":{"@id":"https:\/\/forummontau.com\/alicante\/efectos-de-la-marihuana-en-el-cerebro\/#primaryimage"},"image":{"@id":"https:\/\/forummontau.com\/alicante\/efectos-de-la-marihuana-en-el-cerebro\/#primaryimage"},"thumbnailUrl":"https:\/\/forummontau.com\/alicante\/wp-content\/uploads\/sites\/8\/2021\/10\/efectos_marihuana_cerebro.jpg","datePublished":"2021-10-12T06:08:50+00:00","dateModified":"2023-09-27T18:35:33+00:00","description":"Diferentes investigaciones han manifestado que su consumo puede provocar efectos a largo plazo en el cerebro y la conducta.","breadcrumb":{"@id":"https:\/\/forummontau.com\/alicante\/efectos-de-la-marihuana-en-el-cerebro\/#breadcrumb"},"inLanguage":"es","potentialAction":[{"@type":"ReadAction","target":["https:\/\/forummontau.com\/alicante\/efectos-de-la-marihuana-en-el-cerebro\/"]}]},{"@type":"ImageObject","inLanguage":"es","@id":"https:\/\/forummontau.com\/alicante\/efectos-de-la-marihuana-en-el-cerebro\/#primaryimage","url":"https:\/\/forummontau.com\/alicante\/wp-content\/uploads\/sites\/8\/2021\/10\/efectos_marihuana_cerebro.jpg","contentUrl":"https:\/\/forummontau.com\/alicante\/wp-content\/uploads\/sites\/8\/2021\/10\/efectos_marihuana_cerebro.jpg","width":600,"height":400},{"@type":"BreadcrumbList","@id":"https:\/\/forummontau.com\/alicante\/efectos-de-la-marihuana-en-el-cerebro\/#breadcrumb","itemListElement":[{"@type":"ListItem","position":1,"name":"Portada","item":"https:\/\/forummontau.com\/alicante\/"},{"@type":"ListItem","position":2,"name":"Efectos de la marihuana en el cerebro"}]},{"@type":"WebSite","@id":"https:\/\/forummontau.com\/alicante\/#website","url":"https:\/\/forummontau.com\/alicante\/","name":"Forum Salud Mental Alicante","description":"Centro desintoxicaci\u00f3n y adicciones en Alicante","publisher":{"@id":"https:\/\/forummontau.com\/alicante\/#organization"},"potentialAction":[{"@type":"SearchAction","target":{"@type":"EntryPoint","urlTemplate":"https:\/\/forummontau.com\/alicante\/?s={search_term_string}"},"query-input":{"@type":"PropertyValueSpecification","valueRequired":true,"valueName":"search_term_string"}}],"inLanguage":"es"},{"@type":"Organization","@id":"https:\/\/forummontau.com\/alicante\/#organization","name":"Forum Salud Mental Alicante","url":"https:\/\/forummontau.com\/alicante\/","logo":{"@type":"ImageObject","inLanguage":"es","@id":"https:\/\/forummontau.com\/alicante\/#\/schema\/logo\/image\/","url":"https:\/\/forummontau.com\/alicante\/wp-content\/uploads\/sites\/8\/2020\/02\/forum_alicante_salud.png","contentUrl":"https:\/\/forummontau.com\/alicante\/wp-content\/uploads\/sites\/8\/2020\/02\/forum_alicante_salud.png","width":215,"height":118,"caption":"Forum Salud Mental Alicante"},"image":{"@id":"https:\/\/forummontau.com\/alicante\/#\/schema\/logo\/image\/"}},{"@type":"Person","@id":"https:\/\/forummontau.com\/alicante\/#\/schema\/person\/dd79fa1c0ba733edd439998f9d7f5e25","name":"Forum Salud Mental Madrid","image":{"@type":"ImageObject","inLanguage":"es","@id":"https:\/\/secure.gravatar.com\/avatar\/363495000985f108d724b036bf8fde103c31e3fb6464fc8997f0157fc03f27d8?s=96&d=mm&r=g","url":"https:\/\/secure.gravatar.com\/avatar\/363495000985f108d724b036bf8fde103c31e3fb6464fc8997f0157fc03f27d8?s=96&d=mm&r=g","contentUrl":"https:\/\/secure.gravatar.com\/avatar\/363495000985f108d724b036bf8fde103c31e3fb6464fc8997f0157fc03f27d8?s=96&d=mm&r=g","caption":"Forum Salud Mental Madrid"},"url":"https:\/\/forummontau.com\/alicante\/author\/adiccionma\/"}]}},"_links":{"self":[{"href":"https:\/\/forummontau.com\/alicante\/wp-json\/wp\/v2\/posts\/1065","targetHints":{"allow":["GET"]}}],"collection":[{"href":"https:\/\/forummontau.com\/alicante\/wp-json\/wp\/v2\/posts"}],"about":[{"href":"https:\/\/forummontau.com\/alicante\/wp-json\/wp\/v2\/types\/post"}],"author":[{"embeddable":true,"href":"https:\/\/forummontau.com\/alicante\/wp-json\/wp\/v2\/users\/2"}],"replies":[{"embeddable":true,"href":"https:\/\/forummontau.com\/alicante\/wp-json\/wp\/v2\/comments?post=1065"}],"version-history":[{"count":2,"href":"https:\/\/forummontau.com\/alicante\/wp-json\/wp\/v2\/posts\/1065\/revisions"}],"predecessor-version":[{"id":3143,"href":"https:\/\/forummontau.com\/alicante\/wp-json\/wp\/v2\/posts\/1065\/revisions\/3143"}],"wp:featuredmedia":[{"embeddable":true,"href":"https:\/\/forummontau.com\/alicante\/wp-json\/wp\/v2\/media\/3141"}],"wp:attachment":[{"href":"https:\/\/forummontau.com\/alicante\/wp-json\/wp\/v2\/media?parent=1065"}],"wp:term":[{"taxonomy":"category","embeddable":true,"href":"https:\/\/forummontau.com\/alicante\/wp-json\/wp\/v2\/categories?post=1065"},{"taxonomy":"post_tag","embeddable":true,"href":"https:\/\/forummontau.com\/alicante\/wp-json\/wp\/v2\/tags?post=1065"}],"curies":[{"name":"wp","href":"https:\/\/api.w.org\/{rel}","templated":true}]}}