{"id":1070,"date":"2021-11-08T09:31:41","date_gmt":"2021-11-08T09:31:41","guid":{"rendered":"https:\/\/www.adiccionesalicante.com\/?p=1070"},"modified":"2021-11-08T09:31:44","modified_gmt":"2021-11-08T09:31:44","slug":"desde-el-corazon-de-una-paciente","status":"publish","type":"post","link":"https:\/\/forummontau.com\/alicante\/desde-el-corazon-de-una-paciente\/","title":{"rendered":"Desde el coraz\u00f3n de una paciente"},"content":{"rendered":"\n<p>A la Fundaci\u00f3n F\u00f3rum y F\u00f2rum Terap\u00e8utic Val\u00e8ncia,<br><br>Os escribo porque veo necesario expresaros lo que siento, veo necesario hacer visible la huella que habeis dejado en mi.<br>Entr\u00e9 con vosotros en febrero del 2020, llam\u00e9 por mi misma pidiendo ayuda para poder dejar de consumir y redirigir mi vida, ya que era un desastre. Logr\u00e9 entrar y empezar el tratamiento y fue lo mejor que hice en mi vida, estuve nueve meses con vosotros, nueve meses geniales con los altibajos del tratamiento pero fueron estupendos y por una recaida psicol\u00f3gica y consejo del equipo me tuve que marchar a otro sitio&#8230; se me cay\u00f3 el mundo entero en ese momento.<br><br>He seguido tratamiento en el sitio que me recomendaron, pero no ha sido lo mismo, no me he sentido \u00abcomo en casa\u00bb al igual que hice con vosotros, no tratan la enfermedad de la misma forma y obviamente tampoco tengo el vinculo terap\u00e9utico que tenia en F\u00f2rum y por ello he pedido volver, volver a casa, volver donde empec\u00e9 y seguir reconstruy\u00e9ndome ah\u00ed, en F\u00f2rum Valencia, con mis terapeutas, con mis compa\u00f1eros, no sabeis lo que he echado de menos escuchar la voz de\u00a0Laura\u00a0d\u00e1ndome consejos y decirle:\u00a0\u00abLaura\u00a0repitemelo que no te escucho bien\u00bb, ni lo que echo de menos volver a pisar el local donde est\u00e1is ubicados o hablar con Mar\u00eda y Sento (aunque Sento no est\u00e9 en Valencia) o con Isabel y que me digan las verdades a la cara aunque duelan mientras sean por mi bien, ver documentales, comer algun dia all\u00ed, jugar al parchis despu\u00e9s de comer o hacer talleres de asertividad y mil cosas m\u00e1s.<\/p>\n\n\n\n<p>En general no os imaginais lo que echo de menos llevar el tratamiento alli, porque lo quiero hacer bien, esto es duro, con sus momentos bonitos pero no es f\u00e1cil y no quiero hacerlo dos veces, quiero hacerlo una vez y bien hecho y el \u00fanico lugar donde lo puedo hacer es con vosotros, no me siento parte de ning\u00fan otro centro &#8230; he aguantado estos diez meses en otro sitio por no abandonar despu\u00e9s del camino que ya hab\u00eda andado pero no me he sentido igual mi coraz\u00f3n no late de la misma manera en un sitio y en otro y el tratamiento no lo llevo igual, ya lo pens\u00e9 cuando entr\u00e9 y lo sigo pensando ahora, mi casa est\u00e1 en F\u00f2rum y si debo estar en alg\u00fan sitio es ahi.<\/p>\n\n\n\n<p>Gracias por leerme.<br>Gracias de coraz\u00f3n.<\/p>\n\n\n\n<p>Una paciente.<\/p>\n","protected":false},"excerpt":{"rendered":"<p>A la Fundaci\u00f3n F\u00f3rum y F\u00f2rum Terap\u00e8utic Val\u00e8ncia, Os escribo porque veo necesario expresaros lo que siento, veo necesario hacer visible la huella que habeis dejado en mi.Entr\u00e9 con vosotros en febrero del 2020, llam\u00e9 por mi misma pidiendo ayuda para poder dejar de consumir y redirigir mi vida, ya que era un desastre. Logr\u00e9 [&hellip;]<\/p>\n","protected":false},"author":2,"featured_media":1071,"comment_status":"open","ping_status":"open","sticky":false,"template":"","format":"standard","meta":{"ocean_post_layout":"","ocean_both_sidebars_style":"","ocean_both_sidebars_content_width":0,"ocean_both_sidebars_sidebars_width":0,"ocean_sidebar":"0","ocean_second_sidebar":"0","ocean_disable_margins":"enable","ocean_add_body_class":"","ocean_shortcode_before_top_bar":"","ocean_shortcode_after_top_bar":"","ocean_shortcode_before_header":"","ocean_shortcode_after_header":"","ocean_has_shortcode":"","ocean_shortcode_after_title":"","ocean_shortcode_before_footer_widgets":"","ocean_shortcode_after_footer_widgets":"","ocean_shortcode_before_footer_bottom":"","ocean_shortcode_after_footer_bottom":"","ocean_display_top_bar":"default","ocean_display_header":"default","ocean_header_style":"","ocean_center_header_left_menu":"0","ocean_custom_header_template":"0","ocean_custom_logo":0,"ocean_custom_retina_logo":0,"ocean_custom_logo_max_width":0,"ocean_custom_logo_tablet_max_width":0,"ocean_custom_logo_mobile_max_width":0,"ocean_custom_logo_max_height":0,"ocean_custom_logo_tablet_max_height":0,"ocean_custom_logo_mobile_max_height":0,"ocean_header_custom_menu":"0","ocean_menu_typo_font_family":"0","ocean_menu_typo_font_subset":"","ocean_menu_typo_font_size":0,"ocean_menu_typo_font_size_tablet":0,"ocean_menu_typo_font_size_mobile":0,"ocean_menu_typo_font_size_unit":"px","ocean_menu_typo_font_weight":"","ocean_menu_typo_font_weight_tablet":"","ocean_menu_typo_font_weight_mobile":"","ocean_menu_typo_transform":"","ocean_menu_typo_transform_tablet":"","ocean_menu_typo_transform_mobile":"","ocean_menu_typo_line_height":0,"ocean_menu_typo_line_height_tablet":0,"ocean_menu_typo_line_height_mobile":0,"ocean_menu_typo_line_height_unit":"","ocean_menu_typo_spacing":0,"ocean_menu_typo_spacing_tablet":0,"ocean_menu_typo_spacing_mobile":0,"ocean_menu_typo_spacing_unit":"","ocean_menu_link_color":"","ocean_menu_link_color_hover":"","ocean_menu_link_color_active":"","ocean_menu_link_background":"","ocean_menu_link_hover_background":"","ocean_menu_link_active_background":"","ocean_menu_social_links_bg":"","ocean_menu_social_hover_links_bg":"","ocean_menu_social_links_color":"","ocean_menu_social_hover_links_color":"","ocean_disable_title":"on","ocean_disable_heading":"default","ocean_post_title":"","ocean_post_subheading":"","ocean_post_title_style":"","ocean_post_title_background_color":"","ocean_post_title_background":0,"ocean_post_title_bg_image_position":"","ocean_post_title_bg_image_attachment":"","ocean_post_title_bg_image_repeat":"","ocean_post_title_bg_image_size":"","ocean_post_title_height":0,"ocean_post_title_bg_overlay":0.5,"ocean_post_title_bg_overlay_color":"","ocean_disable_breadcrumbs":"default","ocean_breadcrumbs_color":"","ocean_breadcrumbs_separator_color":"","ocean_breadcrumbs_links_color":"","ocean_breadcrumbs_links_hover_color":"","ocean_display_footer_widgets":"default","ocean_display_footer_bottom":"default","ocean_custom_footer_template":"0","ocean_post_oembed":"","ocean_post_self_hosted_media":"","ocean_post_video_embed":"","ocean_link_format":"","ocean_link_format_target":"self","ocean_quote_format":"","ocean_quote_format_link":"post","ocean_gallery_link_images":"off","ocean_gallery_id":[],"footnotes":""},"categories":[6],"tags":[],"class_list":["post-1070","post","type-post","status-publish","format-standard","has-post-thumbnail","hentry","category-adicciones","entry","has-media"],"yoast_head":"<!-- This site is optimized with the Yoast SEO plugin v27.5 - https:\/\/yoast.com\/product\/yoast-seo-wordpress\/ -->\n<title>Desde el coraz\u00f3n de una paciente - Forum Salud Mental Alicante<\/title>\n<meta name=\"description\" content=\"Esta es la carta que nos mand\u00f3 una paciente de Forum Terapeutic Valencia. Gracias a ti, de coraz\u00f3n por estas palabras.\" \/>\n<meta name=\"robots\" content=\"index, follow, max-snippet:-1, max-image-preview:large, max-video-preview:-1\" \/>\n<link rel=\"canonical\" href=\"https:\/\/forummontau.com\/alicante\/desde-el-corazon-de-una-paciente\/\" \/>\n<meta property=\"og:locale\" content=\"es_ES\" \/>\n<meta property=\"og:type\" content=\"article\" \/>\n<meta property=\"og:title\" content=\"Desde el coraz\u00f3n de una paciente - Forum Salud Mental Alicante\" \/>\n<meta property=\"og:description\" content=\"Esta es la carta que nos mand\u00f3 una paciente de Forum Terapeutic Valencia. Gracias a ti, de coraz\u00f3n por estas palabras.\" \/>\n<meta property=\"og:url\" content=\"https:\/\/forummontau.com\/alicante\/desde-el-corazon-de-una-paciente\/\" \/>\n<meta property=\"og:site_name\" content=\"Forum Salud Mental Alicante\" \/>\n<meta property=\"article:published_time\" content=\"2021-11-08T09:31:41+00:00\" \/>\n<meta property=\"article:modified_time\" content=\"2021-11-08T09:31:44+00:00\" \/>\n<meta property=\"og:image\" content=\"https:\/\/forummontau.com\/alicante\/wp-content\/uploads\/sites\/8\/2021\/11\/desdeelcorazondelpaciente.jpg\" \/>\n\t<meta property=\"og:image:width\" content=\"600\" \/>\n\t<meta property=\"og:image:height\" content=\"360\" \/>\n\t<meta property=\"og:image:type\" content=\"image\/jpeg\" \/>\n<meta name=\"author\" content=\"Forum Salud Mental Madrid\" \/>\n<meta name=\"twitter:card\" content=\"summary_large_image\" \/>\n<meta name=\"twitter:label1\" content=\"Escrito por\" \/>\n\t<meta name=\"twitter:data1\" content=\"Forum Salud Mental Madrid\" \/>\n\t<meta name=\"twitter:label2\" content=\"Tiempo de lectura\" \/>\n\t<meta name=\"twitter:data2\" content=\"2 minutos\" \/>\n<script type=\"application\/ld+json\" class=\"yoast-schema-graph\">{\"@context\":\"https:\\\/\\\/schema.org\",\"@graph\":[{\"@type\":\"Article\",\"@id\":\"https:\\\/\\\/forummontau.com\\\/alicante\\\/desde-el-corazon-de-una-paciente\\\/#article\",\"isPartOf\":{\"@id\":\"https:\\\/\\\/forummontau.com\\\/alicante\\\/desde-el-corazon-de-una-paciente\\\/\"},\"author\":{\"name\":\"Forum Salud Mental Madrid\",\"@id\":\"https:\\\/\\\/forummontau.com\\\/alicante\\\/#\\\/schema\\\/person\\\/dd79fa1c0ba733edd439998f9d7f5e25\"},\"headline\":\"Desde el coraz\u00f3n de una paciente\",\"datePublished\":\"2021-11-08T09:31:41+00:00\",\"dateModified\":\"2021-11-08T09:31:44+00:00\",\"mainEntityOfPage\":{\"@id\":\"https:\\\/\\\/forummontau.com\\\/alicante\\\/desde-el-corazon-de-una-paciente\\\/\"},\"wordCount\":442,\"commentCount\":0,\"publisher\":{\"@id\":\"https:\\\/\\\/forummontau.com\\\/alicante\\\/#organization\"},\"image\":{\"@id\":\"https:\\\/\\\/forummontau.com\\\/alicante\\\/desde-el-corazon-de-una-paciente\\\/#primaryimage\"},\"thumbnailUrl\":\"https:\\\/\\\/forummontau.com\\\/alicante\\\/wp-content\\\/uploads\\\/sites\\\/8\\\/2021\\\/11\\\/desdeelcorazondelpaciente.jpg\",\"articleSection\":[\"adicciones\"],\"inLanguage\":\"es\",\"potentialAction\":[{\"@type\":\"CommentAction\",\"name\":\"Comment\",\"target\":[\"https:\\\/\\\/forummontau.com\\\/alicante\\\/desde-el-corazon-de-una-paciente\\\/#respond\"]}]},{\"@type\":\"WebPage\",\"@id\":\"https:\\\/\\\/forummontau.com\\\/alicante\\\/desde-el-corazon-de-una-paciente\\\/\",\"url\":\"https:\\\/\\\/forummontau.com\\\/alicante\\\/desde-el-corazon-de-una-paciente\\\/\",\"name\":\"Desde el coraz\u00f3n de una paciente - Forum Salud Mental Alicante\",\"isPartOf\":{\"@id\":\"https:\\\/\\\/forummontau.com\\\/alicante\\\/#website\"},\"primaryImageOfPage\":{\"@id\":\"https:\\\/\\\/forummontau.com\\\/alicante\\\/desde-el-corazon-de-una-paciente\\\/#primaryimage\"},\"image\":{\"@id\":\"https:\\\/\\\/forummontau.com\\\/alicante\\\/desde-el-corazon-de-una-paciente\\\/#primaryimage\"},\"thumbnailUrl\":\"https:\\\/\\\/forummontau.com\\\/alicante\\\/wp-content\\\/uploads\\\/sites\\\/8\\\/2021\\\/11\\\/desdeelcorazondelpaciente.jpg\",\"datePublished\":\"2021-11-08T09:31:41+00:00\",\"dateModified\":\"2021-11-08T09:31:44+00:00\",\"description\":\"Esta es la carta que nos mand\u00f3 una paciente de Forum Terapeutic Valencia. Gracias a ti, de coraz\u00f3n por estas palabras.\",\"breadcrumb\":{\"@id\":\"https:\\\/\\\/forummontau.com\\\/alicante\\\/desde-el-corazon-de-una-paciente\\\/#breadcrumb\"},\"inLanguage\":\"es\",\"potentialAction\":[{\"@type\":\"ReadAction\",\"target\":[\"https:\\\/\\\/forummontau.com\\\/alicante\\\/desde-el-corazon-de-una-paciente\\\/\"]}]},{\"@type\":\"ImageObject\",\"inLanguage\":\"es\",\"@id\":\"https:\\\/\\\/forummontau.com\\\/alicante\\\/desde-el-corazon-de-una-paciente\\\/#primaryimage\",\"url\":\"https:\\\/\\\/forummontau.com\\\/alicante\\\/wp-content\\\/uploads\\\/sites\\\/8\\\/2021\\\/11\\\/desdeelcorazondelpaciente.jpg\",\"contentUrl\":\"https:\\\/\\\/forummontau.com\\\/alicante\\\/wp-content\\\/uploads\\\/sites\\\/8\\\/2021\\\/11\\\/desdeelcorazondelpaciente.jpg\",\"width\":600,\"height\":360},{\"@type\":\"BreadcrumbList\",\"@id\":\"https:\\\/\\\/forummontau.com\\\/alicante\\\/desde-el-corazon-de-una-paciente\\\/#breadcrumb\",\"itemListElement\":[{\"@type\":\"ListItem\",\"position\":1,\"name\":\"Portada\",\"item\":\"https:\\\/\\\/forummontau.com\\\/alicante\\\/\"},{\"@type\":\"ListItem\",\"position\":2,\"name\":\"Desde el coraz\u00f3n de una paciente\"}]},{\"@type\":\"WebSite\",\"@id\":\"https:\\\/\\\/forummontau.com\\\/alicante\\\/#website\",\"url\":\"https:\\\/\\\/forummontau.com\\\/alicante\\\/\",\"name\":\"Forum Salud Mental Alicante\",\"description\":\"Centro desintoxicaci\u00f3n y adicciones en Alicante\",\"publisher\":{\"@id\":\"https:\\\/\\\/forummontau.com\\\/alicante\\\/#organization\"},\"potentialAction\":[{\"@type\":\"SearchAction\",\"target\":{\"@type\":\"EntryPoint\",\"urlTemplate\":\"https:\\\/\\\/forummontau.com\\\/alicante\\\/?s={search_term_string}\"},\"query-input\":{\"@type\":\"PropertyValueSpecification\",\"valueRequired\":true,\"valueName\":\"search_term_string\"}}],\"inLanguage\":\"es\"},{\"@type\":\"Organization\",\"@id\":\"https:\\\/\\\/forummontau.com\\\/alicante\\\/#organization\",\"name\":\"Forum Salud Mental Alicante\",\"url\":\"https:\\\/\\\/forummontau.com\\\/alicante\\\/\",\"logo\":{\"@type\":\"ImageObject\",\"inLanguage\":\"es\",\"@id\":\"https:\\\/\\\/forummontau.com\\\/alicante\\\/#\\\/schema\\\/logo\\\/image\\\/\",\"url\":\"https:\\\/\\\/forummontau.com\\\/alicante\\\/wp-content\\\/uploads\\\/sites\\\/8\\\/2020\\\/02\\\/forum_alicante_salud.png\",\"contentUrl\":\"https:\\\/\\\/forummontau.com\\\/alicante\\\/wp-content\\\/uploads\\\/sites\\\/8\\\/2020\\\/02\\\/forum_alicante_salud.png\",\"width\":215,\"height\":118,\"caption\":\"Forum Salud Mental Alicante\"},\"image\":{\"@id\":\"https:\\\/\\\/forummontau.com\\\/alicante\\\/#\\\/schema\\\/logo\\\/image\\\/\"}},{\"@type\":\"Person\",\"@id\":\"https:\\\/\\\/forummontau.com\\\/alicante\\\/#\\\/schema\\\/person\\\/dd79fa1c0ba733edd439998f9d7f5e25\",\"name\":\"Forum Salud Mental Madrid\",\"image\":{\"@type\":\"ImageObject\",\"inLanguage\":\"es\",\"@id\":\"https:\\\/\\\/secure.gravatar.com\\\/avatar\\\/363495000985f108d724b036bf8fde103c31e3fb6464fc8997f0157fc03f27d8?s=96&d=mm&r=g\",\"url\":\"https:\\\/\\\/secure.gravatar.com\\\/avatar\\\/363495000985f108d724b036bf8fde103c31e3fb6464fc8997f0157fc03f27d8?s=96&d=mm&r=g\",\"contentUrl\":\"https:\\\/\\\/secure.gravatar.com\\\/avatar\\\/363495000985f108d724b036bf8fde103c31e3fb6464fc8997f0157fc03f27d8?s=96&d=mm&r=g\",\"caption\":\"Forum Salud Mental Madrid\"},\"url\":\"https:\\\/\\\/forummontau.com\\\/alicante\\\/author\\\/adiccionma\\\/\"}]}<\/script>\n<!-- \/ Yoast SEO plugin. -->","yoast_head_json":{"title":"Desde el coraz\u00f3n de una paciente - Forum Salud Mental Alicante","description":"Esta es la carta que nos mand\u00f3 una paciente de Forum Terapeutic Valencia. Gracias a ti, de coraz\u00f3n por estas palabras.","robots":{"index":"index","follow":"follow","max-snippet":"max-snippet:-1","max-image-preview":"max-image-preview:large","max-video-preview":"max-video-preview:-1"},"canonical":"https:\/\/forummontau.com\/alicante\/desde-el-corazon-de-una-paciente\/","og_locale":"es_ES","og_type":"article","og_title":"Desde el coraz\u00f3n de una paciente - Forum Salud Mental Alicante","og_description":"Esta es la carta que nos mand\u00f3 una paciente de Forum Terapeutic Valencia. Gracias a ti, de coraz\u00f3n por estas palabras.","og_url":"https:\/\/forummontau.com\/alicante\/desde-el-corazon-de-una-paciente\/","og_site_name":"Forum Salud Mental Alicante","article_published_time":"2021-11-08T09:31:41+00:00","article_modified_time":"2021-11-08T09:31:44+00:00","og_image":[{"width":600,"height":360,"url":"https:\/\/forummontau.com\/alicante\/wp-content\/uploads\/sites\/8\/2021\/11\/desdeelcorazondelpaciente.jpg","type":"image\/jpeg"}],"author":"Forum Salud Mental Madrid","twitter_card":"summary_large_image","twitter_misc":{"Escrito por":"Forum Salud Mental Madrid","Tiempo de lectura":"2 minutos"},"schema":{"@context":"https:\/\/schema.org","@graph":[{"@type":"Article","@id":"https:\/\/forummontau.com\/alicante\/desde-el-corazon-de-una-paciente\/#article","isPartOf":{"@id":"https:\/\/forummontau.com\/alicante\/desde-el-corazon-de-una-paciente\/"},"author":{"name":"Forum Salud Mental Madrid","@id":"https:\/\/forummontau.com\/alicante\/#\/schema\/person\/dd79fa1c0ba733edd439998f9d7f5e25"},"headline":"Desde el coraz\u00f3n de una paciente","datePublished":"2021-11-08T09:31:41+00:00","dateModified":"2021-11-08T09:31:44+00:00","mainEntityOfPage":{"@id":"https:\/\/forummontau.com\/alicante\/desde-el-corazon-de-una-paciente\/"},"wordCount":442,"commentCount":0,"publisher":{"@id":"https:\/\/forummontau.com\/alicante\/#organization"},"image":{"@id":"https:\/\/forummontau.com\/alicante\/desde-el-corazon-de-una-paciente\/#primaryimage"},"thumbnailUrl":"https:\/\/forummontau.com\/alicante\/wp-content\/uploads\/sites\/8\/2021\/11\/desdeelcorazondelpaciente.jpg","articleSection":["adicciones"],"inLanguage":"es","potentialAction":[{"@type":"CommentAction","name":"Comment","target":["https:\/\/forummontau.com\/alicante\/desde-el-corazon-de-una-paciente\/#respond"]}]},{"@type":"WebPage","@id":"https:\/\/forummontau.com\/alicante\/desde-el-corazon-de-una-paciente\/","url":"https:\/\/forummontau.com\/alicante\/desde-el-corazon-de-una-paciente\/","name":"Desde el coraz\u00f3n de una paciente - Forum Salud Mental Alicante","isPartOf":{"@id":"https:\/\/forummontau.com\/alicante\/#website"},"primaryImageOfPage":{"@id":"https:\/\/forummontau.com\/alicante\/desde-el-corazon-de-una-paciente\/#primaryimage"},"image":{"@id":"https:\/\/forummontau.com\/alicante\/desde-el-corazon-de-una-paciente\/#primaryimage"},"thumbnailUrl":"https:\/\/forummontau.com\/alicante\/wp-content\/uploads\/sites\/8\/2021\/11\/desdeelcorazondelpaciente.jpg","datePublished":"2021-11-08T09:31:41+00:00","dateModified":"2021-11-08T09:31:44+00:00","description":"Esta es la carta que nos mand\u00f3 una paciente de Forum Terapeutic Valencia. Gracias a ti, de coraz\u00f3n por estas palabras.","breadcrumb":{"@id":"https:\/\/forummontau.com\/alicante\/desde-el-corazon-de-una-paciente\/#breadcrumb"},"inLanguage":"es","potentialAction":[{"@type":"ReadAction","target":["https:\/\/forummontau.com\/alicante\/desde-el-corazon-de-una-paciente\/"]}]},{"@type":"ImageObject","inLanguage":"es","@id":"https:\/\/forummontau.com\/alicante\/desde-el-corazon-de-una-paciente\/#primaryimage","url":"https:\/\/forummontau.com\/alicante\/wp-content\/uploads\/sites\/8\/2021\/11\/desdeelcorazondelpaciente.jpg","contentUrl":"https:\/\/forummontau.com\/alicante\/wp-content\/uploads\/sites\/8\/2021\/11\/desdeelcorazondelpaciente.jpg","width":600,"height":360},{"@type":"BreadcrumbList","@id":"https:\/\/forummontau.com\/alicante\/desde-el-corazon-de-una-paciente\/#breadcrumb","itemListElement":[{"@type":"ListItem","position":1,"name":"Portada","item":"https:\/\/forummontau.com\/alicante\/"},{"@type":"ListItem","position":2,"name":"Desde el coraz\u00f3n de una paciente"}]},{"@type":"WebSite","@id":"https:\/\/forummontau.com\/alicante\/#website","url":"https:\/\/forummontau.com\/alicante\/","name":"Forum Salud Mental Alicante","description":"Centro desintoxicaci\u00f3n y adicciones en Alicante","publisher":{"@id":"https:\/\/forummontau.com\/alicante\/#organization"},"potentialAction":[{"@type":"SearchAction","target":{"@type":"EntryPoint","urlTemplate":"https:\/\/forummontau.com\/alicante\/?s={search_term_string}"},"query-input":{"@type":"PropertyValueSpecification","valueRequired":true,"valueName":"search_term_string"}}],"inLanguage":"es"},{"@type":"Organization","@id":"https:\/\/forummontau.com\/alicante\/#organization","name":"Forum Salud Mental Alicante","url":"https:\/\/forummontau.com\/alicante\/","logo":{"@type":"ImageObject","inLanguage":"es","@id":"https:\/\/forummontau.com\/alicante\/#\/schema\/logo\/image\/","url":"https:\/\/forummontau.com\/alicante\/wp-content\/uploads\/sites\/8\/2020\/02\/forum_alicante_salud.png","contentUrl":"https:\/\/forummontau.com\/alicante\/wp-content\/uploads\/sites\/8\/2020\/02\/forum_alicante_salud.png","width":215,"height":118,"caption":"Forum Salud Mental Alicante"},"image":{"@id":"https:\/\/forummontau.com\/alicante\/#\/schema\/logo\/image\/"}},{"@type":"Person","@id":"https:\/\/forummontau.com\/alicante\/#\/schema\/person\/dd79fa1c0ba733edd439998f9d7f5e25","name":"Forum Salud Mental Madrid","image":{"@type":"ImageObject","inLanguage":"es","@id":"https:\/\/secure.gravatar.com\/avatar\/363495000985f108d724b036bf8fde103c31e3fb6464fc8997f0157fc03f27d8?s=96&d=mm&r=g","url":"https:\/\/secure.gravatar.com\/avatar\/363495000985f108d724b036bf8fde103c31e3fb6464fc8997f0157fc03f27d8?s=96&d=mm&r=g","contentUrl":"https:\/\/secure.gravatar.com\/avatar\/363495000985f108d724b036bf8fde103c31e3fb6464fc8997f0157fc03f27d8?s=96&d=mm&r=g","caption":"Forum Salud Mental Madrid"},"url":"https:\/\/forummontau.com\/alicante\/author\/adiccionma\/"}]}},"_links":{"self":[{"href":"https:\/\/forummontau.com\/alicante\/wp-json\/wp\/v2\/posts\/1070","targetHints":{"allow":["GET"]}}],"collection":[{"href":"https:\/\/forummontau.com\/alicante\/wp-json\/wp\/v2\/posts"}],"about":[{"href":"https:\/\/forummontau.com\/alicante\/wp-json\/wp\/v2\/types\/post"}],"author":[{"embeddable":true,"href":"https:\/\/forummontau.com\/alicante\/wp-json\/wp\/v2\/users\/2"}],"replies":[{"embeddable":true,"href":"https:\/\/forummontau.com\/alicante\/wp-json\/wp\/v2\/comments?post=1070"}],"version-history":[{"count":1,"href":"https:\/\/forummontau.com\/alicante\/wp-json\/wp\/v2\/posts\/1070\/revisions"}],"predecessor-version":[{"id":1072,"href":"https:\/\/forummontau.com\/alicante\/wp-json\/wp\/v2\/posts\/1070\/revisions\/1072"}],"wp:featuredmedia":[{"embeddable":true,"href":"https:\/\/forummontau.com\/alicante\/wp-json\/wp\/v2\/media\/1071"}],"wp:attachment":[{"href":"https:\/\/forummontau.com\/alicante\/wp-json\/wp\/v2\/media?parent=1070"}],"wp:term":[{"taxonomy":"category","embeddable":true,"href":"https:\/\/forummontau.com\/alicante\/wp-json\/wp\/v2\/categories?post=1070"},{"taxonomy":"post_tag","embeddable":true,"href":"https:\/\/forummontau.com\/alicante\/wp-json\/wp\/v2\/tags?post=1070"}],"curies":[{"name":"wp","href":"https:\/\/api.w.org\/{rel}","templated":true}]}}