{"id":1294,"date":"2023-02-06T15:19:30","date_gmt":"2023-02-06T15:19:30","guid":{"rendered":"https:\/\/www.adiccionesalicante.com\/?p=1294"},"modified":"2023-02-07T10:05:28","modified_gmt":"2023-02-07T10:05:28","slug":"trastornos-del-sueno-por-consumo-de-drogas","status":"publish","type":"post","link":"https:\/\/forummontau.com\/alicante\/trastornos-del-sueno-por-consumo-de-drogas\/","title":{"rendered":"Trastornos del sue\u00f1o por consumo de drogas"},"content":{"rendered":"\n<p>Para interpretar cualquier tipo de adicci\u00f3n, es necesario comprender que m\u00e1s all\u00e1 de la sustancia a la que una persona sea adicta, la adicci\u00f3n repercutir\u00e1 en todos y cada uno los \u00e1mbitos de su vida.<\/p>\n\n\n\n<p>Las adicciones afectan las relaciones sociales, las relaciones laborales, las facultades mentales, la forma en la que nos relacionamos con otros, el temperamento, la alimentaci\u00f3n y puede ocasionar m\u00faltiples trastornos como depresi\u00f3n y ansiedad.<\/p>\n\n\n\n<p>Otro factor, no siempre tratado que se ve afectado en quienes consumen drogas regularmente, es el sue\u00f1o.&nbsp;<\/p>\n\n\n\n<p>Las drogas causan problemas para dormir, pero el insomnio y la falta de sue\u00f1o tambi\u00e9n son factores que aumentan el riesgo de que una persona consuma drogas.<\/p>\n\n\n\n<p>El consumo de drogas puede tener un impacto negativo en la calidad y regularidad del sue\u00f1o. Algunas drogas, como la marihuana, la coca\u00edna y la metanfetamina, pueden alterar los patrones de sue\u00f1o naturales y causar insomnio, alteraci\u00f3n de los sue\u00f1os y despertares frecuentes durante la noche. Adem\u00e1s, el abuso de estas sustancias puede exacerbar los s\u00edntomas de los trastornos del sue\u00f1o preexistentes.<\/p>\n\n\n\n<p>El uso a largo plazo de drogas tambi\u00e9n puede aumentar el riesgo de desarrollar trastornos del sue\u00f1o cr\u00f3nicos. Por ejemplo, el abuso de coca\u00edna o metanfetamina puede causar insomnio cr\u00f3nico y alteraciones en los patrones de sue\u00f1o.<\/p>\n\n\n\n<p>Adem\u00e1s, la interrupci\u00f3n del sue\u00f1o puede aumentar el riesgo de abuso de drogas, ya que las personas pueden recurrir a ellas para tratar de mejorar su sue\u00f1o. Sin embargo, esto solo empeorar\u00e1 la situaci\u00f3n a largo plazo y puede llevar a una dependencia de las drogas.<\/p>\n\n\n\n<h2 class=\"wp-block-heading\">Trastornos en el sue\u00f1o relacionados con los diferentes tipos de drogas:<\/h2>\n\n\n\n<h3 class=\"wp-block-heading\"><strong>Coca\u00edna y anfetaminas&nbsp;<\/strong><\/h3>\n\n\n\n<p>Son las drogas que causan mayor aumento de dopamina y, por lo tanto, las m\u00e1s propensas a ocasionar en sus consumidores la privaci\u00f3n del sue\u00f1o, ocasionando que la persona sea m\u00e1s impulsiva y vulnerable al consumo de drogas.<\/p>\n\n\n\n<h3 class=\"wp-block-heading\"><strong>Marihuana<\/strong><\/h3>\n\n\n\n<p>Esta droga interact\u00faa con el sistema endocannabinoide de nuestro cuerpo&nbsp; adhiri\u00e9ndose a los receptores cannabinoides, sistema que participa en la regulaci\u00f3n del ciclo de sue\u00f1o. Es por ello que la abstinencia de marihuana puede generar problemas para dormir, llevando a que muchas personas retomen el consumo alegando que los ayuda a conciliar el sue\u00f1o.<\/p>\n\n\n\n<h3 class=\"wp-block-heading\"><strong>Opioides<\/strong><\/h3>\n\n\n\n<p>Si bien los opioides como la hero\u00edna pueden causar somnolencia, tambi\u00e9n alterar el sue\u00f1o ya que aumentan las transiciones entre las diferentes fases del sue\u00f1o, siendo esto m\u00e1s notorio en personas en etapas de abstinencia.<\/p>\n\n\n\n<h3 class=\"wp-block-heading\"><strong>Alcohol<\/strong><\/h3>\n\n\n\n<p>Si bien esta droga tambi\u00e9n puede causar sue\u00f1o al ser consumida de forma puntual, en el largo plazo el consumo excesivo genera problemas a la hora de dormir tales como despertares nocturnos y disminuci\u00f3n en la latencia del sue\u00f1o, as\u00ed como tambi\u00e9n un sue\u00f1o m\u00e1s fraccionado.<\/p>\n\n\n\n<p>Si tienes problemas con las drogas y trastornos del sue\u00f1o, busca ayuda profesional.<\/p>\n","protected":false},"excerpt":{"rendered":"<p>Para interpretar cualquier tipo de adicci\u00f3n, es necesario comprender que m\u00e1s all\u00e1 de la sustancia a la que una persona sea adicta, la adicci\u00f3n repercutir\u00e1 en todos y cada uno los \u00e1mbitos de su vida. Las adicciones afectan las relaciones sociales, las relaciones laborales, las facultades mentales, la forma en la que nos relacionamos con [&hellip;]<\/p>\n","protected":false},"author":2,"featured_media":1295,"comment_status":"open","ping_status":"open","sticky":false,"template":"","format":"standard","meta":{"ocean_post_layout":"","ocean_both_sidebars_style":"","ocean_both_sidebars_content_width":0,"ocean_both_sidebars_sidebars_width":0,"ocean_sidebar":"0","ocean_second_sidebar":"0","ocean_disable_margins":"enable","ocean_add_body_class":"","ocean_shortcode_before_top_bar":"","ocean_shortcode_after_top_bar":"","ocean_shortcode_before_header":"","ocean_shortcode_after_header":"","ocean_has_shortcode":"","ocean_shortcode_after_title":"","ocean_shortcode_before_footer_widgets":"","ocean_shortcode_after_footer_widgets":"","ocean_shortcode_before_footer_bottom":"","ocean_shortcode_after_footer_bottom":"","ocean_display_top_bar":"default","ocean_display_header":"default","ocean_header_style":"","ocean_center_header_left_menu":"0","ocean_custom_header_template":"0","ocean_custom_logo":0,"ocean_custom_retina_logo":0,"ocean_custom_logo_max_width":0,"ocean_custom_logo_tablet_max_width":0,"ocean_custom_logo_mobile_max_width":0,"ocean_custom_logo_max_height":0,"ocean_custom_logo_tablet_max_height":0,"ocean_custom_logo_mobile_max_height":0,"ocean_header_custom_menu":"0","ocean_menu_typo_font_family":"0","ocean_menu_typo_font_subset":"","ocean_menu_typo_font_size":0,"ocean_menu_typo_font_size_tablet":0,"ocean_menu_typo_font_size_mobile":0,"ocean_menu_typo_font_size_unit":"px","ocean_menu_typo_font_weight":"","ocean_menu_typo_font_weight_tablet":"","ocean_menu_typo_font_weight_mobile":"","ocean_menu_typo_transform":"","ocean_menu_typo_transform_tablet":"","ocean_menu_typo_transform_mobile":"","ocean_menu_typo_line_height":0,"ocean_menu_typo_line_height_tablet":0,"ocean_menu_typo_line_height_mobile":0,"ocean_menu_typo_line_height_unit":"","ocean_menu_typo_spacing":0,"ocean_menu_typo_spacing_tablet":0,"ocean_menu_typo_spacing_mobile":0,"ocean_menu_typo_spacing_unit":"","ocean_menu_link_color":"","ocean_menu_link_color_hover":"","ocean_menu_link_color_active":"","ocean_menu_link_background":"","ocean_menu_link_hover_background":"","ocean_menu_link_active_background":"","ocean_menu_social_links_bg":"","ocean_menu_social_hover_links_bg":"","ocean_menu_social_links_color":"","ocean_menu_social_hover_links_color":"","ocean_disable_title":"on","ocean_disable_heading":"default","ocean_post_title":"","ocean_post_subheading":"","ocean_post_title_style":"","ocean_post_title_background_color":"","ocean_post_title_background":0,"ocean_post_title_bg_image_position":"","ocean_post_title_bg_image_attachment":"","ocean_post_title_bg_image_repeat":"","ocean_post_title_bg_image_size":"","ocean_post_title_height":0,"ocean_post_title_bg_overlay":0.5,"ocean_post_title_bg_overlay_color":"","ocean_disable_breadcrumbs":"default","ocean_breadcrumbs_color":"","ocean_breadcrumbs_separator_color":"","ocean_breadcrumbs_links_color":"","ocean_breadcrumbs_links_hover_color":"","ocean_display_footer_widgets":"default","ocean_display_footer_bottom":"default","ocean_custom_footer_template":"0","ocean_post_oembed":"","ocean_post_self_hosted_media":"","ocean_post_video_embed":"","ocean_link_format":"","ocean_link_format_target":"self","ocean_quote_format":"","ocean_quote_format_link":"post","ocean_gallery_link_images":"off","ocean_gallery_id":[],"footnotes":""},"categories":[6,31,11,32],"tags":[],"class_list":["post-1294","post","type-post","status-publish","format-standard","has-post-thumbnail","hentry","category-adicciones","category-dopamina","category-drogas","category-trastorno-del-sueno","entry","has-media"],"yoast_head":"<!-- This site is optimized with the Yoast SEO plugin v27.4 - https:\/\/yoast.com\/product\/yoast-seo-wordpress\/ -->\n<title>Trastornos del sue\u00f1o por consumo de drogas - Forum Salud Mental Alicante<\/title>\n<meta name=\"description\" content=\"Las drogas causan problemas para dormir, pero el insomnio y la falta de sue\u00f1o tambi\u00e9n son factores que aumentan el riesgo de que una persona consuma drogas.\" \/>\n<meta name=\"robots\" content=\"index, follow, max-snippet:-1, max-image-preview:large, max-video-preview:-1\" \/>\n<link rel=\"canonical\" href=\"https:\/\/forummontau.com\/alicante\/trastornos-del-sueno-por-consumo-de-drogas\/\" \/>\n<meta property=\"og:locale\" content=\"es_ES\" \/>\n<meta property=\"og:type\" content=\"article\" \/>\n<meta property=\"og:title\" content=\"Trastornos del sue\u00f1o por consumo de drogas - Forum Salud Mental Alicante\" \/>\n<meta property=\"og:description\" content=\"Las drogas causan problemas para dormir, pero el insomnio y la falta de sue\u00f1o tambi\u00e9n son factores que aumentan el riesgo de que una persona consuma drogas.\" \/>\n<meta property=\"og:url\" content=\"https:\/\/forummontau.com\/alicante\/trastornos-del-sueno-por-consumo-de-drogas\/\" \/>\n<meta property=\"og:site_name\" content=\"Forum Salud Mental Alicante\" \/>\n<meta property=\"article:published_time\" content=\"2023-02-06T15:19:30+00:00\" \/>\n<meta property=\"article:modified_time\" content=\"2023-02-07T10:05:28+00:00\" \/>\n<meta property=\"og:image\" content=\"https:\/\/forummontau.com\/alicante\/wp-content\/uploads\/sites\/8\/2023\/02\/trastorno-dormir-drogas.jpg\" \/>\n\t<meta property=\"og:image:width\" content=\"1200\" \/>\n\t<meta property=\"og:image:height\" content=\"900\" \/>\n\t<meta property=\"og:image:type\" content=\"image\/jpeg\" \/>\n<meta name=\"author\" content=\"Forum Salud Mental Madrid\" \/>\n<meta name=\"twitter:card\" content=\"summary_large_image\" \/>\n<meta name=\"twitter:label1\" content=\"Escrito por\" \/>\n\t<meta name=\"twitter:data1\" content=\"Forum Salud Mental Madrid\" \/>\n\t<meta name=\"twitter:label2\" content=\"Tiempo de lectura\" \/>\n\t<meta name=\"twitter:data2\" content=\"3 minutos\" \/>\n<script type=\"application\/ld+json\" class=\"yoast-schema-graph\">{\"@context\":\"https:\\\/\\\/schema.org\",\"@graph\":[{\"@type\":\"Article\",\"@id\":\"https:\\\/\\\/forummontau.com\\\/alicante\\\/trastornos-del-sueno-por-consumo-de-drogas\\\/#article\",\"isPartOf\":{\"@id\":\"https:\\\/\\\/forummontau.com\\\/alicante\\\/trastornos-del-sueno-por-consumo-de-drogas\\\/\"},\"author\":{\"name\":\"Forum Salud Mental Madrid\",\"@id\":\"https:\\\/\\\/forummontau.com\\\/alicante\\\/#\\\/schema\\\/person\\\/dd79fa1c0ba733edd439998f9d7f5e25\"},\"headline\":\"Trastornos del sue\u00f1o por consumo de drogas\",\"datePublished\":\"2023-02-06T15:19:30+00:00\",\"dateModified\":\"2023-02-07T10:05:28+00:00\",\"mainEntityOfPage\":{\"@id\":\"https:\\\/\\\/forummontau.com\\\/alicante\\\/trastornos-del-sueno-por-consumo-de-drogas\\\/\"},\"wordCount\":524,\"commentCount\":0,\"publisher\":{\"@id\":\"https:\\\/\\\/forummontau.com\\\/alicante\\\/#organization\"},\"image\":{\"@id\":\"https:\\\/\\\/forummontau.com\\\/alicante\\\/trastornos-del-sueno-por-consumo-de-drogas\\\/#primaryimage\"},\"thumbnailUrl\":\"https:\\\/\\\/forummontau.com\\\/alicante\\\/wp-content\\\/uploads\\\/sites\\\/8\\\/2023\\\/02\\\/trastorno-dormir-drogas.jpg\",\"articleSection\":[\"adicciones\",\"dopamina\u00b4\",\"drogas\",\"Trastorno del sue\u00f1o\"],\"inLanguage\":\"es\",\"potentialAction\":[{\"@type\":\"CommentAction\",\"name\":\"Comment\",\"target\":[\"https:\\\/\\\/forummontau.com\\\/alicante\\\/trastornos-del-sueno-por-consumo-de-drogas\\\/#respond\"]}]},{\"@type\":\"WebPage\",\"@id\":\"https:\\\/\\\/forummontau.com\\\/alicante\\\/trastornos-del-sueno-por-consumo-de-drogas\\\/\",\"url\":\"https:\\\/\\\/forummontau.com\\\/alicante\\\/trastornos-del-sueno-por-consumo-de-drogas\\\/\",\"name\":\"Trastornos del sue\u00f1o por consumo de drogas - Forum Salud Mental Alicante\",\"isPartOf\":{\"@id\":\"https:\\\/\\\/forummontau.com\\\/alicante\\\/#website\"},\"primaryImageOfPage\":{\"@id\":\"https:\\\/\\\/forummontau.com\\\/alicante\\\/trastornos-del-sueno-por-consumo-de-drogas\\\/#primaryimage\"},\"image\":{\"@id\":\"https:\\\/\\\/forummontau.com\\\/alicante\\\/trastornos-del-sueno-por-consumo-de-drogas\\\/#primaryimage\"},\"thumbnailUrl\":\"https:\\\/\\\/forummontau.com\\\/alicante\\\/wp-content\\\/uploads\\\/sites\\\/8\\\/2023\\\/02\\\/trastorno-dormir-drogas.jpg\",\"datePublished\":\"2023-02-06T15:19:30+00:00\",\"dateModified\":\"2023-02-07T10:05:28+00:00\",\"description\":\"Las drogas causan problemas para dormir, pero el insomnio y la falta de sue\u00f1o tambi\u00e9n son factores que aumentan el riesgo de que una persona consuma drogas.\",\"breadcrumb\":{\"@id\":\"https:\\\/\\\/forummontau.com\\\/alicante\\\/trastornos-del-sueno-por-consumo-de-drogas\\\/#breadcrumb\"},\"inLanguage\":\"es\",\"potentialAction\":[{\"@type\":\"ReadAction\",\"target\":[\"https:\\\/\\\/forummontau.com\\\/alicante\\\/trastornos-del-sueno-por-consumo-de-drogas\\\/\"]}]},{\"@type\":\"ImageObject\",\"inLanguage\":\"es\",\"@id\":\"https:\\\/\\\/forummontau.com\\\/alicante\\\/trastornos-del-sueno-por-consumo-de-drogas\\\/#primaryimage\",\"url\":\"https:\\\/\\\/forummontau.com\\\/alicante\\\/wp-content\\\/uploads\\\/sites\\\/8\\\/2023\\\/02\\\/trastorno-dormir-drogas.jpg\",\"contentUrl\":\"https:\\\/\\\/forummontau.com\\\/alicante\\\/wp-content\\\/uploads\\\/sites\\\/8\\\/2023\\\/02\\\/trastorno-dormir-drogas.jpg\",\"width\":1200,\"height\":900},{\"@type\":\"BreadcrumbList\",\"@id\":\"https:\\\/\\\/forummontau.com\\\/alicante\\\/trastornos-del-sueno-por-consumo-de-drogas\\\/#breadcrumb\",\"itemListElement\":[{\"@type\":\"ListItem\",\"position\":1,\"name\":\"Portada\",\"item\":\"https:\\\/\\\/forummontau.com\\\/alicante\\\/\"},{\"@type\":\"ListItem\",\"position\":2,\"name\":\"Trastornos del sue\u00f1o por consumo de drogas\"}]},{\"@type\":\"WebSite\",\"@id\":\"https:\\\/\\\/forummontau.com\\\/alicante\\\/#website\",\"url\":\"https:\\\/\\\/forummontau.com\\\/alicante\\\/\",\"name\":\"Forum Salud Mental Alicante\",\"description\":\"Centro desintoxicaci\u00f3n y adicciones en Alicante\",\"publisher\":{\"@id\":\"https:\\\/\\\/forummontau.com\\\/alicante\\\/#organization\"},\"potentialAction\":[{\"@type\":\"SearchAction\",\"target\":{\"@type\":\"EntryPoint\",\"urlTemplate\":\"https:\\\/\\\/forummontau.com\\\/alicante\\\/?s={search_term_string}\"},\"query-input\":{\"@type\":\"PropertyValueSpecification\",\"valueRequired\":true,\"valueName\":\"search_term_string\"}}],\"inLanguage\":\"es\"},{\"@type\":\"Organization\",\"@id\":\"https:\\\/\\\/forummontau.com\\\/alicante\\\/#organization\",\"name\":\"Forum Salud Mental Alicante\",\"url\":\"https:\\\/\\\/forummontau.com\\\/alicante\\\/\",\"logo\":{\"@type\":\"ImageObject\",\"inLanguage\":\"es\",\"@id\":\"https:\\\/\\\/forummontau.com\\\/alicante\\\/#\\\/schema\\\/logo\\\/image\\\/\",\"url\":\"https:\\\/\\\/forummontau.com\\\/alicante\\\/wp-content\\\/uploads\\\/sites\\\/8\\\/2020\\\/02\\\/forum_alicante_salud.png\",\"contentUrl\":\"https:\\\/\\\/forummontau.com\\\/alicante\\\/wp-content\\\/uploads\\\/sites\\\/8\\\/2020\\\/02\\\/forum_alicante_salud.png\",\"width\":215,\"height\":118,\"caption\":\"Forum Salud Mental Alicante\"},\"image\":{\"@id\":\"https:\\\/\\\/forummontau.com\\\/alicante\\\/#\\\/schema\\\/logo\\\/image\\\/\"}},{\"@type\":\"Person\",\"@id\":\"https:\\\/\\\/forummontau.com\\\/alicante\\\/#\\\/schema\\\/person\\\/dd79fa1c0ba733edd439998f9d7f5e25\",\"name\":\"Forum Salud Mental Madrid\",\"image\":{\"@type\":\"ImageObject\",\"inLanguage\":\"es\",\"@id\":\"https:\\\/\\\/secure.gravatar.com\\\/avatar\\\/363495000985f108d724b036bf8fde103c31e3fb6464fc8997f0157fc03f27d8?s=96&d=mm&r=g\",\"url\":\"https:\\\/\\\/secure.gravatar.com\\\/avatar\\\/363495000985f108d724b036bf8fde103c31e3fb6464fc8997f0157fc03f27d8?s=96&d=mm&r=g\",\"contentUrl\":\"https:\\\/\\\/secure.gravatar.com\\\/avatar\\\/363495000985f108d724b036bf8fde103c31e3fb6464fc8997f0157fc03f27d8?s=96&d=mm&r=g\",\"caption\":\"Forum Salud Mental Madrid\"},\"url\":\"https:\\\/\\\/forummontau.com\\\/alicante\\\/author\\\/adiccionma\\\/\"}]}<\/script>\n<!-- \/ Yoast SEO plugin. -->","yoast_head_json":{"title":"Trastornos del sue\u00f1o por consumo de drogas - Forum Salud Mental Alicante","description":"Las drogas causan problemas para dormir, pero el insomnio y la falta de sue\u00f1o tambi\u00e9n son factores que aumentan el riesgo de que una persona consuma drogas.","robots":{"index":"index","follow":"follow","max-snippet":"max-snippet:-1","max-image-preview":"max-image-preview:large","max-video-preview":"max-video-preview:-1"},"canonical":"https:\/\/forummontau.com\/alicante\/trastornos-del-sueno-por-consumo-de-drogas\/","og_locale":"es_ES","og_type":"article","og_title":"Trastornos del sue\u00f1o por consumo de drogas - Forum Salud Mental Alicante","og_description":"Las drogas causan problemas para dormir, pero el insomnio y la falta de sue\u00f1o tambi\u00e9n son factores que aumentan el riesgo de que una persona consuma drogas.","og_url":"https:\/\/forummontau.com\/alicante\/trastornos-del-sueno-por-consumo-de-drogas\/","og_site_name":"Forum Salud Mental Alicante","article_published_time":"2023-02-06T15:19:30+00:00","article_modified_time":"2023-02-07T10:05:28+00:00","og_image":[{"width":1200,"height":900,"url":"https:\/\/forummontau.com\/alicante\/wp-content\/uploads\/sites\/8\/2023\/02\/trastorno-dormir-drogas.jpg","type":"image\/jpeg"}],"author":"Forum Salud Mental Madrid","twitter_card":"summary_large_image","twitter_misc":{"Escrito por":"Forum Salud Mental Madrid","Tiempo de lectura":"3 minutos"},"schema":{"@context":"https:\/\/schema.org","@graph":[{"@type":"Article","@id":"https:\/\/forummontau.com\/alicante\/trastornos-del-sueno-por-consumo-de-drogas\/#article","isPartOf":{"@id":"https:\/\/forummontau.com\/alicante\/trastornos-del-sueno-por-consumo-de-drogas\/"},"author":{"name":"Forum Salud Mental Madrid","@id":"https:\/\/forummontau.com\/alicante\/#\/schema\/person\/dd79fa1c0ba733edd439998f9d7f5e25"},"headline":"Trastornos del sue\u00f1o por consumo de drogas","datePublished":"2023-02-06T15:19:30+00:00","dateModified":"2023-02-07T10:05:28+00:00","mainEntityOfPage":{"@id":"https:\/\/forummontau.com\/alicante\/trastornos-del-sueno-por-consumo-de-drogas\/"},"wordCount":524,"commentCount":0,"publisher":{"@id":"https:\/\/forummontau.com\/alicante\/#organization"},"image":{"@id":"https:\/\/forummontau.com\/alicante\/trastornos-del-sueno-por-consumo-de-drogas\/#primaryimage"},"thumbnailUrl":"https:\/\/forummontau.com\/alicante\/wp-content\/uploads\/sites\/8\/2023\/02\/trastorno-dormir-drogas.jpg","articleSection":["adicciones","dopamina\u00b4","drogas","Trastorno del sue\u00f1o"],"inLanguage":"es","potentialAction":[{"@type":"CommentAction","name":"Comment","target":["https:\/\/forummontau.com\/alicante\/trastornos-del-sueno-por-consumo-de-drogas\/#respond"]}]},{"@type":"WebPage","@id":"https:\/\/forummontau.com\/alicante\/trastornos-del-sueno-por-consumo-de-drogas\/","url":"https:\/\/forummontau.com\/alicante\/trastornos-del-sueno-por-consumo-de-drogas\/","name":"Trastornos del sue\u00f1o por consumo de drogas - Forum Salud Mental Alicante","isPartOf":{"@id":"https:\/\/forummontau.com\/alicante\/#website"},"primaryImageOfPage":{"@id":"https:\/\/forummontau.com\/alicante\/trastornos-del-sueno-por-consumo-de-drogas\/#primaryimage"},"image":{"@id":"https:\/\/forummontau.com\/alicante\/trastornos-del-sueno-por-consumo-de-drogas\/#primaryimage"},"thumbnailUrl":"https:\/\/forummontau.com\/alicante\/wp-content\/uploads\/sites\/8\/2023\/02\/trastorno-dormir-drogas.jpg","datePublished":"2023-02-06T15:19:30+00:00","dateModified":"2023-02-07T10:05:28+00:00","description":"Las drogas causan problemas para dormir, pero el insomnio y la falta de sue\u00f1o tambi\u00e9n son factores que aumentan el riesgo de que una persona consuma drogas.","breadcrumb":{"@id":"https:\/\/forummontau.com\/alicante\/trastornos-del-sueno-por-consumo-de-drogas\/#breadcrumb"},"inLanguage":"es","potentialAction":[{"@type":"ReadAction","target":["https:\/\/forummontau.com\/alicante\/trastornos-del-sueno-por-consumo-de-drogas\/"]}]},{"@type":"ImageObject","inLanguage":"es","@id":"https:\/\/forummontau.com\/alicante\/trastornos-del-sueno-por-consumo-de-drogas\/#primaryimage","url":"https:\/\/forummontau.com\/alicante\/wp-content\/uploads\/sites\/8\/2023\/02\/trastorno-dormir-drogas.jpg","contentUrl":"https:\/\/forummontau.com\/alicante\/wp-content\/uploads\/sites\/8\/2023\/02\/trastorno-dormir-drogas.jpg","width":1200,"height":900},{"@type":"BreadcrumbList","@id":"https:\/\/forummontau.com\/alicante\/trastornos-del-sueno-por-consumo-de-drogas\/#breadcrumb","itemListElement":[{"@type":"ListItem","position":1,"name":"Portada","item":"https:\/\/forummontau.com\/alicante\/"},{"@type":"ListItem","position":2,"name":"Trastornos del sue\u00f1o por consumo de drogas"}]},{"@type":"WebSite","@id":"https:\/\/forummontau.com\/alicante\/#website","url":"https:\/\/forummontau.com\/alicante\/","name":"Forum Salud Mental Alicante","description":"Centro desintoxicaci\u00f3n y adicciones en Alicante","publisher":{"@id":"https:\/\/forummontau.com\/alicante\/#organization"},"potentialAction":[{"@type":"SearchAction","target":{"@type":"EntryPoint","urlTemplate":"https:\/\/forummontau.com\/alicante\/?s={search_term_string}"},"query-input":{"@type":"PropertyValueSpecification","valueRequired":true,"valueName":"search_term_string"}}],"inLanguage":"es"},{"@type":"Organization","@id":"https:\/\/forummontau.com\/alicante\/#organization","name":"Forum Salud Mental Alicante","url":"https:\/\/forummontau.com\/alicante\/","logo":{"@type":"ImageObject","inLanguage":"es","@id":"https:\/\/forummontau.com\/alicante\/#\/schema\/logo\/image\/","url":"https:\/\/forummontau.com\/alicante\/wp-content\/uploads\/sites\/8\/2020\/02\/forum_alicante_salud.png","contentUrl":"https:\/\/forummontau.com\/alicante\/wp-content\/uploads\/sites\/8\/2020\/02\/forum_alicante_salud.png","width":215,"height":118,"caption":"Forum Salud Mental Alicante"},"image":{"@id":"https:\/\/forummontau.com\/alicante\/#\/schema\/logo\/image\/"}},{"@type":"Person","@id":"https:\/\/forummontau.com\/alicante\/#\/schema\/person\/dd79fa1c0ba733edd439998f9d7f5e25","name":"Forum Salud Mental Madrid","image":{"@type":"ImageObject","inLanguage":"es","@id":"https:\/\/secure.gravatar.com\/avatar\/363495000985f108d724b036bf8fde103c31e3fb6464fc8997f0157fc03f27d8?s=96&d=mm&r=g","url":"https:\/\/secure.gravatar.com\/avatar\/363495000985f108d724b036bf8fde103c31e3fb6464fc8997f0157fc03f27d8?s=96&d=mm&r=g","contentUrl":"https:\/\/secure.gravatar.com\/avatar\/363495000985f108d724b036bf8fde103c31e3fb6464fc8997f0157fc03f27d8?s=96&d=mm&r=g","caption":"Forum Salud Mental Madrid"},"url":"https:\/\/forummontau.com\/alicante\/author\/adiccionma\/"}]}},"_links":{"self":[{"href":"https:\/\/forummontau.com\/alicante\/wp-json\/wp\/v2\/posts\/1294","targetHints":{"allow":["GET"]}}],"collection":[{"href":"https:\/\/forummontau.com\/alicante\/wp-json\/wp\/v2\/posts"}],"about":[{"href":"https:\/\/forummontau.com\/alicante\/wp-json\/wp\/v2\/types\/post"}],"author":[{"embeddable":true,"href":"https:\/\/forummontau.com\/alicante\/wp-json\/wp\/v2\/users\/2"}],"replies":[{"embeddable":true,"href":"https:\/\/forummontau.com\/alicante\/wp-json\/wp\/v2\/comments?post=1294"}],"version-history":[{"count":3,"href":"https:\/\/forummontau.com\/alicante\/wp-json\/wp\/v2\/posts\/1294\/revisions"}],"predecessor-version":[{"id":1297,"href":"https:\/\/forummontau.com\/alicante\/wp-json\/wp\/v2\/posts\/1294\/revisions\/1297"}],"wp:featuredmedia":[{"embeddable":true,"href":"https:\/\/forummontau.com\/alicante\/wp-json\/wp\/v2\/media\/1295"}],"wp:attachment":[{"href":"https:\/\/forummontau.com\/alicante\/wp-json\/wp\/v2\/media?parent=1294"}],"wp:term":[{"taxonomy":"category","embeddable":true,"href":"https:\/\/forummontau.com\/alicante\/wp-json\/wp\/v2\/categories?post=1294"},{"taxonomy":"post_tag","embeddable":true,"href":"https:\/\/forummontau.com\/alicante\/wp-json\/wp\/v2\/tags?post=1294"}],"curies":[{"name":"wp","href":"https:\/\/api.w.org\/{rel}","templated":true}]}}