{"id":3478,"date":"2025-02-10T15:12:16","date_gmt":"2025-02-10T15:12:16","guid":{"rendered":"https:\/\/www.adiccionesalicante.com\/?p=3478"},"modified":"2025-03-25T15:06:43","modified_gmt":"2025-03-25T15:06:43","slug":"adicciones-y-trauma-el-vinculo-oculto-entre-el-pasado-y-el-desarrollo-de-una-adiccion","status":"publish","type":"post","link":"https:\/\/forummontau.com\/alicante\/adicciones-y-trauma-el-vinculo-oculto-entre-el-pasado-y-el-desarrollo-de-una-adiccion\/","title":{"rendered":"Adicciones y trauma: El v\u00ednculo oculto entre el pasado y el desarrollo de una adicci\u00f3n"},"content":{"rendered":"\n<p>El consumo de sustancias y las conductas adictivas rara vez ocurren en el vac\u00edo. En muchos casos, la adicci\u00f3n es la manifestaci\u00f3n visible de heridas emocionales m\u00e1s profundas. El trauma, especialmente aquel sufrido en la infancia o en experiencias altamente estresantes, es uno de los principales factores que predisponen al desarrollo de adicciones.<\/p>\n\n\n\n<p>\u00bfPor qu\u00e9 las personas con antecedentes traum\u00e1ticos son m\u00e1s vulnerables al consumo de sustancias? \u00bfC\u00f3mo funciona el v\u00ednculo entre trauma y adicci\u00f3n a nivel neurol\u00f3gico y emocional? En este art\u00edculo, exploramos la conexi\u00f3n entre ambos y las estrategias terap\u00e9uticas m\u00e1s efectivas para abordarlo.<\/p>\n\n\n\n<h2 class=\"wp-block-heading\">\u00bfQu\u00e9 es el trauma y c\u00f3mo afecta al cerebro?<\/h2>\n\n\n\n<p>El trauma psicol\u00f3gico es cualquier experiencia que sobrepase la capacidad de afrontamiento de una persona, generando respuestas de estr\u00e9s intenso y alteraciones en la regulaci\u00f3n emocional.<\/p>\n\n\n\n<p>Existen distintos tipos de trauma:<\/p>\n\n\n\n<ol start=\"1\" class=\"wp-block-list\">\n<li><strong>Trauma agudo<\/strong>: Eventos \u00fanicos de gran impacto (accidentes, abuso, violencia).<\/li>\n\n\n\n<li><strong>Trauma cr\u00f3nico<\/strong>: Exposici\u00f3n prolongada a situaciones estresantes (maltrato, negligencia emocional, pobreza extrema).<\/li>\n\n\n\n<li><strong>Trauma complejo<\/strong>: M\u00faltiples experiencias traum\u00e1ticas a lo largo de la vida, especialmente en la infancia.<\/li>\n<\/ol>\n\n\n\n<p>Cuando una persona experimenta trauma, el cerebro activa su sistema de defensa, liberando cortisol y adrenalina. Si esta respuesta se mantiene en el tiempo, la am\u00edgdala (centro del miedo) se hiperactiva, mientras que la corteza prefrontal (responsable de la regulaci\u00f3n emocional) pierde funcionalidad.<\/p>\n\n\n\n<h2 class=\"wp-block-heading\">El trauma como factor de riesgo en las adicciones<\/h2>\n\n\n\n<p>Las personas con antecedentes traum\u00e1ticos tienen un riesgo significativamente mayor de desarrollar adicciones. Esto se debe a varios mecanismos neurobiol\u00f3gicos y emocionales:<\/p>\n\n\n\n<ul class=\"wp-block-list\">\n<li>B\u00fasqueda de alivio emocional: Las sustancias como el alcohol, los opioides o la marihuana act\u00faan como reguladores emocionales, proporcionando una sensaci\u00f3n temporal de calma o desconexi\u00f3n del dolor emocional.<\/li>\n\n\n\n<li>Desregulaci\u00f3n del sistema de recompensa: Los traumas pueden afectar la producci\u00f3n de dopamina y serotonina, lo que lleva a una b\u00fasqueda constante de placer o alivio a trav\u00e9s de sustancias o conductas compulsivas.<\/li>\n\n\n\n<li>Dificultad para gestionar el estr\u00e9s: El cerebro de una persona con trauma tiene menor capacidad para manejar la ansiedad y el estr\u00e9s, aumentando la impulsividad y el uso de sustancias como v\u00eda de escape.<\/li>\n\n\n\n<li>Alteraciones en la identidad y autoestima: El trauma a menudo genera una sensaci\u00f3n de vac\u00edo o desconexi\u00f3n con uno mismo, lo que puede llevar a la autodestrucci\u00f3n o la b\u00fasqueda de sensaciones extremas a trav\u00e9s de las adicciones.<\/li>\n<\/ul>\n\n\n\n<h2 class=\"wp-block-heading\">Principales adicciones relacionadas con el trauma<\/h2>\n\n\n\n<p>Las personas con antecedentes traum\u00e1ticos pueden desarrollar distintos tipos de adicciones, incluyendo:<\/p>\n\n\n\n<ul class=\"wp-block-list\">\n<li><strong>Sustancias psicoactivas<\/strong>: Alcohol, coca\u00edna, opioides, benzodiacepinas.<\/li>\n\n\n\n<li><strong>Adicci\u00f3n al juego y apuestas<\/strong>: Relacionado con la impulsividad y la b\u00fasqueda de riesgo.<\/li>\n\n\n\n<li><strong>Trastorno de conducta alimentaria<\/strong>: El uso de la comida como regulador del malestar emocional.<\/li>\n\n\n\n<li><strong>Autolesiones y conductas autodestructivas<\/strong>: Mecanismos de afrontamiento disfuncionales.<\/li>\n<\/ul>\n\n\n\n<h2 class=\"wp-block-heading\">\u00bfC\u00f3mo abordar el v\u00ednculo entre trauma y adicci\u00f3n?<\/h2>\n\n\n\n<p>El tratamiento de una adicci\u00f3n no puede centrarse \u00fanicamente en la abstinencia, sino que debe abordar la ra\u00edz emocional que llev\u00f3 al consumo. Algunas estrategias terap\u00e9uticas efectivas incluyen:<\/p>\n\n\n\n<p>1. Terapia de procesamiento del trauma<\/p>\n\n\n\n<p>Terapia Cognitivo-Conductual centrada en el trauma: Ayuda a modificar creencias disfuncionales generadas por experiencias traum\u00e1ticas.<\/p>\n\n\n\n<p>2. Regulaci\u00f3n emocional y estrategias de afrontamiento: T\u00e9cnicas como mindfulness, respiraci\u00f3n diafragm\u00e1tica y exposici\u00f3n gradual al malestar ayudan a reducir la necesidad de recurrir a sustancias.<\/p>\n\n\n\n<p>3. Reconstrucci\u00f3n de la identidad y la autoestima: La recuperaci\u00f3n implica redefinir qui\u00e9n es la persona sin la adicci\u00f3n, explorando sus valores, relaciones y prop\u00f3sito de vida.<\/p>\n\n\n\n<p>Conclusi\u00f3n<\/p>\n\n\n\n<p>El trauma y las adicciones est\u00e1n estrechamente vinculados, ya que muchas personas recurren a sustancias o conductas adictivas como una forma de aliviar el sufrimiento emocional. Sin embargo, la recuperaci\u00f3n es posible si se aborda la ra\u00edz del problema con un tratamiento integral que combine el procesamiento del trauma, la regulaci\u00f3n emocional y estrategias de afrontamiento saludables.<\/p>\n\n\n\n<p>Entender que la adicci\u00f3n es, en muchos casos, un intento de autorregulaci\u00f3n emocional mal canalizado es clave para dise\u00f1ar intervenciones terap\u00e9uticas m\u00e1s efectivas y emp\u00e1ticas. La sanaci\u00f3n del trauma es un paso fundamental en el camino hacia la recuperaci\u00f3n de una vida plena y libre de adicciones.<\/p>\n","protected":false},"excerpt":{"rendered":"<p>El consumo de sustancias y las conductas adictivas rara vez ocurren en el vac\u00edo. En muchos casos, la adicci\u00f3n es la manifestaci\u00f3n visible de heridas emocionales m\u00e1s profundas. El trauma, especialmente aquel sufrido en la infancia o en experiencias altamente estresantes, es uno de los principales factores que predisponen al desarrollo de adicciones. \u00bfPor qu\u00e9 [&hellip;]<\/p>\n","protected":false},"author":2,"featured_media":3479,"comment_status":"open","ping_status":"open","sticky":false,"template":"","format":"standard","meta":{"ocean_post_layout":"","ocean_both_sidebars_style":"","ocean_both_sidebars_content_width":0,"ocean_both_sidebars_sidebars_width":0,"ocean_sidebar":"","ocean_second_sidebar":"","ocean_disable_margins":"enable","ocean_add_body_class":"","ocean_shortcode_before_top_bar":"","ocean_shortcode_after_top_bar":"","ocean_shortcode_before_header":"","ocean_shortcode_after_header":"","ocean_has_shortcode":"","ocean_shortcode_after_title":"","ocean_shortcode_before_footer_widgets":"","ocean_shortcode_after_footer_widgets":"","ocean_shortcode_before_footer_bottom":"","ocean_shortcode_after_footer_bottom":"","ocean_display_top_bar":"default","ocean_display_header":"default","ocean_header_style":"","ocean_center_header_left_menu":"","ocean_custom_header_template":"","ocean_custom_logo":0,"ocean_custom_retina_logo":0,"ocean_custom_logo_max_width":0,"ocean_custom_logo_tablet_max_width":0,"ocean_custom_logo_mobile_max_width":0,"ocean_custom_logo_max_height":0,"ocean_custom_logo_tablet_max_height":0,"ocean_custom_logo_mobile_max_height":0,"ocean_header_custom_menu":"","ocean_menu_typo_font_family":"","ocean_menu_typo_font_subset":"","ocean_menu_typo_font_size":0,"ocean_menu_typo_font_size_tablet":0,"ocean_menu_typo_font_size_mobile":0,"ocean_menu_typo_font_size_unit":"px","ocean_menu_typo_font_weight":"","ocean_menu_typo_font_weight_tablet":"","ocean_menu_typo_font_weight_mobile":"","ocean_menu_typo_transform":"","ocean_menu_typo_transform_tablet":"","ocean_menu_typo_transform_mobile":"","ocean_menu_typo_line_height":0,"ocean_menu_typo_line_height_tablet":0,"ocean_menu_typo_line_height_mobile":0,"ocean_menu_typo_line_height_unit":"","ocean_menu_typo_spacing":0,"ocean_menu_typo_spacing_tablet":0,"ocean_menu_typo_spacing_mobile":0,"ocean_menu_typo_spacing_unit":"","ocean_menu_link_color":"","ocean_menu_link_color_hover":"","ocean_menu_link_color_active":"","ocean_menu_link_background":"","ocean_menu_link_hover_background":"","ocean_menu_link_active_background":"","ocean_menu_social_links_bg":"","ocean_menu_social_hover_links_bg":"","ocean_menu_social_links_color":"","ocean_menu_social_hover_links_color":"","ocean_disable_title":"default","ocean_disable_heading":"default","ocean_post_title":"","ocean_post_subheading":"","ocean_post_title_style":"","ocean_post_title_background_color":"","ocean_post_title_background":0,"ocean_post_title_bg_image_position":"","ocean_post_title_bg_image_attachment":"","ocean_post_title_bg_image_repeat":"","ocean_post_title_bg_image_size":"","ocean_post_title_height":0,"ocean_post_title_bg_overlay":0.5,"ocean_post_title_bg_overlay_color":"","ocean_disable_breadcrumbs":"default","ocean_breadcrumbs_color":"","ocean_breadcrumbs_separator_color":"","ocean_breadcrumbs_links_color":"","ocean_breadcrumbs_links_hover_color":"","ocean_display_footer_widgets":"default","ocean_display_footer_bottom":"default","ocean_custom_footer_template":"","ocean_post_oembed":"","ocean_post_self_hosted_media":"","ocean_post_video_embed":"","ocean_link_format":"","ocean_link_format_target":"self","ocean_quote_format":"","ocean_quote_format_link":"post","ocean_gallery_link_images":"on","ocean_gallery_id":[],"footnotes":""},"categories":[6,70],"tags":[50],"class_list":["post-3478","post","type-post","status-publish","format-standard","has-post-thumbnail","hentry","category-adicciones","category-trauma","tag-forum-alicante","entry","has-media"],"yoast_head":"<!-- This site is optimized with the Yoast SEO plugin v27.5 - https:\/\/yoast.com\/product\/yoast-seo-wordpress\/ -->\n<title>Adicciones y trauma: El v\u00ednculo oculto entre el pasado y el desarrollo de una adicci\u00f3n - Forum Salud Mental Alicante<\/title>\n<meta name=\"robots\" content=\"index, follow, max-snippet:-1, max-image-preview:large, max-video-preview:-1\" \/>\n<link rel=\"canonical\" href=\"https:\/\/forummontau.com\/alicante\/adicciones-y-trauma-el-vinculo-oculto-entre-el-pasado-y-el-desarrollo-de-una-adiccion\/\" \/>\n<meta property=\"og:locale\" content=\"es_ES\" \/>\n<meta property=\"og:type\" content=\"article\" \/>\n<meta property=\"og:title\" content=\"Adicciones y trauma: El v\u00ednculo oculto entre el pasado y el desarrollo de una adicci\u00f3n - Forum Salud Mental Alicante\" \/>\n<meta property=\"og:description\" content=\"El consumo de sustancias y las conductas adictivas rara vez ocurren en el vac\u00edo. En muchos casos, la adicci\u00f3n es la manifestaci\u00f3n visible de heridas emocionales m\u00e1s profundas. El trauma, especialmente aquel sufrido en la infancia o en experiencias altamente estresantes, es uno de los principales factores que predisponen al desarrollo de adicciones. \u00bfPor qu\u00e9 [&hellip;]\" \/>\n<meta property=\"og:url\" content=\"https:\/\/forummontau.com\/alicante\/adicciones-y-trauma-el-vinculo-oculto-entre-el-pasado-y-el-desarrollo-de-una-adiccion\/\" \/>\n<meta property=\"og:site_name\" content=\"Forum Salud Mental Alicante\" \/>\n<meta property=\"article:published_time\" content=\"2025-02-10T15:12:16+00:00\" \/>\n<meta property=\"article:modified_time\" content=\"2025-03-25T15:06:43+00:00\" \/>\n<meta property=\"og:image\" content=\"https:\/\/forummontau.com\/alicante\/wp-content\/uploads\/sites\/8\/2025\/02\/trauma-y-adicciones.webp\" \/>\n\t<meta property=\"og:image:width\" content=\"1000\" \/>\n\t<meta property=\"og:image:height\" content=\"667\" \/>\n\t<meta property=\"og:image:type\" content=\"image\/webp\" \/>\n<meta name=\"author\" content=\"Forum Salud Mental Madrid\" \/>\n<meta name=\"twitter:card\" content=\"summary_large_image\" \/>\n<meta name=\"twitter:label1\" content=\"Escrito por\" \/>\n\t<meta name=\"twitter:data1\" content=\"Forum Salud Mental Madrid\" \/>\n\t<meta name=\"twitter:label2\" content=\"Tiempo de lectura\" \/>\n\t<meta name=\"twitter:data2\" content=\"4 minutos\" \/>\n<script type=\"application\/ld+json\" class=\"yoast-schema-graph\">{\"@context\":\"https:\\\/\\\/schema.org\",\"@graph\":[{\"@type\":\"Article\",\"@id\":\"https:\\\/\\\/forummontau.com\\\/alicante\\\/adicciones-y-trauma-el-vinculo-oculto-entre-el-pasado-y-el-desarrollo-de-una-adiccion\\\/#article\",\"isPartOf\":{\"@id\":\"https:\\\/\\\/forummontau.com\\\/alicante\\\/adicciones-y-trauma-el-vinculo-oculto-entre-el-pasado-y-el-desarrollo-de-una-adiccion\\\/\"},\"author\":{\"name\":\"Forum Salud Mental Madrid\",\"@id\":\"https:\\\/\\\/forummontau.com\\\/alicante\\\/#\\\/schema\\\/person\\\/dd79fa1c0ba733edd439998f9d7f5e25\"},\"headline\":\"Adicciones y trauma: El v\u00ednculo oculto entre el pasado y el desarrollo de una adicci\u00f3n\",\"datePublished\":\"2025-02-10T15:12:16+00:00\",\"dateModified\":\"2025-03-25T15:06:43+00:00\",\"mainEntityOfPage\":{\"@id\":\"https:\\\/\\\/forummontau.com\\\/alicante\\\/adicciones-y-trauma-el-vinculo-oculto-entre-el-pasado-y-el-desarrollo-de-una-adiccion\\\/\"},\"wordCount\":747,\"commentCount\":0,\"publisher\":{\"@id\":\"https:\\\/\\\/forummontau.com\\\/alicante\\\/#organization\"},\"image\":{\"@id\":\"https:\\\/\\\/forummontau.com\\\/alicante\\\/adicciones-y-trauma-el-vinculo-oculto-entre-el-pasado-y-el-desarrollo-de-una-adiccion\\\/#primaryimage\"},\"thumbnailUrl\":\"https:\\\/\\\/forummontau.com\\\/alicante\\\/wp-content\\\/uploads\\\/sites\\\/8\\\/2025\\\/02\\\/trauma-y-adicciones.webp\",\"keywords\":[\"Forum Alicante\"],\"articleSection\":[\"adicciones\",\"Trauma\"],\"inLanguage\":\"es\",\"potentialAction\":[{\"@type\":\"CommentAction\",\"name\":\"Comment\",\"target\":[\"https:\\\/\\\/forummontau.com\\\/alicante\\\/adicciones-y-trauma-el-vinculo-oculto-entre-el-pasado-y-el-desarrollo-de-una-adiccion\\\/#respond\"]}]},{\"@type\":\"WebPage\",\"@id\":\"https:\\\/\\\/forummontau.com\\\/alicante\\\/adicciones-y-trauma-el-vinculo-oculto-entre-el-pasado-y-el-desarrollo-de-una-adiccion\\\/\",\"url\":\"https:\\\/\\\/forummontau.com\\\/alicante\\\/adicciones-y-trauma-el-vinculo-oculto-entre-el-pasado-y-el-desarrollo-de-una-adiccion\\\/\",\"name\":\"Adicciones y trauma: El v\u00ednculo oculto entre el pasado y el desarrollo de una adicci\u00f3n - Forum Salud Mental Alicante\",\"isPartOf\":{\"@id\":\"https:\\\/\\\/forummontau.com\\\/alicante\\\/#website\"},\"primaryImageOfPage\":{\"@id\":\"https:\\\/\\\/forummontau.com\\\/alicante\\\/adicciones-y-trauma-el-vinculo-oculto-entre-el-pasado-y-el-desarrollo-de-una-adiccion\\\/#primaryimage\"},\"image\":{\"@id\":\"https:\\\/\\\/forummontau.com\\\/alicante\\\/adicciones-y-trauma-el-vinculo-oculto-entre-el-pasado-y-el-desarrollo-de-una-adiccion\\\/#primaryimage\"},\"thumbnailUrl\":\"https:\\\/\\\/forummontau.com\\\/alicante\\\/wp-content\\\/uploads\\\/sites\\\/8\\\/2025\\\/02\\\/trauma-y-adicciones.webp\",\"datePublished\":\"2025-02-10T15:12:16+00:00\",\"dateModified\":\"2025-03-25T15:06:43+00:00\",\"breadcrumb\":{\"@id\":\"https:\\\/\\\/forummontau.com\\\/alicante\\\/adicciones-y-trauma-el-vinculo-oculto-entre-el-pasado-y-el-desarrollo-de-una-adiccion\\\/#breadcrumb\"},\"inLanguage\":\"es\",\"potentialAction\":[{\"@type\":\"ReadAction\",\"target\":[\"https:\\\/\\\/forummontau.com\\\/alicante\\\/adicciones-y-trauma-el-vinculo-oculto-entre-el-pasado-y-el-desarrollo-de-una-adiccion\\\/\"]}]},{\"@type\":\"ImageObject\",\"inLanguage\":\"es\",\"@id\":\"https:\\\/\\\/forummontau.com\\\/alicante\\\/adicciones-y-trauma-el-vinculo-oculto-entre-el-pasado-y-el-desarrollo-de-una-adiccion\\\/#primaryimage\",\"url\":\"https:\\\/\\\/forummontau.com\\\/alicante\\\/wp-content\\\/uploads\\\/sites\\\/8\\\/2025\\\/02\\\/trauma-y-adicciones.webp\",\"contentUrl\":\"https:\\\/\\\/forummontau.com\\\/alicante\\\/wp-content\\\/uploads\\\/sites\\\/8\\\/2025\\\/02\\\/trauma-y-adicciones.webp\",\"width\":1000,\"height\":667},{\"@type\":\"BreadcrumbList\",\"@id\":\"https:\\\/\\\/forummontau.com\\\/alicante\\\/adicciones-y-trauma-el-vinculo-oculto-entre-el-pasado-y-el-desarrollo-de-una-adiccion\\\/#breadcrumb\",\"itemListElement\":[{\"@type\":\"ListItem\",\"position\":1,\"name\":\"Portada\",\"item\":\"https:\\\/\\\/forummontau.com\\\/alicante\\\/\"},{\"@type\":\"ListItem\",\"position\":2,\"name\":\"Adicciones y trauma: El v\u00ednculo oculto entre el pasado y el desarrollo de una adicci\u00f3n\"}]},{\"@type\":\"WebSite\",\"@id\":\"https:\\\/\\\/forummontau.com\\\/alicante\\\/#website\",\"url\":\"https:\\\/\\\/forummontau.com\\\/alicante\\\/\",\"name\":\"Forum Salud Mental Alicante\",\"description\":\"Centro desintoxicaci\u00f3n y adicciones en Alicante\",\"publisher\":{\"@id\":\"https:\\\/\\\/forummontau.com\\\/alicante\\\/#organization\"},\"potentialAction\":[{\"@type\":\"SearchAction\",\"target\":{\"@type\":\"EntryPoint\",\"urlTemplate\":\"https:\\\/\\\/forummontau.com\\\/alicante\\\/?s={search_term_string}\"},\"query-input\":{\"@type\":\"PropertyValueSpecification\",\"valueRequired\":true,\"valueName\":\"search_term_string\"}}],\"inLanguage\":\"es\"},{\"@type\":\"Organization\",\"@id\":\"https:\\\/\\\/forummontau.com\\\/alicante\\\/#organization\",\"name\":\"Forum Salud Mental Alicante\",\"url\":\"https:\\\/\\\/forummontau.com\\\/alicante\\\/\",\"logo\":{\"@type\":\"ImageObject\",\"inLanguage\":\"es\",\"@id\":\"https:\\\/\\\/forummontau.com\\\/alicante\\\/#\\\/schema\\\/logo\\\/image\\\/\",\"url\":\"https:\\\/\\\/forummontau.com\\\/alicante\\\/wp-content\\\/uploads\\\/sites\\\/8\\\/2020\\\/02\\\/forum_alicante_salud.png\",\"contentUrl\":\"https:\\\/\\\/forummontau.com\\\/alicante\\\/wp-content\\\/uploads\\\/sites\\\/8\\\/2020\\\/02\\\/forum_alicante_salud.png\",\"width\":215,\"height\":118,\"caption\":\"Forum Salud Mental Alicante\"},\"image\":{\"@id\":\"https:\\\/\\\/forummontau.com\\\/alicante\\\/#\\\/schema\\\/logo\\\/image\\\/\"}},{\"@type\":\"Person\",\"@id\":\"https:\\\/\\\/forummontau.com\\\/alicante\\\/#\\\/schema\\\/person\\\/dd79fa1c0ba733edd439998f9d7f5e25\",\"name\":\"Forum Salud Mental Madrid\",\"image\":{\"@type\":\"ImageObject\",\"inLanguage\":\"es\",\"@id\":\"https:\\\/\\\/secure.gravatar.com\\\/avatar\\\/363495000985f108d724b036bf8fde103c31e3fb6464fc8997f0157fc03f27d8?s=96&d=mm&r=g\",\"url\":\"https:\\\/\\\/secure.gravatar.com\\\/avatar\\\/363495000985f108d724b036bf8fde103c31e3fb6464fc8997f0157fc03f27d8?s=96&d=mm&r=g\",\"contentUrl\":\"https:\\\/\\\/secure.gravatar.com\\\/avatar\\\/363495000985f108d724b036bf8fde103c31e3fb6464fc8997f0157fc03f27d8?s=96&d=mm&r=g\",\"caption\":\"Forum Salud Mental Madrid\"},\"url\":\"https:\\\/\\\/forummontau.com\\\/alicante\\\/author\\\/adiccionma\\\/\"}]}<\/script>\n<!-- \/ Yoast SEO plugin. -->","yoast_head_json":{"title":"Adicciones y trauma: El v\u00ednculo oculto entre el pasado y el desarrollo de una adicci\u00f3n - Forum Salud Mental Alicante","robots":{"index":"index","follow":"follow","max-snippet":"max-snippet:-1","max-image-preview":"max-image-preview:large","max-video-preview":"max-video-preview:-1"},"canonical":"https:\/\/forummontau.com\/alicante\/adicciones-y-trauma-el-vinculo-oculto-entre-el-pasado-y-el-desarrollo-de-una-adiccion\/","og_locale":"es_ES","og_type":"article","og_title":"Adicciones y trauma: El v\u00ednculo oculto entre el pasado y el desarrollo de una adicci\u00f3n - Forum Salud Mental Alicante","og_description":"El consumo de sustancias y las conductas adictivas rara vez ocurren en el vac\u00edo. En muchos casos, la adicci\u00f3n es la manifestaci\u00f3n visible de heridas emocionales m\u00e1s profundas. El trauma, especialmente aquel sufrido en la infancia o en experiencias altamente estresantes, es uno de los principales factores que predisponen al desarrollo de adicciones. \u00bfPor qu\u00e9 [&hellip;]","og_url":"https:\/\/forummontau.com\/alicante\/adicciones-y-trauma-el-vinculo-oculto-entre-el-pasado-y-el-desarrollo-de-una-adiccion\/","og_site_name":"Forum Salud Mental Alicante","article_published_time":"2025-02-10T15:12:16+00:00","article_modified_time":"2025-03-25T15:06:43+00:00","og_image":[{"width":1000,"height":667,"url":"https:\/\/forummontau.com\/alicante\/wp-content\/uploads\/sites\/8\/2025\/02\/trauma-y-adicciones.webp","type":"image\/webp"}],"author":"Forum Salud Mental Madrid","twitter_card":"summary_large_image","twitter_misc":{"Escrito por":"Forum Salud Mental Madrid","Tiempo de lectura":"4 minutos"},"schema":{"@context":"https:\/\/schema.org","@graph":[{"@type":"Article","@id":"https:\/\/forummontau.com\/alicante\/adicciones-y-trauma-el-vinculo-oculto-entre-el-pasado-y-el-desarrollo-de-una-adiccion\/#article","isPartOf":{"@id":"https:\/\/forummontau.com\/alicante\/adicciones-y-trauma-el-vinculo-oculto-entre-el-pasado-y-el-desarrollo-de-una-adiccion\/"},"author":{"name":"Forum Salud Mental Madrid","@id":"https:\/\/forummontau.com\/alicante\/#\/schema\/person\/dd79fa1c0ba733edd439998f9d7f5e25"},"headline":"Adicciones y trauma: El v\u00ednculo oculto entre el pasado y el desarrollo de una adicci\u00f3n","datePublished":"2025-02-10T15:12:16+00:00","dateModified":"2025-03-25T15:06:43+00:00","mainEntityOfPage":{"@id":"https:\/\/forummontau.com\/alicante\/adicciones-y-trauma-el-vinculo-oculto-entre-el-pasado-y-el-desarrollo-de-una-adiccion\/"},"wordCount":747,"commentCount":0,"publisher":{"@id":"https:\/\/forummontau.com\/alicante\/#organization"},"image":{"@id":"https:\/\/forummontau.com\/alicante\/adicciones-y-trauma-el-vinculo-oculto-entre-el-pasado-y-el-desarrollo-de-una-adiccion\/#primaryimage"},"thumbnailUrl":"https:\/\/forummontau.com\/alicante\/wp-content\/uploads\/sites\/8\/2025\/02\/trauma-y-adicciones.webp","keywords":["Forum Alicante"],"articleSection":["adicciones","Trauma"],"inLanguage":"es","potentialAction":[{"@type":"CommentAction","name":"Comment","target":["https:\/\/forummontau.com\/alicante\/adicciones-y-trauma-el-vinculo-oculto-entre-el-pasado-y-el-desarrollo-de-una-adiccion\/#respond"]}]},{"@type":"WebPage","@id":"https:\/\/forummontau.com\/alicante\/adicciones-y-trauma-el-vinculo-oculto-entre-el-pasado-y-el-desarrollo-de-una-adiccion\/","url":"https:\/\/forummontau.com\/alicante\/adicciones-y-trauma-el-vinculo-oculto-entre-el-pasado-y-el-desarrollo-de-una-adiccion\/","name":"Adicciones y trauma: El v\u00ednculo oculto entre el pasado y el desarrollo de una adicci\u00f3n - Forum Salud Mental Alicante","isPartOf":{"@id":"https:\/\/forummontau.com\/alicante\/#website"},"primaryImageOfPage":{"@id":"https:\/\/forummontau.com\/alicante\/adicciones-y-trauma-el-vinculo-oculto-entre-el-pasado-y-el-desarrollo-de-una-adiccion\/#primaryimage"},"image":{"@id":"https:\/\/forummontau.com\/alicante\/adicciones-y-trauma-el-vinculo-oculto-entre-el-pasado-y-el-desarrollo-de-una-adiccion\/#primaryimage"},"thumbnailUrl":"https:\/\/forummontau.com\/alicante\/wp-content\/uploads\/sites\/8\/2025\/02\/trauma-y-adicciones.webp","datePublished":"2025-02-10T15:12:16+00:00","dateModified":"2025-03-25T15:06:43+00:00","breadcrumb":{"@id":"https:\/\/forummontau.com\/alicante\/adicciones-y-trauma-el-vinculo-oculto-entre-el-pasado-y-el-desarrollo-de-una-adiccion\/#breadcrumb"},"inLanguage":"es","potentialAction":[{"@type":"ReadAction","target":["https:\/\/forummontau.com\/alicante\/adicciones-y-trauma-el-vinculo-oculto-entre-el-pasado-y-el-desarrollo-de-una-adiccion\/"]}]},{"@type":"ImageObject","inLanguage":"es","@id":"https:\/\/forummontau.com\/alicante\/adicciones-y-trauma-el-vinculo-oculto-entre-el-pasado-y-el-desarrollo-de-una-adiccion\/#primaryimage","url":"https:\/\/forummontau.com\/alicante\/wp-content\/uploads\/sites\/8\/2025\/02\/trauma-y-adicciones.webp","contentUrl":"https:\/\/forummontau.com\/alicante\/wp-content\/uploads\/sites\/8\/2025\/02\/trauma-y-adicciones.webp","width":1000,"height":667},{"@type":"BreadcrumbList","@id":"https:\/\/forummontau.com\/alicante\/adicciones-y-trauma-el-vinculo-oculto-entre-el-pasado-y-el-desarrollo-de-una-adiccion\/#breadcrumb","itemListElement":[{"@type":"ListItem","position":1,"name":"Portada","item":"https:\/\/forummontau.com\/alicante\/"},{"@type":"ListItem","position":2,"name":"Adicciones y trauma: El v\u00ednculo oculto entre el pasado y el desarrollo de una adicci\u00f3n"}]},{"@type":"WebSite","@id":"https:\/\/forummontau.com\/alicante\/#website","url":"https:\/\/forummontau.com\/alicante\/","name":"Forum Salud Mental Alicante","description":"Centro desintoxicaci\u00f3n y adicciones en Alicante","publisher":{"@id":"https:\/\/forummontau.com\/alicante\/#organization"},"potentialAction":[{"@type":"SearchAction","target":{"@type":"EntryPoint","urlTemplate":"https:\/\/forummontau.com\/alicante\/?s={search_term_string}"},"query-input":{"@type":"PropertyValueSpecification","valueRequired":true,"valueName":"search_term_string"}}],"inLanguage":"es"},{"@type":"Organization","@id":"https:\/\/forummontau.com\/alicante\/#organization","name":"Forum Salud Mental Alicante","url":"https:\/\/forummontau.com\/alicante\/","logo":{"@type":"ImageObject","inLanguage":"es","@id":"https:\/\/forummontau.com\/alicante\/#\/schema\/logo\/image\/","url":"https:\/\/forummontau.com\/alicante\/wp-content\/uploads\/sites\/8\/2020\/02\/forum_alicante_salud.png","contentUrl":"https:\/\/forummontau.com\/alicante\/wp-content\/uploads\/sites\/8\/2020\/02\/forum_alicante_salud.png","width":215,"height":118,"caption":"Forum Salud Mental Alicante"},"image":{"@id":"https:\/\/forummontau.com\/alicante\/#\/schema\/logo\/image\/"}},{"@type":"Person","@id":"https:\/\/forummontau.com\/alicante\/#\/schema\/person\/dd79fa1c0ba733edd439998f9d7f5e25","name":"Forum Salud Mental Madrid","image":{"@type":"ImageObject","inLanguage":"es","@id":"https:\/\/secure.gravatar.com\/avatar\/363495000985f108d724b036bf8fde103c31e3fb6464fc8997f0157fc03f27d8?s=96&d=mm&r=g","url":"https:\/\/secure.gravatar.com\/avatar\/363495000985f108d724b036bf8fde103c31e3fb6464fc8997f0157fc03f27d8?s=96&d=mm&r=g","contentUrl":"https:\/\/secure.gravatar.com\/avatar\/363495000985f108d724b036bf8fde103c31e3fb6464fc8997f0157fc03f27d8?s=96&d=mm&r=g","caption":"Forum Salud Mental Madrid"},"url":"https:\/\/forummontau.com\/alicante\/author\/adiccionma\/"}]}},"_links":{"self":[{"href":"https:\/\/forummontau.com\/alicante\/wp-json\/wp\/v2\/posts\/3478","targetHints":{"allow":["GET"]}}],"collection":[{"href":"https:\/\/forummontau.com\/alicante\/wp-json\/wp\/v2\/posts"}],"about":[{"href":"https:\/\/forummontau.com\/alicante\/wp-json\/wp\/v2\/types\/post"}],"author":[{"embeddable":true,"href":"https:\/\/forummontau.com\/alicante\/wp-json\/wp\/v2\/users\/2"}],"replies":[{"embeddable":true,"href":"https:\/\/forummontau.com\/alicante\/wp-json\/wp\/v2\/comments?post=3478"}],"version-history":[{"count":1,"href":"https:\/\/forummontau.com\/alicante\/wp-json\/wp\/v2\/posts\/3478\/revisions"}],"predecessor-version":[{"id":3480,"href":"https:\/\/forummontau.com\/alicante\/wp-json\/wp\/v2\/posts\/3478\/revisions\/3480"}],"wp:featuredmedia":[{"embeddable":true,"href":"https:\/\/forummontau.com\/alicante\/wp-json\/wp\/v2\/media\/3479"}],"wp:attachment":[{"href":"https:\/\/forummontau.com\/alicante\/wp-json\/wp\/v2\/media?parent=3478"}],"wp:term":[{"taxonomy":"category","embeddable":true,"href":"https:\/\/forummontau.com\/alicante\/wp-json\/wp\/v2\/categories?post=3478"},{"taxonomy":"post_tag","embeddable":true,"href":"https:\/\/forummontau.com\/alicante\/wp-json\/wp\/v2\/tags?post=3478"}],"curies":[{"name":"wp","href":"https:\/\/api.w.org\/{rel}","templated":true}]}}