{"id":1028,"date":"2017-10-30T09:41:36","date_gmt":"2017-10-30T09:41:36","guid":{"rendered":"http:\/\/www.adiccionesasturias.com\/?p=1028"},"modified":"2017-10-30T09:41:36","modified_gmt":"2017-10-30T09:41:36","slug":"te-vas-canas-los-ninos-culpable","status":"publish","type":"post","link":"https:\/\/forummontau.com\/asturias\/te-vas-canas-los-ninos-culpable\/","title":{"rendered":"\u00bfTe vas de ca\u00f1as con los ni\u00f1os? Culpable"},"content":{"rendered":"\n<p>Un reciente estudio brit\u00e1nico alerta sobre el efecto negativo que tiene en los ni\u00f1os que sus madres y padres beban alcohol de forma espor\u00e1dica y moderada. La conclusi\u00f3n te hace sentir a\u00fan peor: verte achispado, aunque solo sea un poco y de vez en cuando, preocupa, averg\u00fcenza y angustia a tus hijos.<\/p>\n\n\n\n<p>Lo acaban de publicar\u00a0dos instituciones (brit\u00e1nica y escocesa)\u00a0bas\u00e1ndose en unas 1.000 entrevistas a hijos y padres que beb\u00edan entorno a 14 unidades de alcohol a la semana (el m\u00e1ximo recomendado por las autoridades sanitarias brit\u00e1nicas: unas 14 ca\u00f1as o 7 copas de vino semanales). <\/p>\n\n\n\n<p>Es un informe curioso porque no trata sobre los terribles efectos del alcoholismo o el abuso del alcohol en las familias, sino sobre las consecuencias del consumo moderado. <\/p>\n\n\n\n<p>Es decir, el consumo del 51% de los padres encuestados, que admitieron haberse entonado alguna vez delante de sus hijos. En ingl\u00e9s lo llaman estar\u00a0<em>tipsy,<\/em>\u00a0que suena igual de inocente que estar\u00a0<em>piripi<\/em>. El 29% de los padres admitieron, adem\u00e1s, haber estado alguna vez borrachos frente a los ni\u00f1os. Y uno de cada tres declar\u00f3 que no pasaba nada si era una cosa excepcional. Una despedida de soltera. Una cena familiar. Fin de a\u00f1o. Francamente, que tire otro la primera piedra.<\/p>\n\n\n\n<p><strong>\u00bfY qu\u00e9 dijeron los ni\u00f1os?<\/strong>&nbsp;\u201cLos impactos negativos sobre los ni\u00f1os arrancan en niveles relativamente bajos de consumo de alcohol por parte de los padres\u201d explica el informe. Vamos, que no hace falta que bebas mucho ni con asiduidad para que se den cuenta de que bebes, de que ello te afecta y de que llevas una cervecita de m\u00e1s. Incluso, de que tienes resaca. As\u00ed, el 18% de los 1.000 ni\u00f1os se hab\u00eda avergonzado alguna vez de sus padres, el 11% se hab\u00edan preocupado, el 12% hab\u00eda sentido que les hac\u00edan menos caso y el 15% hab\u00edan visto trastornada su \u201crutina de acostarse\u201d, ya fuese porque les hab\u00edan mandado antes a la cama o m\u00e1s tarde de lo normal.<\/p>\n\n\n\n<p>El Instituto de Estudios Alcoh\u00f3licos, autor del informe, tiene su origen en el Movimiento por la Templanza, una iniciativa social de principios del XIX que promov\u00eda la abstinencia y que culmin\u00f3 en la Ley Seca. El t\u00edtulo de que el alcohol es \u201ccomo az\u00facar para los adultos\u201d se lo dio uno de los ni\u00f1os entrevistados. Otro dijo que era \u201cel lugar feliz\u201d de los mayores.<\/p>\n\n\n\n<p>Ahora entramos en el pantanoso terreno de las opiniones. En los medios brit\u00e1nicos\u00a0no han tardado en aparecer columnas\u00a0encendidas en contra del en\u00e9simo estudio que culpabiliza\u00a0a los padres por su comportamiento. <\/p>\n\n\n\n<p>El\u00a0<em>malamadrismo<\/em>\u00a0desacomplejado se ha vuelto a defender esgrimiendo que no es para tanto. Irse tarde a la cama o avergonzarse de tus padres no es el fin del mundo. Los ni\u00f1os son m\u00e1s \u201cresilientes\u201d (como ahora se dice \u201caguantan\u201d) de lo que creemos. <\/p>\n\n\n\n<p>Adem\u00e1s, lo importante es quererse, educar en la responsabilidad, la tolerancia y la proporci\u00f3n. Nadie es perfecto, dicen, cada cual hace lo que puede, ya est\u00e1 bien de hacernos sentir culpables. De acuerdo en todo, salvo en lo \u00faltimo.<\/p>\n\n\n\n<p>Voy a romper una lanza por la culpabilidad que, como las copas, hay que tomarla con moderaci\u00f3n. \u201cLo hago lo mejor que puedo\u201d me suena a excusa facilona, tanto como cuando tu madre te dice que eso que hac\u00edan en los setenta y que ahora parece un pecado capital de la crianza no era para tanto porque \u201ct\u00fa no has salido tan mal\u201d. Ya, mami, pero igual podr\u00eda haber salido mejor. Alucina, cabe esa posibilidad.<\/p>\n","protected":false},"excerpt":{"rendered":"<p>Un reciente estudio brit\u00e1nico alerta sobre el efecto negativo que tiene en los ni\u00f1os que sus madres y padres beban alcohol de forma espor\u00e1dica y moderada. La conclusi\u00f3n te hace sentir a\u00fan peor: verte achispado, aunque solo sea un poco y de vez en cuando, preocupa, averg\u00fcenza y angustia a tus hijos. Lo acaban de [&hellip;]<\/p>\n","protected":false},"author":7,"featured_media":1835,"comment_status":"closed","ping_status":"closed","sticky":false,"template":"","format":"standard","meta":{"ocean_post_layout":"","ocean_both_sidebars_style":"","ocean_both_sidebars_content_width":0,"ocean_both_sidebars_sidebars_width":0,"ocean_sidebar":"0","ocean_second_sidebar":"0","ocean_disable_margins":"enable","ocean_add_body_class":"","ocean_shortcode_before_top_bar":"","ocean_shortcode_after_top_bar":"","ocean_shortcode_before_header":"","ocean_shortcode_after_header":"","ocean_has_shortcode":"","ocean_shortcode_after_title":"","ocean_shortcode_before_footer_widgets":"","ocean_shortcode_after_footer_widgets":"","ocean_shortcode_before_footer_bottom":"","ocean_shortcode_after_footer_bottom":"","ocean_display_top_bar":"default","ocean_display_header":"default","ocean_header_style":"","ocean_center_header_left_menu":"0","ocean_custom_header_template":"0","ocean_custom_logo":0,"ocean_custom_retina_logo":0,"ocean_custom_logo_max_width":0,"ocean_custom_logo_tablet_max_width":0,"ocean_custom_logo_mobile_max_width":0,"ocean_custom_logo_max_height":0,"ocean_custom_logo_tablet_max_height":0,"ocean_custom_logo_mobile_max_height":0,"ocean_header_custom_menu":"0","ocean_menu_typo_font_family":"0","ocean_menu_typo_font_subset":"","ocean_menu_typo_font_size":0,"ocean_menu_typo_font_size_tablet":0,"ocean_menu_typo_font_size_mobile":0,"ocean_menu_typo_font_size_unit":"px","ocean_menu_typo_font_weight":"","ocean_menu_typo_font_weight_tablet":"","ocean_menu_typo_font_weight_mobile":"","ocean_menu_typo_transform":"","ocean_menu_typo_transform_tablet":"","ocean_menu_typo_transform_mobile":"","ocean_menu_typo_line_height":0,"ocean_menu_typo_line_height_tablet":0,"ocean_menu_typo_line_height_mobile":0,"ocean_menu_typo_line_height_unit":"","ocean_menu_typo_spacing":0,"ocean_menu_typo_spacing_tablet":0,"ocean_menu_typo_spacing_mobile":0,"ocean_menu_typo_spacing_unit":"","ocean_menu_link_color":"","ocean_menu_link_color_hover":"","ocean_menu_link_color_active":"","ocean_menu_link_background":"","ocean_menu_link_hover_background":"","ocean_menu_link_active_background":"","ocean_menu_social_links_bg":"","ocean_menu_social_hover_links_bg":"","ocean_menu_social_links_color":"","ocean_menu_social_hover_links_color":"","ocean_disable_title":"default","ocean_disable_heading":"default","ocean_post_title":"","ocean_post_subheading":"","ocean_post_title_style":"","ocean_post_title_background_color":"","ocean_post_title_background":0,"ocean_post_title_bg_image_position":"","ocean_post_title_bg_image_attachment":"","ocean_post_title_bg_image_repeat":"","ocean_post_title_bg_image_size":"","ocean_post_title_height":0,"ocean_post_title_bg_overlay":0.5,"ocean_post_title_bg_overlay_color":"","ocean_disable_breadcrumbs":"default","ocean_breadcrumbs_color":"","ocean_breadcrumbs_separator_color":"","ocean_breadcrumbs_links_color":"","ocean_breadcrumbs_links_hover_color":"","ocean_display_footer_widgets":"default","ocean_display_footer_bottom":"default","ocean_custom_footer_template":"0","ocean_post_oembed":"","ocean_post_self_hosted_media":"","ocean_post_video_embed":"","ocean_link_format":"","ocean_link_format_target":"self","ocean_quote_format":"","ocean_quote_format_link":"post","ocean_gallery_link_images":"off","ocean_gallery_id":[],"footnotes":""},"categories":[6,30,76],"tags":[],"class_list":["post-1028","post","type-post","status-publish","format-standard","has-post-thumbnail","hentry","category-adicciones","category-alcohol","category-prevencion","entry","has-media"],"yoast_head":"<!-- This site is optimized with the Yoast SEO plugin v27.5 - https:\/\/yoast.com\/product\/yoast-seo-wordpress\/ -->\n<title>\u00bfTe vas de ca\u00f1as con los ni\u00f1os? Culpable - Forum Salud Mental Asturias<\/title>\n<meta name=\"description\" content=\"Un estudio alerta sobre el efecto negativo que tiene en los ni\u00f1os que sus madres y padres beban alcohol de forma espor\u00e1dica y moderada.\" \/>\n<meta name=\"robots\" content=\"index, follow, max-snippet:-1, max-image-preview:large, max-video-preview:-1\" \/>\n<link rel=\"canonical\" href=\"https:\/\/forummontau.com\/asturias\/te-vas-canas-los-ninos-culpable\/\" \/>\n<meta property=\"og:locale\" content=\"es_ES\" \/>\n<meta property=\"og:type\" content=\"article\" \/>\n<meta property=\"og:title\" content=\"\u00bfTe vas de ca\u00f1as con los ni\u00f1os? Culpable - Forum Salud Mental Asturias\" \/>\n<meta property=\"og:description\" content=\"Un estudio alerta sobre el efecto negativo que tiene en los ni\u00f1os que sus madres y padres beban alcohol de forma espor\u00e1dica y moderada.\" \/>\n<meta property=\"og:url\" content=\"https:\/\/forummontau.com\/asturias\/te-vas-canas-los-ninos-culpable\/\" \/>\n<meta property=\"og:site_name\" content=\"Forum Salud Mental Asturias\" \/>\n<meta property=\"article:published_time\" content=\"2017-10-30T09:41:36+00:00\" \/>\n<meta property=\"og:image\" content=\"https:\/\/forummontau.com\/asturias\/wp-content\/uploads\/sites\/7\/2017\/10\/alcoholyninos-2.png\" \/>\n\t<meta property=\"og:image:width\" content=\"700\" \/>\n\t<meta property=\"og:image:height\" content=\"466\" \/>\n\t<meta property=\"og:image:type\" content=\"image\/png\" \/>\n<meta name=\"author\" content=\"Forum Salud Mental Asturias\" \/>\n<meta name=\"twitter:card\" content=\"summary_large_image\" \/>\n<meta name=\"twitter:label1\" content=\"Escrito por\" \/>\n\t<meta name=\"twitter:data1\" content=\"Forum Salud Mental Asturias\" \/>\n\t<meta name=\"twitter:label2\" content=\"Tiempo de lectura\" \/>\n\t<meta name=\"twitter:data2\" content=\"3 minutos\" \/>\n<script type=\"application\/ld+json\" class=\"yoast-schema-graph\">{\"@context\":\"https:\\\/\\\/schema.org\",\"@graph\":[{\"@type\":\"Article\",\"@id\":\"https:\\\/\\\/forummontau.com\\\/asturias\\\/te-vas-canas-los-ninos-culpable\\\/#article\",\"isPartOf\":{\"@id\":\"https:\\\/\\\/forummontau.com\\\/asturias\\\/te-vas-canas-los-ninos-culpable\\\/\"},\"author\":{\"name\":\"Forum Salud Mental Asturias\",\"@id\":\"https:\\\/\\\/forummontau.com\\\/asturias\\\/#\\\/schema\\\/person\\\/4c3c9ec862e1fa8c32dbc0042dd4886d\"},\"headline\":\"\u00bfTe vas de ca\u00f1as con los ni\u00f1os? Culpable\",\"datePublished\":\"2017-10-30T09:41:36+00:00\",\"mainEntityOfPage\":{\"@id\":\"https:\\\/\\\/forummontau.com\\\/asturias\\\/te-vas-canas-los-ninos-culpable\\\/\"},\"wordCount\":625,\"publisher\":{\"@id\":\"https:\\\/\\\/forummontau.com\\\/asturias\\\/#organization\"},\"image\":{\"@id\":\"https:\\\/\\\/forummontau.com\\\/asturias\\\/te-vas-canas-los-ninos-culpable\\\/#primaryimage\"},\"thumbnailUrl\":\"https:\\\/\\\/forummontau.com\\\/asturias\\\/wp-content\\\/uploads\\\/sites\\\/7\\\/2017\\\/10\\\/alcoholyninos-2.png\",\"articleSection\":[\"Adicciones\",\"alcohol\",\"Prevenci\u00f3n\"],\"inLanguage\":\"es\"},{\"@type\":\"WebPage\",\"@id\":\"https:\\\/\\\/forummontau.com\\\/asturias\\\/te-vas-canas-los-ninos-culpable\\\/\",\"url\":\"https:\\\/\\\/forummontau.com\\\/asturias\\\/te-vas-canas-los-ninos-culpable\\\/\",\"name\":\"\u00bfTe vas de ca\u00f1as con los ni\u00f1os? Culpable - Forum Salud Mental Asturias\",\"isPartOf\":{\"@id\":\"https:\\\/\\\/forummontau.com\\\/asturias\\\/#website\"},\"primaryImageOfPage\":{\"@id\":\"https:\\\/\\\/forummontau.com\\\/asturias\\\/te-vas-canas-los-ninos-culpable\\\/#primaryimage\"},\"image\":{\"@id\":\"https:\\\/\\\/forummontau.com\\\/asturias\\\/te-vas-canas-los-ninos-culpable\\\/#primaryimage\"},\"thumbnailUrl\":\"https:\\\/\\\/forummontau.com\\\/asturias\\\/wp-content\\\/uploads\\\/sites\\\/7\\\/2017\\\/10\\\/alcoholyninos-2.png\",\"datePublished\":\"2017-10-30T09:41:36+00:00\",\"description\":\"Un estudio alerta sobre el efecto negativo que tiene en los ni\u00f1os que sus madres y padres beban alcohol de forma espor\u00e1dica y moderada.\",\"breadcrumb\":{\"@id\":\"https:\\\/\\\/forummontau.com\\\/asturias\\\/te-vas-canas-los-ninos-culpable\\\/#breadcrumb\"},\"inLanguage\":\"es\",\"potentialAction\":[{\"@type\":\"ReadAction\",\"target\":[\"https:\\\/\\\/forummontau.com\\\/asturias\\\/te-vas-canas-los-ninos-culpable\\\/\"]}]},{\"@type\":\"ImageObject\",\"inLanguage\":\"es\",\"@id\":\"https:\\\/\\\/forummontau.com\\\/asturias\\\/te-vas-canas-los-ninos-culpable\\\/#primaryimage\",\"url\":\"https:\\\/\\\/forummontau.com\\\/asturias\\\/wp-content\\\/uploads\\\/sites\\\/7\\\/2017\\\/10\\\/alcoholyninos-2.png\",\"contentUrl\":\"https:\\\/\\\/forummontau.com\\\/asturias\\\/wp-content\\\/uploads\\\/sites\\\/7\\\/2017\\\/10\\\/alcoholyninos-2.png\",\"width\":700,\"height\":466},{\"@type\":\"BreadcrumbList\",\"@id\":\"https:\\\/\\\/forummontau.com\\\/asturias\\\/te-vas-canas-los-ninos-culpable\\\/#breadcrumb\",\"itemListElement\":[{\"@type\":\"ListItem\",\"position\":1,\"name\":\"Portada\",\"item\":\"https:\\\/\\\/forummontau.com\\\/asturias\\\/\"},{\"@type\":\"ListItem\",\"position\":2,\"name\":\"\u00bfTe vas de ca\u00f1as con los ni\u00f1os? Culpable\"}]},{\"@type\":\"WebSite\",\"@id\":\"https:\\\/\\\/forummontau.com\\\/asturias\\\/#website\",\"url\":\"https:\\\/\\\/forummontau.com\\\/asturias\\\/\",\"name\":\"Forum Salud Mental Asturias\",\"description\":\"Centro Desintoxicaci\u00f3n y Adicciones en Asturias. Centros en Gij\u00f3n y en Oviedo.\",\"publisher\":{\"@id\":\"https:\\\/\\\/forummontau.com\\\/asturias\\\/#organization\"},\"potentialAction\":[{\"@type\":\"SearchAction\",\"target\":{\"@type\":\"EntryPoint\",\"urlTemplate\":\"https:\\\/\\\/forummontau.com\\\/asturias\\\/?s={search_term_string}\"},\"query-input\":{\"@type\":\"PropertyValueSpecification\",\"valueRequired\":true,\"valueName\":\"search_term_string\"}}],\"inLanguage\":\"es\"},{\"@type\":\"Organization\",\"@id\":\"https:\\\/\\\/forummontau.com\\\/asturias\\\/#organization\",\"name\":\"Forum Salud Mental Asturias\",\"url\":\"https:\\\/\\\/forummontau.com\\\/asturias\\\/\",\"logo\":{\"@type\":\"ImageObject\",\"inLanguage\":\"es\",\"@id\":\"https:\\\/\\\/forummontau.com\\\/asturias\\\/#\\\/schema\\\/logo\\\/image\\\/\",\"url\":\"https:\\\/\\\/forummontau.com\\\/asturias\\\/wp-content\\\/uploads\\\/sites\\\/7\\\/2020\\\/02\\\/asturias-1.png\",\"contentUrl\":\"https:\\\/\\\/forummontau.com\\\/asturias\\\/wp-content\\\/uploads\\\/sites\\\/7\\\/2020\\\/02\\\/asturias-1.png\",\"width\":214,\"height\":119,\"caption\":\"Forum Salud Mental Asturias\"},\"image\":{\"@id\":\"https:\\\/\\\/forummontau.com\\\/asturias\\\/#\\\/schema\\\/logo\\\/image\\\/\"}},{\"@type\":\"Person\",\"@id\":\"https:\\\/\\\/forummontau.com\\\/asturias\\\/#\\\/schema\\\/person\\\/4c3c9ec862e1fa8c32dbc0042dd4886d\",\"name\":\"Forum Salud Mental Asturias\",\"image\":{\"@type\":\"ImageObject\",\"inLanguage\":\"es\",\"@id\":\"https:\\\/\\\/secure.gravatar.com\\\/avatar\\\/?s=96&d=mm&r=g\",\"url\":\"https:\\\/\\\/secure.gravatar.com\\\/avatar\\\/?s=96&d=mm&r=g\",\"contentUrl\":\"https:\\\/\\\/secure.gravatar.com\\\/avatar\\\/?s=96&d=mm&r=g\",\"caption\":\"Forum Salud Mental Asturias\"}}]}<\/script>\n<!-- \/ Yoast SEO plugin. -->","yoast_head_json":{"title":"\u00bfTe vas de ca\u00f1as con los ni\u00f1os? Culpable - Forum Salud Mental Asturias","description":"Un estudio alerta sobre el efecto negativo que tiene en los ni\u00f1os que sus madres y padres beban alcohol de forma espor\u00e1dica y moderada.","robots":{"index":"index","follow":"follow","max-snippet":"max-snippet:-1","max-image-preview":"max-image-preview:large","max-video-preview":"max-video-preview:-1"},"canonical":"https:\/\/forummontau.com\/asturias\/te-vas-canas-los-ninos-culpable\/","og_locale":"es_ES","og_type":"article","og_title":"\u00bfTe vas de ca\u00f1as con los ni\u00f1os? Culpable - Forum Salud Mental Asturias","og_description":"Un estudio alerta sobre el efecto negativo que tiene en los ni\u00f1os que sus madres y padres beban alcohol de forma espor\u00e1dica y moderada.","og_url":"https:\/\/forummontau.com\/asturias\/te-vas-canas-los-ninos-culpable\/","og_site_name":"Forum Salud Mental Asturias","article_published_time":"2017-10-30T09:41:36+00:00","og_image":[{"width":700,"height":466,"url":"https:\/\/forummontau.com\/asturias\/wp-content\/uploads\/sites\/7\/2017\/10\/alcoholyninos-2.png","type":"image\/png"}],"author":"Forum Salud Mental Asturias","twitter_card":"summary_large_image","twitter_misc":{"Escrito por":"Forum Salud Mental Asturias","Tiempo de lectura":"3 minutos"},"schema":{"@context":"https:\/\/schema.org","@graph":[{"@type":"Article","@id":"https:\/\/forummontau.com\/asturias\/te-vas-canas-los-ninos-culpable\/#article","isPartOf":{"@id":"https:\/\/forummontau.com\/asturias\/te-vas-canas-los-ninos-culpable\/"},"author":{"name":"Forum Salud Mental Asturias","@id":"https:\/\/forummontau.com\/asturias\/#\/schema\/person\/4c3c9ec862e1fa8c32dbc0042dd4886d"},"headline":"\u00bfTe vas de ca\u00f1as con los ni\u00f1os? Culpable","datePublished":"2017-10-30T09:41:36+00:00","mainEntityOfPage":{"@id":"https:\/\/forummontau.com\/asturias\/te-vas-canas-los-ninos-culpable\/"},"wordCount":625,"publisher":{"@id":"https:\/\/forummontau.com\/asturias\/#organization"},"image":{"@id":"https:\/\/forummontau.com\/asturias\/te-vas-canas-los-ninos-culpable\/#primaryimage"},"thumbnailUrl":"https:\/\/forummontau.com\/asturias\/wp-content\/uploads\/sites\/7\/2017\/10\/alcoholyninos-2.png","articleSection":["Adicciones","alcohol","Prevenci\u00f3n"],"inLanguage":"es"},{"@type":"WebPage","@id":"https:\/\/forummontau.com\/asturias\/te-vas-canas-los-ninos-culpable\/","url":"https:\/\/forummontau.com\/asturias\/te-vas-canas-los-ninos-culpable\/","name":"\u00bfTe vas de ca\u00f1as con los ni\u00f1os? Culpable - Forum Salud Mental Asturias","isPartOf":{"@id":"https:\/\/forummontau.com\/asturias\/#website"},"primaryImageOfPage":{"@id":"https:\/\/forummontau.com\/asturias\/te-vas-canas-los-ninos-culpable\/#primaryimage"},"image":{"@id":"https:\/\/forummontau.com\/asturias\/te-vas-canas-los-ninos-culpable\/#primaryimage"},"thumbnailUrl":"https:\/\/forummontau.com\/asturias\/wp-content\/uploads\/sites\/7\/2017\/10\/alcoholyninos-2.png","datePublished":"2017-10-30T09:41:36+00:00","description":"Un estudio alerta sobre el efecto negativo que tiene en los ni\u00f1os que sus madres y padres beban alcohol de forma espor\u00e1dica y moderada.","breadcrumb":{"@id":"https:\/\/forummontau.com\/asturias\/te-vas-canas-los-ninos-culpable\/#breadcrumb"},"inLanguage":"es","potentialAction":[{"@type":"ReadAction","target":["https:\/\/forummontau.com\/asturias\/te-vas-canas-los-ninos-culpable\/"]}]},{"@type":"ImageObject","inLanguage":"es","@id":"https:\/\/forummontau.com\/asturias\/te-vas-canas-los-ninos-culpable\/#primaryimage","url":"https:\/\/forummontau.com\/asturias\/wp-content\/uploads\/sites\/7\/2017\/10\/alcoholyninos-2.png","contentUrl":"https:\/\/forummontau.com\/asturias\/wp-content\/uploads\/sites\/7\/2017\/10\/alcoholyninos-2.png","width":700,"height":466},{"@type":"BreadcrumbList","@id":"https:\/\/forummontau.com\/asturias\/te-vas-canas-los-ninos-culpable\/#breadcrumb","itemListElement":[{"@type":"ListItem","position":1,"name":"Portada","item":"https:\/\/forummontau.com\/asturias\/"},{"@type":"ListItem","position":2,"name":"\u00bfTe vas de ca\u00f1as con los ni\u00f1os? Culpable"}]},{"@type":"WebSite","@id":"https:\/\/forummontau.com\/asturias\/#website","url":"https:\/\/forummontau.com\/asturias\/","name":"Forum Salud Mental Asturias","description":"Centro Desintoxicaci\u00f3n y Adicciones en Asturias. Centros en Gij\u00f3n y en Oviedo.","publisher":{"@id":"https:\/\/forummontau.com\/asturias\/#organization"},"potentialAction":[{"@type":"SearchAction","target":{"@type":"EntryPoint","urlTemplate":"https:\/\/forummontau.com\/asturias\/?s={search_term_string}"},"query-input":{"@type":"PropertyValueSpecification","valueRequired":true,"valueName":"search_term_string"}}],"inLanguage":"es"},{"@type":"Organization","@id":"https:\/\/forummontau.com\/asturias\/#organization","name":"Forum Salud Mental Asturias","url":"https:\/\/forummontau.com\/asturias\/","logo":{"@type":"ImageObject","inLanguage":"es","@id":"https:\/\/forummontau.com\/asturias\/#\/schema\/logo\/image\/","url":"https:\/\/forummontau.com\/asturias\/wp-content\/uploads\/sites\/7\/2020\/02\/asturias-1.png","contentUrl":"https:\/\/forummontau.com\/asturias\/wp-content\/uploads\/sites\/7\/2020\/02\/asturias-1.png","width":214,"height":119,"caption":"Forum Salud Mental Asturias"},"image":{"@id":"https:\/\/forummontau.com\/asturias\/#\/schema\/logo\/image\/"}},{"@type":"Person","@id":"https:\/\/forummontau.com\/asturias\/#\/schema\/person\/4c3c9ec862e1fa8c32dbc0042dd4886d","name":"Forum Salud Mental Asturias","image":{"@type":"ImageObject","inLanguage":"es","@id":"https:\/\/secure.gravatar.com\/avatar\/?s=96&d=mm&r=g","url":"https:\/\/secure.gravatar.com\/avatar\/?s=96&d=mm&r=g","contentUrl":"https:\/\/secure.gravatar.com\/avatar\/?s=96&d=mm&r=g","caption":"Forum Salud Mental Asturias"}}]}},"_links":{"self":[{"href":"https:\/\/forummontau.com\/asturias\/wp-json\/wp\/v2\/posts\/1028","targetHints":{"allow":["GET"]}}],"collection":[{"href":"https:\/\/forummontau.com\/asturias\/wp-json\/wp\/v2\/posts"}],"about":[{"href":"https:\/\/forummontau.com\/asturias\/wp-json\/wp\/v2\/types\/post"}],"author":[{"embeddable":true,"href":"https:\/\/forummontau.com\/asturias\/wp-json\/wp\/v2\/users\/7"}],"replies":[{"embeddable":true,"href":"https:\/\/forummontau.com\/asturias\/wp-json\/wp\/v2\/comments?post=1028"}],"version-history":[{"count":0,"href":"https:\/\/forummontau.com\/asturias\/wp-json\/wp\/v2\/posts\/1028\/revisions"}],"wp:featuredmedia":[{"embeddable":true,"href":"https:\/\/forummontau.com\/asturias\/wp-json\/wp\/v2\/media\/1835"}],"wp:attachment":[{"href":"https:\/\/forummontau.com\/asturias\/wp-json\/wp\/v2\/media?parent=1028"}],"wp:term":[{"taxonomy":"category","embeddable":true,"href":"https:\/\/forummontau.com\/asturias\/wp-json\/wp\/v2\/categories?post=1028"},{"taxonomy":"post_tag","embeddable":true,"href":"https:\/\/forummontau.com\/asturias\/wp-json\/wp\/v2\/tags?post=1028"}],"curies":[{"name":"wp","href":"https:\/\/api.w.org\/{rel}","templated":true}]}}