{"id":2216,"date":"2017-07-08T17:39:22","date_gmt":"2017-07-08T17:39:22","guid":{"rendered":"http:\/\/www.adiccionesasturias.com\/?p=706"},"modified":"2017-07-08T17:39:22","modified_gmt":"2017-07-08T17:39:22","slug":"educar-para-prevenir","status":"publish","type":"post","link":"https:\/\/forummontau.com\/asturias\/educar-para-prevenir\/","title":{"rendered":"Educar para prevenir"},"content":{"rendered":"<p>Las intoxicaciones et\u00edlicas en menores son cada vez m\u00e1s frecuentes. La historia de Laura, la ni\u00f1a de 12 a\u00f1os que muri\u00f3 tras un botell\u00f3n en Madrid no es una historia aislada. Es una tragedia que est\u00e1 ah\u00ed y que preocupa a familias, administraciones, sanitarios y entidades que trabajan en los \u00e1mbitos de la prevenci\u00f3n y la atenci\u00f3n.<br \/>\nLa nueva moda de consumo entre los m\u00e1s j\u00f3venes el \u201cbinge drinking\u201d o el atrac\u00f3n, beber lo m\u00e1s r\u00e1pido posible para que, cuanto antes, se sienta el efecto de embriaguez es la pr\u00e1ctica m\u00e1s habitual en la actualidad. Sin embargo, este patr\u00f3n unido a una edad temprana origina problemas de intoxicaciones que dejar\u00e1n secuelas para toda la vida.<br \/>\n\u00bfPero qu\u00e9 podemos hacer los padres para prevenir este consumo tan temprano de alcohol?<\/p>\n<p>Aunque no es una tarea f\u00e1cil porque educar no es f\u00e1cil, ni existe una f\u00f3rmula m\u00e1gica para evitar este tipo de comportamiento, s\u00ed que podemos seguir una serie de pautas que nos pueden ayudar a afrontar este tema.<\/p>\n<p><strong>Establecer una buena comunicaci\u00f3n<\/strong><\/p>\n<p>El di\u00e1logo familiar es un arma de prevenci\u00f3n importante para evitar y\/o tratar a tiempo conductas indeseadas en los menores. Esta estrecha comunicaci\u00f3n debe favorecerse desde la infancia, pues es el \u00fanico modo de que ya est\u00e9 establecida durante la adolescencia. Cuando el ni\u00f1o tenga 13 o 14 a\u00f1os, preferir\u00e1 hablar con sus amigos en lugar de con sus padres, por eso es importante haber establecido antes esta pauta de comunicaci\u00f3n. Adem\u00e1s, si el ni\u00f1o sabe comunicarse adecuadamente en familia, podr\u00e1 seguir tambi\u00e9n este modelo en sus relaciones con sus amigos.<br \/>\nBuscar intereses comunes<br \/>\nBuscar una forma de divertirse conjuntamente con los hijos, interes\u00e1ndose, a su vez, por las cosas que les resulten atractivas a ellos. Es un modo tambi\u00e9n de inculcarles actividades de ocio saludables que resulten una alternativa al alcohol.<\/p>\n<p><strong>Tratar a cada hijo de forma individualizada<\/strong><\/p>\n<p>Debemos respetar las singularidades de cada hijo, estableciendo para \u00e9l unas pautas adaptadas a sus necesidades y potencialidades tanto en el \u00e1mbito acad\u00e9mico como en el \u00e1mbito personal.<br \/>\nTransmitir valores<br \/>\nLa familia debe transmitir a los hijos los valores \u00e9ticos, religiosos, morales o culturales que posee para aportar seguridad y ayudar a relacionarse con su entorno.<br \/>\n<strong>Promover la autonom\u00eda y la responsabilidad<br \/>\n<\/strong><br \/>\nEducar al ni\u00f1o desde la infancia para asumir peque\u00f1as responsabilidades con las que se sienta comprometido. Esta es una forma de hacerlo sentir importante y aut\u00f3nomo, lo que le valdr\u00e1 posteriormente en la toma de decisiones propias. La sobreprotecci\u00f3n debe evitarse, de modo que el ni\u00f1o aprenda a tolerar las frustraciones y a saber controlar sus impulsos para calmar sus deseos de inmediato.<br \/>\n<strong>Dedicar un tiempo a cada hijo<br \/>\n<\/strong><\/p>\n<p>El contacto individual y personal con cada uno de los hijos ayuda a establecer una relaci\u00f3n arm\u00f3nica entre padres e hijos. Hay que tener en cuenta que uno de los factores que pueden favorecer el inicio temprano del ni\u00f1o en el consumo de alcohol son las malas relaciones familiares, ya sea por ansiedad o por oposicionismo.<\/p>\n<p><strong>Promover la sobriedad en el dinero<\/strong><\/p>\n<p>Es beneficioso que el menor compruebe c\u00f3mo sus padres no son despilfarradores en asuntos econ\u00f3micos. Esa contenci\u00f3n le ayudar\u00e1 tambi\u00e9n a valorar el dinero, que no se les debe proporcionar en cantidades muy altas durante la adolescencia.<\/p>\n<p><strong>Ser un buen ejemplo en el consumo de alcohol<\/strong><\/p>\n<p>Si nuestros hijos nos ven beber, aprender\u00e1n este comportamiento. Moderar el consumo de alcohol delante de nuestros hijos.<\/p>\n<p><strong>Establecer l\u00edmites claros y consistentes<\/strong><\/p>\n<p>El ni\u00f1o debe tener conciencia de que siempre son los padres los que establecen los l\u00edmites en cuanto a horarios de salida y comportamientos permitidos. Esa autoridad otorga seguridad al ni\u00f1o y refuerza su autoestima.<br \/>\n<strong>Reforzar positivamente sus logros<\/strong><\/p>\n<p>Gozar de una buena autoestima es clave en el desarrollo arm\u00f3nico de la personalidad y en la prevenci\u00f3n de comportamientos de riesgo. Si el ni\u00f1o es capaz de no ceder ante las presiones del grupo para que beba y no necesita tomar alcohol para sentirse integrado, habr\u00e1 recorrido un gran camino.<\/p>\n","protected":false},"excerpt":{"rendered":"<p>Las intoxicaciones et\u00edlicas en menores son cada vez m\u00e1s frecuentes. La historia de Laura, la ni\u00f1a de 12 a\u00f1os que muri\u00f3 tras un botell\u00f3n en Madrid no es una historia aislada. Es una tragedia que est\u00e1 ah\u00ed y que preocupa a familias, administraciones, sanitarios y entidades que trabajan en los \u00e1mbitos de la prevenci\u00f3n y [&hellip;]<\/p>\n","protected":false},"author":7,"featured_media":712,"comment_status":"closed","ping_status":"open","sticky":false,"template":"","format":"standard","meta":{"ocean_post_layout":"","ocean_both_sidebars_style":"","ocean_both_sidebars_content_width":0,"ocean_both_sidebars_sidebars_width":0,"ocean_sidebar":"","ocean_second_sidebar":"","ocean_disable_margins":"enable","ocean_add_body_class":"","ocean_shortcode_before_top_bar":"","ocean_shortcode_after_top_bar":"","ocean_shortcode_before_header":"","ocean_shortcode_after_header":"","ocean_has_shortcode":"","ocean_shortcode_after_title":"","ocean_shortcode_before_footer_widgets":"","ocean_shortcode_after_footer_widgets":"","ocean_shortcode_before_footer_bottom":"","ocean_shortcode_after_footer_bottom":"","ocean_display_top_bar":"default","ocean_display_header":"default","ocean_header_style":"","ocean_center_header_left_menu":"","ocean_custom_header_template":"","ocean_custom_logo":0,"ocean_custom_retina_logo":0,"ocean_custom_logo_max_width":0,"ocean_custom_logo_tablet_max_width":0,"ocean_custom_logo_mobile_max_width":0,"ocean_custom_logo_max_height":0,"ocean_custom_logo_tablet_max_height":0,"ocean_custom_logo_mobile_max_height":0,"ocean_header_custom_menu":"","ocean_menu_typo_font_family":"","ocean_menu_typo_font_subset":"","ocean_menu_typo_font_size":0,"ocean_menu_typo_font_size_tablet":0,"ocean_menu_typo_font_size_mobile":0,"ocean_menu_typo_font_size_unit":"px","ocean_menu_typo_font_weight":"","ocean_menu_typo_font_weight_tablet":"","ocean_menu_typo_font_weight_mobile":"","ocean_menu_typo_transform":"","ocean_menu_typo_transform_tablet":"","ocean_menu_typo_transform_mobile":"","ocean_menu_typo_line_height":0,"ocean_menu_typo_line_height_tablet":0,"ocean_menu_typo_line_height_mobile":0,"ocean_menu_typo_line_height_unit":"","ocean_menu_typo_spacing":0,"ocean_menu_typo_spacing_tablet":0,"ocean_menu_typo_spacing_mobile":0,"ocean_menu_typo_spacing_unit":"","ocean_menu_link_color":"","ocean_menu_link_color_hover":"","ocean_menu_link_color_active":"","ocean_menu_link_background":"","ocean_menu_link_hover_background":"","ocean_menu_link_active_background":"","ocean_menu_social_links_bg":"","ocean_menu_social_hover_links_bg":"","ocean_menu_social_links_color":"","ocean_menu_social_hover_links_color":"","ocean_disable_title":"default","ocean_disable_heading":"default","ocean_post_title":"","ocean_post_subheading":"","ocean_post_title_style":"","ocean_post_title_background_color":"","ocean_post_title_background":0,"ocean_post_title_bg_image_position":"","ocean_post_title_bg_image_attachment":"","ocean_post_title_bg_image_repeat":"","ocean_post_title_bg_image_size":"","ocean_post_title_height":0,"ocean_post_title_bg_overlay":0.5,"ocean_post_title_bg_overlay_color":"","ocean_disable_breadcrumbs":"default","ocean_breadcrumbs_color":"","ocean_breadcrumbs_separator_color":"","ocean_breadcrumbs_links_color":"","ocean_breadcrumbs_links_hover_color":"","ocean_display_footer_widgets":"default","ocean_display_footer_bottom":"default","ocean_custom_footer_template":"","ocean_post_oembed":"","ocean_post_self_hosted_media":"","ocean_post_video_embed":"","ocean_link_format":"","ocean_link_format_target":"self","ocean_quote_format":"","ocean_quote_format_link":"post","ocean_gallery_link_images":"on","ocean_gallery_id":[],"footnotes":""},"categories":[76],"tags":[],"class_list":["post-2216","post","type-post","status-publish","format-standard","has-post-thumbnail","hentry","category-prevencion","entry","has-media"],"yoast_head":"<!-- This site is optimized with the Yoast SEO plugin v27.5 - https:\/\/yoast.com\/product\/yoast-seo-wordpress\/ -->\n<title>Educar para prevenir - Forum Salud Mental Asturias<\/title>\n<meta name=\"robots\" content=\"index, follow, max-snippet:-1, max-image-preview:large, max-video-preview:-1\" \/>\n<link rel=\"canonical\" href=\"https:\/\/forummontau.com\/asturias\/educar-para-prevenir\/\" \/>\n<meta property=\"og:locale\" content=\"es_ES\" \/>\n<meta property=\"og:type\" content=\"article\" \/>\n<meta property=\"og:title\" content=\"Educar para prevenir - Forum Salud Mental Asturias\" \/>\n<meta property=\"og:description\" content=\"Las intoxicaciones et\u00edlicas en menores son cada vez m\u00e1s frecuentes. La historia de Laura, la ni\u00f1a de 12 a\u00f1os que muri\u00f3 tras un botell\u00f3n en Madrid no es una historia aislada. Es una tragedia que est\u00e1 ah\u00ed y que preocupa a familias, administraciones, sanitarios y entidades que trabajan en los \u00e1mbitos de la prevenci\u00f3n y [&hellip;]\" \/>\n<meta property=\"og:url\" content=\"https:\/\/forummontau.com\/asturias\/educar-para-prevenir\/\" \/>\n<meta property=\"og:site_name\" content=\"Forum Salud Mental Asturias\" \/>\n<meta property=\"article:published_time\" content=\"2017-07-08T17:39:22+00:00\" \/>\n<meta property=\"og:image\" content=\"https:\/\/forummontau.com\/asturias\/wp-content\/uploads\/sites\/7\/2017\/07\/educar-2.png\" \/>\n\t<meta property=\"og:image:width\" content=\"600\" \/>\n\t<meta property=\"og:image:height\" content=\"367\" \/>\n\t<meta property=\"og:image:type\" content=\"image\/png\" \/>\n<meta name=\"author\" content=\"Forum Salud Mental Asturias\" \/>\n<meta name=\"twitter:card\" content=\"summary_large_image\" \/>\n<meta name=\"twitter:label1\" content=\"Escrito por\" \/>\n\t<meta name=\"twitter:data1\" content=\"Forum Salud Mental Asturias\" \/>\n\t<meta name=\"twitter:label2\" content=\"Tiempo de lectura\" \/>\n\t<meta name=\"twitter:data2\" content=\"4 minutos\" \/>\n<script type=\"application\/ld+json\" class=\"yoast-schema-graph\">{\"@context\":\"https:\\\/\\\/schema.org\",\"@graph\":[{\"@type\":\"Article\",\"@id\":\"https:\\\/\\\/forummontau.com\\\/asturias\\\/educar-para-prevenir\\\/#article\",\"isPartOf\":{\"@id\":\"https:\\\/\\\/forummontau.com\\\/asturias\\\/educar-para-prevenir\\\/\"},\"author\":{\"name\":\"Forum Salud Mental Asturias\",\"@id\":\"https:\\\/\\\/forummontau.com\\\/asturias\\\/#\\\/schema\\\/person\\\/4c3c9ec862e1fa8c32dbc0042dd4886d\"},\"headline\":\"Educar para prevenir\",\"datePublished\":\"2017-07-08T17:39:22+00:00\",\"mainEntityOfPage\":{\"@id\":\"https:\\\/\\\/forummontau.com\\\/asturias\\\/educar-para-prevenir\\\/\"},\"wordCount\":717,\"publisher\":{\"@id\":\"https:\\\/\\\/forummontau.com\\\/asturias\\\/#organization\"},\"image\":{\"@id\":\"https:\\\/\\\/forummontau.com\\\/asturias\\\/educar-para-prevenir\\\/#primaryimage\"},\"thumbnailUrl\":\"https:\\\/\\\/forummontau.com\\\/asturias\\\/wp-content\\\/uploads\\\/sites\\\/7\\\/2017\\\/07\\\/educar-2.png\",\"articleSection\":[\"Prevenci\u00f3n\"],\"inLanguage\":\"es\"},{\"@type\":\"WebPage\",\"@id\":\"https:\\\/\\\/forummontau.com\\\/asturias\\\/educar-para-prevenir\\\/\",\"url\":\"https:\\\/\\\/forummontau.com\\\/asturias\\\/educar-para-prevenir\\\/\",\"name\":\"Educar para prevenir - Forum Salud Mental Asturias\",\"isPartOf\":{\"@id\":\"https:\\\/\\\/forummontau.com\\\/asturias\\\/#website\"},\"primaryImageOfPage\":{\"@id\":\"https:\\\/\\\/forummontau.com\\\/asturias\\\/educar-para-prevenir\\\/#primaryimage\"},\"image\":{\"@id\":\"https:\\\/\\\/forummontau.com\\\/asturias\\\/educar-para-prevenir\\\/#primaryimage\"},\"thumbnailUrl\":\"https:\\\/\\\/forummontau.com\\\/asturias\\\/wp-content\\\/uploads\\\/sites\\\/7\\\/2017\\\/07\\\/educar-2.png\",\"datePublished\":\"2017-07-08T17:39:22+00:00\",\"breadcrumb\":{\"@id\":\"https:\\\/\\\/forummontau.com\\\/asturias\\\/educar-para-prevenir\\\/#breadcrumb\"},\"inLanguage\":\"es\",\"potentialAction\":[{\"@type\":\"ReadAction\",\"target\":[\"https:\\\/\\\/forummontau.com\\\/asturias\\\/educar-para-prevenir\\\/\"]}]},{\"@type\":\"ImageObject\",\"inLanguage\":\"es\",\"@id\":\"https:\\\/\\\/forummontau.com\\\/asturias\\\/educar-para-prevenir\\\/#primaryimage\",\"url\":\"https:\\\/\\\/forummontau.com\\\/asturias\\\/wp-content\\\/uploads\\\/sites\\\/7\\\/2017\\\/07\\\/educar-2.png\",\"contentUrl\":\"https:\\\/\\\/forummontau.com\\\/asturias\\\/wp-content\\\/uploads\\\/sites\\\/7\\\/2017\\\/07\\\/educar-2.png\",\"width\":600,\"height\":367},{\"@type\":\"BreadcrumbList\",\"@id\":\"https:\\\/\\\/forummontau.com\\\/asturias\\\/educar-para-prevenir\\\/#breadcrumb\",\"itemListElement\":[{\"@type\":\"ListItem\",\"position\":1,\"name\":\"Portada\",\"item\":\"https:\\\/\\\/forummontau.com\\\/asturias\\\/\"},{\"@type\":\"ListItem\",\"position\":2,\"name\":\"Educar para prevenir\"}]},{\"@type\":\"WebSite\",\"@id\":\"https:\\\/\\\/forummontau.com\\\/asturias\\\/#website\",\"url\":\"https:\\\/\\\/forummontau.com\\\/asturias\\\/\",\"name\":\"Forum Salud Mental Asturias\",\"description\":\"Centro Desintoxicaci\u00f3n y Adicciones en Asturias. Centros en Gij\u00f3n y en Oviedo.\",\"publisher\":{\"@id\":\"https:\\\/\\\/forummontau.com\\\/asturias\\\/#organization\"},\"potentialAction\":[{\"@type\":\"SearchAction\",\"target\":{\"@type\":\"EntryPoint\",\"urlTemplate\":\"https:\\\/\\\/forummontau.com\\\/asturias\\\/?s={search_term_string}\"},\"query-input\":{\"@type\":\"PropertyValueSpecification\",\"valueRequired\":true,\"valueName\":\"search_term_string\"}}],\"inLanguage\":\"es\"},{\"@type\":\"Organization\",\"@id\":\"https:\\\/\\\/forummontau.com\\\/asturias\\\/#organization\",\"name\":\"Forum Salud Mental Asturias\",\"url\":\"https:\\\/\\\/forummontau.com\\\/asturias\\\/\",\"logo\":{\"@type\":\"ImageObject\",\"inLanguage\":\"es\",\"@id\":\"https:\\\/\\\/forummontau.com\\\/asturias\\\/#\\\/schema\\\/logo\\\/image\\\/\",\"url\":\"https:\\\/\\\/forummontau.com\\\/asturias\\\/wp-content\\\/uploads\\\/sites\\\/7\\\/2020\\\/02\\\/asturias-1.png\",\"contentUrl\":\"https:\\\/\\\/forummontau.com\\\/asturias\\\/wp-content\\\/uploads\\\/sites\\\/7\\\/2020\\\/02\\\/asturias-1.png\",\"width\":214,\"height\":119,\"caption\":\"Forum Salud Mental Asturias\"},\"image\":{\"@id\":\"https:\\\/\\\/forummontau.com\\\/asturias\\\/#\\\/schema\\\/logo\\\/image\\\/\"}},{\"@type\":\"Person\",\"@id\":\"https:\\\/\\\/forummontau.com\\\/asturias\\\/#\\\/schema\\\/person\\\/4c3c9ec862e1fa8c32dbc0042dd4886d\",\"name\":\"Forum Salud Mental Asturias\",\"image\":{\"@type\":\"ImageObject\",\"inLanguage\":\"es\",\"@id\":\"https:\\\/\\\/secure.gravatar.com\\\/avatar\\\/?s=96&d=mm&r=g\",\"url\":\"https:\\\/\\\/secure.gravatar.com\\\/avatar\\\/?s=96&d=mm&r=g\",\"contentUrl\":\"https:\\\/\\\/secure.gravatar.com\\\/avatar\\\/?s=96&d=mm&r=g\",\"caption\":\"Forum Salud Mental Asturias\"}}]}<\/script>\n<!-- \/ Yoast SEO plugin. -->","yoast_head_json":{"title":"Educar para prevenir - Forum Salud Mental Asturias","robots":{"index":"index","follow":"follow","max-snippet":"max-snippet:-1","max-image-preview":"max-image-preview:large","max-video-preview":"max-video-preview:-1"},"canonical":"https:\/\/forummontau.com\/asturias\/educar-para-prevenir\/","og_locale":"es_ES","og_type":"article","og_title":"Educar para prevenir - Forum Salud Mental Asturias","og_description":"Las intoxicaciones et\u00edlicas en menores son cada vez m\u00e1s frecuentes. La historia de Laura, la ni\u00f1a de 12 a\u00f1os que muri\u00f3 tras un botell\u00f3n en Madrid no es una historia aislada. Es una tragedia que est\u00e1 ah\u00ed y que preocupa a familias, administraciones, sanitarios y entidades que trabajan en los \u00e1mbitos de la prevenci\u00f3n y [&hellip;]","og_url":"https:\/\/forummontau.com\/asturias\/educar-para-prevenir\/","og_site_name":"Forum Salud Mental Asturias","article_published_time":"2017-07-08T17:39:22+00:00","og_image":[{"width":600,"height":367,"url":"https:\/\/forummontau.com\/asturias\/wp-content\/uploads\/sites\/7\/2017\/07\/educar-2.png","type":"image\/png"}],"author":"Forum Salud Mental Asturias","twitter_card":"summary_large_image","twitter_misc":{"Escrito por":"Forum Salud Mental Asturias","Tiempo de lectura":"4 minutos"},"schema":{"@context":"https:\/\/schema.org","@graph":[{"@type":"Article","@id":"https:\/\/forummontau.com\/asturias\/educar-para-prevenir\/#article","isPartOf":{"@id":"https:\/\/forummontau.com\/asturias\/educar-para-prevenir\/"},"author":{"name":"Forum Salud Mental Asturias","@id":"https:\/\/forummontau.com\/asturias\/#\/schema\/person\/4c3c9ec862e1fa8c32dbc0042dd4886d"},"headline":"Educar para prevenir","datePublished":"2017-07-08T17:39:22+00:00","mainEntityOfPage":{"@id":"https:\/\/forummontau.com\/asturias\/educar-para-prevenir\/"},"wordCount":717,"publisher":{"@id":"https:\/\/forummontau.com\/asturias\/#organization"},"image":{"@id":"https:\/\/forummontau.com\/asturias\/educar-para-prevenir\/#primaryimage"},"thumbnailUrl":"https:\/\/forummontau.com\/asturias\/wp-content\/uploads\/sites\/7\/2017\/07\/educar-2.png","articleSection":["Prevenci\u00f3n"],"inLanguage":"es"},{"@type":"WebPage","@id":"https:\/\/forummontau.com\/asturias\/educar-para-prevenir\/","url":"https:\/\/forummontau.com\/asturias\/educar-para-prevenir\/","name":"Educar para prevenir - Forum Salud Mental Asturias","isPartOf":{"@id":"https:\/\/forummontau.com\/asturias\/#website"},"primaryImageOfPage":{"@id":"https:\/\/forummontau.com\/asturias\/educar-para-prevenir\/#primaryimage"},"image":{"@id":"https:\/\/forummontau.com\/asturias\/educar-para-prevenir\/#primaryimage"},"thumbnailUrl":"https:\/\/forummontau.com\/asturias\/wp-content\/uploads\/sites\/7\/2017\/07\/educar-2.png","datePublished":"2017-07-08T17:39:22+00:00","breadcrumb":{"@id":"https:\/\/forummontau.com\/asturias\/educar-para-prevenir\/#breadcrumb"},"inLanguage":"es","potentialAction":[{"@type":"ReadAction","target":["https:\/\/forummontau.com\/asturias\/educar-para-prevenir\/"]}]},{"@type":"ImageObject","inLanguage":"es","@id":"https:\/\/forummontau.com\/asturias\/educar-para-prevenir\/#primaryimage","url":"https:\/\/forummontau.com\/asturias\/wp-content\/uploads\/sites\/7\/2017\/07\/educar-2.png","contentUrl":"https:\/\/forummontau.com\/asturias\/wp-content\/uploads\/sites\/7\/2017\/07\/educar-2.png","width":600,"height":367},{"@type":"BreadcrumbList","@id":"https:\/\/forummontau.com\/asturias\/educar-para-prevenir\/#breadcrumb","itemListElement":[{"@type":"ListItem","position":1,"name":"Portada","item":"https:\/\/forummontau.com\/asturias\/"},{"@type":"ListItem","position":2,"name":"Educar para prevenir"}]},{"@type":"WebSite","@id":"https:\/\/forummontau.com\/asturias\/#website","url":"https:\/\/forummontau.com\/asturias\/","name":"Forum Salud Mental Asturias","description":"Centro Desintoxicaci\u00f3n y Adicciones en Asturias. Centros en Gij\u00f3n y en Oviedo.","publisher":{"@id":"https:\/\/forummontau.com\/asturias\/#organization"},"potentialAction":[{"@type":"SearchAction","target":{"@type":"EntryPoint","urlTemplate":"https:\/\/forummontau.com\/asturias\/?s={search_term_string}"},"query-input":{"@type":"PropertyValueSpecification","valueRequired":true,"valueName":"search_term_string"}}],"inLanguage":"es"},{"@type":"Organization","@id":"https:\/\/forummontau.com\/asturias\/#organization","name":"Forum Salud Mental Asturias","url":"https:\/\/forummontau.com\/asturias\/","logo":{"@type":"ImageObject","inLanguage":"es","@id":"https:\/\/forummontau.com\/asturias\/#\/schema\/logo\/image\/","url":"https:\/\/forummontau.com\/asturias\/wp-content\/uploads\/sites\/7\/2020\/02\/asturias-1.png","contentUrl":"https:\/\/forummontau.com\/asturias\/wp-content\/uploads\/sites\/7\/2020\/02\/asturias-1.png","width":214,"height":119,"caption":"Forum Salud Mental Asturias"},"image":{"@id":"https:\/\/forummontau.com\/asturias\/#\/schema\/logo\/image\/"}},{"@type":"Person","@id":"https:\/\/forummontau.com\/asturias\/#\/schema\/person\/4c3c9ec862e1fa8c32dbc0042dd4886d","name":"Forum Salud Mental Asturias","image":{"@type":"ImageObject","inLanguage":"es","@id":"https:\/\/secure.gravatar.com\/avatar\/?s=96&d=mm&r=g","url":"https:\/\/secure.gravatar.com\/avatar\/?s=96&d=mm&r=g","contentUrl":"https:\/\/secure.gravatar.com\/avatar\/?s=96&d=mm&r=g","caption":"Forum Salud Mental Asturias"}}]}},"_links":{"self":[{"href":"https:\/\/forummontau.com\/asturias\/wp-json\/wp\/v2\/posts\/2216","targetHints":{"allow":["GET"]}}],"collection":[{"href":"https:\/\/forummontau.com\/asturias\/wp-json\/wp\/v2\/posts"}],"about":[{"href":"https:\/\/forummontau.com\/asturias\/wp-json\/wp\/v2\/types\/post"}],"author":[{"embeddable":true,"href":"https:\/\/forummontau.com\/asturias\/wp-json\/wp\/v2\/users\/7"}],"replies":[{"embeddable":true,"href":"https:\/\/forummontau.com\/asturias\/wp-json\/wp\/v2\/comments?post=2216"}],"version-history":[{"count":0,"href":"https:\/\/forummontau.com\/asturias\/wp-json\/wp\/v2\/posts\/2216\/revisions"}],"wp:featuredmedia":[{"embeddable":true,"href":"https:\/\/forummontau.com\/asturias\/wp-json\/wp\/v2\/media\/712"}],"wp:attachment":[{"href":"https:\/\/forummontau.com\/asturias\/wp-json\/wp\/v2\/media?parent=2216"}],"wp:term":[{"taxonomy":"category","embeddable":true,"href":"https:\/\/forummontau.com\/asturias\/wp-json\/wp\/v2\/categories?post=2216"},{"taxonomy":"post_tag","embeddable":true,"href":"https:\/\/forummontau.com\/asturias\/wp-json\/wp\/v2\/tags?post=2216"}],"curies":[{"name":"wp","href":"https:\/\/api.w.org\/{rel}","templated":true}]}}