{"id":2284,"date":"2022-10-05T12:25:08","date_gmt":"2022-10-05T12:25:08","guid":{"rendered":"https:\/\/adiccionesasturias.com\/?p=2284"},"modified":"2022-10-05T12:25:08","modified_gmt":"2022-10-05T12:25:08","slug":"la-estigmatizacion-del-adicto","status":"publish","type":"post","link":"https:\/\/forummontau.com\/asturias\/la-estigmatizacion-del-adicto\/","title":{"rendered":"La estigmatizaci\u00f3n del adicto"},"content":{"rendered":"\n<p>Los profesionales que nos dedicamos a tratar con personas adictas, a menudo nos encontramos con testimonios de pacientes que suelen ser bastante similares entre s\u00ed. Comentarios, palabras o frases a las que han sido expuestos en forma reiterada que generan un imaginario colectivo de lo que es la adicci\u00f3n y aportan al estigma en torno al adicto. Muchas veces esta forma de entender la adicci\u00f3n responde a conceptos viejos sobre la patolog\u00eda que poco tienen que ver con los conocimientos actuales respecto al tema.\u00a0\u00a0<\/p>\n\n\n\n<p>Y es que en el presente, los especialistas entendemos a las adicciones como una enfermedad, un trastorno m\u00e9dico cr\u00f3nico que puede ser tratado.\u00a0Con la particularidad de que el entorno social respecto a una persona adicta juega un rol importante, y es por ello que creemos apropiado tomarnos un tiempo para reflexionar y compartir de qu\u00e9 forma es posible abordar el tema sin caer en esos viejos conceptos.\u00a0<\/p>\n\n\n\n<h2 class=\"wp-block-heading\">El estigma: culpar a una persona por su enfermedad<\/h2>\n\n\n\n<p>Muchos son los medicamentos y terapias que existen en la actualidad para tratar las adicciones y los trastornos por consumo de\u00a0opioides\u00a0y alcohol. Sin embargo, una de las mayores dificultades para acceder a estos tratamientos radica en que muchas de las personas que podr\u00edan beneficiarse de su uso, ni siquiera tratan de obtenerlas.\u00a0\u00a0El estigma, la discriminaci\u00f3n, la verg\u00fcenza, el miedo a ser juzgados, hace que estas personas no se animen a iniciar un tratamiento m\u00e9dico adecuado.\u00a0<\/p>\n\n\n\n<p>De este modo, se sigue culpando a las personas adictas de su enfermedad a\u00fan cuando hay consenso m\u00e9dico en que la adicci\u00f3n es un trastorno del cerebro con componentes conductuales, muchas personas (y personal m\u00e9dico) la siguen viendo como una cuesti\u00f3n de debilidad moral y defectos del car\u00e1cter.\u00a0Como resultado, muchas veces la persona adicta internaliza el estigma de modo tal que se niega a buscar ayuda, haciendo que su problema contin\u00fae y empeore con el tiempo.\u00a0\u00a0 \u00a0<\/p>\n\n\n\n<h2 class=\"wp-block-heading\">La estigmatizaci\u00f3n dentro del personal m\u00e9dico<\/h2>\n\n\n\n<p>Nadie imagina que el personal m\u00e9dico de un hospital le niegue la atenci\u00f3n a una persona con fiebre o dolor de garganta. Sin embargo, muchas veces quienes llegan a instituciones m\u00e9dicas por problemas de drogas o alcohol, son tratados de forma deficiente o incluso rechazados por temor a su comportamiento, lo que denota una grave falta de herramientas y de educaci\u00f3n m\u00e9dica respecto a este tipo de enfermedades.&nbsp;&nbsp; &nbsp;<\/p>\n\n\n\n<h2 class=\"wp-block-heading\">El estigma, una sentencia de muerte<\/h2>\n\n\n\n<p>De este modo, el estigma se transforma en una forma palpable de aislar a los enfermos, llev\u00e1ndolos incluso a agravar su problema e insertarlos nuevamente en el c\u00edrculo vicioso de consumo del que se vuelve muy dif\u00edcil escapar.&nbsp;&nbsp; &nbsp;<\/p>\n\n\n\n<h2 class=\"wp-block-heading\">El estigma y la importancia de las palabras<\/h2>\n\n\n\n<p>La forma estigmatizante en la que a\u00fan hoy, muchas personas se refieren a los adictos, suelen generar actitudes negativas o avergonzantes sobre quienes sufren esta enfermedad. Por eso, el uso de las palabras es importante y puede ser definitorio a la hora de comunicarnos con un adicto.&nbsp;&nbsp; &nbsp;<\/p>\n\n\n\n<h2 class=\"wp-block-heading\">\u00bfC\u00f3mo podemos ayudar a cambiar la situaci\u00f3n?<\/h2>\n\n\n\n<p>Primero que nada, es importante asegurarnos de no usar palabras estigmatizantes, utilizando un lenguaje que invoque primero a la persona, de modo tal de no poner el foco en la enfermedad, es decir, no definirlo por su condici\u00f3n de adicto.\u00a0\u00a0Por ejemplo, la frase \u201cpersona con un trastorno por consumo de drogas\u201d logra separar a la persona del trastorno.\u00a0<\/p>\n\n\n\n<p>Dejar que las personas elijan c\u00f3mo se las describe o, en caso de no estar seguro, preguntar a amigos y seres queridos sobre c\u00f3mo se refiere la persona a s\u00ed misma.\u00a0Otro t\u00e9rmino que debemos evitar es el de \u201calcoh\u00f3lico\u201d o \u201cborracho\u201d. En vez de eso, podemos decir \u201cpersona con un trastorno por consumo de alcohol\u201d. De esta forma evitamos generar asociaciones negativas y actitudes de castigo o culpa.\u00a0<\/p>\n\n\n\n<p>Otra forma de mantenernos alejados de la estigmatizaci\u00f3n es utilizar terminolog\u00eda m\u00e9dica precisa, como con cualquier otra enfermedad. Evitar t\u00e9rminos negativos que puedan generar desesperanza o humillaci\u00f3n en la persona enferma.\u00a0La palabra \u201ch\u00e1bito\u201d, con frecuencia es usada para describir a quien consume. Esta palabra implica que una persona elige consumir drogas, a la vez que minimiza la enfermedad al dar a entender que puede dejarla solo con un cambio de h\u00e1bito.\u00a0En vez de usar la palabra \u201csucio\u201d o \u201climpio\u201d de drogas, los t\u00e9rminos correctos ser\u00edan \u201cestar en remisi\u00f3n\u201d, \u201crecuperaci\u00f3n\u201d o sin beber o consumir drogas, de modo tal que sea algo m\u00e1s neutral.\u00a0\u00a0 \u00a0<\/p>\n\n\n\n<h2 class=\"wp-block-heading\">Cambiar para romper estigmas<\/h2>\n\n\n\n<p>La estigmatizaci\u00f3n de cualquier enfermedad implica ejercer violencia simb\u00f3lica sobre un grupo vulnerable de personas, pudiendo ocasionar problemas palpables e irreversibles en su psiquis. Con peque\u00f1os cambios podemos ayudar a romper el estigma y aumentar las chances de un tratamiento exitoso. Si sufres un trastorno por consumo de drogas y necesitas ayuda, no dudes en acudir a nosotros.<\/p>\n\n\n\n<p>Ana Ces. Coordinadora Programas Fundaci\u00f3 Forum<\/p>\n","protected":false},"excerpt":{"rendered":"<p>Los profesionales que nos dedicamos a tratar con personas adictas, a menudo nos encontramos con testimonios de pacientes que suelen ser bastante similares entre s\u00ed. Comentarios, palabras o frases a las que han sido expuestos en forma reiterada que generan un imaginario colectivo de lo que es la adicci\u00f3n y aportan al estigma en torno [&hellip;]<\/p>\n","protected":false},"author":7,"featured_media":2285,"comment_status":"closed","ping_status":"closed","sticky":false,"template":"","format":"standard","meta":{"ocean_post_layout":"","ocean_both_sidebars_style":"","ocean_both_sidebars_content_width":0,"ocean_both_sidebars_sidebars_width":0,"ocean_sidebar":"0","ocean_second_sidebar":"0","ocean_disable_margins":"enable","ocean_add_body_class":"","ocean_shortcode_before_top_bar":"","ocean_shortcode_after_top_bar":"","ocean_shortcode_before_header":"","ocean_shortcode_after_header":"","ocean_has_shortcode":"","ocean_shortcode_after_title":"","ocean_shortcode_before_footer_widgets":"","ocean_shortcode_after_footer_widgets":"","ocean_shortcode_before_footer_bottom":"","ocean_shortcode_after_footer_bottom":"","ocean_display_top_bar":"default","ocean_display_header":"default","ocean_header_style":"","ocean_center_header_left_menu":"0","ocean_custom_header_template":"0","ocean_custom_logo":0,"ocean_custom_retina_logo":0,"ocean_custom_logo_max_width":0,"ocean_custom_logo_tablet_max_width":0,"ocean_custom_logo_mobile_max_width":0,"ocean_custom_logo_max_height":0,"ocean_custom_logo_tablet_max_height":0,"ocean_custom_logo_mobile_max_height":0,"ocean_header_custom_menu":"0","ocean_menu_typo_font_family":"0","ocean_menu_typo_font_subset":"","ocean_menu_typo_font_size":0,"ocean_menu_typo_font_size_tablet":0,"ocean_menu_typo_font_size_mobile":0,"ocean_menu_typo_font_size_unit":"px","ocean_menu_typo_font_weight":"","ocean_menu_typo_font_weight_tablet":"","ocean_menu_typo_font_weight_mobile":"","ocean_menu_typo_transform":"","ocean_menu_typo_transform_tablet":"","ocean_menu_typo_transform_mobile":"","ocean_menu_typo_line_height":0,"ocean_menu_typo_line_height_tablet":0,"ocean_menu_typo_line_height_mobile":0,"ocean_menu_typo_line_height_unit":"","ocean_menu_typo_spacing":0,"ocean_menu_typo_spacing_tablet":0,"ocean_menu_typo_spacing_mobile":0,"ocean_menu_typo_spacing_unit":"","ocean_menu_link_color":"","ocean_menu_link_color_hover":"","ocean_menu_link_color_active":"","ocean_menu_link_background":"","ocean_menu_link_hover_background":"","ocean_menu_link_active_background":"","ocean_menu_social_links_bg":"","ocean_menu_social_hover_links_bg":"","ocean_menu_social_links_color":"","ocean_menu_social_hover_links_color":"","ocean_disable_title":"on","ocean_disable_heading":"default","ocean_post_title":"","ocean_post_subheading":"","ocean_post_title_style":"","ocean_post_title_background_color":"","ocean_post_title_background":0,"ocean_post_title_bg_image_position":"","ocean_post_title_bg_image_attachment":"","ocean_post_title_bg_image_repeat":"","ocean_post_title_bg_image_size":"","ocean_post_title_height":0,"ocean_post_title_bg_overlay":0.5,"ocean_post_title_bg_overlay_color":"","ocean_disable_breadcrumbs":"default","ocean_breadcrumbs_color":"","ocean_breadcrumbs_separator_color":"","ocean_breadcrumbs_links_color":"","ocean_breadcrumbs_links_hover_color":"","ocean_display_footer_widgets":"default","ocean_display_footer_bottom":"default","ocean_custom_footer_template":"0","ocean_post_oembed":"","ocean_post_self_hosted_media":"","ocean_post_video_embed":"","ocean_link_format":"","ocean_link_format_target":"self","ocean_quote_format":"","ocean_quote_format_link":"post","ocean_gallery_link_images":"off","ocean_gallery_id":[],"footnotes":""},"categories":[6,16,66],"tags":[90,91],"class_list":["post-2284","post","type-post","status-publish","format-standard","has-post-thumbnail","hentry","category-adicciones","category-adicto","category-estigma","tag-forum-asturias","tag-forum-terapeutic-asturias","entry","has-media"],"yoast_head":"<!-- This site is optimized with the Yoast SEO plugin v27.5 - https:\/\/yoast.com\/product\/yoast-seo-wordpress\/ -->\n<title>La estigmatizaci\u00f3n del adicto - Forum Salud Mental Asturias<\/title>\n<meta name=\"description\" content=\"La forma estigmatizante en la que a\u00fan hoy, muchas personas se refieren a los adictos, suelen generar actitudes negativas o avergonzantes sobre quienes sufren esta enfermedad. Por eso, el uso de las palabras es importante y puede ser definitorio a la hora de comunicarnos con un adicto.\u00a0\u00a0 \u00a0\" \/>\n<meta name=\"robots\" content=\"index, follow, max-snippet:-1, max-image-preview:large, max-video-preview:-1\" \/>\n<link rel=\"canonical\" href=\"https:\/\/forummontau.com\/asturias\/la-estigmatizacion-del-adicto\/\" \/>\n<meta property=\"og:locale\" content=\"es_ES\" \/>\n<meta property=\"og:type\" content=\"article\" \/>\n<meta property=\"og:title\" content=\"La estigmatizaci\u00f3n del adicto - Forum Salud Mental Asturias\" \/>\n<meta property=\"og:description\" content=\"La forma estigmatizante en la que a\u00fan hoy, muchas personas se refieren a los adictos, suelen generar actitudes negativas o avergonzantes sobre quienes sufren esta enfermedad. Por eso, el uso de las palabras es importante y puede ser definitorio a la hora de comunicarnos con un adicto.\u00a0\u00a0 \u00a0\" \/>\n<meta property=\"og:url\" content=\"https:\/\/forummontau.com\/asturias\/la-estigmatizacion-del-adicto\/\" \/>\n<meta property=\"og:site_name\" content=\"Forum Salud Mental Asturias\" \/>\n<meta property=\"article:published_time\" content=\"2022-10-05T12:25:08+00:00\" \/>\n<meta property=\"og:image\" content=\"https:\/\/forummontau.com\/asturias\/wp-content\/uploads\/sites\/7\/2022\/10\/estigma-2.jpg\" \/>\n\t<meta property=\"og:image:width\" content=\"1500\" \/>\n\t<meta property=\"og:image:height\" content=\"1000\" \/>\n\t<meta property=\"og:image:type\" content=\"image\/jpeg\" \/>\n<meta name=\"author\" content=\"Forum Salud Mental Asturias\" \/>\n<meta name=\"twitter:card\" content=\"summary_large_image\" \/>\n<meta name=\"twitter:label1\" content=\"Escrito por\" \/>\n\t<meta name=\"twitter:data1\" content=\"Forum Salud Mental Asturias\" \/>\n\t<meta name=\"twitter:label2\" content=\"Tiempo de lectura\" \/>\n\t<meta name=\"twitter:data2\" content=\"4 minutos\" \/>\n<script type=\"application\/ld+json\" class=\"yoast-schema-graph\">{\"@context\":\"https:\\\/\\\/schema.org\",\"@graph\":[{\"@type\":\"Article\",\"@id\":\"https:\\\/\\\/forummontau.com\\\/asturias\\\/la-estigmatizacion-del-adicto\\\/#article\",\"isPartOf\":{\"@id\":\"https:\\\/\\\/forummontau.com\\\/asturias\\\/la-estigmatizacion-del-adicto\\\/\"},\"author\":{\"name\":\"Forum Salud Mental Asturias\",\"@id\":\"https:\\\/\\\/forummontau.com\\\/asturias\\\/#\\\/schema\\\/person\\\/4c3c9ec862e1fa8c32dbc0042dd4886d\"},\"headline\":\"La estigmatizaci\u00f3n del adicto\",\"datePublished\":\"2022-10-05T12:25:08+00:00\",\"mainEntityOfPage\":{\"@id\":\"https:\\\/\\\/forummontau.com\\\/asturias\\\/la-estigmatizacion-del-adicto\\\/\"},\"wordCount\":860,\"publisher\":{\"@id\":\"https:\\\/\\\/forummontau.com\\\/asturias\\\/#organization\"},\"image\":{\"@id\":\"https:\\\/\\\/forummontau.com\\\/asturias\\\/la-estigmatizacion-del-adicto\\\/#primaryimage\"},\"thumbnailUrl\":\"https:\\\/\\\/forummontau.com\\\/asturias\\\/wp-content\\\/uploads\\\/sites\\\/7\\\/2022\\\/10\\\/estigma-2.jpg\",\"keywords\":[\"Forum Asturias\",\"Forum Terapeutic Asturias\"],\"articleSection\":[\"Adicciones\",\"Adicto\",\"Estigma\"],\"inLanguage\":\"es\"},{\"@type\":\"WebPage\",\"@id\":\"https:\\\/\\\/forummontau.com\\\/asturias\\\/la-estigmatizacion-del-adicto\\\/\",\"url\":\"https:\\\/\\\/forummontau.com\\\/asturias\\\/la-estigmatizacion-del-adicto\\\/\",\"name\":\"La estigmatizaci\u00f3n del adicto - Forum Salud Mental Asturias\",\"isPartOf\":{\"@id\":\"https:\\\/\\\/forummontau.com\\\/asturias\\\/#website\"},\"primaryImageOfPage\":{\"@id\":\"https:\\\/\\\/forummontau.com\\\/asturias\\\/la-estigmatizacion-del-adicto\\\/#primaryimage\"},\"image\":{\"@id\":\"https:\\\/\\\/forummontau.com\\\/asturias\\\/la-estigmatizacion-del-adicto\\\/#primaryimage\"},\"thumbnailUrl\":\"https:\\\/\\\/forummontau.com\\\/asturias\\\/wp-content\\\/uploads\\\/sites\\\/7\\\/2022\\\/10\\\/estigma-2.jpg\",\"datePublished\":\"2022-10-05T12:25:08+00:00\",\"description\":\"La forma estigmatizante en la que a\u00fan hoy, muchas personas se refieren a los adictos, suelen generar actitudes negativas o avergonzantes sobre quienes sufren esta enfermedad. Por eso, el uso de las palabras es importante y puede ser definitorio a la hora de comunicarnos con un adicto.\u00a0\u00a0 \u00a0\",\"breadcrumb\":{\"@id\":\"https:\\\/\\\/forummontau.com\\\/asturias\\\/la-estigmatizacion-del-adicto\\\/#breadcrumb\"},\"inLanguage\":\"es\",\"potentialAction\":[{\"@type\":\"ReadAction\",\"target\":[\"https:\\\/\\\/forummontau.com\\\/asturias\\\/la-estigmatizacion-del-adicto\\\/\"]}]},{\"@type\":\"ImageObject\",\"inLanguage\":\"es\",\"@id\":\"https:\\\/\\\/forummontau.com\\\/asturias\\\/la-estigmatizacion-del-adicto\\\/#primaryimage\",\"url\":\"https:\\\/\\\/forummontau.com\\\/asturias\\\/wp-content\\\/uploads\\\/sites\\\/7\\\/2022\\\/10\\\/estigma-2.jpg\",\"contentUrl\":\"https:\\\/\\\/forummontau.com\\\/asturias\\\/wp-content\\\/uploads\\\/sites\\\/7\\\/2022\\\/10\\\/estigma-2.jpg\",\"width\":1500,\"height\":1000},{\"@type\":\"BreadcrumbList\",\"@id\":\"https:\\\/\\\/forummontau.com\\\/asturias\\\/la-estigmatizacion-del-adicto\\\/#breadcrumb\",\"itemListElement\":[{\"@type\":\"ListItem\",\"position\":1,\"name\":\"Portada\",\"item\":\"https:\\\/\\\/forummontau.com\\\/asturias\\\/\"},{\"@type\":\"ListItem\",\"position\":2,\"name\":\"La estigmatizaci\u00f3n del adicto\"}]},{\"@type\":\"WebSite\",\"@id\":\"https:\\\/\\\/forummontau.com\\\/asturias\\\/#website\",\"url\":\"https:\\\/\\\/forummontau.com\\\/asturias\\\/\",\"name\":\"Forum Salud Mental Asturias\",\"description\":\"Centro Desintoxicaci\u00f3n y Adicciones en Asturias. Centros en Gij\u00f3n y en Oviedo.\",\"publisher\":{\"@id\":\"https:\\\/\\\/forummontau.com\\\/asturias\\\/#organization\"},\"potentialAction\":[{\"@type\":\"SearchAction\",\"target\":{\"@type\":\"EntryPoint\",\"urlTemplate\":\"https:\\\/\\\/forummontau.com\\\/asturias\\\/?s={search_term_string}\"},\"query-input\":{\"@type\":\"PropertyValueSpecification\",\"valueRequired\":true,\"valueName\":\"search_term_string\"}}],\"inLanguage\":\"es\"},{\"@type\":\"Organization\",\"@id\":\"https:\\\/\\\/forummontau.com\\\/asturias\\\/#organization\",\"name\":\"Forum Salud Mental Asturias\",\"url\":\"https:\\\/\\\/forummontau.com\\\/asturias\\\/\",\"logo\":{\"@type\":\"ImageObject\",\"inLanguage\":\"es\",\"@id\":\"https:\\\/\\\/forummontau.com\\\/asturias\\\/#\\\/schema\\\/logo\\\/image\\\/\",\"url\":\"https:\\\/\\\/forummontau.com\\\/asturias\\\/wp-content\\\/uploads\\\/sites\\\/7\\\/2020\\\/02\\\/asturias-1.png\",\"contentUrl\":\"https:\\\/\\\/forummontau.com\\\/asturias\\\/wp-content\\\/uploads\\\/sites\\\/7\\\/2020\\\/02\\\/asturias-1.png\",\"width\":214,\"height\":119,\"caption\":\"Forum Salud Mental Asturias\"},\"image\":{\"@id\":\"https:\\\/\\\/forummontau.com\\\/asturias\\\/#\\\/schema\\\/logo\\\/image\\\/\"}},{\"@type\":\"Person\",\"@id\":\"https:\\\/\\\/forummontau.com\\\/asturias\\\/#\\\/schema\\\/person\\\/4c3c9ec862e1fa8c32dbc0042dd4886d\",\"name\":\"Forum Salud Mental Asturias\",\"image\":{\"@type\":\"ImageObject\",\"inLanguage\":\"es\",\"@id\":\"https:\\\/\\\/secure.gravatar.com\\\/avatar\\\/?s=96&d=mm&r=g\",\"url\":\"https:\\\/\\\/secure.gravatar.com\\\/avatar\\\/?s=96&d=mm&r=g\",\"contentUrl\":\"https:\\\/\\\/secure.gravatar.com\\\/avatar\\\/?s=96&d=mm&r=g\",\"caption\":\"Forum Salud Mental Asturias\"}}]}<\/script>\n<!-- \/ Yoast SEO plugin. -->","yoast_head_json":{"title":"La estigmatizaci\u00f3n del adicto - Forum Salud Mental Asturias","description":"La forma estigmatizante en la que a\u00fan hoy, muchas personas se refieren a los adictos, suelen generar actitudes negativas o avergonzantes sobre quienes sufren esta enfermedad. Por eso, el uso de las palabras es importante y puede ser definitorio a la hora de comunicarnos con un adicto.\u00a0\u00a0 \u00a0","robots":{"index":"index","follow":"follow","max-snippet":"max-snippet:-1","max-image-preview":"max-image-preview:large","max-video-preview":"max-video-preview:-1"},"canonical":"https:\/\/forummontau.com\/asturias\/la-estigmatizacion-del-adicto\/","og_locale":"es_ES","og_type":"article","og_title":"La estigmatizaci\u00f3n del adicto - Forum Salud Mental Asturias","og_description":"La forma estigmatizante en la que a\u00fan hoy, muchas personas se refieren a los adictos, suelen generar actitudes negativas o avergonzantes sobre quienes sufren esta enfermedad. Por eso, el uso de las palabras es importante y puede ser definitorio a la hora de comunicarnos con un adicto.\u00a0\u00a0 \u00a0","og_url":"https:\/\/forummontau.com\/asturias\/la-estigmatizacion-del-adicto\/","og_site_name":"Forum Salud Mental Asturias","article_published_time":"2022-10-05T12:25:08+00:00","og_image":[{"width":1500,"height":1000,"url":"https:\/\/forummontau.com\/asturias\/wp-content\/uploads\/sites\/7\/2022\/10\/estigma-2.jpg","type":"image\/jpeg"}],"author":"Forum Salud Mental Asturias","twitter_card":"summary_large_image","twitter_misc":{"Escrito por":"Forum Salud Mental Asturias","Tiempo de lectura":"4 minutos"},"schema":{"@context":"https:\/\/schema.org","@graph":[{"@type":"Article","@id":"https:\/\/forummontau.com\/asturias\/la-estigmatizacion-del-adicto\/#article","isPartOf":{"@id":"https:\/\/forummontau.com\/asturias\/la-estigmatizacion-del-adicto\/"},"author":{"name":"Forum Salud Mental Asturias","@id":"https:\/\/forummontau.com\/asturias\/#\/schema\/person\/4c3c9ec862e1fa8c32dbc0042dd4886d"},"headline":"La estigmatizaci\u00f3n del adicto","datePublished":"2022-10-05T12:25:08+00:00","mainEntityOfPage":{"@id":"https:\/\/forummontau.com\/asturias\/la-estigmatizacion-del-adicto\/"},"wordCount":860,"publisher":{"@id":"https:\/\/forummontau.com\/asturias\/#organization"},"image":{"@id":"https:\/\/forummontau.com\/asturias\/la-estigmatizacion-del-adicto\/#primaryimage"},"thumbnailUrl":"https:\/\/forummontau.com\/asturias\/wp-content\/uploads\/sites\/7\/2022\/10\/estigma-2.jpg","keywords":["Forum Asturias","Forum Terapeutic Asturias"],"articleSection":["Adicciones","Adicto","Estigma"],"inLanguage":"es"},{"@type":"WebPage","@id":"https:\/\/forummontau.com\/asturias\/la-estigmatizacion-del-adicto\/","url":"https:\/\/forummontau.com\/asturias\/la-estigmatizacion-del-adicto\/","name":"La estigmatizaci\u00f3n del adicto - Forum Salud Mental Asturias","isPartOf":{"@id":"https:\/\/forummontau.com\/asturias\/#website"},"primaryImageOfPage":{"@id":"https:\/\/forummontau.com\/asturias\/la-estigmatizacion-del-adicto\/#primaryimage"},"image":{"@id":"https:\/\/forummontau.com\/asturias\/la-estigmatizacion-del-adicto\/#primaryimage"},"thumbnailUrl":"https:\/\/forummontau.com\/asturias\/wp-content\/uploads\/sites\/7\/2022\/10\/estigma-2.jpg","datePublished":"2022-10-05T12:25:08+00:00","description":"La forma estigmatizante en la que a\u00fan hoy, muchas personas se refieren a los adictos, suelen generar actitudes negativas o avergonzantes sobre quienes sufren esta enfermedad. Por eso, el uso de las palabras es importante y puede ser definitorio a la hora de comunicarnos con un adicto.\u00a0\u00a0 \u00a0","breadcrumb":{"@id":"https:\/\/forummontau.com\/asturias\/la-estigmatizacion-del-adicto\/#breadcrumb"},"inLanguage":"es","potentialAction":[{"@type":"ReadAction","target":["https:\/\/forummontau.com\/asturias\/la-estigmatizacion-del-adicto\/"]}]},{"@type":"ImageObject","inLanguage":"es","@id":"https:\/\/forummontau.com\/asturias\/la-estigmatizacion-del-adicto\/#primaryimage","url":"https:\/\/forummontau.com\/asturias\/wp-content\/uploads\/sites\/7\/2022\/10\/estigma-2.jpg","contentUrl":"https:\/\/forummontau.com\/asturias\/wp-content\/uploads\/sites\/7\/2022\/10\/estigma-2.jpg","width":1500,"height":1000},{"@type":"BreadcrumbList","@id":"https:\/\/forummontau.com\/asturias\/la-estigmatizacion-del-adicto\/#breadcrumb","itemListElement":[{"@type":"ListItem","position":1,"name":"Portada","item":"https:\/\/forummontau.com\/asturias\/"},{"@type":"ListItem","position":2,"name":"La estigmatizaci\u00f3n del adicto"}]},{"@type":"WebSite","@id":"https:\/\/forummontau.com\/asturias\/#website","url":"https:\/\/forummontau.com\/asturias\/","name":"Forum Salud Mental Asturias","description":"Centro Desintoxicaci\u00f3n y Adicciones en Asturias. Centros en Gij\u00f3n y en Oviedo.","publisher":{"@id":"https:\/\/forummontau.com\/asturias\/#organization"},"potentialAction":[{"@type":"SearchAction","target":{"@type":"EntryPoint","urlTemplate":"https:\/\/forummontau.com\/asturias\/?s={search_term_string}"},"query-input":{"@type":"PropertyValueSpecification","valueRequired":true,"valueName":"search_term_string"}}],"inLanguage":"es"},{"@type":"Organization","@id":"https:\/\/forummontau.com\/asturias\/#organization","name":"Forum Salud Mental Asturias","url":"https:\/\/forummontau.com\/asturias\/","logo":{"@type":"ImageObject","inLanguage":"es","@id":"https:\/\/forummontau.com\/asturias\/#\/schema\/logo\/image\/","url":"https:\/\/forummontau.com\/asturias\/wp-content\/uploads\/sites\/7\/2020\/02\/asturias-1.png","contentUrl":"https:\/\/forummontau.com\/asturias\/wp-content\/uploads\/sites\/7\/2020\/02\/asturias-1.png","width":214,"height":119,"caption":"Forum Salud Mental Asturias"},"image":{"@id":"https:\/\/forummontau.com\/asturias\/#\/schema\/logo\/image\/"}},{"@type":"Person","@id":"https:\/\/forummontau.com\/asturias\/#\/schema\/person\/4c3c9ec862e1fa8c32dbc0042dd4886d","name":"Forum Salud Mental Asturias","image":{"@type":"ImageObject","inLanguage":"es","@id":"https:\/\/secure.gravatar.com\/avatar\/?s=96&d=mm&r=g","url":"https:\/\/secure.gravatar.com\/avatar\/?s=96&d=mm&r=g","contentUrl":"https:\/\/secure.gravatar.com\/avatar\/?s=96&d=mm&r=g","caption":"Forum Salud Mental Asturias"}}]}},"_links":{"self":[{"href":"https:\/\/forummontau.com\/asturias\/wp-json\/wp\/v2\/posts\/2284","targetHints":{"allow":["GET"]}}],"collection":[{"href":"https:\/\/forummontau.com\/asturias\/wp-json\/wp\/v2\/posts"}],"about":[{"href":"https:\/\/forummontau.com\/asturias\/wp-json\/wp\/v2\/types\/post"}],"author":[{"embeddable":true,"href":"https:\/\/forummontau.com\/asturias\/wp-json\/wp\/v2\/users\/7"}],"replies":[{"embeddable":true,"href":"https:\/\/forummontau.com\/asturias\/wp-json\/wp\/v2\/comments?post=2284"}],"version-history":[{"count":0,"href":"https:\/\/forummontau.com\/asturias\/wp-json\/wp\/v2\/posts\/2284\/revisions"}],"wp:featuredmedia":[{"embeddable":true,"href":"https:\/\/forummontau.com\/asturias\/wp-json\/wp\/v2\/media\/2285"}],"wp:attachment":[{"href":"https:\/\/forummontau.com\/asturias\/wp-json\/wp\/v2\/media?parent=2284"}],"wp:term":[{"taxonomy":"category","embeddable":true,"href":"https:\/\/forummontau.com\/asturias\/wp-json\/wp\/v2\/categories?post=2284"},{"taxonomy":"post_tag","embeddable":true,"href":"https:\/\/forummontau.com\/asturias\/wp-json\/wp\/v2\/tags?post=2284"}],"curies":[{"name":"wp","href":"https:\/\/api.w.org\/{rel}","templated":true}]}}