{"id":2417,"date":"2017-08-21T08:26:26","date_gmt":"2017-08-21T08:26:26","guid":{"rendered":"http:\/\/www.adiccionesasturias.com\/?p=961"},"modified":"2017-08-21T08:26:26","modified_gmt":"2017-08-21T08:26:26","slug":"la-resaca-festiva-la-adiccion","status":"publish","type":"post","link":"https:\/\/forummontau.com\/asturias\/la-resaca-festiva-la-adiccion\/","title":{"rendered":"De la resaca festiva a la adicci\u00f3n"},"content":{"rendered":"<p>Durante el verano se puede asistir a multitud de<strong> festivales<\/strong>, y son muchos los fans que acuden a varios de ellos sin reparar en las consecuencias que ese desgaste puede suponer para el cerebro en tan poco tiempo. Dos de cada diez aprovechan su estancia para <strong>consumir alg\u00fan tipo de droga ilegal que les ayude a aguantar despiertos<\/strong>, seg\u00fan un estudio de la revista brit\u00e1nica\u00a0<em>New Music Express<\/em>(NME), una de las cabeceras especializadas en m\u00fasica m\u00e1s conocidas del mundo. Si a ello se le suma las horas perdidas de sue\u00f1o, el efecto puede ser devastador para el cerebro.<\/p>\n<p>La compa\u00f1\u00eda farmac\u00e9utica Lundbeck ha presentado la primera edici\u00f3n de su estudio\u00a0<strong><em>Percepci\u00f3n y Conocimiento del Alcoholismo en Espa\u00f1a<\/em><\/strong>, el cual a trav\u00e9s de 4.250 encuestas a personas de entre 18 y 65 a\u00f1os, revela que s\u00f3lo un 1,3% por ciento percibe como alto su consumo de alcohol, pese a que un 17% realiza una ingesta de alcohol que podr\u00eda ser calificada como de riesgo.<\/p>\n<p><strong>La Sociedad Cient\u00edfica Espa\u00f1ola de Estudios sobre el Alcohol y otras Toxicoman\u00edas (Socidrogalcohol) estableci\u00f3 la cantidad semanal de consumo de alcohol que podemos considerar moderada o de riesgo<\/strong>: una ca\u00f1a de cerveza, una copa de vino o cava son bebidas que contienen 1 UBE (Unidades de Bebida Est\u00e1ndar) que equivalen unos 10 gramos de alcohol.<\/p>\n<p>Teniendo en cuenta todos estos datos, a partir de 21 UBE para los hombres y 14 UBE para las mujeres, podemos hablar de consumo con gran riesgo.<\/p>\n<p>Despu\u00e9s de ir a un solo festival, muchos de sus asistentes se sienten con sensaci\u00f3n de debilidad, tristeza, mal humor y cansancio. El alcohol es por s\u00ed solo uno de los principales responsables de esta sensaci\u00f3n post-festival, ya que libera un compuesto llamado acetaldeh\u00eddo, produciendo en el cuerpo la sensaci\u00f3n de calor. En consecuencia, el cuerpo suda, siente ganas de orinar y afecta al sue\u00f1o. Si adem\u00e1s tenemos en cuenta que los asistentes a los festivales suelen dormir pocas horas y en condiciones inc\u00f3modas, es muy frecuente que ello afecte al rendimiento en los pr\u00f3ximos d\u00edas.<\/p>\n<p>Se ha comprobado que, seg\u00fan el tipo de festival, son distintas las sustancias ilegales m\u00e1s populares para consumir (MDMA, metanfetamina, cannabis, hongos, coca\u00edna, etc.) pero <strong>el alcohol es la que provoca el mayor n\u00famero de atenciones sanitarias<\/strong>.<\/p>\n<p>En todo ello, la falta de sue\u00f1o adquiere tambi\u00e9n un papel predominante y puede tener graves efectos sobre la salud, como apunta un estudio publicado por la Asociaci\u00f3n Americana de Medicina, seg\u00fan el cual casi una cuarta parte de las personas que duermen menos de seis horas puede sufrir problemas cardiovasculares.<\/p>\n","protected":false},"excerpt":{"rendered":"<p>Durante el verano se puede asistir a multitud de festivales, y son muchos los fans que acuden a varios de ellos sin reparar en las consecuencias que ese desgaste puede suponer para el cerebro en tan poco tiempo. Dos de cada diez aprovechan su estancia para consumir alg\u00fan tipo de droga ilegal que les ayude [&hellip;]<\/p>\n","protected":false},"author":7,"featured_media":963,"comment_status":"closed","ping_status":"open","sticky":false,"template":"","format":"standard","meta":{"ocean_post_layout":"","ocean_both_sidebars_style":"","ocean_both_sidebars_content_width":0,"ocean_both_sidebars_sidebars_width":0,"ocean_sidebar":"","ocean_second_sidebar":"","ocean_disable_margins":"enable","ocean_add_body_class":"","ocean_shortcode_before_top_bar":"","ocean_shortcode_after_top_bar":"","ocean_shortcode_before_header":"","ocean_shortcode_after_header":"","ocean_has_shortcode":"","ocean_shortcode_after_title":"","ocean_shortcode_before_footer_widgets":"","ocean_shortcode_after_footer_widgets":"","ocean_shortcode_before_footer_bottom":"","ocean_shortcode_after_footer_bottom":"","ocean_display_top_bar":"default","ocean_display_header":"default","ocean_header_style":"","ocean_center_header_left_menu":"","ocean_custom_header_template":"","ocean_custom_logo":0,"ocean_custom_retina_logo":0,"ocean_custom_logo_max_width":0,"ocean_custom_logo_tablet_max_width":0,"ocean_custom_logo_mobile_max_width":0,"ocean_custom_logo_max_height":0,"ocean_custom_logo_tablet_max_height":0,"ocean_custom_logo_mobile_max_height":0,"ocean_header_custom_menu":"","ocean_menu_typo_font_family":"","ocean_menu_typo_font_subset":"","ocean_menu_typo_font_size":0,"ocean_menu_typo_font_size_tablet":0,"ocean_menu_typo_font_size_mobile":0,"ocean_menu_typo_font_size_unit":"px","ocean_menu_typo_font_weight":"","ocean_menu_typo_font_weight_tablet":"","ocean_menu_typo_font_weight_mobile":"","ocean_menu_typo_transform":"","ocean_menu_typo_transform_tablet":"","ocean_menu_typo_transform_mobile":"","ocean_menu_typo_line_height":0,"ocean_menu_typo_line_height_tablet":0,"ocean_menu_typo_line_height_mobile":0,"ocean_menu_typo_line_height_unit":"","ocean_menu_typo_spacing":0,"ocean_menu_typo_spacing_tablet":0,"ocean_menu_typo_spacing_mobile":0,"ocean_menu_typo_spacing_unit":"","ocean_menu_link_color":"","ocean_menu_link_color_hover":"","ocean_menu_link_color_active":"","ocean_menu_link_background":"","ocean_menu_link_hover_background":"","ocean_menu_link_active_background":"","ocean_menu_social_links_bg":"","ocean_menu_social_hover_links_bg":"","ocean_menu_social_links_color":"","ocean_menu_social_hover_links_color":"","ocean_disable_title":"default","ocean_disable_heading":"default","ocean_post_title":"","ocean_post_subheading":"","ocean_post_title_style":"","ocean_post_title_background_color":"","ocean_post_title_background":0,"ocean_post_title_bg_image_position":"","ocean_post_title_bg_image_attachment":"","ocean_post_title_bg_image_repeat":"","ocean_post_title_bg_image_size":"","ocean_post_title_height":0,"ocean_post_title_bg_overlay":0.5,"ocean_post_title_bg_overlay_color":"","ocean_disable_breadcrumbs":"default","ocean_breadcrumbs_color":"","ocean_breadcrumbs_separator_color":"","ocean_breadcrumbs_links_color":"","ocean_breadcrumbs_links_hover_color":"","ocean_display_footer_widgets":"default","ocean_display_footer_bottom":"default","ocean_custom_footer_template":"","ocean_post_oembed":"","ocean_post_self_hosted_media":"","ocean_post_video_embed":"","ocean_link_format":"","ocean_link_format_target":"self","ocean_quote_format":"","ocean_quote_format_link":"post","ocean_gallery_link_images":"on","ocean_gallery_id":[],"footnotes":""},"categories":[7],"tags":[],"class_list":["post-2417","post","type-post","status-publish","format-standard","has-post-thumbnail","hentry","category-tratamientos","entry","has-media"],"yoast_head":"<!-- This site is optimized with the Yoast SEO plugin v27.5 - https:\/\/yoast.com\/product\/yoast-seo-wordpress\/ -->\n<title>De la resaca festiva a la adicci\u00f3n - Forum Salud Mental Asturias<\/title>\n<meta name=\"robots\" content=\"index, follow, max-snippet:-1, max-image-preview:large, max-video-preview:-1\" \/>\n<link rel=\"canonical\" href=\"https:\/\/forummontau.com\/asturias\/la-resaca-festiva-la-adiccion\/\" \/>\n<meta property=\"og:locale\" content=\"es_ES\" \/>\n<meta property=\"og:type\" content=\"article\" \/>\n<meta property=\"og:title\" content=\"De la resaca festiva a la adicci\u00f3n - Forum Salud Mental Asturias\" \/>\n<meta property=\"og:description\" content=\"Durante el verano se puede asistir a multitud de festivales, y son muchos los fans que acuden a varios de ellos sin reparar en las consecuencias que ese desgaste puede suponer para el cerebro en tan poco tiempo. Dos de cada diez aprovechan su estancia para consumir alg\u00fan tipo de droga ilegal que les ayude [&hellip;]\" \/>\n<meta property=\"og:url\" content=\"https:\/\/forummontau.com\/asturias\/la-resaca-festiva-la-adiccion\/\" \/>\n<meta property=\"og:site_name\" content=\"Forum Salud Mental Asturias\" \/>\n<meta property=\"article:published_time\" content=\"2017-08-21T08:26:26+00:00\" \/>\n<meta property=\"og:image\" content=\"https:\/\/forummontau.com\/asturias\/wp-content\/uploads\/sites\/7\/2017\/08\/forumconciertoresaca-2.png\" \/>\n\t<meta property=\"og:image:width\" content=\"700\" \/>\n\t<meta property=\"og:image:height\" content=\"466\" \/>\n\t<meta property=\"og:image:type\" content=\"image\/png\" \/>\n<meta name=\"author\" content=\"Forum Salud Mental Asturias\" \/>\n<meta name=\"twitter:card\" content=\"summary_large_image\" \/>\n<meta name=\"twitter:label1\" content=\"Escrito por\" \/>\n\t<meta name=\"twitter:data1\" content=\"Forum Salud Mental Asturias\" \/>\n\t<meta name=\"twitter:label2\" content=\"Tiempo de lectura\" \/>\n\t<meta name=\"twitter:data2\" content=\"2 minutos\" \/>\n<script type=\"application\/ld+json\" class=\"yoast-schema-graph\">{\"@context\":\"https:\\\/\\\/schema.org\",\"@graph\":[{\"@type\":\"Article\",\"@id\":\"https:\\\/\\\/forummontau.com\\\/asturias\\\/la-resaca-festiva-la-adiccion\\\/#article\",\"isPartOf\":{\"@id\":\"https:\\\/\\\/forummontau.com\\\/asturias\\\/la-resaca-festiva-la-adiccion\\\/\"},\"author\":{\"name\":\"Forum Salud Mental Asturias\",\"@id\":\"https:\\\/\\\/forummontau.com\\\/asturias\\\/#\\\/schema\\\/person\\\/4c3c9ec862e1fa8c32dbc0042dd4886d\"},\"headline\":\"De la resaca festiva a la adicci\u00f3n\",\"datePublished\":\"2017-08-21T08:26:26+00:00\",\"mainEntityOfPage\":{\"@id\":\"https:\\\/\\\/forummontau.com\\\/asturias\\\/la-resaca-festiva-la-adiccion\\\/\"},\"wordCount\":467,\"publisher\":{\"@id\":\"https:\\\/\\\/forummontau.com\\\/asturias\\\/#organization\"},\"image\":{\"@id\":\"https:\\\/\\\/forummontau.com\\\/asturias\\\/la-resaca-festiva-la-adiccion\\\/#primaryimage\"},\"thumbnailUrl\":\"https:\\\/\\\/forummontau.com\\\/asturias\\\/wp-content\\\/uploads\\\/sites\\\/7\\\/2017\\\/08\\\/forumconciertoresaca-2.png\",\"articleSection\":[\"Tratamientos\"],\"inLanguage\":\"es\"},{\"@type\":\"WebPage\",\"@id\":\"https:\\\/\\\/forummontau.com\\\/asturias\\\/la-resaca-festiva-la-adiccion\\\/\",\"url\":\"https:\\\/\\\/forummontau.com\\\/asturias\\\/la-resaca-festiva-la-adiccion\\\/\",\"name\":\"De la resaca festiva a la adicci\u00f3n - Forum Salud Mental Asturias\",\"isPartOf\":{\"@id\":\"https:\\\/\\\/forummontau.com\\\/asturias\\\/#website\"},\"primaryImageOfPage\":{\"@id\":\"https:\\\/\\\/forummontau.com\\\/asturias\\\/la-resaca-festiva-la-adiccion\\\/#primaryimage\"},\"image\":{\"@id\":\"https:\\\/\\\/forummontau.com\\\/asturias\\\/la-resaca-festiva-la-adiccion\\\/#primaryimage\"},\"thumbnailUrl\":\"https:\\\/\\\/forummontau.com\\\/asturias\\\/wp-content\\\/uploads\\\/sites\\\/7\\\/2017\\\/08\\\/forumconciertoresaca-2.png\",\"datePublished\":\"2017-08-21T08:26:26+00:00\",\"breadcrumb\":{\"@id\":\"https:\\\/\\\/forummontau.com\\\/asturias\\\/la-resaca-festiva-la-adiccion\\\/#breadcrumb\"},\"inLanguage\":\"es\",\"potentialAction\":[{\"@type\":\"ReadAction\",\"target\":[\"https:\\\/\\\/forummontau.com\\\/asturias\\\/la-resaca-festiva-la-adiccion\\\/\"]}]},{\"@type\":\"ImageObject\",\"inLanguage\":\"es\",\"@id\":\"https:\\\/\\\/forummontau.com\\\/asturias\\\/la-resaca-festiva-la-adiccion\\\/#primaryimage\",\"url\":\"https:\\\/\\\/forummontau.com\\\/asturias\\\/wp-content\\\/uploads\\\/sites\\\/7\\\/2017\\\/08\\\/forumconciertoresaca-2.png\",\"contentUrl\":\"https:\\\/\\\/forummontau.com\\\/asturias\\\/wp-content\\\/uploads\\\/sites\\\/7\\\/2017\\\/08\\\/forumconciertoresaca-2.png\",\"width\":700,\"height\":466},{\"@type\":\"BreadcrumbList\",\"@id\":\"https:\\\/\\\/forummontau.com\\\/asturias\\\/la-resaca-festiva-la-adiccion\\\/#breadcrumb\",\"itemListElement\":[{\"@type\":\"ListItem\",\"position\":1,\"name\":\"Portada\",\"item\":\"https:\\\/\\\/forummontau.com\\\/asturias\\\/\"},{\"@type\":\"ListItem\",\"position\":2,\"name\":\"De la resaca festiva a la adicci\u00f3n\"}]},{\"@type\":\"WebSite\",\"@id\":\"https:\\\/\\\/forummontau.com\\\/asturias\\\/#website\",\"url\":\"https:\\\/\\\/forummontau.com\\\/asturias\\\/\",\"name\":\"Forum Salud Mental Asturias\",\"description\":\"Centro Desintoxicaci\u00f3n y Adicciones en Asturias. Centros en Gij\u00f3n y en Oviedo.\",\"publisher\":{\"@id\":\"https:\\\/\\\/forummontau.com\\\/asturias\\\/#organization\"},\"potentialAction\":[{\"@type\":\"SearchAction\",\"target\":{\"@type\":\"EntryPoint\",\"urlTemplate\":\"https:\\\/\\\/forummontau.com\\\/asturias\\\/?s={search_term_string}\"},\"query-input\":{\"@type\":\"PropertyValueSpecification\",\"valueRequired\":true,\"valueName\":\"search_term_string\"}}],\"inLanguage\":\"es\"},{\"@type\":\"Organization\",\"@id\":\"https:\\\/\\\/forummontau.com\\\/asturias\\\/#organization\",\"name\":\"Forum Salud Mental Asturias\",\"url\":\"https:\\\/\\\/forummontau.com\\\/asturias\\\/\",\"logo\":{\"@type\":\"ImageObject\",\"inLanguage\":\"es\",\"@id\":\"https:\\\/\\\/forummontau.com\\\/asturias\\\/#\\\/schema\\\/logo\\\/image\\\/\",\"url\":\"https:\\\/\\\/forummontau.com\\\/asturias\\\/wp-content\\\/uploads\\\/sites\\\/7\\\/2020\\\/02\\\/asturias-1.png\",\"contentUrl\":\"https:\\\/\\\/forummontau.com\\\/asturias\\\/wp-content\\\/uploads\\\/sites\\\/7\\\/2020\\\/02\\\/asturias-1.png\",\"width\":214,\"height\":119,\"caption\":\"Forum Salud Mental Asturias\"},\"image\":{\"@id\":\"https:\\\/\\\/forummontau.com\\\/asturias\\\/#\\\/schema\\\/logo\\\/image\\\/\"}},{\"@type\":\"Person\",\"@id\":\"https:\\\/\\\/forummontau.com\\\/asturias\\\/#\\\/schema\\\/person\\\/4c3c9ec862e1fa8c32dbc0042dd4886d\",\"name\":\"Forum Salud Mental Asturias\",\"image\":{\"@type\":\"ImageObject\",\"inLanguage\":\"es\",\"@id\":\"https:\\\/\\\/secure.gravatar.com\\\/avatar\\\/?s=96&d=mm&r=g\",\"url\":\"https:\\\/\\\/secure.gravatar.com\\\/avatar\\\/?s=96&d=mm&r=g\",\"contentUrl\":\"https:\\\/\\\/secure.gravatar.com\\\/avatar\\\/?s=96&d=mm&r=g\",\"caption\":\"Forum Salud Mental Asturias\"}}]}<\/script>\n<!-- \/ Yoast SEO plugin. -->","yoast_head_json":{"title":"De la resaca festiva a la adicci\u00f3n - Forum Salud Mental Asturias","robots":{"index":"index","follow":"follow","max-snippet":"max-snippet:-1","max-image-preview":"max-image-preview:large","max-video-preview":"max-video-preview:-1"},"canonical":"https:\/\/forummontau.com\/asturias\/la-resaca-festiva-la-adiccion\/","og_locale":"es_ES","og_type":"article","og_title":"De la resaca festiva a la adicci\u00f3n - Forum Salud Mental Asturias","og_description":"Durante el verano se puede asistir a multitud de festivales, y son muchos los fans que acuden a varios de ellos sin reparar en las consecuencias que ese desgaste puede suponer para el cerebro en tan poco tiempo. Dos de cada diez aprovechan su estancia para consumir alg\u00fan tipo de droga ilegal que les ayude [&hellip;]","og_url":"https:\/\/forummontau.com\/asturias\/la-resaca-festiva-la-adiccion\/","og_site_name":"Forum Salud Mental Asturias","article_published_time":"2017-08-21T08:26:26+00:00","og_image":[{"width":700,"height":466,"url":"https:\/\/forummontau.com\/asturias\/wp-content\/uploads\/sites\/7\/2017\/08\/forumconciertoresaca-2.png","type":"image\/png"}],"author":"Forum Salud Mental Asturias","twitter_card":"summary_large_image","twitter_misc":{"Escrito por":"Forum Salud Mental Asturias","Tiempo de lectura":"2 minutos"},"schema":{"@context":"https:\/\/schema.org","@graph":[{"@type":"Article","@id":"https:\/\/forummontau.com\/asturias\/la-resaca-festiva-la-adiccion\/#article","isPartOf":{"@id":"https:\/\/forummontau.com\/asturias\/la-resaca-festiva-la-adiccion\/"},"author":{"name":"Forum Salud Mental Asturias","@id":"https:\/\/forummontau.com\/asturias\/#\/schema\/person\/4c3c9ec862e1fa8c32dbc0042dd4886d"},"headline":"De la resaca festiva a la adicci\u00f3n","datePublished":"2017-08-21T08:26:26+00:00","mainEntityOfPage":{"@id":"https:\/\/forummontau.com\/asturias\/la-resaca-festiva-la-adiccion\/"},"wordCount":467,"publisher":{"@id":"https:\/\/forummontau.com\/asturias\/#organization"},"image":{"@id":"https:\/\/forummontau.com\/asturias\/la-resaca-festiva-la-adiccion\/#primaryimage"},"thumbnailUrl":"https:\/\/forummontau.com\/asturias\/wp-content\/uploads\/sites\/7\/2017\/08\/forumconciertoresaca-2.png","articleSection":["Tratamientos"],"inLanguage":"es"},{"@type":"WebPage","@id":"https:\/\/forummontau.com\/asturias\/la-resaca-festiva-la-adiccion\/","url":"https:\/\/forummontau.com\/asturias\/la-resaca-festiva-la-adiccion\/","name":"De la resaca festiva a la adicci\u00f3n - Forum Salud Mental Asturias","isPartOf":{"@id":"https:\/\/forummontau.com\/asturias\/#website"},"primaryImageOfPage":{"@id":"https:\/\/forummontau.com\/asturias\/la-resaca-festiva-la-adiccion\/#primaryimage"},"image":{"@id":"https:\/\/forummontau.com\/asturias\/la-resaca-festiva-la-adiccion\/#primaryimage"},"thumbnailUrl":"https:\/\/forummontau.com\/asturias\/wp-content\/uploads\/sites\/7\/2017\/08\/forumconciertoresaca-2.png","datePublished":"2017-08-21T08:26:26+00:00","breadcrumb":{"@id":"https:\/\/forummontau.com\/asturias\/la-resaca-festiva-la-adiccion\/#breadcrumb"},"inLanguage":"es","potentialAction":[{"@type":"ReadAction","target":["https:\/\/forummontau.com\/asturias\/la-resaca-festiva-la-adiccion\/"]}]},{"@type":"ImageObject","inLanguage":"es","@id":"https:\/\/forummontau.com\/asturias\/la-resaca-festiva-la-adiccion\/#primaryimage","url":"https:\/\/forummontau.com\/asturias\/wp-content\/uploads\/sites\/7\/2017\/08\/forumconciertoresaca-2.png","contentUrl":"https:\/\/forummontau.com\/asturias\/wp-content\/uploads\/sites\/7\/2017\/08\/forumconciertoresaca-2.png","width":700,"height":466},{"@type":"BreadcrumbList","@id":"https:\/\/forummontau.com\/asturias\/la-resaca-festiva-la-adiccion\/#breadcrumb","itemListElement":[{"@type":"ListItem","position":1,"name":"Portada","item":"https:\/\/forummontau.com\/asturias\/"},{"@type":"ListItem","position":2,"name":"De la resaca festiva a la adicci\u00f3n"}]},{"@type":"WebSite","@id":"https:\/\/forummontau.com\/asturias\/#website","url":"https:\/\/forummontau.com\/asturias\/","name":"Forum Salud Mental Asturias","description":"Centro Desintoxicaci\u00f3n y Adicciones en Asturias. Centros en Gij\u00f3n y en Oviedo.","publisher":{"@id":"https:\/\/forummontau.com\/asturias\/#organization"},"potentialAction":[{"@type":"SearchAction","target":{"@type":"EntryPoint","urlTemplate":"https:\/\/forummontau.com\/asturias\/?s={search_term_string}"},"query-input":{"@type":"PropertyValueSpecification","valueRequired":true,"valueName":"search_term_string"}}],"inLanguage":"es"},{"@type":"Organization","@id":"https:\/\/forummontau.com\/asturias\/#organization","name":"Forum Salud Mental Asturias","url":"https:\/\/forummontau.com\/asturias\/","logo":{"@type":"ImageObject","inLanguage":"es","@id":"https:\/\/forummontau.com\/asturias\/#\/schema\/logo\/image\/","url":"https:\/\/forummontau.com\/asturias\/wp-content\/uploads\/sites\/7\/2020\/02\/asturias-1.png","contentUrl":"https:\/\/forummontau.com\/asturias\/wp-content\/uploads\/sites\/7\/2020\/02\/asturias-1.png","width":214,"height":119,"caption":"Forum Salud Mental Asturias"},"image":{"@id":"https:\/\/forummontau.com\/asturias\/#\/schema\/logo\/image\/"}},{"@type":"Person","@id":"https:\/\/forummontau.com\/asturias\/#\/schema\/person\/4c3c9ec862e1fa8c32dbc0042dd4886d","name":"Forum Salud Mental Asturias","image":{"@type":"ImageObject","inLanguage":"es","@id":"https:\/\/secure.gravatar.com\/avatar\/?s=96&d=mm&r=g","url":"https:\/\/secure.gravatar.com\/avatar\/?s=96&d=mm&r=g","contentUrl":"https:\/\/secure.gravatar.com\/avatar\/?s=96&d=mm&r=g","caption":"Forum Salud Mental Asturias"}}]}},"_links":{"self":[{"href":"https:\/\/forummontau.com\/asturias\/wp-json\/wp\/v2\/posts\/2417","targetHints":{"allow":["GET"]}}],"collection":[{"href":"https:\/\/forummontau.com\/asturias\/wp-json\/wp\/v2\/posts"}],"about":[{"href":"https:\/\/forummontau.com\/asturias\/wp-json\/wp\/v2\/types\/post"}],"author":[{"embeddable":true,"href":"https:\/\/forummontau.com\/asturias\/wp-json\/wp\/v2\/users\/7"}],"replies":[{"embeddable":true,"href":"https:\/\/forummontau.com\/asturias\/wp-json\/wp\/v2\/comments?post=2417"}],"version-history":[{"count":0,"href":"https:\/\/forummontau.com\/asturias\/wp-json\/wp\/v2\/posts\/2417\/revisions"}],"wp:featuredmedia":[{"embeddable":true,"href":"https:\/\/forummontau.com\/asturias\/wp-json\/wp\/v2\/media\/963"}],"wp:attachment":[{"href":"https:\/\/forummontau.com\/asturias\/wp-json\/wp\/v2\/media?parent=2417"}],"wp:term":[{"taxonomy":"category","embeddable":true,"href":"https:\/\/forummontau.com\/asturias\/wp-json\/wp\/v2\/categories?post=2417"},{"taxonomy":"post_tag","embeddable":true,"href":"https:\/\/forummontau.com\/asturias\/wp-json\/wp\/v2\/tags?post=2417"}],"curies":[{"name":"wp","href":"https:\/\/api.w.org\/{rel}","templated":true}]}}