{"id":2422,"date":"2017-11-13T13:30:58","date_gmt":"2017-11-13T13:30:58","guid":{"rendered":"http:\/\/www.adiccionesasturias.com\/?p=1036"},"modified":"2017-11-13T13:30:58","modified_gmt":"2017-11-13T13:30:58","slug":"las-drogas-fracaso-escolar","status":"publish","type":"post","link":"https:\/\/forummontau.com\/asturias\/las-drogas-fracaso-escolar\/","title":{"rendered":"Las drogas y el fracaso escolar"},"content":{"rendered":"<p>El consumo de drogas constituye en la actualidad un importante fen\u00f3meno social que afecta especialmente a los adolescentes, que conviven con ellas y deben tomar decisiones sobre su consumo o no. Los adolescentes pueden estar comprometidos en varias formas con el alcohol y las drogas legales o ilegales. Es com\u00fan el experimentar con el alcohol y las drogas durante la adolescencia. Desgraciadamente, con frecuencia, los adolescentes no ven la relaci\u00f3n entre sus acciones en el presente y las consecuencias del ma\u00f1ana.<\/p>\n<p>La adolescencia es el tiempo de probar cosas nuevas. Los adolescentes usan el alcohol y las otras drogas por varias razones, incluyendo la curiosidad, para sentirse bien, para reducir el estr\u00e9s, para sentirse personas adultas o para pertenecer a un grupo. Es dif\u00edcil el poder determinar cu\u00e1les de los adolescentes van a experimentar y parar ah\u00ed, y cu\u00e1les van a desarrollar problemas serios.<\/p>\n<p>Los adolescentes que corren el riesgo de desarrollar problemas serios con el alcohol y las drogas incluyen aquellos con un historial familiar de abuso de sustancias, que est\u00e1n deprimidos, que sienten poco amor propio o autoestima, que sienten que no pertenecen y que est\u00e1n fuera de la corriente. Los adolescentes abusan de una variedad de drogas, tanto legales como ilegales. Las legales disponibles incluyen las bebidas alcoh\u00f3licas, las medicinas por receta m\u00e9dica, los inhalantes (vapores de las pegas, aerosoles y solventes) y medicinas de venta libre para la tos, la gripe, el insomnio y para adelgazar. Las drogas ilegales de mayor uso com\u00fan son la marihuana los estimulantes (coca\u00edna, crack y speed), LSD, PCP, los derivados del opio, la hero\u00edna y las drogas dise\u00f1adas (\u00e9xtasis).<\/p>\n<p>El uso de las drogas ilegales est\u00e1 en aumento, especialmente entre los j\u00f3venes o adolescentes. Primero, el uso de la marihuana ocurre en la escuela intermedia y el uso del alcohol puede comenzar antes de los 12 a\u00f1os.<\/p>\n<p>Todo ello est\u00e1 asociado con una variedad de consecuencias negativas, que incluyen el aumento en el riesgo del uso serio de drogas m\u00e1s tarde en la vida, el fracaso escolar, el mal juicio que puede exponer a los adolescentes al riesgo de accidentes, violencia, relaciones sexuales no planificadas y arriesgadas y el suicidio. Las se\u00f1ales principales del uso de alcohol y del abuso de drogas por los adolescentes conducen a las situaciones, f\u00edsicas: que se muestra en fatiga, problemas al dormir, quejas continuas acerca de su salud, ojos enrojecidos y sin brillo y una tos persistente; emocionales: cambios en la personalidad, cambios r\u00e1pidos de humor, irritabilidad, comportamiento irresponsable, poco amor propio o autoestima, carencia de juicio, depresi\u00f3n, retraimiento y una falta general de inter\u00e9s; de familia: el comenzar argumentos, desobedecer las reglas, el retraerse o dejar de comunicarse con la familia, rebelarse contra los padres o tutores; en la Escuela: inter\u00e9s decreciente, actitud negativa, calificaciones bajas, ausencias frecuentes, faltas al deber y problemas de disciplina y problemas sociales: amigos o padres envueltos con drogas y alcohol, problemas con la ley y el cambio dram\u00e1tico en el vestir y apariencia.<\/p>\n<p>Espa\u00f1a es uno de los pa\u00edses europeos que m\u00e1s alto \u00edndice tiene de absentismo escolar y, en consecuencia, de fracaso escolar, hasta tal punto que nos hemos ganado estar clasificados los \u00faltimos del r\u00e1nking seg\u00fan la Organizaci\u00f3n para la Cooperaci\u00f3n y el Desarrollo Econ\u00f3micos (Ocde). \u00bfPor qu\u00e9 superamos a la mayor\u00eda de los pa\u00edses europeos? \u00bfCu\u00e1les son los motivos? Hay que analizarlos.<\/p>\n<p>La droga se ha convertido en un grav\u00edsimo problema social y Espa\u00f1a, est\u00e1 a la cabeza de la UE en consumo de coca\u00edna y cannabis. Por lo tanto ha llegado el momento de afrontar este problema y remediarlo como ya se ha hecho en otros pa\u00edses. Los parques de las ciudades son protagonistas de botellones, la droga en los adolescentes se est\u00e1 convirtiendo en algo habitual. \u00bfQu\u00e9 hacemos para solucionar el problema?&nbsp; \u00bfQui\u00e9n o quienes debemos preocuparnos de esos adolescentes que juegan a ser j\u00f3venes antes de tiempo? Los primeros, los padres que debemos ser el freno aunque no siempre es as\u00ed. \u00bfSon permisivos con sus hijos? Islandia es un buen ejemplo de que se puede acabar con el alcohol y las drogas en los adolescentes ya que en los \u00faltimos 20 a\u00f1os ha reducido radicalmente el consumo de tabaco, drogas y bebidas alcoh\u00f3licas entre los j\u00f3venes. \u00bfC\u00f3mo lo ha conseguido y por qu\u00e9 es Espa\u00f1a no seguimos su ejemplo?<\/p>\n","protected":false},"excerpt":{"rendered":"<p>El consumo de drogas constituye en la actualidad un importante fen\u00f3meno social que afecta especialmente a los adolescentes, que conviven con ellas y deben tomar decisiones sobre su consumo o no. Los adolescentes pueden estar comprometidos en varias formas con el alcohol y las drogas legales o ilegales. Es com\u00fan el experimentar con el alcohol [&hellip;]<\/p>\n","protected":false},"author":7,"featured_media":1836,"comment_status":"closed","ping_status":"closed","sticky":false,"template":"","format":"standard","meta":{"ocean_post_layout":"","ocean_both_sidebars_style":"","ocean_both_sidebars_content_width":0,"ocean_both_sidebars_sidebars_width":0,"ocean_sidebar":"0","ocean_second_sidebar":"0","ocean_disable_margins":"enable","ocean_add_body_class":"","ocean_shortcode_before_top_bar":"","ocean_shortcode_after_top_bar":"","ocean_shortcode_before_header":"","ocean_shortcode_after_header":"","ocean_has_shortcode":"","ocean_shortcode_after_title":"","ocean_shortcode_before_footer_widgets":"","ocean_shortcode_after_footer_widgets":"","ocean_shortcode_before_footer_bottom":"","ocean_shortcode_after_footer_bottom":"","ocean_display_top_bar":"default","ocean_display_header":"default","ocean_header_style":"","ocean_center_header_left_menu":"0","ocean_custom_header_template":"0","ocean_custom_logo":0,"ocean_custom_retina_logo":0,"ocean_custom_logo_max_width":0,"ocean_custom_logo_tablet_max_width":0,"ocean_custom_logo_mobile_max_width":0,"ocean_custom_logo_max_height":0,"ocean_custom_logo_tablet_max_height":0,"ocean_custom_logo_mobile_max_height":0,"ocean_header_custom_menu":"0","ocean_menu_typo_font_family":"0","ocean_menu_typo_font_subset":"","ocean_menu_typo_font_size":0,"ocean_menu_typo_font_size_tablet":0,"ocean_menu_typo_font_size_mobile":0,"ocean_menu_typo_font_size_unit":"px","ocean_menu_typo_font_weight":"","ocean_menu_typo_font_weight_tablet":"","ocean_menu_typo_font_weight_mobile":"","ocean_menu_typo_transform":"","ocean_menu_typo_transform_tablet":"","ocean_menu_typo_transform_mobile":"","ocean_menu_typo_line_height":0,"ocean_menu_typo_line_height_tablet":0,"ocean_menu_typo_line_height_mobile":0,"ocean_menu_typo_line_height_unit":"","ocean_menu_typo_spacing":0,"ocean_menu_typo_spacing_tablet":0,"ocean_menu_typo_spacing_mobile":0,"ocean_menu_typo_spacing_unit":"","ocean_menu_link_color":"","ocean_menu_link_color_hover":"","ocean_menu_link_color_active":"","ocean_menu_link_background":"","ocean_menu_link_hover_background":"","ocean_menu_link_active_background":"","ocean_menu_social_links_bg":"","ocean_menu_social_hover_links_bg":"","ocean_menu_social_links_color":"","ocean_menu_social_hover_links_color":"","ocean_disable_title":"default","ocean_disable_heading":"default","ocean_post_title":"","ocean_post_subheading":"","ocean_post_title_style":"","ocean_post_title_background_color":"","ocean_post_title_background":0,"ocean_post_title_bg_image_position":"","ocean_post_title_bg_image_attachment":"","ocean_post_title_bg_image_repeat":"","ocean_post_title_bg_image_size":"","ocean_post_title_height":0,"ocean_post_title_bg_overlay":0.5,"ocean_post_title_bg_overlay_color":"","ocean_disable_breadcrumbs":"default","ocean_breadcrumbs_color":"","ocean_breadcrumbs_separator_color":"","ocean_breadcrumbs_links_color":"","ocean_breadcrumbs_links_hover_color":"","ocean_display_footer_widgets":"default","ocean_display_footer_bottom":"default","ocean_custom_footer_template":"0","ocean_post_oembed":"","ocean_post_self_hosted_media":"","ocean_post_video_embed":"","ocean_link_format":"","ocean_link_format_target":"self","ocean_quote_format":"","ocean_quote_format_link":"post","ocean_gallery_link_images":"off","ocean_gallery_id":[],"footnotes":""},"categories":[6,30,76],"tags":[],"class_list":["post-2422","post","type-post","status-publish","format-standard","has-post-thumbnail","hentry","category-adicciones","category-alcohol","category-prevencion","entry","has-media"],"yoast_head":"<!-- This site is optimized with the Yoast SEO plugin v27.5 - https:\/\/yoast.com\/product\/yoast-seo-wordpress\/ -->\n<title>Las drogas y el fracaso escolar - Forum Salud Mental Asturias<\/title>\n<meta name=\"robots\" content=\"index, follow, max-snippet:-1, max-image-preview:large, max-video-preview:-1\" \/>\n<link rel=\"canonical\" href=\"https:\/\/forummontau.com\/asturias\/las-drogas-fracaso-escolar\/\" \/>\n<meta property=\"og:locale\" content=\"es_ES\" \/>\n<meta property=\"og:type\" content=\"article\" \/>\n<meta property=\"og:title\" content=\"Las drogas y el fracaso escolar - Forum Salud Mental Asturias\" \/>\n<meta property=\"og:description\" content=\"El consumo de drogas constituye en la actualidad un importante fen\u00f3meno social que afecta especialmente a los adolescentes, que conviven con ellas y deben tomar decisiones sobre su consumo o no. Los adolescentes pueden estar comprometidos en varias formas con el alcohol y las drogas legales o ilegales. Es com\u00fan el experimentar con el alcohol [&hellip;]\" \/>\n<meta property=\"og:url\" content=\"https:\/\/forummontau.com\/asturias\/las-drogas-fracaso-escolar\/\" \/>\n<meta property=\"og:site_name\" content=\"Forum Salud Mental Asturias\" \/>\n<meta property=\"article:published_time\" content=\"2017-11-13T13:30:58+00:00\" \/>\n<meta property=\"og:image\" content=\"https:\/\/forummontau.com\/asturias\/wp-content\/uploads\/sites\/7\/2017\/11\/fracaso-escolar-2.jpg\" \/>\n\t<meta property=\"og:image:width\" content=\"800\" \/>\n\t<meta property=\"og:image:height\" content=\"534\" \/>\n\t<meta property=\"og:image:type\" content=\"image\/jpeg\" \/>\n<meta name=\"author\" content=\"Forum Salud Mental Asturias\" \/>\n<meta name=\"twitter:card\" content=\"summary_large_image\" \/>\n<meta name=\"twitter:label1\" content=\"Escrito por\" \/>\n\t<meta name=\"twitter:data1\" content=\"Forum Salud Mental Asturias\" \/>\n\t<meta name=\"twitter:label2\" content=\"Tiempo de lectura\" \/>\n\t<meta name=\"twitter:data2\" content=\"4 minutos\" \/>\n<script type=\"application\/ld+json\" class=\"yoast-schema-graph\">{\"@context\":\"https:\\\/\\\/schema.org\",\"@graph\":[{\"@type\":\"Article\",\"@id\":\"https:\\\/\\\/forummontau.com\\\/asturias\\\/las-drogas-fracaso-escolar\\\/#article\",\"isPartOf\":{\"@id\":\"https:\\\/\\\/forummontau.com\\\/asturias\\\/las-drogas-fracaso-escolar\\\/\"},\"author\":{\"name\":\"Forum Salud Mental Asturias\",\"@id\":\"https:\\\/\\\/forummontau.com\\\/asturias\\\/#\\\/schema\\\/person\\\/4c3c9ec862e1fa8c32dbc0042dd4886d\"},\"headline\":\"Las drogas y el fracaso escolar\",\"datePublished\":\"2017-11-13T13:30:58+00:00\",\"mainEntityOfPage\":{\"@id\":\"https:\\\/\\\/forummontau.com\\\/asturias\\\/las-drogas-fracaso-escolar\\\/\"},\"wordCount\":771,\"publisher\":{\"@id\":\"https:\\\/\\\/forummontau.com\\\/asturias\\\/#organization\"},\"image\":{\"@id\":\"https:\\\/\\\/forummontau.com\\\/asturias\\\/las-drogas-fracaso-escolar\\\/#primaryimage\"},\"thumbnailUrl\":\"https:\\\/\\\/forummontau.com\\\/asturias\\\/wp-content\\\/uploads\\\/sites\\\/7\\\/2017\\\/11\\\/fracaso-escolar-2.jpg\",\"articleSection\":[\"Adicciones\",\"alcohol\",\"Prevenci\u00f3n\"],\"inLanguage\":\"es\"},{\"@type\":\"WebPage\",\"@id\":\"https:\\\/\\\/forummontau.com\\\/asturias\\\/las-drogas-fracaso-escolar\\\/\",\"url\":\"https:\\\/\\\/forummontau.com\\\/asturias\\\/las-drogas-fracaso-escolar\\\/\",\"name\":\"Las drogas y el fracaso escolar - Forum Salud Mental Asturias\",\"isPartOf\":{\"@id\":\"https:\\\/\\\/forummontau.com\\\/asturias\\\/#website\"},\"primaryImageOfPage\":{\"@id\":\"https:\\\/\\\/forummontau.com\\\/asturias\\\/las-drogas-fracaso-escolar\\\/#primaryimage\"},\"image\":{\"@id\":\"https:\\\/\\\/forummontau.com\\\/asturias\\\/las-drogas-fracaso-escolar\\\/#primaryimage\"},\"thumbnailUrl\":\"https:\\\/\\\/forummontau.com\\\/asturias\\\/wp-content\\\/uploads\\\/sites\\\/7\\\/2017\\\/11\\\/fracaso-escolar-2.jpg\",\"datePublished\":\"2017-11-13T13:30:58+00:00\",\"breadcrumb\":{\"@id\":\"https:\\\/\\\/forummontau.com\\\/asturias\\\/las-drogas-fracaso-escolar\\\/#breadcrumb\"},\"inLanguage\":\"es\",\"potentialAction\":[{\"@type\":\"ReadAction\",\"target\":[\"https:\\\/\\\/forummontau.com\\\/asturias\\\/las-drogas-fracaso-escolar\\\/\"]}]},{\"@type\":\"ImageObject\",\"inLanguage\":\"es\",\"@id\":\"https:\\\/\\\/forummontau.com\\\/asturias\\\/las-drogas-fracaso-escolar\\\/#primaryimage\",\"url\":\"https:\\\/\\\/forummontau.com\\\/asturias\\\/wp-content\\\/uploads\\\/sites\\\/7\\\/2017\\\/11\\\/fracaso-escolar-2.jpg\",\"contentUrl\":\"https:\\\/\\\/forummontau.com\\\/asturias\\\/wp-content\\\/uploads\\\/sites\\\/7\\\/2017\\\/11\\\/fracaso-escolar-2.jpg\",\"width\":800,\"height\":534},{\"@type\":\"BreadcrumbList\",\"@id\":\"https:\\\/\\\/forummontau.com\\\/asturias\\\/las-drogas-fracaso-escolar\\\/#breadcrumb\",\"itemListElement\":[{\"@type\":\"ListItem\",\"position\":1,\"name\":\"Portada\",\"item\":\"https:\\\/\\\/forummontau.com\\\/asturias\\\/\"},{\"@type\":\"ListItem\",\"position\":2,\"name\":\"Las drogas y el fracaso escolar\"}]},{\"@type\":\"WebSite\",\"@id\":\"https:\\\/\\\/forummontau.com\\\/asturias\\\/#website\",\"url\":\"https:\\\/\\\/forummontau.com\\\/asturias\\\/\",\"name\":\"Forum Salud Mental Asturias\",\"description\":\"Centro Desintoxicaci\u00f3n y Adicciones en Asturias. Centros en Gij\u00f3n y en Oviedo.\",\"publisher\":{\"@id\":\"https:\\\/\\\/forummontau.com\\\/asturias\\\/#organization\"},\"potentialAction\":[{\"@type\":\"SearchAction\",\"target\":{\"@type\":\"EntryPoint\",\"urlTemplate\":\"https:\\\/\\\/forummontau.com\\\/asturias\\\/?s={search_term_string}\"},\"query-input\":{\"@type\":\"PropertyValueSpecification\",\"valueRequired\":true,\"valueName\":\"search_term_string\"}}],\"inLanguage\":\"es\"},{\"@type\":\"Organization\",\"@id\":\"https:\\\/\\\/forummontau.com\\\/asturias\\\/#organization\",\"name\":\"Forum Salud Mental Asturias\",\"url\":\"https:\\\/\\\/forummontau.com\\\/asturias\\\/\",\"logo\":{\"@type\":\"ImageObject\",\"inLanguage\":\"es\",\"@id\":\"https:\\\/\\\/forummontau.com\\\/asturias\\\/#\\\/schema\\\/logo\\\/image\\\/\",\"url\":\"https:\\\/\\\/forummontau.com\\\/asturias\\\/wp-content\\\/uploads\\\/sites\\\/7\\\/2020\\\/02\\\/asturias-1.png\",\"contentUrl\":\"https:\\\/\\\/forummontau.com\\\/asturias\\\/wp-content\\\/uploads\\\/sites\\\/7\\\/2020\\\/02\\\/asturias-1.png\",\"width\":214,\"height\":119,\"caption\":\"Forum Salud Mental Asturias\"},\"image\":{\"@id\":\"https:\\\/\\\/forummontau.com\\\/asturias\\\/#\\\/schema\\\/logo\\\/image\\\/\"}},{\"@type\":\"Person\",\"@id\":\"https:\\\/\\\/forummontau.com\\\/asturias\\\/#\\\/schema\\\/person\\\/4c3c9ec862e1fa8c32dbc0042dd4886d\",\"name\":\"Forum Salud Mental Asturias\",\"image\":{\"@type\":\"ImageObject\",\"inLanguage\":\"es\",\"@id\":\"https:\\\/\\\/secure.gravatar.com\\\/avatar\\\/?s=96&d=mm&r=g\",\"url\":\"https:\\\/\\\/secure.gravatar.com\\\/avatar\\\/?s=96&d=mm&r=g\",\"contentUrl\":\"https:\\\/\\\/secure.gravatar.com\\\/avatar\\\/?s=96&d=mm&r=g\",\"caption\":\"Forum Salud Mental Asturias\"}}]}<\/script>\n<!-- \/ Yoast SEO plugin. -->","yoast_head_json":{"title":"Las drogas y el fracaso escolar - Forum Salud Mental Asturias","robots":{"index":"index","follow":"follow","max-snippet":"max-snippet:-1","max-image-preview":"max-image-preview:large","max-video-preview":"max-video-preview:-1"},"canonical":"https:\/\/forummontau.com\/asturias\/las-drogas-fracaso-escolar\/","og_locale":"es_ES","og_type":"article","og_title":"Las drogas y el fracaso escolar - Forum Salud Mental Asturias","og_description":"El consumo de drogas constituye en la actualidad un importante fen\u00f3meno social que afecta especialmente a los adolescentes, que conviven con ellas y deben tomar decisiones sobre su consumo o no. Los adolescentes pueden estar comprometidos en varias formas con el alcohol y las drogas legales o ilegales. Es com\u00fan el experimentar con el alcohol [&hellip;]","og_url":"https:\/\/forummontau.com\/asturias\/las-drogas-fracaso-escolar\/","og_site_name":"Forum Salud Mental Asturias","article_published_time":"2017-11-13T13:30:58+00:00","og_image":[{"width":800,"height":534,"url":"https:\/\/forummontau.com\/asturias\/wp-content\/uploads\/sites\/7\/2017\/11\/fracaso-escolar-2.jpg","type":"image\/jpeg"}],"author":"Forum Salud Mental Asturias","twitter_card":"summary_large_image","twitter_misc":{"Escrito por":"Forum Salud Mental Asturias","Tiempo de lectura":"4 minutos"},"schema":{"@context":"https:\/\/schema.org","@graph":[{"@type":"Article","@id":"https:\/\/forummontau.com\/asturias\/las-drogas-fracaso-escolar\/#article","isPartOf":{"@id":"https:\/\/forummontau.com\/asturias\/las-drogas-fracaso-escolar\/"},"author":{"name":"Forum Salud Mental Asturias","@id":"https:\/\/forummontau.com\/asturias\/#\/schema\/person\/4c3c9ec862e1fa8c32dbc0042dd4886d"},"headline":"Las drogas y el fracaso escolar","datePublished":"2017-11-13T13:30:58+00:00","mainEntityOfPage":{"@id":"https:\/\/forummontau.com\/asturias\/las-drogas-fracaso-escolar\/"},"wordCount":771,"publisher":{"@id":"https:\/\/forummontau.com\/asturias\/#organization"},"image":{"@id":"https:\/\/forummontau.com\/asturias\/las-drogas-fracaso-escolar\/#primaryimage"},"thumbnailUrl":"https:\/\/forummontau.com\/asturias\/wp-content\/uploads\/sites\/7\/2017\/11\/fracaso-escolar-2.jpg","articleSection":["Adicciones","alcohol","Prevenci\u00f3n"],"inLanguage":"es"},{"@type":"WebPage","@id":"https:\/\/forummontau.com\/asturias\/las-drogas-fracaso-escolar\/","url":"https:\/\/forummontau.com\/asturias\/las-drogas-fracaso-escolar\/","name":"Las drogas y el fracaso escolar - Forum Salud Mental Asturias","isPartOf":{"@id":"https:\/\/forummontau.com\/asturias\/#website"},"primaryImageOfPage":{"@id":"https:\/\/forummontau.com\/asturias\/las-drogas-fracaso-escolar\/#primaryimage"},"image":{"@id":"https:\/\/forummontau.com\/asturias\/las-drogas-fracaso-escolar\/#primaryimage"},"thumbnailUrl":"https:\/\/forummontau.com\/asturias\/wp-content\/uploads\/sites\/7\/2017\/11\/fracaso-escolar-2.jpg","datePublished":"2017-11-13T13:30:58+00:00","breadcrumb":{"@id":"https:\/\/forummontau.com\/asturias\/las-drogas-fracaso-escolar\/#breadcrumb"},"inLanguage":"es","potentialAction":[{"@type":"ReadAction","target":["https:\/\/forummontau.com\/asturias\/las-drogas-fracaso-escolar\/"]}]},{"@type":"ImageObject","inLanguage":"es","@id":"https:\/\/forummontau.com\/asturias\/las-drogas-fracaso-escolar\/#primaryimage","url":"https:\/\/forummontau.com\/asturias\/wp-content\/uploads\/sites\/7\/2017\/11\/fracaso-escolar-2.jpg","contentUrl":"https:\/\/forummontau.com\/asturias\/wp-content\/uploads\/sites\/7\/2017\/11\/fracaso-escolar-2.jpg","width":800,"height":534},{"@type":"BreadcrumbList","@id":"https:\/\/forummontau.com\/asturias\/las-drogas-fracaso-escolar\/#breadcrumb","itemListElement":[{"@type":"ListItem","position":1,"name":"Portada","item":"https:\/\/forummontau.com\/asturias\/"},{"@type":"ListItem","position":2,"name":"Las drogas y el fracaso escolar"}]},{"@type":"WebSite","@id":"https:\/\/forummontau.com\/asturias\/#website","url":"https:\/\/forummontau.com\/asturias\/","name":"Forum Salud Mental Asturias","description":"Centro Desintoxicaci\u00f3n y Adicciones en Asturias. Centros en Gij\u00f3n y en Oviedo.","publisher":{"@id":"https:\/\/forummontau.com\/asturias\/#organization"},"potentialAction":[{"@type":"SearchAction","target":{"@type":"EntryPoint","urlTemplate":"https:\/\/forummontau.com\/asturias\/?s={search_term_string}"},"query-input":{"@type":"PropertyValueSpecification","valueRequired":true,"valueName":"search_term_string"}}],"inLanguage":"es"},{"@type":"Organization","@id":"https:\/\/forummontau.com\/asturias\/#organization","name":"Forum Salud Mental Asturias","url":"https:\/\/forummontau.com\/asturias\/","logo":{"@type":"ImageObject","inLanguage":"es","@id":"https:\/\/forummontau.com\/asturias\/#\/schema\/logo\/image\/","url":"https:\/\/forummontau.com\/asturias\/wp-content\/uploads\/sites\/7\/2020\/02\/asturias-1.png","contentUrl":"https:\/\/forummontau.com\/asturias\/wp-content\/uploads\/sites\/7\/2020\/02\/asturias-1.png","width":214,"height":119,"caption":"Forum Salud Mental Asturias"},"image":{"@id":"https:\/\/forummontau.com\/asturias\/#\/schema\/logo\/image\/"}},{"@type":"Person","@id":"https:\/\/forummontau.com\/asturias\/#\/schema\/person\/4c3c9ec862e1fa8c32dbc0042dd4886d","name":"Forum Salud Mental Asturias","image":{"@type":"ImageObject","inLanguage":"es","@id":"https:\/\/secure.gravatar.com\/avatar\/?s=96&d=mm&r=g","url":"https:\/\/secure.gravatar.com\/avatar\/?s=96&d=mm&r=g","contentUrl":"https:\/\/secure.gravatar.com\/avatar\/?s=96&d=mm&r=g","caption":"Forum Salud Mental Asturias"}}]}},"_links":{"self":[{"href":"https:\/\/forummontau.com\/asturias\/wp-json\/wp\/v2\/posts\/2422","targetHints":{"allow":["GET"]}}],"collection":[{"href":"https:\/\/forummontau.com\/asturias\/wp-json\/wp\/v2\/posts"}],"about":[{"href":"https:\/\/forummontau.com\/asturias\/wp-json\/wp\/v2\/types\/post"}],"author":[{"embeddable":true,"href":"https:\/\/forummontau.com\/asturias\/wp-json\/wp\/v2\/users\/7"}],"replies":[{"embeddable":true,"href":"https:\/\/forummontau.com\/asturias\/wp-json\/wp\/v2\/comments?post=2422"}],"version-history":[{"count":0,"href":"https:\/\/forummontau.com\/asturias\/wp-json\/wp\/v2\/posts\/2422\/revisions"}],"wp:featuredmedia":[{"embeddable":true,"href":"https:\/\/forummontau.com\/asturias\/wp-json\/wp\/v2\/media\/1836"}],"wp:attachment":[{"href":"https:\/\/forummontau.com\/asturias\/wp-json\/wp\/v2\/media?parent=2422"}],"wp:term":[{"taxonomy":"category","embeddable":true,"href":"https:\/\/forummontau.com\/asturias\/wp-json\/wp\/v2\/categories?post=2422"},{"taxonomy":"post_tag","embeddable":true,"href":"https:\/\/forummontau.com\/asturias\/wp-json\/wp\/v2\/tags?post=2422"}],"curies":[{"name":"wp","href":"https:\/\/api.w.org\/{rel}","templated":true}]}}