{"id":2436,"date":"2018-05-16T08:55:32","date_gmt":"2018-05-16T08:55:32","guid":{"rendered":"https:\/\/adiccionesasturias.com\/?p=1479"},"modified":"2018-05-16T08:55:32","modified_gmt":"2018-05-16T08:55:32","slug":"el-peligro-de-las-redes-sociales","status":"publish","type":"post","link":"https:\/\/forummontau.com\/asturias\/el-peligro-de-las-redes-sociales\/","title":{"rendered":"El poder adictivo de las redes"},"content":{"rendered":"<p>Estar enganchado a las redes sociales es algo cada vez m\u00e1s com\u00fan y sentir ansiedad por olvidarnos el m\u00f3vil, empieza a ser un comportaminento habitual. Nadie puede discutir sobre los avances y beneficios que nos han tra\u00eddo las nuevas tecnolog\u00edas, pero\u00a0<strong>condicionar nuestra vida a un dispositivo m\u00f3vil puede llegar a ser perjudicial para la salud.<\/strong><\/p>\n<h3>C\u00f3mo puede afectarnos el abuso de las redes sociales<\/h3>\n<p><strong>Inquietud, falta de concentraci\u00f3n, ansiedad, depresi\u00f3n<\/strong>\u2026 son algunas de las consecuencias que puede generarnos el mal uso de las redes.<\/p>\n<p>Muchas son las advertencias que se hacen desde numerosas organizaciones sobre la necesidad de hacer un buen uso de las nuevas tecnolog\u00edas, ya que se ha demostrado que\u00a0<strong>generan adicci\u00f3n<\/strong>.<\/p>\n<h3>Motivos por los que pueden crearnos adicci\u00f3n:<\/h3>\n<ol>\n<li><strong>Facebook, Twitter.<\/strong>.. permiten con gran facilidad entrar en contacto con otras personas y\u00a0<strong>establecer falsas relaciones<\/strong>\u00a0muy r\u00e1pidamente que en la vida real ser\u00eda imposible.<\/li>\n<li><strong>Solo proyectamos lo positivo<\/strong>: lo bien que lo hacemos, lo bien que nos lo pasamos, lo felices que somos, siempre esperando una r\u00e1pida respuesta por parte de los dem\u00e1s usuarios.<\/li>\n<li>Nos crea una\u00a0<strong>sensaci\u00f3n de gratificaci\u00f3n instant\u00e1nea<\/strong>, ya que inmediatamente obtenemos alguna respuesta. \u201cEl est\u00edmulo positivo del feedback\u201d.<\/li>\n<li>Durante un cierto tiempo localizado conseguimos\u00a0<strong>ser el foco de atenci\u00f3n<\/strong>\u00a0y sentirnos querido y observado por miles de personas.<\/li>\n<\/ol>\n<p>Debido a estos motivo y algunos m\u00e1s, hoy por hoy hay muchas personas que son incapaces de estar un solo d\u00eda sin estar conectados y mirar su ordenador, tablet o smartphone, lo que puede acabar derivando en estados de ansiedad, estr\u00e9s\u2026 cuando no pueden acceder a ellos.<\/p>\n<h3>Aprende a gestionar las redes<\/h3>\n<p>Un buen uso controlado de las\u00a0<strong>redes sociales<\/strong>\u00a0puede aportarnos grandes beneficios, esta herramienta logra que podamos estar informados y mantener el contacto con algunas personas a las cuales no podemos ver normalmente, pero tambi\u00e9n debemos de tener en cuenta algunas series de pautas en el uso de las redes.<\/p>\n<ol>\n<li>Hay que\u00a0<strong>establecer l\u00edmites de tiempo<\/strong>\u00a0y usarlo para otras actividades.<\/li>\n<li>Pasar tiempo\u00a0<strong>enriqueciendo nuestras relaciones personales reales<\/strong>\u00a0con amigos, familiares\u2026<\/li>\n<\/ol>\n<h3>C\u00f3mo reconocer los s\u00edntomas de la adicci\u00f3n a las redes sociales<\/h3>\n<p>Las redes sociales por s\u00ed no son ni buenas ni malas, todo depende del uso que le demos, aunque existen ciertas\u00a0se\u00f1ales de alarma\u00a0que nos avisan de la posibilidad de una verdadera\u00a0<strong>adicci\u00f3n<\/strong>.<\/p>\n<h3>Estos s\u00edntomas son:<\/h3>\n<ol>\n<li><strong>Revisar sus redes sociales<\/strong>\u00a0muchas veces al d\u00eda\u00a0<strong>constantemente<\/strong>.<\/li>\n<li><strong>Actualizar continuamente<\/strong>\u00a0perfil, fotos, etc\u00e9tera, etiquetando siempre a los amigos para recibir\u00a0<strong>feedback<\/strong>.<\/li>\n<li>Sentir\u00a0<strong>angustia, irritaci\u00f3n, abandono<\/strong>\u2026 si no recibe un comentario en los \u00faltimos post.<\/li>\n<li>Inventar e<strong>xcusas y mentirse<\/strong>\u00a0a si mismo cuando tiene que interrumpir o cortar la conexi\u00f3n, pese a que retrase cosas importantes que tenga que hacer o incluso dejando de hacerlas.<\/li>\n<li>No poder estar m\u00e1s de un par de horas\u00a0<strong>sin conectarse<\/strong>.<\/li>\n<li><strong>Dejar de lado<\/strong>\u00a0o sentirse incomodo en las\u00a0<strong>relaciones sociales y familiares<\/strong>\u00a0y buscar cualquier momento para visualizar sus redes.<\/li>\n<\/ol>\n<h3>\u00bfPodemos desengnacharnos?<\/h3>\n<p>Si hemos alcanzado una\u00a0<strong>situaci\u00f3n de dependencia<\/strong>\u00a0que est\u00e1 repercutiendo en nuestra vida personal, social y laboral es recomendable\u00a0<strong>acudir a un especialista<\/strong>\u00a0en el tratamiento de la adicci\u00f3n a las redes sociales.<\/p>\n<p>&nbsp;<\/p>\n","protected":false},"excerpt":{"rendered":"<p>Estar enganchado a las redes sociales es algo cada vez m\u00e1s com\u00fan y sentir ansiedad por olvidarnos el m\u00f3vil, empieza a ser un comportaminento habitual. Nadie puede discutir sobre los avances y beneficios que nos han tra\u00eddo las nuevas tecnolog\u00edas, pero\u00a0condicionar nuestra vida a un dispositivo m\u00f3vil puede llegar a ser perjudicial para la salud. [&hellip;]<\/p>\n","protected":false},"author":7,"featured_media":1845,"comment_status":"closed","ping_status":"closed","sticky":false,"template":"","format":"standard","meta":{"ocean_post_layout":"","ocean_both_sidebars_style":"","ocean_both_sidebars_content_width":0,"ocean_both_sidebars_sidebars_width":0,"ocean_sidebar":"0","ocean_second_sidebar":"0","ocean_disable_margins":"enable","ocean_add_body_class":"","ocean_shortcode_before_top_bar":"","ocean_shortcode_after_top_bar":"","ocean_shortcode_before_header":"","ocean_shortcode_after_header":"","ocean_has_shortcode":"","ocean_shortcode_after_title":"","ocean_shortcode_before_footer_widgets":"","ocean_shortcode_after_footer_widgets":"","ocean_shortcode_before_footer_bottom":"","ocean_shortcode_after_footer_bottom":"","ocean_display_top_bar":"default","ocean_display_header":"default","ocean_header_style":"","ocean_center_header_left_menu":"","ocean_custom_header_template":"","ocean_custom_logo":0,"ocean_custom_retina_logo":0,"ocean_custom_logo_max_width":0,"ocean_custom_logo_tablet_max_width":0,"ocean_custom_logo_mobile_max_width":0,"ocean_custom_logo_max_height":0,"ocean_custom_logo_tablet_max_height":0,"ocean_custom_logo_mobile_max_height":0,"ocean_header_custom_menu":"0","ocean_menu_typo_font_family":"","ocean_menu_typo_font_subset":"","ocean_menu_typo_font_size":0,"ocean_menu_typo_font_size_tablet":0,"ocean_menu_typo_font_size_mobile":0,"ocean_menu_typo_font_size_unit":"px","ocean_menu_typo_font_weight":"","ocean_menu_typo_font_weight_tablet":"","ocean_menu_typo_font_weight_mobile":"","ocean_menu_typo_transform":"","ocean_menu_typo_transform_tablet":"","ocean_menu_typo_transform_mobile":"","ocean_menu_typo_line_height":0,"ocean_menu_typo_line_height_tablet":0,"ocean_menu_typo_line_height_mobile":0,"ocean_menu_typo_line_height_unit":"","ocean_menu_typo_spacing":0,"ocean_menu_typo_spacing_tablet":0,"ocean_menu_typo_spacing_mobile":0,"ocean_menu_typo_spacing_unit":"","ocean_menu_link_color":"","ocean_menu_link_color_hover":"","ocean_menu_link_color_active":"","ocean_menu_link_background":"","ocean_menu_link_hover_background":"","ocean_menu_link_active_background":"","ocean_menu_social_links_bg":"","ocean_menu_social_hover_links_bg":"","ocean_menu_social_links_color":"","ocean_menu_social_hover_links_color":"","ocean_disable_title":"default","ocean_disable_heading":"default","ocean_post_title":"","ocean_post_subheading":"","ocean_post_title_style":"","ocean_post_title_background_color":"","ocean_post_title_background":0,"ocean_post_title_bg_image_position":"","ocean_post_title_bg_image_attachment":"","ocean_post_title_bg_image_repeat":"","ocean_post_title_bg_image_size":"","ocean_post_title_height":0,"ocean_post_title_bg_overlay":0.5,"ocean_post_title_bg_overlay_color":"","ocean_disable_breadcrumbs":"default","ocean_breadcrumbs_color":"","ocean_breadcrumbs_separator_color":"","ocean_breadcrumbs_links_color":"","ocean_breadcrumbs_links_hover_color":"","ocean_display_footer_widgets":"default","ocean_display_footer_bottom":"default","ocean_custom_footer_template":"","ocean_post_oembed":"","ocean_post_self_hosted_media":"","ocean_post_video_embed":"","ocean_link_format":"","ocean_link_format_target":"self","ocean_quote_format":"","ocean_quote_format_link":"post","ocean_gallery_link_images":"off","ocean_gallery_id":[],"footnotes":""},"categories":[6,76,82,7],"tags":[],"class_list":["post-2436","post","type-post","status-publish","format-standard","has-post-thumbnail","hentry","category-adicciones","category-prevencion","category-tecnologia","category-tratamientos","entry","has-media"],"yoast_head":"<!-- This site is optimized with the Yoast SEO plugin v27.5 - https:\/\/yoast.com\/product\/yoast-seo-wordpress\/ -->\n<title>El poder adictivo de las redes - Forum Salud Mental Asturias<\/title>\n<meta name=\"robots\" content=\"index, follow, max-snippet:-1, max-image-preview:large, max-video-preview:-1\" \/>\n<link rel=\"canonical\" href=\"https:\/\/forummontau.com\/asturias\/el-peligro-de-las-redes-sociales\/\" \/>\n<meta property=\"og:locale\" content=\"es_ES\" \/>\n<meta property=\"og:type\" content=\"article\" \/>\n<meta property=\"og:title\" content=\"El poder adictivo de las redes - Forum Salud Mental Asturias\" \/>\n<meta property=\"og:description\" content=\"Estar enganchado a las redes sociales es algo cada vez m\u00e1s com\u00fan y sentir ansiedad por olvidarnos el m\u00f3vil, empieza a ser un comportaminento habitual. Nadie puede discutir sobre los avances y beneficios que nos han tra\u00eddo las nuevas tecnolog\u00edas, pero\u00a0condicionar nuestra vida a un dispositivo m\u00f3vil puede llegar a ser perjudicial para la salud. [&hellip;]\" \/>\n<meta property=\"og:url\" content=\"https:\/\/forummontau.com\/asturias\/el-peligro-de-las-redes-sociales\/\" \/>\n<meta property=\"og:site_name\" content=\"Forum Salud Mental Asturias\" \/>\n<meta property=\"article:published_time\" content=\"2018-05-16T08:55:32+00:00\" \/>\n<meta property=\"og:image\" content=\"https:\/\/forummontau.com\/asturias\/wp-content\/uploads\/sites\/7\/2018\/05\/redessociales-2.jpg\" \/>\n\t<meta property=\"og:image:width\" content=\"567\" \/>\n\t<meta property=\"og:image:height\" content=\"385\" \/>\n\t<meta property=\"og:image:type\" content=\"image\/jpeg\" \/>\n<meta name=\"author\" content=\"Forum Salud Mental Asturias\" \/>\n<meta name=\"twitter:card\" content=\"summary_large_image\" \/>\n<meta name=\"twitter:label1\" content=\"Escrito por\" \/>\n\t<meta name=\"twitter:data1\" content=\"Forum Salud Mental Asturias\" \/>\n\t<meta name=\"twitter:label2\" content=\"Tiempo de lectura\" \/>\n\t<meta name=\"twitter:data2\" content=\"3 minutos\" \/>\n<script type=\"application\/ld+json\" class=\"yoast-schema-graph\">{\"@context\":\"https:\\\/\\\/schema.org\",\"@graph\":[{\"@type\":\"Article\",\"@id\":\"https:\\\/\\\/forummontau.com\\\/asturias\\\/el-peligro-de-las-redes-sociales\\\/#article\",\"isPartOf\":{\"@id\":\"https:\\\/\\\/forummontau.com\\\/asturias\\\/el-peligro-de-las-redes-sociales\\\/\"},\"author\":{\"name\":\"Forum Salud Mental Asturias\",\"@id\":\"https:\\\/\\\/forummontau.com\\\/asturias\\\/#\\\/schema\\\/person\\\/4c3c9ec862e1fa8c32dbc0042dd4886d\"},\"headline\":\"El poder adictivo de las redes\",\"datePublished\":\"2018-05-16T08:55:32+00:00\",\"mainEntityOfPage\":{\"@id\":\"https:\\\/\\\/forummontau.com\\\/asturias\\\/el-peligro-de-las-redes-sociales\\\/\"},\"wordCount\":563,\"publisher\":{\"@id\":\"https:\\\/\\\/forummontau.com\\\/asturias\\\/#organization\"},\"image\":{\"@id\":\"https:\\\/\\\/forummontau.com\\\/asturias\\\/el-peligro-de-las-redes-sociales\\\/#primaryimage\"},\"thumbnailUrl\":\"https:\\\/\\\/forummontau.com\\\/asturias\\\/wp-content\\\/uploads\\\/sites\\\/7\\\/2018\\\/05\\\/redessociales-2.jpg\",\"articleSection\":[\"Adicciones\",\"Prevenci\u00f3n\",\"Tecnolog\u00eda\",\"Tratamientos\"],\"inLanguage\":\"es\"},{\"@type\":\"WebPage\",\"@id\":\"https:\\\/\\\/forummontau.com\\\/asturias\\\/el-peligro-de-las-redes-sociales\\\/\",\"url\":\"https:\\\/\\\/forummontau.com\\\/asturias\\\/el-peligro-de-las-redes-sociales\\\/\",\"name\":\"El poder adictivo de las redes - Forum Salud Mental Asturias\",\"isPartOf\":{\"@id\":\"https:\\\/\\\/forummontau.com\\\/asturias\\\/#website\"},\"primaryImageOfPage\":{\"@id\":\"https:\\\/\\\/forummontau.com\\\/asturias\\\/el-peligro-de-las-redes-sociales\\\/#primaryimage\"},\"image\":{\"@id\":\"https:\\\/\\\/forummontau.com\\\/asturias\\\/el-peligro-de-las-redes-sociales\\\/#primaryimage\"},\"thumbnailUrl\":\"https:\\\/\\\/forummontau.com\\\/asturias\\\/wp-content\\\/uploads\\\/sites\\\/7\\\/2018\\\/05\\\/redessociales-2.jpg\",\"datePublished\":\"2018-05-16T08:55:32+00:00\",\"breadcrumb\":{\"@id\":\"https:\\\/\\\/forummontau.com\\\/asturias\\\/el-peligro-de-las-redes-sociales\\\/#breadcrumb\"},\"inLanguage\":\"es\",\"potentialAction\":[{\"@type\":\"ReadAction\",\"target\":[\"https:\\\/\\\/forummontau.com\\\/asturias\\\/el-peligro-de-las-redes-sociales\\\/\"]}]},{\"@type\":\"ImageObject\",\"inLanguage\":\"es\",\"@id\":\"https:\\\/\\\/forummontau.com\\\/asturias\\\/el-peligro-de-las-redes-sociales\\\/#primaryimage\",\"url\":\"https:\\\/\\\/forummontau.com\\\/asturias\\\/wp-content\\\/uploads\\\/sites\\\/7\\\/2018\\\/05\\\/redessociales-2.jpg\",\"contentUrl\":\"https:\\\/\\\/forummontau.com\\\/asturias\\\/wp-content\\\/uploads\\\/sites\\\/7\\\/2018\\\/05\\\/redessociales-2.jpg\",\"width\":567,\"height\":385},{\"@type\":\"BreadcrumbList\",\"@id\":\"https:\\\/\\\/forummontau.com\\\/asturias\\\/el-peligro-de-las-redes-sociales\\\/#breadcrumb\",\"itemListElement\":[{\"@type\":\"ListItem\",\"position\":1,\"name\":\"Portada\",\"item\":\"https:\\\/\\\/forummontau.com\\\/asturias\\\/\"},{\"@type\":\"ListItem\",\"position\":2,\"name\":\"El poder adictivo de las redes\"}]},{\"@type\":\"WebSite\",\"@id\":\"https:\\\/\\\/forummontau.com\\\/asturias\\\/#website\",\"url\":\"https:\\\/\\\/forummontau.com\\\/asturias\\\/\",\"name\":\"Forum Salud Mental Asturias\",\"description\":\"Centro Desintoxicaci\u00f3n y Adicciones en Asturias. Centros en Gij\u00f3n y en Oviedo.\",\"publisher\":{\"@id\":\"https:\\\/\\\/forummontau.com\\\/asturias\\\/#organization\"},\"potentialAction\":[{\"@type\":\"SearchAction\",\"target\":{\"@type\":\"EntryPoint\",\"urlTemplate\":\"https:\\\/\\\/forummontau.com\\\/asturias\\\/?s={search_term_string}\"},\"query-input\":{\"@type\":\"PropertyValueSpecification\",\"valueRequired\":true,\"valueName\":\"search_term_string\"}}],\"inLanguage\":\"es\"},{\"@type\":\"Organization\",\"@id\":\"https:\\\/\\\/forummontau.com\\\/asturias\\\/#organization\",\"name\":\"Forum Salud Mental Asturias\",\"url\":\"https:\\\/\\\/forummontau.com\\\/asturias\\\/\",\"logo\":{\"@type\":\"ImageObject\",\"inLanguage\":\"es\",\"@id\":\"https:\\\/\\\/forummontau.com\\\/asturias\\\/#\\\/schema\\\/logo\\\/image\\\/\",\"url\":\"https:\\\/\\\/forummontau.com\\\/asturias\\\/wp-content\\\/uploads\\\/sites\\\/7\\\/2020\\\/02\\\/asturias-1.png\",\"contentUrl\":\"https:\\\/\\\/forummontau.com\\\/asturias\\\/wp-content\\\/uploads\\\/sites\\\/7\\\/2020\\\/02\\\/asturias-1.png\",\"width\":214,\"height\":119,\"caption\":\"Forum Salud Mental Asturias\"},\"image\":{\"@id\":\"https:\\\/\\\/forummontau.com\\\/asturias\\\/#\\\/schema\\\/logo\\\/image\\\/\"}},{\"@type\":\"Person\",\"@id\":\"https:\\\/\\\/forummontau.com\\\/asturias\\\/#\\\/schema\\\/person\\\/4c3c9ec862e1fa8c32dbc0042dd4886d\",\"name\":\"Forum Salud Mental Asturias\",\"image\":{\"@type\":\"ImageObject\",\"inLanguage\":\"es\",\"@id\":\"https:\\\/\\\/secure.gravatar.com\\\/avatar\\\/?s=96&d=mm&r=g\",\"url\":\"https:\\\/\\\/secure.gravatar.com\\\/avatar\\\/?s=96&d=mm&r=g\",\"contentUrl\":\"https:\\\/\\\/secure.gravatar.com\\\/avatar\\\/?s=96&d=mm&r=g\",\"caption\":\"Forum Salud Mental Asturias\"}}]}<\/script>\n<!-- \/ Yoast SEO plugin. -->","yoast_head_json":{"title":"El poder adictivo de las redes - Forum Salud Mental Asturias","robots":{"index":"index","follow":"follow","max-snippet":"max-snippet:-1","max-image-preview":"max-image-preview:large","max-video-preview":"max-video-preview:-1"},"canonical":"https:\/\/forummontau.com\/asturias\/el-peligro-de-las-redes-sociales\/","og_locale":"es_ES","og_type":"article","og_title":"El poder adictivo de las redes - Forum Salud Mental Asturias","og_description":"Estar enganchado a las redes sociales es algo cada vez m\u00e1s com\u00fan y sentir ansiedad por olvidarnos el m\u00f3vil, empieza a ser un comportaminento habitual. Nadie puede discutir sobre los avances y beneficios que nos han tra\u00eddo las nuevas tecnolog\u00edas, pero\u00a0condicionar nuestra vida a un dispositivo m\u00f3vil puede llegar a ser perjudicial para la salud. [&hellip;]","og_url":"https:\/\/forummontau.com\/asturias\/el-peligro-de-las-redes-sociales\/","og_site_name":"Forum Salud Mental Asturias","article_published_time":"2018-05-16T08:55:32+00:00","og_image":[{"width":567,"height":385,"url":"https:\/\/forummontau.com\/asturias\/wp-content\/uploads\/sites\/7\/2018\/05\/redessociales-2.jpg","type":"image\/jpeg"}],"author":"Forum Salud Mental Asturias","twitter_card":"summary_large_image","twitter_misc":{"Escrito por":"Forum Salud Mental Asturias","Tiempo de lectura":"3 minutos"},"schema":{"@context":"https:\/\/schema.org","@graph":[{"@type":"Article","@id":"https:\/\/forummontau.com\/asturias\/el-peligro-de-las-redes-sociales\/#article","isPartOf":{"@id":"https:\/\/forummontau.com\/asturias\/el-peligro-de-las-redes-sociales\/"},"author":{"name":"Forum Salud Mental Asturias","@id":"https:\/\/forummontau.com\/asturias\/#\/schema\/person\/4c3c9ec862e1fa8c32dbc0042dd4886d"},"headline":"El poder adictivo de las redes","datePublished":"2018-05-16T08:55:32+00:00","mainEntityOfPage":{"@id":"https:\/\/forummontau.com\/asturias\/el-peligro-de-las-redes-sociales\/"},"wordCount":563,"publisher":{"@id":"https:\/\/forummontau.com\/asturias\/#organization"},"image":{"@id":"https:\/\/forummontau.com\/asturias\/el-peligro-de-las-redes-sociales\/#primaryimage"},"thumbnailUrl":"https:\/\/forummontau.com\/asturias\/wp-content\/uploads\/sites\/7\/2018\/05\/redessociales-2.jpg","articleSection":["Adicciones","Prevenci\u00f3n","Tecnolog\u00eda","Tratamientos"],"inLanguage":"es"},{"@type":"WebPage","@id":"https:\/\/forummontau.com\/asturias\/el-peligro-de-las-redes-sociales\/","url":"https:\/\/forummontau.com\/asturias\/el-peligro-de-las-redes-sociales\/","name":"El poder adictivo de las redes - Forum Salud Mental Asturias","isPartOf":{"@id":"https:\/\/forummontau.com\/asturias\/#website"},"primaryImageOfPage":{"@id":"https:\/\/forummontau.com\/asturias\/el-peligro-de-las-redes-sociales\/#primaryimage"},"image":{"@id":"https:\/\/forummontau.com\/asturias\/el-peligro-de-las-redes-sociales\/#primaryimage"},"thumbnailUrl":"https:\/\/forummontau.com\/asturias\/wp-content\/uploads\/sites\/7\/2018\/05\/redessociales-2.jpg","datePublished":"2018-05-16T08:55:32+00:00","breadcrumb":{"@id":"https:\/\/forummontau.com\/asturias\/el-peligro-de-las-redes-sociales\/#breadcrumb"},"inLanguage":"es","potentialAction":[{"@type":"ReadAction","target":["https:\/\/forummontau.com\/asturias\/el-peligro-de-las-redes-sociales\/"]}]},{"@type":"ImageObject","inLanguage":"es","@id":"https:\/\/forummontau.com\/asturias\/el-peligro-de-las-redes-sociales\/#primaryimage","url":"https:\/\/forummontau.com\/asturias\/wp-content\/uploads\/sites\/7\/2018\/05\/redessociales-2.jpg","contentUrl":"https:\/\/forummontau.com\/asturias\/wp-content\/uploads\/sites\/7\/2018\/05\/redessociales-2.jpg","width":567,"height":385},{"@type":"BreadcrumbList","@id":"https:\/\/forummontau.com\/asturias\/el-peligro-de-las-redes-sociales\/#breadcrumb","itemListElement":[{"@type":"ListItem","position":1,"name":"Portada","item":"https:\/\/forummontau.com\/asturias\/"},{"@type":"ListItem","position":2,"name":"El poder adictivo de las redes"}]},{"@type":"WebSite","@id":"https:\/\/forummontau.com\/asturias\/#website","url":"https:\/\/forummontau.com\/asturias\/","name":"Forum Salud Mental Asturias","description":"Centro Desintoxicaci\u00f3n y Adicciones en Asturias. Centros en Gij\u00f3n y en Oviedo.","publisher":{"@id":"https:\/\/forummontau.com\/asturias\/#organization"},"potentialAction":[{"@type":"SearchAction","target":{"@type":"EntryPoint","urlTemplate":"https:\/\/forummontau.com\/asturias\/?s={search_term_string}"},"query-input":{"@type":"PropertyValueSpecification","valueRequired":true,"valueName":"search_term_string"}}],"inLanguage":"es"},{"@type":"Organization","@id":"https:\/\/forummontau.com\/asturias\/#organization","name":"Forum Salud Mental Asturias","url":"https:\/\/forummontau.com\/asturias\/","logo":{"@type":"ImageObject","inLanguage":"es","@id":"https:\/\/forummontau.com\/asturias\/#\/schema\/logo\/image\/","url":"https:\/\/forummontau.com\/asturias\/wp-content\/uploads\/sites\/7\/2020\/02\/asturias-1.png","contentUrl":"https:\/\/forummontau.com\/asturias\/wp-content\/uploads\/sites\/7\/2020\/02\/asturias-1.png","width":214,"height":119,"caption":"Forum Salud Mental Asturias"},"image":{"@id":"https:\/\/forummontau.com\/asturias\/#\/schema\/logo\/image\/"}},{"@type":"Person","@id":"https:\/\/forummontau.com\/asturias\/#\/schema\/person\/4c3c9ec862e1fa8c32dbc0042dd4886d","name":"Forum Salud Mental Asturias","image":{"@type":"ImageObject","inLanguage":"es","@id":"https:\/\/secure.gravatar.com\/avatar\/?s=96&d=mm&r=g","url":"https:\/\/secure.gravatar.com\/avatar\/?s=96&d=mm&r=g","contentUrl":"https:\/\/secure.gravatar.com\/avatar\/?s=96&d=mm&r=g","caption":"Forum Salud Mental Asturias"}}]}},"_links":{"self":[{"href":"https:\/\/forummontau.com\/asturias\/wp-json\/wp\/v2\/posts\/2436","targetHints":{"allow":["GET"]}}],"collection":[{"href":"https:\/\/forummontau.com\/asturias\/wp-json\/wp\/v2\/posts"}],"about":[{"href":"https:\/\/forummontau.com\/asturias\/wp-json\/wp\/v2\/types\/post"}],"author":[{"embeddable":true,"href":"https:\/\/forummontau.com\/asturias\/wp-json\/wp\/v2\/users\/7"}],"replies":[{"embeddable":true,"href":"https:\/\/forummontau.com\/asturias\/wp-json\/wp\/v2\/comments?post=2436"}],"version-history":[{"count":0,"href":"https:\/\/forummontau.com\/asturias\/wp-json\/wp\/v2\/posts\/2436\/revisions"}],"wp:featuredmedia":[{"embeddable":true,"href":"https:\/\/forummontau.com\/asturias\/wp-json\/wp\/v2\/media\/1845"}],"wp:attachment":[{"href":"https:\/\/forummontau.com\/asturias\/wp-json\/wp\/v2\/media?parent=2436"}],"wp:term":[{"taxonomy":"category","embeddable":true,"href":"https:\/\/forummontau.com\/asturias\/wp-json\/wp\/v2\/categories?post=2436"},{"taxonomy":"post_tag","embeddable":true,"href":"https:\/\/forummontau.com\/asturias\/wp-json\/wp\/v2\/tags?post=2436"}],"curies":[{"name":"wp","href":"https:\/\/api.w.org\/{rel}","templated":true}]}}