{"id":2451,"date":"2019-09-04T09:33:22","date_gmt":"2019-09-04T09:33:22","guid":{"rendered":"https:\/\/adiccionesasturias.com\/?p=1725"},"modified":"2019-09-04T09:33:22","modified_gmt":"2019-09-04T09:33:22","slug":"cocaina-y-alcohol-una-mezcla-mortal","status":"publish","type":"post","link":"https:\/\/forummontau.com\/asturias\/cocaina-y-alcohol-una-mezcla-mortal\/","title":{"rendered":"Coca\u00edna y alcohol, una mezcla mortal"},"content":{"rendered":"\n<p>Existe la falsa creencia de que la coca\u00edna evita los\nefectos indeseados del alcohol, lo que lleva a mucha gente a su consumo para\ncompensar los efectos. La coca\u00edna reduce as\u00ed la percepci\u00f3n subjetiva de los\nefectos de la borrachera pero no la calma en ning\u00fan caso. As\u00ed, las capacidades\npsicomotoras est\u00e1n igual de alteradas cunado se consumen las dos sustancias a\nla vez.<\/p>\n\n\n\n<p>Es cierto que la coca\u00edna es un estimulante del Sistema Nervioso Central&nbsp;que puede contrarrestar los efectos de sedaci\u00f3n que provoca el alcohol.&nbsp;El alcohol,&nbsp;por su parte,&nbsp;es un depresor del SNC&nbsp;que prolonga los efectos euforizantes de la&nbsp;coca\u00edna&nbsp;y disminuye la hipervigilancia y la tensi\u00f3n se asocian al consumo de la coca.<\/p>\n\n\n\n<h2 class=\"wp-block-heading\"><strong>Cu\u00e1les son los riesgos de mezclar coca\u00edna y alcohol<\/strong><\/h2>\n\n\n\n<p>La mezcla de ambas sustancias&nbsp;<strong>en el organismo produce cocaetileno,<\/strong>&nbsp;un metabolito&nbsp;<strong>t\u00f3xico para el h\u00edgado<\/strong>, que&nbsp;tiene enormes consecuencias sobre la salud.&nbsp;Las consecuencias de mezclar&nbsp;<strong>coca\u00edna<\/strong>&nbsp;y alcohol pueden ser mortales, ya que el&nbsp;<strong>cocaetileno tiene una capacidad de provocar la muerte<\/strong>&nbsp;\u00ab18 veces superior\u00bb al alcohol o la&nbsp;<strong>coca\u00edna<\/strong>&nbsp;por separado.<\/p>\n\n\n\n<h2 class=\"wp-block-heading\"><strong>Consecuencias f\u00edsicas<\/strong><\/h2>\n\n\n\n<p>Seg\u00fan se ha demostrado el consumo de ambas sustancias provoca\nlas siguientes consecuencias f\u00edsicas.<\/p>\n\n\n\n<ul class=\"wp-block-list\"><li>Hipertensi\u00f3n,<\/li><li>Infartos de miocardio,<\/li><li>Derrames cerebrales,<\/li><li>El cocaetileno tambi\u00e9n tienen acci\u00f3n convulsionante,<\/li><li>Provoca la destrucci\u00f3n de las c\u00e9lulas hep\u00e1ticas.<\/li><li>Arr\u00edtmias<\/li><\/ul>\n\n\n\n<h2 class=\"wp-block-heading\"><strong>Consecuencias psicol\u00f3gicas<\/strong><\/h2>\n\n\n\n<p>Otro de los riesgos derivados de mezclar&nbsp;<strong>coca\u00edna&nbsp;y\nalcohol&nbsp;<\/strong>es la&nbsp;<strong>sensaci\u00f3n subjetiva de control<\/strong>&nbsp;que\ntiene el consumidor:<\/p>\n\n\n\n<ul class=\"wp-block-list\"><li>Esto provoca que&nbsp;<strong>no se vea la necesidad de parar de consumir<\/strong>, por lo que las dosis son mucho mayores que cuando se toman ambas drogas por separado.<\/li><li>Las mayores cantidades de sustancia ingerida aumentan las probabilidades de generar una adicci\u00f3n.<\/li><li>La&nbsp;<strong>falsa sensaci\u00f3n de control<\/strong>&nbsp;que provoca el consumo de estas dos drogas conlleva un uso indiscriminado de ambas sustancias, lo que hace aumentar los<strong>&nbsp;riesgos sobre la salud<\/strong>&nbsp;&nbsp;<\/li><\/ul>\n\n\n\n<h2 class=\"wp-block-heading\">Reca\u00eddas<\/h2>\n\n\n\n<p>El riesgo de reca\u00eddas una vez iniciada la\ndesintoxicaci\u00f3n es mayor. Durante los periodos de&nbsp;<strong>abstinencia<\/strong>&nbsp;del\nuso de coca\u00edna, el<strong>&nbsp;recuerdo de la euforia asociado<\/strong>&nbsp;con su uso,\no solamente una referencia a la droga,&nbsp;<strong>puede disparar<\/strong>&nbsp;un deseo\nincontrolable de consumirla y terminar en una&nbsp;<strong>reca\u00edda.<\/strong><\/p>\n\n\n\n<p>Por su parte, el mayor riesgo que existe con el\nalcohol es su legalizaci\u00f3n y el hecho de que est\u00e9 presente en una sociedad que\nacepta socialmente su consumo. La persona que est\u00e1 en proceso de\ndesintoxicaci\u00f3n, tiene contacto a diario con esta droga por lo que el recuerdo\nes tambi\u00e9n un factor alto de reca\u00edda.<\/p>\n\n\n<p><!--EndFragment-->Si tienes problemas con las drogas, no dudes en contactar con nosotros, podemos ayudarte.<\/p>","protected":false},"excerpt":{"rendered":"<p>Existe la falsa creencia de que la coca\u00edna evita los efectos indeseados del alcohol, lo que lleva a mucha gente a su consumo para compensar los efectos. La coca\u00edna reduce as\u00ed la percepci\u00f3n subjetiva de los efectos de la borrachera pero no la calma en ning\u00fan caso. As\u00ed, las capacidades psicomotoras est\u00e1n igual de alteradas [&hellip;]<\/p>\n","protected":false},"author":7,"featured_media":1871,"comment_status":"closed","ping_status":"closed","sticky":false,"template":"","format":"standard","meta":{"ocean_post_layout":"","ocean_both_sidebars_style":"","ocean_both_sidebars_content_width":0,"ocean_both_sidebars_sidebars_width":0,"ocean_sidebar":"0","ocean_second_sidebar":"0","ocean_disable_margins":"enable","ocean_add_body_class":"","ocean_shortcode_before_top_bar":"","ocean_shortcode_after_top_bar":"","ocean_shortcode_before_header":"","ocean_shortcode_after_header":"","ocean_has_shortcode":"","ocean_shortcode_after_title":"","ocean_shortcode_before_footer_widgets":"","ocean_shortcode_after_footer_widgets":"","ocean_shortcode_before_footer_bottom":"","ocean_shortcode_after_footer_bottom":"","ocean_display_top_bar":"default","ocean_display_header":"default","ocean_header_style":"","ocean_center_header_left_menu":"0","ocean_custom_header_template":"0","ocean_custom_logo":0,"ocean_custom_retina_logo":0,"ocean_custom_logo_max_width":0,"ocean_custom_logo_tablet_max_width":0,"ocean_custom_logo_mobile_max_width":0,"ocean_custom_logo_max_height":0,"ocean_custom_logo_tablet_max_height":0,"ocean_custom_logo_mobile_max_height":0,"ocean_header_custom_menu":"0","ocean_menu_typo_font_family":"0","ocean_menu_typo_font_subset":"","ocean_menu_typo_font_size":0,"ocean_menu_typo_font_size_tablet":0,"ocean_menu_typo_font_size_mobile":0,"ocean_menu_typo_font_size_unit":"px","ocean_menu_typo_font_weight":"","ocean_menu_typo_font_weight_tablet":"","ocean_menu_typo_font_weight_mobile":"","ocean_menu_typo_transform":"","ocean_menu_typo_transform_tablet":"","ocean_menu_typo_transform_mobile":"","ocean_menu_typo_line_height":0,"ocean_menu_typo_line_height_tablet":0,"ocean_menu_typo_line_height_mobile":0,"ocean_menu_typo_line_height_unit":"","ocean_menu_typo_spacing":0,"ocean_menu_typo_spacing_tablet":0,"ocean_menu_typo_spacing_mobile":0,"ocean_menu_typo_spacing_unit":"","ocean_menu_link_color":"","ocean_menu_link_color_hover":"","ocean_menu_link_color_active":"","ocean_menu_link_background":"","ocean_menu_link_hover_background":"","ocean_menu_link_active_background":"","ocean_menu_social_links_bg":"","ocean_menu_social_hover_links_bg":"","ocean_menu_social_links_color":"","ocean_menu_social_hover_links_color":"","ocean_disable_title":"default","ocean_disable_heading":"default","ocean_post_title":"","ocean_post_subheading":"","ocean_post_title_style":"","ocean_post_title_background_color":"","ocean_post_title_background":0,"ocean_post_title_bg_image_position":"","ocean_post_title_bg_image_attachment":"","ocean_post_title_bg_image_repeat":"","ocean_post_title_bg_image_size":"","ocean_post_title_height":0,"ocean_post_title_bg_overlay":0.5,"ocean_post_title_bg_overlay_color":"","ocean_disable_breadcrumbs":"default","ocean_breadcrumbs_color":"","ocean_breadcrumbs_separator_color":"","ocean_breadcrumbs_links_color":"","ocean_breadcrumbs_links_hover_color":"","ocean_display_footer_widgets":"default","ocean_display_footer_bottom":"default","ocean_custom_footer_template":"0","ocean_post_oembed":"","ocean_post_self_hosted_media":"","ocean_post_video_embed":"","ocean_link_format":"","ocean_link_format_target":"self","ocean_quote_format":"","ocean_quote_format_link":"post","ocean_gallery_link_images":"off","ocean_gallery_id":[],"footnotes":""},"categories":[6,30,29],"tags":[23,90,20,93],"class_list":["post-2451","post","type-post","status-publish","format-standard","has-post-thumbnail","hentry","category-adicciones","category-alcohol","category-cocaina","tag-centro-adicciones","tag-forum-asturias","tag-tratamiento-adicciones","tag-tratamiento-alcoholismo","entry","has-media"],"yoast_head":"<!-- This site is optimized with the Yoast SEO plugin v27.5 - https:\/\/yoast.com\/product\/yoast-seo-wordpress\/ -->\n<title>Coca\u00edna y alcohol, una mezcla mortal - Forum Salud Mental Asturias<\/title>\n<meta name=\"robots\" content=\"index, follow, max-snippet:-1, max-image-preview:large, max-video-preview:-1\" \/>\n<link rel=\"canonical\" href=\"https:\/\/forummontau.com\/asturias\/cocaina-y-alcohol-una-mezcla-mortal\/\" \/>\n<meta property=\"og:locale\" content=\"es_ES\" \/>\n<meta property=\"og:type\" content=\"article\" \/>\n<meta property=\"og:title\" content=\"Coca\u00edna y alcohol, una mezcla mortal - Forum Salud Mental Asturias\" \/>\n<meta property=\"og:description\" content=\"Existe la falsa creencia de que la coca\u00edna evita los efectos indeseados del alcohol, lo que lleva a mucha gente a su consumo para compensar los efectos. La coca\u00edna reduce as\u00ed la percepci\u00f3n subjetiva de los efectos de la borrachera pero no la calma en ning\u00fan caso. As\u00ed, las capacidades psicomotoras est\u00e1n igual de alteradas [&hellip;]\" \/>\n<meta property=\"og:url\" content=\"https:\/\/forummontau.com\/asturias\/cocaina-y-alcohol-una-mezcla-mortal\/\" \/>\n<meta property=\"og:site_name\" content=\"Forum Salud Mental Asturias\" \/>\n<meta property=\"article:published_time\" content=\"2019-09-04T09:33:22+00:00\" \/>\n<meta property=\"og:image\" content=\"https:\/\/forummontau.com\/asturias\/wp-content\/uploads\/sites\/7\/2019\/09\/alcoholycocaina-2.jpg\" \/>\n\t<meta property=\"og:image:width\" content=\"750\" \/>\n\t<meta property=\"og:image:height\" content=\"500\" \/>\n\t<meta property=\"og:image:type\" content=\"image\/jpeg\" \/>\n<meta name=\"author\" content=\"Forum Salud Mental Asturias\" \/>\n<meta name=\"twitter:card\" content=\"summary_large_image\" \/>\n<meta name=\"twitter:label1\" content=\"Escrito por\" \/>\n\t<meta name=\"twitter:data1\" content=\"Forum Salud Mental Asturias\" \/>\n\t<meta name=\"twitter:label2\" content=\"Tiempo de lectura\" \/>\n\t<meta name=\"twitter:data2\" content=\"3 minutos\" \/>\n<script type=\"application\/ld+json\" class=\"yoast-schema-graph\">{\"@context\":\"https:\\\/\\\/schema.org\",\"@graph\":[{\"@type\":\"Article\",\"@id\":\"https:\\\/\\\/forummontau.com\\\/asturias\\\/cocaina-y-alcohol-una-mezcla-mortal\\\/#article\",\"isPartOf\":{\"@id\":\"https:\\\/\\\/forummontau.com\\\/asturias\\\/cocaina-y-alcohol-una-mezcla-mortal\\\/\"},\"author\":{\"name\":\"Forum Salud Mental Asturias\",\"@id\":\"https:\\\/\\\/forummontau.com\\\/asturias\\\/#\\\/schema\\\/person\\\/4c3c9ec862e1fa8c32dbc0042dd4886d\"},\"headline\":\"Coca\u00edna y alcohol, una mezcla mortal\",\"datePublished\":\"2019-09-04T09:33:22+00:00\",\"mainEntityOfPage\":{\"@id\":\"https:\\\/\\\/forummontau.com\\\/asturias\\\/cocaina-y-alcohol-una-mezcla-mortal\\\/\"},\"wordCount\":510,\"publisher\":{\"@id\":\"https:\\\/\\\/forummontau.com\\\/asturias\\\/#organization\"},\"image\":{\"@id\":\"https:\\\/\\\/forummontau.com\\\/asturias\\\/cocaina-y-alcohol-una-mezcla-mortal\\\/#primaryimage\"},\"thumbnailUrl\":\"https:\\\/\\\/forummontau.com\\\/asturias\\\/wp-content\\\/uploads\\\/sites\\\/7\\\/2019\\\/09\\\/alcoholycocaina-2.jpg\",\"keywords\":[\"Centro adicciones\",\"Forum Asturias\",\"Tratamiento Adicciones\",\"Tratamiento Alcoholismo\"],\"articleSection\":[\"Adicciones\",\"alcohol\",\"coca\u00edna\"],\"inLanguage\":\"es\"},{\"@type\":\"WebPage\",\"@id\":\"https:\\\/\\\/forummontau.com\\\/asturias\\\/cocaina-y-alcohol-una-mezcla-mortal\\\/\",\"url\":\"https:\\\/\\\/forummontau.com\\\/asturias\\\/cocaina-y-alcohol-una-mezcla-mortal\\\/\",\"name\":\"Coca\u00edna y alcohol, una mezcla mortal - Forum Salud Mental Asturias\",\"isPartOf\":{\"@id\":\"https:\\\/\\\/forummontau.com\\\/asturias\\\/#website\"},\"primaryImageOfPage\":{\"@id\":\"https:\\\/\\\/forummontau.com\\\/asturias\\\/cocaina-y-alcohol-una-mezcla-mortal\\\/#primaryimage\"},\"image\":{\"@id\":\"https:\\\/\\\/forummontau.com\\\/asturias\\\/cocaina-y-alcohol-una-mezcla-mortal\\\/#primaryimage\"},\"thumbnailUrl\":\"https:\\\/\\\/forummontau.com\\\/asturias\\\/wp-content\\\/uploads\\\/sites\\\/7\\\/2019\\\/09\\\/alcoholycocaina-2.jpg\",\"datePublished\":\"2019-09-04T09:33:22+00:00\",\"breadcrumb\":{\"@id\":\"https:\\\/\\\/forummontau.com\\\/asturias\\\/cocaina-y-alcohol-una-mezcla-mortal\\\/#breadcrumb\"},\"inLanguage\":\"es\",\"potentialAction\":[{\"@type\":\"ReadAction\",\"target\":[\"https:\\\/\\\/forummontau.com\\\/asturias\\\/cocaina-y-alcohol-una-mezcla-mortal\\\/\"]}]},{\"@type\":\"ImageObject\",\"inLanguage\":\"es\",\"@id\":\"https:\\\/\\\/forummontau.com\\\/asturias\\\/cocaina-y-alcohol-una-mezcla-mortal\\\/#primaryimage\",\"url\":\"https:\\\/\\\/forummontau.com\\\/asturias\\\/wp-content\\\/uploads\\\/sites\\\/7\\\/2019\\\/09\\\/alcoholycocaina-2.jpg\",\"contentUrl\":\"https:\\\/\\\/forummontau.com\\\/asturias\\\/wp-content\\\/uploads\\\/sites\\\/7\\\/2019\\\/09\\\/alcoholycocaina-2.jpg\",\"width\":750,\"height\":500},{\"@type\":\"BreadcrumbList\",\"@id\":\"https:\\\/\\\/forummontau.com\\\/asturias\\\/cocaina-y-alcohol-una-mezcla-mortal\\\/#breadcrumb\",\"itemListElement\":[{\"@type\":\"ListItem\",\"position\":1,\"name\":\"Portada\",\"item\":\"https:\\\/\\\/forummontau.com\\\/asturias\\\/\"},{\"@type\":\"ListItem\",\"position\":2,\"name\":\"Coca\u00edna y alcohol, una mezcla mortal\"}]},{\"@type\":\"WebSite\",\"@id\":\"https:\\\/\\\/forummontau.com\\\/asturias\\\/#website\",\"url\":\"https:\\\/\\\/forummontau.com\\\/asturias\\\/\",\"name\":\"Forum Salud Mental Asturias\",\"description\":\"Centro Desintoxicaci\u00f3n y Adicciones en Asturias. Centros en Gij\u00f3n y en Oviedo.\",\"publisher\":{\"@id\":\"https:\\\/\\\/forummontau.com\\\/asturias\\\/#organization\"},\"potentialAction\":[{\"@type\":\"SearchAction\",\"target\":{\"@type\":\"EntryPoint\",\"urlTemplate\":\"https:\\\/\\\/forummontau.com\\\/asturias\\\/?s={search_term_string}\"},\"query-input\":{\"@type\":\"PropertyValueSpecification\",\"valueRequired\":true,\"valueName\":\"search_term_string\"}}],\"inLanguage\":\"es\"},{\"@type\":\"Organization\",\"@id\":\"https:\\\/\\\/forummontau.com\\\/asturias\\\/#organization\",\"name\":\"Forum Salud Mental Asturias\",\"url\":\"https:\\\/\\\/forummontau.com\\\/asturias\\\/\",\"logo\":{\"@type\":\"ImageObject\",\"inLanguage\":\"es\",\"@id\":\"https:\\\/\\\/forummontau.com\\\/asturias\\\/#\\\/schema\\\/logo\\\/image\\\/\",\"url\":\"https:\\\/\\\/forummontau.com\\\/asturias\\\/wp-content\\\/uploads\\\/sites\\\/7\\\/2020\\\/02\\\/asturias-1.png\",\"contentUrl\":\"https:\\\/\\\/forummontau.com\\\/asturias\\\/wp-content\\\/uploads\\\/sites\\\/7\\\/2020\\\/02\\\/asturias-1.png\",\"width\":214,\"height\":119,\"caption\":\"Forum Salud Mental Asturias\"},\"image\":{\"@id\":\"https:\\\/\\\/forummontau.com\\\/asturias\\\/#\\\/schema\\\/logo\\\/image\\\/\"}},{\"@type\":\"Person\",\"@id\":\"https:\\\/\\\/forummontau.com\\\/asturias\\\/#\\\/schema\\\/person\\\/4c3c9ec862e1fa8c32dbc0042dd4886d\",\"name\":\"Forum Salud Mental Asturias\",\"image\":{\"@type\":\"ImageObject\",\"inLanguage\":\"es\",\"@id\":\"https:\\\/\\\/secure.gravatar.com\\\/avatar\\\/?s=96&d=mm&r=g\",\"url\":\"https:\\\/\\\/secure.gravatar.com\\\/avatar\\\/?s=96&d=mm&r=g\",\"contentUrl\":\"https:\\\/\\\/secure.gravatar.com\\\/avatar\\\/?s=96&d=mm&r=g\",\"caption\":\"Forum Salud Mental Asturias\"}}]}<\/script>\n<!-- \/ Yoast SEO plugin. -->","yoast_head_json":{"title":"Coca\u00edna y alcohol, una mezcla mortal - Forum Salud Mental Asturias","robots":{"index":"index","follow":"follow","max-snippet":"max-snippet:-1","max-image-preview":"max-image-preview:large","max-video-preview":"max-video-preview:-1"},"canonical":"https:\/\/forummontau.com\/asturias\/cocaina-y-alcohol-una-mezcla-mortal\/","og_locale":"es_ES","og_type":"article","og_title":"Coca\u00edna y alcohol, una mezcla mortal - Forum Salud Mental Asturias","og_description":"Existe la falsa creencia de que la coca\u00edna evita los efectos indeseados del alcohol, lo que lleva a mucha gente a su consumo para compensar los efectos. La coca\u00edna reduce as\u00ed la percepci\u00f3n subjetiva de los efectos de la borrachera pero no la calma en ning\u00fan caso. As\u00ed, las capacidades psicomotoras est\u00e1n igual de alteradas [&hellip;]","og_url":"https:\/\/forummontau.com\/asturias\/cocaina-y-alcohol-una-mezcla-mortal\/","og_site_name":"Forum Salud Mental Asturias","article_published_time":"2019-09-04T09:33:22+00:00","og_image":[{"width":750,"height":500,"url":"https:\/\/forummontau.com\/asturias\/wp-content\/uploads\/sites\/7\/2019\/09\/alcoholycocaina-2.jpg","type":"image\/jpeg"}],"author":"Forum Salud Mental Asturias","twitter_card":"summary_large_image","twitter_misc":{"Escrito por":"Forum Salud Mental Asturias","Tiempo de lectura":"3 minutos"},"schema":{"@context":"https:\/\/schema.org","@graph":[{"@type":"Article","@id":"https:\/\/forummontau.com\/asturias\/cocaina-y-alcohol-una-mezcla-mortal\/#article","isPartOf":{"@id":"https:\/\/forummontau.com\/asturias\/cocaina-y-alcohol-una-mezcla-mortal\/"},"author":{"name":"Forum Salud Mental Asturias","@id":"https:\/\/forummontau.com\/asturias\/#\/schema\/person\/4c3c9ec862e1fa8c32dbc0042dd4886d"},"headline":"Coca\u00edna y alcohol, una mezcla mortal","datePublished":"2019-09-04T09:33:22+00:00","mainEntityOfPage":{"@id":"https:\/\/forummontau.com\/asturias\/cocaina-y-alcohol-una-mezcla-mortal\/"},"wordCount":510,"publisher":{"@id":"https:\/\/forummontau.com\/asturias\/#organization"},"image":{"@id":"https:\/\/forummontau.com\/asturias\/cocaina-y-alcohol-una-mezcla-mortal\/#primaryimage"},"thumbnailUrl":"https:\/\/forummontau.com\/asturias\/wp-content\/uploads\/sites\/7\/2019\/09\/alcoholycocaina-2.jpg","keywords":["Centro adicciones","Forum Asturias","Tratamiento Adicciones","Tratamiento Alcoholismo"],"articleSection":["Adicciones","alcohol","coca\u00edna"],"inLanguage":"es"},{"@type":"WebPage","@id":"https:\/\/forummontau.com\/asturias\/cocaina-y-alcohol-una-mezcla-mortal\/","url":"https:\/\/forummontau.com\/asturias\/cocaina-y-alcohol-una-mezcla-mortal\/","name":"Coca\u00edna y alcohol, una mezcla mortal - Forum Salud Mental Asturias","isPartOf":{"@id":"https:\/\/forummontau.com\/asturias\/#website"},"primaryImageOfPage":{"@id":"https:\/\/forummontau.com\/asturias\/cocaina-y-alcohol-una-mezcla-mortal\/#primaryimage"},"image":{"@id":"https:\/\/forummontau.com\/asturias\/cocaina-y-alcohol-una-mezcla-mortal\/#primaryimage"},"thumbnailUrl":"https:\/\/forummontau.com\/asturias\/wp-content\/uploads\/sites\/7\/2019\/09\/alcoholycocaina-2.jpg","datePublished":"2019-09-04T09:33:22+00:00","breadcrumb":{"@id":"https:\/\/forummontau.com\/asturias\/cocaina-y-alcohol-una-mezcla-mortal\/#breadcrumb"},"inLanguage":"es","potentialAction":[{"@type":"ReadAction","target":["https:\/\/forummontau.com\/asturias\/cocaina-y-alcohol-una-mezcla-mortal\/"]}]},{"@type":"ImageObject","inLanguage":"es","@id":"https:\/\/forummontau.com\/asturias\/cocaina-y-alcohol-una-mezcla-mortal\/#primaryimage","url":"https:\/\/forummontau.com\/asturias\/wp-content\/uploads\/sites\/7\/2019\/09\/alcoholycocaina-2.jpg","contentUrl":"https:\/\/forummontau.com\/asturias\/wp-content\/uploads\/sites\/7\/2019\/09\/alcoholycocaina-2.jpg","width":750,"height":500},{"@type":"BreadcrumbList","@id":"https:\/\/forummontau.com\/asturias\/cocaina-y-alcohol-una-mezcla-mortal\/#breadcrumb","itemListElement":[{"@type":"ListItem","position":1,"name":"Portada","item":"https:\/\/forummontau.com\/asturias\/"},{"@type":"ListItem","position":2,"name":"Coca\u00edna y alcohol, una mezcla mortal"}]},{"@type":"WebSite","@id":"https:\/\/forummontau.com\/asturias\/#website","url":"https:\/\/forummontau.com\/asturias\/","name":"Forum Salud Mental Asturias","description":"Centro Desintoxicaci\u00f3n y Adicciones en Asturias. Centros en Gij\u00f3n y en Oviedo.","publisher":{"@id":"https:\/\/forummontau.com\/asturias\/#organization"},"potentialAction":[{"@type":"SearchAction","target":{"@type":"EntryPoint","urlTemplate":"https:\/\/forummontau.com\/asturias\/?s={search_term_string}"},"query-input":{"@type":"PropertyValueSpecification","valueRequired":true,"valueName":"search_term_string"}}],"inLanguage":"es"},{"@type":"Organization","@id":"https:\/\/forummontau.com\/asturias\/#organization","name":"Forum Salud Mental Asturias","url":"https:\/\/forummontau.com\/asturias\/","logo":{"@type":"ImageObject","inLanguage":"es","@id":"https:\/\/forummontau.com\/asturias\/#\/schema\/logo\/image\/","url":"https:\/\/forummontau.com\/asturias\/wp-content\/uploads\/sites\/7\/2020\/02\/asturias-1.png","contentUrl":"https:\/\/forummontau.com\/asturias\/wp-content\/uploads\/sites\/7\/2020\/02\/asturias-1.png","width":214,"height":119,"caption":"Forum Salud Mental Asturias"},"image":{"@id":"https:\/\/forummontau.com\/asturias\/#\/schema\/logo\/image\/"}},{"@type":"Person","@id":"https:\/\/forummontau.com\/asturias\/#\/schema\/person\/4c3c9ec862e1fa8c32dbc0042dd4886d","name":"Forum Salud Mental Asturias","image":{"@type":"ImageObject","inLanguage":"es","@id":"https:\/\/secure.gravatar.com\/avatar\/?s=96&d=mm&r=g","url":"https:\/\/secure.gravatar.com\/avatar\/?s=96&d=mm&r=g","contentUrl":"https:\/\/secure.gravatar.com\/avatar\/?s=96&d=mm&r=g","caption":"Forum Salud Mental Asturias"}}]}},"_links":{"self":[{"href":"https:\/\/forummontau.com\/asturias\/wp-json\/wp\/v2\/posts\/2451","targetHints":{"allow":["GET"]}}],"collection":[{"href":"https:\/\/forummontau.com\/asturias\/wp-json\/wp\/v2\/posts"}],"about":[{"href":"https:\/\/forummontau.com\/asturias\/wp-json\/wp\/v2\/types\/post"}],"author":[{"embeddable":true,"href":"https:\/\/forummontau.com\/asturias\/wp-json\/wp\/v2\/users\/7"}],"replies":[{"embeddable":true,"href":"https:\/\/forummontau.com\/asturias\/wp-json\/wp\/v2\/comments?post=2451"}],"version-history":[{"count":0,"href":"https:\/\/forummontau.com\/asturias\/wp-json\/wp\/v2\/posts\/2451\/revisions"}],"wp:featuredmedia":[{"embeddable":true,"href":"https:\/\/forummontau.com\/asturias\/wp-json\/wp\/v2\/media\/1871"}],"wp:attachment":[{"href":"https:\/\/forummontau.com\/asturias\/wp-json\/wp\/v2\/media?parent=2451"}],"wp:term":[{"taxonomy":"category","embeddable":true,"href":"https:\/\/forummontau.com\/asturias\/wp-json\/wp\/v2\/categories?post=2451"},{"taxonomy":"post_tag","embeddable":true,"href":"https:\/\/forummontau.com\/asturias\/wp-json\/wp\/v2\/tags?post=2451"}],"curies":[{"name":"wp","href":"https:\/\/api.w.org\/{rel}","templated":true}]}}