{"id":3129,"date":"2024-10-16T07:27:40","date_gmt":"2024-10-16T07:27:40","guid":{"rendered":"https:\/\/adiccionesasturias.com\/?p=3129"},"modified":"2024-10-16T07:50:57","modified_gmt":"2024-10-16T07:50:57","slug":"burnout-y-salud-mental-en-el-trabajo","status":"publish","type":"post","link":"https:\/\/forummontau.com\/asturias\/burnout-y-salud-mental-en-el-trabajo\/","title":{"rendered":"Burnout y salud mental en el trabajo"},"content":{"rendered":"\n<p>El <strong>burnout<\/strong>, o s\u00edndrome de<strong> desgaste profesional<\/strong>, es un problema de salud mental que afecta cada vez a m\u00e1s personas debido a la constante exposici\u00f3n al estr\u00e9s laboral. Definido como el resultado de un estr\u00e9s laboral cr\u00f3nico que no se gestiona eficazmente, el burnout est\u00e1 oficialmente reconocido por la <a href=\"https:\/\/www.who.int\/es\">OMS<\/a> y se manifiesta a trav\u00e9s de s\u00edntomas como el <strong>agotamiento emocional<\/strong>, la <strong>despersonalizaci\u00f3n <\/strong>y la<strong> baja realizaci\u00f3n personal <\/strong>en el trabajo. Esta condici\u00f3n puede tener efectos graves tanto en la salud mental como en la productividad laboral de las personas, siendo fundamental comprender c\u00f3mo identificar sus s\u00edntomas y qu\u00e9 acciones tomar.<\/p>\n\n\n\n<h2 class=\"wp-block-heading\">El burnout presenta s\u00edntomas que abarcan principalmente tres dimensiones<\/h2>\n\n\n\n<h3 class=\"wp-block-heading\"><strong>Agotamiento emocional<\/strong>: <\/h3>\n\n\n\n<p>Una sensaci\u00f3n de cansancio extremo y falta de energ\u00eda, lo que lleva a la persona a sentir que no puede dar m\u00e1s de s\u00ed misma en el trabajo. Esto a menudo es resultado del contacto continuo y prolongado con demandas laborales que superan los recursos personales, lo cual desgasta emocional y f\u00edsicamente al individuo.<\/p>\n\n\n\n<h3 class=\"wp-block-heading\"><strong>Despersonalizaci\u00f3n<\/strong>: <\/h3>\n\n\n\n<p>Este s\u00edntoma se presenta como una desconexi\u00f3n emocional y actitud c\u00ednica hacia el trabajo y las personas con las que se interact\u00faa. Por ejemplo, los empleados pueden volverse indiferentes o desarrollar una visi\u00f3n negativa de sus compa\u00f1eros y tareas, una forma de \u201cendurecimiento\u201d emocional que es t\u00edpica en quienes experimentan el burnout.<\/p>\n\n\n\n<h3 class=\"wp-block-heading\"><strong>Baja realizaci\u00f3n personal<\/strong>: <\/h3>\n\n\n\n<p>La persona empieza a sentir que sus logros no tienen valor o que su contribuci\u00f3n es insuficiente, lo que reduce su motivaci\u00f3n y satisfacci\u00f3n laboral. Esta autoevaluaci\u00f3n negativa puede afectar su desempe\u00f1o e incrementar su insatisfacci\u00f3n general con el trabajo.<\/p>\n\n\n\n<h2 class=\"wp-block-heading\">Qu\u00e9 debes hacer si detectas alguno de estos s\u00edntomas<\/h2>\n\n\n\n<p>Si empiezas a notar estos s\u00edntomas en tu vida laboral, es fundamental tomar medidas para mitigar el impacto y prevenir un desgaste mayor. <\/p>\n\n\n\n<p>Aqu\u00ed algunos pasos recomendados:<\/p>\n\n\n\n<ol class=\"wp-block-list\">\n<li><strong>Reconoce el problema<\/strong>: Aceptar que est\u00e1s experimentando burnout es el primer paso hacia la recuperaci\u00f3n. Al reconocer el agotamiento emocional y la despersonalizaci\u00f3n, puedes empezar a tomar medidas concretas para mejorar tu situaci\u00f3n.<\/li>\n\n\n\n<li><strong>Habla con tu superior o equipo de recursos humanos<\/strong>: En la mayor\u00eda de las empresas, los departamentos de recursos humanos tienen protocolos para atender problemas de salud mental. Comunicar tus necesidades y pedir apoyo puede resultar en cambios en tu carga de trabajo o acceso a recursos de apoyo, como asesor\u00eda o coaching.<\/li>\n\n\n\n<li><strong>Establece l\u00edmites laborales claros<\/strong>: En trabajos con alta demanda, es esencial evitar sobrecargarse. Establecer l\u00edmites como evitar trabajar fuera de horario, tomar descansos regulares y desconectar del trabajo en casa puede ayudar a reducir el estr\u00e9s y el agotamiento.<\/li>\n\n\n\n<li><strong>Considera el apoyo profesional<\/strong>: La terapia psicol\u00f3gica y el acompa\u00f1amiento profesional pueden ayudarte a gestionar mejor el estr\u00e9s, mejorar tus estrategias de afrontamiento y encontrar formas de recargar energ\u00edas. Los profesionales pueden trabajar contigo para desarrollar habilidades que favorezcan la resiliencia y manejen eficazmente las demandas laborales.<\/li>\n<\/ol>\n\n\n\n<p>En Espa\u00f1a, el <a href=\"https:\/\/www.insst.es\/\">INSST<\/a> proporciona informaci\u00f3n sobre c\u00f3mo gestionar los riesgos psicosociales en el trabajo y recomienda que tanto las empresas como los trabajadores colaboren en la prevenci\u00f3n del burnout mediante una buena organizaci\u00f3n y pr\u00e1cticas saludables. Conocer y gestionar el burnout no solo mejora la salud mental de los empleados, sino que tambi\u00e9n optimiza el rendimiento en el entorno laboral, reduciendo el absentismo y mejorando la calidad del trabajo\u200b.<\/p>\n\n\n\n<p>Fuentes consultadas:<\/p>\n\n\n\n<p>Maslach, C., &amp; Leiter, M. P. (2016). Understanding the burnout experience: Recent research and its implications for psychiatry. World Psychiatry, 15(2), 103-111.<br>Instituto Nacional de Seguridad y Salud en el Trabajo (INSST), estudios sobre el agotamiento laboral en Espa\u00f1a.<\/p>\n","protected":false},"excerpt":{"rendered":"<p>El burnout, o s\u00edndrome de desgaste profesional, es un problema de salud mental que afecta cada vez a m\u00e1s personas debido a la constante exposici\u00f3n al estr\u00e9s laboral. Definido como el resultado de un estr\u00e9s laboral cr\u00f3nico que no se gestiona eficazmente, el burnout est\u00e1 oficialmente reconocido por la OMS y se manifiesta a trav\u00e9s [&hellip;]<\/p>\n","protected":false},"author":2,"featured_media":3130,"comment_status":"closed","ping_status":"open","sticky":false,"template":"","format":"aside","meta":{"ocean_post_layout":"","ocean_both_sidebars_style":"","ocean_both_sidebars_content_width":0,"ocean_both_sidebars_sidebars_width":0,"ocean_sidebar":"","ocean_second_sidebar":"","ocean_disable_margins":"enable","ocean_add_body_class":"","ocean_shortcode_before_top_bar":"","ocean_shortcode_after_top_bar":"","ocean_shortcode_before_header":"","ocean_shortcode_after_header":"","ocean_has_shortcode":"","ocean_shortcode_after_title":"","ocean_shortcode_before_footer_widgets":"","ocean_shortcode_after_footer_widgets":"","ocean_shortcode_before_footer_bottom":"","ocean_shortcode_after_footer_bottom":"","ocean_display_top_bar":"default","ocean_display_header":"default","ocean_header_style":"","ocean_center_header_left_menu":"","ocean_custom_header_template":"","ocean_custom_logo":0,"ocean_custom_retina_logo":0,"ocean_custom_logo_max_width":0,"ocean_custom_logo_tablet_max_width":0,"ocean_custom_logo_mobile_max_width":0,"ocean_custom_logo_max_height":0,"ocean_custom_logo_tablet_max_height":0,"ocean_custom_logo_mobile_max_height":0,"ocean_header_custom_menu":"","ocean_menu_typo_font_family":"","ocean_menu_typo_font_subset":"","ocean_menu_typo_font_size":0,"ocean_menu_typo_font_size_tablet":0,"ocean_menu_typo_font_size_mobile":0,"ocean_menu_typo_font_size_unit":"px","ocean_menu_typo_font_weight":"","ocean_menu_typo_font_weight_tablet":"","ocean_menu_typo_font_weight_mobile":"","ocean_menu_typo_transform":"","ocean_menu_typo_transform_tablet":"","ocean_menu_typo_transform_mobile":"","ocean_menu_typo_line_height":0,"ocean_menu_typo_line_height_tablet":0,"ocean_menu_typo_line_height_mobile":0,"ocean_menu_typo_line_height_unit":"","ocean_menu_typo_spacing":0,"ocean_menu_typo_spacing_tablet":0,"ocean_menu_typo_spacing_mobile":0,"ocean_menu_typo_spacing_unit":"","ocean_menu_link_color":"","ocean_menu_link_color_hover":"","ocean_menu_link_color_active":"","ocean_menu_link_background":"","ocean_menu_link_hover_background":"","ocean_menu_link_active_background":"","ocean_menu_social_links_bg":"","ocean_menu_social_hover_links_bg":"","ocean_menu_social_links_color":"","ocean_menu_social_hover_links_color":"","ocean_disable_title":"default","ocean_disable_heading":"default","ocean_post_title":"","ocean_post_subheading":"","ocean_post_title_style":"","ocean_post_title_background_color":"","ocean_post_title_background":0,"ocean_post_title_bg_image_position":"","ocean_post_title_bg_image_attachment":"","ocean_post_title_bg_image_repeat":"","ocean_post_title_bg_image_size":"","ocean_post_title_height":0,"ocean_post_title_bg_overlay":0.5,"ocean_post_title_bg_overlay_color":"","ocean_disable_breadcrumbs":"default","ocean_breadcrumbs_color":"","ocean_breadcrumbs_separator_color":"","ocean_breadcrumbs_links_color":"","ocean_breadcrumbs_links_hover_color":"","ocean_display_footer_widgets":"default","ocean_display_footer_bottom":"default","ocean_custom_footer_template":"","ocean_post_oembed":"","ocean_post_self_hosted_media":"","ocean_post_video_embed":"","ocean_link_format":"","ocean_link_format_target":"self","ocean_quote_format":"","ocean_quote_format_link":"post","ocean_gallery_link_images":"on","ocean_gallery_id":[],"footnotes":""},"categories":[107,105,7],"tags":[90],"class_list":["post-3129","post","type-post","status-publish","format-aside","has-post-thumbnail","hentry","category-burnout","category-psicologia","category-tratamientos","tag-forum-asturias","post_format-post-format-aside","entry","has-media"],"yoast_head":"<!-- This site is optimized with the Yoast SEO plugin v27.5 - https:\/\/yoast.com\/product\/yoast-seo-wordpress\/ -->\n<title>Burnout y salud mental en el trabajo - Forum Salud Mental Asturias<\/title>\n<meta name=\"description\" content=\"Qu\u00e9 es el burnout, sus s\u00edntomas y c\u00f3mo afecta la salud mental en el entorno laboral. Identifica se\u00f1ales de agotamiento y descubre estrategias de manejo para prevenir este s\u00edndrome\" \/>\n<meta name=\"robots\" content=\"index, follow, max-snippet:-1, max-image-preview:large, max-video-preview:-1\" \/>\n<link rel=\"canonical\" href=\"https:\/\/forummontau.com\/asturias\/burnout-y-salud-mental-en-el-trabajo\/\" \/>\n<meta property=\"og:locale\" content=\"es_ES\" \/>\n<meta property=\"og:type\" content=\"article\" \/>\n<meta property=\"og:title\" content=\"Burnout y salud mental en el trabajo - Forum Salud Mental Asturias\" \/>\n<meta property=\"og:description\" content=\"Qu\u00e9 es el burnout, sus s\u00edntomas y c\u00f3mo afecta la salud mental en el entorno laboral. Identifica se\u00f1ales de agotamiento y descubre estrategias de manejo para prevenir este s\u00edndrome\" \/>\n<meta property=\"og:url\" content=\"https:\/\/forummontau.com\/asturias\/burnout-y-salud-mental-en-el-trabajo\/\" \/>\n<meta property=\"og:site_name\" content=\"Forum Salud Mental Asturias\" \/>\n<meta property=\"article:published_time\" content=\"2024-10-16T07:27:40+00:00\" \/>\n<meta property=\"article:modified_time\" content=\"2024-10-16T07:50:57+00:00\" \/>\n<meta property=\"og:image\" content=\"https:\/\/forummontau.com\/asturias\/wp-content\/uploads\/sites\/7\/2024\/10\/burnout-salud-mental.webp\" \/>\n\t<meta property=\"og:image:width\" content=\"1000\" \/>\n\t<meta property=\"og:image:height\" content=\"667\" \/>\n\t<meta property=\"og:image:type\" content=\"image\/webp\" \/>\n<meta name=\"author\" content=\"Forum Salud Mental Madrid\" \/>\n<meta name=\"twitter:card\" content=\"summary_large_image\" \/>\n<meta name=\"twitter:label1\" content=\"Escrito por\" \/>\n\t<meta name=\"twitter:data1\" content=\"Forum Salud Mental Madrid\" \/>\n\t<meta name=\"twitter:label2\" content=\"Tiempo de lectura\" \/>\n\t<meta name=\"twitter:data2\" content=\"3 minutos\" \/>\n<script type=\"application\/ld+json\" class=\"yoast-schema-graph\">{\"@context\":\"https:\\\/\\\/schema.org\",\"@graph\":[{\"@type\":\"Article\",\"@id\":\"https:\\\/\\\/forummontau.com\\\/asturias\\\/burnout-y-salud-mental-en-el-trabajo\\\/#article\",\"isPartOf\":{\"@id\":\"https:\\\/\\\/forummontau.com\\\/asturias\\\/burnout-y-salud-mental-en-el-trabajo\\\/\"},\"author\":{\"name\":\"Forum Salud Mental Madrid\",\"@id\":\"https:\\\/\\\/forummontau.com\\\/asturias\\\/#\\\/schema\\\/person\\\/dd79fa1c0ba733edd439998f9d7f5e25\"},\"headline\":\"Burnout y salud mental en el trabajo\",\"datePublished\":\"2024-10-16T07:27:40+00:00\",\"dateModified\":\"2024-10-16T07:50:57+00:00\",\"mainEntityOfPage\":{\"@id\":\"https:\\\/\\\/forummontau.com\\\/asturias\\\/burnout-y-salud-mental-en-el-trabajo\\\/\"},\"wordCount\":642,\"publisher\":{\"@id\":\"https:\\\/\\\/forummontau.com\\\/asturias\\\/#organization\"},\"image\":{\"@id\":\"https:\\\/\\\/forummontau.com\\\/asturias\\\/burnout-y-salud-mental-en-el-trabajo\\\/#primaryimage\"},\"thumbnailUrl\":\"https:\\\/\\\/forummontau.com\\\/asturias\\\/wp-content\\\/uploads\\\/sites\\\/7\\\/2024\\\/10\\\/burnout-salud-mental.webp\",\"keywords\":[\"Forum Asturias\"],\"articleSection\":[\"Burnout\",\"Psicolog\u00eda\",\"Tratamientos\"],\"inLanguage\":\"es\"},{\"@type\":\"WebPage\",\"@id\":\"https:\\\/\\\/forummontau.com\\\/asturias\\\/burnout-y-salud-mental-en-el-trabajo\\\/\",\"url\":\"https:\\\/\\\/forummontau.com\\\/asturias\\\/burnout-y-salud-mental-en-el-trabajo\\\/\",\"name\":\"Burnout y salud mental en el trabajo - Forum Salud Mental Asturias\",\"isPartOf\":{\"@id\":\"https:\\\/\\\/forummontau.com\\\/asturias\\\/#website\"},\"primaryImageOfPage\":{\"@id\":\"https:\\\/\\\/forummontau.com\\\/asturias\\\/burnout-y-salud-mental-en-el-trabajo\\\/#primaryimage\"},\"image\":{\"@id\":\"https:\\\/\\\/forummontau.com\\\/asturias\\\/burnout-y-salud-mental-en-el-trabajo\\\/#primaryimage\"},\"thumbnailUrl\":\"https:\\\/\\\/forummontau.com\\\/asturias\\\/wp-content\\\/uploads\\\/sites\\\/7\\\/2024\\\/10\\\/burnout-salud-mental.webp\",\"datePublished\":\"2024-10-16T07:27:40+00:00\",\"dateModified\":\"2024-10-16T07:50:57+00:00\",\"description\":\"Qu\u00e9 es el burnout, sus s\u00edntomas y c\u00f3mo afecta la salud mental en el entorno laboral. Identifica se\u00f1ales de agotamiento y descubre estrategias de manejo para prevenir este s\u00edndrome\",\"breadcrumb\":{\"@id\":\"https:\\\/\\\/forummontau.com\\\/asturias\\\/burnout-y-salud-mental-en-el-trabajo\\\/#breadcrumb\"},\"inLanguage\":\"es\",\"potentialAction\":[{\"@type\":\"ReadAction\",\"target\":[\"https:\\\/\\\/forummontau.com\\\/asturias\\\/burnout-y-salud-mental-en-el-trabajo\\\/\"]}]},{\"@type\":\"ImageObject\",\"inLanguage\":\"es\",\"@id\":\"https:\\\/\\\/forummontau.com\\\/asturias\\\/burnout-y-salud-mental-en-el-trabajo\\\/#primaryimage\",\"url\":\"https:\\\/\\\/forummontau.com\\\/asturias\\\/wp-content\\\/uploads\\\/sites\\\/7\\\/2024\\\/10\\\/burnout-salud-mental.webp\",\"contentUrl\":\"https:\\\/\\\/forummontau.com\\\/asturias\\\/wp-content\\\/uploads\\\/sites\\\/7\\\/2024\\\/10\\\/burnout-salud-mental.webp\",\"width\":1000,\"height\":667},{\"@type\":\"BreadcrumbList\",\"@id\":\"https:\\\/\\\/forummontau.com\\\/asturias\\\/burnout-y-salud-mental-en-el-trabajo\\\/#breadcrumb\",\"itemListElement\":[{\"@type\":\"ListItem\",\"position\":1,\"name\":\"Portada\",\"item\":\"https:\\\/\\\/forummontau.com\\\/asturias\\\/\"},{\"@type\":\"ListItem\",\"position\":2,\"name\":\"Burnout y salud mental en el trabajo\"}]},{\"@type\":\"WebSite\",\"@id\":\"https:\\\/\\\/forummontau.com\\\/asturias\\\/#website\",\"url\":\"https:\\\/\\\/forummontau.com\\\/asturias\\\/\",\"name\":\"Forum Salud Mental Asturias\",\"description\":\"Centro Desintoxicaci\u00f3n y Adicciones en Asturias. Centros en Gij\u00f3n y en Oviedo.\",\"publisher\":{\"@id\":\"https:\\\/\\\/forummontau.com\\\/asturias\\\/#organization\"},\"potentialAction\":[{\"@type\":\"SearchAction\",\"target\":{\"@type\":\"EntryPoint\",\"urlTemplate\":\"https:\\\/\\\/forummontau.com\\\/asturias\\\/?s={search_term_string}\"},\"query-input\":{\"@type\":\"PropertyValueSpecification\",\"valueRequired\":true,\"valueName\":\"search_term_string\"}}],\"inLanguage\":\"es\"},{\"@type\":\"Organization\",\"@id\":\"https:\\\/\\\/forummontau.com\\\/asturias\\\/#organization\",\"name\":\"Forum Salud Mental Asturias\",\"url\":\"https:\\\/\\\/forummontau.com\\\/asturias\\\/\",\"logo\":{\"@type\":\"ImageObject\",\"inLanguage\":\"es\",\"@id\":\"https:\\\/\\\/forummontau.com\\\/asturias\\\/#\\\/schema\\\/logo\\\/image\\\/\",\"url\":\"https:\\\/\\\/forummontau.com\\\/asturias\\\/wp-content\\\/uploads\\\/sites\\\/7\\\/2020\\\/02\\\/asturias-1.png\",\"contentUrl\":\"https:\\\/\\\/forummontau.com\\\/asturias\\\/wp-content\\\/uploads\\\/sites\\\/7\\\/2020\\\/02\\\/asturias-1.png\",\"width\":214,\"height\":119,\"caption\":\"Forum Salud Mental Asturias\"},\"image\":{\"@id\":\"https:\\\/\\\/forummontau.com\\\/asturias\\\/#\\\/schema\\\/logo\\\/image\\\/\"}},{\"@type\":\"Person\",\"@id\":\"https:\\\/\\\/forummontau.com\\\/asturias\\\/#\\\/schema\\\/person\\\/dd79fa1c0ba733edd439998f9d7f5e25\",\"name\":\"Forum Salud Mental Madrid\",\"image\":{\"@type\":\"ImageObject\",\"inLanguage\":\"es\",\"@id\":\"https:\\\/\\\/secure.gravatar.com\\\/avatar\\\/363495000985f108d724b036bf8fde103c31e3fb6464fc8997f0157fc03f27d8?s=96&d=mm&r=g\",\"url\":\"https:\\\/\\\/secure.gravatar.com\\\/avatar\\\/363495000985f108d724b036bf8fde103c31e3fb6464fc8997f0157fc03f27d8?s=96&d=mm&r=g\",\"contentUrl\":\"https:\\\/\\\/secure.gravatar.com\\\/avatar\\\/363495000985f108d724b036bf8fde103c31e3fb6464fc8997f0157fc03f27d8?s=96&d=mm&r=g\",\"caption\":\"Forum Salud Mental Madrid\"}}]}<\/script>\n<!-- \/ Yoast SEO plugin. -->","yoast_head_json":{"title":"Burnout y salud mental en el trabajo - Forum Salud Mental Asturias","description":"Qu\u00e9 es el burnout, sus s\u00edntomas y c\u00f3mo afecta la salud mental en el entorno laboral. Identifica se\u00f1ales de agotamiento y descubre estrategias de manejo para prevenir este s\u00edndrome","robots":{"index":"index","follow":"follow","max-snippet":"max-snippet:-1","max-image-preview":"max-image-preview:large","max-video-preview":"max-video-preview:-1"},"canonical":"https:\/\/forummontau.com\/asturias\/burnout-y-salud-mental-en-el-trabajo\/","og_locale":"es_ES","og_type":"article","og_title":"Burnout y salud mental en el trabajo - Forum Salud Mental Asturias","og_description":"Qu\u00e9 es el burnout, sus s\u00edntomas y c\u00f3mo afecta la salud mental en el entorno laboral. Identifica se\u00f1ales de agotamiento y descubre estrategias de manejo para prevenir este s\u00edndrome","og_url":"https:\/\/forummontau.com\/asturias\/burnout-y-salud-mental-en-el-trabajo\/","og_site_name":"Forum Salud Mental Asturias","article_published_time":"2024-10-16T07:27:40+00:00","article_modified_time":"2024-10-16T07:50:57+00:00","og_image":[{"width":1000,"height":667,"url":"https:\/\/forummontau.com\/asturias\/wp-content\/uploads\/sites\/7\/2024\/10\/burnout-salud-mental.webp","type":"image\/webp"}],"author":"Forum Salud Mental Madrid","twitter_card":"summary_large_image","twitter_misc":{"Escrito por":"Forum Salud Mental Madrid","Tiempo de lectura":"3 minutos"},"schema":{"@context":"https:\/\/schema.org","@graph":[{"@type":"Article","@id":"https:\/\/forummontau.com\/asturias\/burnout-y-salud-mental-en-el-trabajo\/#article","isPartOf":{"@id":"https:\/\/forummontau.com\/asturias\/burnout-y-salud-mental-en-el-trabajo\/"},"author":{"name":"Forum Salud Mental Madrid","@id":"https:\/\/forummontau.com\/asturias\/#\/schema\/person\/dd79fa1c0ba733edd439998f9d7f5e25"},"headline":"Burnout y salud mental en el trabajo","datePublished":"2024-10-16T07:27:40+00:00","dateModified":"2024-10-16T07:50:57+00:00","mainEntityOfPage":{"@id":"https:\/\/forummontau.com\/asturias\/burnout-y-salud-mental-en-el-trabajo\/"},"wordCount":642,"publisher":{"@id":"https:\/\/forummontau.com\/asturias\/#organization"},"image":{"@id":"https:\/\/forummontau.com\/asturias\/burnout-y-salud-mental-en-el-trabajo\/#primaryimage"},"thumbnailUrl":"https:\/\/forummontau.com\/asturias\/wp-content\/uploads\/sites\/7\/2024\/10\/burnout-salud-mental.webp","keywords":["Forum Asturias"],"articleSection":["Burnout","Psicolog\u00eda","Tratamientos"],"inLanguage":"es"},{"@type":"WebPage","@id":"https:\/\/forummontau.com\/asturias\/burnout-y-salud-mental-en-el-trabajo\/","url":"https:\/\/forummontau.com\/asturias\/burnout-y-salud-mental-en-el-trabajo\/","name":"Burnout y salud mental en el trabajo - Forum Salud Mental Asturias","isPartOf":{"@id":"https:\/\/forummontau.com\/asturias\/#website"},"primaryImageOfPage":{"@id":"https:\/\/forummontau.com\/asturias\/burnout-y-salud-mental-en-el-trabajo\/#primaryimage"},"image":{"@id":"https:\/\/forummontau.com\/asturias\/burnout-y-salud-mental-en-el-trabajo\/#primaryimage"},"thumbnailUrl":"https:\/\/forummontau.com\/asturias\/wp-content\/uploads\/sites\/7\/2024\/10\/burnout-salud-mental.webp","datePublished":"2024-10-16T07:27:40+00:00","dateModified":"2024-10-16T07:50:57+00:00","description":"Qu\u00e9 es el burnout, sus s\u00edntomas y c\u00f3mo afecta la salud mental en el entorno laboral. Identifica se\u00f1ales de agotamiento y descubre estrategias de manejo para prevenir este s\u00edndrome","breadcrumb":{"@id":"https:\/\/forummontau.com\/asturias\/burnout-y-salud-mental-en-el-trabajo\/#breadcrumb"},"inLanguage":"es","potentialAction":[{"@type":"ReadAction","target":["https:\/\/forummontau.com\/asturias\/burnout-y-salud-mental-en-el-trabajo\/"]}]},{"@type":"ImageObject","inLanguage":"es","@id":"https:\/\/forummontau.com\/asturias\/burnout-y-salud-mental-en-el-trabajo\/#primaryimage","url":"https:\/\/forummontau.com\/asturias\/wp-content\/uploads\/sites\/7\/2024\/10\/burnout-salud-mental.webp","contentUrl":"https:\/\/forummontau.com\/asturias\/wp-content\/uploads\/sites\/7\/2024\/10\/burnout-salud-mental.webp","width":1000,"height":667},{"@type":"BreadcrumbList","@id":"https:\/\/forummontau.com\/asturias\/burnout-y-salud-mental-en-el-trabajo\/#breadcrumb","itemListElement":[{"@type":"ListItem","position":1,"name":"Portada","item":"https:\/\/forummontau.com\/asturias\/"},{"@type":"ListItem","position":2,"name":"Burnout y salud mental en el trabajo"}]},{"@type":"WebSite","@id":"https:\/\/forummontau.com\/asturias\/#website","url":"https:\/\/forummontau.com\/asturias\/","name":"Forum Salud Mental Asturias","description":"Centro Desintoxicaci\u00f3n y Adicciones en Asturias. Centros en Gij\u00f3n y en Oviedo.","publisher":{"@id":"https:\/\/forummontau.com\/asturias\/#organization"},"potentialAction":[{"@type":"SearchAction","target":{"@type":"EntryPoint","urlTemplate":"https:\/\/forummontau.com\/asturias\/?s={search_term_string}"},"query-input":{"@type":"PropertyValueSpecification","valueRequired":true,"valueName":"search_term_string"}}],"inLanguage":"es"},{"@type":"Organization","@id":"https:\/\/forummontau.com\/asturias\/#organization","name":"Forum Salud Mental Asturias","url":"https:\/\/forummontau.com\/asturias\/","logo":{"@type":"ImageObject","inLanguage":"es","@id":"https:\/\/forummontau.com\/asturias\/#\/schema\/logo\/image\/","url":"https:\/\/forummontau.com\/asturias\/wp-content\/uploads\/sites\/7\/2020\/02\/asturias-1.png","contentUrl":"https:\/\/forummontau.com\/asturias\/wp-content\/uploads\/sites\/7\/2020\/02\/asturias-1.png","width":214,"height":119,"caption":"Forum Salud Mental Asturias"},"image":{"@id":"https:\/\/forummontau.com\/asturias\/#\/schema\/logo\/image\/"}},{"@type":"Person","@id":"https:\/\/forummontau.com\/asturias\/#\/schema\/person\/dd79fa1c0ba733edd439998f9d7f5e25","name":"Forum Salud Mental Madrid","image":{"@type":"ImageObject","inLanguage":"es","@id":"https:\/\/secure.gravatar.com\/avatar\/363495000985f108d724b036bf8fde103c31e3fb6464fc8997f0157fc03f27d8?s=96&d=mm&r=g","url":"https:\/\/secure.gravatar.com\/avatar\/363495000985f108d724b036bf8fde103c31e3fb6464fc8997f0157fc03f27d8?s=96&d=mm&r=g","contentUrl":"https:\/\/secure.gravatar.com\/avatar\/363495000985f108d724b036bf8fde103c31e3fb6464fc8997f0157fc03f27d8?s=96&d=mm&r=g","caption":"Forum Salud Mental Madrid"}}]}},"_links":{"self":[{"href":"https:\/\/forummontau.com\/asturias\/wp-json\/wp\/v2\/posts\/3129","targetHints":{"allow":["GET"]}}],"collection":[{"href":"https:\/\/forummontau.com\/asturias\/wp-json\/wp\/v2\/posts"}],"about":[{"href":"https:\/\/forummontau.com\/asturias\/wp-json\/wp\/v2\/types\/post"}],"author":[{"embeddable":true,"href":"https:\/\/forummontau.com\/asturias\/wp-json\/wp\/v2\/users\/2"}],"replies":[{"embeddable":true,"href":"https:\/\/forummontau.com\/asturias\/wp-json\/wp\/v2\/comments?post=3129"}],"version-history":[{"count":1,"href":"https:\/\/forummontau.com\/asturias\/wp-json\/wp\/v2\/posts\/3129\/revisions"}],"predecessor-version":[{"id":3131,"href":"https:\/\/forummontau.com\/asturias\/wp-json\/wp\/v2\/posts\/3129\/revisions\/3131"}],"wp:featuredmedia":[{"embeddable":true,"href":"https:\/\/forummontau.com\/asturias\/wp-json\/wp\/v2\/media\/3130"}],"wp:attachment":[{"href":"https:\/\/forummontau.com\/asturias\/wp-json\/wp\/v2\/media?parent=3129"}],"wp:term":[{"taxonomy":"category","embeddable":true,"href":"https:\/\/forummontau.com\/asturias\/wp-json\/wp\/v2\/categories?post=3129"},{"taxonomy":"post_tag","embeddable":true,"href":"https:\/\/forummontau.com\/asturias\/wp-json\/wp\/v2\/tags?post=3129"}],"curies":[{"name":"wp","href":"https:\/\/api.w.org\/{rel}","templated":true}]}}