{"id":3220,"date":"2025-11-12T09:24:52","date_gmt":"2025-11-12T09:24:52","guid":{"rendered":"https:\/\/adiccionesasturias.com\/?p=3220"},"modified":"2025-11-12T09:24:53","modified_gmt":"2025-11-12T09:24:53","slug":"policonsumo-cuando-la-adiccion-no-viene-sola","status":"publish","type":"post","link":"https:\/\/forummontau.com\/asturias\/policonsumo-cuando-la-adiccion-no-viene-sola\/","title":{"rendered":"Policonsumo: cuando la adicci\u00f3n no viene sola"},"content":{"rendered":"\n<p><strong>El policonsumo es una realidad cada vez m\u00e1s presente en las consultas de salud mental y adicciones.<\/strong> Hablamos de un patr\u00f3n en el que una persona consume de forma simult\u00e1nea o alternante varias sustancias \u2014legales o ilegales\u2014 como alcohol, cannabis, coca\u00edna, benzodiacepinas o medicamentos prescritos.<\/p>\n\n\n\n<p>Lejos de ser un fen\u00f3meno puntual, el policonsumo suele enmascarar una adicci\u00f3n m\u00e1s compleja que requiere atenci\u00f3n especializada.<\/p>\n\n\n\n<h3 class=\"wp-block-heading\">\u00bfQu\u00e9 es el policonsumo?<\/h3>\n\n\n\n<p>El <strong>policonsumo<\/strong> se define como el uso de dos o m\u00e1s sustancias psicoactivas en un periodo determinado, con o sin presencia de dependencia f\u00edsica o psicol\u00f3gica.<\/p>\n\n\n\n<p>Existen dos tipos principales:<\/p>\n\n\n\n<ul class=\"wp-block-list\">\n<li><strong>Simult\u00e1neo<\/strong>: consumo de varias sustancias en un mismo momento (por ejemplo, mezclar alcohol y coca\u00edna).<\/li>\n\n\n\n<li><strong>Secuencial o alternante<\/strong>: consumo de diferentes sustancias en distintos momentos, pero de forma habitual (por ejemplo, cannabis por la noche, ansiol\u00edticos entre semana y alcohol los fines de semana).<\/li>\n<\/ul>\n\n\n\n<h3 class=\"wp-block-heading\">\u00bfPor qu\u00e9 se desencadena el policonsumo?<\/h3>\n\n\n\n<p>Las causas del policonsumo pueden ser m\u00faltiples y suelen entrelazarse:<\/p>\n\n\n\n<ul class=\"wp-block-list\">\n<li><strong>B\u00fasqueda de efectos complementarios o compensatorios<\/strong> (ej. uso de benzodiacepinas para \u00abbajar\u00bb despu\u00e9s de consumir coca\u00edna).<\/li>\n\n\n\n<li><strong>Aumento de la tolerancia<\/strong> a una sustancia, que lleva a incorporar otras para intensificar efectos.<\/li>\n\n\n\n<li><strong>Factores emocionales o psiqui\u00e1tricos no tratados<\/strong>, como ansiedad, depresi\u00f3n o trauma.<\/li>\n\n\n\n<li><strong>Accesibilidad y normalizaci\u00f3n social<\/strong> del consumo cruzado.<\/li>\n\n\n\n<li><strong>Desinformaci\u00f3n sobre los riesgos<\/strong> de combinar sustancias.<\/li>\n<\/ul>\n\n\n\n<h3 class=\"wp-block-heading\">Riesgos del policonsumo<\/h3>\n\n\n\n<p>El policonsumo no solo suma los efectos de varias sustancias: <strong>los multiplica<\/strong>. Las combinaciones de drogas pueden interactuar de forma impredecible en el organismo, potenciando efectos t\u00f3xicos, generando reacciones adversas y dificultando enormemente la recuperaci\u00f3n f\u00edsica y emocional.<\/p>\n\n\n\n<p>Adem\u00e1s, quienes practican el policonsumo suelen tener una <strong>tolerancia m\u00e1s alta<\/strong>, un mayor grado de dependencia y m\u00e1s dificultades para reconocer el problema o pedir ayuda.<\/p>\n\n\n\n<p>Todo esto convierte al policonsumo en una forma especialmente da\u00f1ina de adicci\u00f3n, que requiere atenci\u00f3n cl\u00ednica espec\u00edfica y urgente.<\/p>\n\n\n\n<p><strong>A continuaci\u00f3n, exploramos los principales riesgos que conlleva para la salud f\u00edsica, mental y social:<\/strong><\/p>\n\n\n\n<h4 class=\"wp-block-heading\">Neurol\u00f3gicos y psiqui\u00e1tricos<\/h4>\n\n\n\n<ul class=\"wp-block-list\">\n<li>Mayor probabilidad de desarrollar <strong>trastornos psic\u00f3ticos, depresivos o de ansiedad<\/strong>.<\/li>\n\n\n\n<li>Aumento de la <strong>neurotoxicidad<\/strong>: da\u00f1o acumulativo en el cerebro por el efecto combinado de sustancias.<\/li>\n\n\n\n<li>P\u00e9rdida de memoria, d\u00e9ficit de atenci\u00f3n, dificultades cognitivas.<\/li>\n<\/ul>\n\n\n\n<h4 class=\"wp-block-heading\">F\u00edsicos<\/h4>\n\n\n\n<ul class=\"wp-block-list\">\n<li>Deterioro del sistema cardiovascular, hep\u00e1tico y renal.<\/li>\n\n\n\n<li>Riesgo elevado de <strong>sobredosis<\/strong>, al no conocer bien las interacciones entre drogas.<\/li>\n\n\n\n<li>Problemas respiratorios y gastrointestinales.<\/li>\n<\/ul>\n\n\n\n<h4 class=\"wp-block-heading\">Sociales y funcionales<\/h4>\n\n\n\n<ul class=\"wp-block-list\">\n<li>Dificultades laborales y familiares.<\/li>\n\n\n\n<li>Aislamiento social, conflictos relacionales.<\/li>\n\n\n\n<li>Incremento del riesgo de accidentes, violencia o conductas autolesivas.<\/li>\n<\/ul>\n\n\n\n<h3 class=\"wp-block-heading\">\u00bfC\u00f3mo se aborda el policonsumo?<\/h3>\n\n\n\n<p>Cada caso de policonsumo requiere un <strong>an\u00e1lisis cl\u00ednico exhaustivo y multidisciplinar<\/strong>. No solo se trata de identificar qu\u00e9 sustancias est\u00e1n implicadas, sino de comprender a fondo <strong>c\u00f3mo interact\u00faan entre s\u00ed<\/strong>, cu\u00e1l es el impacto en la salud f\u00edsica y mental, y qu\u00e9 necesidades espec\u00edficas presenta la persona.<\/p>\n\n\n\n<p>Este proceso incluye:<\/p>\n\n\n\n<ul class=\"wp-block-list\">\n<li><strong>Evaluaci\u00f3n psicol\u00f3gica y psiqui\u00e1trica<\/strong>: para detectar trastornos asociados como ansiedad, depresi\u00f3n, trauma o trastornos de la personalidad, que suelen coexistir y alimentar el patr\u00f3n de consumo.<\/li>\n\n\n\n<li> <strong>Valoraci\u00f3n m\u00e9dica y toxicol\u00f3gica<\/strong>: para conocer el estado de salud general, posibles da\u00f1os org\u00e1nicos y el nivel de afectaci\u00f3n neurol\u00f3gica o hep\u00e1tica, entre otros.<\/li>\n\n\n\n<li><strong>An\u00e1lisis del contexto social y familiar<\/strong>: el entorno juega un papel clave tanto en el origen como en el mantenimiento de la adicci\u00f3n, y debe formar parte activa del proceso terap\u00e9utico.<\/li>\n\n\n\n<li><strong>Identificaci\u00f3n de motivaciones y factores de riesgo<\/strong>: entender qu\u00e9 funci\u00f3n cumple cada sustancia (alivio emocional, evasi\u00f3n, mejora del rendimiento\u2026) es fundamental para dise\u00f1ar una intervenci\u00f3n eficaz.<\/li>\n<\/ul>\n\n\n\n<p>Solo con este enfoque integral es posible ofrecer un <strong>plan terap\u00e9utico personalizado<\/strong>, basado en evidencia, que combine <strong>terapia individual, grupal y familiar<\/strong>, acompa\u00f1amiento m\u00e9dico y estrategias psicoeducativas. El objetivo: <strong>recuperar la autonom\u00eda, prevenir reca\u00eddas y reconstruir un proyecto de vida con sentido.<\/strong><\/p>\n\n\n\n<h3 class=\"wp-block-heading\">El valor de pedir ayuda a tiempo<\/h3>\n\n\n\n<p><strong>El policonsumo no es un problema de \u201cfalta de control\u201d, sino un trastorno complejo que requiere comprensi\u00f3n y tratamiento especializado.<\/strong><\/p>\n\n\n\n<p>Cuanto antes se intervenga, mayor ser\u00e1 la probabilidad de una recuperaci\u00f3n estable y duradera.<\/p>\n\n\n\n<p>En <strong>Forum Salud Mental Asturias<\/strong>, estamos preparados para ayudarte desde un enfoque humano, cl\u00ednico y respetuoso.<\/p>\n","protected":false},"excerpt":{"rendered":"<p>El policonsumo es una realidad cada vez m\u00e1s presente en las consultas de salud mental y adicciones. Hablamos de un patr\u00f3n en el que una persona consume de forma simult\u00e1nea o alternante varias sustancias \u2014legales o ilegales\u2014 como alcohol, cannabis, coca\u00edna, benzodiacepinas o medicamentos prescritos. Lejos de ser un fen\u00f3meno puntual, el policonsumo suele enmascarar [&hellip;]<\/p>\n","protected":false},"author":2,"featured_media":3221,"comment_status":"closed","ping_status":"open","sticky":false,"template":"","format":"aside","meta":{"ocean_post_layout":"","ocean_both_sidebars_style":"","ocean_both_sidebars_content_width":0,"ocean_both_sidebars_sidebars_width":0,"ocean_sidebar":"","ocean_second_sidebar":"","ocean_disable_margins":"enable","ocean_add_body_class":"","ocean_shortcode_before_top_bar":"","ocean_shortcode_after_top_bar":"","ocean_shortcode_before_header":"","ocean_shortcode_after_header":"","ocean_has_shortcode":"","ocean_shortcode_after_title":"","ocean_shortcode_before_footer_widgets":"","ocean_shortcode_after_footer_widgets":"","ocean_shortcode_before_footer_bottom":"","ocean_shortcode_after_footer_bottom":"","ocean_display_top_bar":"default","ocean_display_header":"default","ocean_header_style":"","ocean_center_header_left_menu":"","ocean_custom_header_template":"","ocean_custom_logo":0,"ocean_custom_retina_logo":0,"ocean_custom_logo_max_width":0,"ocean_custom_logo_tablet_max_width":0,"ocean_custom_logo_mobile_max_width":0,"ocean_custom_logo_max_height":0,"ocean_custom_logo_tablet_max_height":0,"ocean_custom_logo_mobile_max_height":0,"ocean_header_custom_menu":"","ocean_menu_typo_font_family":"","ocean_menu_typo_font_subset":"","ocean_menu_typo_font_size":0,"ocean_menu_typo_font_size_tablet":0,"ocean_menu_typo_font_size_mobile":0,"ocean_menu_typo_font_size_unit":"px","ocean_menu_typo_font_weight":"","ocean_menu_typo_font_weight_tablet":"","ocean_menu_typo_font_weight_mobile":"","ocean_menu_typo_transform":"","ocean_menu_typo_transform_tablet":"","ocean_menu_typo_transform_mobile":"","ocean_menu_typo_line_height":0,"ocean_menu_typo_line_height_tablet":0,"ocean_menu_typo_line_height_mobile":0,"ocean_menu_typo_line_height_unit":"","ocean_menu_typo_spacing":0,"ocean_menu_typo_spacing_tablet":0,"ocean_menu_typo_spacing_mobile":0,"ocean_menu_typo_spacing_unit":"","ocean_menu_link_color":"","ocean_menu_link_color_hover":"","ocean_menu_link_color_active":"","ocean_menu_link_background":"","ocean_menu_link_hover_background":"","ocean_menu_link_active_background":"","ocean_menu_social_links_bg":"","ocean_menu_social_hover_links_bg":"","ocean_menu_social_links_color":"","ocean_menu_social_hover_links_color":"","ocean_disable_title":"default","ocean_disable_heading":"default","ocean_post_title":"","ocean_post_subheading":"","ocean_post_title_style":"","ocean_post_title_background_color":"","ocean_post_title_background":0,"ocean_post_title_bg_image_position":"","ocean_post_title_bg_image_attachment":"","ocean_post_title_bg_image_repeat":"","ocean_post_title_bg_image_size":"","ocean_post_title_height":0,"ocean_post_title_bg_overlay":0.5,"ocean_post_title_bg_overlay_color":"","ocean_disable_breadcrumbs":"default","ocean_breadcrumbs_color":"","ocean_breadcrumbs_separator_color":"","ocean_breadcrumbs_links_color":"","ocean_breadcrumbs_links_hover_color":"","ocean_display_footer_widgets":"default","ocean_display_footer_bottom":"default","ocean_custom_footer_template":"","ocean_post_oembed":"","ocean_post_self_hosted_media":"","ocean_post_video_embed":"","ocean_link_format":"","ocean_link_format_target":"self","ocean_quote_format":"","ocean_quote_format_link":"post","ocean_gallery_link_images":"on","ocean_gallery_id":[],"footnotes":""},"categories":[51,112],"tags":[85,90],"class_list":["post-3220","post","type-post","status-publish","format-aside","has-post-thumbnail","hentry","category-adiccion","category-policonsumo","tag-adicciones-asturias","tag-forum-asturias","post_format-post-format-aside","entry","has-media"],"yoast_head":"<!-- This site is optimized with the Yoast SEO plugin v27.5 - https:\/\/yoast.com\/product\/yoast-seo-wordpress\/ -->\n<title>Policonsumo: cuando la adicci\u00f3n no viene sola - Forum Salud Mental Asturias<\/title>\n<meta name=\"description\" content=\"Descubre qu\u00e9 es el policonsumo, por qu\u00e9 es tan frecuente en adicciones y qu\u00e9 riesgos f\u00edsicos, neurol\u00f3gicos y emocionales conlleva. En Forum Salud Mental abordamos este trastorno con un enfoque cl\u00ednico integral y personalizado.\" \/>\n<meta name=\"robots\" content=\"index, follow, max-snippet:-1, max-image-preview:large, max-video-preview:-1\" \/>\n<link rel=\"canonical\" href=\"https:\/\/forummontau.com\/asturias\/policonsumo-cuando-la-adiccion-no-viene-sola\/\" \/>\n<meta property=\"og:locale\" content=\"es_ES\" \/>\n<meta property=\"og:type\" content=\"article\" \/>\n<meta property=\"og:title\" content=\"Policonsumo: cuando la adicci\u00f3n no viene sola - Forum Salud Mental Asturias\" \/>\n<meta property=\"og:description\" content=\"Descubre qu\u00e9 es el policonsumo, por qu\u00e9 es tan frecuente en adicciones y qu\u00e9 riesgos f\u00edsicos, neurol\u00f3gicos y emocionales conlleva. En Forum Salud Mental abordamos este trastorno con un enfoque cl\u00ednico integral y personalizado.\" \/>\n<meta property=\"og:url\" content=\"https:\/\/forummontau.com\/asturias\/policonsumo-cuando-la-adiccion-no-viene-sola\/\" \/>\n<meta property=\"og:site_name\" content=\"Forum Salud Mental Asturias\" \/>\n<meta property=\"article:published_time\" content=\"2025-11-12T09:24:52+00:00\" \/>\n<meta property=\"article:modified_time\" content=\"2025-11-12T09:24:53+00:00\" \/>\n<meta property=\"og:image\" content=\"https:\/\/forummontau.com\/asturias\/wp-content\/uploads\/sites\/7\/2025\/11\/policonsumo-adiccion-a-varias-sustancias.webp\" \/>\n\t<meta property=\"og:image:width\" content=\"1000\" \/>\n\t<meta property=\"og:image:height\" content=\"667\" \/>\n\t<meta property=\"og:image:type\" content=\"image\/webp\" \/>\n<meta name=\"author\" content=\"Forum Salud Mental Madrid\" \/>\n<meta name=\"twitter:card\" content=\"summary_large_image\" \/>\n<meta name=\"twitter:label1\" content=\"Escrito por\" \/>\n\t<meta name=\"twitter:data1\" content=\"Forum Salud Mental Madrid\" \/>\n\t<meta name=\"twitter:label2\" content=\"Tiempo de lectura\" \/>\n\t<meta name=\"twitter:data2\" content=\"4 minutos\" \/>\n<script type=\"application\/ld+json\" class=\"yoast-schema-graph\">{\"@context\":\"https:\\\/\\\/schema.org\",\"@graph\":[{\"@type\":\"Article\",\"@id\":\"https:\\\/\\\/forummontau.com\\\/asturias\\\/policonsumo-cuando-la-adiccion-no-viene-sola\\\/#article\",\"isPartOf\":{\"@id\":\"https:\\\/\\\/forummontau.com\\\/asturias\\\/policonsumo-cuando-la-adiccion-no-viene-sola\\\/\"},\"author\":{\"name\":\"Forum Salud Mental Madrid\",\"@id\":\"https:\\\/\\\/forummontau.com\\\/asturias\\\/#\\\/schema\\\/person\\\/dd79fa1c0ba733edd439998f9d7f5e25\"},\"headline\":\"Policonsumo: cuando la adicci\u00f3n no viene sola\",\"datePublished\":\"2025-11-12T09:24:52+00:00\",\"dateModified\":\"2025-11-12T09:24:53+00:00\",\"mainEntityOfPage\":{\"@id\":\"https:\\\/\\\/forummontau.com\\\/asturias\\\/policonsumo-cuando-la-adiccion-no-viene-sola\\\/\"},\"wordCount\":745,\"publisher\":{\"@id\":\"https:\\\/\\\/forummontau.com\\\/asturias\\\/#organization\"},\"image\":{\"@id\":\"https:\\\/\\\/forummontau.com\\\/asturias\\\/policonsumo-cuando-la-adiccion-no-viene-sola\\\/#primaryimage\"},\"thumbnailUrl\":\"https:\\\/\\\/forummontau.com\\\/asturias\\\/wp-content\\\/uploads\\\/sites\\\/7\\\/2025\\\/11\\\/policonsumo-adiccion-a-varias-sustancias.webp\",\"keywords\":[\"Adicciones Asturias\",\"Forum Asturias\"],\"articleSection\":[\"Adicci\u00f3n\",\"Policonsumo\"],\"inLanguage\":\"es\"},{\"@type\":\"WebPage\",\"@id\":\"https:\\\/\\\/forummontau.com\\\/asturias\\\/policonsumo-cuando-la-adiccion-no-viene-sola\\\/\",\"url\":\"https:\\\/\\\/forummontau.com\\\/asturias\\\/policonsumo-cuando-la-adiccion-no-viene-sola\\\/\",\"name\":\"Policonsumo: cuando la adicci\u00f3n no viene sola - Forum Salud Mental Asturias\",\"isPartOf\":{\"@id\":\"https:\\\/\\\/forummontau.com\\\/asturias\\\/#website\"},\"primaryImageOfPage\":{\"@id\":\"https:\\\/\\\/forummontau.com\\\/asturias\\\/policonsumo-cuando-la-adiccion-no-viene-sola\\\/#primaryimage\"},\"image\":{\"@id\":\"https:\\\/\\\/forummontau.com\\\/asturias\\\/policonsumo-cuando-la-adiccion-no-viene-sola\\\/#primaryimage\"},\"thumbnailUrl\":\"https:\\\/\\\/forummontau.com\\\/asturias\\\/wp-content\\\/uploads\\\/sites\\\/7\\\/2025\\\/11\\\/policonsumo-adiccion-a-varias-sustancias.webp\",\"datePublished\":\"2025-11-12T09:24:52+00:00\",\"dateModified\":\"2025-11-12T09:24:53+00:00\",\"description\":\"Descubre qu\u00e9 es el policonsumo, por qu\u00e9 es tan frecuente en adicciones y qu\u00e9 riesgos f\u00edsicos, neurol\u00f3gicos y emocionales conlleva. En Forum Salud Mental abordamos este trastorno con un enfoque cl\u00ednico integral y personalizado.\",\"breadcrumb\":{\"@id\":\"https:\\\/\\\/forummontau.com\\\/asturias\\\/policonsumo-cuando-la-adiccion-no-viene-sola\\\/#breadcrumb\"},\"inLanguage\":\"es\",\"potentialAction\":[{\"@type\":\"ReadAction\",\"target\":[\"https:\\\/\\\/forummontau.com\\\/asturias\\\/policonsumo-cuando-la-adiccion-no-viene-sola\\\/\"]}]},{\"@type\":\"ImageObject\",\"inLanguage\":\"es\",\"@id\":\"https:\\\/\\\/forummontau.com\\\/asturias\\\/policonsumo-cuando-la-adiccion-no-viene-sola\\\/#primaryimage\",\"url\":\"https:\\\/\\\/forummontau.com\\\/asturias\\\/wp-content\\\/uploads\\\/sites\\\/7\\\/2025\\\/11\\\/policonsumo-adiccion-a-varias-sustancias.webp\",\"contentUrl\":\"https:\\\/\\\/forummontau.com\\\/asturias\\\/wp-content\\\/uploads\\\/sites\\\/7\\\/2025\\\/11\\\/policonsumo-adiccion-a-varias-sustancias.webp\",\"width\":1000,\"height\":667,\"caption\":\"Politoxicomano\"},{\"@type\":\"BreadcrumbList\",\"@id\":\"https:\\\/\\\/forummontau.com\\\/asturias\\\/policonsumo-cuando-la-adiccion-no-viene-sola\\\/#breadcrumb\",\"itemListElement\":[{\"@type\":\"ListItem\",\"position\":1,\"name\":\"Portada\",\"item\":\"https:\\\/\\\/forummontau.com\\\/asturias\\\/\"},{\"@type\":\"ListItem\",\"position\":2,\"name\":\"Policonsumo: cuando la adicci\u00f3n no viene sola\"}]},{\"@type\":\"WebSite\",\"@id\":\"https:\\\/\\\/forummontau.com\\\/asturias\\\/#website\",\"url\":\"https:\\\/\\\/forummontau.com\\\/asturias\\\/\",\"name\":\"Forum Salud Mental Asturias\",\"description\":\"Centro Desintoxicaci\u00f3n y Adicciones en Asturias. Centros en Gij\u00f3n y en Oviedo.\",\"publisher\":{\"@id\":\"https:\\\/\\\/forummontau.com\\\/asturias\\\/#organization\"},\"potentialAction\":[{\"@type\":\"SearchAction\",\"target\":{\"@type\":\"EntryPoint\",\"urlTemplate\":\"https:\\\/\\\/forummontau.com\\\/asturias\\\/?s={search_term_string}\"},\"query-input\":{\"@type\":\"PropertyValueSpecification\",\"valueRequired\":true,\"valueName\":\"search_term_string\"}}],\"inLanguage\":\"es\"},{\"@type\":\"Organization\",\"@id\":\"https:\\\/\\\/forummontau.com\\\/asturias\\\/#organization\",\"name\":\"Forum Salud Mental Asturias\",\"url\":\"https:\\\/\\\/forummontau.com\\\/asturias\\\/\",\"logo\":{\"@type\":\"ImageObject\",\"inLanguage\":\"es\",\"@id\":\"https:\\\/\\\/forummontau.com\\\/asturias\\\/#\\\/schema\\\/logo\\\/image\\\/\",\"url\":\"https:\\\/\\\/forummontau.com\\\/asturias\\\/wp-content\\\/uploads\\\/sites\\\/7\\\/2020\\\/02\\\/asturias-1.png\",\"contentUrl\":\"https:\\\/\\\/forummontau.com\\\/asturias\\\/wp-content\\\/uploads\\\/sites\\\/7\\\/2020\\\/02\\\/asturias-1.png\",\"width\":214,\"height\":119,\"caption\":\"Forum Salud Mental Asturias\"},\"image\":{\"@id\":\"https:\\\/\\\/forummontau.com\\\/asturias\\\/#\\\/schema\\\/logo\\\/image\\\/\"}},{\"@type\":\"Person\",\"@id\":\"https:\\\/\\\/forummontau.com\\\/asturias\\\/#\\\/schema\\\/person\\\/dd79fa1c0ba733edd439998f9d7f5e25\",\"name\":\"Forum Salud Mental Madrid\",\"image\":{\"@type\":\"ImageObject\",\"inLanguage\":\"es\",\"@id\":\"https:\\\/\\\/secure.gravatar.com\\\/avatar\\\/363495000985f108d724b036bf8fde103c31e3fb6464fc8997f0157fc03f27d8?s=96&d=mm&r=g\",\"url\":\"https:\\\/\\\/secure.gravatar.com\\\/avatar\\\/363495000985f108d724b036bf8fde103c31e3fb6464fc8997f0157fc03f27d8?s=96&d=mm&r=g\",\"contentUrl\":\"https:\\\/\\\/secure.gravatar.com\\\/avatar\\\/363495000985f108d724b036bf8fde103c31e3fb6464fc8997f0157fc03f27d8?s=96&d=mm&r=g\",\"caption\":\"Forum Salud Mental Madrid\"}}]}<\/script>\n<!-- \/ Yoast SEO plugin. -->","yoast_head_json":{"title":"Policonsumo: cuando la adicci\u00f3n no viene sola - Forum Salud Mental Asturias","description":"Descubre qu\u00e9 es el policonsumo, por qu\u00e9 es tan frecuente en adicciones y qu\u00e9 riesgos f\u00edsicos, neurol\u00f3gicos y emocionales conlleva. En Forum Salud Mental abordamos este trastorno con un enfoque cl\u00ednico integral y personalizado.","robots":{"index":"index","follow":"follow","max-snippet":"max-snippet:-1","max-image-preview":"max-image-preview:large","max-video-preview":"max-video-preview:-1"},"canonical":"https:\/\/forummontau.com\/asturias\/policonsumo-cuando-la-adiccion-no-viene-sola\/","og_locale":"es_ES","og_type":"article","og_title":"Policonsumo: cuando la adicci\u00f3n no viene sola - Forum Salud Mental Asturias","og_description":"Descubre qu\u00e9 es el policonsumo, por qu\u00e9 es tan frecuente en adicciones y qu\u00e9 riesgos f\u00edsicos, neurol\u00f3gicos y emocionales conlleva. En Forum Salud Mental abordamos este trastorno con un enfoque cl\u00ednico integral y personalizado.","og_url":"https:\/\/forummontau.com\/asturias\/policonsumo-cuando-la-adiccion-no-viene-sola\/","og_site_name":"Forum Salud Mental Asturias","article_published_time":"2025-11-12T09:24:52+00:00","article_modified_time":"2025-11-12T09:24:53+00:00","og_image":[{"width":1000,"height":667,"url":"https:\/\/forummontau.com\/asturias\/wp-content\/uploads\/sites\/7\/2025\/11\/policonsumo-adiccion-a-varias-sustancias.webp","type":"image\/webp"}],"author":"Forum Salud Mental Madrid","twitter_card":"summary_large_image","twitter_misc":{"Escrito por":"Forum Salud Mental Madrid","Tiempo de lectura":"4 minutos"},"schema":{"@context":"https:\/\/schema.org","@graph":[{"@type":"Article","@id":"https:\/\/forummontau.com\/asturias\/policonsumo-cuando-la-adiccion-no-viene-sola\/#article","isPartOf":{"@id":"https:\/\/forummontau.com\/asturias\/policonsumo-cuando-la-adiccion-no-viene-sola\/"},"author":{"name":"Forum Salud Mental Madrid","@id":"https:\/\/forummontau.com\/asturias\/#\/schema\/person\/dd79fa1c0ba733edd439998f9d7f5e25"},"headline":"Policonsumo: cuando la adicci\u00f3n no viene sola","datePublished":"2025-11-12T09:24:52+00:00","dateModified":"2025-11-12T09:24:53+00:00","mainEntityOfPage":{"@id":"https:\/\/forummontau.com\/asturias\/policonsumo-cuando-la-adiccion-no-viene-sola\/"},"wordCount":745,"publisher":{"@id":"https:\/\/forummontau.com\/asturias\/#organization"},"image":{"@id":"https:\/\/forummontau.com\/asturias\/policonsumo-cuando-la-adiccion-no-viene-sola\/#primaryimage"},"thumbnailUrl":"https:\/\/forummontau.com\/asturias\/wp-content\/uploads\/sites\/7\/2025\/11\/policonsumo-adiccion-a-varias-sustancias.webp","keywords":["Adicciones Asturias","Forum Asturias"],"articleSection":["Adicci\u00f3n","Policonsumo"],"inLanguage":"es"},{"@type":"WebPage","@id":"https:\/\/forummontau.com\/asturias\/policonsumo-cuando-la-adiccion-no-viene-sola\/","url":"https:\/\/forummontau.com\/asturias\/policonsumo-cuando-la-adiccion-no-viene-sola\/","name":"Policonsumo: cuando la adicci\u00f3n no viene sola - Forum Salud Mental Asturias","isPartOf":{"@id":"https:\/\/forummontau.com\/asturias\/#website"},"primaryImageOfPage":{"@id":"https:\/\/forummontau.com\/asturias\/policonsumo-cuando-la-adiccion-no-viene-sola\/#primaryimage"},"image":{"@id":"https:\/\/forummontau.com\/asturias\/policonsumo-cuando-la-adiccion-no-viene-sola\/#primaryimage"},"thumbnailUrl":"https:\/\/forummontau.com\/asturias\/wp-content\/uploads\/sites\/7\/2025\/11\/policonsumo-adiccion-a-varias-sustancias.webp","datePublished":"2025-11-12T09:24:52+00:00","dateModified":"2025-11-12T09:24:53+00:00","description":"Descubre qu\u00e9 es el policonsumo, por qu\u00e9 es tan frecuente en adicciones y qu\u00e9 riesgos f\u00edsicos, neurol\u00f3gicos y emocionales conlleva. En Forum Salud Mental abordamos este trastorno con un enfoque cl\u00ednico integral y personalizado.","breadcrumb":{"@id":"https:\/\/forummontau.com\/asturias\/policonsumo-cuando-la-adiccion-no-viene-sola\/#breadcrumb"},"inLanguage":"es","potentialAction":[{"@type":"ReadAction","target":["https:\/\/forummontau.com\/asturias\/policonsumo-cuando-la-adiccion-no-viene-sola\/"]}]},{"@type":"ImageObject","inLanguage":"es","@id":"https:\/\/forummontau.com\/asturias\/policonsumo-cuando-la-adiccion-no-viene-sola\/#primaryimage","url":"https:\/\/forummontau.com\/asturias\/wp-content\/uploads\/sites\/7\/2025\/11\/policonsumo-adiccion-a-varias-sustancias.webp","contentUrl":"https:\/\/forummontau.com\/asturias\/wp-content\/uploads\/sites\/7\/2025\/11\/policonsumo-adiccion-a-varias-sustancias.webp","width":1000,"height":667,"caption":"Politoxicomano"},{"@type":"BreadcrumbList","@id":"https:\/\/forummontau.com\/asturias\/policonsumo-cuando-la-adiccion-no-viene-sola\/#breadcrumb","itemListElement":[{"@type":"ListItem","position":1,"name":"Portada","item":"https:\/\/forummontau.com\/asturias\/"},{"@type":"ListItem","position":2,"name":"Policonsumo: cuando la adicci\u00f3n no viene sola"}]},{"@type":"WebSite","@id":"https:\/\/forummontau.com\/asturias\/#website","url":"https:\/\/forummontau.com\/asturias\/","name":"Forum Salud Mental Asturias","description":"Centro Desintoxicaci\u00f3n y Adicciones en Asturias. Centros en Gij\u00f3n y en Oviedo.","publisher":{"@id":"https:\/\/forummontau.com\/asturias\/#organization"},"potentialAction":[{"@type":"SearchAction","target":{"@type":"EntryPoint","urlTemplate":"https:\/\/forummontau.com\/asturias\/?s={search_term_string}"},"query-input":{"@type":"PropertyValueSpecification","valueRequired":true,"valueName":"search_term_string"}}],"inLanguage":"es"},{"@type":"Organization","@id":"https:\/\/forummontau.com\/asturias\/#organization","name":"Forum Salud Mental Asturias","url":"https:\/\/forummontau.com\/asturias\/","logo":{"@type":"ImageObject","inLanguage":"es","@id":"https:\/\/forummontau.com\/asturias\/#\/schema\/logo\/image\/","url":"https:\/\/forummontau.com\/asturias\/wp-content\/uploads\/sites\/7\/2020\/02\/asturias-1.png","contentUrl":"https:\/\/forummontau.com\/asturias\/wp-content\/uploads\/sites\/7\/2020\/02\/asturias-1.png","width":214,"height":119,"caption":"Forum Salud Mental Asturias"},"image":{"@id":"https:\/\/forummontau.com\/asturias\/#\/schema\/logo\/image\/"}},{"@type":"Person","@id":"https:\/\/forummontau.com\/asturias\/#\/schema\/person\/dd79fa1c0ba733edd439998f9d7f5e25","name":"Forum Salud Mental Madrid","image":{"@type":"ImageObject","inLanguage":"es","@id":"https:\/\/secure.gravatar.com\/avatar\/363495000985f108d724b036bf8fde103c31e3fb6464fc8997f0157fc03f27d8?s=96&d=mm&r=g","url":"https:\/\/secure.gravatar.com\/avatar\/363495000985f108d724b036bf8fde103c31e3fb6464fc8997f0157fc03f27d8?s=96&d=mm&r=g","contentUrl":"https:\/\/secure.gravatar.com\/avatar\/363495000985f108d724b036bf8fde103c31e3fb6464fc8997f0157fc03f27d8?s=96&d=mm&r=g","caption":"Forum Salud Mental Madrid"}}]}},"_links":{"self":[{"href":"https:\/\/forummontau.com\/asturias\/wp-json\/wp\/v2\/posts\/3220","targetHints":{"allow":["GET"]}}],"collection":[{"href":"https:\/\/forummontau.com\/asturias\/wp-json\/wp\/v2\/posts"}],"about":[{"href":"https:\/\/forummontau.com\/asturias\/wp-json\/wp\/v2\/types\/post"}],"author":[{"embeddable":true,"href":"https:\/\/forummontau.com\/asturias\/wp-json\/wp\/v2\/users\/2"}],"replies":[{"embeddable":true,"href":"https:\/\/forummontau.com\/asturias\/wp-json\/wp\/v2\/comments?post=3220"}],"version-history":[{"count":2,"href":"https:\/\/forummontau.com\/asturias\/wp-json\/wp\/v2\/posts\/3220\/revisions"}],"predecessor-version":[{"id":3223,"href":"https:\/\/forummontau.com\/asturias\/wp-json\/wp\/v2\/posts\/3220\/revisions\/3223"}],"wp:featuredmedia":[{"embeddable":true,"href":"https:\/\/forummontau.com\/asturias\/wp-json\/wp\/v2\/media\/3221"}],"wp:attachment":[{"href":"https:\/\/forummontau.com\/asturias\/wp-json\/wp\/v2\/media?parent=3220"}],"wp:term":[{"taxonomy":"category","embeddable":true,"href":"https:\/\/forummontau.com\/asturias\/wp-json\/wp\/v2\/categories?post=3220"},{"taxonomy":"post_tag","embeddable":true,"href":"https:\/\/forummontau.com\/asturias\/wp-json\/wp\/v2\/tags?post=3220"}],"curies":[{"name":"wp","href":"https:\/\/api.w.org\/{rel}","templated":true}]}}