{"id":974,"date":"2025-09-17T08:17:00","date_gmt":"2025-09-17T08:17:00","guid":{"rendered":"http:\/\/www.adiccionesasturias.com\/?p=974"},"modified":"2025-09-17T15:00:06","modified_gmt":"2025-09-17T15:00:06","slug":"se-producen-perdidas-memoria-al-consumir-alcohol","status":"publish","type":"post","link":"https:\/\/forummontau.com\/asturias\/se-producen-perdidas-memoria-al-consumir-alcohol\/","title":{"rendered":"\u00bfPor qu\u00e9 se producen p\u00e9rdidas de memoria al consumir alcohol?"},"content":{"rendered":"\n<p>\u00bfTe ha pasado alguna vez que, despu\u00e9s de una noche de fiesta, no recuerdas c\u00f3mo llegaste a casa, qu\u00e9 hiciste o qu\u00e9 dijiste? Esto no es solo \u201cuna mala borrachera\u201d, se trata de un fen\u00f3meno conocido como <strong>apag\u00f3n cerebral<\/strong> o <strong>laguna mental inducida por alcohol<\/strong>.<\/p>\n\n\n\n<p>Lejos de ser algo anecd\u00f3tico, es un s\u00edntoma de intoxicaci\u00f3n aguda que puede tener <strong>efectos serios sobre la memoria y la salud cerebral<\/strong>, incluso en personas que no presentan una adicci\u00f3n diagnosticada.<\/p>\n\n\n\n<h3 class=\"wp-block-heading\">\u00bfQu\u00e9 es un apag\u00f3n cerebral?<\/h3>\n\n\n\n<p>Los apagones mentales ocurren cuando, debido a un consumo elevado de alcohol en poco tiempo, el cerebro <strong>pierde la capacidad de formar y almacenar recuerdos<\/strong>. No es que olvides lo que pas\u00f3, sino que tu cerebro <strong>ni siquiera lo registr\u00f3<\/strong>.<\/p>\n\n\n\n<p>Estudios recientes han confirmado que este fen\u00f3meno es com\u00fan entre bebedores sociales, especialmente j\u00f3venes. Investigaciones actuales coinciden con las del doctor Paul Wallace y del doctor David Nutt, quienes explican que el alcohol <strong>bloquea los neurotransmisores que permiten fijar recuerdos<\/strong>, como el glutamato, y potencia aquellos que los bloquean, como el GABA.<\/p>\n\n\n\n<p>En palabras simples: <strong>el alcohol interrumpe el sistema de memoria del cerebro<\/strong>, de forma parecida a como lo hacen sedantes o anest\u00e9sicos.<\/p>\n\n\n\n<h3 class=\"wp-block-heading\">\u00bfSolo les pasa a los alcoh\u00f3licos?<\/h3>\n\n\n\n<p>No. Los apagones cerebrales pueden presentarse en <strong>personas sin dependencia al alcohol<\/strong>, simplemente por haber bebido de forma excesiva o r\u00e1pida. El riesgo aumenta si se consume con el est\u00f3mago vac\u00edo, si se combinan bebidas o si hay falta de sue\u00f1o.<\/p>\n\n\n\n<p>Sin embargo, cuando estos episodios se vuelven frecuentes, <strong>pueden ser una se\u00f1al de alarma<\/strong> de un patr\u00f3n de consumo problem\u00e1tico.<\/p>\n\n\n\n<h3 class=\"wp-block-heading\">\u00bfQu\u00e9 consecuencias tiene?<\/h3>\n\n\n\n<p>A corto plazo, los apagones est\u00e1n vinculados a conductas de alto riesgo: sexo sin protecci\u00f3n, agresividad, accidentes o conducci\u00f3n bajo los efectos del alcohol. Todo esto ocurre mientras la persona se encuentra aparentemente \u201cconsciente\u201d, aunque al d\u00eda siguiente <strong>no recuerde nada<\/strong>.<\/p>\n\n\n\n<p>A largo plazo, el consumo continuado puede da\u00f1ar las funciones cognitivas, provocar <strong>deterioro de la memoria<\/strong>, e incluso contribuir a <strong>da\u00f1os cerebrales permanentes<\/strong>. Se ha observado que hasta un 80% de las personas con alcoholismo cr\u00f3nico desarrollan <strong>deficiencia de tiamina (vitamina B1)<\/strong>, lo que puede derivar en s\u00edndromes neurol\u00f3gicos graves como el <strong>Wernicke-Korsakoff<\/strong>, una forma severa de amnesia.<\/p>\n\n\n\n<h3 class=\"wp-block-heading\">\u00bfQu\u00e9 hacer si esto te est\u00e1 pasando?<\/h3>\n\n\n\n<p>Si experimentas lagunas mentales con frecuencia, es hora de hacer una pausa y <strong>revisar tu relaci\u00f3n con el alcohol<\/strong>. Las autoridades sanitarias actuales (como el NHS del Reino Unido y la OMS) recomiendan <strong>no superar las 14 unidades de alcohol por semana<\/strong>, distribuidas en varios d\u00edas y acompa\u00f1adas de d\u00edas libres de consumo.<\/p>\n\n\n\n<p>Recuerda que:<\/p>\n\n\n\n<ul class=\"wp-block-list\">\n<li>Una <strong>ca\u00f1a de cerveza<\/strong> o un <strong>vaso peque\u00f1o de vino<\/strong> equivale a una unidad.<\/li>\n\n\n\n<li>Las personas con apagones regulares est\u00e1n expuestas a <strong>da\u00f1os progresivos<\/strong>, incluso si no beben todos los d\u00edas.<\/li>\n\n\n\n<li>Si ya intentaste moderarte sin \u00e9xito, podr\u00eda ser momento de <strong>buscar ayuda profesional.<\/strong><\/li>\n<\/ul>\n\n\n\n<h3 class=\"wp-block-heading\">En Forum Salud Mental Asturias podemos ayudarte<\/h3>\n\n\n\n<p>En nuestro centro trabajamos con personas que buscan recuperar el control de su vida y su bienestar, tanto si existe dependencia como si se trata de un consumo problem\u00e1tico ocasional.<\/p>\n\n\n\n<p>\ud83d\udcde <strong>Ll\u00e1manos sin compromiso.<\/strong> Estamos aqu\u00ed para escucharte y ayudarte.<\/p>\n\n\n\n<p>Art\u00edculo actualizado en septiembre de 2025<\/p>\n","protected":false},"excerpt":{"rendered":"<p>\u00bfTe ha pasado alguna vez que, despu\u00e9s de una noche de fiesta, no recuerdas c\u00f3mo llegaste a casa, qu\u00e9 hiciste o qu\u00e9 dijiste? Esto no es solo \u201cuna mala borrachera\u201d, se trata de un fen\u00f3meno conocido como apag\u00f3n cerebral o laguna mental inducida por alcohol. Lejos de ser algo anecd\u00f3tico, es un s\u00edntoma de intoxicaci\u00f3n [&hellip;]<\/p>\n","protected":false},"author":7,"featured_media":3217,"comment_status":"closed","ping_status":"open","sticky":false,"template":"","format":"standard","meta":{"ocean_post_layout":"","ocean_both_sidebars_style":"","ocean_both_sidebars_content_width":0,"ocean_both_sidebars_sidebars_width":0,"ocean_sidebar":"","ocean_second_sidebar":"","ocean_disable_margins":"enable","ocean_add_body_class":"","ocean_shortcode_before_top_bar":"","ocean_shortcode_after_top_bar":"","ocean_shortcode_before_header":"","ocean_shortcode_after_header":"","ocean_has_shortcode":"","ocean_shortcode_after_title":"","ocean_shortcode_before_footer_widgets":"","ocean_shortcode_after_footer_widgets":"","ocean_shortcode_before_footer_bottom":"","ocean_shortcode_after_footer_bottom":"","ocean_display_top_bar":"default","ocean_display_header":"default","ocean_header_style":"","ocean_center_header_left_menu":"","ocean_custom_header_template":"","ocean_custom_logo":0,"ocean_custom_retina_logo":0,"ocean_custom_logo_max_width":0,"ocean_custom_logo_tablet_max_width":0,"ocean_custom_logo_mobile_max_width":0,"ocean_custom_logo_max_height":0,"ocean_custom_logo_tablet_max_height":0,"ocean_custom_logo_mobile_max_height":0,"ocean_header_custom_menu":"","ocean_menu_typo_font_family":"","ocean_menu_typo_font_subset":"","ocean_menu_typo_font_size":0,"ocean_menu_typo_font_size_tablet":0,"ocean_menu_typo_font_size_mobile":0,"ocean_menu_typo_font_size_unit":"px","ocean_menu_typo_font_weight":"","ocean_menu_typo_font_weight_tablet":"","ocean_menu_typo_font_weight_mobile":"","ocean_menu_typo_transform":"","ocean_menu_typo_transform_tablet":"","ocean_menu_typo_transform_mobile":"","ocean_menu_typo_line_height":0,"ocean_menu_typo_line_height_tablet":0,"ocean_menu_typo_line_height_mobile":0,"ocean_menu_typo_line_height_unit":"","ocean_menu_typo_spacing":0,"ocean_menu_typo_spacing_tablet":0,"ocean_menu_typo_spacing_mobile":0,"ocean_menu_typo_spacing_unit":"","ocean_menu_link_color":"","ocean_menu_link_color_hover":"","ocean_menu_link_color_active":"","ocean_menu_link_background":"","ocean_menu_link_hover_background":"","ocean_menu_link_active_background":"","ocean_menu_social_links_bg":"","ocean_menu_social_hover_links_bg":"","ocean_menu_social_links_color":"","ocean_menu_social_hover_links_color":"","ocean_disable_title":"default","ocean_disable_heading":"default","ocean_post_title":"","ocean_post_subheading":"","ocean_post_title_style":"","ocean_post_title_background_color":"","ocean_post_title_background":0,"ocean_post_title_bg_image_position":"","ocean_post_title_bg_image_attachment":"","ocean_post_title_bg_image_repeat":"","ocean_post_title_bg_image_size":"","ocean_post_title_height":0,"ocean_post_title_bg_overlay":0.5,"ocean_post_title_bg_overlay_color":"","ocean_disable_breadcrumbs":"default","ocean_breadcrumbs_color":"","ocean_breadcrumbs_separator_color":"","ocean_breadcrumbs_links_color":"","ocean_breadcrumbs_links_hover_color":"","ocean_display_footer_widgets":"default","ocean_display_footer_bottom":"default","ocean_custom_footer_template":"","ocean_post_oembed":"","ocean_post_self_hosted_media":"","ocean_post_video_embed":"","ocean_link_format":"","ocean_link_format_target":"self","ocean_quote_format":"","ocean_quote_format_link":"post","ocean_gallery_link_images":"on","ocean_gallery_id":[],"footnotes":""},"categories":[30,76,7],"tags":[],"class_list":["post-974","post","type-post","status-publish","format-standard","has-post-thumbnail","hentry","category-alcohol","category-prevencion","category-tratamientos","entry","has-media"],"yoast_head":"<!-- This site is optimized with the Yoast SEO plugin v27.5 - https:\/\/yoast.com\/product\/yoast-seo-wordpress\/ -->\n<title>\u00bfPor qu\u00e9 se producen p\u00e9rdidas de memoria al consumir alcohol? - Forum Salud Mental Asturias<\/title>\n<meta name=\"robots\" content=\"index, follow, max-snippet:-1, max-image-preview:large, max-video-preview:-1\" \/>\n<link rel=\"canonical\" href=\"https:\/\/forummontau.com\/asturias\/se-producen-perdidas-memoria-al-consumir-alcohol\/\" \/>\n<meta property=\"og:locale\" content=\"es_ES\" \/>\n<meta property=\"og:type\" content=\"article\" \/>\n<meta property=\"og:title\" content=\"\u00bfPor qu\u00e9 se producen p\u00e9rdidas de memoria al consumir alcohol? - Forum Salud Mental Asturias\" \/>\n<meta property=\"og:description\" content=\"\u00bfTe ha pasado alguna vez que, despu\u00e9s de una noche de fiesta, no recuerdas c\u00f3mo llegaste a casa, qu\u00e9 hiciste o qu\u00e9 dijiste? Esto no es solo \u201cuna mala borrachera\u201d, se trata de un fen\u00f3meno conocido como apag\u00f3n cerebral o laguna mental inducida por alcohol. Lejos de ser algo anecd\u00f3tico, es un s\u00edntoma de intoxicaci\u00f3n [&hellip;]\" \/>\n<meta property=\"og:url\" content=\"https:\/\/forummontau.com\/asturias\/se-producen-perdidas-memoria-al-consumir-alcohol\/\" \/>\n<meta property=\"og:site_name\" content=\"Forum Salud Mental Asturias\" \/>\n<meta property=\"article:published_time\" content=\"2025-09-17T08:17:00+00:00\" \/>\n<meta property=\"article:modified_time\" content=\"2025-09-17T15:00:06+00:00\" \/>\n<meta property=\"og:image\" content=\"https:\/\/forummontau.com\/asturias\/wp-content\/uploads\/sites\/7\/2017\/09\/lagunas-por-consumo-de-alcohol.webp\" \/>\n\t<meta property=\"og:image:width\" content=\"1000\" \/>\n\t<meta property=\"og:image:height\" content=\"667\" \/>\n\t<meta property=\"og:image:type\" content=\"image\/webp\" \/>\n<meta name=\"author\" content=\"Forum Salud Mental Asturias\" \/>\n<meta name=\"twitter:card\" content=\"summary_large_image\" \/>\n<meta name=\"twitter:label1\" content=\"Escrito por\" \/>\n\t<meta name=\"twitter:data1\" content=\"Forum Salud Mental Asturias\" \/>\n\t<meta name=\"twitter:label2\" content=\"Tiempo de lectura\" \/>\n\t<meta name=\"twitter:data2\" content=\"3 minutos\" \/>\n<script type=\"application\/ld+json\" class=\"yoast-schema-graph\">{\"@context\":\"https:\\\/\\\/schema.org\",\"@graph\":[{\"@type\":\"Article\",\"@id\":\"https:\\\/\\\/forummontau.com\\\/asturias\\\/se-producen-perdidas-memoria-al-consumir-alcohol\\\/#article\",\"isPartOf\":{\"@id\":\"https:\\\/\\\/forummontau.com\\\/asturias\\\/se-producen-perdidas-memoria-al-consumir-alcohol\\\/\"},\"author\":{\"name\":\"Forum Salud Mental Asturias\",\"@id\":\"https:\\\/\\\/forummontau.com\\\/asturias\\\/#\\\/schema\\\/person\\\/4c3c9ec862e1fa8c32dbc0042dd4886d\"},\"headline\":\"\u00bfPor qu\u00e9 se producen p\u00e9rdidas de memoria al consumir alcohol?\",\"datePublished\":\"2025-09-17T08:17:00+00:00\",\"dateModified\":\"2025-09-17T15:00:06+00:00\",\"mainEntityOfPage\":{\"@id\":\"https:\\\/\\\/forummontau.com\\\/asturias\\\/se-producen-perdidas-memoria-al-consumir-alcohol\\\/\"},\"wordCount\":574,\"publisher\":{\"@id\":\"https:\\\/\\\/forummontau.com\\\/asturias\\\/#organization\"},\"image\":{\"@id\":\"https:\\\/\\\/forummontau.com\\\/asturias\\\/se-producen-perdidas-memoria-al-consumir-alcohol\\\/#primaryimage\"},\"thumbnailUrl\":\"https:\\\/\\\/forummontau.com\\\/asturias\\\/wp-content\\\/uploads\\\/sites\\\/7\\\/2017\\\/09\\\/lagunas-por-consumo-de-alcohol.webp\",\"articleSection\":[\"alcohol\",\"Prevenci\u00f3n\",\"Tratamientos\"],\"inLanguage\":\"es\"},{\"@type\":\"WebPage\",\"@id\":\"https:\\\/\\\/forummontau.com\\\/asturias\\\/se-producen-perdidas-memoria-al-consumir-alcohol\\\/\",\"url\":\"https:\\\/\\\/forummontau.com\\\/asturias\\\/se-producen-perdidas-memoria-al-consumir-alcohol\\\/\",\"name\":\"\u00bfPor qu\u00e9 se producen p\u00e9rdidas de memoria al consumir alcohol? - Forum Salud Mental Asturias\",\"isPartOf\":{\"@id\":\"https:\\\/\\\/forummontau.com\\\/asturias\\\/#website\"},\"primaryImageOfPage\":{\"@id\":\"https:\\\/\\\/forummontau.com\\\/asturias\\\/se-producen-perdidas-memoria-al-consumir-alcohol\\\/#primaryimage\"},\"image\":{\"@id\":\"https:\\\/\\\/forummontau.com\\\/asturias\\\/se-producen-perdidas-memoria-al-consumir-alcohol\\\/#primaryimage\"},\"thumbnailUrl\":\"https:\\\/\\\/forummontau.com\\\/asturias\\\/wp-content\\\/uploads\\\/sites\\\/7\\\/2017\\\/09\\\/lagunas-por-consumo-de-alcohol.webp\",\"datePublished\":\"2025-09-17T08:17:00+00:00\",\"dateModified\":\"2025-09-17T15:00:06+00:00\",\"breadcrumb\":{\"@id\":\"https:\\\/\\\/forummontau.com\\\/asturias\\\/se-producen-perdidas-memoria-al-consumir-alcohol\\\/#breadcrumb\"},\"inLanguage\":\"es\",\"potentialAction\":[{\"@type\":\"ReadAction\",\"target\":[\"https:\\\/\\\/forummontau.com\\\/asturias\\\/se-producen-perdidas-memoria-al-consumir-alcohol\\\/\"]}]},{\"@type\":\"ImageObject\",\"inLanguage\":\"es\",\"@id\":\"https:\\\/\\\/forummontau.com\\\/asturias\\\/se-producen-perdidas-memoria-al-consumir-alcohol\\\/#primaryimage\",\"url\":\"https:\\\/\\\/forummontau.com\\\/asturias\\\/wp-content\\\/uploads\\\/sites\\\/7\\\/2017\\\/09\\\/lagunas-por-consumo-de-alcohol.webp\",\"contentUrl\":\"https:\\\/\\\/forummontau.com\\\/asturias\\\/wp-content\\\/uploads\\\/sites\\\/7\\\/2017\\\/09\\\/lagunas-por-consumo-de-alcohol.webp\",\"width\":1000,\"height\":667,\"caption\":\"lagunas por consumo de alcohol\"},{\"@type\":\"BreadcrumbList\",\"@id\":\"https:\\\/\\\/forummontau.com\\\/asturias\\\/se-producen-perdidas-memoria-al-consumir-alcohol\\\/#breadcrumb\",\"itemListElement\":[{\"@type\":\"ListItem\",\"position\":1,\"name\":\"Portada\",\"item\":\"https:\\\/\\\/forummontau.com\\\/asturias\\\/\"},{\"@type\":\"ListItem\",\"position\":2,\"name\":\"\u00bfPor qu\u00e9 se producen p\u00e9rdidas de memoria al consumir alcohol?\"}]},{\"@type\":\"WebSite\",\"@id\":\"https:\\\/\\\/forummontau.com\\\/asturias\\\/#website\",\"url\":\"https:\\\/\\\/forummontau.com\\\/asturias\\\/\",\"name\":\"Forum Salud Mental Asturias\",\"description\":\"Centro Desintoxicaci\u00f3n y Adicciones en Asturias. Centros en Gij\u00f3n y en Oviedo.\",\"publisher\":{\"@id\":\"https:\\\/\\\/forummontau.com\\\/asturias\\\/#organization\"},\"potentialAction\":[{\"@type\":\"SearchAction\",\"target\":{\"@type\":\"EntryPoint\",\"urlTemplate\":\"https:\\\/\\\/forummontau.com\\\/asturias\\\/?s={search_term_string}\"},\"query-input\":{\"@type\":\"PropertyValueSpecification\",\"valueRequired\":true,\"valueName\":\"search_term_string\"}}],\"inLanguage\":\"es\"},{\"@type\":\"Organization\",\"@id\":\"https:\\\/\\\/forummontau.com\\\/asturias\\\/#organization\",\"name\":\"Forum Salud Mental Asturias\",\"url\":\"https:\\\/\\\/forummontau.com\\\/asturias\\\/\",\"logo\":{\"@type\":\"ImageObject\",\"inLanguage\":\"es\",\"@id\":\"https:\\\/\\\/forummontau.com\\\/asturias\\\/#\\\/schema\\\/logo\\\/image\\\/\",\"url\":\"https:\\\/\\\/forummontau.com\\\/asturias\\\/wp-content\\\/uploads\\\/sites\\\/7\\\/2020\\\/02\\\/asturias-1.png\",\"contentUrl\":\"https:\\\/\\\/forummontau.com\\\/asturias\\\/wp-content\\\/uploads\\\/sites\\\/7\\\/2020\\\/02\\\/asturias-1.png\",\"width\":214,\"height\":119,\"caption\":\"Forum Salud Mental Asturias\"},\"image\":{\"@id\":\"https:\\\/\\\/forummontau.com\\\/asturias\\\/#\\\/schema\\\/logo\\\/image\\\/\"}},{\"@type\":\"Person\",\"@id\":\"https:\\\/\\\/forummontau.com\\\/asturias\\\/#\\\/schema\\\/person\\\/4c3c9ec862e1fa8c32dbc0042dd4886d\",\"name\":\"Forum Salud Mental Asturias\",\"image\":{\"@type\":\"ImageObject\",\"inLanguage\":\"es\",\"@id\":\"https:\\\/\\\/secure.gravatar.com\\\/avatar\\\/?s=96&d=mm&r=g\",\"url\":\"https:\\\/\\\/secure.gravatar.com\\\/avatar\\\/?s=96&d=mm&r=g\",\"contentUrl\":\"https:\\\/\\\/secure.gravatar.com\\\/avatar\\\/?s=96&d=mm&r=g\",\"caption\":\"Forum Salud Mental Asturias\"}}]}<\/script>\n<!-- \/ Yoast SEO plugin. -->","yoast_head_json":{"title":"\u00bfPor qu\u00e9 se producen p\u00e9rdidas de memoria al consumir alcohol? - Forum Salud Mental Asturias","robots":{"index":"index","follow":"follow","max-snippet":"max-snippet:-1","max-image-preview":"max-image-preview:large","max-video-preview":"max-video-preview:-1"},"canonical":"https:\/\/forummontau.com\/asturias\/se-producen-perdidas-memoria-al-consumir-alcohol\/","og_locale":"es_ES","og_type":"article","og_title":"\u00bfPor qu\u00e9 se producen p\u00e9rdidas de memoria al consumir alcohol? - Forum Salud Mental Asturias","og_description":"\u00bfTe ha pasado alguna vez que, despu\u00e9s de una noche de fiesta, no recuerdas c\u00f3mo llegaste a casa, qu\u00e9 hiciste o qu\u00e9 dijiste? Esto no es solo \u201cuna mala borrachera\u201d, se trata de un fen\u00f3meno conocido como apag\u00f3n cerebral o laguna mental inducida por alcohol. Lejos de ser algo anecd\u00f3tico, es un s\u00edntoma de intoxicaci\u00f3n [&hellip;]","og_url":"https:\/\/forummontau.com\/asturias\/se-producen-perdidas-memoria-al-consumir-alcohol\/","og_site_name":"Forum Salud Mental Asturias","article_published_time":"2025-09-17T08:17:00+00:00","article_modified_time":"2025-09-17T15:00:06+00:00","og_image":[{"width":1000,"height":667,"url":"https:\/\/forummontau.com\/asturias\/wp-content\/uploads\/sites\/7\/2017\/09\/lagunas-por-consumo-de-alcohol.webp","type":"image\/webp"}],"author":"Forum Salud Mental Asturias","twitter_card":"summary_large_image","twitter_misc":{"Escrito por":"Forum Salud Mental Asturias","Tiempo de lectura":"3 minutos"},"schema":{"@context":"https:\/\/schema.org","@graph":[{"@type":"Article","@id":"https:\/\/forummontau.com\/asturias\/se-producen-perdidas-memoria-al-consumir-alcohol\/#article","isPartOf":{"@id":"https:\/\/forummontau.com\/asturias\/se-producen-perdidas-memoria-al-consumir-alcohol\/"},"author":{"name":"Forum Salud Mental Asturias","@id":"https:\/\/forummontau.com\/asturias\/#\/schema\/person\/4c3c9ec862e1fa8c32dbc0042dd4886d"},"headline":"\u00bfPor qu\u00e9 se producen p\u00e9rdidas de memoria al consumir alcohol?","datePublished":"2025-09-17T08:17:00+00:00","dateModified":"2025-09-17T15:00:06+00:00","mainEntityOfPage":{"@id":"https:\/\/forummontau.com\/asturias\/se-producen-perdidas-memoria-al-consumir-alcohol\/"},"wordCount":574,"publisher":{"@id":"https:\/\/forummontau.com\/asturias\/#organization"},"image":{"@id":"https:\/\/forummontau.com\/asturias\/se-producen-perdidas-memoria-al-consumir-alcohol\/#primaryimage"},"thumbnailUrl":"https:\/\/forummontau.com\/asturias\/wp-content\/uploads\/sites\/7\/2017\/09\/lagunas-por-consumo-de-alcohol.webp","articleSection":["alcohol","Prevenci\u00f3n","Tratamientos"],"inLanguage":"es"},{"@type":"WebPage","@id":"https:\/\/forummontau.com\/asturias\/se-producen-perdidas-memoria-al-consumir-alcohol\/","url":"https:\/\/forummontau.com\/asturias\/se-producen-perdidas-memoria-al-consumir-alcohol\/","name":"\u00bfPor qu\u00e9 se producen p\u00e9rdidas de memoria al consumir alcohol? - Forum Salud Mental Asturias","isPartOf":{"@id":"https:\/\/forummontau.com\/asturias\/#website"},"primaryImageOfPage":{"@id":"https:\/\/forummontau.com\/asturias\/se-producen-perdidas-memoria-al-consumir-alcohol\/#primaryimage"},"image":{"@id":"https:\/\/forummontau.com\/asturias\/se-producen-perdidas-memoria-al-consumir-alcohol\/#primaryimage"},"thumbnailUrl":"https:\/\/forummontau.com\/asturias\/wp-content\/uploads\/sites\/7\/2017\/09\/lagunas-por-consumo-de-alcohol.webp","datePublished":"2025-09-17T08:17:00+00:00","dateModified":"2025-09-17T15:00:06+00:00","breadcrumb":{"@id":"https:\/\/forummontau.com\/asturias\/se-producen-perdidas-memoria-al-consumir-alcohol\/#breadcrumb"},"inLanguage":"es","potentialAction":[{"@type":"ReadAction","target":["https:\/\/forummontau.com\/asturias\/se-producen-perdidas-memoria-al-consumir-alcohol\/"]}]},{"@type":"ImageObject","inLanguage":"es","@id":"https:\/\/forummontau.com\/asturias\/se-producen-perdidas-memoria-al-consumir-alcohol\/#primaryimage","url":"https:\/\/forummontau.com\/asturias\/wp-content\/uploads\/sites\/7\/2017\/09\/lagunas-por-consumo-de-alcohol.webp","contentUrl":"https:\/\/forummontau.com\/asturias\/wp-content\/uploads\/sites\/7\/2017\/09\/lagunas-por-consumo-de-alcohol.webp","width":1000,"height":667,"caption":"lagunas por consumo de alcohol"},{"@type":"BreadcrumbList","@id":"https:\/\/forummontau.com\/asturias\/se-producen-perdidas-memoria-al-consumir-alcohol\/#breadcrumb","itemListElement":[{"@type":"ListItem","position":1,"name":"Portada","item":"https:\/\/forummontau.com\/asturias\/"},{"@type":"ListItem","position":2,"name":"\u00bfPor qu\u00e9 se producen p\u00e9rdidas de memoria al consumir alcohol?"}]},{"@type":"WebSite","@id":"https:\/\/forummontau.com\/asturias\/#website","url":"https:\/\/forummontau.com\/asturias\/","name":"Forum Salud Mental Asturias","description":"Centro Desintoxicaci\u00f3n y Adicciones en Asturias. Centros en Gij\u00f3n y en Oviedo.","publisher":{"@id":"https:\/\/forummontau.com\/asturias\/#organization"},"potentialAction":[{"@type":"SearchAction","target":{"@type":"EntryPoint","urlTemplate":"https:\/\/forummontau.com\/asturias\/?s={search_term_string}"},"query-input":{"@type":"PropertyValueSpecification","valueRequired":true,"valueName":"search_term_string"}}],"inLanguage":"es"},{"@type":"Organization","@id":"https:\/\/forummontau.com\/asturias\/#organization","name":"Forum Salud Mental Asturias","url":"https:\/\/forummontau.com\/asturias\/","logo":{"@type":"ImageObject","inLanguage":"es","@id":"https:\/\/forummontau.com\/asturias\/#\/schema\/logo\/image\/","url":"https:\/\/forummontau.com\/asturias\/wp-content\/uploads\/sites\/7\/2020\/02\/asturias-1.png","contentUrl":"https:\/\/forummontau.com\/asturias\/wp-content\/uploads\/sites\/7\/2020\/02\/asturias-1.png","width":214,"height":119,"caption":"Forum Salud Mental Asturias"},"image":{"@id":"https:\/\/forummontau.com\/asturias\/#\/schema\/logo\/image\/"}},{"@type":"Person","@id":"https:\/\/forummontau.com\/asturias\/#\/schema\/person\/4c3c9ec862e1fa8c32dbc0042dd4886d","name":"Forum Salud Mental Asturias","image":{"@type":"ImageObject","inLanguage":"es","@id":"https:\/\/secure.gravatar.com\/avatar\/?s=96&d=mm&r=g","url":"https:\/\/secure.gravatar.com\/avatar\/?s=96&d=mm&r=g","contentUrl":"https:\/\/secure.gravatar.com\/avatar\/?s=96&d=mm&r=g","caption":"Forum Salud Mental Asturias"}}]}},"_links":{"self":[{"href":"https:\/\/forummontau.com\/asturias\/wp-json\/wp\/v2\/posts\/974","targetHints":{"allow":["GET"]}}],"collection":[{"href":"https:\/\/forummontau.com\/asturias\/wp-json\/wp\/v2\/posts"}],"about":[{"href":"https:\/\/forummontau.com\/asturias\/wp-json\/wp\/v2\/types\/post"}],"author":[{"embeddable":true,"href":"https:\/\/forummontau.com\/asturias\/wp-json\/wp\/v2\/users\/7"}],"replies":[{"embeddable":true,"href":"https:\/\/forummontau.com\/asturias\/wp-json\/wp\/v2\/comments?post=974"}],"version-history":[{"count":1,"href":"https:\/\/forummontau.com\/asturias\/wp-json\/wp\/v2\/posts\/974\/revisions"}],"predecessor-version":[{"id":3218,"href":"https:\/\/forummontau.com\/asturias\/wp-json\/wp\/v2\/posts\/974\/revisions\/3218"}],"wp:featuredmedia":[{"embeddable":true,"href":"https:\/\/forummontau.com\/asturias\/wp-json\/wp\/v2\/media\/3217"}],"wp:attachment":[{"href":"https:\/\/forummontau.com\/asturias\/wp-json\/wp\/v2\/media?parent=974"}],"wp:term":[{"taxonomy":"category","embeddable":true,"href":"https:\/\/forummontau.com\/asturias\/wp-json\/wp\/v2\/categories?post=974"},{"taxonomy":"post_tag","embeddable":true,"href":"https:\/\/forummontau.com\/asturias\/wp-json\/wp\/v2\/tags?post=974"}],"curies":[{"name":"wp","href":"https:\/\/api.w.org\/{rel}","templated":true}]}}