{"id":1002,"date":"2018-04-04T10:45:48","date_gmt":"2018-04-04T10:45:48","guid":{"rendered":"https:\/\/forumgirona.cat\/?p=1002"},"modified":"2019-02-11T14:31:49","modified_gmt":"2019-02-11T14:31:49","slug":"coaddicio-laltra-cara-de-laddiccio","status":"publish","type":"post","link":"https:\/\/forummontau.com\/girona\/coaddicio-laltra-cara-de-laddiccio\/","title":{"rendered":"Coaddici\u00f3; l&#8217;altra cara de l&#8217;addicci\u00f3"},"content":{"rendered":"<p>ltia de l\u2019addicci\u00f3 (alcoholisme i drogoaddicci\u00f3).<\/p>\n<p>La coadicci\u00f3 es comen\u00e7a a desenvolupar amb els primers indicis de consum del malalt addicte. Inicialment el coaddicte est\u00e0 en una etapa de negaci\u00f3 del consum, quan l\u2019individu presenta els primers contactes amb drogues, el familiar rebutja el que observa i ho minimitza.<\/p>\n<p>Despr\u00e9s v\u00e9nen els sofriments. Es produeix una relaci\u00f3 de codepend\u00e8ncia psicol\u00f2gica, en la qual el familiar parla, persegueix, indaga, crida, fa jurar a l\u2019addicte, el compromet a que deixi de consumir drogues i \/ o alcohol, sense resultats positius.<\/p>\n<p>Es crea una relaci\u00f3 de desconfian\u00e7a i conflicte per assumir el control de la vida de l\u2019individu que consumeix, ja que aquest perd la capacitat del maneig de les emocions i les responsabilitats de la vida.<\/p>\n<p>Aquesta patologia es presenta amb major incid\u00e8ncia de\u00a0<strong>pares a fills<\/strong>\u00a0i viceversa, seguit per\u00a0<strong>parelles<\/strong>; de tal manera que els pares ho interpreten com desamor i assumeixen el maneig de la vida dels seus fills, la qual cosa estimula el sobrecontrol de temps i espais per\u00f2 sense resultats positius, creant m\u00e9s depend\u00e8ncia cap al addicte i la seva vida. En aquesta patologia solen presentar-se seguiments i persecucions per tenir el control dels addictes.<\/p>\n<p>El familiar passa llargues hores de patiment i desvetllament esperant que alguna cosa del que faci aconsegueixi aturar el consum; per\u00f2, en no succeir, es crea m\u00e9s depend\u00e8ncia psicol\u00f2gica amb l\u2019addicte.<\/p>\n<h3>SOLUCI\u00d3: BUSCAR AJUDA PROFESSIONAL<\/h3>\n<p>\u00c9s important destacar que la millor forma d\u2019ajudar a un individu que consumeix drogues o alcohol \u00e9s buscant ajuda professional per a les dues parts (fam\u00edlia i addicte).<\/p>\n<p>Igual que l\u2019addicci\u00f3, la coadicci\u00f3n tamb\u00e9 es tracta en ter\u00e0pia de grup.<\/p>\n<p>Truca\u2019ns podem ajudar-te.<\/p>\n","protected":false},"excerpt":{"rendered":"<p>ltia de l\u2019addicci\u00f3 (alcoholisme i drogoaddicci\u00f3). La coadicci\u00f3 es comen\u00e7a a desenvolupar amb els primers indicis de consum del malalt addicte. Inicialment el coaddicte est\u00e0 en una etapa de negaci\u00f3 del consum, quan l\u2019individu presenta els primers contactes amb drogues, el familiar rebutja el que observa i ho minimitza. Despr\u00e9s v\u00e9nen els sofriments. Es produeix [&hellip;]<\/p>\n","protected":false},"author":2,"featured_media":1000,"comment_status":"closed","ping_status":"open","sticky":false,"template":"","format":"standard","meta":{"ocean_post_layout":"","ocean_both_sidebars_style":"","ocean_both_sidebars_content_width":0,"ocean_both_sidebars_sidebars_width":0,"ocean_sidebar":"0","ocean_second_sidebar":"0","ocean_disable_margins":"enable","ocean_add_body_class":"","ocean_shortcode_before_top_bar":"","ocean_shortcode_after_top_bar":"","ocean_shortcode_before_header":"","ocean_shortcode_after_header":"","ocean_has_shortcode":"","ocean_shortcode_after_title":"","ocean_shortcode_before_footer_widgets":"","ocean_shortcode_after_footer_widgets":"","ocean_shortcode_before_footer_bottom":"","ocean_shortcode_after_footer_bottom":"","ocean_display_top_bar":"default","ocean_display_header":"default","ocean_header_style":"","ocean_center_header_left_menu":"0","ocean_custom_header_template":"0","ocean_custom_logo":0,"ocean_custom_retina_logo":0,"ocean_custom_logo_max_width":0,"ocean_custom_logo_tablet_max_width":0,"ocean_custom_logo_mobile_max_width":0,"ocean_custom_logo_max_height":0,"ocean_custom_logo_tablet_max_height":0,"ocean_custom_logo_mobile_max_height":0,"ocean_header_custom_menu":"0","ocean_menu_typo_font_family":"","ocean_menu_typo_font_subset":"","ocean_menu_typo_font_size":0,"ocean_menu_typo_font_size_tablet":0,"ocean_menu_typo_font_size_mobile":0,"ocean_menu_typo_font_size_unit":"px","ocean_menu_typo_font_weight":"","ocean_menu_typo_font_weight_tablet":"","ocean_menu_typo_font_weight_mobile":"","ocean_menu_typo_transform":"","ocean_menu_typo_transform_tablet":"","ocean_menu_typo_transform_mobile":"","ocean_menu_typo_line_height":0,"ocean_menu_typo_line_height_tablet":0,"ocean_menu_typo_line_height_mobile":0,"ocean_menu_typo_line_height_unit":"","ocean_menu_typo_spacing":0,"ocean_menu_typo_spacing_tablet":0,"ocean_menu_typo_spacing_mobile":0,"ocean_menu_typo_spacing_unit":"","ocean_menu_link_color":"","ocean_menu_link_color_hover":"","ocean_menu_link_color_active":"","ocean_menu_link_background":"","ocean_menu_link_hover_background":"","ocean_menu_link_active_background":"","ocean_menu_social_links_bg":"","ocean_menu_social_hover_links_bg":"","ocean_menu_social_links_color":"","ocean_menu_social_hover_links_color":"","ocean_disable_title":"default","ocean_disable_heading":"default","ocean_post_title":"","ocean_post_subheading":"","ocean_post_title_style":"","ocean_post_title_background_color":"","ocean_post_title_background":0,"ocean_post_title_bg_image_position":"","ocean_post_title_bg_image_attachment":"","ocean_post_title_bg_image_repeat":"","ocean_post_title_bg_image_size":"","ocean_post_title_height":0,"ocean_post_title_bg_overlay":0.5,"ocean_post_title_bg_overlay_color":"","ocean_disable_breadcrumbs":"default","ocean_breadcrumbs_color":"","ocean_breadcrumbs_separator_color":"","ocean_breadcrumbs_links_color":"","ocean_breadcrumbs_links_hover_color":"","ocean_display_footer_widgets":"default","ocean_display_footer_bottom":"default","ocean_custom_footer_template":"","ocean_post_oembed":"","ocean_post_self_hosted_media":"","ocean_post_video_embed":"","ocean_link_format":"","ocean_link_format_target":"self","ocean_quote_format":"","ocean_quote_format_link":"post","ocean_gallery_link_images":"off","ocean_gallery_id":[],"footnotes":""},"categories":[49,61],"tags":[129],"class_list":["post-1002","post","type-post","status-publish","format-standard","has-post-thumbnail","hentry","category-addiccio","category-prevencio","tag-forum-girona-ca","entry","has-media"],"yoast_head":"<!-- This site is optimized with the Yoast SEO plugin v27.5 - https:\/\/yoast.com\/product\/yoast-seo-wordpress\/ -->\n<title>Coaddici\u00f3; l&#039;altra cara de l&#039;addicci\u00f3 - Forum Salud Mental Girona<\/title>\n<meta name=\"robots\" content=\"index, follow, max-snippet:-1, max-image-preview:large, max-video-preview:-1\" \/>\n<link rel=\"canonical\" href=\"https:\/\/forummontau.com\/girona\/coaddicio-laltra-cara-de-laddiccio\/\" \/>\n<meta property=\"og:locale\" content=\"es_ES\" \/>\n<meta property=\"og:type\" content=\"article\" \/>\n<meta property=\"og:title\" content=\"Coaddici\u00f3; l&#039;altra cara de l&#039;addicci\u00f3 - Forum Salud Mental Girona\" \/>\n<meta property=\"og:description\" content=\"ltia de l\u2019addicci\u00f3 (alcoholisme i drogoaddicci\u00f3). La coadicci\u00f3 es comen\u00e7a a desenvolupar amb els primers indicis de consum del malalt addicte. Inicialment el coaddicte est\u00e0 en una etapa de negaci\u00f3 del consum, quan l\u2019individu presenta els primers contactes amb drogues, el familiar rebutja el que observa i ho minimitza. Despr\u00e9s v\u00e9nen els sofriments. Es produeix [&hellip;]\" \/>\n<meta property=\"og:url\" content=\"https:\/\/forummontau.com\/girona\/coaddicio-laltra-cara-de-laddiccio\/\" \/>\n<meta property=\"og:site_name\" content=\"Forum Salud Mental Girona\" \/>\n<meta property=\"article:published_time\" content=\"2018-04-04T10:45:48+00:00\" \/>\n<meta property=\"article:modified_time\" content=\"2019-02-11T14:31:49+00:00\" \/>\n<meta property=\"og:image\" content=\"https:\/\/forummontau.com\/girona\/wp-content\/uploads\/sites\/6\/2018\/04\/codependicia.jpg\" \/>\n\t<meta property=\"og:image:width\" content=\"624\" \/>\n\t<meta property=\"og:image:height\" content=\"414\" \/>\n\t<meta property=\"og:image:type\" content=\"image\/jpeg\" \/>\n<meta name=\"author\" content=\"Forum Salud Mental Madrid\" \/>\n<meta name=\"twitter:card\" content=\"summary_large_image\" \/>\n<meta name=\"twitter:label1\" content=\"Escrito por\" \/>\n\t<meta name=\"twitter:data1\" content=\"Forum Salud Mental Madrid\" \/>\n\t<meta name=\"twitter:label2\" content=\"Tiempo de lectura\" \/>\n\t<meta name=\"twitter:data2\" content=\"1 minuto\" \/>\n<script type=\"application\/ld+json\" class=\"yoast-schema-graph\">{\"@context\":\"https:\\\/\\\/schema.org\",\"@graph\":[{\"@type\":\"Article\",\"@id\":\"https:\\\/\\\/forummontau.com\\\/girona\\\/coaddicio-laltra-cara-de-laddiccio\\\/#article\",\"isPartOf\":{\"@id\":\"https:\\\/\\\/forummontau.com\\\/girona\\\/coaddicio-laltra-cara-de-laddiccio\\\/\"},\"author\":{\"name\":\"Forum Salud Mental Madrid\",\"@id\":\"https:\\\/\\\/forummontau.com\\\/girona\\\/#\\\/schema\\\/person\\\/dd79fa1c0ba733edd439998f9d7f5e25\"},\"headline\":\"Coaddici\u00f3; l&#8217;altra cara de l&#8217;addicci\u00f3\",\"datePublished\":\"2018-04-04T10:45:48+00:00\",\"dateModified\":\"2019-02-11T14:31:49+00:00\",\"mainEntityOfPage\":{\"@id\":\"https:\\\/\\\/forummontau.com\\\/girona\\\/coaddicio-laltra-cara-de-laddiccio\\\/\"},\"wordCount\":305,\"publisher\":{\"@id\":\"https:\\\/\\\/forummontau.com\\\/girona\\\/#organization\"},\"image\":{\"@id\":\"https:\\\/\\\/forummontau.com\\\/girona\\\/coaddicio-laltra-cara-de-laddiccio\\\/#primaryimage\"},\"thumbnailUrl\":\"https:\\\/\\\/forummontau.com\\\/girona\\\/wp-content\\\/uploads\\\/sites\\\/6\\\/2018\\\/04\\\/codependicia.jpg\",\"keywords\":[\"Forum Girona\"],\"articleSection\":[\"Addicci\u00f3\",\"Prevenci\u00f3\"],\"inLanguage\":\"es\"},{\"@type\":\"WebPage\",\"@id\":\"https:\\\/\\\/forummontau.com\\\/girona\\\/coaddicio-laltra-cara-de-laddiccio\\\/\",\"url\":\"https:\\\/\\\/forummontau.com\\\/girona\\\/coaddicio-laltra-cara-de-laddiccio\\\/\",\"name\":\"Coaddici\u00f3; l'altra cara de l'addicci\u00f3 - Forum Salud Mental Girona\",\"isPartOf\":{\"@id\":\"https:\\\/\\\/forummontau.com\\\/girona\\\/#website\"},\"primaryImageOfPage\":{\"@id\":\"https:\\\/\\\/forummontau.com\\\/girona\\\/coaddicio-laltra-cara-de-laddiccio\\\/#primaryimage\"},\"image\":{\"@id\":\"https:\\\/\\\/forummontau.com\\\/girona\\\/coaddicio-laltra-cara-de-laddiccio\\\/#primaryimage\"},\"thumbnailUrl\":\"https:\\\/\\\/forummontau.com\\\/girona\\\/wp-content\\\/uploads\\\/sites\\\/6\\\/2018\\\/04\\\/codependicia.jpg\",\"datePublished\":\"2018-04-04T10:45:48+00:00\",\"dateModified\":\"2019-02-11T14:31:49+00:00\",\"breadcrumb\":{\"@id\":\"https:\\\/\\\/forummontau.com\\\/girona\\\/coaddicio-laltra-cara-de-laddiccio\\\/#breadcrumb\"},\"inLanguage\":\"es\",\"potentialAction\":[{\"@type\":\"ReadAction\",\"target\":[\"https:\\\/\\\/forummontau.com\\\/girona\\\/coaddicio-laltra-cara-de-laddiccio\\\/\"]}]},{\"@type\":\"ImageObject\",\"inLanguage\":\"es\",\"@id\":\"https:\\\/\\\/forummontau.com\\\/girona\\\/coaddicio-laltra-cara-de-laddiccio\\\/#primaryimage\",\"url\":\"https:\\\/\\\/forummontau.com\\\/girona\\\/wp-content\\\/uploads\\\/sites\\\/6\\\/2018\\\/04\\\/codependicia.jpg\",\"contentUrl\":\"https:\\\/\\\/forummontau.com\\\/girona\\\/wp-content\\\/uploads\\\/sites\\\/6\\\/2018\\\/04\\\/codependicia.jpg\",\"width\":\"624\",\"height\":\"414\"},{\"@type\":\"BreadcrumbList\",\"@id\":\"https:\\\/\\\/forummontau.com\\\/girona\\\/coaddicio-laltra-cara-de-laddiccio\\\/#breadcrumb\",\"itemListElement\":[{\"@type\":\"ListItem\",\"position\":1,\"name\":\"Portada\",\"item\":\"https:\\\/\\\/forummontau.com\\\/girona\\\/centre-desintoxicacio-i-addiccions-girona\\\/\"},{\"@type\":\"ListItem\",\"position\":2,\"name\":\"Coaddici\u00f3; l&#8217;altra cara de l&#8217;addicci\u00f3\"}]},{\"@type\":\"WebSite\",\"@id\":\"https:\\\/\\\/forummontau.com\\\/girona\\\/#website\",\"url\":\"https:\\\/\\\/forummontau.com\\\/girona\\\/\",\"name\":\"Forum Salud Mental Girona\",\"description\":\"Centro de Desintoxicaci\u00f3n y Adicciones en Girona\",\"publisher\":{\"@id\":\"https:\\\/\\\/forummontau.com\\\/girona\\\/#organization\"},\"potentialAction\":[{\"@type\":\"SearchAction\",\"target\":{\"@type\":\"EntryPoint\",\"urlTemplate\":\"https:\\\/\\\/forummontau.com\\\/girona\\\/?s={search_term_string}\"},\"query-input\":{\"@type\":\"PropertyValueSpecification\",\"valueRequired\":true,\"valueName\":\"search_term_string\"}}],\"inLanguage\":\"es\"},{\"@type\":\"Organization\",\"@id\":\"https:\\\/\\\/forummontau.com\\\/girona\\\/#organization\",\"name\":\"Forum Salud Mental Girona\",\"url\":\"https:\\\/\\\/forummontau.com\\\/girona\\\/\",\"logo\":{\"@type\":\"ImageObject\",\"inLanguage\":\"es\",\"@id\":\"https:\\\/\\\/forummontau.com\\\/girona\\\/#\\\/schema\\\/logo\\\/image\\\/\",\"url\":\"https:\\\/\\\/forummontau.com\\\/girona\\\/wp-content\\\/uploads\\\/sites\\\/6\\\/2020\\\/02\\\/girona_forum.png\",\"contentUrl\":\"https:\\\/\\\/forummontau.com\\\/girona\\\/wp-content\\\/uploads\\\/sites\\\/6\\\/2020\\\/02\\\/girona_forum.png\",\"width\":215,\"height\":119,\"caption\":\"Forum Salud Mental Girona\"},\"image\":{\"@id\":\"https:\\\/\\\/forummontau.com\\\/girona\\\/#\\\/schema\\\/logo\\\/image\\\/\"}},{\"@type\":\"Person\",\"@id\":\"https:\\\/\\\/forummontau.com\\\/girona\\\/#\\\/schema\\\/person\\\/dd79fa1c0ba733edd439998f9d7f5e25\",\"name\":\"Forum Salud Mental Madrid\"}]}<\/script>\n<!-- \/ Yoast SEO plugin. -->","yoast_head_json":{"title":"Coaddici\u00f3; l'altra cara de l'addicci\u00f3 - Forum Salud Mental Girona","robots":{"index":"index","follow":"follow","max-snippet":"max-snippet:-1","max-image-preview":"max-image-preview:large","max-video-preview":"max-video-preview:-1"},"canonical":"https:\/\/forummontau.com\/girona\/coaddicio-laltra-cara-de-laddiccio\/","og_locale":"es_ES","og_type":"article","og_title":"Coaddici\u00f3; l'altra cara de l'addicci\u00f3 - Forum Salud Mental Girona","og_description":"ltia de l\u2019addicci\u00f3 (alcoholisme i drogoaddicci\u00f3). La coadicci\u00f3 es comen\u00e7a a desenvolupar amb els primers indicis de consum del malalt addicte. Inicialment el coaddicte est\u00e0 en una etapa de negaci\u00f3 del consum, quan l\u2019individu presenta els primers contactes amb drogues, el familiar rebutja el que observa i ho minimitza. Despr\u00e9s v\u00e9nen els sofriments. Es produeix [&hellip;]","og_url":"https:\/\/forummontau.com\/girona\/coaddicio-laltra-cara-de-laddiccio\/","og_site_name":"Forum Salud Mental Girona","article_published_time":"2018-04-04T10:45:48+00:00","article_modified_time":"2019-02-11T14:31:49+00:00","og_image":[{"width":624,"height":414,"url":"https:\/\/forummontau.com\/girona\/wp-content\/uploads\/sites\/6\/2018\/04\/codependicia.jpg","type":"image\/jpeg"}],"author":"Forum Salud Mental Madrid","twitter_card":"summary_large_image","twitter_misc":{"Escrito por":"Forum Salud Mental Madrid","Tiempo de lectura":"1 minuto"},"schema":{"@context":"https:\/\/schema.org","@graph":[{"@type":"Article","@id":"https:\/\/forummontau.com\/girona\/coaddicio-laltra-cara-de-laddiccio\/#article","isPartOf":{"@id":"https:\/\/forummontau.com\/girona\/coaddicio-laltra-cara-de-laddiccio\/"},"author":{"name":"Forum Salud Mental Madrid","@id":"https:\/\/forummontau.com\/girona\/#\/schema\/person\/dd79fa1c0ba733edd439998f9d7f5e25"},"headline":"Coaddici\u00f3; l&#8217;altra cara de l&#8217;addicci\u00f3","datePublished":"2018-04-04T10:45:48+00:00","dateModified":"2019-02-11T14:31:49+00:00","mainEntityOfPage":{"@id":"https:\/\/forummontau.com\/girona\/coaddicio-laltra-cara-de-laddiccio\/"},"wordCount":305,"publisher":{"@id":"https:\/\/forummontau.com\/girona\/#organization"},"image":{"@id":"https:\/\/forummontau.com\/girona\/coaddicio-laltra-cara-de-laddiccio\/#primaryimage"},"thumbnailUrl":"https:\/\/forummontau.com\/girona\/wp-content\/uploads\/sites\/6\/2018\/04\/codependicia.jpg","keywords":["Forum Girona"],"articleSection":["Addicci\u00f3","Prevenci\u00f3"],"inLanguage":"es"},{"@type":"WebPage","@id":"https:\/\/forummontau.com\/girona\/coaddicio-laltra-cara-de-laddiccio\/","url":"https:\/\/forummontau.com\/girona\/coaddicio-laltra-cara-de-laddiccio\/","name":"Coaddici\u00f3; l'altra cara de l'addicci\u00f3 - Forum Salud Mental Girona","isPartOf":{"@id":"https:\/\/forummontau.com\/girona\/#website"},"primaryImageOfPage":{"@id":"https:\/\/forummontau.com\/girona\/coaddicio-laltra-cara-de-laddiccio\/#primaryimage"},"image":{"@id":"https:\/\/forummontau.com\/girona\/coaddicio-laltra-cara-de-laddiccio\/#primaryimage"},"thumbnailUrl":"https:\/\/forummontau.com\/girona\/wp-content\/uploads\/sites\/6\/2018\/04\/codependicia.jpg","datePublished":"2018-04-04T10:45:48+00:00","dateModified":"2019-02-11T14:31:49+00:00","breadcrumb":{"@id":"https:\/\/forummontau.com\/girona\/coaddicio-laltra-cara-de-laddiccio\/#breadcrumb"},"inLanguage":"es","potentialAction":[{"@type":"ReadAction","target":["https:\/\/forummontau.com\/girona\/coaddicio-laltra-cara-de-laddiccio\/"]}]},{"@type":"ImageObject","inLanguage":"es","@id":"https:\/\/forummontau.com\/girona\/coaddicio-laltra-cara-de-laddiccio\/#primaryimage","url":"https:\/\/forummontau.com\/girona\/wp-content\/uploads\/sites\/6\/2018\/04\/codependicia.jpg","contentUrl":"https:\/\/forummontau.com\/girona\/wp-content\/uploads\/sites\/6\/2018\/04\/codependicia.jpg","width":"624","height":"414"},{"@type":"BreadcrumbList","@id":"https:\/\/forummontau.com\/girona\/coaddicio-laltra-cara-de-laddiccio\/#breadcrumb","itemListElement":[{"@type":"ListItem","position":1,"name":"Portada","item":"https:\/\/forummontau.com\/girona\/centre-desintoxicacio-i-addiccions-girona\/"},{"@type":"ListItem","position":2,"name":"Coaddici\u00f3; l&#8217;altra cara de l&#8217;addicci\u00f3"}]},{"@type":"WebSite","@id":"https:\/\/forummontau.com\/girona\/#website","url":"https:\/\/forummontau.com\/girona\/","name":"Forum Salud Mental Girona","description":"Centro de Desintoxicaci\u00f3n y Adicciones en Girona","publisher":{"@id":"https:\/\/forummontau.com\/girona\/#organization"},"potentialAction":[{"@type":"SearchAction","target":{"@type":"EntryPoint","urlTemplate":"https:\/\/forummontau.com\/girona\/?s={search_term_string}"},"query-input":{"@type":"PropertyValueSpecification","valueRequired":true,"valueName":"search_term_string"}}],"inLanguage":"es"},{"@type":"Organization","@id":"https:\/\/forummontau.com\/girona\/#organization","name":"Forum Salud Mental Girona","url":"https:\/\/forummontau.com\/girona\/","logo":{"@type":"ImageObject","inLanguage":"es","@id":"https:\/\/forummontau.com\/girona\/#\/schema\/logo\/image\/","url":"https:\/\/forummontau.com\/girona\/wp-content\/uploads\/sites\/6\/2020\/02\/girona_forum.png","contentUrl":"https:\/\/forummontau.com\/girona\/wp-content\/uploads\/sites\/6\/2020\/02\/girona_forum.png","width":215,"height":119,"caption":"Forum Salud Mental Girona"},"image":{"@id":"https:\/\/forummontau.com\/girona\/#\/schema\/logo\/image\/"}},{"@type":"Person","@id":"https:\/\/forummontau.com\/girona\/#\/schema\/person\/dd79fa1c0ba733edd439998f9d7f5e25","name":"Forum Salud Mental Madrid"}]}},"_links":{"self":[{"href":"https:\/\/forummontau.com\/girona\/wp-json\/wp\/v2\/posts\/1002","targetHints":{"allow":["GET"]}}],"collection":[{"href":"https:\/\/forummontau.com\/girona\/wp-json\/wp\/v2\/posts"}],"about":[{"href":"https:\/\/forummontau.com\/girona\/wp-json\/wp\/v2\/types\/post"}],"author":[{"embeddable":true,"href":"https:\/\/forummontau.com\/girona\/wp-json\/wp\/v2\/users\/2"}],"replies":[{"embeddable":true,"href":"https:\/\/forummontau.com\/girona\/wp-json\/wp\/v2\/comments?post=1002"}],"version-history":[{"count":0,"href":"https:\/\/forummontau.com\/girona\/wp-json\/wp\/v2\/posts\/1002\/revisions"}],"wp:featuredmedia":[{"embeddable":true,"href":"https:\/\/forummontau.com\/girona\/wp-json\/wp\/v2\/media\/1000"}],"wp:attachment":[{"href":"https:\/\/forummontau.com\/girona\/wp-json\/wp\/v2\/media?parent=1002"}],"wp:term":[{"taxonomy":"category","embeddable":true,"href":"https:\/\/forummontau.com\/girona\/wp-json\/wp\/v2\/categories?post=1002"},{"taxonomy":"post_tag","embeddable":true,"href":"https:\/\/forummontau.com\/girona\/wp-json\/wp\/v2\/tags?post=1002"}],"curies":[{"name":"wp","href":"https:\/\/api.w.org\/{rel}","templated":true}]}}