{"id":1391,"date":"2018-05-16T09:07:17","date_gmt":"2018-05-16T09:07:17","guid":{"rendered":"https:\/\/forumgirona.cat\/?p=1391"},"modified":"2019-06-26T08:03:35","modified_gmt":"2019-06-26T08:03:35","slug":"el-peligro-del-abuso-de-alcohol-durante-la-adolescente","status":"publish","type":"post","link":"https:\/\/forummontau.com\/girona\/el-peligro-del-abuso-de-alcohol-durante-la-adolescente\/","title":{"rendered":"Los efectos del abuso de alcohol en el cerebro del adolescente"},"content":{"rendered":"<p>Seg\u00fan un estudio de la Universidad de Finlandia Oriental y el Hospital de Kuopio el consumo continuado de alcohol durante la adolescencia<strong>\u00a0altera la excitabilidad cortical y la conectividad funcional del cerebro<\/strong>.<\/p>\n<p>Las alteraciones se observaron en adolescentes f\u00edsica y mentalmente sanos que, aunque beb\u00edan mucho,\u00a0no cumpl\u00edan con los criterios diagn\u00f3sticos para un trastorno por abuso de sustancias.<\/p>\n<p>La investigaci\u00f3n forma parte de un estudio de adolescentes y alcohol que analizaba los efectos del consumo abusivo en la actividad el\u00e9ctrica y la excitabilidad de la corteza,\u00a0realizado a partir de un seguimiento a 27 j\u00f3venes de 13 a 18 a\u00f1os que hab\u00edan sido bebedores intensos a lo largo de su adolescencia y otros 25 sujetos de edad, sexo y nivel\u00a0educativo similar que nunca hab\u00edan probado el alcohol, que fueron utilizados como grupo control.<\/p>\n<p>Cuando los participantes ten\u00edan entre 23 y 28 a\u00f1os, la actividad cerebral de los participantes se analiz\u00f3 mediante estimulaci\u00f3n magn\u00e9tica transcraneal y un\u00a0electroencefalograma realizados de forma simult\u00e1nea.<\/p>\n<p>En la primera prueba, los pulsos magn\u00e9ticos se dirigen a la cabeza para activar las c\u00e9lulas neuronales corticales, son seguros y no conllevan ning\u00fan dolor. El m\u00e9todo\u00a0permite analizar c\u00f3mo diferentes regiones de la corteza responden a la estimulaci\u00f3n el\u00e9ctrica y cu\u00e1les son las conectividades funcionales entre las diferentes regiones y tambi\u00e9n hace posible analizar la transmisi\u00f3n qu\u00edmica, es decir, la funci\u00f3n de mediador.<\/p>\n<p>Los efectos del consumo de alcohol a largo plazo no se hab\u00edan estudiado en \u00a0adolescentes de esta manera, y <strong>los resultados revelaron que la respuesta cortical a la\u00a0prueba fue m\u00e1s fuerte entre los consumidores de alcohol<\/strong> demostrando mayor actividad el\u00e9ctrica general en la corteza y mayor actividad asociada con el \u00e1cido gamma-aminobut\u00edrico (GABA).<\/p>\n<h3>Estudios previos<\/h3>\n<p>Investigaciones previas han demostrado que, a largo plazo, el consumo de alcohol altera la funci\u00f3n del sistema de neurotransmisi\u00f3n GABA, encargado de inhibir el cerebro y la\u00a0funci\u00f3n del sistema nervioso central y conocido por desempe\u00f1ar un papel clave en la ansiedad, la depresi\u00f3n y otros trastornos neurol\u00f3gicos.<\/p>\n<p>En concreto, el estudio encontr\u00f3 que <strong>el consumo del alcohol caus\u00f3 alteraciones significativas en la neurotransmisi\u00f3n el\u00e9ctrica y qu\u00edmica<\/strong> entre los participantes del\u00a0estudio, aunque ninguno de ellos cumpli\u00f3 los criterios diagn\u00f3sticos de un trastorno por abuso de sustancias.<\/p>\n<p>Por otra parte, en un estudio anterior realizado en la Universidad de Finlandia Oriental se observ\u00f3 un adelgazamiento cortical en aquellos j\u00f3venes que hab\u00edan sido bebedores\u00a0durante toda su adolescencia, lo que podr\u00eda deberse a que el cerebro est\u00e1 todav\u00eda est\u00e1 en desarrollo.<\/p>\n","protected":false},"excerpt":{"rendered":"<p>Seg\u00fan un estudio de la Universidad de Finlandia Oriental y el Hospital de Kuopio el consumo continuado de alcohol durante la adolescencia\u00a0altera la excitabilidad cortical y la conectividad funcional del cerebro. Las alteraciones se observaron en adolescentes f\u00edsica y mentalmente sanos que, aunque beb\u00edan mucho,\u00a0no cumpl\u00edan con los criterios diagn\u00f3sticos para un trastorno por abuso [&hellip;]<\/p>\n","protected":false},"author":2,"featured_media":1389,"comment_status":"closed","ping_status":"open","sticky":false,"template":"","format":"standard","meta":{"ocean_post_layout":"","ocean_both_sidebars_style":"","ocean_both_sidebars_content_width":0,"ocean_both_sidebars_sidebars_width":0,"ocean_sidebar":"0","ocean_second_sidebar":"0","ocean_disable_margins":"enable","ocean_add_body_class":"","ocean_shortcode_before_top_bar":"","ocean_shortcode_after_top_bar":"","ocean_shortcode_before_header":"","ocean_shortcode_after_header":"","ocean_has_shortcode":"","ocean_shortcode_after_title":"","ocean_shortcode_before_footer_widgets":"","ocean_shortcode_after_footer_widgets":"","ocean_shortcode_before_footer_bottom":"","ocean_shortcode_after_footer_bottom":"","ocean_display_top_bar":"default","ocean_display_header":"default","ocean_header_style":"","ocean_center_header_left_menu":"0","ocean_custom_header_template":"0","ocean_custom_logo":0,"ocean_custom_retina_logo":0,"ocean_custom_logo_max_width":0,"ocean_custom_logo_tablet_max_width":0,"ocean_custom_logo_mobile_max_width":0,"ocean_custom_logo_max_height":0,"ocean_custom_logo_tablet_max_height":0,"ocean_custom_logo_mobile_max_height":0,"ocean_header_custom_menu":"0","ocean_menu_typo_font_family":"","ocean_menu_typo_font_subset":"","ocean_menu_typo_font_size":0,"ocean_menu_typo_font_size_tablet":0,"ocean_menu_typo_font_size_mobile":0,"ocean_menu_typo_font_size_unit":"px","ocean_menu_typo_font_weight":"","ocean_menu_typo_font_weight_tablet":"","ocean_menu_typo_font_weight_mobile":"","ocean_menu_typo_transform":"","ocean_menu_typo_transform_tablet":"","ocean_menu_typo_transform_mobile":"","ocean_menu_typo_line_height":0,"ocean_menu_typo_line_height_tablet":0,"ocean_menu_typo_line_height_mobile":0,"ocean_menu_typo_line_height_unit":"","ocean_menu_typo_spacing":0,"ocean_menu_typo_spacing_tablet":0,"ocean_menu_typo_spacing_mobile":0,"ocean_menu_typo_spacing_unit":"","ocean_menu_link_color":"","ocean_menu_link_color_hover":"","ocean_menu_link_color_active":"","ocean_menu_link_background":"","ocean_menu_link_hover_background":"","ocean_menu_link_active_background":"","ocean_menu_social_links_bg":"","ocean_menu_social_hover_links_bg":"","ocean_menu_social_links_color":"","ocean_menu_social_hover_links_color":"","ocean_disable_title":"default","ocean_disable_heading":"default","ocean_post_title":"","ocean_post_subheading":"","ocean_post_title_style":"","ocean_post_title_background_color":"","ocean_post_title_background":0,"ocean_post_title_bg_image_position":"","ocean_post_title_bg_image_attachment":"","ocean_post_title_bg_image_repeat":"","ocean_post_title_bg_image_size":"","ocean_post_title_height":0,"ocean_post_title_bg_overlay":0.5,"ocean_post_title_bg_overlay_color":"","ocean_disable_breadcrumbs":"default","ocean_breadcrumbs_color":"","ocean_breadcrumbs_separator_color":"","ocean_breadcrumbs_links_color":"","ocean_breadcrumbs_links_hover_color":"","ocean_display_footer_widgets":"default","ocean_display_footer_bottom":"default","ocean_custom_footer_template":"","ocean_post_oembed":"","ocean_post_self_hosted_media":"","ocean_post_video_embed":"","ocean_link_format":"","ocean_link_format_target":"self","ocean_quote_format":"","ocean_quote_format_link":"post","ocean_gallery_link_images":"off","ocean_gallery_id":[],"footnotes":""},"categories":[29,45],"tags":[],"class_list":["post-1391","post","type-post","status-publish","format-standard","has-post-thumbnail","hentry","category-adiccion","category-alcohol","entry","has-media"],"yoast_head":"<!-- This site is optimized with the Yoast SEO plugin v27.5 - https:\/\/yoast.com\/product\/yoast-seo-wordpress\/ -->\n<title>Los efectos del abuso de alcohol en el cerebro del adolescente - Forum Salud Mental Girona<\/title>\n<meta name=\"robots\" content=\"index, follow, max-snippet:-1, max-image-preview:large, max-video-preview:-1\" \/>\n<link rel=\"canonical\" href=\"https:\/\/forummontau.com\/girona\/el-peligro-del-abuso-de-alcohol-durante-la-adolescente\/\" \/>\n<meta property=\"og:locale\" content=\"es_ES\" \/>\n<meta property=\"og:type\" content=\"article\" \/>\n<meta property=\"og:title\" content=\"Los efectos del abuso de alcohol en el cerebro del adolescente - Forum Salud Mental Girona\" \/>\n<meta property=\"og:description\" content=\"Seg\u00fan un estudio de la Universidad de Finlandia Oriental y el Hospital de Kuopio el consumo continuado de alcohol durante la adolescencia\u00a0altera la excitabilidad cortical y la conectividad funcional del cerebro. Las alteraciones se observaron en adolescentes f\u00edsica y mentalmente sanos que, aunque beb\u00edan mucho,\u00a0no cumpl\u00edan con los criterios diagn\u00f3sticos para un trastorno por abuso [&hellip;]\" \/>\n<meta property=\"og:url\" content=\"https:\/\/forummontau.com\/girona\/el-peligro-del-abuso-de-alcohol-durante-la-adolescente\/\" \/>\n<meta property=\"og:site_name\" content=\"Forum Salud Mental Girona\" \/>\n<meta property=\"article:published_time\" content=\"2018-05-16T09:07:17+00:00\" \/>\n<meta property=\"article:modified_time\" content=\"2019-06-26T08:03:35+00:00\" \/>\n<meta property=\"og:image\" content=\"https:\/\/forummontau.com\/girona\/wp-content\/uploads\/sites\/6\/2018\/05\/cervelladolescent.jpg\" \/>\n\t<meta property=\"og:image:width\" content=\"760\" \/>\n\t<meta property=\"og:image:height\" content=\"506\" \/>\n\t<meta property=\"og:image:type\" content=\"image\/jpeg\" \/>\n<meta name=\"author\" content=\"Forum Salud Mental Madrid\" \/>\n<meta name=\"twitter:card\" content=\"summary_large_image\" \/>\n<meta name=\"twitter:label1\" content=\"Escrito por\" \/>\n\t<meta name=\"twitter:data1\" content=\"Forum Salud Mental Madrid\" \/>\n\t<meta name=\"twitter:label2\" content=\"Tiempo de lectura\" \/>\n\t<meta name=\"twitter:data2\" content=\"2 minutos\" \/>\n<script type=\"application\/ld+json\" class=\"yoast-schema-graph\">{\"@context\":\"https:\\\/\\\/schema.org\",\"@graph\":[{\"@type\":\"Article\",\"@id\":\"https:\\\/\\\/forummontau.com\\\/girona\\\/el-peligro-del-abuso-de-alcohol-durante-la-adolescente\\\/#article\",\"isPartOf\":{\"@id\":\"https:\\\/\\\/forummontau.com\\\/girona\\\/el-peligro-del-abuso-de-alcohol-durante-la-adolescente\\\/\"},\"author\":{\"name\":\"Forum Salud Mental Madrid\",\"@id\":\"https:\\\/\\\/forummontau.com\\\/girona\\\/#\\\/schema\\\/person\\\/dd79fa1c0ba733edd439998f9d7f5e25\"},\"headline\":\"Los efectos del abuso de alcohol en el cerebro del adolescente\",\"datePublished\":\"2018-05-16T09:07:17+00:00\",\"dateModified\":\"2019-06-26T08:03:35+00:00\",\"mainEntityOfPage\":{\"@id\":\"https:\\\/\\\/forummontau.com\\\/girona\\\/el-peligro-del-abuso-de-alcohol-durante-la-adolescente\\\/\"},\"wordCount\":464,\"publisher\":{\"@id\":\"https:\\\/\\\/forummontau.com\\\/girona\\\/#organization\"},\"image\":{\"@id\":\"https:\\\/\\\/forummontau.com\\\/girona\\\/el-peligro-del-abuso-de-alcohol-durante-la-adolescente\\\/#primaryimage\"},\"thumbnailUrl\":\"https:\\\/\\\/forummontau.com\\\/girona\\\/wp-content\\\/uploads\\\/sites\\\/6\\\/2018\\\/05\\\/cervelladolescent.jpg\",\"articleSection\":[\"Adicci\u00f3n\",\"Alcohol\"],\"inLanguage\":\"es\"},{\"@type\":\"WebPage\",\"@id\":\"https:\\\/\\\/forummontau.com\\\/girona\\\/el-peligro-del-abuso-de-alcohol-durante-la-adolescente\\\/\",\"url\":\"https:\\\/\\\/forummontau.com\\\/girona\\\/el-peligro-del-abuso-de-alcohol-durante-la-adolescente\\\/\",\"name\":\"Los efectos del abuso de alcohol en el cerebro del adolescente - Forum Salud Mental Girona\",\"isPartOf\":{\"@id\":\"https:\\\/\\\/forummontau.com\\\/girona\\\/#website\"},\"primaryImageOfPage\":{\"@id\":\"https:\\\/\\\/forummontau.com\\\/girona\\\/el-peligro-del-abuso-de-alcohol-durante-la-adolescente\\\/#primaryimage\"},\"image\":{\"@id\":\"https:\\\/\\\/forummontau.com\\\/girona\\\/el-peligro-del-abuso-de-alcohol-durante-la-adolescente\\\/#primaryimage\"},\"thumbnailUrl\":\"https:\\\/\\\/forummontau.com\\\/girona\\\/wp-content\\\/uploads\\\/sites\\\/6\\\/2018\\\/05\\\/cervelladolescent.jpg\",\"datePublished\":\"2018-05-16T09:07:17+00:00\",\"dateModified\":\"2019-06-26T08:03:35+00:00\",\"breadcrumb\":{\"@id\":\"https:\\\/\\\/forummontau.com\\\/girona\\\/el-peligro-del-abuso-de-alcohol-durante-la-adolescente\\\/#breadcrumb\"},\"inLanguage\":\"es\",\"potentialAction\":[{\"@type\":\"ReadAction\",\"target\":[\"https:\\\/\\\/forummontau.com\\\/girona\\\/el-peligro-del-abuso-de-alcohol-durante-la-adolescente\\\/\"]}]},{\"@type\":\"ImageObject\",\"inLanguage\":\"es\",\"@id\":\"https:\\\/\\\/forummontau.com\\\/girona\\\/el-peligro-del-abuso-de-alcohol-durante-la-adolescente\\\/#primaryimage\",\"url\":\"https:\\\/\\\/forummontau.com\\\/girona\\\/wp-content\\\/uploads\\\/sites\\\/6\\\/2018\\\/05\\\/cervelladolescent.jpg\",\"contentUrl\":\"https:\\\/\\\/forummontau.com\\\/girona\\\/wp-content\\\/uploads\\\/sites\\\/6\\\/2018\\\/05\\\/cervelladolescent.jpg\",\"width\":\"760\",\"height\":\"506\"},{\"@type\":\"BreadcrumbList\",\"@id\":\"https:\\\/\\\/forummontau.com\\\/girona\\\/el-peligro-del-abuso-de-alcohol-durante-la-adolescente\\\/#breadcrumb\",\"itemListElement\":[{\"@type\":\"ListItem\",\"position\":1,\"name\":\"Portada\",\"item\":\"https:\\\/\\\/forummontau.com\\\/girona\\\/centre-desintoxicacio-i-addiccions-girona\\\/\"},{\"@type\":\"ListItem\",\"position\":2,\"name\":\"Los efectos del abuso de alcohol en el cerebro del adolescente\"}]},{\"@type\":\"WebSite\",\"@id\":\"https:\\\/\\\/forummontau.com\\\/girona\\\/#website\",\"url\":\"https:\\\/\\\/forummontau.com\\\/girona\\\/\",\"name\":\"Forum Salud Mental Girona\",\"description\":\"Centro de Desintoxicaci\u00f3n y Adicciones en Girona\",\"publisher\":{\"@id\":\"https:\\\/\\\/forummontau.com\\\/girona\\\/#organization\"},\"potentialAction\":[{\"@type\":\"SearchAction\",\"target\":{\"@type\":\"EntryPoint\",\"urlTemplate\":\"https:\\\/\\\/forummontau.com\\\/girona\\\/?s={search_term_string}\"},\"query-input\":{\"@type\":\"PropertyValueSpecification\",\"valueRequired\":true,\"valueName\":\"search_term_string\"}}],\"inLanguage\":\"es\"},{\"@type\":\"Organization\",\"@id\":\"https:\\\/\\\/forummontau.com\\\/girona\\\/#organization\",\"name\":\"Forum Salud Mental Girona\",\"url\":\"https:\\\/\\\/forummontau.com\\\/girona\\\/\",\"logo\":{\"@type\":\"ImageObject\",\"inLanguage\":\"es\",\"@id\":\"https:\\\/\\\/forummontau.com\\\/girona\\\/#\\\/schema\\\/logo\\\/image\\\/\",\"url\":\"https:\\\/\\\/forummontau.com\\\/girona\\\/wp-content\\\/uploads\\\/sites\\\/6\\\/2020\\\/02\\\/girona_forum.png\",\"contentUrl\":\"https:\\\/\\\/forummontau.com\\\/girona\\\/wp-content\\\/uploads\\\/sites\\\/6\\\/2020\\\/02\\\/girona_forum.png\",\"width\":215,\"height\":119,\"caption\":\"Forum Salud Mental Girona\"},\"image\":{\"@id\":\"https:\\\/\\\/forummontau.com\\\/girona\\\/#\\\/schema\\\/logo\\\/image\\\/\"}},{\"@type\":\"Person\",\"@id\":\"https:\\\/\\\/forummontau.com\\\/girona\\\/#\\\/schema\\\/person\\\/dd79fa1c0ba733edd439998f9d7f5e25\",\"name\":\"Forum Salud Mental Madrid\"}]}<\/script>\n<!-- \/ Yoast SEO plugin. -->","yoast_head_json":{"title":"Los efectos del abuso de alcohol en el cerebro del adolescente - Forum Salud Mental Girona","robots":{"index":"index","follow":"follow","max-snippet":"max-snippet:-1","max-image-preview":"max-image-preview:large","max-video-preview":"max-video-preview:-1"},"canonical":"https:\/\/forummontau.com\/girona\/el-peligro-del-abuso-de-alcohol-durante-la-adolescente\/","og_locale":"es_ES","og_type":"article","og_title":"Los efectos del abuso de alcohol en el cerebro del adolescente - Forum Salud Mental Girona","og_description":"Seg\u00fan un estudio de la Universidad de Finlandia Oriental y el Hospital de Kuopio el consumo continuado de alcohol durante la adolescencia\u00a0altera la excitabilidad cortical y la conectividad funcional del cerebro. Las alteraciones se observaron en adolescentes f\u00edsica y mentalmente sanos que, aunque beb\u00edan mucho,\u00a0no cumpl\u00edan con los criterios diagn\u00f3sticos para un trastorno por abuso [&hellip;]","og_url":"https:\/\/forummontau.com\/girona\/el-peligro-del-abuso-de-alcohol-durante-la-adolescente\/","og_site_name":"Forum Salud Mental Girona","article_published_time":"2018-05-16T09:07:17+00:00","article_modified_time":"2019-06-26T08:03:35+00:00","og_image":[{"width":760,"height":506,"url":"https:\/\/forummontau.com\/girona\/wp-content\/uploads\/sites\/6\/2018\/05\/cervelladolescent.jpg","type":"image\/jpeg"}],"author":"Forum Salud Mental Madrid","twitter_card":"summary_large_image","twitter_misc":{"Escrito por":"Forum Salud Mental Madrid","Tiempo de lectura":"2 minutos"},"schema":{"@context":"https:\/\/schema.org","@graph":[{"@type":"Article","@id":"https:\/\/forummontau.com\/girona\/el-peligro-del-abuso-de-alcohol-durante-la-adolescente\/#article","isPartOf":{"@id":"https:\/\/forummontau.com\/girona\/el-peligro-del-abuso-de-alcohol-durante-la-adolescente\/"},"author":{"name":"Forum Salud Mental Madrid","@id":"https:\/\/forummontau.com\/girona\/#\/schema\/person\/dd79fa1c0ba733edd439998f9d7f5e25"},"headline":"Los efectos del abuso de alcohol en el cerebro del adolescente","datePublished":"2018-05-16T09:07:17+00:00","dateModified":"2019-06-26T08:03:35+00:00","mainEntityOfPage":{"@id":"https:\/\/forummontau.com\/girona\/el-peligro-del-abuso-de-alcohol-durante-la-adolescente\/"},"wordCount":464,"publisher":{"@id":"https:\/\/forummontau.com\/girona\/#organization"},"image":{"@id":"https:\/\/forummontau.com\/girona\/el-peligro-del-abuso-de-alcohol-durante-la-adolescente\/#primaryimage"},"thumbnailUrl":"https:\/\/forummontau.com\/girona\/wp-content\/uploads\/sites\/6\/2018\/05\/cervelladolescent.jpg","articleSection":["Adicci\u00f3n","Alcohol"],"inLanguage":"es"},{"@type":"WebPage","@id":"https:\/\/forummontau.com\/girona\/el-peligro-del-abuso-de-alcohol-durante-la-adolescente\/","url":"https:\/\/forummontau.com\/girona\/el-peligro-del-abuso-de-alcohol-durante-la-adolescente\/","name":"Los efectos del abuso de alcohol en el cerebro del adolescente - Forum Salud Mental Girona","isPartOf":{"@id":"https:\/\/forummontau.com\/girona\/#website"},"primaryImageOfPage":{"@id":"https:\/\/forummontau.com\/girona\/el-peligro-del-abuso-de-alcohol-durante-la-adolescente\/#primaryimage"},"image":{"@id":"https:\/\/forummontau.com\/girona\/el-peligro-del-abuso-de-alcohol-durante-la-adolescente\/#primaryimage"},"thumbnailUrl":"https:\/\/forummontau.com\/girona\/wp-content\/uploads\/sites\/6\/2018\/05\/cervelladolescent.jpg","datePublished":"2018-05-16T09:07:17+00:00","dateModified":"2019-06-26T08:03:35+00:00","breadcrumb":{"@id":"https:\/\/forummontau.com\/girona\/el-peligro-del-abuso-de-alcohol-durante-la-adolescente\/#breadcrumb"},"inLanguage":"es","potentialAction":[{"@type":"ReadAction","target":["https:\/\/forummontau.com\/girona\/el-peligro-del-abuso-de-alcohol-durante-la-adolescente\/"]}]},{"@type":"ImageObject","inLanguage":"es","@id":"https:\/\/forummontau.com\/girona\/el-peligro-del-abuso-de-alcohol-durante-la-adolescente\/#primaryimage","url":"https:\/\/forummontau.com\/girona\/wp-content\/uploads\/sites\/6\/2018\/05\/cervelladolescent.jpg","contentUrl":"https:\/\/forummontau.com\/girona\/wp-content\/uploads\/sites\/6\/2018\/05\/cervelladolescent.jpg","width":"760","height":"506"},{"@type":"BreadcrumbList","@id":"https:\/\/forummontau.com\/girona\/el-peligro-del-abuso-de-alcohol-durante-la-adolescente\/#breadcrumb","itemListElement":[{"@type":"ListItem","position":1,"name":"Portada","item":"https:\/\/forummontau.com\/girona\/centre-desintoxicacio-i-addiccions-girona\/"},{"@type":"ListItem","position":2,"name":"Los efectos del abuso de alcohol en el cerebro del adolescente"}]},{"@type":"WebSite","@id":"https:\/\/forummontau.com\/girona\/#website","url":"https:\/\/forummontau.com\/girona\/","name":"Forum Salud Mental Girona","description":"Centro de Desintoxicaci\u00f3n y Adicciones en Girona","publisher":{"@id":"https:\/\/forummontau.com\/girona\/#organization"},"potentialAction":[{"@type":"SearchAction","target":{"@type":"EntryPoint","urlTemplate":"https:\/\/forummontau.com\/girona\/?s={search_term_string}"},"query-input":{"@type":"PropertyValueSpecification","valueRequired":true,"valueName":"search_term_string"}}],"inLanguage":"es"},{"@type":"Organization","@id":"https:\/\/forummontau.com\/girona\/#organization","name":"Forum Salud Mental Girona","url":"https:\/\/forummontau.com\/girona\/","logo":{"@type":"ImageObject","inLanguage":"es","@id":"https:\/\/forummontau.com\/girona\/#\/schema\/logo\/image\/","url":"https:\/\/forummontau.com\/girona\/wp-content\/uploads\/sites\/6\/2020\/02\/girona_forum.png","contentUrl":"https:\/\/forummontau.com\/girona\/wp-content\/uploads\/sites\/6\/2020\/02\/girona_forum.png","width":215,"height":119,"caption":"Forum Salud Mental Girona"},"image":{"@id":"https:\/\/forummontau.com\/girona\/#\/schema\/logo\/image\/"}},{"@type":"Person","@id":"https:\/\/forummontau.com\/girona\/#\/schema\/person\/dd79fa1c0ba733edd439998f9d7f5e25","name":"Forum Salud Mental Madrid"}]}},"_links":{"self":[{"href":"https:\/\/forummontau.com\/girona\/wp-json\/wp\/v2\/posts\/1391","targetHints":{"allow":["GET"]}}],"collection":[{"href":"https:\/\/forummontau.com\/girona\/wp-json\/wp\/v2\/posts"}],"about":[{"href":"https:\/\/forummontau.com\/girona\/wp-json\/wp\/v2\/types\/post"}],"author":[{"embeddable":true,"href":"https:\/\/forummontau.com\/girona\/wp-json\/wp\/v2\/users\/2"}],"replies":[{"embeddable":true,"href":"https:\/\/forummontau.com\/girona\/wp-json\/wp\/v2\/comments?post=1391"}],"version-history":[{"count":0,"href":"https:\/\/forummontau.com\/girona\/wp-json\/wp\/v2\/posts\/1391\/revisions"}],"wp:featuredmedia":[{"embeddable":true,"href":"https:\/\/forummontau.com\/girona\/wp-json\/wp\/v2\/media\/1389"}],"wp:attachment":[{"href":"https:\/\/forummontau.com\/girona\/wp-json\/wp\/v2\/media?parent=1391"}],"wp:term":[{"taxonomy":"category","embeddable":true,"href":"https:\/\/forummontau.com\/girona\/wp-json\/wp\/v2\/categories?post=1391"},{"taxonomy":"post_tag","embeddable":true,"href":"https:\/\/forummontau.com\/girona\/wp-json\/wp\/v2\/tags?post=1391"}],"curies":[{"name":"wp","href":"https:\/\/api.w.org\/{rel}","templated":true}]}}