{"id":1453,"date":"2018-06-27T07:40:53","date_gmt":"2018-06-27T07:40:53","guid":{"rendered":"https:\/\/forumgirona.cat\/?p=1453"},"modified":"2019-02-11T14:31:47","modified_gmt":"2019-02-11T14:31:47","slug":"tractament-per-a-laddiccio","status":"publish","type":"post","link":"https:\/\/forummontau.com\/girona\/tractament-per-a-laddiccio\/","title":{"rendered":"Tractament per a l&#8217;addicci\u00f3"},"content":{"rendered":"<p>El\u00a0<strong>tractament de l\u2019addicci\u00f3<\/strong>\u00a0pot enfocar des de diferents perspectives i de fet hi ha m\u00faltiples formes de realitzar un tractament per superar una addicci\u00f3.<\/p>\n<p>A\u00a0<strong>Forum Terapeutic Girona<\/strong>\u00a0tractem l\u2019addicci\u00f3 de forma completament personalitzada dissenyant un enfocament per tractar el consum i els problemes m\u00e8dics, socials, laborals i familiars de cada pacient en particular.<\/p>\n<p>Gr\u00e0cies a les nostres ter\u00e0pies\u00a0<strong>modifiquem els pensaments i creences err\u00f2nies de la persona i la seva conducta addictiva<\/strong>, per tal d\u2019aconseguir una\u00a0<strong>vida normalitzada lliure de drogues<\/strong>\u00a0i disposar de les mateixes oportunitats i qualitat de vida que les altres persones del seu entorn.<\/p>\n<h2>Pla cognitiu<\/h2>\n<p>Treballant des del pla cognitiu, mostrem, valorem i modifiquem els sup\u00f2sits subjacents que mantenen la conducta addictiva, especialment:<\/p>\n<ul>\n<li>Baixa toler\u00e0ncia a la frustraci\u00f3<\/li>\n<li>Indefensi\u00f3 apresa interpretant els fracassos o contrarietats com incorregibles, inhibint qualsevol possibilitat de canvi de conducta.<\/li>\n<li>Desesperan\u00e7a b\u00e0sica o convicci\u00f3 que els projectes importants propis estan condemnats anticipadament al frac\u00e0s, generant una forma de vida basada en la passivitat.<\/li>\n<li>Toler\u00e0ncia conductual, que valora com a indispensable el consum de subst\u00e0ncies per desenvolupar normalment totes les activitats ordin\u00e0ries i extraordin\u00e0ries.<\/li>\n<li>Evitaci\u00f3 cognitiva conseq\u00fc\u00e8ncia de l\u2019activaci\u00f3 d\u2019un mecanisme encobert d\u2019anticipaci\u00f3 de resultats incerts, el que porta a posposar o eludir qualsevol activitat que presenti incertesa.<\/li>\n<li>Locus de control, que es manifesta en una qualificaci\u00f3 del problema com intern, estable i incontrolable, el que actua com a inductor de consum.<\/li>\n<\/ul>\n<h2>Pla conductual<\/h2>\n<p>En el pla conductual definim i detallem pautes de comportament que facin compatible un estil de vida ple de satisfaccions amb el manteniment de l\u2019abstin\u00e8ncia en un entorn de pressi\u00f3 social, tenint present el car\u00e0cter cr\u00f2nic de la malaltia i, per aix\u00f2, la certesa que un nou consum desencadena tard o d\u2019hora depend\u00e8ncia, probablement, amb m\u00e9s severitat que abans del tractament.<\/p>\n<p>En concret:<\/p>\n<ul>\n<li>Programaci\u00f3 d\u2019activitats durant la intervenci\u00f3, on es pauta la distribuci\u00f3 de tasques di\u00e0ries i, en la mesura del possible, d\u2019acord amb les apet\u00e8ncies del pacient.<\/li>\n<li>Gesti\u00f3 d\u2019est\u00edmuls externs, especialment relacionats amb persones, llocs i situacions que inciten al consum.<\/li>\n<li>Habilitats d\u2019afrontament, com ara autoadministraci\u00f3 de t\u00e8cniques de relaxaci\u00f3, maneres d\u2019evitar o acabar una conversa, adquisici\u00f3 d\u2019assertivitat per saber dir i escoltar respectant els altres i mantenir l\u2019equilibri emocional.<\/li>\n<li>Modelatge, adquirint noves formes de resposta i practicant amb el pacient els sup\u00f2sits anteriors, dins el context de suport de la sessi\u00f3 terap\u00e8utica.<\/li>\n<\/ul>\n<p>Sempre amb el suport de terapeutes, psic\u00f2legs i psiquiatres que supervisen el proc\u00e9s del pacient i complementat amb ter\u00e0pia individual, familiar i de grup.<\/p>\n<p>Si tens un problema d\u2019addicci\u00f3 o creus que alg\u00fa del teu entorn pot tenir-lo i necessites orientaci\u00f3, no dubtis en trucar-nos per a una primera visita gratu\u00efta on t\u2019informarem sense cap tipus de comprom\u00eds.<\/p>\n","protected":false},"excerpt":{"rendered":"<p>El\u00a0tractament de l\u2019addicci\u00f3\u00a0pot enfocar des de diferents perspectives i de fet hi ha m\u00faltiples formes de realitzar un tractament per superar una addicci\u00f3. A\u00a0Forum Terapeutic Girona\u00a0tractem l\u2019addicci\u00f3 de forma completament personalitzada dissenyant un enfocament per tractar el consum i els problemes m\u00e8dics, socials, laborals i familiars de cada pacient en particular. Gr\u00e0cies a les nostres [&hellip;]<\/p>\n","protected":false},"author":2,"featured_media":1455,"comment_status":"closed","ping_status":"open","sticky":false,"template":"","format":"standard","meta":{"ocean_post_layout":"","ocean_both_sidebars_style":"","ocean_both_sidebars_content_width":0,"ocean_both_sidebars_sidebars_width":0,"ocean_sidebar":"0","ocean_second_sidebar":"0","ocean_disable_margins":"enable","ocean_add_body_class":"","ocean_shortcode_before_top_bar":"","ocean_shortcode_after_top_bar":"","ocean_shortcode_before_header":"","ocean_shortcode_after_header":"","ocean_has_shortcode":"","ocean_shortcode_after_title":"","ocean_shortcode_before_footer_widgets":"","ocean_shortcode_after_footer_widgets":"","ocean_shortcode_before_footer_bottom":"","ocean_shortcode_after_footer_bottom":"","ocean_display_top_bar":"default","ocean_display_header":"default","ocean_header_style":"","ocean_center_header_left_menu":"0","ocean_custom_header_template":"0","ocean_custom_logo":0,"ocean_custom_retina_logo":0,"ocean_custom_logo_max_width":0,"ocean_custom_logo_tablet_max_width":0,"ocean_custom_logo_mobile_max_width":0,"ocean_custom_logo_max_height":0,"ocean_custom_logo_tablet_max_height":0,"ocean_custom_logo_mobile_max_height":0,"ocean_header_custom_menu":"0","ocean_menu_typo_font_family":"0","ocean_menu_typo_font_subset":"","ocean_menu_typo_font_size":0,"ocean_menu_typo_font_size_tablet":0,"ocean_menu_typo_font_size_mobile":0,"ocean_menu_typo_font_size_unit":"px","ocean_menu_typo_font_weight":"","ocean_menu_typo_font_weight_tablet":"","ocean_menu_typo_font_weight_mobile":"","ocean_menu_typo_transform":"","ocean_menu_typo_transform_tablet":"","ocean_menu_typo_transform_mobile":"","ocean_menu_typo_line_height":0,"ocean_menu_typo_line_height_tablet":0,"ocean_menu_typo_line_height_mobile":0,"ocean_menu_typo_line_height_unit":"","ocean_menu_typo_spacing":0,"ocean_menu_typo_spacing_tablet":0,"ocean_menu_typo_spacing_mobile":0,"ocean_menu_typo_spacing_unit":"","ocean_menu_link_color":"","ocean_menu_link_color_hover":"","ocean_menu_link_color_active":"","ocean_menu_link_background":"","ocean_menu_link_hover_background":"","ocean_menu_link_active_background":"","ocean_menu_social_links_bg":"","ocean_menu_social_hover_links_bg":"","ocean_menu_social_links_color":"","ocean_menu_social_hover_links_color":"","ocean_disable_title":"default","ocean_disable_heading":"default","ocean_post_title":"","ocean_post_subheading":"","ocean_post_title_style":"","ocean_post_title_background_color":"","ocean_post_title_background":0,"ocean_post_title_bg_image_position":"","ocean_post_title_bg_image_attachment":"","ocean_post_title_bg_image_repeat":"","ocean_post_title_bg_image_size":"","ocean_post_title_height":0,"ocean_post_title_bg_overlay":0.5,"ocean_post_title_bg_overlay_color":"","ocean_disable_breadcrumbs":"default","ocean_breadcrumbs_color":"","ocean_breadcrumbs_separator_color":"","ocean_breadcrumbs_links_color":"","ocean_breadcrumbs_links_hover_color":"","ocean_display_footer_widgets":"default","ocean_display_footer_bottom":"default","ocean_custom_footer_template":"","ocean_post_oembed":"","ocean_post_self_hosted_media":"","ocean_post_video_embed":"","ocean_link_format":"","ocean_link_format_target":"self","ocean_quote_format":"","ocean_quote_format_link":"post","ocean_gallery_link_images":"off","ocean_gallery_id":[],"footnotes":""},"categories":[49,47],"tags":[118,127,129],"class_list":["post-1453","post","type-post","status-publish","format-standard","has-post-thumbnail","hentry","category-addiccio","category-tractaments","tag-centre-addiccions","tag-centre-terapeutic","tag-forum-girona-ca","entry","has-media"],"yoast_head":"<!-- This site is optimized with the Yoast SEO plugin v27.5 - https:\/\/yoast.com\/product\/yoast-seo-wordpress\/ -->\n<title>Tractament per a l&#039;addicci\u00f3 - Forum Salud Mental Girona<\/title>\n<meta name=\"robots\" content=\"index, follow, max-snippet:-1, max-image-preview:large, max-video-preview:-1\" \/>\n<link rel=\"canonical\" href=\"https:\/\/forummontau.com\/girona\/tractament-per-a-laddiccio\/\" \/>\n<meta property=\"og:locale\" content=\"es_ES\" \/>\n<meta property=\"og:type\" content=\"article\" \/>\n<meta property=\"og:title\" content=\"Tractament per a l&#039;addicci\u00f3 - Forum Salud Mental Girona\" \/>\n<meta property=\"og:description\" content=\"El\u00a0tractament de l\u2019addicci\u00f3\u00a0pot enfocar des de diferents perspectives i de fet hi ha m\u00faltiples formes de realitzar un tractament per superar una addicci\u00f3. A\u00a0Forum Terapeutic Girona\u00a0tractem l\u2019addicci\u00f3 de forma completament personalitzada dissenyant un enfocament per tractar el consum i els problemes m\u00e8dics, socials, laborals i familiars de cada pacient en particular. Gr\u00e0cies a les nostres [&hellip;]\" \/>\n<meta property=\"og:url\" content=\"https:\/\/forummontau.com\/girona\/tractament-per-a-laddiccio\/\" \/>\n<meta property=\"og:site_name\" content=\"Forum Salud Mental Girona\" \/>\n<meta property=\"article:published_time\" content=\"2018-06-27T07:40:53+00:00\" \/>\n<meta property=\"article:modified_time\" content=\"2019-02-11T14:31:47+00:00\" \/>\n<meta property=\"og:image\" content=\"https:\/\/forummontau.com\/girona\/wp-content\/uploads\/sites\/6\/2018\/06\/adiccion.jpg\" \/>\n\t<meta property=\"og:image:width\" content=\"484\" \/>\n\t<meta property=\"og:image:height\" content=\"323\" \/>\n\t<meta property=\"og:image:type\" content=\"image\/jpeg\" \/>\n<meta name=\"author\" content=\"Forum Salud Mental Madrid\" \/>\n<meta name=\"twitter:card\" content=\"summary_large_image\" \/>\n<meta name=\"twitter:label1\" content=\"Escrito por\" \/>\n\t<meta name=\"twitter:data1\" content=\"Forum Salud Mental Madrid\" \/>\n\t<meta name=\"twitter:label2\" content=\"Tiempo de lectura\" \/>\n\t<meta name=\"twitter:data2\" content=\"2 minutos\" \/>\n<script type=\"application\/ld+json\" class=\"yoast-schema-graph\">{\"@context\":\"https:\\\/\\\/schema.org\",\"@graph\":[{\"@type\":\"Article\",\"@id\":\"https:\\\/\\\/forummontau.com\\\/girona\\\/tractament-per-a-laddiccio\\\/#article\",\"isPartOf\":{\"@id\":\"https:\\\/\\\/forummontau.com\\\/girona\\\/tractament-per-a-laddiccio\\\/\"},\"author\":{\"name\":\"Forum Salud Mental Madrid\",\"@id\":\"https:\\\/\\\/forummontau.com\\\/girona\\\/#\\\/schema\\\/person\\\/dd79fa1c0ba733edd439998f9d7f5e25\"},\"headline\":\"Tractament per a l&#8217;addicci\u00f3\",\"datePublished\":\"2018-06-27T07:40:53+00:00\",\"dateModified\":\"2019-02-11T14:31:47+00:00\",\"mainEntityOfPage\":{\"@id\":\"https:\\\/\\\/forummontau.com\\\/girona\\\/tractament-per-a-laddiccio\\\/\"},\"wordCount\":499,\"publisher\":{\"@id\":\"https:\\\/\\\/forummontau.com\\\/girona\\\/#organization\"},\"image\":{\"@id\":\"https:\\\/\\\/forummontau.com\\\/girona\\\/tractament-per-a-laddiccio\\\/#primaryimage\"},\"thumbnailUrl\":\"https:\\\/\\\/forummontau.com\\\/girona\\\/wp-content\\\/uploads\\\/sites\\\/6\\\/2018\\\/06\\\/adiccion.jpg\",\"keywords\":[\"Centre Addiccions\",\"Centre terapeutic\",\"Forum Girona\"],\"articleSection\":[\"Addicci\u00f3\",\"Tractaments\"],\"inLanguage\":\"es\"},{\"@type\":\"WebPage\",\"@id\":\"https:\\\/\\\/forummontau.com\\\/girona\\\/tractament-per-a-laddiccio\\\/\",\"url\":\"https:\\\/\\\/forummontau.com\\\/girona\\\/tractament-per-a-laddiccio\\\/\",\"name\":\"Tractament per a l'addicci\u00f3 - Forum Salud Mental Girona\",\"isPartOf\":{\"@id\":\"https:\\\/\\\/forummontau.com\\\/girona\\\/#website\"},\"primaryImageOfPage\":{\"@id\":\"https:\\\/\\\/forummontau.com\\\/girona\\\/tractament-per-a-laddiccio\\\/#primaryimage\"},\"image\":{\"@id\":\"https:\\\/\\\/forummontau.com\\\/girona\\\/tractament-per-a-laddiccio\\\/#primaryimage\"},\"thumbnailUrl\":\"https:\\\/\\\/forummontau.com\\\/girona\\\/wp-content\\\/uploads\\\/sites\\\/6\\\/2018\\\/06\\\/adiccion.jpg\",\"datePublished\":\"2018-06-27T07:40:53+00:00\",\"dateModified\":\"2019-02-11T14:31:47+00:00\",\"breadcrumb\":{\"@id\":\"https:\\\/\\\/forummontau.com\\\/girona\\\/tractament-per-a-laddiccio\\\/#breadcrumb\"},\"inLanguage\":\"es\",\"potentialAction\":[{\"@type\":\"ReadAction\",\"target\":[\"https:\\\/\\\/forummontau.com\\\/girona\\\/tractament-per-a-laddiccio\\\/\"]}]},{\"@type\":\"ImageObject\",\"inLanguage\":\"es\",\"@id\":\"https:\\\/\\\/forummontau.com\\\/girona\\\/tractament-per-a-laddiccio\\\/#primaryimage\",\"url\":\"https:\\\/\\\/forummontau.com\\\/girona\\\/wp-content\\\/uploads\\\/sites\\\/6\\\/2018\\\/06\\\/adiccion.jpg\",\"contentUrl\":\"https:\\\/\\\/forummontau.com\\\/girona\\\/wp-content\\\/uploads\\\/sites\\\/6\\\/2018\\\/06\\\/adiccion.jpg\",\"width\":\"484\",\"height\":\"323\",\"caption\":\"Tratamiento adicci\u00f3n\"},{\"@type\":\"BreadcrumbList\",\"@id\":\"https:\\\/\\\/forummontau.com\\\/girona\\\/tractament-per-a-laddiccio\\\/#breadcrumb\",\"itemListElement\":[{\"@type\":\"ListItem\",\"position\":1,\"name\":\"Portada\",\"item\":\"https:\\\/\\\/forummontau.com\\\/girona\\\/centre-desintoxicacio-i-addiccions-girona\\\/\"},{\"@type\":\"ListItem\",\"position\":2,\"name\":\"Tractament per a l&#8217;addicci\u00f3\"}]},{\"@type\":\"WebSite\",\"@id\":\"https:\\\/\\\/forummontau.com\\\/girona\\\/#website\",\"url\":\"https:\\\/\\\/forummontau.com\\\/girona\\\/\",\"name\":\"Forum Salud Mental Girona\",\"description\":\"Centro de Desintoxicaci\u00f3n y Adicciones en Girona\",\"publisher\":{\"@id\":\"https:\\\/\\\/forummontau.com\\\/girona\\\/#organization\"},\"potentialAction\":[{\"@type\":\"SearchAction\",\"target\":{\"@type\":\"EntryPoint\",\"urlTemplate\":\"https:\\\/\\\/forummontau.com\\\/girona\\\/?s={search_term_string}\"},\"query-input\":{\"@type\":\"PropertyValueSpecification\",\"valueRequired\":true,\"valueName\":\"search_term_string\"}}],\"inLanguage\":\"es\"},{\"@type\":\"Organization\",\"@id\":\"https:\\\/\\\/forummontau.com\\\/girona\\\/#organization\",\"name\":\"Forum Salud Mental Girona\",\"url\":\"https:\\\/\\\/forummontau.com\\\/girona\\\/\",\"logo\":{\"@type\":\"ImageObject\",\"inLanguage\":\"es\",\"@id\":\"https:\\\/\\\/forummontau.com\\\/girona\\\/#\\\/schema\\\/logo\\\/image\\\/\",\"url\":\"https:\\\/\\\/forummontau.com\\\/girona\\\/wp-content\\\/uploads\\\/sites\\\/6\\\/2020\\\/02\\\/girona_forum.png\",\"contentUrl\":\"https:\\\/\\\/forummontau.com\\\/girona\\\/wp-content\\\/uploads\\\/sites\\\/6\\\/2020\\\/02\\\/girona_forum.png\",\"width\":215,\"height\":119,\"caption\":\"Forum Salud Mental Girona\"},\"image\":{\"@id\":\"https:\\\/\\\/forummontau.com\\\/girona\\\/#\\\/schema\\\/logo\\\/image\\\/\"}},{\"@type\":\"Person\",\"@id\":\"https:\\\/\\\/forummontau.com\\\/girona\\\/#\\\/schema\\\/person\\\/dd79fa1c0ba733edd439998f9d7f5e25\",\"name\":\"Forum Salud Mental Madrid\"}]}<\/script>\n<!-- \/ Yoast SEO plugin. -->","yoast_head_json":{"title":"Tractament per a l'addicci\u00f3 - Forum Salud Mental Girona","robots":{"index":"index","follow":"follow","max-snippet":"max-snippet:-1","max-image-preview":"max-image-preview:large","max-video-preview":"max-video-preview:-1"},"canonical":"https:\/\/forummontau.com\/girona\/tractament-per-a-laddiccio\/","og_locale":"es_ES","og_type":"article","og_title":"Tractament per a l'addicci\u00f3 - Forum Salud Mental Girona","og_description":"El\u00a0tractament de l\u2019addicci\u00f3\u00a0pot enfocar des de diferents perspectives i de fet hi ha m\u00faltiples formes de realitzar un tractament per superar una addicci\u00f3. A\u00a0Forum Terapeutic Girona\u00a0tractem l\u2019addicci\u00f3 de forma completament personalitzada dissenyant un enfocament per tractar el consum i els problemes m\u00e8dics, socials, laborals i familiars de cada pacient en particular. Gr\u00e0cies a les nostres [&hellip;]","og_url":"https:\/\/forummontau.com\/girona\/tractament-per-a-laddiccio\/","og_site_name":"Forum Salud Mental Girona","article_published_time":"2018-06-27T07:40:53+00:00","article_modified_time":"2019-02-11T14:31:47+00:00","og_image":[{"width":484,"height":323,"url":"https:\/\/forummontau.com\/girona\/wp-content\/uploads\/sites\/6\/2018\/06\/adiccion.jpg","type":"image\/jpeg"}],"author":"Forum Salud Mental Madrid","twitter_card":"summary_large_image","twitter_misc":{"Escrito por":"Forum Salud Mental Madrid","Tiempo de lectura":"2 minutos"},"schema":{"@context":"https:\/\/schema.org","@graph":[{"@type":"Article","@id":"https:\/\/forummontau.com\/girona\/tractament-per-a-laddiccio\/#article","isPartOf":{"@id":"https:\/\/forummontau.com\/girona\/tractament-per-a-laddiccio\/"},"author":{"name":"Forum Salud Mental Madrid","@id":"https:\/\/forummontau.com\/girona\/#\/schema\/person\/dd79fa1c0ba733edd439998f9d7f5e25"},"headline":"Tractament per a l&#8217;addicci\u00f3","datePublished":"2018-06-27T07:40:53+00:00","dateModified":"2019-02-11T14:31:47+00:00","mainEntityOfPage":{"@id":"https:\/\/forummontau.com\/girona\/tractament-per-a-laddiccio\/"},"wordCount":499,"publisher":{"@id":"https:\/\/forummontau.com\/girona\/#organization"},"image":{"@id":"https:\/\/forummontau.com\/girona\/tractament-per-a-laddiccio\/#primaryimage"},"thumbnailUrl":"https:\/\/forummontau.com\/girona\/wp-content\/uploads\/sites\/6\/2018\/06\/adiccion.jpg","keywords":["Centre Addiccions","Centre terapeutic","Forum Girona"],"articleSection":["Addicci\u00f3","Tractaments"],"inLanguage":"es"},{"@type":"WebPage","@id":"https:\/\/forummontau.com\/girona\/tractament-per-a-laddiccio\/","url":"https:\/\/forummontau.com\/girona\/tractament-per-a-laddiccio\/","name":"Tractament per a l'addicci\u00f3 - Forum Salud Mental Girona","isPartOf":{"@id":"https:\/\/forummontau.com\/girona\/#website"},"primaryImageOfPage":{"@id":"https:\/\/forummontau.com\/girona\/tractament-per-a-laddiccio\/#primaryimage"},"image":{"@id":"https:\/\/forummontau.com\/girona\/tractament-per-a-laddiccio\/#primaryimage"},"thumbnailUrl":"https:\/\/forummontau.com\/girona\/wp-content\/uploads\/sites\/6\/2018\/06\/adiccion.jpg","datePublished":"2018-06-27T07:40:53+00:00","dateModified":"2019-02-11T14:31:47+00:00","breadcrumb":{"@id":"https:\/\/forummontau.com\/girona\/tractament-per-a-laddiccio\/#breadcrumb"},"inLanguage":"es","potentialAction":[{"@type":"ReadAction","target":["https:\/\/forummontau.com\/girona\/tractament-per-a-laddiccio\/"]}]},{"@type":"ImageObject","inLanguage":"es","@id":"https:\/\/forummontau.com\/girona\/tractament-per-a-laddiccio\/#primaryimage","url":"https:\/\/forummontau.com\/girona\/wp-content\/uploads\/sites\/6\/2018\/06\/adiccion.jpg","contentUrl":"https:\/\/forummontau.com\/girona\/wp-content\/uploads\/sites\/6\/2018\/06\/adiccion.jpg","width":"484","height":"323","caption":"Tratamiento adicci\u00f3n"},{"@type":"BreadcrumbList","@id":"https:\/\/forummontau.com\/girona\/tractament-per-a-laddiccio\/#breadcrumb","itemListElement":[{"@type":"ListItem","position":1,"name":"Portada","item":"https:\/\/forummontau.com\/girona\/centre-desintoxicacio-i-addiccions-girona\/"},{"@type":"ListItem","position":2,"name":"Tractament per a l&#8217;addicci\u00f3"}]},{"@type":"WebSite","@id":"https:\/\/forummontau.com\/girona\/#website","url":"https:\/\/forummontau.com\/girona\/","name":"Forum Salud Mental Girona","description":"Centro de Desintoxicaci\u00f3n y Adicciones en Girona","publisher":{"@id":"https:\/\/forummontau.com\/girona\/#organization"},"potentialAction":[{"@type":"SearchAction","target":{"@type":"EntryPoint","urlTemplate":"https:\/\/forummontau.com\/girona\/?s={search_term_string}"},"query-input":{"@type":"PropertyValueSpecification","valueRequired":true,"valueName":"search_term_string"}}],"inLanguage":"es"},{"@type":"Organization","@id":"https:\/\/forummontau.com\/girona\/#organization","name":"Forum Salud Mental Girona","url":"https:\/\/forummontau.com\/girona\/","logo":{"@type":"ImageObject","inLanguage":"es","@id":"https:\/\/forummontau.com\/girona\/#\/schema\/logo\/image\/","url":"https:\/\/forummontau.com\/girona\/wp-content\/uploads\/sites\/6\/2020\/02\/girona_forum.png","contentUrl":"https:\/\/forummontau.com\/girona\/wp-content\/uploads\/sites\/6\/2020\/02\/girona_forum.png","width":215,"height":119,"caption":"Forum Salud Mental Girona"},"image":{"@id":"https:\/\/forummontau.com\/girona\/#\/schema\/logo\/image\/"}},{"@type":"Person","@id":"https:\/\/forummontau.com\/girona\/#\/schema\/person\/dd79fa1c0ba733edd439998f9d7f5e25","name":"Forum Salud Mental Madrid"}]}},"_links":{"self":[{"href":"https:\/\/forummontau.com\/girona\/wp-json\/wp\/v2\/posts\/1453","targetHints":{"allow":["GET"]}}],"collection":[{"href":"https:\/\/forummontau.com\/girona\/wp-json\/wp\/v2\/posts"}],"about":[{"href":"https:\/\/forummontau.com\/girona\/wp-json\/wp\/v2\/types\/post"}],"author":[{"embeddable":true,"href":"https:\/\/forummontau.com\/girona\/wp-json\/wp\/v2\/users\/2"}],"replies":[{"embeddable":true,"href":"https:\/\/forummontau.com\/girona\/wp-json\/wp\/v2\/comments?post=1453"}],"version-history":[{"count":0,"href":"https:\/\/forummontau.com\/girona\/wp-json\/wp\/v2\/posts\/1453\/revisions"}],"wp:featuredmedia":[{"embeddable":true,"href":"https:\/\/forummontau.com\/girona\/wp-json\/wp\/v2\/media\/1455"}],"wp:attachment":[{"href":"https:\/\/forummontau.com\/girona\/wp-json\/wp\/v2\/media?parent=1453"}],"wp:term":[{"taxonomy":"category","embeddable":true,"href":"https:\/\/forummontau.com\/girona\/wp-json\/wp\/v2\/categories?post=1453"},{"taxonomy":"post_tag","embeddable":true,"href":"https:\/\/forummontau.com\/girona\/wp-json\/wp\/v2\/tags?post=1453"}],"curies":[{"name":"wp","href":"https:\/\/api.w.org\/{rel}","templated":true}]}}