{"id":1465,"date":"2018-07-18T13:59:02","date_gmt":"2018-07-18T13:59:02","guid":{"rendered":"https:\/\/forumgirona.cat\/?p=1465"},"modified":"2019-02-11T14:31:47","modified_gmt":"2019-02-11T14:31:47","slug":"addictes-a-lalcohol","status":"publish","type":"post","link":"https:\/\/forummontau.com\/girona\/addictes-a-lalcohol\/","title":{"rendered":"Addictes a l&#8217;alcohol"},"content":{"rendered":"<p>Quan parlem d\u2019alcoholisme estem davant un problema de salut provocat pel consum excessiu d\u2019alcohol que genera depend\u00e8ncia f\u00edsica i psicol\u00f2gica.<\/p>\n<p>Aquesta ingesta desmesurada i dif\u00edcil de controlar est\u00e0 causada per m\u00faltiples factors com la predisposici\u00f3 f\u00edsica, la vulnerabilitats psicol\u00f2giques i els factors soliciales que faciliten el consum.<\/p>\n<p>Per\u00f2 un dels aspectes m\u00e9s cridaners de l\u2019alcoholisme \u00e9s que, en les seves fases primerenques, est\u00e0 socialment acceptat.<\/p>\n<p>L\u2019alcoholisme i la seva naturalitzaci\u00f3<\/p>\n<p><strong>Se sol naturalitzar i acceptar socialment el consum d\u2019alcohol en exc\u00e9s<\/strong>\u00a0i en l\u2019imaginari social es considera alcoh\u00f2lic a qui s\u2019ho veu alcoholitzat durant el dia, en situaci\u00f3 de carrer, iniciant el seu consum en els matins o bevent tots els dies de la setmana. D\u2019aquesta manera queden invisibilitzades altres formes d\u2019alcoholisme.<\/p>\n<p>Aquest no est\u00e0 determinat per la quantitat d\u2019alcohol que una persona consumeix per dia sin\u00f3 per com aquesta persona es relaciona amb l\u2019alcohol: amb depend\u00e8ncia, necessitat, compulsi\u00f3 i dificultats per estar sense consumir.<\/p>\n<p>\u00c9s a dir, una persona \u00e9s alcoh\u00f2lica per com beu independentment que ho faci cada dia, un dia a la setmana o espor\u00e0dicament. No \u00e9s alcoh\u00f2lica qualsevol persona que consumeixi alcohol, ja que pot haver consum\u00a0<strong>sense establir un vincle de depend\u00e8ncia i addicci\u00f3 amb ell<\/strong>. Per\u00f2 \u2026 qu\u00e8 passa en el cos hum\u00e0 all\u00e0 on s\u00ed que hi ha depend\u00e8ncia?<\/p>\n<h2>Quins son els efectes de l&#8217;acohol?<\/h2>\n<p>Un cop ingerit en l\u2019organisme, l\u2019alcohol produeix dues accions contraposada,\u00a0<strong>un efecte desinhibidor i un efecte depressor<\/strong>. El primer bloqueja parts del cervell encarregades del pensament, la capacitat de reflexionar, la consci\u00e8ncia moral, els valors \u00e8tics; i sobreestimula impulsos i emocions. Aix\u00f2 ens permet comprendre que una persona sota els efectes de l\u2019alcohol pugui mostrar-se diferent respecte a quan est\u00e0 s\u00f2bria i fins i tot inc\u00f3rrer en delictes sense possibilitat de control.<\/p>\n<p><strong>L\u2019efecte depressor inhibeix el sistema nervi\u00f3s central<\/strong>\u00a0provocant una disminuci\u00f3 en les seves funcions: menor atenci\u00f3, menor coordinaci\u00f3 psicomotriu, somnol\u00e8ncia, sensaci\u00f3 d\u2019esgotament, entre d\u2019altres, arribant en casos extrems a l\u2019atur respiratori i mort.<\/p>\n<h3>L\u2019aparici\u00f3 de la toler\u00e0ncia a la beguda<\/h3>\n<p>Una altra concepci\u00f3 a desnaturalitzar fa a les raons de la dificultat, en uns casos, i de la impossibilitat, en altres, d\u2019aturar de beure. No \u00e9s per gust, capritx ni per vici, \u00e9s per la forta compulsi\u00f3 a prendre que sent la persona alcoh\u00f2lica, que\u00a0<strong>arriba a tornar-irrefrenable i que escapa al seu control voluntari<\/strong>, perqu\u00e8 es troba en una situaci\u00f3 de depend\u00e8ncia f\u00edsica i psicol\u00f2gica.<\/p>\n<p>El cos demana l\u2019alcohol i el cap ho necessita per seguir. A m\u00e9s sense consum es desenvolupen els s\u00edmptomes de l\u2019abstin\u00e8ncia, la qual es presenta amb sensacions desagradables, manifestacions f\u00edsiques, ansietat, irritabilitat, angoixa i necessitat de consumir.<\/p>\n<h3>Com actuar davant la sospita<\/h3>\n<p>Un primer pas implica desnaturalitzar el consum problem\u00e0tic d\u2019alcohol. En fer-ho, comencen a\u00a0<strong>sorgir dubtes i necessitat de demanar ajuda<\/strong>.<\/p>\n<p>\u00c9s important prendre consci\u00e8ncia del consum problem\u00e0tic d\u2019alcohol a temps, pels riscos que pot ocasionar, ja que l\u2019alcoholisme provoca major\u00a0<strong>probabilitat de patir accidents, malalties i mort, a m\u00e9s de tenir efectes a nivell comportamental, emocional, social, laboral, legal<\/strong>.<\/p>\n<p>L<strong>\u2018orientaci\u00f3 i contenci\u00f3 a les fam\u00edlies \u00e9s fonamental<\/strong>\u00a0per comprendre que l\u2019alcoholisme \u00e9s una malaltia que t\u00e9 recuperaci\u00f3 i per a la qual \u00e9s indispensable un tractament especialitzat tant per al familiar alcoh\u00f2lic com per a la resta de la fam\u00edlia. Aix\u00f2 permetr\u00e0 a les fam\u00edlies resignificar el consum i les seves conseq\u00fc\u00e8ncies, generar canvis d\u2019actitud i construir espais de di\u00e0leg i comunicaci\u00f3 familiar.<\/p>\n<p>Contacti amb nosaltres si vost\u00e8 o una persona propera tenen un problema amb l&#8217;alcohol, des de Forum Girona els orientarem sobre com afrontar i superar aquesta situaci\u00f3.<\/p>\n","protected":false},"excerpt":{"rendered":"<p>Quan parlem d\u2019alcoholisme estem davant un problema de salut provocat pel consum excessiu d\u2019alcohol que genera depend\u00e8ncia f\u00edsica i psicol\u00f2gica. Aquesta ingesta desmesurada i dif\u00edcil de controlar est\u00e0 causada per m\u00faltiples factors com la predisposici\u00f3 f\u00edsica, la vulnerabilitats psicol\u00f2giques i els factors soliciales que faciliten el consum. Per\u00f2 un dels aspectes m\u00e9s cridaners de l\u2019alcoholisme [&hellip;]<\/p>\n","protected":false},"author":2,"featured_media":1466,"comment_status":"closed","ping_status":"open","sticky":false,"template":"","format":"standard","meta":{"ocean_post_layout":"","ocean_both_sidebars_style":"","ocean_both_sidebars_content_width":0,"ocean_both_sidebars_sidebars_width":0,"ocean_sidebar":"0","ocean_second_sidebar":"0","ocean_disable_margins":"enable","ocean_add_body_class":"","ocean_shortcode_before_top_bar":"","ocean_shortcode_after_top_bar":"","ocean_shortcode_before_header":"","ocean_shortcode_after_header":"","ocean_has_shortcode":"","ocean_shortcode_after_title":"","ocean_shortcode_before_footer_widgets":"","ocean_shortcode_after_footer_widgets":"","ocean_shortcode_before_footer_bottom":"","ocean_shortcode_after_footer_bottom":"","ocean_display_top_bar":"default","ocean_display_header":"default","ocean_header_style":"","ocean_center_header_left_menu":"0","ocean_custom_header_template":"0","ocean_custom_logo":0,"ocean_custom_retina_logo":0,"ocean_custom_logo_max_width":0,"ocean_custom_logo_tablet_max_width":0,"ocean_custom_logo_mobile_max_width":0,"ocean_custom_logo_max_height":0,"ocean_custom_logo_tablet_max_height":0,"ocean_custom_logo_mobile_max_height":0,"ocean_header_custom_menu":"0","ocean_menu_typo_font_family":"0","ocean_menu_typo_font_subset":"","ocean_menu_typo_font_size":0,"ocean_menu_typo_font_size_tablet":0,"ocean_menu_typo_font_size_mobile":0,"ocean_menu_typo_font_size_unit":"px","ocean_menu_typo_font_weight":"","ocean_menu_typo_font_weight_tablet":"","ocean_menu_typo_font_weight_mobile":"","ocean_menu_typo_transform":"","ocean_menu_typo_transform_tablet":"","ocean_menu_typo_transform_mobile":"","ocean_menu_typo_line_height":0,"ocean_menu_typo_line_height_tablet":0,"ocean_menu_typo_line_height_mobile":0,"ocean_menu_typo_line_height_unit":"","ocean_menu_typo_spacing":0,"ocean_menu_typo_spacing_tablet":0,"ocean_menu_typo_spacing_mobile":0,"ocean_menu_typo_spacing_unit":"","ocean_menu_link_color":"","ocean_menu_link_color_hover":"","ocean_menu_link_color_active":"","ocean_menu_link_background":"","ocean_menu_link_hover_background":"","ocean_menu_link_active_background":"","ocean_menu_social_links_bg":"","ocean_menu_social_hover_links_bg":"","ocean_menu_social_links_color":"","ocean_menu_social_hover_links_color":"","ocean_disable_title":"default","ocean_disable_heading":"default","ocean_post_title":"","ocean_post_subheading":"","ocean_post_title_style":"","ocean_post_title_background_color":"","ocean_post_title_background":0,"ocean_post_title_bg_image_position":"","ocean_post_title_bg_image_attachment":"","ocean_post_title_bg_image_repeat":"","ocean_post_title_bg_image_size":"","ocean_post_title_height":0,"ocean_post_title_bg_overlay":0.5,"ocean_post_title_bg_overlay_color":"","ocean_disable_breadcrumbs":"default","ocean_breadcrumbs_color":"","ocean_breadcrumbs_separator_color":"","ocean_breadcrumbs_links_color":"","ocean_breadcrumbs_links_hover_color":"","ocean_display_footer_widgets":"default","ocean_display_footer_bottom":"default","ocean_custom_footer_template":"","ocean_post_oembed":"","ocean_post_self_hosted_media":"","ocean_post_video_embed":"","ocean_link_format":"","ocean_link_format_target":"self","ocean_quote_format":"","ocean_quote_format_link":"post","ocean_gallery_link_images":"off","ocean_gallery_id":[],"footnotes":""},"categories":[49,51],"tags":[118,129],"class_list":["post-1465","post","type-post","status-publish","format-standard","has-post-thumbnail","hentry","category-addiccio","category-alcohol-ca","tag-centre-addiccions","tag-forum-girona-ca","entry","has-media"],"yoast_head":"<!-- This site is optimized with the Yoast SEO plugin v27.4 - https:\/\/yoast.com\/product\/yoast-seo-wordpress\/ -->\n<title>Addictes a l&#039;alcohol - Forum Salud Mental Girona<\/title>\n<meta name=\"robots\" content=\"index, follow, max-snippet:-1, max-image-preview:large, max-video-preview:-1\" \/>\n<link rel=\"canonical\" href=\"https:\/\/forummontau.com\/girona\/addictes-a-lalcohol\/\" \/>\n<meta property=\"og:locale\" content=\"es_ES\" \/>\n<meta property=\"og:type\" content=\"article\" \/>\n<meta property=\"og:title\" content=\"Addictes a l&#039;alcohol - Forum Salud Mental Girona\" \/>\n<meta property=\"og:description\" content=\"Quan parlem d\u2019alcoholisme estem davant un problema de salut provocat pel consum excessiu d\u2019alcohol que genera depend\u00e8ncia f\u00edsica i psicol\u00f2gica. Aquesta ingesta desmesurada i dif\u00edcil de controlar est\u00e0 causada per m\u00faltiples factors com la predisposici\u00f3 f\u00edsica, la vulnerabilitats psicol\u00f2giques i els factors soliciales que faciliten el consum. Per\u00f2 un dels aspectes m\u00e9s cridaners de l\u2019alcoholisme [&hellip;]\" \/>\n<meta property=\"og:url\" content=\"https:\/\/forummontau.com\/girona\/addictes-a-lalcohol\/\" \/>\n<meta property=\"og:site_name\" content=\"Forum Salud Mental Girona\" \/>\n<meta property=\"article:published_time\" content=\"2018-07-18T13:59:02+00:00\" \/>\n<meta property=\"article:modified_time\" content=\"2019-02-11T14:31:47+00:00\" \/>\n<meta property=\"og:image\" content=\"https:\/\/forummontau.com\/girona\/wp-content\/uploads\/sites\/6\/2018\/07\/adictosalcohol.png\" \/>\n\t<meta property=\"og:image:width\" content=\"700\" \/>\n\t<meta property=\"og:image:height\" content=\"397\" \/>\n\t<meta property=\"og:image:type\" content=\"image\/png\" \/>\n<meta name=\"author\" content=\"Forum Salud Mental Madrid\" \/>\n<meta name=\"twitter:card\" content=\"summary_large_image\" \/>\n<meta name=\"twitter:label1\" content=\"Escrito por\" \/>\n\t<meta name=\"twitter:data1\" content=\"Forum Salud Mental Madrid\" \/>\n\t<meta name=\"twitter:label2\" content=\"Tiempo de lectura\" \/>\n\t<meta name=\"twitter:data2\" content=\"3 minutos\" \/>\n<script type=\"application\/ld+json\" class=\"yoast-schema-graph\">{\"@context\":\"https:\\\/\\\/schema.org\",\"@graph\":[{\"@type\":\"Article\",\"@id\":\"https:\\\/\\\/forummontau.com\\\/girona\\\/addictes-a-lalcohol\\\/#article\",\"isPartOf\":{\"@id\":\"https:\\\/\\\/forummontau.com\\\/girona\\\/addictes-a-lalcohol\\\/\"},\"author\":{\"name\":\"Forum Salud Mental Madrid\",\"@id\":\"https:\\\/\\\/forummontau.com\\\/girona\\\/#\\\/schema\\\/person\\\/dd79fa1c0ba733edd439998f9d7f5e25\"},\"headline\":\"Addictes a l&#8217;alcohol\",\"datePublished\":\"2018-07-18T13:59:02+00:00\",\"dateModified\":\"2019-02-11T14:31:47+00:00\",\"mainEntityOfPage\":{\"@id\":\"https:\\\/\\\/forummontau.com\\\/girona\\\/addictes-a-lalcohol\\\/\"},\"wordCount\":665,\"publisher\":{\"@id\":\"https:\\\/\\\/forummontau.com\\\/girona\\\/#organization\"},\"image\":{\"@id\":\"https:\\\/\\\/forummontau.com\\\/girona\\\/addictes-a-lalcohol\\\/#primaryimage\"},\"thumbnailUrl\":\"https:\\\/\\\/forummontau.com\\\/girona\\\/wp-content\\\/uploads\\\/sites\\\/6\\\/2018\\\/07\\\/adictosalcohol.png\",\"keywords\":[\"Centre Addiccions\",\"Forum Girona\"],\"articleSection\":[\"Addicci\u00f3\",\"Alcohol\"],\"inLanguage\":\"es\"},{\"@type\":\"WebPage\",\"@id\":\"https:\\\/\\\/forummontau.com\\\/girona\\\/addictes-a-lalcohol\\\/\",\"url\":\"https:\\\/\\\/forummontau.com\\\/girona\\\/addictes-a-lalcohol\\\/\",\"name\":\"Addictes a l'alcohol - Forum Salud Mental Girona\",\"isPartOf\":{\"@id\":\"https:\\\/\\\/forummontau.com\\\/girona\\\/#website\"},\"primaryImageOfPage\":{\"@id\":\"https:\\\/\\\/forummontau.com\\\/girona\\\/addictes-a-lalcohol\\\/#primaryimage\"},\"image\":{\"@id\":\"https:\\\/\\\/forummontau.com\\\/girona\\\/addictes-a-lalcohol\\\/#primaryimage\"},\"thumbnailUrl\":\"https:\\\/\\\/forummontau.com\\\/girona\\\/wp-content\\\/uploads\\\/sites\\\/6\\\/2018\\\/07\\\/adictosalcohol.png\",\"datePublished\":\"2018-07-18T13:59:02+00:00\",\"dateModified\":\"2019-02-11T14:31:47+00:00\",\"breadcrumb\":{\"@id\":\"https:\\\/\\\/forummontau.com\\\/girona\\\/addictes-a-lalcohol\\\/#breadcrumb\"},\"inLanguage\":\"es\",\"potentialAction\":[{\"@type\":\"ReadAction\",\"target\":[\"https:\\\/\\\/forummontau.com\\\/girona\\\/addictes-a-lalcohol\\\/\"]}]},{\"@type\":\"ImageObject\",\"inLanguage\":\"es\",\"@id\":\"https:\\\/\\\/forummontau.com\\\/girona\\\/addictes-a-lalcohol\\\/#primaryimage\",\"url\":\"https:\\\/\\\/forummontau.com\\\/girona\\\/wp-content\\\/uploads\\\/sites\\\/6\\\/2018\\\/07\\\/adictosalcohol.png\",\"contentUrl\":\"https:\\\/\\\/forummontau.com\\\/girona\\\/wp-content\\\/uploads\\\/sites\\\/6\\\/2018\\\/07\\\/adictosalcohol.png\",\"width\":\"700\",\"height\":\"397\",\"caption\":\"Adictos al Alcohol\"},{\"@type\":\"BreadcrumbList\",\"@id\":\"https:\\\/\\\/forummontau.com\\\/girona\\\/addictes-a-lalcohol\\\/#breadcrumb\",\"itemListElement\":[{\"@type\":\"ListItem\",\"position\":1,\"name\":\"Portada\",\"item\":\"https:\\\/\\\/forummontau.com\\\/girona\\\/centre-desintoxicacio-i-addiccions-girona\\\/\"},{\"@type\":\"ListItem\",\"position\":2,\"name\":\"Addictes a l&#8217;alcohol\"}]},{\"@type\":\"WebSite\",\"@id\":\"https:\\\/\\\/forummontau.com\\\/girona\\\/#website\",\"url\":\"https:\\\/\\\/forummontau.com\\\/girona\\\/\",\"name\":\"Forum Salud Mental Girona\",\"description\":\"Centro de Desintoxicaci\u00f3n y Adicciones en Girona\",\"publisher\":{\"@id\":\"https:\\\/\\\/forummontau.com\\\/girona\\\/#organization\"},\"potentialAction\":[{\"@type\":\"SearchAction\",\"target\":{\"@type\":\"EntryPoint\",\"urlTemplate\":\"https:\\\/\\\/forummontau.com\\\/girona\\\/?s={search_term_string}\"},\"query-input\":{\"@type\":\"PropertyValueSpecification\",\"valueRequired\":true,\"valueName\":\"search_term_string\"}}],\"inLanguage\":\"es\"},{\"@type\":\"Organization\",\"@id\":\"https:\\\/\\\/forummontau.com\\\/girona\\\/#organization\",\"name\":\"Forum Salud Mental Girona\",\"url\":\"https:\\\/\\\/forummontau.com\\\/girona\\\/\",\"logo\":{\"@type\":\"ImageObject\",\"inLanguage\":\"es\",\"@id\":\"https:\\\/\\\/forummontau.com\\\/girona\\\/#\\\/schema\\\/logo\\\/image\\\/\",\"url\":\"https:\\\/\\\/forummontau.com\\\/girona\\\/wp-content\\\/uploads\\\/sites\\\/6\\\/2020\\\/02\\\/girona_forum.png\",\"contentUrl\":\"https:\\\/\\\/forummontau.com\\\/girona\\\/wp-content\\\/uploads\\\/sites\\\/6\\\/2020\\\/02\\\/girona_forum.png\",\"width\":215,\"height\":119,\"caption\":\"Forum Salud Mental Girona\"},\"image\":{\"@id\":\"https:\\\/\\\/forummontau.com\\\/girona\\\/#\\\/schema\\\/logo\\\/image\\\/\"}},{\"@type\":\"Person\",\"@id\":\"https:\\\/\\\/forummontau.com\\\/girona\\\/#\\\/schema\\\/person\\\/dd79fa1c0ba733edd439998f9d7f5e25\",\"name\":\"Forum Salud Mental Madrid\"}]}<\/script>\n<!-- \/ Yoast SEO plugin. -->","yoast_head_json":{"title":"Addictes a l'alcohol - Forum Salud Mental Girona","robots":{"index":"index","follow":"follow","max-snippet":"max-snippet:-1","max-image-preview":"max-image-preview:large","max-video-preview":"max-video-preview:-1"},"canonical":"https:\/\/forummontau.com\/girona\/addictes-a-lalcohol\/","og_locale":"es_ES","og_type":"article","og_title":"Addictes a l'alcohol - Forum Salud Mental Girona","og_description":"Quan parlem d\u2019alcoholisme estem davant un problema de salut provocat pel consum excessiu d\u2019alcohol que genera depend\u00e8ncia f\u00edsica i psicol\u00f2gica. Aquesta ingesta desmesurada i dif\u00edcil de controlar est\u00e0 causada per m\u00faltiples factors com la predisposici\u00f3 f\u00edsica, la vulnerabilitats psicol\u00f2giques i els factors soliciales que faciliten el consum. Per\u00f2 un dels aspectes m\u00e9s cridaners de l\u2019alcoholisme [&hellip;]","og_url":"https:\/\/forummontau.com\/girona\/addictes-a-lalcohol\/","og_site_name":"Forum Salud Mental Girona","article_published_time":"2018-07-18T13:59:02+00:00","article_modified_time":"2019-02-11T14:31:47+00:00","og_image":[{"width":700,"height":397,"url":"https:\/\/forummontau.com\/girona\/wp-content\/uploads\/sites\/6\/2018\/07\/adictosalcohol.png","type":"image\/png"}],"author":"Forum Salud Mental Madrid","twitter_card":"summary_large_image","twitter_misc":{"Escrito por":"Forum Salud Mental Madrid","Tiempo de lectura":"3 minutos"},"schema":{"@context":"https:\/\/schema.org","@graph":[{"@type":"Article","@id":"https:\/\/forummontau.com\/girona\/addictes-a-lalcohol\/#article","isPartOf":{"@id":"https:\/\/forummontau.com\/girona\/addictes-a-lalcohol\/"},"author":{"name":"Forum Salud Mental Madrid","@id":"https:\/\/forummontau.com\/girona\/#\/schema\/person\/dd79fa1c0ba733edd439998f9d7f5e25"},"headline":"Addictes a l&#8217;alcohol","datePublished":"2018-07-18T13:59:02+00:00","dateModified":"2019-02-11T14:31:47+00:00","mainEntityOfPage":{"@id":"https:\/\/forummontau.com\/girona\/addictes-a-lalcohol\/"},"wordCount":665,"publisher":{"@id":"https:\/\/forummontau.com\/girona\/#organization"},"image":{"@id":"https:\/\/forummontau.com\/girona\/addictes-a-lalcohol\/#primaryimage"},"thumbnailUrl":"https:\/\/forummontau.com\/girona\/wp-content\/uploads\/sites\/6\/2018\/07\/adictosalcohol.png","keywords":["Centre Addiccions","Forum Girona"],"articleSection":["Addicci\u00f3","Alcohol"],"inLanguage":"es"},{"@type":"WebPage","@id":"https:\/\/forummontau.com\/girona\/addictes-a-lalcohol\/","url":"https:\/\/forummontau.com\/girona\/addictes-a-lalcohol\/","name":"Addictes a l'alcohol - Forum Salud Mental Girona","isPartOf":{"@id":"https:\/\/forummontau.com\/girona\/#website"},"primaryImageOfPage":{"@id":"https:\/\/forummontau.com\/girona\/addictes-a-lalcohol\/#primaryimage"},"image":{"@id":"https:\/\/forummontau.com\/girona\/addictes-a-lalcohol\/#primaryimage"},"thumbnailUrl":"https:\/\/forummontau.com\/girona\/wp-content\/uploads\/sites\/6\/2018\/07\/adictosalcohol.png","datePublished":"2018-07-18T13:59:02+00:00","dateModified":"2019-02-11T14:31:47+00:00","breadcrumb":{"@id":"https:\/\/forummontau.com\/girona\/addictes-a-lalcohol\/#breadcrumb"},"inLanguage":"es","potentialAction":[{"@type":"ReadAction","target":["https:\/\/forummontau.com\/girona\/addictes-a-lalcohol\/"]}]},{"@type":"ImageObject","inLanguage":"es","@id":"https:\/\/forummontau.com\/girona\/addictes-a-lalcohol\/#primaryimage","url":"https:\/\/forummontau.com\/girona\/wp-content\/uploads\/sites\/6\/2018\/07\/adictosalcohol.png","contentUrl":"https:\/\/forummontau.com\/girona\/wp-content\/uploads\/sites\/6\/2018\/07\/adictosalcohol.png","width":"700","height":"397","caption":"Adictos al Alcohol"},{"@type":"BreadcrumbList","@id":"https:\/\/forummontau.com\/girona\/addictes-a-lalcohol\/#breadcrumb","itemListElement":[{"@type":"ListItem","position":1,"name":"Portada","item":"https:\/\/forummontau.com\/girona\/centre-desintoxicacio-i-addiccions-girona\/"},{"@type":"ListItem","position":2,"name":"Addictes a l&#8217;alcohol"}]},{"@type":"WebSite","@id":"https:\/\/forummontau.com\/girona\/#website","url":"https:\/\/forummontau.com\/girona\/","name":"Forum Salud Mental Girona","description":"Centro de Desintoxicaci\u00f3n y Adicciones en Girona","publisher":{"@id":"https:\/\/forummontau.com\/girona\/#organization"},"potentialAction":[{"@type":"SearchAction","target":{"@type":"EntryPoint","urlTemplate":"https:\/\/forummontau.com\/girona\/?s={search_term_string}"},"query-input":{"@type":"PropertyValueSpecification","valueRequired":true,"valueName":"search_term_string"}}],"inLanguage":"es"},{"@type":"Organization","@id":"https:\/\/forummontau.com\/girona\/#organization","name":"Forum Salud Mental Girona","url":"https:\/\/forummontau.com\/girona\/","logo":{"@type":"ImageObject","inLanguage":"es","@id":"https:\/\/forummontau.com\/girona\/#\/schema\/logo\/image\/","url":"https:\/\/forummontau.com\/girona\/wp-content\/uploads\/sites\/6\/2020\/02\/girona_forum.png","contentUrl":"https:\/\/forummontau.com\/girona\/wp-content\/uploads\/sites\/6\/2020\/02\/girona_forum.png","width":215,"height":119,"caption":"Forum Salud Mental Girona"},"image":{"@id":"https:\/\/forummontau.com\/girona\/#\/schema\/logo\/image\/"}},{"@type":"Person","@id":"https:\/\/forummontau.com\/girona\/#\/schema\/person\/dd79fa1c0ba733edd439998f9d7f5e25","name":"Forum Salud Mental Madrid"}]}},"_links":{"self":[{"href":"https:\/\/forummontau.com\/girona\/wp-json\/wp\/v2\/posts\/1465","targetHints":{"allow":["GET"]}}],"collection":[{"href":"https:\/\/forummontau.com\/girona\/wp-json\/wp\/v2\/posts"}],"about":[{"href":"https:\/\/forummontau.com\/girona\/wp-json\/wp\/v2\/types\/post"}],"author":[{"embeddable":true,"href":"https:\/\/forummontau.com\/girona\/wp-json\/wp\/v2\/users\/2"}],"replies":[{"embeddable":true,"href":"https:\/\/forummontau.com\/girona\/wp-json\/wp\/v2\/comments?post=1465"}],"version-history":[{"count":0,"href":"https:\/\/forummontau.com\/girona\/wp-json\/wp\/v2\/posts\/1465\/revisions"}],"wp:featuredmedia":[{"embeddable":true,"href":"https:\/\/forummontau.com\/girona\/wp-json\/wp\/v2\/media\/1466"}],"wp:attachment":[{"href":"https:\/\/forummontau.com\/girona\/wp-json\/wp\/v2\/media?parent=1465"}],"wp:term":[{"taxonomy":"category","embeddable":true,"href":"https:\/\/forummontau.com\/girona\/wp-json\/wp\/v2\/categories?post=1465"},{"taxonomy":"post_tag","embeddable":true,"href":"https:\/\/forummontau.com\/girona\/wp-json\/wp\/v2\/tags?post=1465"}],"curies":[{"name":"wp","href":"https:\/\/api.w.org\/{rel}","templated":true}]}}