{"id":1480,"date":"2018-08-13T06:35:03","date_gmt":"2018-08-13T06:35:03","guid":{"rendered":"https:\/\/forumgirona.cat\/?p=1480"},"modified":"2019-02-11T14:31:47","modified_gmt":"2019-02-11T14:31:47","slug":"lebriorexia-la-perillosa-dieta-de-lalcohol","status":"publish","type":"post","link":"https:\/\/forummontau.com\/girona\/lebriorexia-la-perillosa-dieta-de-lalcohol\/","title":{"rendered":"L&#8217;ebriorexia, la perillosa dieta de l&#8217;alcohol"},"content":{"rendered":"<p class=\"ng-scope\"><strong>Quan fem dieta<\/strong>, el primer que ens diuen, \u00e9s que<strong>&nbsp;deixem de beure alcohol<\/strong>. El motiu \u00e9s simple i clar:&nbsp;<strong>l\u2019acohol engreixa<\/strong>.&nbsp;Tan se val el tipus d\u2019alcohol que bebem, les calories que t\u00e9 s\u00f3n molt elevades, pero hi ha una nova moda que opina el contrari y que diu que pots&nbsp;<strong>aprimar-te amb alcohol<\/strong>. Es tracta de l\u2019<strong>Ebriorexia<\/strong>.<\/p>\n<p class=\"ng-scope\"><strong>L\u2019ebriorexia \u00e9s una malaltia<\/strong>&nbsp;que combina v\u00e0ries a la vegada, d\u2019aqu\u00ed que la paraula sigui un combinat.<strong>&nbsp;Bulimia + anorexia + alcoholisme<\/strong>.<\/p>\n<p>El trastorn consisteix a deixar de menjar, i compensar totes aquestes calories que necessita el nostre cos amb alcohol. Encara que aix\u00f2 no \u00e9s l\u2019\u00fanic. Les persones que \u201cpractiquen\u201d aquesta insana dieta solen engolir en l\u2019algun moment gran quantitat de com\u00e8dia fins provocar-se el v\u00f2mit.<\/p>\n<p>Les persones que han pres aquesta decisi\u00f3 no van a assumir de manera f\u00e0cil que necessiten ajuda, per\u00f2&nbsp;<strong>tu pots identificar-lo<\/strong>&nbsp;en elles i tractar de fer-ho. Per a aix\u00f2 has de tenir en compte els seg\u00fcents punts sobre una persona que pateix ebriorexia.<\/p>\n<ul>\n<li>Consumir alcohol en grans quantitats de manera regular i, en molts casos, d\u2019amagat.<\/li>\n<li>Menjar de manera desmesurada en ocasions puntuals.<\/li>\n<li>Por a l\u2019augment de pes i a menjar davant d\u2019altres persones.<\/li>\n<li>P\u00e8rdua cabell i deteriorament de la dentadura.<\/li>\n<li>Debilitat corporal i canvis en el to de la pell.<\/li>\n<li>A\u00efllament social i comportament agressiu.<\/li>\n<\/ul>\n<p>Les&nbsp;<strong>dones entre 18 i 30 anys<\/strong>&nbsp;s\u00f3n els principals casos que s\u2019han registrat, per\u00f2 pot afectar a qualsevol persona. S\u00f3n moltes les famoses que se les ha vist en p\u00fablic borratxes i lluint una figura gaireb\u00e9 esquel\u00e8tica, per aquest motiu altres tantes hagin seguit aquesta moda. Tot i que pot semblar que d\u00f3na resultats, el ingerir alcohol com a dieta acaba sotmetent al nostre cos a una&nbsp;<strong>situaci\u00f3 de risc<\/strong>&nbsp;que pot comportar malalties cr\u00f2niques.[:]<\/p>\n","protected":false},"excerpt":{"rendered":"<p>Quan fem dieta, el primer que ens diuen, \u00e9s que&nbsp;deixem de beure alcohol. El motiu \u00e9s simple i clar:&nbsp;l\u2019acohol engreixa.&nbsp;Tan se val el tipus d\u2019alcohol que bebem, les calories que t\u00e9 s\u00f3n molt elevades, pero hi ha una nova moda que opina el contrari y que diu que pots&nbsp;aprimar-te amb alcohol. Es tracta de l\u2019Ebriorexia. [&hellip;]<\/p>\n","protected":false},"author":2,"featured_media":1478,"comment_status":"closed","ping_status":"open","sticky":false,"template":"","format":"standard","meta":{"ocean_post_layout":"","ocean_both_sidebars_style":"","ocean_both_sidebars_content_width":0,"ocean_both_sidebars_sidebars_width":0,"ocean_sidebar":"0","ocean_second_sidebar":"0","ocean_disable_margins":"enable","ocean_add_body_class":"","ocean_shortcode_before_top_bar":"","ocean_shortcode_after_top_bar":"","ocean_shortcode_before_header":"","ocean_shortcode_after_header":"","ocean_has_shortcode":"","ocean_shortcode_after_title":"","ocean_shortcode_before_footer_widgets":"","ocean_shortcode_after_footer_widgets":"","ocean_shortcode_before_footer_bottom":"","ocean_shortcode_after_footer_bottom":"","ocean_display_top_bar":"default","ocean_display_header":"default","ocean_header_style":"","ocean_center_header_left_menu":"0","ocean_custom_header_template":"0","ocean_custom_logo":0,"ocean_custom_retina_logo":0,"ocean_custom_logo_max_width":0,"ocean_custom_logo_tablet_max_width":0,"ocean_custom_logo_mobile_max_width":0,"ocean_custom_logo_max_height":0,"ocean_custom_logo_tablet_max_height":0,"ocean_custom_logo_mobile_max_height":0,"ocean_header_custom_menu":"0","ocean_menu_typo_font_family":"0","ocean_menu_typo_font_subset":"","ocean_menu_typo_font_size":0,"ocean_menu_typo_font_size_tablet":0,"ocean_menu_typo_font_size_mobile":0,"ocean_menu_typo_font_size_unit":"px","ocean_menu_typo_font_weight":"","ocean_menu_typo_font_weight_tablet":"","ocean_menu_typo_font_weight_mobile":"","ocean_menu_typo_transform":"","ocean_menu_typo_transform_tablet":"","ocean_menu_typo_transform_mobile":"","ocean_menu_typo_line_height":0,"ocean_menu_typo_line_height_tablet":0,"ocean_menu_typo_line_height_mobile":0,"ocean_menu_typo_line_height_unit":"","ocean_menu_typo_spacing":0,"ocean_menu_typo_spacing_tablet":0,"ocean_menu_typo_spacing_mobile":0,"ocean_menu_typo_spacing_unit":"","ocean_menu_link_color":"","ocean_menu_link_color_hover":"","ocean_menu_link_color_active":"","ocean_menu_link_background":"","ocean_menu_link_hover_background":"","ocean_menu_link_active_background":"","ocean_menu_social_links_bg":"","ocean_menu_social_hover_links_bg":"","ocean_menu_social_links_color":"","ocean_menu_social_hover_links_color":"","ocean_disable_title":"default","ocean_disable_heading":"default","ocean_post_title":"","ocean_post_subheading":"","ocean_post_title_style":"","ocean_post_title_background_color":"","ocean_post_title_background":0,"ocean_post_title_bg_image_position":"","ocean_post_title_bg_image_attachment":"","ocean_post_title_bg_image_repeat":"","ocean_post_title_bg_image_size":"","ocean_post_title_height":0,"ocean_post_title_bg_overlay":0.5,"ocean_post_title_bg_overlay_color":"","ocean_disable_breadcrumbs":"default","ocean_breadcrumbs_color":"","ocean_breadcrumbs_separator_color":"","ocean_breadcrumbs_links_color":"","ocean_breadcrumbs_links_hover_color":"","ocean_display_footer_widgets":"default","ocean_display_footer_bottom":"default","ocean_custom_footer_template":"0","ocean_post_oembed":"","ocean_post_self_hosted_media":"","ocean_post_video_embed":"","ocean_link_format":"","ocean_link_format_target":"self","ocean_quote_format":"","ocean_quote_format_link":"post","ocean_gallery_link_images":"off","ocean_gallery_id":[],"footnotes":""},"categories":[51],"tags":[127,129],"class_list":["post-1480","post","type-post","status-publish","format-standard","has-post-thumbnail","hentry","category-alcohol-ca","tag-centre-terapeutic","tag-forum-girona-ca","entry","has-media"],"yoast_head":"<!-- This site is optimized with the Yoast SEO plugin v27.5 - https:\/\/yoast.com\/product\/yoast-seo-wordpress\/ -->\n<title>L&#039;ebriorexia, la perillosa dieta de l&#039;alcohol - Forum Salud Mental Girona<\/title>\n<meta name=\"robots\" content=\"index, follow, max-snippet:-1, max-image-preview:large, max-video-preview:-1\" \/>\n<link rel=\"canonical\" href=\"https:\/\/forummontau.com\/girona\/lebriorexia-la-perillosa-dieta-de-lalcohol\/\" \/>\n<meta property=\"og:locale\" content=\"es_ES\" \/>\n<meta property=\"og:type\" content=\"article\" \/>\n<meta property=\"og:title\" content=\"L&#039;ebriorexia, la perillosa dieta de l&#039;alcohol - Forum Salud Mental Girona\" \/>\n<meta property=\"og:description\" content=\"Quan fem dieta, el primer que ens diuen, \u00e9s que&nbsp;deixem de beure alcohol. El motiu \u00e9s simple i clar:&nbsp;l\u2019acohol engreixa.&nbsp;Tan se val el tipus d\u2019alcohol que bebem, les calories que t\u00e9 s\u00f3n molt elevades, pero hi ha una nova moda que opina el contrari y que diu que pots&nbsp;aprimar-te amb alcohol. Es tracta de l\u2019Ebriorexia. [&hellip;]\" \/>\n<meta property=\"og:url\" content=\"https:\/\/forummontau.com\/girona\/lebriorexia-la-perillosa-dieta-de-lalcohol\/\" \/>\n<meta property=\"og:site_name\" content=\"Forum Salud Mental Girona\" \/>\n<meta property=\"article:published_time\" content=\"2018-08-13T06:35:03+00:00\" \/>\n<meta property=\"article:modified_time\" content=\"2019-02-11T14:31:47+00:00\" \/>\n<meta property=\"og:image\" content=\"https:\/\/forummontau.com\/girona\/wp-content\/uploads\/sites\/6\/2018\/08\/ebriorexia.jpg\" \/>\n\t<meta property=\"og:image:width\" content=\"828\" \/>\n\t<meta property=\"og:image:height\" content=\"472\" \/>\n\t<meta property=\"og:image:type\" content=\"image\/jpeg\" \/>\n<meta name=\"author\" content=\"Forum Salud Mental Madrid\" \/>\n<meta name=\"twitter:card\" content=\"summary_large_image\" \/>\n<meta name=\"twitter:label1\" content=\"Escrito por\" \/>\n\t<meta name=\"twitter:data1\" content=\"Forum Salud Mental Madrid\" \/>\n\t<meta name=\"twitter:label2\" content=\"Tiempo de lectura\" \/>\n\t<meta name=\"twitter:data2\" content=\"2 minutos\" \/>\n<script type=\"application\/ld+json\" class=\"yoast-schema-graph\">{\"@context\":\"https:\\\/\\\/schema.org\",\"@graph\":[{\"@type\":\"Article\",\"@id\":\"https:\\\/\\\/forummontau.com\\\/girona\\\/lebriorexia-la-perillosa-dieta-de-lalcohol\\\/#article\",\"isPartOf\":{\"@id\":\"https:\\\/\\\/forummontau.com\\\/girona\\\/lebriorexia-la-perillosa-dieta-de-lalcohol\\\/\"},\"author\":{\"name\":\"Forum Salud Mental Madrid\",\"@id\":\"https:\\\/\\\/forummontau.com\\\/girona\\\/#\\\/schema\\\/person\\\/dd79fa1c0ba733edd439998f9d7f5e25\"},\"headline\":\"L&#8217;ebriorexia, la perillosa dieta de l&#8217;alcohol\",\"datePublished\":\"2018-08-13T06:35:03+00:00\",\"dateModified\":\"2019-02-11T14:31:47+00:00\",\"mainEntityOfPage\":{\"@id\":\"https:\\\/\\\/forummontau.com\\\/girona\\\/lebriorexia-la-perillosa-dieta-de-lalcohol\\\/\"},\"wordCount\":340,\"publisher\":{\"@id\":\"https:\\\/\\\/forummontau.com\\\/girona\\\/#organization\"},\"image\":{\"@id\":\"https:\\\/\\\/forummontau.com\\\/girona\\\/lebriorexia-la-perillosa-dieta-de-lalcohol\\\/#primaryimage\"},\"thumbnailUrl\":\"https:\\\/\\\/forummontau.com\\\/girona\\\/wp-content\\\/uploads\\\/sites\\\/6\\\/2018\\\/08\\\/ebriorexia.jpg\",\"keywords\":[\"Centre terapeutic\",\"Forum Girona\"],\"articleSection\":[\"Alcohol\"],\"inLanguage\":\"es\"},{\"@type\":\"WebPage\",\"@id\":\"https:\\\/\\\/forummontau.com\\\/girona\\\/lebriorexia-la-perillosa-dieta-de-lalcohol\\\/\",\"url\":\"https:\\\/\\\/forummontau.com\\\/girona\\\/lebriorexia-la-perillosa-dieta-de-lalcohol\\\/\",\"name\":\"L'ebriorexia, la perillosa dieta de l'alcohol - Forum Salud Mental Girona\",\"isPartOf\":{\"@id\":\"https:\\\/\\\/forummontau.com\\\/girona\\\/#website\"},\"primaryImageOfPage\":{\"@id\":\"https:\\\/\\\/forummontau.com\\\/girona\\\/lebriorexia-la-perillosa-dieta-de-lalcohol\\\/#primaryimage\"},\"image\":{\"@id\":\"https:\\\/\\\/forummontau.com\\\/girona\\\/lebriorexia-la-perillosa-dieta-de-lalcohol\\\/#primaryimage\"},\"thumbnailUrl\":\"https:\\\/\\\/forummontau.com\\\/girona\\\/wp-content\\\/uploads\\\/sites\\\/6\\\/2018\\\/08\\\/ebriorexia.jpg\",\"datePublished\":\"2018-08-13T06:35:03+00:00\",\"dateModified\":\"2019-02-11T14:31:47+00:00\",\"breadcrumb\":{\"@id\":\"https:\\\/\\\/forummontau.com\\\/girona\\\/lebriorexia-la-perillosa-dieta-de-lalcohol\\\/#breadcrumb\"},\"inLanguage\":\"es\",\"potentialAction\":[{\"@type\":\"ReadAction\",\"target\":[\"https:\\\/\\\/forummontau.com\\\/girona\\\/lebriorexia-la-perillosa-dieta-de-lalcohol\\\/\"]}]},{\"@type\":\"ImageObject\",\"inLanguage\":\"es\",\"@id\":\"https:\\\/\\\/forummontau.com\\\/girona\\\/lebriorexia-la-perillosa-dieta-de-lalcohol\\\/#primaryimage\",\"url\":\"https:\\\/\\\/forummontau.com\\\/girona\\\/wp-content\\\/uploads\\\/sites\\\/6\\\/2018\\\/08\\\/ebriorexia.jpg\",\"contentUrl\":\"https:\\\/\\\/forummontau.com\\\/girona\\\/wp-content\\\/uploads\\\/sites\\\/6\\\/2018\\\/08\\\/ebriorexia.jpg\",\"width\":828,\"height\":472,\"caption\":\"Ebriorexia\"},{\"@type\":\"BreadcrumbList\",\"@id\":\"https:\\\/\\\/forummontau.com\\\/girona\\\/lebriorexia-la-perillosa-dieta-de-lalcohol\\\/#breadcrumb\",\"itemListElement\":[{\"@type\":\"ListItem\",\"position\":1,\"name\":\"Portada\",\"item\":\"https:\\\/\\\/forummontau.com\\\/girona\\\/centre-desintoxicacio-i-addiccions-girona\\\/\"},{\"@type\":\"ListItem\",\"position\":2,\"name\":\"L&#8217;ebriorexia, la perillosa dieta de l&#8217;alcohol\"}]},{\"@type\":\"WebSite\",\"@id\":\"https:\\\/\\\/forummontau.com\\\/girona\\\/#website\",\"url\":\"https:\\\/\\\/forummontau.com\\\/girona\\\/\",\"name\":\"Forum Salud Mental Girona\",\"description\":\"Centro de Desintoxicaci\u00f3n y Adicciones en Girona\",\"publisher\":{\"@id\":\"https:\\\/\\\/forummontau.com\\\/girona\\\/#organization\"},\"potentialAction\":[{\"@type\":\"SearchAction\",\"target\":{\"@type\":\"EntryPoint\",\"urlTemplate\":\"https:\\\/\\\/forummontau.com\\\/girona\\\/?s={search_term_string}\"},\"query-input\":{\"@type\":\"PropertyValueSpecification\",\"valueRequired\":true,\"valueName\":\"search_term_string\"}}],\"inLanguage\":\"es\"},{\"@type\":\"Organization\",\"@id\":\"https:\\\/\\\/forummontau.com\\\/girona\\\/#organization\",\"name\":\"Forum Salud Mental Girona\",\"url\":\"https:\\\/\\\/forummontau.com\\\/girona\\\/\",\"logo\":{\"@type\":\"ImageObject\",\"inLanguage\":\"es\",\"@id\":\"https:\\\/\\\/forummontau.com\\\/girona\\\/#\\\/schema\\\/logo\\\/image\\\/\",\"url\":\"https:\\\/\\\/forummontau.com\\\/girona\\\/wp-content\\\/uploads\\\/sites\\\/6\\\/2020\\\/02\\\/girona_forum.png\",\"contentUrl\":\"https:\\\/\\\/forummontau.com\\\/girona\\\/wp-content\\\/uploads\\\/sites\\\/6\\\/2020\\\/02\\\/girona_forum.png\",\"width\":215,\"height\":119,\"caption\":\"Forum Salud Mental Girona\"},\"image\":{\"@id\":\"https:\\\/\\\/forummontau.com\\\/girona\\\/#\\\/schema\\\/logo\\\/image\\\/\"}},{\"@type\":\"Person\",\"@id\":\"https:\\\/\\\/forummontau.com\\\/girona\\\/#\\\/schema\\\/person\\\/dd79fa1c0ba733edd439998f9d7f5e25\",\"name\":\"Forum Salud Mental Madrid\"}]}<\/script>\n<!-- \/ Yoast SEO plugin. -->","yoast_head_json":{"title":"L'ebriorexia, la perillosa dieta de l'alcohol - Forum Salud Mental Girona","robots":{"index":"index","follow":"follow","max-snippet":"max-snippet:-1","max-image-preview":"max-image-preview:large","max-video-preview":"max-video-preview:-1"},"canonical":"https:\/\/forummontau.com\/girona\/lebriorexia-la-perillosa-dieta-de-lalcohol\/","og_locale":"es_ES","og_type":"article","og_title":"L'ebriorexia, la perillosa dieta de l'alcohol - Forum Salud Mental Girona","og_description":"Quan fem dieta, el primer que ens diuen, \u00e9s que&nbsp;deixem de beure alcohol. El motiu \u00e9s simple i clar:&nbsp;l\u2019acohol engreixa.&nbsp;Tan se val el tipus d\u2019alcohol que bebem, les calories que t\u00e9 s\u00f3n molt elevades, pero hi ha una nova moda que opina el contrari y que diu que pots&nbsp;aprimar-te amb alcohol. Es tracta de l\u2019Ebriorexia. [&hellip;]","og_url":"https:\/\/forummontau.com\/girona\/lebriorexia-la-perillosa-dieta-de-lalcohol\/","og_site_name":"Forum Salud Mental Girona","article_published_time":"2018-08-13T06:35:03+00:00","article_modified_time":"2019-02-11T14:31:47+00:00","og_image":[{"width":828,"height":472,"url":"https:\/\/forummontau.com\/girona\/wp-content\/uploads\/sites\/6\/2018\/08\/ebriorexia.jpg","type":"image\/jpeg"}],"author":"Forum Salud Mental Madrid","twitter_card":"summary_large_image","twitter_misc":{"Escrito por":"Forum Salud Mental Madrid","Tiempo de lectura":"2 minutos"},"schema":{"@context":"https:\/\/schema.org","@graph":[{"@type":"Article","@id":"https:\/\/forummontau.com\/girona\/lebriorexia-la-perillosa-dieta-de-lalcohol\/#article","isPartOf":{"@id":"https:\/\/forummontau.com\/girona\/lebriorexia-la-perillosa-dieta-de-lalcohol\/"},"author":{"name":"Forum Salud Mental Madrid","@id":"https:\/\/forummontau.com\/girona\/#\/schema\/person\/dd79fa1c0ba733edd439998f9d7f5e25"},"headline":"L&#8217;ebriorexia, la perillosa dieta de l&#8217;alcohol","datePublished":"2018-08-13T06:35:03+00:00","dateModified":"2019-02-11T14:31:47+00:00","mainEntityOfPage":{"@id":"https:\/\/forummontau.com\/girona\/lebriorexia-la-perillosa-dieta-de-lalcohol\/"},"wordCount":340,"publisher":{"@id":"https:\/\/forummontau.com\/girona\/#organization"},"image":{"@id":"https:\/\/forummontau.com\/girona\/lebriorexia-la-perillosa-dieta-de-lalcohol\/#primaryimage"},"thumbnailUrl":"https:\/\/forummontau.com\/girona\/wp-content\/uploads\/sites\/6\/2018\/08\/ebriorexia.jpg","keywords":["Centre terapeutic","Forum Girona"],"articleSection":["Alcohol"],"inLanguage":"es"},{"@type":"WebPage","@id":"https:\/\/forummontau.com\/girona\/lebriorexia-la-perillosa-dieta-de-lalcohol\/","url":"https:\/\/forummontau.com\/girona\/lebriorexia-la-perillosa-dieta-de-lalcohol\/","name":"L'ebriorexia, la perillosa dieta de l'alcohol - Forum Salud Mental Girona","isPartOf":{"@id":"https:\/\/forummontau.com\/girona\/#website"},"primaryImageOfPage":{"@id":"https:\/\/forummontau.com\/girona\/lebriorexia-la-perillosa-dieta-de-lalcohol\/#primaryimage"},"image":{"@id":"https:\/\/forummontau.com\/girona\/lebriorexia-la-perillosa-dieta-de-lalcohol\/#primaryimage"},"thumbnailUrl":"https:\/\/forummontau.com\/girona\/wp-content\/uploads\/sites\/6\/2018\/08\/ebriorexia.jpg","datePublished":"2018-08-13T06:35:03+00:00","dateModified":"2019-02-11T14:31:47+00:00","breadcrumb":{"@id":"https:\/\/forummontau.com\/girona\/lebriorexia-la-perillosa-dieta-de-lalcohol\/#breadcrumb"},"inLanguage":"es","potentialAction":[{"@type":"ReadAction","target":["https:\/\/forummontau.com\/girona\/lebriorexia-la-perillosa-dieta-de-lalcohol\/"]}]},{"@type":"ImageObject","inLanguage":"es","@id":"https:\/\/forummontau.com\/girona\/lebriorexia-la-perillosa-dieta-de-lalcohol\/#primaryimage","url":"https:\/\/forummontau.com\/girona\/wp-content\/uploads\/sites\/6\/2018\/08\/ebriorexia.jpg","contentUrl":"https:\/\/forummontau.com\/girona\/wp-content\/uploads\/sites\/6\/2018\/08\/ebriorexia.jpg","width":828,"height":472,"caption":"Ebriorexia"},{"@type":"BreadcrumbList","@id":"https:\/\/forummontau.com\/girona\/lebriorexia-la-perillosa-dieta-de-lalcohol\/#breadcrumb","itemListElement":[{"@type":"ListItem","position":1,"name":"Portada","item":"https:\/\/forummontau.com\/girona\/centre-desintoxicacio-i-addiccions-girona\/"},{"@type":"ListItem","position":2,"name":"L&#8217;ebriorexia, la perillosa dieta de l&#8217;alcohol"}]},{"@type":"WebSite","@id":"https:\/\/forummontau.com\/girona\/#website","url":"https:\/\/forummontau.com\/girona\/","name":"Forum Salud Mental Girona","description":"Centro de Desintoxicaci\u00f3n y Adicciones en Girona","publisher":{"@id":"https:\/\/forummontau.com\/girona\/#organization"},"potentialAction":[{"@type":"SearchAction","target":{"@type":"EntryPoint","urlTemplate":"https:\/\/forummontau.com\/girona\/?s={search_term_string}"},"query-input":{"@type":"PropertyValueSpecification","valueRequired":true,"valueName":"search_term_string"}}],"inLanguage":"es"},{"@type":"Organization","@id":"https:\/\/forummontau.com\/girona\/#organization","name":"Forum Salud Mental Girona","url":"https:\/\/forummontau.com\/girona\/","logo":{"@type":"ImageObject","inLanguage":"es","@id":"https:\/\/forummontau.com\/girona\/#\/schema\/logo\/image\/","url":"https:\/\/forummontau.com\/girona\/wp-content\/uploads\/sites\/6\/2020\/02\/girona_forum.png","contentUrl":"https:\/\/forummontau.com\/girona\/wp-content\/uploads\/sites\/6\/2020\/02\/girona_forum.png","width":215,"height":119,"caption":"Forum Salud Mental Girona"},"image":{"@id":"https:\/\/forummontau.com\/girona\/#\/schema\/logo\/image\/"}},{"@type":"Person","@id":"https:\/\/forummontau.com\/girona\/#\/schema\/person\/dd79fa1c0ba733edd439998f9d7f5e25","name":"Forum Salud Mental Madrid"}]}},"_links":{"self":[{"href":"https:\/\/forummontau.com\/girona\/wp-json\/wp\/v2\/posts\/1480","targetHints":{"allow":["GET"]}}],"collection":[{"href":"https:\/\/forummontau.com\/girona\/wp-json\/wp\/v2\/posts"}],"about":[{"href":"https:\/\/forummontau.com\/girona\/wp-json\/wp\/v2\/types\/post"}],"author":[{"embeddable":true,"href":"https:\/\/forummontau.com\/girona\/wp-json\/wp\/v2\/users\/2"}],"replies":[{"embeddable":true,"href":"https:\/\/forummontau.com\/girona\/wp-json\/wp\/v2\/comments?post=1480"}],"version-history":[{"count":0,"href":"https:\/\/forummontau.com\/girona\/wp-json\/wp\/v2\/posts\/1480\/revisions"}],"wp:featuredmedia":[{"embeddable":true,"href":"https:\/\/forummontau.com\/girona\/wp-json\/wp\/v2\/media\/1478"}],"wp:attachment":[{"href":"https:\/\/forummontau.com\/girona\/wp-json\/wp\/v2\/media?parent=1480"}],"wp:term":[{"taxonomy":"category","embeddable":true,"href":"https:\/\/forummontau.com\/girona\/wp-json\/wp\/v2\/categories?post=1480"},{"taxonomy":"post_tag","embeddable":true,"href":"https:\/\/forummontau.com\/girona\/wp-json\/wp\/v2\/tags?post=1480"}],"curies":[{"name":"wp","href":"https:\/\/api.w.org\/{rel}","templated":true}]}}