{"id":1497,"date":"2018-10-03T14:43:30","date_gmt":"2018-10-03T14:43:30","guid":{"rendered":"https:\/\/forumgirona.cat\/?p=1497"},"modified":"2019-02-11T14:31:47","modified_gmt":"2019-02-11T14:31:47","slug":"per-que-perdem-la-memoria-quan-bebem-massa-2","status":"publish","type":"post","link":"https:\/\/forummontau.com\/girona\/per-que-perdem-la-memoria-quan-bebem-massa-2\/","title":{"rendered":"Per qu\u00e8 perdem la mem\u00f2ria quan bebem massa?"},"content":{"rendered":"<p>Les <strong>apagades\u00a0indu\u00efdes per l&#8217;alcohol<\/strong>, terme col\u00b7loquial amb conseq\u00fc\u00e8ncies potencialment greus, <strong>provoquen que tots els records de la nit\u00a0s&#8217;esborrin<\/strong>. Alguns bevedors experimenten <strong>apagades de fragments<\/strong>, menys severs, on nom\u00e9s es perden trossos de la mem\u00f2ria.<\/p>\n<p>Si aquest tipus d&#8217;amn\u00e8sia despr\u00e9s de beure alcohol sona familiar, \u00e9s perqu\u00e8 les apagades s\u00f3n sorprenentment comuns.<\/p>\n<p>Una an\u00e0lisi suggereix que m\u00e9s de la meitat dels bevedors universitaris han experimentat algun nivell d&#8217;apagada quan se&#8217;ls va preguntar sobre els seus h\u00e0bits de beguda, mentre que una enquesta a m\u00e9s de 2.000 adolescents, acabats de sortir de la secund\u00e0ria, va revelar que el 20% havia experimentat una apagada en els \u00faltims sis mesos.<\/p>\n<h2>Noves\u00a0investigacions<\/h2>\n<p>Els cient\u00edfics estan revelant m\u00e9s coses sobre per qu\u00e8 ocorren les apagades i per qu\u00e8\u00a0afecten\u00a0uns m\u00e9s que a altres, ajudant-los a comprendre millor aquest fenomen i, amb una mica de sort, a prevenir les seves conseq\u00fc\u00e8ncies negatives.<\/p>\n<p>Durant moltes d\u00e8cades es va pensar que nom\u00e9s els alcoh\u00f2lics patien apagades de mem\u00f2ria per embriaguesa. Aquesta idea nom\u00e9s va canviar fins que ho van demostrar els estudis recents. Una estranya s\u00e8rie d&#8217;experiments, que avui no serien aprovats per \u00e8tica, van revelar algunes idees sorprenents.<\/p>\n<p>A finals de la d\u00e8cada de 1960, un investigador anomenat Donald\u00a0<span class=\"hiddenSpellError\">Goodwin<\/span>\u00a0va reclutar a alcoh\u00f2lics en hospitals i centres de treball per identificar qu\u00e8 passa quan un record, en estat d&#8217;embriaguesa, desapareix.<\/p>\n<p>Va descobrir que de cada 100 alcoh\u00f2lics, m\u00e9s de 60 van experimentar apagades regulars, alguns totals i altres fragmentaris.<\/p>\n<p>Tamb\u00e9 va revelar que les persones que experimenten una apagada poden actuar d&#8217;una manera notablement coherent. Per exemple, va mostrar que durant la intoxicaci\u00f3 dels subjectes van usar la mem\u00f2ria immediata \u00absense impediment\u00bb i, fins i tot, van ser capa\u00e7os de realitzar c\u00e0lculs simples. Per\u00f2 els oblidaven 30 minuts despr\u00e9s.<\/p>\n<h2>L&#8217;alcohol danya l&#8217;hipocamp<\/h2>\n<p>Els fragments de mem\u00f2ria, que es perden per complet durant una apagada, revelen qu\u00e8 succeeix al cervell. E<strong>s creu que l&#8217;hipocamp -l&#8217;estructura\u00a0del cervell responsable d&#8217;entrella\u00e7ar informaci\u00f3 entrant i crear records dels esdeveniments quotidians- es fa malb\u00e9 de manera moment\u00e0nia<\/strong>. Aix\u00ed, les persones amb danys greus en aquesta \u00e0rea no poden crear nous records.<\/p>\n<p>Segons White, que ha estudiat el proc\u00e9s a nivell celular\u00a0amb cervells de rosegadors, l&#8217;alcohol interromp els circuits cerebrals centrals, que creen records\u00a0epis\u00f2dics, \u00e9s a dir, de moments i llocs espec\u00edfics.<\/p>\n<p>\u00abCreiem que gran part del que passa \u00e9s que l&#8217;alcohol suprimeix l&#8217;hipocamp, deixant-se inhabilitat per crear aquest registre continu d&#8217;esdeveniments\u00bb, diu. \u00ab\u00c9s com un espai en blanc en un enregistrament\u00bb.<\/p>\n<p>En rates, White va demostrar que hi ha dosis d&#8217;alcohol on les c\u00e8l\u00b7lules cerebrals \u00abencara funcionen\u00bb, i que amb dosis m\u00e9s altes queden inactives per complet. Aix\u00f2 explica que, en les apagades parcials, nom\u00e9s es perden fragments.<\/p>\n<p>Per\u00f2 White tamb\u00e9 explica un altre fenomen: mentre aix\u00f2 passa, altres dues \u00e0rees importants del cervell, que alimenten la informaci\u00f3 de l&#8217;hipocamp sobre qu\u00e8 passa al m\u00f3n, tamb\u00e9 se suprimeixen quan bevem alcohol. Es tracta del l\u00f2bul frontal -l&#8217;\u00e0rea\u00a0de raonament del cervell, que fem servir quan parem atenci\u00f3 a alguna cosa-, i l&#8217;am\u00edgdala -l&#8217;\u00e0rea\u00a0que ens adverteix sobre el perill-.<\/p>\n","protected":false},"excerpt":{"rendered":"<p>Les apagades\u00a0indu\u00efdes per l&#8217;alcohol, terme col\u00b7loquial amb conseq\u00fc\u00e8ncies potencialment greus, provoquen que tots els records de la nit\u00a0s&#8217;esborrin. Alguns bevedors experimenten apagades de fragments, menys severs, on nom\u00e9s es perden trossos de la mem\u00f2ria. Si aquest tipus d&#8217;amn\u00e8sia despr\u00e9s de beure alcohol sona familiar, \u00e9s perqu\u00e8 les apagades s\u00f3n sorprenentment comuns. Una an\u00e0lisi suggereix que [&hellip;]<\/p>\n","protected":false},"author":2,"featured_media":1495,"comment_status":"closed","ping_status":"open","sticky":false,"template":"","format":"standard","meta":{"ocean_post_layout":"","ocean_both_sidebars_style":"","ocean_both_sidebars_content_width":0,"ocean_both_sidebars_sidebars_width":0,"ocean_sidebar":"0","ocean_second_sidebar":"0","ocean_disable_margins":"enable","ocean_add_body_class":"","ocean_shortcode_before_top_bar":"","ocean_shortcode_after_top_bar":"","ocean_shortcode_before_header":"","ocean_shortcode_after_header":"","ocean_has_shortcode":"","ocean_shortcode_after_title":"","ocean_shortcode_before_footer_widgets":"","ocean_shortcode_after_footer_widgets":"","ocean_shortcode_before_footer_bottom":"","ocean_shortcode_after_footer_bottom":"","ocean_display_top_bar":"default","ocean_display_header":"default","ocean_header_style":"","ocean_center_header_left_menu":"0","ocean_custom_header_template":"0","ocean_custom_logo":0,"ocean_custom_retina_logo":0,"ocean_custom_logo_max_width":0,"ocean_custom_logo_tablet_max_width":0,"ocean_custom_logo_mobile_max_width":0,"ocean_custom_logo_max_height":0,"ocean_custom_logo_tablet_max_height":0,"ocean_custom_logo_mobile_max_height":0,"ocean_header_custom_menu":"0","ocean_menu_typo_font_family":"0","ocean_menu_typo_font_subset":"","ocean_menu_typo_font_size":0,"ocean_menu_typo_font_size_tablet":0,"ocean_menu_typo_font_size_mobile":0,"ocean_menu_typo_font_size_unit":"px","ocean_menu_typo_font_weight":"","ocean_menu_typo_font_weight_tablet":"","ocean_menu_typo_font_weight_mobile":"","ocean_menu_typo_transform":"","ocean_menu_typo_transform_tablet":"","ocean_menu_typo_transform_mobile":"","ocean_menu_typo_line_height":0,"ocean_menu_typo_line_height_tablet":0,"ocean_menu_typo_line_height_mobile":0,"ocean_menu_typo_line_height_unit":"","ocean_menu_typo_spacing":0,"ocean_menu_typo_spacing_tablet":0,"ocean_menu_typo_spacing_mobile":0,"ocean_menu_typo_spacing_unit":"","ocean_menu_link_color":"","ocean_menu_link_color_hover":"","ocean_menu_link_color_active":"","ocean_menu_link_background":"","ocean_menu_link_hover_background":"","ocean_menu_link_active_background":"","ocean_menu_social_links_bg":"","ocean_menu_social_hover_links_bg":"","ocean_menu_social_links_color":"","ocean_menu_social_hover_links_color":"","ocean_disable_title":"default","ocean_disable_heading":"default","ocean_post_title":"","ocean_post_subheading":"","ocean_post_title_style":"","ocean_post_title_background_color":"","ocean_post_title_background":0,"ocean_post_title_bg_image_position":"","ocean_post_title_bg_image_attachment":"","ocean_post_title_bg_image_repeat":"","ocean_post_title_bg_image_size":"","ocean_post_title_height":0,"ocean_post_title_bg_overlay":0.5,"ocean_post_title_bg_overlay_color":"","ocean_disable_breadcrumbs":"default","ocean_breadcrumbs_color":"","ocean_breadcrumbs_separator_color":"","ocean_breadcrumbs_links_color":"","ocean_breadcrumbs_links_hover_color":"","ocean_display_footer_widgets":"default","ocean_display_footer_bottom":"default","ocean_custom_footer_template":"0","ocean_post_oembed":"","ocean_post_self_hosted_media":"","ocean_post_video_embed":"","ocean_link_format":"","ocean_link_format_target":"self","ocean_quote_format":"","ocean_quote_format_link":"post","ocean_gallery_link_images":"off","ocean_gallery_id":[],"footnotes":""},"categories":[49,51,149],"tags":[118,129],"class_list":["post-1497","post","type-post","status-publish","format-standard","has-post-thumbnail","hentry","category-addiccio","category-alcohol-ca","category-memoria-ca","tag-centre-addiccions","tag-forum-girona-ca","entry","has-media"],"yoast_head":"<!-- This site is optimized with the Yoast SEO plugin v27.5 - https:\/\/yoast.com\/product\/yoast-seo-wordpress\/ -->\n<title>Per qu\u00e8 perdem la mem\u00f2ria quan bebem massa? - Forum Salud Mental Girona<\/title>\n<meta name=\"robots\" content=\"index, follow, max-snippet:-1, max-image-preview:large, max-video-preview:-1\" \/>\n<link rel=\"canonical\" href=\"https:\/\/forummontau.com\/girona\/per-que-perdem-la-memoria-quan-bebem-massa-2\/\" \/>\n<meta property=\"og:locale\" content=\"es_ES\" \/>\n<meta property=\"og:type\" content=\"article\" \/>\n<meta property=\"og:title\" content=\"Per qu\u00e8 perdem la mem\u00f2ria quan bebem massa? - Forum Salud Mental Girona\" \/>\n<meta property=\"og:description\" content=\"Les apagades\u00a0indu\u00efdes per l&#8217;alcohol, terme col\u00b7loquial amb conseq\u00fc\u00e8ncies potencialment greus, provoquen que tots els records de la nit\u00a0s&#8217;esborrin. Alguns bevedors experimenten apagades de fragments, menys severs, on nom\u00e9s es perden trossos de la mem\u00f2ria. Si aquest tipus d&#8217;amn\u00e8sia despr\u00e9s de beure alcohol sona familiar, \u00e9s perqu\u00e8 les apagades s\u00f3n sorprenentment comuns. Una an\u00e0lisi suggereix que [&hellip;]\" \/>\n<meta property=\"og:url\" content=\"https:\/\/forummontau.com\/girona\/per-que-perdem-la-memoria-quan-bebem-massa-2\/\" \/>\n<meta property=\"og:site_name\" content=\"Forum Salud Mental Girona\" \/>\n<meta property=\"article:published_time\" content=\"2018-10-03T14:43:30+00:00\" \/>\n<meta property=\"article:modified_time\" content=\"2019-02-11T14:31:47+00:00\" \/>\n<meta property=\"og:image\" content=\"https:\/\/forummontau.com\/girona\/wp-content\/uploads\/sites\/6\/2018\/10\/memoria.png\" \/>\n\t<meta property=\"og:image:width\" content=\"465\" \/>\n\t<meta property=\"og:image:height\" content=\"333\" \/>\n\t<meta property=\"og:image:type\" content=\"image\/png\" \/>\n<meta name=\"author\" content=\"Forum Salud Mental Madrid\" \/>\n<meta name=\"twitter:card\" content=\"summary_large_image\" \/>\n<meta name=\"twitter:label1\" content=\"Escrito por\" \/>\n\t<meta name=\"twitter:data1\" content=\"Forum Salud Mental Madrid\" \/>\n\t<meta name=\"twitter:label2\" content=\"Tiempo de lectura\" \/>\n\t<meta name=\"twitter:data2\" content=\"3 minutos\" \/>\n<script type=\"application\/ld+json\" class=\"yoast-schema-graph\">{\"@context\":\"https:\\\/\\\/schema.org\",\"@graph\":[{\"@type\":\"Article\",\"@id\":\"https:\\\/\\\/forummontau.com\\\/girona\\\/per-que-perdem-la-memoria-quan-bebem-massa-2\\\/#article\",\"isPartOf\":{\"@id\":\"https:\\\/\\\/forummontau.com\\\/girona\\\/per-que-perdem-la-memoria-quan-bebem-massa-2\\\/\"},\"author\":{\"name\":\"Forum Salud Mental Madrid\",\"@id\":\"https:\\\/\\\/forummontau.com\\\/girona\\\/#\\\/schema\\\/person\\\/dd79fa1c0ba733edd439998f9d7f5e25\"},\"headline\":\"Per qu\u00e8 perdem la mem\u00f2ria quan bebem massa?\",\"datePublished\":\"2018-10-03T14:43:30+00:00\",\"dateModified\":\"2019-02-11T14:31:47+00:00\",\"mainEntityOfPage\":{\"@id\":\"https:\\\/\\\/forummontau.com\\\/girona\\\/per-que-perdem-la-memoria-quan-bebem-massa-2\\\/\"},\"wordCount\":582,\"publisher\":{\"@id\":\"https:\\\/\\\/forummontau.com\\\/girona\\\/#organization\"},\"image\":{\"@id\":\"https:\\\/\\\/forummontau.com\\\/girona\\\/per-que-perdem-la-memoria-quan-bebem-massa-2\\\/#primaryimage\"},\"thumbnailUrl\":\"https:\\\/\\\/forummontau.com\\\/girona\\\/wp-content\\\/uploads\\\/sites\\\/6\\\/2018\\\/10\\\/memoria.png\",\"keywords\":[\"Centre Addiccions\",\"Forum Girona\"],\"articleSection\":[\"Addicci\u00f3\",\"Alcohol\",\"Mem\u00f2ria\"],\"inLanguage\":\"es\"},{\"@type\":\"WebPage\",\"@id\":\"https:\\\/\\\/forummontau.com\\\/girona\\\/per-que-perdem-la-memoria-quan-bebem-massa-2\\\/\",\"url\":\"https:\\\/\\\/forummontau.com\\\/girona\\\/per-que-perdem-la-memoria-quan-bebem-massa-2\\\/\",\"name\":\"Per qu\u00e8 perdem la mem\u00f2ria quan bebem massa? - Forum Salud Mental Girona\",\"isPartOf\":{\"@id\":\"https:\\\/\\\/forummontau.com\\\/girona\\\/#website\"},\"primaryImageOfPage\":{\"@id\":\"https:\\\/\\\/forummontau.com\\\/girona\\\/per-que-perdem-la-memoria-quan-bebem-massa-2\\\/#primaryimage\"},\"image\":{\"@id\":\"https:\\\/\\\/forummontau.com\\\/girona\\\/per-que-perdem-la-memoria-quan-bebem-massa-2\\\/#primaryimage\"},\"thumbnailUrl\":\"https:\\\/\\\/forummontau.com\\\/girona\\\/wp-content\\\/uploads\\\/sites\\\/6\\\/2018\\\/10\\\/memoria.png\",\"datePublished\":\"2018-10-03T14:43:30+00:00\",\"dateModified\":\"2019-02-11T14:31:47+00:00\",\"breadcrumb\":{\"@id\":\"https:\\\/\\\/forummontau.com\\\/girona\\\/per-que-perdem-la-memoria-quan-bebem-massa-2\\\/#breadcrumb\"},\"inLanguage\":\"es\",\"potentialAction\":[{\"@type\":\"ReadAction\",\"target\":[\"https:\\\/\\\/forummontau.com\\\/girona\\\/per-que-perdem-la-memoria-quan-bebem-massa-2\\\/\"]}]},{\"@type\":\"ImageObject\",\"inLanguage\":\"es\",\"@id\":\"https:\\\/\\\/forummontau.com\\\/girona\\\/per-que-perdem-la-memoria-quan-bebem-massa-2\\\/#primaryimage\",\"url\":\"https:\\\/\\\/forummontau.com\\\/girona\\\/wp-content\\\/uploads\\\/sites\\\/6\\\/2018\\\/10\\\/memoria.png\",\"contentUrl\":\"https:\\\/\\\/forummontau.com\\\/girona\\\/wp-content\\\/uploads\\\/sites\\\/6\\\/2018\\\/10\\\/memoria.png\",\"width\":465,\"height\":333,\"caption\":\"Memoria y Alcohol\"},{\"@type\":\"BreadcrumbList\",\"@id\":\"https:\\\/\\\/forummontau.com\\\/girona\\\/per-que-perdem-la-memoria-quan-bebem-massa-2\\\/#breadcrumb\",\"itemListElement\":[{\"@type\":\"ListItem\",\"position\":1,\"name\":\"Portada\",\"item\":\"https:\\\/\\\/forummontau.com\\\/girona\\\/centre-desintoxicacio-i-addiccions-girona\\\/\"},{\"@type\":\"ListItem\",\"position\":2,\"name\":\"Per qu\u00e8 perdem la mem\u00f2ria quan bebem massa?\"}]},{\"@type\":\"WebSite\",\"@id\":\"https:\\\/\\\/forummontau.com\\\/girona\\\/#website\",\"url\":\"https:\\\/\\\/forummontau.com\\\/girona\\\/\",\"name\":\"Forum Salud Mental Girona\",\"description\":\"Centro de Desintoxicaci\u00f3n y Adicciones en Girona\",\"publisher\":{\"@id\":\"https:\\\/\\\/forummontau.com\\\/girona\\\/#organization\"},\"potentialAction\":[{\"@type\":\"SearchAction\",\"target\":{\"@type\":\"EntryPoint\",\"urlTemplate\":\"https:\\\/\\\/forummontau.com\\\/girona\\\/?s={search_term_string}\"},\"query-input\":{\"@type\":\"PropertyValueSpecification\",\"valueRequired\":true,\"valueName\":\"search_term_string\"}}],\"inLanguage\":\"es\"},{\"@type\":\"Organization\",\"@id\":\"https:\\\/\\\/forummontau.com\\\/girona\\\/#organization\",\"name\":\"Forum Salud Mental Girona\",\"url\":\"https:\\\/\\\/forummontau.com\\\/girona\\\/\",\"logo\":{\"@type\":\"ImageObject\",\"inLanguage\":\"es\",\"@id\":\"https:\\\/\\\/forummontau.com\\\/girona\\\/#\\\/schema\\\/logo\\\/image\\\/\",\"url\":\"https:\\\/\\\/forummontau.com\\\/girona\\\/wp-content\\\/uploads\\\/sites\\\/6\\\/2020\\\/02\\\/girona_forum.png\",\"contentUrl\":\"https:\\\/\\\/forummontau.com\\\/girona\\\/wp-content\\\/uploads\\\/sites\\\/6\\\/2020\\\/02\\\/girona_forum.png\",\"width\":215,\"height\":119,\"caption\":\"Forum Salud Mental Girona\"},\"image\":{\"@id\":\"https:\\\/\\\/forummontau.com\\\/girona\\\/#\\\/schema\\\/logo\\\/image\\\/\"}},{\"@type\":\"Person\",\"@id\":\"https:\\\/\\\/forummontau.com\\\/girona\\\/#\\\/schema\\\/person\\\/dd79fa1c0ba733edd439998f9d7f5e25\",\"name\":\"Forum Salud Mental Madrid\"}]}<\/script>\n<!-- \/ Yoast SEO plugin. -->","yoast_head_json":{"title":"Per qu\u00e8 perdem la mem\u00f2ria quan bebem massa? - Forum Salud Mental Girona","robots":{"index":"index","follow":"follow","max-snippet":"max-snippet:-1","max-image-preview":"max-image-preview:large","max-video-preview":"max-video-preview:-1"},"canonical":"https:\/\/forummontau.com\/girona\/per-que-perdem-la-memoria-quan-bebem-massa-2\/","og_locale":"es_ES","og_type":"article","og_title":"Per qu\u00e8 perdem la mem\u00f2ria quan bebem massa? - Forum Salud Mental Girona","og_description":"Les apagades\u00a0indu\u00efdes per l&#8217;alcohol, terme col\u00b7loquial amb conseq\u00fc\u00e8ncies potencialment greus, provoquen que tots els records de la nit\u00a0s&#8217;esborrin. Alguns bevedors experimenten apagades de fragments, menys severs, on nom\u00e9s es perden trossos de la mem\u00f2ria. Si aquest tipus d&#8217;amn\u00e8sia despr\u00e9s de beure alcohol sona familiar, \u00e9s perqu\u00e8 les apagades s\u00f3n sorprenentment comuns. Una an\u00e0lisi suggereix que [&hellip;]","og_url":"https:\/\/forummontau.com\/girona\/per-que-perdem-la-memoria-quan-bebem-massa-2\/","og_site_name":"Forum Salud Mental Girona","article_published_time":"2018-10-03T14:43:30+00:00","article_modified_time":"2019-02-11T14:31:47+00:00","og_image":[{"width":465,"height":333,"url":"https:\/\/forummontau.com\/girona\/wp-content\/uploads\/sites\/6\/2018\/10\/memoria.png","type":"image\/png"}],"author":"Forum Salud Mental Madrid","twitter_card":"summary_large_image","twitter_misc":{"Escrito por":"Forum Salud Mental Madrid","Tiempo de lectura":"3 minutos"},"schema":{"@context":"https:\/\/schema.org","@graph":[{"@type":"Article","@id":"https:\/\/forummontau.com\/girona\/per-que-perdem-la-memoria-quan-bebem-massa-2\/#article","isPartOf":{"@id":"https:\/\/forummontau.com\/girona\/per-que-perdem-la-memoria-quan-bebem-massa-2\/"},"author":{"name":"Forum Salud Mental Madrid","@id":"https:\/\/forummontau.com\/girona\/#\/schema\/person\/dd79fa1c0ba733edd439998f9d7f5e25"},"headline":"Per qu\u00e8 perdem la mem\u00f2ria quan bebem massa?","datePublished":"2018-10-03T14:43:30+00:00","dateModified":"2019-02-11T14:31:47+00:00","mainEntityOfPage":{"@id":"https:\/\/forummontau.com\/girona\/per-que-perdem-la-memoria-quan-bebem-massa-2\/"},"wordCount":582,"publisher":{"@id":"https:\/\/forummontau.com\/girona\/#organization"},"image":{"@id":"https:\/\/forummontau.com\/girona\/per-que-perdem-la-memoria-quan-bebem-massa-2\/#primaryimage"},"thumbnailUrl":"https:\/\/forummontau.com\/girona\/wp-content\/uploads\/sites\/6\/2018\/10\/memoria.png","keywords":["Centre Addiccions","Forum Girona"],"articleSection":["Addicci\u00f3","Alcohol","Mem\u00f2ria"],"inLanguage":"es"},{"@type":"WebPage","@id":"https:\/\/forummontau.com\/girona\/per-que-perdem-la-memoria-quan-bebem-massa-2\/","url":"https:\/\/forummontau.com\/girona\/per-que-perdem-la-memoria-quan-bebem-massa-2\/","name":"Per qu\u00e8 perdem la mem\u00f2ria quan bebem massa? - Forum Salud Mental Girona","isPartOf":{"@id":"https:\/\/forummontau.com\/girona\/#website"},"primaryImageOfPage":{"@id":"https:\/\/forummontau.com\/girona\/per-que-perdem-la-memoria-quan-bebem-massa-2\/#primaryimage"},"image":{"@id":"https:\/\/forummontau.com\/girona\/per-que-perdem-la-memoria-quan-bebem-massa-2\/#primaryimage"},"thumbnailUrl":"https:\/\/forummontau.com\/girona\/wp-content\/uploads\/sites\/6\/2018\/10\/memoria.png","datePublished":"2018-10-03T14:43:30+00:00","dateModified":"2019-02-11T14:31:47+00:00","breadcrumb":{"@id":"https:\/\/forummontau.com\/girona\/per-que-perdem-la-memoria-quan-bebem-massa-2\/#breadcrumb"},"inLanguage":"es","potentialAction":[{"@type":"ReadAction","target":["https:\/\/forummontau.com\/girona\/per-que-perdem-la-memoria-quan-bebem-massa-2\/"]}]},{"@type":"ImageObject","inLanguage":"es","@id":"https:\/\/forummontau.com\/girona\/per-que-perdem-la-memoria-quan-bebem-massa-2\/#primaryimage","url":"https:\/\/forummontau.com\/girona\/wp-content\/uploads\/sites\/6\/2018\/10\/memoria.png","contentUrl":"https:\/\/forummontau.com\/girona\/wp-content\/uploads\/sites\/6\/2018\/10\/memoria.png","width":465,"height":333,"caption":"Memoria y Alcohol"},{"@type":"BreadcrumbList","@id":"https:\/\/forummontau.com\/girona\/per-que-perdem-la-memoria-quan-bebem-massa-2\/#breadcrumb","itemListElement":[{"@type":"ListItem","position":1,"name":"Portada","item":"https:\/\/forummontau.com\/girona\/centre-desintoxicacio-i-addiccions-girona\/"},{"@type":"ListItem","position":2,"name":"Per qu\u00e8 perdem la mem\u00f2ria quan bebem massa?"}]},{"@type":"WebSite","@id":"https:\/\/forummontau.com\/girona\/#website","url":"https:\/\/forummontau.com\/girona\/","name":"Forum Salud Mental Girona","description":"Centro de Desintoxicaci\u00f3n y Adicciones en Girona","publisher":{"@id":"https:\/\/forummontau.com\/girona\/#organization"},"potentialAction":[{"@type":"SearchAction","target":{"@type":"EntryPoint","urlTemplate":"https:\/\/forummontau.com\/girona\/?s={search_term_string}"},"query-input":{"@type":"PropertyValueSpecification","valueRequired":true,"valueName":"search_term_string"}}],"inLanguage":"es"},{"@type":"Organization","@id":"https:\/\/forummontau.com\/girona\/#organization","name":"Forum Salud Mental Girona","url":"https:\/\/forummontau.com\/girona\/","logo":{"@type":"ImageObject","inLanguage":"es","@id":"https:\/\/forummontau.com\/girona\/#\/schema\/logo\/image\/","url":"https:\/\/forummontau.com\/girona\/wp-content\/uploads\/sites\/6\/2020\/02\/girona_forum.png","contentUrl":"https:\/\/forummontau.com\/girona\/wp-content\/uploads\/sites\/6\/2020\/02\/girona_forum.png","width":215,"height":119,"caption":"Forum Salud Mental Girona"},"image":{"@id":"https:\/\/forummontau.com\/girona\/#\/schema\/logo\/image\/"}},{"@type":"Person","@id":"https:\/\/forummontau.com\/girona\/#\/schema\/person\/dd79fa1c0ba733edd439998f9d7f5e25","name":"Forum Salud Mental Madrid"}]}},"_links":{"self":[{"href":"https:\/\/forummontau.com\/girona\/wp-json\/wp\/v2\/posts\/1497","targetHints":{"allow":["GET"]}}],"collection":[{"href":"https:\/\/forummontau.com\/girona\/wp-json\/wp\/v2\/posts"}],"about":[{"href":"https:\/\/forummontau.com\/girona\/wp-json\/wp\/v2\/types\/post"}],"author":[{"embeddable":true,"href":"https:\/\/forummontau.com\/girona\/wp-json\/wp\/v2\/users\/2"}],"replies":[{"embeddable":true,"href":"https:\/\/forummontau.com\/girona\/wp-json\/wp\/v2\/comments?post=1497"}],"version-history":[{"count":0,"href":"https:\/\/forummontau.com\/girona\/wp-json\/wp\/v2\/posts\/1497\/revisions"}],"wp:featuredmedia":[{"embeddable":true,"href":"https:\/\/forummontau.com\/girona\/wp-json\/wp\/v2\/media\/1495"}],"wp:attachment":[{"href":"https:\/\/forummontau.com\/girona\/wp-json\/wp\/v2\/media?parent=1497"}],"wp:term":[{"taxonomy":"category","embeddable":true,"href":"https:\/\/forummontau.com\/girona\/wp-json\/wp\/v2\/categories?post=1497"},{"taxonomy":"post_tag","embeddable":true,"href":"https:\/\/forummontau.com\/girona\/wp-json\/wp\/v2\/tags?post=1497"}],"curies":[{"name":"wp","href":"https:\/\/api.w.org\/{rel}","templated":true}]}}