{"id":1544,"date":"2018-12-10T13:59:38","date_gmt":"2018-12-10T13:59:38","guid":{"rendered":"https:\/\/forumgirona.cat\/?p=1544"},"modified":"2019-02-11T14:31:46","modified_gmt":"2019-02-11T14:31:46","slug":"consequencies-de-labus-dalcohol","status":"publish","type":"post","link":"https:\/\/forummontau.com\/girona\/consequencies-de-labus-dalcohol\/","title":{"rendered":"Conseq\u00fc\u00e8ncies de l&#8217;ab\u00fas d&#8217;alcohol"},"content":{"rendered":"\n<h2 class=\"wp-block-heading\">Conseq\u00fc\u00e8ncies f\u00edsiques<\/h2>\n\n\n\n<p>L&#8217;alcohol \u00e9s una subst\u00e0ncia soluble en aigua i circula lliurement per tot l&#8217;organisme afectant a c\u00e8l\u00b7lules i teixits, comen\u00e7a un proc\u00e9s de canvis metab\u00f2lics, que en la seva primera etapa d\u00f3na lloc al acetaldehid que \u00e9s m\u00e9s t\u00f2xic que l&#8217;alcohol.<\/p>\n\n\n\n<p>L&#8217;oxidaci\u00f3 de l&#8217;alcohol en els teixits (principalment en el fetge) determina una important utilitzaci\u00f3 de subst\u00e0ncies que existeixen en forma limitada i indispensables per al metabolisme adequat dels greixos.<\/p>\n\n\n\n<p>Quan el consum de l&#8217;alcohol \u00e9s excessiu, el malbaratament d&#8217;aquestes subst\u00e0ncies provoca greus alteracions en el metabolisme dels greixos, el que d\u00f3na com a resultat fetge gras o esteatosi hep\u00e0tica, que de no ser controlada amb la supressi\u00f3 del consum de l&#8217;alcohol portaria posteriorment a la cirrosi hep\u00e0tica, una de les complicacions m\u00e9s serioses i freq\u00fcents dels alcoh\u00f2lics.<\/p>\n\n\n\n<h3 class=\"wp-block-heading\">Produeix an\u00e8mia<\/h3>\n\n\n\n<p>Beure molt pot provocar que disminueixi la quantitat d&#8217;oxigen que porten els gl\u00f2buls vermells provocant fatiga, problemes respiratoris o mals de cap.<\/p>\n\n\n\n<h3 class=\"wp-block-heading\">Augmenta probabilitats d&#8217;atac card\u00edac<\/h3>\n\n\n\n<p>Beure molt pot provocar que disminueixi la quantitat d&#8217;oxigen que porten els gl\u00f2buls vermells provocant fatiga, problemes respiratoris o mals de cap.<\/p>\n\n\n\n<ul class=\"wp-block-list\"><li>Alta presi\u00f3 arterial.<\/li><li>Cardiomiopaties.<\/li><li>Arr\u00edtmies<\/li><li>Stroke<\/li><\/ul>\n\n\n\n<h3 class=\"wp-block-heading\">Perjudica el fetge<\/h3>\n\n\n\n<ul class=\"wp-block-list\"><li>Fibrosis.<\/li><li>Cirrosis.<\/li><li>Hepatitis.<\/li><\/ul>\n\n\n\n<p>Produeix cancer<\/p>\n\n\n\n<p>Encara que l&#8217;alcohol no \u00e9s determinant de c\u00e0ncer per acci\u00f3 directa sobre els teixits, s\u00ed que \u00e9s un dissolvent molt efectiu per a les subst\u00e0ncies cancer\u00edgenes i permet la lliure circulaci\u00f3 d&#8217;aquestes per tot l&#8217;organisme, la qual cosa augmenta el risc de c\u00e0ncer de llengua, boca, faringe , laringe, es\u00f2fag i fetge, aix\u00ed com de c\u00e0ncer de c\u00f2lon, recte, mama i pulmons.<\/p>\n\n\n\n<p>L&#8217;alcohol pot incrementar el risc de desenvolupes certs tipus de c\u00e0ncer:<\/p>\n\n\n\n<ul class=\"wp-block-list\"><li>Fetge<\/li><li>Gola<\/li><li>Laringe<\/li><li>Boca<\/li><li>Colon<\/li><li>Recte<\/li><li>Mama<\/li><li>Pulmons<\/li><li>Es\u00f2fag<\/li><\/ul>\n\n\n\n<p>Els cient\u00edfics creuen que el risc arriba quan el cos converteix l&#8217;alcohol en acetaldehid, un potent carcinogen.<\/p>\n\n\n\n<p>El risc de c\u00e0ncer \u00e9s encara m\u00e9s gran en els bevedors que tamb\u00e9 fumen.<\/p>\n\n\n\n<h3 class=\"wp-block-heading\">Augmenta la pressi\u00f3 arterial<\/h3>\n\n\n\n<p>L&#8217;alcohol t\u00e9 com a resultat final hipertensi\u00f3 arterial per la ingesti\u00f3 exagerada de l\u00edpids i l&#8217;efecte sobre les gl\u00e0ndules suprarenals que produeixen cortisona.<\/p>\n\n\n\n<p>L&#8217;alcohol pot modificar el funcionament del sistema nervi\u00f3s simp\u00e0tic, el qual controla la constricci\u00f3 i dilataci\u00f3 dels vasos sanguinis en resposta a l&#8217;estr\u00e8s, temperatura o esfor\u00e7.<\/p>\n\n\n\n<p>L&#8217;alta pressi\u00f3 arterial pot guiar molts altres problemes de salut: malalties del cor, renals o infarts cerebrals.<\/p>\n\n\n\n<h3 class=\"wp-block-heading\">Empitjora el funcionament del sistema respiratori<\/h3>\n\n\n\n<p>La ingesta cr\u00f2nica d&#8217;alcohol pot provocar la disminuci\u00f3 d&#8217;importants funcions cel\u00b7lulars en els pulmons.<\/p>\n\n\n\n<h3 class=\"wp-block-heading\">Produeix problemes de la pell<\/h3>\n\n\n\n<p>L&#8217;\u00fas cr\u00f2nic i excessiu de l&#8217;alcohol est\u00e0 associat amb un ampli rang de desordres de la pell: urtic\u00e0ria, psoriasi, dermatitis seborreica i rosacea.<\/p>\n\n\n\n<h3 class=\"wp-block-heading\">Produeix disfuncions sexuals<\/h3>\n\n\n\n<p>El consum a llarg termini d&#8217;alcohol pot provocar danys en el sistema nervi\u00f3s central i en el sistema nervi\u00f3s perif\u00e8ric, resultant en una p\u00e8rdua de desig sexual i impot\u00e8ncia en homes. Aix\u00f2 es produeix per la reducci\u00f3 de la testosterona per atr\u00f2fia dels testicles.<\/p>\n\n\n\n<p>Les begudes alcoh\u00f2liques s\u00f3n depressores de la funci\u00f3 sexual. En persones normals que ocasionalment beuen en exc\u00e9s, l&#8217;efecte depressor transitori sobre el sistema nervi\u00f3s, sobre el cervell i medul\u00b7la espinal, actua com bloquejador dels reflexos que determinen en gran part l&#8217;erecci\u00f3 i l&#8217;ejaculaci\u00f3.<\/p>\n\n\n\n<h3 class=\"wp-block-heading\">Empitjora el funcionament del sistema immunol\u00f2gic<\/h3>\n\n\n\n<p>Beure massa pot debilitar el teu sistema immune, fent que sigui m\u00e9s senzill que el cos contregui malalties.<\/p>\n\n\n\n<p>Els bevedors cr\u00f2nics tenen m\u00e9s probabilitats de contraure malalties com la pneum\u00f2nia o la tuberculosi que la gent que no beu alcohol.<\/p>\n\n\n\n<h3 class=\"wp-block-heading\">Empitjora el funcionament del p\u00e0ncrees<\/h3>\n\n\n\n<p>L&#8217;alcohol provoca que el p\u00e0ncrees produeixi subst\u00e0ncies t\u00f2xiques que poden guiar la inflamaci\u00f3 del p\u00e0ncrees (pancreatitis), el que al seu torn impedeix una correcta digesti\u00f3.<\/p>\n\n\n\n<h3 class=\"wp-block-heading\">Produeix dificultats en l&#8217;embar\u00e0s<\/h3>\n\n\n\n<p>Poden oc\u00f3rrer parts prematurs i mort intrauterina perqu\u00e8 el nen no est\u00e0 preparat per a neutralitzar l&#8217;acci\u00f3 de l&#8217;alcohol i metabolitzar.<\/p>\n\n\n\n<p>S&#8217;han observat naixements de nens amb lesions hep\u00e0tiques causa de la fragilitat d&#8217;aquesta gl\u00e0ndula.<\/p>\n\n\n\n<p>Tamb\u00e9 l&#8217;alcohol pot produir retard mental en 30 a 40% dels naixements, aix\u00ed com comportament anormal, trastorns de personalitat i conductes antisocials.<\/p>\n\n\n\n<h2 class=\"wp-block-heading\">Conseq\u00fc\u00e8ncies psicol\u00f2giques<\/h2>\n\n\n\n<p>Pel que fa a les conseq\u00fc\u00e8ncies psicol\u00f2giques s\u00f3n diverses: afecta la presa de decisions, perduda d&#8217;autocontrol, perduda d&#8217;autoconsci\u00e8ncia, p\u00e8rdua de gana, depressi\u00f3, ansietat i viol\u00e8ncia en les relacions de parella. Les m\u00e9s importants s\u00f3n:<\/p>\n\n\n\n<h3 class=\"wp-block-heading\">Afecta el funcionament del cervell<\/h3>\n\n\n\n<p>L&#8217;alcohol interfereix amb la forma en la qual es comuniquen les neurones cerebrals i afecta a com funciona el cervell.<\/p>\n\n\n\n<p>Aix\u00f2 pot provocar canvis en l&#8217;estat d&#8217;\u00e0nim, en el comportament i fer dif\u00edcil pensar amb claredat o moure&#8217;ns coordinadament.<\/p>\n\n\n\n<p>A mesura que s&#8217;envelleix, el cervell encongeix un 1,9% de mitjana cada d\u00e8cada. No obstant aix\u00f2, l&#8217;alcoholisme augmenta aquesta velocitat en certes regions del cervell, resultant en p\u00e8rdues de mem\u00f2ria i altres s\u00edmptomes com la dem\u00e8ncia.<\/p>\n\n\n\n<h3 class=\"wp-block-heading\">Produeix depressi\u00f3 i ansietat<\/h3>\n\n\n\n<p>Depressi\u00f3, ansietat i atacs de p\u00e0nic s\u00f3n desordres que reporten normalment la gent dependent de l&#8217;alcohol.<\/p>\n\n\n\n<p>Es coneix des de fa anys que sovint la depressi\u00f3 es d\u00f3na juntament amb l&#8217;alcoholisme, tot i que hi ha hagut un debat sobre quina d&#8217;elles ve primer -beure o la depressi\u00f3.<\/p>\n\n\n\n<p>Un llarg estudi realitzat a Nova Zelanda va mostrar que \u00e9s beure freq\u00fcentment el que guia a la depressi\u00f3.<\/p>\n\n\n\n<h3 class=\"wp-block-heading\">Produeix psicosi<\/h3>\n\n\n\n<p>La psicosi \u00e9s secund\u00e0ria a altres condicions provocades per l&#8217;alcohol. S&#8217;ha demostrat que l&#8217;\u00fas d&#8217;alcohol provoca un increment del 800% de contraure desordres psic\u00f2tics en homes i del 300% en dones que no han tingut altres malalties mentals.<\/p>\n\n\n\n<p>Els efectes d&#8217;una psicosi provocada per la ingesta d&#8217;alcohol inclouen un increment del risc de depressi\u00f3 i su\u00efcidi, igual que alteracions psicosocials.<\/p>\n\n\n\n<h3 class=\"wp-block-heading\">Produeix insomni<\/h3>\n\n\n\n<p>L&#8217;\u00fas cr\u00f3ncio de l&#8217;alcohol pot portar a l&#8217;insomni, igual que a alteracions durant els somnis.<\/p>\n\n\n\n<h3 class=\"wp-block-heading\">Disminueix les habilitats socials<\/h3>\n\n\n\n<p>Les habilitats socials disminueixen en les persones que pateixen d&#8217;alcoholisme a causa dels efectes neurot\u00f2xics de l&#8217;alcohol en el cervell, especialment en el c\u00f2rtex prefrontal.<\/p>\n\n\n\n<p>Les habilitats socials que queden afectades inclouen: percebre emocions facials, expressions facials o l&#8217;habilitat per entendre l&#8217;humor.<\/p>\n\n\n\n<p>D&#8217;altra banda, hi ha estudis que han demostrat que la depend\u00e8ncia de l&#8217;alcohol es relaciona directament amb la irritabilitat.<\/p>\n\n\n\n<h2 class=\"wp-block-heading\">Conseq\u00fc\u00e8ncies socials:<\/h2>\n\n\n\n<p>Les conseq\u00fc\u00e8ncies socials i danys segons l&#8217;OMS s\u00f3n clares: l&#8217;any moren al m\u00f3n 3,3 milions de persones a causa del consum nociu d&#8217;alcohol, el que representa un 5,9% de totes les defuncions.<\/p>\n\n\n\n<p>Nom\u00e9s als Estats Units i el Canad\u00e0, l&#8217;ab\u00fas de l&#8217;alcohol causa m\u00e9s de 100,000 morts a l&#8217;any. \u00c9s la principal causa de mort en adolescents a causa dels accidents en carretera.<\/p>\n\n\n\n<p>Altres coseq\u00fc\u00e8ncies socials s\u00f3n:<\/p>\n\n\n\n<ul class=\"wp-block-list\"><li>Perjudica les relacions socials prim\u00e0ries, com la fam\u00edlia.<\/li><li>Costos econ\u00f2mics milionaris a l&#8217;any, tant de l&#8217;estat com de les persones que gasten massa en alcohol.<\/li><li>P\u00e8rdua de productivitat laboral.<\/li><li>Assalts sexuals a persones \u00e8bries.<\/li><li>Viol\u00e8ncia: el consum excessiu d&#8217;alcohol est\u00e0 relacionat amb la viol\u00e8ncia de parella.<\/li><\/ul>\n\n\n\n<p>Si pateixes un problema d&#8217;alcoholisme contacta amb nosaltres, podem ajudar-te a v\u00e9ncer l&#8217;addici\u00f3 i comen\u00e7ar una vida sense consum.<\/p>\n\n\n\n<p><\/p>\n","protected":false},"excerpt":{"rendered":"<p>Conseq\u00fc\u00e8ncies f\u00edsiques L&#8217;alcohol \u00e9s una subst\u00e0ncia soluble en aigua i circula lliurement per tot l&#8217;organisme afectant a c\u00e8l\u00b7lules i teixits, comen\u00e7a un proc\u00e9s de canvis metab\u00f2lics, que en la seva primera etapa d\u00f3na lloc al acetaldehid que \u00e9s m\u00e9s t\u00f2xic que l&#8217;alcohol. L&#8217;oxidaci\u00f3 de l&#8217;alcohol en els teixits (principalment en el fetge) determina una important [&hellip;]<\/p>\n","protected":false},"author":2,"featured_media":1545,"comment_status":"closed","ping_status":"open","sticky":false,"template":"","format":"standard","meta":{"ocean_post_layout":"","ocean_both_sidebars_style":"","ocean_both_sidebars_content_width":0,"ocean_both_sidebars_sidebars_width":0,"ocean_sidebar":"0","ocean_second_sidebar":"0","ocean_disable_margins":"enable","ocean_add_body_class":"","ocean_shortcode_before_top_bar":"","ocean_shortcode_after_top_bar":"","ocean_shortcode_before_header":"","ocean_shortcode_after_header":"","ocean_has_shortcode":"","ocean_shortcode_after_title":"","ocean_shortcode_before_footer_widgets":"","ocean_shortcode_after_footer_widgets":"","ocean_shortcode_before_footer_bottom":"","ocean_shortcode_after_footer_bottom":"","ocean_display_top_bar":"default","ocean_display_header":"default","ocean_header_style":"","ocean_center_header_left_menu":"0","ocean_custom_header_template":"0","ocean_custom_logo":0,"ocean_custom_retina_logo":0,"ocean_custom_logo_max_width":0,"ocean_custom_logo_tablet_max_width":0,"ocean_custom_logo_mobile_max_width":0,"ocean_custom_logo_max_height":0,"ocean_custom_logo_tablet_max_height":0,"ocean_custom_logo_mobile_max_height":0,"ocean_header_custom_menu":"0","ocean_menu_typo_font_family":"0","ocean_menu_typo_font_subset":"","ocean_menu_typo_font_size":0,"ocean_menu_typo_font_size_tablet":0,"ocean_menu_typo_font_size_mobile":0,"ocean_menu_typo_font_size_unit":"px","ocean_menu_typo_font_weight":"","ocean_menu_typo_font_weight_tablet":"","ocean_menu_typo_font_weight_mobile":"","ocean_menu_typo_transform":"","ocean_menu_typo_transform_tablet":"","ocean_menu_typo_transform_mobile":"","ocean_menu_typo_line_height":0,"ocean_menu_typo_line_height_tablet":0,"ocean_menu_typo_line_height_mobile":0,"ocean_menu_typo_line_height_unit":"","ocean_menu_typo_spacing":0,"ocean_menu_typo_spacing_tablet":0,"ocean_menu_typo_spacing_mobile":0,"ocean_menu_typo_spacing_unit":"","ocean_menu_link_color":"","ocean_menu_link_color_hover":"","ocean_menu_link_color_active":"","ocean_menu_link_background":"","ocean_menu_link_hover_background":"","ocean_menu_link_active_background":"","ocean_menu_social_links_bg":"","ocean_menu_social_hover_links_bg":"","ocean_menu_social_links_color":"","ocean_menu_social_hover_links_color":"","ocean_disable_title":"default","ocean_disable_heading":"default","ocean_post_title":"","ocean_post_subheading":"","ocean_post_title_style":"","ocean_post_title_background_color":"","ocean_post_title_background":0,"ocean_post_title_bg_image_position":"","ocean_post_title_bg_image_attachment":"","ocean_post_title_bg_image_repeat":"","ocean_post_title_bg_image_size":"","ocean_post_title_height":0,"ocean_post_title_bg_overlay":0.5,"ocean_post_title_bg_overlay_color":"","ocean_disable_breadcrumbs":"default","ocean_breadcrumbs_color":"","ocean_breadcrumbs_separator_color":"","ocean_breadcrumbs_links_color":"","ocean_breadcrumbs_links_hover_color":"","ocean_display_footer_widgets":"default","ocean_display_footer_bottom":"default","ocean_custom_footer_template":"0","ocean_post_oembed":"","ocean_post_self_hosted_media":"","ocean_post_video_embed":"","ocean_link_format":"","ocean_link_format_target":"self","ocean_quote_format":"","ocean_quote_format_link":"post","ocean_gallery_link_images":"off","ocean_gallery_id":[],"footnotes":""},"categories":[49,51],"tags":[165,129],"class_list":["post-1544","post","type-post","status-publish","format-standard","has-post-thumbnail","hentry","category-addiccio","category-alcohol-ca","tag-addiccions-girona-ca","tag-forum-girona-ca","entry","has-media"],"yoast_head":"<!-- This site is optimized with the Yoast SEO plugin v27.5 - https:\/\/yoast.com\/product\/yoast-seo-wordpress\/ -->\n<title>Conseq\u00fc\u00e8ncies de l&#039;ab\u00fas d&#039;alcohol - Forum Salud Mental Girona<\/title>\n<meta name=\"robots\" content=\"index, follow, max-snippet:-1, max-image-preview:large, max-video-preview:-1\" \/>\n<link rel=\"canonical\" href=\"https:\/\/forummontau.com\/girona\/consequencies-de-labus-dalcohol\/\" \/>\n<meta property=\"og:locale\" content=\"es_ES\" \/>\n<meta property=\"og:type\" content=\"article\" \/>\n<meta property=\"og:title\" content=\"Conseq\u00fc\u00e8ncies de l&#039;ab\u00fas d&#039;alcohol - Forum Salud Mental Girona\" \/>\n<meta property=\"og:description\" content=\"Conseq\u00fc\u00e8ncies f\u00edsiques L&#8217;alcohol \u00e9s una subst\u00e0ncia soluble en aigua i circula lliurement per tot l&#8217;organisme afectant a c\u00e8l\u00b7lules i teixits, comen\u00e7a un proc\u00e9s de canvis metab\u00f2lics, que en la seva primera etapa d\u00f3na lloc al acetaldehid que \u00e9s m\u00e9s t\u00f2xic que l&#8217;alcohol. L&#8217;oxidaci\u00f3 de l&#8217;alcohol en els teixits (principalment en el fetge) determina una important [&hellip;]\" \/>\n<meta property=\"og:url\" content=\"https:\/\/forummontau.com\/girona\/consequencies-de-labus-dalcohol\/\" \/>\n<meta property=\"og:site_name\" content=\"Forum Salud Mental Girona\" \/>\n<meta property=\"article:published_time\" content=\"2018-12-10T13:59:38+00:00\" \/>\n<meta property=\"article:modified_time\" content=\"2019-02-11T14:31:46+00:00\" \/>\n<meta property=\"og:image\" content=\"https:\/\/forummontau.com\/girona\/wp-content\/uploads\/sites\/6\/2018\/12\/abusoalcohol.png\" \/>\n\t<meta property=\"og:image:width\" content=\"700\" \/>\n\t<meta property=\"og:image:height\" content=\"467\" \/>\n\t<meta property=\"og:image:type\" content=\"image\/png\" \/>\n<meta name=\"author\" content=\"Forum Salud Mental Madrid\" \/>\n<meta name=\"twitter:card\" content=\"summary_large_image\" \/>\n<meta name=\"twitter:label1\" content=\"Escrito por\" \/>\n\t<meta name=\"twitter:data1\" content=\"Forum Salud Mental Madrid\" \/>\n\t<meta name=\"twitter:label2\" content=\"Tiempo de lectura\" \/>\n\t<meta name=\"twitter:data2\" content=\"6 minutos\" \/>\n<script type=\"application\/ld+json\" class=\"yoast-schema-graph\">{\"@context\":\"https:\\\/\\\/schema.org\",\"@graph\":[{\"@type\":\"Article\",\"@id\":\"https:\\\/\\\/forummontau.com\\\/girona\\\/consequencies-de-labus-dalcohol\\\/#article\",\"isPartOf\":{\"@id\":\"https:\\\/\\\/forummontau.com\\\/girona\\\/consequencies-de-labus-dalcohol\\\/\"},\"author\":{\"name\":\"Forum Salud Mental Madrid\",\"@id\":\"https:\\\/\\\/forummontau.com\\\/girona\\\/#\\\/schema\\\/person\\\/dd79fa1c0ba733edd439998f9d7f5e25\"},\"headline\":\"Conseq\u00fc\u00e8ncies de l&#8217;ab\u00fas d&#8217;alcohol\",\"datePublished\":\"2018-12-10T13:59:38+00:00\",\"dateModified\":\"2019-02-11T14:31:46+00:00\",\"mainEntityOfPage\":{\"@id\":\"https:\\\/\\\/forummontau.com\\\/girona\\\/consequencies-de-labus-dalcohol\\\/\"},\"wordCount\":1302,\"publisher\":{\"@id\":\"https:\\\/\\\/forummontau.com\\\/girona\\\/#organization\"},\"image\":{\"@id\":\"https:\\\/\\\/forummontau.com\\\/girona\\\/consequencies-de-labus-dalcohol\\\/#primaryimage\"},\"thumbnailUrl\":\"https:\\\/\\\/forummontau.com\\\/girona\\\/wp-content\\\/uploads\\\/sites\\\/6\\\/2018\\\/12\\\/abusoalcohol.png\",\"keywords\":[\"Addiccions Girona\",\"Forum Girona\"],\"articleSection\":[\"Addicci\u00f3\",\"Alcohol\"],\"inLanguage\":\"es\"},{\"@type\":\"WebPage\",\"@id\":\"https:\\\/\\\/forummontau.com\\\/girona\\\/consequencies-de-labus-dalcohol\\\/\",\"url\":\"https:\\\/\\\/forummontau.com\\\/girona\\\/consequencies-de-labus-dalcohol\\\/\",\"name\":\"Conseq\u00fc\u00e8ncies de l'ab\u00fas d'alcohol - Forum Salud Mental Girona\",\"isPartOf\":{\"@id\":\"https:\\\/\\\/forummontau.com\\\/girona\\\/#website\"},\"primaryImageOfPage\":{\"@id\":\"https:\\\/\\\/forummontau.com\\\/girona\\\/consequencies-de-labus-dalcohol\\\/#primaryimage\"},\"image\":{\"@id\":\"https:\\\/\\\/forummontau.com\\\/girona\\\/consequencies-de-labus-dalcohol\\\/#primaryimage\"},\"thumbnailUrl\":\"https:\\\/\\\/forummontau.com\\\/girona\\\/wp-content\\\/uploads\\\/sites\\\/6\\\/2018\\\/12\\\/abusoalcohol.png\",\"datePublished\":\"2018-12-10T13:59:38+00:00\",\"dateModified\":\"2019-02-11T14:31:46+00:00\",\"breadcrumb\":{\"@id\":\"https:\\\/\\\/forummontau.com\\\/girona\\\/consequencies-de-labus-dalcohol\\\/#breadcrumb\"},\"inLanguage\":\"es\",\"potentialAction\":[{\"@type\":\"ReadAction\",\"target\":[\"https:\\\/\\\/forummontau.com\\\/girona\\\/consequencies-de-labus-dalcohol\\\/\"]}]},{\"@type\":\"ImageObject\",\"inLanguage\":\"es\",\"@id\":\"https:\\\/\\\/forummontau.com\\\/girona\\\/consequencies-de-labus-dalcohol\\\/#primaryimage\",\"url\":\"https:\\\/\\\/forummontau.com\\\/girona\\\/wp-content\\\/uploads\\\/sites\\\/6\\\/2018\\\/12\\\/abusoalcohol.png\",\"contentUrl\":\"https:\\\/\\\/forummontau.com\\\/girona\\\/wp-content\\\/uploads\\\/sites\\\/6\\\/2018\\\/12\\\/abusoalcohol.png\",\"width\":700,\"height\":467,\"caption\":\"Abuso Alcohol\"},{\"@type\":\"BreadcrumbList\",\"@id\":\"https:\\\/\\\/forummontau.com\\\/girona\\\/consequencies-de-labus-dalcohol\\\/#breadcrumb\",\"itemListElement\":[{\"@type\":\"ListItem\",\"position\":1,\"name\":\"Portada\",\"item\":\"https:\\\/\\\/forummontau.com\\\/girona\\\/centre-desintoxicacio-i-addiccions-girona\\\/\"},{\"@type\":\"ListItem\",\"position\":2,\"name\":\"Conseq\u00fc\u00e8ncies de l&#8217;ab\u00fas d&#8217;alcohol\"}]},{\"@type\":\"WebSite\",\"@id\":\"https:\\\/\\\/forummontau.com\\\/girona\\\/#website\",\"url\":\"https:\\\/\\\/forummontau.com\\\/girona\\\/\",\"name\":\"Forum Salud Mental Girona\",\"description\":\"Centro de Desintoxicaci\u00f3n y Adicciones en Girona\",\"publisher\":{\"@id\":\"https:\\\/\\\/forummontau.com\\\/girona\\\/#organization\"},\"potentialAction\":[{\"@type\":\"SearchAction\",\"target\":{\"@type\":\"EntryPoint\",\"urlTemplate\":\"https:\\\/\\\/forummontau.com\\\/girona\\\/?s={search_term_string}\"},\"query-input\":{\"@type\":\"PropertyValueSpecification\",\"valueRequired\":true,\"valueName\":\"search_term_string\"}}],\"inLanguage\":\"es\"},{\"@type\":\"Organization\",\"@id\":\"https:\\\/\\\/forummontau.com\\\/girona\\\/#organization\",\"name\":\"Forum Salud Mental Girona\",\"url\":\"https:\\\/\\\/forummontau.com\\\/girona\\\/\",\"logo\":{\"@type\":\"ImageObject\",\"inLanguage\":\"es\",\"@id\":\"https:\\\/\\\/forummontau.com\\\/girona\\\/#\\\/schema\\\/logo\\\/image\\\/\",\"url\":\"https:\\\/\\\/forummontau.com\\\/girona\\\/wp-content\\\/uploads\\\/sites\\\/6\\\/2020\\\/02\\\/girona_forum.png\",\"contentUrl\":\"https:\\\/\\\/forummontau.com\\\/girona\\\/wp-content\\\/uploads\\\/sites\\\/6\\\/2020\\\/02\\\/girona_forum.png\",\"width\":215,\"height\":119,\"caption\":\"Forum Salud Mental Girona\"},\"image\":{\"@id\":\"https:\\\/\\\/forummontau.com\\\/girona\\\/#\\\/schema\\\/logo\\\/image\\\/\"}},{\"@type\":\"Person\",\"@id\":\"https:\\\/\\\/forummontau.com\\\/girona\\\/#\\\/schema\\\/person\\\/dd79fa1c0ba733edd439998f9d7f5e25\",\"name\":\"Forum Salud Mental Madrid\"}]}<\/script>\n<!-- \/ Yoast SEO plugin. -->","yoast_head_json":{"title":"Conseq\u00fc\u00e8ncies de l'ab\u00fas d'alcohol - Forum Salud Mental Girona","robots":{"index":"index","follow":"follow","max-snippet":"max-snippet:-1","max-image-preview":"max-image-preview:large","max-video-preview":"max-video-preview:-1"},"canonical":"https:\/\/forummontau.com\/girona\/consequencies-de-labus-dalcohol\/","og_locale":"es_ES","og_type":"article","og_title":"Conseq\u00fc\u00e8ncies de l'ab\u00fas d'alcohol - Forum Salud Mental Girona","og_description":"Conseq\u00fc\u00e8ncies f\u00edsiques L&#8217;alcohol \u00e9s una subst\u00e0ncia soluble en aigua i circula lliurement per tot l&#8217;organisme afectant a c\u00e8l\u00b7lules i teixits, comen\u00e7a un proc\u00e9s de canvis metab\u00f2lics, que en la seva primera etapa d\u00f3na lloc al acetaldehid que \u00e9s m\u00e9s t\u00f2xic que l&#8217;alcohol. L&#8217;oxidaci\u00f3 de l&#8217;alcohol en els teixits (principalment en el fetge) determina una important [&hellip;]","og_url":"https:\/\/forummontau.com\/girona\/consequencies-de-labus-dalcohol\/","og_site_name":"Forum Salud Mental Girona","article_published_time":"2018-12-10T13:59:38+00:00","article_modified_time":"2019-02-11T14:31:46+00:00","og_image":[{"width":700,"height":467,"url":"https:\/\/forummontau.com\/girona\/wp-content\/uploads\/sites\/6\/2018\/12\/abusoalcohol.png","type":"image\/png"}],"author":"Forum Salud Mental Madrid","twitter_card":"summary_large_image","twitter_misc":{"Escrito por":"Forum Salud Mental Madrid","Tiempo de lectura":"6 minutos"},"schema":{"@context":"https:\/\/schema.org","@graph":[{"@type":"Article","@id":"https:\/\/forummontau.com\/girona\/consequencies-de-labus-dalcohol\/#article","isPartOf":{"@id":"https:\/\/forummontau.com\/girona\/consequencies-de-labus-dalcohol\/"},"author":{"name":"Forum Salud Mental Madrid","@id":"https:\/\/forummontau.com\/girona\/#\/schema\/person\/dd79fa1c0ba733edd439998f9d7f5e25"},"headline":"Conseq\u00fc\u00e8ncies de l&#8217;ab\u00fas d&#8217;alcohol","datePublished":"2018-12-10T13:59:38+00:00","dateModified":"2019-02-11T14:31:46+00:00","mainEntityOfPage":{"@id":"https:\/\/forummontau.com\/girona\/consequencies-de-labus-dalcohol\/"},"wordCount":1302,"publisher":{"@id":"https:\/\/forummontau.com\/girona\/#organization"},"image":{"@id":"https:\/\/forummontau.com\/girona\/consequencies-de-labus-dalcohol\/#primaryimage"},"thumbnailUrl":"https:\/\/forummontau.com\/girona\/wp-content\/uploads\/sites\/6\/2018\/12\/abusoalcohol.png","keywords":["Addiccions Girona","Forum Girona"],"articleSection":["Addicci\u00f3","Alcohol"],"inLanguage":"es"},{"@type":"WebPage","@id":"https:\/\/forummontau.com\/girona\/consequencies-de-labus-dalcohol\/","url":"https:\/\/forummontau.com\/girona\/consequencies-de-labus-dalcohol\/","name":"Conseq\u00fc\u00e8ncies de l'ab\u00fas d'alcohol - Forum Salud Mental Girona","isPartOf":{"@id":"https:\/\/forummontau.com\/girona\/#website"},"primaryImageOfPage":{"@id":"https:\/\/forummontau.com\/girona\/consequencies-de-labus-dalcohol\/#primaryimage"},"image":{"@id":"https:\/\/forummontau.com\/girona\/consequencies-de-labus-dalcohol\/#primaryimage"},"thumbnailUrl":"https:\/\/forummontau.com\/girona\/wp-content\/uploads\/sites\/6\/2018\/12\/abusoalcohol.png","datePublished":"2018-12-10T13:59:38+00:00","dateModified":"2019-02-11T14:31:46+00:00","breadcrumb":{"@id":"https:\/\/forummontau.com\/girona\/consequencies-de-labus-dalcohol\/#breadcrumb"},"inLanguage":"es","potentialAction":[{"@type":"ReadAction","target":["https:\/\/forummontau.com\/girona\/consequencies-de-labus-dalcohol\/"]}]},{"@type":"ImageObject","inLanguage":"es","@id":"https:\/\/forummontau.com\/girona\/consequencies-de-labus-dalcohol\/#primaryimage","url":"https:\/\/forummontau.com\/girona\/wp-content\/uploads\/sites\/6\/2018\/12\/abusoalcohol.png","contentUrl":"https:\/\/forummontau.com\/girona\/wp-content\/uploads\/sites\/6\/2018\/12\/abusoalcohol.png","width":700,"height":467,"caption":"Abuso Alcohol"},{"@type":"BreadcrumbList","@id":"https:\/\/forummontau.com\/girona\/consequencies-de-labus-dalcohol\/#breadcrumb","itemListElement":[{"@type":"ListItem","position":1,"name":"Portada","item":"https:\/\/forummontau.com\/girona\/centre-desintoxicacio-i-addiccions-girona\/"},{"@type":"ListItem","position":2,"name":"Conseq\u00fc\u00e8ncies de l&#8217;ab\u00fas d&#8217;alcohol"}]},{"@type":"WebSite","@id":"https:\/\/forummontau.com\/girona\/#website","url":"https:\/\/forummontau.com\/girona\/","name":"Forum Salud Mental Girona","description":"Centro de Desintoxicaci\u00f3n y Adicciones en Girona","publisher":{"@id":"https:\/\/forummontau.com\/girona\/#organization"},"potentialAction":[{"@type":"SearchAction","target":{"@type":"EntryPoint","urlTemplate":"https:\/\/forummontau.com\/girona\/?s={search_term_string}"},"query-input":{"@type":"PropertyValueSpecification","valueRequired":true,"valueName":"search_term_string"}}],"inLanguage":"es"},{"@type":"Organization","@id":"https:\/\/forummontau.com\/girona\/#organization","name":"Forum Salud Mental Girona","url":"https:\/\/forummontau.com\/girona\/","logo":{"@type":"ImageObject","inLanguage":"es","@id":"https:\/\/forummontau.com\/girona\/#\/schema\/logo\/image\/","url":"https:\/\/forummontau.com\/girona\/wp-content\/uploads\/sites\/6\/2020\/02\/girona_forum.png","contentUrl":"https:\/\/forummontau.com\/girona\/wp-content\/uploads\/sites\/6\/2020\/02\/girona_forum.png","width":215,"height":119,"caption":"Forum Salud Mental Girona"},"image":{"@id":"https:\/\/forummontau.com\/girona\/#\/schema\/logo\/image\/"}},{"@type":"Person","@id":"https:\/\/forummontau.com\/girona\/#\/schema\/person\/dd79fa1c0ba733edd439998f9d7f5e25","name":"Forum Salud Mental Madrid"}]}},"_links":{"self":[{"href":"https:\/\/forummontau.com\/girona\/wp-json\/wp\/v2\/posts\/1544","targetHints":{"allow":["GET"]}}],"collection":[{"href":"https:\/\/forummontau.com\/girona\/wp-json\/wp\/v2\/posts"}],"about":[{"href":"https:\/\/forummontau.com\/girona\/wp-json\/wp\/v2\/types\/post"}],"author":[{"embeddable":true,"href":"https:\/\/forummontau.com\/girona\/wp-json\/wp\/v2\/users\/2"}],"replies":[{"embeddable":true,"href":"https:\/\/forummontau.com\/girona\/wp-json\/wp\/v2\/comments?post=1544"}],"version-history":[{"count":0,"href":"https:\/\/forummontau.com\/girona\/wp-json\/wp\/v2\/posts\/1544\/revisions"}],"wp:featuredmedia":[{"embeddable":true,"href":"https:\/\/forummontau.com\/girona\/wp-json\/wp\/v2\/media\/1545"}],"wp:attachment":[{"href":"https:\/\/forummontau.com\/girona\/wp-json\/wp\/v2\/media?parent=1544"}],"wp:term":[{"taxonomy":"category","embeddable":true,"href":"https:\/\/forummontau.com\/girona\/wp-json\/wp\/v2\/categories?post=1544"},{"taxonomy":"post_tag","embeddable":true,"href":"https:\/\/forummontau.com\/girona\/wp-json\/wp\/v2\/tags?post=1544"}],"curies":[{"name":"wp","href":"https:\/\/api.w.org\/{rel}","templated":true}]}}