{"id":1558,"date":"2019-01-16T11:16:28","date_gmt":"2019-01-16T11:16:28","guid":{"rendered":"https:\/\/forumgirona.cat\/?p=1558"},"modified":"2019-02-11T14:31:46","modified_gmt":"2019-02-11T14:31:46","slug":"el-consum-regular-moderat-dalcohol-tambe-augmenta-el-risc-cardiovascular","status":"publish","type":"post","link":"https:\/\/forummontau.com\/girona\/el-consum-regular-moderat-dalcohol-tambe-augmenta-el-risc-cardiovascular\/","title":{"rendered":"El consum regular moderat d&#8217;alcohol tamb\u00e9 augmenta el risc cardiovascular"},"content":{"rendered":"\n<p>El consum regular i moderat d&#8217;alcohol (una mitjana de 14 gots per setmana) \u00e9s un factor de risc modificable per a la fibril\u00b7laci\u00f3 auricular (FA), segons ha concl\u00f2s un estudi d&#8217;investigadors australians que ha estat publicat a la revista &#8216;HeartRhythm&#8217;.<\/p>\n\n\n\n<p>L&#8217;alcohol est\u00e0 omnipresent en la societat occidental, i les taxes d&#8217;\u00fas excessiu entre els adults segueixen sent altes. El consum excessiu d&#8217;alcohol \u00e9s un factor de risc establert per a la fibril\u00b7laci\u00f3 auricular, per\u00f2 quins s\u00f3n els efectes del consum moderat i lleu?<\/p>\n\n\n\n<p>La fibril\u00b7laci\u00f3 auricular \u00e9s un ritme card\u00edac anormal caracteritzat per un batec r\u00e0pid i irregular de les aur\u00edcules (les dues cambres superiors del cor). Els estudis observacionals suggereixen que fins i tot el consum regular moderat d&#8217;alcohol pot augmentar el seu risc.<\/p>\n\n\n\n<p>Una metan\u00e0lisi de set estudis amb gaireb\u00e9 860.000 pacients i aproximadament 12.500 individus amb FA va demostrar un augment del vuit per cent en la seva incid\u00e8ncia per cada beguda est\u00e0ndard di\u00e0ria addicional. No obstant aix\u00f2, tot i l&#8217;associaci\u00f3 entre el consum regular d&#8217;alcohol i la FA, falten estudis electrofisiol\u00f2gics en humans que descriguin la naturalesa de la remodelaci\u00f3 auricular relacionada amb l&#8217;alcohol.<\/p>\n\n\n\n<p>El prop\u00f2sit d&#8217;aquest estudi australi\u00e0 va ser determinar l&#8217;impacte de diferents graus de consum d&#8217;alcohol a la remodelaci\u00f3 auricular mitjan\u00e7ant l&#8217;\u00fas de cartografia electroanat\u00f3mica d&#8217;alta densitat. En el seu estudi multic\u00e8ntric, els investigadors van realitzar proves invasives detallades en les aur\u00edcules de 75 pacients amb FA, 25 en cadascuna de les tres categories: no bevedors de tota la vida, bevedors lleus i bevedors moderats.<\/p>\n\n\n\n<p>Els pacients van informar de la seva consum mitj\u00e0 d&#8217;alcohol en begudes est\u00e0ndard per setmana (un got est\u00e0ndard \u00e9s d&#8217;aproximadament 12 grams d&#8217;alcohol) durant els 12 mesos anteriors. Els pacients que consumien entre dos i set begudes per setmana es consideraven bevedors lleus, mentre que aquells que consumien entre vuit i 21 begudes per setmana (una mitjana de 14 begudes) es definien com bevedors moderats.<\/p>\n\n\n\n<p>Els investigadors van descobrir que les persones que consumien quantitats moderades d&#8217;alcohol (una mitjana de 14 begudes a la setmana) tenien m\u00e9s evid\u00e8ncia el\u00e8ctrica de cicatritzaci\u00f3 i defici\u00e8ncies en la senyalitzaci\u00f3 el\u00e8ctrica que els no bevedors i els bevedors lleugers.<\/p>\n\n\n\n<p>\u00abAquest estudi subratlla la import\u00e0ncia del consum excessiu d&#8217;alcohol com un factor de risc important en la FA. El consum regular moderat d&#8217;alcohol, per\u00f2 no el consum moderat, \u00e9s un important factor de risc modificable. Aquests canvis el\u00e8ctrics i estructurals poden explicar la propensi\u00f3 a la FA en els bevedors regulars \u00ab, conclou l&#8217;investigador principal, Peter Kistler, del departament de Cardiologia de l&#8217;Alfred Hospital (Austr\u00e0lia).<\/p>\n\n\n\n<p>Via: <a href=\"https:\/\/www.infosalus.com\">Infosalus<\/a><\/p>\n","protected":false},"excerpt":{"rendered":"<p>El consum regular i moderat d&#8217;alcohol (una mitjana de 14 gots per setmana) \u00e9s un factor de risc modificable per a la fibril\u00b7laci\u00f3 auricular (FA), segons ha concl\u00f2s un estudi d&#8217;investigadors australians que ha estat publicat a la revista &#8216;HeartRhythm&#8217;. L&#8217;alcohol est\u00e0 omnipresent en la societat occidental, i les taxes d&#8217;\u00fas excessiu entre els adults [&hellip;]<\/p>\n","protected":false},"author":2,"featured_media":1559,"comment_status":"closed","ping_status":"open","sticky":false,"template":"","format":"standard","meta":{"ocean_post_layout":"","ocean_both_sidebars_style":"","ocean_both_sidebars_content_width":0,"ocean_both_sidebars_sidebars_width":0,"ocean_sidebar":"0","ocean_second_sidebar":"0","ocean_disable_margins":"enable","ocean_add_body_class":"","ocean_shortcode_before_top_bar":"","ocean_shortcode_after_top_bar":"","ocean_shortcode_before_header":"","ocean_shortcode_after_header":"","ocean_has_shortcode":"","ocean_shortcode_after_title":"","ocean_shortcode_before_footer_widgets":"","ocean_shortcode_after_footer_widgets":"","ocean_shortcode_before_footer_bottom":"","ocean_shortcode_after_footer_bottom":"","ocean_display_top_bar":"default","ocean_display_header":"default","ocean_header_style":"","ocean_center_header_left_menu":"0","ocean_custom_header_template":"0","ocean_custom_logo":0,"ocean_custom_retina_logo":0,"ocean_custom_logo_max_width":0,"ocean_custom_logo_tablet_max_width":0,"ocean_custom_logo_mobile_max_width":0,"ocean_custom_logo_max_height":0,"ocean_custom_logo_tablet_max_height":0,"ocean_custom_logo_mobile_max_height":0,"ocean_header_custom_menu":"0","ocean_menu_typo_font_family":"0","ocean_menu_typo_font_subset":"","ocean_menu_typo_font_size":0,"ocean_menu_typo_font_size_tablet":0,"ocean_menu_typo_font_size_mobile":0,"ocean_menu_typo_font_size_unit":"px","ocean_menu_typo_font_weight":"","ocean_menu_typo_font_weight_tablet":"","ocean_menu_typo_font_weight_mobile":"","ocean_menu_typo_transform":"","ocean_menu_typo_transform_tablet":"","ocean_menu_typo_transform_mobile":"","ocean_menu_typo_line_height":0,"ocean_menu_typo_line_height_tablet":0,"ocean_menu_typo_line_height_mobile":0,"ocean_menu_typo_line_height_unit":"","ocean_menu_typo_spacing":0,"ocean_menu_typo_spacing_tablet":0,"ocean_menu_typo_spacing_mobile":0,"ocean_menu_typo_spacing_unit":"","ocean_menu_link_color":"","ocean_menu_link_color_hover":"","ocean_menu_link_color_active":"","ocean_menu_link_background":"","ocean_menu_link_hover_background":"","ocean_menu_link_active_background":"","ocean_menu_social_links_bg":"","ocean_menu_social_hover_links_bg":"","ocean_menu_social_links_color":"","ocean_menu_social_hover_links_color":"","ocean_disable_title":"default","ocean_disable_heading":"default","ocean_post_title":"","ocean_post_subheading":"","ocean_post_title_style":"","ocean_post_title_background_color":"","ocean_post_title_background":0,"ocean_post_title_bg_image_position":"","ocean_post_title_bg_image_attachment":"","ocean_post_title_bg_image_repeat":"","ocean_post_title_bg_image_size":"","ocean_post_title_height":0,"ocean_post_title_bg_overlay":0.5,"ocean_post_title_bg_overlay_color":"","ocean_disable_breadcrumbs":"default","ocean_breadcrumbs_color":"","ocean_breadcrumbs_separator_color":"","ocean_breadcrumbs_links_color":"","ocean_breadcrumbs_links_hover_color":"","ocean_display_footer_widgets":"default","ocean_display_footer_bottom":"default","ocean_custom_footer_template":"0","ocean_post_oembed":"","ocean_post_self_hosted_media":"","ocean_post_video_embed":"","ocean_link_format":"","ocean_link_format_target":"self","ocean_quote_format":"","ocean_quote_format_link":"post","ocean_gallery_link_images":"off","ocean_gallery_id":[],"footnotes":""},"categories":[51],"tags":[118,129],"class_list":["post-1558","post","type-post","status-publish","format-standard","has-post-thumbnail","hentry","category-alcohol-ca","tag-centre-addiccions","tag-forum-girona-ca","entry","has-media"],"yoast_head":"<!-- This site is optimized with the Yoast SEO plugin v27.5 - https:\/\/yoast.com\/product\/yoast-seo-wordpress\/ -->\n<title>El consum regular moderat d&#039;alcohol tamb\u00e9 augmenta el risc cardiovascular - Forum Salud Mental Girona<\/title>\n<meta name=\"robots\" content=\"index, follow, max-snippet:-1, max-image-preview:large, max-video-preview:-1\" \/>\n<link rel=\"canonical\" href=\"https:\/\/forummontau.com\/girona\/el-consum-regular-moderat-dalcohol-tambe-augmenta-el-risc-cardiovascular\/\" \/>\n<meta property=\"og:locale\" content=\"es_ES\" \/>\n<meta property=\"og:type\" content=\"article\" \/>\n<meta property=\"og:title\" content=\"El consum regular moderat d&#039;alcohol tamb\u00e9 augmenta el risc cardiovascular - Forum Salud Mental Girona\" \/>\n<meta property=\"og:description\" content=\"El consum regular i moderat d&#8217;alcohol (una mitjana de 14 gots per setmana) \u00e9s un factor de risc modificable per a la fibril\u00b7laci\u00f3 auricular (FA), segons ha concl\u00f2s un estudi d&#8217;investigadors australians que ha estat publicat a la revista &#8216;HeartRhythm&#8217;. L&#8217;alcohol est\u00e0 omnipresent en la societat occidental, i les taxes d&#8217;\u00fas excessiu entre els adults [&hellip;]\" \/>\n<meta property=\"og:url\" content=\"https:\/\/forummontau.com\/girona\/el-consum-regular-moderat-dalcohol-tambe-augmenta-el-risc-cardiovascular\/\" \/>\n<meta property=\"og:site_name\" content=\"Forum Salud Mental Girona\" \/>\n<meta property=\"article:published_time\" content=\"2019-01-16T11:16:28+00:00\" \/>\n<meta property=\"article:modified_time\" content=\"2019-02-11T14:31:46+00:00\" \/>\n<meta property=\"og:image\" content=\"https:\/\/forummontau.com\/girona\/wp-content\/uploads\/sites\/6\/2019\/01\/alcoholyproblemascardiovasculares-1.jpg\" \/>\n\t<meta property=\"og:image:width\" content=\"600\" \/>\n\t<meta property=\"og:image:height\" content=\"315\" \/>\n\t<meta property=\"og:image:type\" content=\"image\/jpeg\" \/>\n<meta name=\"author\" content=\"Forum Salud Mental Madrid\" \/>\n<meta name=\"twitter:card\" content=\"summary_large_image\" \/>\n<meta name=\"twitter:label1\" content=\"Escrito por\" \/>\n\t<meta name=\"twitter:data1\" content=\"Forum Salud Mental Madrid\" \/>\n\t<meta name=\"twitter:label2\" content=\"Tiempo de lectura\" \/>\n\t<meta name=\"twitter:data2\" content=\"2 minutos\" \/>\n<script type=\"application\/ld+json\" class=\"yoast-schema-graph\">{\"@context\":\"https:\\\/\\\/schema.org\",\"@graph\":[{\"@type\":\"Article\",\"@id\":\"https:\\\/\\\/forummontau.com\\\/girona\\\/el-consum-regular-moderat-dalcohol-tambe-augmenta-el-risc-cardiovascular\\\/#article\",\"isPartOf\":{\"@id\":\"https:\\\/\\\/forummontau.com\\\/girona\\\/el-consum-regular-moderat-dalcohol-tambe-augmenta-el-risc-cardiovascular\\\/\"},\"author\":{\"name\":\"Forum Salud Mental Madrid\",\"@id\":\"https:\\\/\\\/forummontau.com\\\/girona\\\/#\\\/schema\\\/person\\\/dd79fa1c0ba733edd439998f9d7f5e25\"},\"headline\":\"El consum regular moderat d&#8217;alcohol tamb\u00e9 augmenta el risc cardiovascular\",\"datePublished\":\"2019-01-16T11:16:28+00:00\",\"dateModified\":\"2019-02-11T14:31:46+00:00\",\"mainEntityOfPage\":{\"@id\":\"https:\\\/\\\/forummontau.com\\\/girona\\\/el-consum-regular-moderat-dalcohol-tambe-augmenta-el-risc-cardiovascular\\\/\"},\"wordCount\":474,\"publisher\":{\"@id\":\"https:\\\/\\\/forummontau.com\\\/girona\\\/#organization\"},\"image\":{\"@id\":\"https:\\\/\\\/forummontau.com\\\/girona\\\/el-consum-regular-moderat-dalcohol-tambe-augmenta-el-risc-cardiovascular\\\/#primaryimage\"},\"thumbnailUrl\":\"https:\\\/\\\/forummontau.com\\\/girona\\\/wp-content\\\/uploads\\\/sites\\\/6\\\/2019\\\/01\\\/alcoholyproblemascardiovasculares-1.jpg\",\"keywords\":[\"Centre Addiccions\",\"Forum Girona\"],\"articleSection\":[\"Alcohol\"],\"inLanguage\":\"es\"},{\"@type\":\"WebPage\",\"@id\":\"https:\\\/\\\/forummontau.com\\\/girona\\\/el-consum-regular-moderat-dalcohol-tambe-augmenta-el-risc-cardiovascular\\\/\",\"url\":\"https:\\\/\\\/forummontau.com\\\/girona\\\/el-consum-regular-moderat-dalcohol-tambe-augmenta-el-risc-cardiovascular\\\/\",\"name\":\"El consum regular moderat d'alcohol tamb\u00e9 augmenta el risc cardiovascular - Forum Salud Mental Girona\",\"isPartOf\":{\"@id\":\"https:\\\/\\\/forummontau.com\\\/girona\\\/#website\"},\"primaryImageOfPage\":{\"@id\":\"https:\\\/\\\/forummontau.com\\\/girona\\\/el-consum-regular-moderat-dalcohol-tambe-augmenta-el-risc-cardiovascular\\\/#primaryimage\"},\"image\":{\"@id\":\"https:\\\/\\\/forummontau.com\\\/girona\\\/el-consum-regular-moderat-dalcohol-tambe-augmenta-el-risc-cardiovascular\\\/#primaryimage\"},\"thumbnailUrl\":\"https:\\\/\\\/forummontau.com\\\/girona\\\/wp-content\\\/uploads\\\/sites\\\/6\\\/2019\\\/01\\\/alcoholyproblemascardiovasculares-1.jpg\",\"datePublished\":\"2019-01-16T11:16:28+00:00\",\"dateModified\":\"2019-02-11T14:31:46+00:00\",\"breadcrumb\":{\"@id\":\"https:\\\/\\\/forummontau.com\\\/girona\\\/el-consum-regular-moderat-dalcohol-tambe-augmenta-el-risc-cardiovascular\\\/#breadcrumb\"},\"inLanguage\":\"es\",\"potentialAction\":[{\"@type\":\"ReadAction\",\"target\":[\"https:\\\/\\\/forummontau.com\\\/girona\\\/el-consum-regular-moderat-dalcohol-tambe-augmenta-el-risc-cardiovascular\\\/\"]}]},{\"@type\":\"ImageObject\",\"inLanguage\":\"es\",\"@id\":\"https:\\\/\\\/forummontau.com\\\/girona\\\/el-consum-regular-moderat-dalcohol-tambe-augmenta-el-risc-cardiovascular\\\/#primaryimage\",\"url\":\"https:\\\/\\\/forummontau.com\\\/girona\\\/wp-content\\\/uploads\\\/sites\\\/6\\\/2019\\\/01\\\/alcoholyproblemascardiovasculares-1.jpg\",\"contentUrl\":\"https:\\\/\\\/forummontau.com\\\/girona\\\/wp-content\\\/uploads\\\/sites\\\/6\\\/2019\\\/01\\\/alcoholyproblemascardiovasculares-1.jpg\",\"width\":600,\"height\":315},{\"@type\":\"BreadcrumbList\",\"@id\":\"https:\\\/\\\/forummontau.com\\\/girona\\\/el-consum-regular-moderat-dalcohol-tambe-augmenta-el-risc-cardiovascular\\\/#breadcrumb\",\"itemListElement\":[{\"@type\":\"ListItem\",\"position\":1,\"name\":\"Portada\",\"item\":\"https:\\\/\\\/forummontau.com\\\/girona\\\/centre-desintoxicacio-i-addiccions-girona\\\/\"},{\"@type\":\"ListItem\",\"position\":2,\"name\":\"El consum regular moderat d&#8217;alcohol tamb\u00e9 augmenta el risc cardiovascular\"}]},{\"@type\":\"WebSite\",\"@id\":\"https:\\\/\\\/forummontau.com\\\/girona\\\/#website\",\"url\":\"https:\\\/\\\/forummontau.com\\\/girona\\\/\",\"name\":\"Forum Salud Mental Girona\",\"description\":\"Centro de Desintoxicaci\u00f3n y Adicciones en Girona\",\"publisher\":{\"@id\":\"https:\\\/\\\/forummontau.com\\\/girona\\\/#organization\"},\"potentialAction\":[{\"@type\":\"SearchAction\",\"target\":{\"@type\":\"EntryPoint\",\"urlTemplate\":\"https:\\\/\\\/forummontau.com\\\/girona\\\/?s={search_term_string}\"},\"query-input\":{\"@type\":\"PropertyValueSpecification\",\"valueRequired\":true,\"valueName\":\"search_term_string\"}}],\"inLanguage\":\"es\"},{\"@type\":\"Organization\",\"@id\":\"https:\\\/\\\/forummontau.com\\\/girona\\\/#organization\",\"name\":\"Forum Salud Mental Girona\",\"url\":\"https:\\\/\\\/forummontau.com\\\/girona\\\/\",\"logo\":{\"@type\":\"ImageObject\",\"inLanguage\":\"es\",\"@id\":\"https:\\\/\\\/forummontau.com\\\/girona\\\/#\\\/schema\\\/logo\\\/image\\\/\",\"url\":\"https:\\\/\\\/forummontau.com\\\/girona\\\/wp-content\\\/uploads\\\/sites\\\/6\\\/2020\\\/02\\\/girona_forum.png\",\"contentUrl\":\"https:\\\/\\\/forummontau.com\\\/girona\\\/wp-content\\\/uploads\\\/sites\\\/6\\\/2020\\\/02\\\/girona_forum.png\",\"width\":215,\"height\":119,\"caption\":\"Forum Salud Mental Girona\"},\"image\":{\"@id\":\"https:\\\/\\\/forummontau.com\\\/girona\\\/#\\\/schema\\\/logo\\\/image\\\/\"}},{\"@type\":\"Person\",\"@id\":\"https:\\\/\\\/forummontau.com\\\/girona\\\/#\\\/schema\\\/person\\\/dd79fa1c0ba733edd439998f9d7f5e25\",\"name\":\"Forum Salud Mental Madrid\"}]}<\/script>\n<!-- \/ Yoast SEO plugin. -->","yoast_head_json":{"title":"El consum regular moderat d'alcohol tamb\u00e9 augmenta el risc cardiovascular - Forum Salud Mental Girona","robots":{"index":"index","follow":"follow","max-snippet":"max-snippet:-1","max-image-preview":"max-image-preview:large","max-video-preview":"max-video-preview:-1"},"canonical":"https:\/\/forummontau.com\/girona\/el-consum-regular-moderat-dalcohol-tambe-augmenta-el-risc-cardiovascular\/","og_locale":"es_ES","og_type":"article","og_title":"El consum regular moderat d'alcohol tamb\u00e9 augmenta el risc cardiovascular - Forum Salud Mental Girona","og_description":"El consum regular i moderat d&#8217;alcohol (una mitjana de 14 gots per setmana) \u00e9s un factor de risc modificable per a la fibril\u00b7laci\u00f3 auricular (FA), segons ha concl\u00f2s un estudi d&#8217;investigadors australians que ha estat publicat a la revista &#8216;HeartRhythm&#8217;. L&#8217;alcohol est\u00e0 omnipresent en la societat occidental, i les taxes d&#8217;\u00fas excessiu entre els adults [&hellip;]","og_url":"https:\/\/forummontau.com\/girona\/el-consum-regular-moderat-dalcohol-tambe-augmenta-el-risc-cardiovascular\/","og_site_name":"Forum Salud Mental Girona","article_published_time":"2019-01-16T11:16:28+00:00","article_modified_time":"2019-02-11T14:31:46+00:00","og_image":[{"width":600,"height":315,"url":"https:\/\/forummontau.com\/girona\/wp-content\/uploads\/sites\/6\/2019\/01\/alcoholyproblemascardiovasculares-1.jpg","type":"image\/jpeg"}],"author":"Forum Salud Mental Madrid","twitter_card":"summary_large_image","twitter_misc":{"Escrito por":"Forum Salud Mental Madrid","Tiempo de lectura":"2 minutos"},"schema":{"@context":"https:\/\/schema.org","@graph":[{"@type":"Article","@id":"https:\/\/forummontau.com\/girona\/el-consum-regular-moderat-dalcohol-tambe-augmenta-el-risc-cardiovascular\/#article","isPartOf":{"@id":"https:\/\/forummontau.com\/girona\/el-consum-regular-moderat-dalcohol-tambe-augmenta-el-risc-cardiovascular\/"},"author":{"name":"Forum Salud Mental Madrid","@id":"https:\/\/forummontau.com\/girona\/#\/schema\/person\/dd79fa1c0ba733edd439998f9d7f5e25"},"headline":"El consum regular moderat d&#8217;alcohol tamb\u00e9 augmenta el risc cardiovascular","datePublished":"2019-01-16T11:16:28+00:00","dateModified":"2019-02-11T14:31:46+00:00","mainEntityOfPage":{"@id":"https:\/\/forummontau.com\/girona\/el-consum-regular-moderat-dalcohol-tambe-augmenta-el-risc-cardiovascular\/"},"wordCount":474,"publisher":{"@id":"https:\/\/forummontau.com\/girona\/#organization"},"image":{"@id":"https:\/\/forummontau.com\/girona\/el-consum-regular-moderat-dalcohol-tambe-augmenta-el-risc-cardiovascular\/#primaryimage"},"thumbnailUrl":"https:\/\/forummontau.com\/girona\/wp-content\/uploads\/sites\/6\/2019\/01\/alcoholyproblemascardiovasculares-1.jpg","keywords":["Centre Addiccions","Forum Girona"],"articleSection":["Alcohol"],"inLanguage":"es"},{"@type":"WebPage","@id":"https:\/\/forummontau.com\/girona\/el-consum-regular-moderat-dalcohol-tambe-augmenta-el-risc-cardiovascular\/","url":"https:\/\/forummontau.com\/girona\/el-consum-regular-moderat-dalcohol-tambe-augmenta-el-risc-cardiovascular\/","name":"El consum regular moderat d'alcohol tamb\u00e9 augmenta el risc cardiovascular - Forum Salud Mental Girona","isPartOf":{"@id":"https:\/\/forummontau.com\/girona\/#website"},"primaryImageOfPage":{"@id":"https:\/\/forummontau.com\/girona\/el-consum-regular-moderat-dalcohol-tambe-augmenta-el-risc-cardiovascular\/#primaryimage"},"image":{"@id":"https:\/\/forummontau.com\/girona\/el-consum-regular-moderat-dalcohol-tambe-augmenta-el-risc-cardiovascular\/#primaryimage"},"thumbnailUrl":"https:\/\/forummontau.com\/girona\/wp-content\/uploads\/sites\/6\/2019\/01\/alcoholyproblemascardiovasculares-1.jpg","datePublished":"2019-01-16T11:16:28+00:00","dateModified":"2019-02-11T14:31:46+00:00","breadcrumb":{"@id":"https:\/\/forummontau.com\/girona\/el-consum-regular-moderat-dalcohol-tambe-augmenta-el-risc-cardiovascular\/#breadcrumb"},"inLanguage":"es","potentialAction":[{"@type":"ReadAction","target":["https:\/\/forummontau.com\/girona\/el-consum-regular-moderat-dalcohol-tambe-augmenta-el-risc-cardiovascular\/"]}]},{"@type":"ImageObject","inLanguage":"es","@id":"https:\/\/forummontau.com\/girona\/el-consum-regular-moderat-dalcohol-tambe-augmenta-el-risc-cardiovascular\/#primaryimage","url":"https:\/\/forummontau.com\/girona\/wp-content\/uploads\/sites\/6\/2019\/01\/alcoholyproblemascardiovasculares-1.jpg","contentUrl":"https:\/\/forummontau.com\/girona\/wp-content\/uploads\/sites\/6\/2019\/01\/alcoholyproblemascardiovasculares-1.jpg","width":600,"height":315},{"@type":"BreadcrumbList","@id":"https:\/\/forummontau.com\/girona\/el-consum-regular-moderat-dalcohol-tambe-augmenta-el-risc-cardiovascular\/#breadcrumb","itemListElement":[{"@type":"ListItem","position":1,"name":"Portada","item":"https:\/\/forummontau.com\/girona\/centre-desintoxicacio-i-addiccions-girona\/"},{"@type":"ListItem","position":2,"name":"El consum regular moderat d&#8217;alcohol tamb\u00e9 augmenta el risc cardiovascular"}]},{"@type":"WebSite","@id":"https:\/\/forummontau.com\/girona\/#website","url":"https:\/\/forummontau.com\/girona\/","name":"Forum Salud Mental Girona","description":"Centro de Desintoxicaci\u00f3n y Adicciones en Girona","publisher":{"@id":"https:\/\/forummontau.com\/girona\/#organization"},"potentialAction":[{"@type":"SearchAction","target":{"@type":"EntryPoint","urlTemplate":"https:\/\/forummontau.com\/girona\/?s={search_term_string}"},"query-input":{"@type":"PropertyValueSpecification","valueRequired":true,"valueName":"search_term_string"}}],"inLanguage":"es"},{"@type":"Organization","@id":"https:\/\/forummontau.com\/girona\/#organization","name":"Forum Salud Mental Girona","url":"https:\/\/forummontau.com\/girona\/","logo":{"@type":"ImageObject","inLanguage":"es","@id":"https:\/\/forummontau.com\/girona\/#\/schema\/logo\/image\/","url":"https:\/\/forummontau.com\/girona\/wp-content\/uploads\/sites\/6\/2020\/02\/girona_forum.png","contentUrl":"https:\/\/forummontau.com\/girona\/wp-content\/uploads\/sites\/6\/2020\/02\/girona_forum.png","width":215,"height":119,"caption":"Forum Salud Mental Girona"},"image":{"@id":"https:\/\/forummontau.com\/girona\/#\/schema\/logo\/image\/"}},{"@type":"Person","@id":"https:\/\/forummontau.com\/girona\/#\/schema\/person\/dd79fa1c0ba733edd439998f9d7f5e25","name":"Forum Salud Mental Madrid"}]}},"_links":{"self":[{"href":"https:\/\/forummontau.com\/girona\/wp-json\/wp\/v2\/posts\/1558","targetHints":{"allow":["GET"]}}],"collection":[{"href":"https:\/\/forummontau.com\/girona\/wp-json\/wp\/v2\/posts"}],"about":[{"href":"https:\/\/forummontau.com\/girona\/wp-json\/wp\/v2\/types\/post"}],"author":[{"embeddable":true,"href":"https:\/\/forummontau.com\/girona\/wp-json\/wp\/v2\/users\/2"}],"replies":[{"embeddable":true,"href":"https:\/\/forummontau.com\/girona\/wp-json\/wp\/v2\/comments?post=1558"}],"version-history":[{"count":0,"href":"https:\/\/forummontau.com\/girona\/wp-json\/wp\/v2\/posts\/1558\/revisions"}],"wp:featuredmedia":[{"embeddable":true,"href":"https:\/\/forummontau.com\/girona\/wp-json\/wp\/v2\/media\/1559"}],"wp:attachment":[{"href":"https:\/\/forummontau.com\/girona\/wp-json\/wp\/v2\/media?parent=1558"}],"wp:term":[{"taxonomy":"category","embeddable":true,"href":"https:\/\/forummontau.com\/girona\/wp-json\/wp\/v2\/categories?post=1558"},{"taxonomy":"post_tag","embeddable":true,"href":"https:\/\/forummontau.com\/girona\/wp-json\/wp\/v2\/tags?post=1558"}],"curies":[{"name":"wp","href":"https:\/\/api.w.org\/{rel}","templated":true}]}}