{"id":1592,"date":"2019-03-25T09:59:48","date_gmt":"2019-03-25T09:59:48","guid":{"rendered":"https:\/\/forumgirona.cat\/?p=1592"},"modified":"2019-03-25T10:01:10","modified_gmt":"2019-03-25T10:01:10","slug":"addiccio-a-les-noves-tecnologies-simptomes-causes-i-tractaments","status":"publish","type":"post","link":"https:\/\/forummontau.com\/girona\/addiccio-a-les-noves-tecnologies-simptomes-causes-i-tractaments\/","title":{"rendered":"Addicci\u00f3 a les noves tecnologies: s\u00edmptomes, causes i tractaments"},"content":{"rendered":"\n<p>Quines s\u00f3n les caracter\u00edstiques principals de l&#8217;addicci\u00f3 a les noves tecnologies, com pot sorgir aquest tipus de necessitat en les persones, i quines formes de tractament m\u00e9s efectives existeixen per a aquests casos.<\/p>\n\n\n\n<h2 class=\"wp-block-heading\">Qu\u00e9 \u00e9s l&#8217;addicci\u00f3 a les noves tecnologies?<\/h2>\n\n\n\n<p>L&#8217;addicci\u00f3 a les noves tecnologies \u00e9s <strong>una forta necessitat del subjecte per mantenir-se interactuant amb els aparells electr\u00f2nics<\/strong> que li permeten acc\u00e9s a Internet ja sigui per mitj\u00e0 d&#8217;apps de tel\u00e8fon intel\u00b7ligent o programes d&#8217;ordinador.<\/p>\n\n\n\n<p>Sovint, a m\u00e9s de necessitar estar connectat a la web, el subjecte necessita d&#8217;aparells que compleixin uns par\u00e0metres espec\u00edfics, de manera que li puguin oferir una experi\u00e8ncia m\u00e9s completa, pel que fa als continguts als quals podria accedir.<\/p>\n\n\n\n<h2 class=\"wp-block-heading\">S\u00edmptomes d&#8217;aquest comportament addictiu<\/h2>\n\n\n\n<p>Hi ha tot un ventall d&#8217;addiccions, cadascuna amb les seves caracter\u00edstiques i s\u00edmptomes propis. <strong>Totes representen una necessitat irracional de l&#8217;individu de tenir acc\u00e9s a alguna cosa o activitat<\/strong>. Hi haur\u00e0 difer\u00e8ncies depenent de quin sigui el detonant del comportament addictiu del subjecte.<\/p>\n\n\n\n<p>En el cas de l&#8217;addicci\u00f3 a les noves tecnologies, els s\u00edmptomes seran els seg\u00fcents.<\/p>\n\n\n\n<h2 class=\"wp-block-heading\">1. Necessitat compulsiva d&#8217;informaci\u00f3<\/h2>\n\n\n\n<p>Els subjectes que presenten aquest tipus d&#8217;addicci\u00f3, senten una forta necessitat per estar informats constantment, sobretot pel que fa als temes relacionats amb el que resulta interessant en el seu cercle social.<\/p>\n\n\n\n<h2 class=\"wp-block-heading\">2. Necessitat d&#8217;aparells tecnol\u00f2gics de vanguardia<\/h2>\n\n\n\n<p>A mesura que l&#8217;addicci\u00f3 a les noves tecnologies es fa m\u00e9s intensa, al subjecte no en t\u00e9 prou amb satisfer la seva necessitat d&#8217;informaci\u00f3 a trav\u00e9s de qualsevol dispositiu, sin\u00f3 que aquest <strong>necessitar\u00e0 d&#8217;un que li brindi els \u00faltims aven\u00e7os teol\u00f2gics per sentir que satisf\u00e0 la seva necessitat<\/strong>.<\/p>\n\n\n\n<h2 class=\"wp-block-heading\">3. Tend\u00e8ncia a l&#8217;a\u00efllament<\/h2>\n\n\n\n<p>Les persones que s&#8217;han tornat addictes a les noves tecnologies es tornen subjectes <strong>relativament apartats del contacte social f\u00edsic.<\/strong> Aix\u00f2 vol dir que poden socialitzar tranquil\u00b7lament per mitj\u00e0 dels seus aparells, gr\u00e0cies als seus perfils en xarxes socials, per\u00f2 la conviv\u00e8ncia personal els resulta una nosa.<\/p>\n\n\n\n<h2 class=\"wp-block-heading\">4. Depend\u00e8ncia tecnol\u00f2gica<\/h2>\n\n\n\n<p>Aquests subjectes centren tota la seva atenci\u00f3 i recursos en mantenir-se actualitzats respecte als aven\u00e7os tecnol\u00f2gics, en tots els aspectes. Situaci\u00f3 que representa <strong>una limitaci\u00f3 pel que fa a afrontar situacions fora del context de les pantalles<\/strong>.<\/p>\n\n\n\n<p>Per exemple, un addicte a la tecnologia pot ser molt eficient al moment de realitzar activitats per mitj\u00e0 d&#8217;un aparell intel\u00b7ligent, per\u00f2 si cal que faci alguna cosa en un altre context el subjecte ser\u00e0 incapa\u00e7 de fer-ho amb la mateixa efic\u00e0cia. En els casos m\u00e9s intensos d&#8217;aquesta addicci\u00f3 podria fins i tot ser incapa\u00e7 de realitzar aquesta tasca sense ajuda de la tecnologia.<\/p>\n\n\n\n<h2 class=\"wp-block-heading\">Causes<\/h2>\n\n\n\n<p>En termes generals, les addiccions s\u00f3n producte d&#8217;una distorsi\u00f3 en el sistema de recompenses del subjecte, el que pot derivar en una falla a nivell org\u00e0nic.<\/p>\n\n\n\n<p>Quan vam comen\u00e7ar a practicar una activitat de forma compulsiva, o adoptem nous h\u00e0bits que ens generen satisfacci\u00f3, el nostre cervell segrega un neurotransmissor conegut com serotonina (l&#8217;hormona de la felicitat). Com m\u00e9s temps passem realitzant aquesta activitat sense distribuir el nostre temps en altres activitats, l<strong>es quantitats de serotonina que segrega el nostre cervell s\u00f3n m\u00e9s grans<\/strong>, contribuint aix\u00ed a que ens tornem cada vegada m\u00e9s dependents.<\/p>\n\n\n\n<h2 class=\"wp-block-heading\">Tractaments<\/h2>\n\n\n\n<p>B\u00e0sicament hi ha dues maneres de tractar l&#8217;ansietat sorgida en deixar d&#8217;usar tant aquests aparells. En primer lloc es troba la <strong>psicoter\u00e0pia; la qual consta de sessions amb un professional de la psicologia<\/strong> on l&#8217;\u00e8mfasi estar\u00e0 en la part emocional del subjecte i en les causes ps\u00edquiques que poden detonar la conducta ansiosa en la persona.<\/p>\n\n\n\n<p>En segon lloc es troben els medicaments, els quals \u00fanicament han de ser emprats quan s&#8217;ha determinat que la causa principal de l&#8217;ansietat \u00e9s d&#8217;origen org\u00e0nic.<\/p>\n\n\n\n<p>Si creus que tens un problema d&#8217;addicci\u00f3 a les noves tecnologies o un familiar pot tenir-li, contacta amb nosaltres i t&#8217;orientarem sense cap comprom\u00eds.<\/p>\n\n\n\n<p>Via. <a href=\"http:\/\/psicologiaymente.com\">Psicologiaymente<\/a><\/p>\n","protected":false},"excerpt":{"rendered":"<p>Quines s\u00f3n les caracter\u00edstiques principals de l&#8217;addicci\u00f3 a les noves tecnologies, com pot sorgir aquest tipus de necessitat en les persones, i quines formes de tractament m\u00e9s efectives existeixen per a aquests casos. Qu\u00e9 \u00e9s l&#8217;addicci\u00f3 a les noves tecnologies? L&#8217;addicci\u00f3 a les noves tecnologies \u00e9s una forta necessitat del subjecte per mantenir-se interactuant amb [&hellip;]<\/p>\n","protected":false},"author":2,"featured_media":1588,"comment_status":"closed","ping_status":"closed","sticky":false,"template":"","format":"standard","meta":{"ocean_post_layout":"","ocean_both_sidebars_style":"","ocean_both_sidebars_content_width":0,"ocean_both_sidebars_sidebars_width":0,"ocean_sidebar":"0","ocean_second_sidebar":"0","ocean_disable_margins":"enable","ocean_add_body_class":"","ocean_shortcode_before_top_bar":"","ocean_shortcode_after_top_bar":"","ocean_shortcode_before_header":"","ocean_shortcode_after_header":"","ocean_has_shortcode":"","ocean_shortcode_after_title":"","ocean_shortcode_before_footer_widgets":"","ocean_shortcode_after_footer_widgets":"","ocean_shortcode_before_footer_bottom":"","ocean_shortcode_after_footer_bottom":"","ocean_display_top_bar":"default","ocean_display_header":"default","ocean_header_style":"","ocean_center_header_left_menu":"0","ocean_custom_header_template":"0","ocean_custom_logo":0,"ocean_custom_retina_logo":0,"ocean_custom_logo_max_width":0,"ocean_custom_logo_tablet_max_width":0,"ocean_custom_logo_mobile_max_width":0,"ocean_custom_logo_max_height":0,"ocean_custom_logo_tablet_max_height":0,"ocean_custom_logo_mobile_max_height":0,"ocean_header_custom_menu":"0","ocean_menu_typo_font_family":"0","ocean_menu_typo_font_subset":"","ocean_menu_typo_font_size":0,"ocean_menu_typo_font_size_tablet":0,"ocean_menu_typo_font_size_mobile":0,"ocean_menu_typo_font_size_unit":"px","ocean_menu_typo_font_weight":"","ocean_menu_typo_font_weight_tablet":"","ocean_menu_typo_font_weight_mobile":"","ocean_menu_typo_transform":"","ocean_menu_typo_transform_tablet":"","ocean_menu_typo_transform_mobile":"","ocean_menu_typo_line_height":0,"ocean_menu_typo_line_height_tablet":0,"ocean_menu_typo_line_height_mobile":0,"ocean_menu_typo_line_height_unit":"","ocean_menu_typo_spacing":0,"ocean_menu_typo_spacing_tablet":0,"ocean_menu_typo_spacing_mobile":0,"ocean_menu_typo_spacing_unit":"","ocean_menu_link_color":"","ocean_menu_link_color_hover":"","ocean_menu_link_color_active":"","ocean_menu_link_background":"","ocean_menu_link_hover_background":"","ocean_menu_link_active_background":"","ocean_menu_social_links_bg":"","ocean_menu_social_hover_links_bg":"","ocean_menu_social_links_color":"","ocean_menu_social_hover_links_color":"","ocean_disable_title":"default","ocean_disable_heading":"default","ocean_post_title":"","ocean_post_subheading":"","ocean_post_title_style":"","ocean_post_title_background_color":"","ocean_post_title_background":0,"ocean_post_title_bg_image_position":"","ocean_post_title_bg_image_attachment":"","ocean_post_title_bg_image_repeat":"","ocean_post_title_bg_image_size":"","ocean_post_title_height":0,"ocean_post_title_bg_overlay":0.5,"ocean_post_title_bg_overlay_color":"","ocean_disable_breadcrumbs":"default","ocean_breadcrumbs_color":"","ocean_breadcrumbs_separator_color":"","ocean_breadcrumbs_links_color":"","ocean_breadcrumbs_links_hover_color":"","ocean_display_footer_widgets":"default","ocean_display_footer_bottom":"default","ocean_custom_footer_template":"0","ocean_post_oembed":"","ocean_post_self_hosted_media":"","ocean_post_video_embed":"","ocean_link_format":"","ocean_link_format_target":"self","ocean_quote_format":"","ocean_quote_format_link":"post","ocean_gallery_link_images":"off","ocean_gallery_id":[],"footnotes":""},"categories":[49,94,61,171],"tags":[120],"class_list":["post-1592","post","type-post","status-publish","format-standard","has-post-thumbnail","hentry","category-addiccio","category-adolescents","category-prevencio","category-tecnologia","tag-forum-terapeutic-girona-ca","entry","has-media"],"yoast_head":"<!-- This site is optimized with the Yoast SEO plugin v27.5 - https:\/\/yoast.com\/product\/yoast-seo-wordpress\/ -->\n<title>Addicci\u00f3 a les noves tecnologies: s\u00edmptomes, causes i tractaments - Forum Salud Mental Girona<\/title>\n<meta name=\"robots\" content=\"index, follow, max-snippet:-1, max-image-preview:large, max-video-preview:-1\" \/>\n<link rel=\"canonical\" href=\"https:\/\/forummontau.com\/girona\/addiccio-a-les-noves-tecnologies-simptomes-causes-i-tractaments\/\" \/>\n<meta property=\"og:locale\" content=\"es_ES\" \/>\n<meta property=\"og:type\" content=\"article\" \/>\n<meta property=\"og:title\" content=\"Addicci\u00f3 a les noves tecnologies: s\u00edmptomes, causes i tractaments - Forum Salud Mental Girona\" \/>\n<meta property=\"og:description\" content=\"Quines s\u00f3n les caracter\u00edstiques principals de l&#8217;addicci\u00f3 a les noves tecnologies, com pot sorgir aquest tipus de necessitat en les persones, i quines formes de tractament m\u00e9s efectives existeixen per a aquests casos. Qu\u00e9 \u00e9s l&#8217;addicci\u00f3 a les noves tecnologies? L&#8217;addicci\u00f3 a les noves tecnologies \u00e9s una forta necessitat del subjecte per mantenir-se interactuant amb [&hellip;]\" \/>\n<meta property=\"og:url\" content=\"https:\/\/forummontau.com\/girona\/addiccio-a-les-noves-tecnologies-simptomes-causes-i-tractaments\/\" \/>\n<meta property=\"og:site_name\" content=\"Forum Salud Mental Girona\" \/>\n<meta property=\"article:published_time\" content=\"2019-03-25T09:59:48+00:00\" \/>\n<meta property=\"article:modified_time\" content=\"2019-03-25T10:01:10+00:00\" \/>\n<meta property=\"og:image\" content=\"https:\/\/forummontau.com\/girona\/wp-content\/uploads\/sites\/6\/2019\/03\/nuevas-tecnologias.jpg\" \/>\n\t<meta property=\"og:image:width\" content=\"640\" \/>\n\t<meta property=\"og:image:height\" content=\"427\" \/>\n\t<meta property=\"og:image:type\" content=\"image\/jpeg\" \/>\n<meta name=\"author\" content=\"Forum Salud Mental Madrid\" \/>\n<meta name=\"twitter:card\" content=\"summary_large_image\" \/>\n<meta name=\"twitter:label1\" content=\"Escrito por\" \/>\n\t<meta name=\"twitter:data1\" content=\"Forum Salud Mental Madrid\" \/>\n\t<meta name=\"twitter:label2\" content=\"Tiempo de lectura\" \/>\n\t<meta name=\"twitter:data2\" content=\"3 minutos\" \/>\n<script type=\"application\/ld+json\" class=\"yoast-schema-graph\">{\"@context\":\"https:\\\/\\\/schema.org\",\"@graph\":[{\"@type\":\"Article\",\"@id\":\"https:\\\/\\\/forummontau.com\\\/girona\\\/addiccio-a-les-noves-tecnologies-simptomes-causes-i-tractaments\\\/#article\",\"isPartOf\":{\"@id\":\"https:\\\/\\\/forummontau.com\\\/girona\\\/addiccio-a-les-noves-tecnologies-simptomes-causes-i-tractaments\\\/\"},\"author\":{\"name\":\"Forum Salud Mental Madrid\",\"@id\":\"https:\\\/\\\/forummontau.com\\\/girona\\\/#\\\/schema\\\/person\\\/dd79fa1c0ba733edd439998f9d7f5e25\"},\"headline\":\"Addicci\u00f3 a les noves tecnologies: s\u00edmptomes, causes i tractaments\",\"datePublished\":\"2019-03-25T09:59:48+00:00\",\"dateModified\":\"2019-03-25T10:01:10+00:00\",\"mainEntityOfPage\":{\"@id\":\"https:\\\/\\\/forummontau.com\\\/girona\\\/addiccio-a-les-noves-tecnologies-simptomes-causes-i-tractaments\\\/\"},\"wordCount\":708,\"publisher\":{\"@id\":\"https:\\\/\\\/forummontau.com\\\/girona\\\/#organization\"},\"image\":{\"@id\":\"https:\\\/\\\/forummontau.com\\\/girona\\\/addiccio-a-les-noves-tecnologies-simptomes-causes-i-tractaments\\\/#primaryimage\"},\"thumbnailUrl\":\"https:\\\/\\\/forummontau.com\\\/girona\\\/wp-content\\\/uploads\\\/sites\\\/6\\\/2019\\\/03\\\/nuevas-tecnologias.jpg\",\"keywords\":[\"Forum Terapeutic Girona\"],\"articleSection\":[\"Addicci\u00f3\",\"Adolescents\",\"Prevenci\u00f3\",\"Tecnolog\u00eda\"],\"inLanguage\":\"es\"},{\"@type\":\"WebPage\",\"@id\":\"https:\\\/\\\/forummontau.com\\\/girona\\\/addiccio-a-les-noves-tecnologies-simptomes-causes-i-tractaments\\\/\",\"url\":\"https:\\\/\\\/forummontau.com\\\/girona\\\/addiccio-a-les-noves-tecnologies-simptomes-causes-i-tractaments\\\/\",\"name\":\"Addicci\u00f3 a les noves tecnologies: s\u00edmptomes, causes i tractaments - Forum Salud Mental Girona\",\"isPartOf\":{\"@id\":\"https:\\\/\\\/forummontau.com\\\/girona\\\/#website\"},\"primaryImageOfPage\":{\"@id\":\"https:\\\/\\\/forummontau.com\\\/girona\\\/addiccio-a-les-noves-tecnologies-simptomes-causes-i-tractaments\\\/#primaryimage\"},\"image\":{\"@id\":\"https:\\\/\\\/forummontau.com\\\/girona\\\/addiccio-a-les-noves-tecnologies-simptomes-causes-i-tractaments\\\/#primaryimage\"},\"thumbnailUrl\":\"https:\\\/\\\/forummontau.com\\\/girona\\\/wp-content\\\/uploads\\\/sites\\\/6\\\/2019\\\/03\\\/nuevas-tecnologias.jpg\",\"datePublished\":\"2019-03-25T09:59:48+00:00\",\"dateModified\":\"2019-03-25T10:01:10+00:00\",\"breadcrumb\":{\"@id\":\"https:\\\/\\\/forummontau.com\\\/girona\\\/addiccio-a-les-noves-tecnologies-simptomes-causes-i-tractaments\\\/#breadcrumb\"},\"inLanguage\":\"es\",\"potentialAction\":[{\"@type\":\"ReadAction\",\"target\":[\"https:\\\/\\\/forummontau.com\\\/girona\\\/addiccio-a-les-noves-tecnologies-simptomes-causes-i-tractaments\\\/\"]}]},{\"@type\":\"ImageObject\",\"inLanguage\":\"es\",\"@id\":\"https:\\\/\\\/forummontau.com\\\/girona\\\/addiccio-a-les-noves-tecnologies-simptomes-causes-i-tractaments\\\/#primaryimage\",\"url\":\"https:\\\/\\\/forummontau.com\\\/girona\\\/wp-content\\\/uploads\\\/sites\\\/6\\\/2019\\\/03\\\/nuevas-tecnologias.jpg\",\"contentUrl\":\"https:\\\/\\\/forummontau.com\\\/girona\\\/wp-content\\\/uploads\\\/sites\\\/6\\\/2019\\\/03\\\/nuevas-tecnologias.jpg\",\"width\":640,\"height\":427},{\"@type\":\"BreadcrumbList\",\"@id\":\"https:\\\/\\\/forummontau.com\\\/girona\\\/addiccio-a-les-noves-tecnologies-simptomes-causes-i-tractaments\\\/#breadcrumb\",\"itemListElement\":[{\"@type\":\"ListItem\",\"position\":1,\"name\":\"Portada\",\"item\":\"https:\\\/\\\/forummontau.com\\\/girona\\\/centre-desintoxicacio-i-addiccions-girona\\\/\"},{\"@type\":\"ListItem\",\"position\":2,\"name\":\"Addicci\u00f3 a les noves tecnologies: s\u00edmptomes, causes i tractaments\"}]},{\"@type\":\"WebSite\",\"@id\":\"https:\\\/\\\/forummontau.com\\\/girona\\\/#website\",\"url\":\"https:\\\/\\\/forummontau.com\\\/girona\\\/\",\"name\":\"Forum Salud Mental Girona\",\"description\":\"Centro de Desintoxicaci\u00f3n y Adicciones en Girona\",\"publisher\":{\"@id\":\"https:\\\/\\\/forummontau.com\\\/girona\\\/#organization\"},\"potentialAction\":[{\"@type\":\"SearchAction\",\"target\":{\"@type\":\"EntryPoint\",\"urlTemplate\":\"https:\\\/\\\/forummontau.com\\\/girona\\\/?s={search_term_string}\"},\"query-input\":{\"@type\":\"PropertyValueSpecification\",\"valueRequired\":true,\"valueName\":\"search_term_string\"}}],\"inLanguage\":\"es\"},{\"@type\":\"Organization\",\"@id\":\"https:\\\/\\\/forummontau.com\\\/girona\\\/#organization\",\"name\":\"Forum Salud Mental Girona\",\"url\":\"https:\\\/\\\/forummontau.com\\\/girona\\\/\",\"logo\":{\"@type\":\"ImageObject\",\"inLanguage\":\"es\",\"@id\":\"https:\\\/\\\/forummontau.com\\\/girona\\\/#\\\/schema\\\/logo\\\/image\\\/\",\"url\":\"https:\\\/\\\/forummontau.com\\\/girona\\\/wp-content\\\/uploads\\\/sites\\\/6\\\/2020\\\/02\\\/girona_forum.png\",\"contentUrl\":\"https:\\\/\\\/forummontau.com\\\/girona\\\/wp-content\\\/uploads\\\/sites\\\/6\\\/2020\\\/02\\\/girona_forum.png\",\"width\":215,\"height\":119,\"caption\":\"Forum Salud Mental Girona\"},\"image\":{\"@id\":\"https:\\\/\\\/forummontau.com\\\/girona\\\/#\\\/schema\\\/logo\\\/image\\\/\"}},{\"@type\":\"Person\",\"@id\":\"https:\\\/\\\/forummontau.com\\\/girona\\\/#\\\/schema\\\/person\\\/dd79fa1c0ba733edd439998f9d7f5e25\",\"name\":\"Forum Salud Mental Madrid\"}]}<\/script>\n<!-- \/ Yoast SEO plugin. -->","yoast_head_json":{"title":"Addicci\u00f3 a les noves tecnologies: s\u00edmptomes, causes i tractaments - Forum Salud Mental Girona","robots":{"index":"index","follow":"follow","max-snippet":"max-snippet:-1","max-image-preview":"max-image-preview:large","max-video-preview":"max-video-preview:-1"},"canonical":"https:\/\/forummontau.com\/girona\/addiccio-a-les-noves-tecnologies-simptomes-causes-i-tractaments\/","og_locale":"es_ES","og_type":"article","og_title":"Addicci\u00f3 a les noves tecnologies: s\u00edmptomes, causes i tractaments - Forum Salud Mental Girona","og_description":"Quines s\u00f3n les caracter\u00edstiques principals de l&#8217;addicci\u00f3 a les noves tecnologies, com pot sorgir aquest tipus de necessitat en les persones, i quines formes de tractament m\u00e9s efectives existeixen per a aquests casos. Qu\u00e9 \u00e9s l&#8217;addicci\u00f3 a les noves tecnologies? L&#8217;addicci\u00f3 a les noves tecnologies \u00e9s una forta necessitat del subjecte per mantenir-se interactuant amb [&hellip;]","og_url":"https:\/\/forummontau.com\/girona\/addiccio-a-les-noves-tecnologies-simptomes-causes-i-tractaments\/","og_site_name":"Forum Salud Mental Girona","article_published_time":"2019-03-25T09:59:48+00:00","article_modified_time":"2019-03-25T10:01:10+00:00","og_image":[{"width":640,"height":427,"url":"https:\/\/forummontau.com\/girona\/wp-content\/uploads\/sites\/6\/2019\/03\/nuevas-tecnologias.jpg","type":"image\/jpeg"}],"author":"Forum Salud Mental Madrid","twitter_card":"summary_large_image","twitter_misc":{"Escrito por":"Forum Salud Mental Madrid","Tiempo de lectura":"3 minutos"},"schema":{"@context":"https:\/\/schema.org","@graph":[{"@type":"Article","@id":"https:\/\/forummontau.com\/girona\/addiccio-a-les-noves-tecnologies-simptomes-causes-i-tractaments\/#article","isPartOf":{"@id":"https:\/\/forummontau.com\/girona\/addiccio-a-les-noves-tecnologies-simptomes-causes-i-tractaments\/"},"author":{"name":"Forum Salud Mental Madrid","@id":"https:\/\/forummontau.com\/girona\/#\/schema\/person\/dd79fa1c0ba733edd439998f9d7f5e25"},"headline":"Addicci\u00f3 a les noves tecnologies: s\u00edmptomes, causes i tractaments","datePublished":"2019-03-25T09:59:48+00:00","dateModified":"2019-03-25T10:01:10+00:00","mainEntityOfPage":{"@id":"https:\/\/forummontau.com\/girona\/addiccio-a-les-noves-tecnologies-simptomes-causes-i-tractaments\/"},"wordCount":708,"publisher":{"@id":"https:\/\/forummontau.com\/girona\/#organization"},"image":{"@id":"https:\/\/forummontau.com\/girona\/addiccio-a-les-noves-tecnologies-simptomes-causes-i-tractaments\/#primaryimage"},"thumbnailUrl":"https:\/\/forummontau.com\/girona\/wp-content\/uploads\/sites\/6\/2019\/03\/nuevas-tecnologias.jpg","keywords":["Forum Terapeutic Girona"],"articleSection":["Addicci\u00f3","Adolescents","Prevenci\u00f3","Tecnolog\u00eda"],"inLanguage":"es"},{"@type":"WebPage","@id":"https:\/\/forummontau.com\/girona\/addiccio-a-les-noves-tecnologies-simptomes-causes-i-tractaments\/","url":"https:\/\/forummontau.com\/girona\/addiccio-a-les-noves-tecnologies-simptomes-causes-i-tractaments\/","name":"Addicci\u00f3 a les noves tecnologies: s\u00edmptomes, causes i tractaments - Forum Salud Mental Girona","isPartOf":{"@id":"https:\/\/forummontau.com\/girona\/#website"},"primaryImageOfPage":{"@id":"https:\/\/forummontau.com\/girona\/addiccio-a-les-noves-tecnologies-simptomes-causes-i-tractaments\/#primaryimage"},"image":{"@id":"https:\/\/forummontau.com\/girona\/addiccio-a-les-noves-tecnologies-simptomes-causes-i-tractaments\/#primaryimage"},"thumbnailUrl":"https:\/\/forummontau.com\/girona\/wp-content\/uploads\/sites\/6\/2019\/03\/nuevas-tecnologias.jpg","datePublished":"2019-03-25T09:59:48+00:00","dateModified":"2019-03-25T10:01:10+00:00","breadcrumb":{"@id":"https:\/\/forummontau.com\/girona\/addiccio-a-les-noves-tecnologies-simptomes-causes-i-tractaments\/#breadcrumb"},"inLanguage":"es","potentialAction":[{"@type":"ReadAction","target":["https:\/\/forummontau.com\/girona\/addiccio-a-les-noves-tecnologies-simptomes-causes-i-tractaments\/"]}]},{"@type":"ImageObject","inLanguage":"es","@id":"https:\/\/forummontau.com\/girona\/addiccio-a-les-noves-tecnologies-simptomes-causes-i-tractaments\/#primaryimage","url":"https:\/\/forummontau.com\/girona\/wp-content\/uploads\/sites\/6\/2019\/03\/nuevas-tecnologias.jpg","contentUrl":"https:\/\/forummontau.com\/girona\/wp-content\/uploads\/sites\/6\/2019\/03\/nuevas-tecnologias.jpg","width":640,"height":427},{"@type":"BreadcrumbList","@id":"https:\/\/forummontau.com\/girona\/addiccio-a-les-noves-tecnologies-simptomes-causes-i-tractaments\/#breadcrumb","itemListElement":[{"@type":"ListItem","position":1,"name":"Portada","item":"https:\/\/forummontau.com\/girona\/centre-desintoxicacio-i-addiccions-girona\/"},{"@type":"ListItem","position":2,"name":"Addicci\u00f3 a les noves tecnologies: s\u00edmptomes, causes i tractaments"}]},{"@type":"WebSite","@id":"https:\/\/forummontau.com\/girona\/#website","url":"https:\/\/forummontau.com\/girona\/","name":"Forum Salud Mental Girona","description":"Centro de Desintoxicaci\u00f3n y Adicciones en Girona","publisher":{"@id":"https:\/\/forummontau.com\/girona\/#organization"},"potentialAction":[{"@type":"SearchAction","target":{"@type":"EntryPoint","urlTemplate":"https:\/\/forummontau.com\/girona\/?s={search_term_string}"},"query-input":{"@type":"PropertyValueSpecification","valueRequired":true,"valueName":"search_term_string"}}],"inLanguage":"es"},{"@type":"Organization","@id":"https:\/\/forummontau.com\/girona\/#organization","name":"Forum Salud Mental Girona","url":"https:\/\/forummontau.com\/girona\/","logo":{"@type":"ImageObject","inLanguage":"es","@id":"https:\/\/forummontau.com\/girona\/#\/schema\/logo\/image\/","url":"https:\/\/forummontau.com\/girona\/wp-content\/uploads\/sites\/6\/2020\/02\/girona_forum.png","contentUrl":"https:\/\/forummontau.com\/girona\/wp-content\/uploads\/sites\/6\/2020\/02\/girona_forum.png","width":215,"height":119,"caption":"Forum Salud Mental Girona"},"image":{"@id":"https:\/\/forummontau.com\/girona\/#\/schema\/logo\/image\/"}},{"@type":"Person","@id":"https:\/\/forummontau.com\/girona\/#\/schema\/person\/dd79fa1c0ba733edd439998f9d7f5e25","name":"Forum Salud Mental Madrid"}]}},"_links":{"self":[{"href":"https:\/\/forummontau.com\/girona\/wp-json\/wp\/v2\/posts\/1592","targetHints":{"allow":["GET"]}}],"collection":[{"href":"https:\/\/forummontau.com\/girona\/wp-json\/wp\/v2\/posts"}],"about":[{"href":"https:\/\/forummontau.com\/girona\/wp-json\/wp\/v2\/types\/post"}],"author":[{"embeddable":true,"href":"https:\/\/forummontau.com\/girona\/wp-json\/wp\/v2\/users\/2"}],"replies":[{"embeddable":true,"href":"https:\/\/forummontau.com\/girona\/wp-json\/wp\/v2\/comments?post=1592"}],"version-history":[{"count":0,"href":"https:\/\/forummontau.com\/girona\/wp-json\/wp\/v2\/posts\/1592\/revisions"}],"wp:featuredmedia":[{"embeddable":true,"href":"https:\/\/forummontau.com\/girona\/wp-json\/wp\/v2\/media\/1588"}],"wp:attachment":[{"href":"https:\/\/forummontau.com\/girona\/wp-json\/wp\/v2\/media?parent=1592"}],"wp:term":[{"taxonomy":"category","embeddable":true,"href":"https:\/\/forummontau.com\/girona\/wp-json\/wp\/v2\/categories?post=1592"},{"taxonomy":"post_tag","embeddable":true,"href":"https:\/\/forummontau.com\/girona\/wp-json\/wp\/v2\/tags?post=1592"}],"curies":[{"name":"wp","href":"https:\/\/api.w.org\/{rel}","templated":true}]}}