{"id":1604,"date":"2019-06-04T09:54:11","date_gmt":"2019-06-04T09:54:11","guid":{"rendered":"https:\/\/forumgirona.cat\/?p=1604"},"modified":"2020-03-20T11:07:08","modified_gmt":"2020-03-20T11:07:08","slug":"por-que-la-resaca-empeora-con-la-edad","status":"publish","type":"post","link":"https:\/\/forummontau.com\/girona\/por-que-la-resaca-empeora-con-la-edad\/","title":{"rendered":"\u00bfPor qu\u00e9 la resaca empeora con la edad?"},"content":{"rendered":"\n<p>Seg\u00fan pasan los a\u00f1os los efectos secundarios son cada vez peores: dolores de cabeza que taladran tu cerebro, n\u00e1useas, mareos, v\u00f3mitos y un terrible cansancio que ya no puede solucionar ni el viejo truco del ibuprofeno.<\/p>\n\n\n\n<p>Pero \u00bfa qu\u00e9 se debe este empeoramiento en la resistencia frente al alcohol?<\/p>\n\n\n\n<h2 class=\"wp-block-heading\">Las enzimas tambi\u00e9n cumplen a\u00f1os<\/h2>\n\n\n\n<p>Al igual que sucede con nuestro cuerpo y mente en general,&nbsp;las\nenzimas, que se encargan de metabolizar el alcohol en nuestro cuerpo, tampoco\nse libran del paso del tiempo&nbsp;y a la larga pierden su \u201cefectividad\u201d.<\/p>\n\n\n\n<p>Para entenderlo, debemos saber que existen dos enzimas muy importantes que intervienen en el procesamiento del alcohol que ingerimos. Por un lado, est\u00e1 la <em>Alcohol Deshidrogenasa<\/em>, que&nbsp;transforma el alcohol en un compuesto llamado acetaldeh\u00eddo, y por el otro la&nbsp;<em>Aldeh\u00eddo Deshidrogenasa<\/em>, que termina por&nbsp;descomponerlo en acetato y a continuaci\u00f3n, convertirlo en di\u00f3xido de carbono y agua.<\/p>\n\n\n\n<p>Cuando tienes 20 a\u00f1os este proceso act\u00faa como una m\u00e1quina bastante bien engrasada. Pero con los a\u00f1os, nuestros niveles de las enzimas necesarias disminuyen, lo que significa que el acetaldeh\u00eddo &#8211; que es un producto qu\u00edmico muy t\u00f3xico y desagradable &#8211;&nbsp;pasa m\u00e1s tiempo sin descomponer del todo en el sistema, lo cual causa los pertinentes dolores de cabeza, sequedad en la boca, n\u00e1useas y toda esa retah\u00edla de otros s\u00edntomas cl\u00e1sicos de la resaca que todos conocemos.<\/p>\n\n\n\n<h2 class=\"wp-block-heading\">La acumulaci\u00f3n de grasa y la disminuci\u00f3n de agua corporal, tampoco ayudan <\/h2>\n\n\n\n<p>Otra de las posibles causas a estas terribles resacas est\u00e1 relacionada con el hecho de que&nbsp;a medida que envejecemos solemos ganar peso. Y un aumento de la grasa corporal o una falta de hidrataci\u00f3n son tambi\u00e9n motivo de que las resacas empeoren.<\/p>\n\n\n\n<p>La composici\u00f3n general de tu cuerpo tambi\u00e9n va cambiando.&nbsp;La grasa, que ganamos al engordar, no absorbe el alcohol. Por lo que, cuanta m\u00e1s tengamos, menos espacio tendremos para diluir el alcohol ingerido. Otra de las razones por la que las mujeres, que en tienen m\u00e1s grasa corporal que los hombres, tambi\u00e9n tienden a tener menor tolerancia.<\/p>\n\n\n\n<p>El cuerpo tambi\u00e9n pierde agua con la edad, lo que significa que la bebida se mantiene m\u00e1s concentrada en tu sistema. Por ello, si en vez de tomar una copa de whisky a palo seco, la tomamos despu\u00e9s de una comida o con agua, lo vamos a metabolizar mucho mejor y los efectos secundarios puede que se minimicen.<\/p>\n\n\n\n<p>Adem\u00e1s, seg\u00fan un&nbsp;estudio&nbsp;del Instituto Nacional sobre el Envejecimiento cuando entramos en edades como los 50 o 60, se produce un debilitamiento gradual de nuestro sistema inmunol\u00f3gico, conocido como&nbsp;\u201cinmunosenescencia\u201d que provoca que nos curemos menos r\u00e1pido.<\/p>\n\n\n\n<p>De esta manera, la mejor forma de evitar una \u201cresaca asesina\u201d es ser m\u00e1s conscientes de nuestra propia biolog\u00eda, del paso del tiempo y beber con la precauci\u00f3n de alguien que sabe que est\u00e1 envejeciendo con cada sorbo. Tal vez debamos ser m\u00e1s respetuosos con nuestro propio cuerpo, ya que la naturaleza implacable no lo ser\u00e1 por nosotros.<\/p>\n","protected":false},"excerpt":{"rendered":"<p>Seg\u00fan pasan los a\u00f1os los efectos secundarios son cada vez peores: dolores de cabeza que taladran tu cerebro, n\u00e1useas, mareos, v\u00f3mitos y un terrible cansancio que ya no puede solucionar ni el viejo truco del ibuprofeno. Pero \u00bfa qu\u00e9 se debe este empeoramiento en la resistencia frente al alcohol? Las enzimas tambi\u00e9n cumplen a\u00f1os Al [&hellip;]<\/p>\n","protected":false},"author":2,"featured_media":1605,"comment_status":"closed","ping_status":"closed","sticky":false,"template":"","format":"standard","meta":{"ocean_post_layout":"","ocean_both_sidebars_style":"","ocean_both_sidebars_content_width":0,"ocean_both_sidebars_sidebars_width":0,"ocean_sidebar":"0","ocean_second_sidebar":"0","ocean_disable_margins":"enable","ocean_add_body_class":"","ocean_shortcode_before_top_bar":"","ocean_shortcode_after_top_bar":"","ocean_shortcode_before_header":"","ocean_shortcode_after_header":"","ocean_has_shortcode":"","ocean_shortcode_after_title":"","ocean_shortcode_before_footer_widgets":"","ocean_shortcode_after_footer_widgets":"","ocean_shortcode_before_footer_bottom":"","ocean_shortcode_after_footer_bottom":"","ocean_display_top_bar":"default","ocean_display_header":"default","ocean_header_style":"","ocean_center_header_left_menu":"0","ocean_custom_header_template":"0","ocean_custom_logo":0,"ocean_custom_retina_logo":0,"ocean_custom_logo_max_width":0,"ocean_custom_logo_tablet_max_width":0,"ocean_custom_logo_mobile_max_width":0,"ocean_custom_logo_max_height":0,"ocean_custom_logo_tablet_max_height":0,"ocean_custom_logo_mobile_max_height":0,"ocean_header_custom_menu":"0","ocean_menu_typo_font_family":"0","ocean_menu_typo_font_subset":"","ocean_menu_typo_font_size":0,"ocean_menu_typo_font_size_tablet":0,"ocean_menu_typo_font_size_mobile":0,"ocean_menu_typo_font_size_unit":"px","ocean_menu_typo_font_weight":"","ocean_menu_typo_font_weight_tablet":"","ocean_menu_typo_font_weight_mobile":"","ocean_menu_typo_transform":"","ocean_menu_typo_transform_tablet":"","ocean_menu_typo_transform_mobile":"","ocean_menu_typo_line_height":0,"ocean_menu_typo_line_height_tablet":0,"ocean_menu_typo_line_height_mobile":0,"ocean_menu_typo_line_height_unit":"","ocean_menu_typo_spacing":0,"ocean_menu_typo_spacing_tablet":0,"ocean_menu_typo_spacing_mobile":0,"ocean_menu_typo_spacing_unit":"","ocean_menu_link_color":"","ocean_menu_link_color_hover":"","ocean_menu_link_color_active":"","ocean_menu_link_background":"","ocean_menu_link_hover_background":"","ocean_menu_link_active_background":"","ocean_menu_social_links_bg":"","ocean_menu_social_hover_links_bg":"","ocean_menu_social_links_color":"","ocean_menu_social_hover_links_color":"","ocean_disable_title":"default","ocean_disable_heading":"default","ocean_post_title":"","ocean_post_subheading":"","ocean_post_title_style":"","ocean_post_title_background_color":"","ocean_post_title_background":0,"ocean_post_title_bg_image_position":"","ocean_post_title_bg_image_attachment":"","ocean_post_title_bg_image_repeat":"","ocean_post_title_bg_image_size":"","ocean_post_title_height":0,"ocean_post_title_bg_overlay":0.5,"ocean_post_title_bg_overlay_color":"","ocean_disable_breadcrumbs":"default","ocean_breadcrumbs_color":"","ocean_breadcrumbs_separator_color":"","ocean_breadcrumbs_links_color":"","ocean_breadcrumbs_links_hover_color":"","ocean_display_footer_widgets":"default","ocean_display_footer_bottom":"default","ocean_custom_footer_template":"0","ocean_post_oembed":"","ocean_post_self_hosted_media":"","ocean_post_video_embed":"","ocean_link_format":"","ocean_link_format_target":"self","ocean_quote_format":"","ocean_quote_format_link":"post","ocean_gallery_link_images":"off","ocean_gallery_id":[],"footnotes":""},"categories":[29,45,140,31],"tags":[115,182],"class_list":["post-1604","post","type-post","status-publish","format-standard","has-post-thumbnail","hentry","category-adiccion","category-alcohol","category-resaca","category-tratamientos","tag-forum-terapeutic-girona","tag-tratamiento-adicciones","entry","has-media"],"yoast_head":"<!-- This site is optimized with the Yoast SEO plugin v27.5 - https:\/\/yoast.com\/product\/yoast-seo-wordpress\/ -->\n<title>\u00bfPor qu\u00e9 la resaca empeora con la edad? - Forum Salud Mental Girona<\/title>\n<meta name=\"robots\" content=\"index, follow, max-snippet:-1, max-image-preview:large, max-video-preview:-1\" \/>\n<link rel=\"canonical\" href=\"https:\/\/forummontau.com\/girona\/por-que-la-resaca-empeora-con-la-edad\/\" \/>\n<meta property=\"og:locale\" content=\"es_ES\" \/>\n<meta property=\"og:type\" content=\"article\" \/>\n<meta property=\"og:title\" content=\"\u00bfPor qu\u00e9 la resaca empeora con la edad? - Forum Salud Mental Girona\" \/>\n<meta property=\"og:description\" content=\"Seg\u00fan pasan los a\u00f1os los efectos secundarios son cada vez peores: dolores de cabeza que taladran tu cerebro, n\u00e1useas, mareos, v\u00f3mitos y un terrible cansancio que ya no puede solucionar ni el viejo truco del ibuprofeno. Pero \u00bfa qu\u00e9 se debe este empeoramiento en la resistencia frente al alcohol? Las enzimas tambi\u00e9n cumplen a\u00f1os Al [&hellip;]\" \/>\n<meta property=\"og:url\" content=\"https:\/\/forummontau.com\/girona\/por-que-la-resaca-empeora-con-la-edad\/\" \/>\n<meta property=\"og:site_name\" content=\"Forum Salud Mental Girona\" \/>\n<meta property=\"article:published_time\" content=\"2019-06-04T09:54:11+00:00\" \/>\n<meta property=\"article:modified_time\" content=\"2020-03-20T11:07:08+00:00\" \/>\n<meta property=\"og:image\" content=\"https:\/\/forummontau.com\/girona\/wp-content\/uploads\/sites\/6\/2019\/06\/resaca.jpg\" \/>\n\t<meta property=\"og:image:width\" content=\"980\" \/>\n\t<meta property=\"og:image:height\" content=\"652\" \/>\n\t<meta property=\"og:image:type\" content=\"image\/jpeg\" \/>\n<meta name=\"author\" content=\"Forum Salud Mental Madrid\" \/>\n<meta name=\"twitter:card\" content=\"summary_large_image\" \/>\n<meta name=\"twitter:label1\" content=\"Escrito por\" \/>\n\t<meta name=\"twitter:data1\" content=\"Forum Salud Mental Madrid\" \/>\n\t<meta name=\"twitter:label2\" content=\"Tiempo de lectura\" \/>\n\t<meta name=\"twitter:data2\" content=\"3 minutos\" \/>\n<script type=\"application\/ld+json\" class=\"yoast-schema-graph\">{\"@context\":\"https:\\\/\\\/schema.org\",\"@graph\":[{\"@type\":\"Article\",\"@id\":\"https:\\\/\\\/forummontau.com\\\/girona\\\/por-que-la-resaca-empeora-con-la-edad\\\/#article\",\"isPartOf\":{\"@id\":\"https:\\\/\\\/forummontau.com\\\/girona\\\/por-que-la-resaca-empeora-con-la-edad\\\/\"},\"author\":{\"name\":\"Forum Salud Mental Madrid\",\"@id\":\"https:\\\/\\\/forummontau.com\\\/girona\\\/#\\\/schema\\\/person\\\/dd79fa1c0ba733edd439998f9d7f5e25\"},\"headline\":\"\u00bfPor qu\u00e9 la resaca empeora con la edad?\",\"datePublished\":\"2019-06-04T09:54:11+00:00\",\"dateModified\":\"2020-03-20T11:07:08+00:00\",\"mainEntityOfPage\":{\"@id\":\"https:\\\/\\\/forummontau.com\\\/girona\\\/por-que-la-resaca-empeora-con-la-edad\\\/\"},\"wordCount\":551,\"publisher\":{\"@id\":\"https:\\\/\\\/forummontau.com\\\/girona\\\/#organization\"},\"image\":{\"@id\":\"https:\\\/\\\/forummontau.com\\\/girona\\\/por-que-la-resaca-empeora-con-la-edad\\\/#primaryimage\"},\"thumbnailUrl\":\"https:\\\/\\\/forummontau.com\\\/girona\\\/wp-content\\\/uploads\\\/sites\\\/6\\\/2019\\\/06\\\/resaca.jpg\",\"keywords\":[\"Forum Terapeutic Girona\",\"Tratamiento Adicciones\"],\"articleSection\":[\"Adicci\u00f3n\",\"Alcohol\",\"Resaca\",\"Tratamientos\"],\"inLanguage\":\"es\"},{\"@type\":\"WebPage\",\"@id\":\"https:\\\/\\\/forummontau.com\\\/girona\\\/por-que-la-resaca-empeora-con-la-edad\\\/\",\"url\":\"https:\\\/\\\/forummontau.com\\\/girona\\\/por-que-la-resaca-empeora-con-la-edad\\\/\",\"name\":\"\u00bfPor qu\u00e9 la resaca empeora con la edad? - Forum Salud Mental Girona\",\"isPartOf\":{\"@id\":\"https:\\\/\\\/forummontau.com\\\/girona\\\/#website\"},\"primaryImageOfPage\":{\"@id\":\"https:\\\/\\\/forummontau.com\\\/girona\\\/por-que-la-resaca-empeora-con-la-edad\\\/#primaryimage\"},\"image\":{\"@id\":\"https:\\\/\\\/forummontau.com\\\/girona\\\/por-que-la-resaca-empeora-con-la-edad\\\/#primaryimage\"},\"thumbnailUrl\":\"https:\\\/\\\/forummontau.com\\\/girona\\\/wp-content\\\/uploads\\\/sites\\\/6\\\/2019\\\/06\\\/resaca.jpg\",\"datePublished\":\"2019-06-04T09:54:11+00:00\",\"dateModified\":\"2020-03-20T11:07:08+00:00\",\"breadcrumb\":{\"@id\":\"https:\\\/\\\/forummontau.com\\\/girona\\\/por-que-la-resaca-empeora-con-la-edad\\\/#breadcrumb\"},\"inLanguage\":\"es\",\"potentialAction\":[{\"@type\":\"ReadAction\",\"target\":[\"https:\\\/\\\/forummontau.com\\\/girona\\\/por-que-la-resaca-empeora-con-la-edad\\\/\"]}]},{\"@type\":\"ImageObject\",\"inLanguage\":\"es\",\"@id\":\"https:\\\/\\\/forummontau.com\\\/girona\\\/por-que-la-resaca-empeora-con-la-edad\\\/#primaryimage\",\"url\":\"https:\\\/\\\/forummontau.com\\\/girona\\\/wp-content\\\/uploads\\\/sites\\\/6\\\/2019\\\/06\\\/resaca.jpg\",\"contentUrl\":\"https:\\\/\\\/forummontau.com\\\/girona\\\/wp-content\\\/uploads\\\/sites\\\/6\\\/2019\\\/06\\\/resaca.jpg\",\"width\":980,\"height\":652,\"caption\":\"Resaca\"},{\"@type\":\"BreadcrumbList\",\"@id\":\"https:\\\/\\\/forummontau.com\\\/girona\\\/por-que-la-resaca-empeora-con-la-edad\\\/#breadcrumb\",\"itemListElement\":[{\"@type\":\"ListItem\",\"position\":1,\"name\":\"Portada\",\"item\":\"https:\\\/\\\/forummontau.com\\\/girona\\\/centre-desintoxicacio-i-addiccions-girona\\\/\"},{\"@type\":\"ListItem\",\"position\":2,\"name\":\"\u00bfPor qu\u00e9 la resaca empeora con la edad?\"}]},{\"@type\":\"WebSite\",\"@id\":\"https:\\\/\\\/forummontau.com\\\/girona\\\/#website\",\"url\":\"https:\\\/\\\/forummontau.com\\\/girona\\\/\",\"name\":\"Forum Salud Mental Girona\",\"description\":\"Centro de Desintoxicaci\u00f3n y Adicciones en Girona\",\"publisher\":{\"@id\":\"https:\\\/\\\/forummontau.com\\\/girona\\\/#organization\"},\"potentialAction\":[{\"@type\":\"SearchAction\",\"target\":{\"@type\":\"EntryPoint\",\"urlTemplate\":\"https:\\\/\\\/forummontau.com\\\/girona\\\/?s={search_term_string}\"},\"query-input\":{\"@type\":\"PropertyValueSpecification\",\"valueRequired\":true,\"valueName\":\"search_term_string\"}}],\"inLanguage\":\"es\"},{\"@type\":\"Organization\",\"@id\":\"https:\\\/\\\/forummontau.com\\\/girona\\\/#organization\",\"name\":\"Forum Salud Mental Girona\",\"url\":\"https:\\\/\\\/forummontau.com\\\/girona\\\/\",\"logo\":{\"@type\":\"ImageObject\",\"inLanguage\":\"es\",\"@id\":\"https:\\\/\\\/forummontau.com\\\/girona\\\/#\\\/schema\\\/logo\\\/image\\\/\",\"url\":\"https:\\\/\\\/forummontau.com\\\/girona\\\/wp-content\\\/uploads\\\/sites\\\/6\\\/2020\\\/02\\\/girona_forum.png\",\"contentUrl\":\"https:\\\/\\\/forummontau.com\\\/girona\\\/wp-content\\\/uploads\\\/sites\\\/6\\\/2020\\\/02\\\/girona_forum.png\",\"width\":215,\"height\":119,\"caption\":\"Forum Salud Mental Girona\"},\"image\":{\"@id\":\"https:\\\/\\\/forummontau.com\\\/girona\\\/#\\\/schema\\\/logo\\\/image\\\/\"}},{\"@type\":\"Person\",\"@id\":\"https:\\\/\\\/forummontau.com\\\/girona\\\/#\\\/schema\\\/person\\\/dd79fa1c0ba733edd439998f9d7f5e25\",\"name\":\"Forum Salud Mental Madrid\"}]}<\/script>\n<!-- \/ Yoast SEO plugin. -->","yoast_head_json":{"title":"\u00bfPor qu\u00e9 la resaca empeora con la edad? - Forum Salud Mental Girona","robots":{"index":"index","follow":"follow","max-snippet":"max-snippet:-1","max-image-preview":"max-image-preview:large","max-video-preview":"max-video-preview:-1"},"canonical":"https:\/\/forummontau.com\/girona\/por-que-la-resaca-empeora-con-la-edad\/","og_locale":"es_ES","og_type":"article","og_title":"\u00bfPor qu\u00e9 la resaca empeora con la edad? - Forum Salud Mental Girona","og_description":"Seg\u00fan pasan los a\u00f1os los efectos secundarios son cada vez peores: dolores de cabeza que taladran tu cerebro, n\u00e1useas, mareos, v\u00f3mitos y un terrible cansancio que ya no puede solucionar ni el viejo truco del ibuprofeno. Pero \u00bfa qu\u00e9 se debe este empeoramiento en la resistencia frente al alcohol? Las enzimas tambi\u00e9n cumplen a\u00f1os Al [&hellip;]","og_url":"https:\/\/forummontau.com\/girona\/por-que-la-resaca-empeora-con-la-edad\/","og_site_name":"Forum Salud Mental Girona","article_published_time":"2019-06-04T09:54:11+00:00","article_modified_time":"2020-03-20T11:07:08+00:00","og_image":[{"width":980,"height":652,"url":"https:\/\/forummontau.com\/girona\/wp-content\/uploads\/sites\/6\/2019\/06\/resaca.jpg","type":"image\/jpeg"}],"author":"Forum Salud Mental Madrid","twitter_card":"summary_large_image","twitter_misc":{"Escrito por":"Forum Salud Mental Madrid","Tiempo de lectura":"3 minutos"},"schema":{"@context":"https:\/\/schema.org","@graph":[{"@type":"Article","@id":"https:\/\/forummontau.com\/girona\/por-que-la-resaca-empeora-con-la-edad\/#article","isPartOf":{"@id":"https:\/\/forummontau.com\/girona\/por-que-la-resaca-empeora-con-la-edad\/"},"author":{"name":"Forum Salud Mental Madrid","@id":"https:\/\/forummontau.com\/girona\/#\/schema\/person\/dd79fa1c0ba733edd439998f9d7f5e25"},"headline":"\u00bfPor qu\u00e9 la resaca empeora con la edad?","datePublished":"2019-06-04T09:54:11+00:00","dateModified":"2020-03-20T11:07:08+00:00","mainEntityOfPage":{"@id":"https:\/\/forummontau.com\/girona\/por-que-la-resaca-empeora-con-la-edad\/"},"wordCount":551,"publisher":{"@id":"https:\/\/forummontau.com\/girona\/#organization"},"image":{"@id":"https:\/\/forummontau.com\/girona\/por-que-la-resaca-empeora-con-la-edad\/#primaryimage"},"thumbnailUrl":"https:\/\/forummontau.com\/girona\/wp-content\/uploads\/sites\/6\/2019\/06\/resaca.jpg","keywords":["Forum Terapeutic Girona","Tratamiento Adicciones"],"articleSection":["Adicci\u00f3n","Alcohol","Resaca","Tratamientos"],"inLanguage":"es"},{"@type":"WebPage","@id":"https:\/\/forummontau.com\/girona\/por-que-la-resaca-empeora-con-la-edad\/","url":"https:\/\/forummontau.com\/girona\/por-que-la-resaca-empeora-con-la-edad\/","name":"\u00bfPor qu\u00e9 la resaca empeora con la edad? - Forum Salud Mental Girona","isPartOf":{"@id":"https:\/\/forummontau.com\/girona\/#website"},"primaryImageOfPage":{"@id":"https:\/\/forummontau.com\/girona\/por-que-la-resaca-empeora-con-la-edad\/#primaryimage"},"image":{"@id":"https:\/\/forummontau.com\/girona\/por-que-la-resaca-empeora-con-la-edad\/#primaryimage"},"thumbnailUrl":"https:\/\/forummontau.com\/girona\/wp-content\/uploads\/sites\/6\/2019\/06\/resaca.jpg","datePublished":"2019-06-04T09:54:11+00:00","dateModified":"2020-03-20T11:07:08+00:00","breadcrumb":{"@id":"https:\/\/forummontau.com\/girona\/por-que-la-resaca-empeora-con-la-edad\/#breadcrumb"},"inLanguage":"es","potentialAction":[{"@type":"ReadAction","target":["https:\/\/forummontau.com\/girona\/por-que-la-resaca-empeora-con-la-edad\/"]}]},{"@type":"ImageObject","inLanguage":"es","@id":"https:\/\/forummontau.com\/girona\/por-que-la-resaca-empeora-con-la-edad\/#primaryimage","url":"https:\/\/forummontau.com\/girona\/wp-content\/uploads\/sites\/6\/2019\/06\/resaca.jpg","contentUrl":"https:\/\/forummontau.com\/girona\/wp-content\/uploads\/sites\/6\/2019\/06\/resaca.jpg","width":980,"height":652,"caption":"Resaca"},{"@type":"BreadcrumbList","@id":"https:\/\/forummontau.com\/girona\/por-que-la-resaca-empeora-con-la-edad\/#breadcrumb","itemListElement":[{"@type":"ListItem","position":1,"name":"Portada","item":"https:\/\/forummontau.com\/girona\/centre-desintoxicacio-i-addiccions-girona\/"},{"@type":"ListItem","position":2,"name":"\u00bfPor qu\u00e9 la resaca empeora con la edad?"}]},{"@type":"WebSite","@id":"https:\/\/forummontau.com\/girona\/#website","url":"https:\/\/forummontau.com\/girona\/","name":"Forum Salud Mental Girona","description":"Centro de Desintoxicaci\u00f3n y Adicciones en Girona","publisher":{"@id":"https:\/\/forummontau.com\/girona\/#organization"},"potentialAction":[{"@type":"SearchAction","target":{"@type":"EntryPoint","urlTemplate":"https:\/\/forummontau.com\/girona\/?s={search_term_string}"},"query-input":{"@type":"PropertyValueSpecification","valueRequired":true,"valueName":"search_term_string"}}],"inLanguage":"es"},{"@type":"Organization","@id":"https:\/\/forummontau.com\/girona\/#organization","name":"Forum Salud Mental Girona","url":"https:\/\/forummontau.com\/girona\/","logo":{"@type":"ImageObject","inLanguage":"es","@id":"https:\/\/forummontau.com\/girona\/#\/schema\/logo\/image\/","url":"https:\/\/forummontau.com\/girona\/wp-content\/uploads\/sites\/6\/2020\/02\/girona_forum.png","contentUrl":"https:\/\/forummontau.com\/girona\/wp-content\/uploads\/sites\/6\/2020\/02\/girona_forum.png","width":215,"height":119,"caption":"Forum Salud Mental Girona"},"image":{"@id":"https:\/\/forummontau.com\/girona\/#\/schema\/logo\/image\/"}},{"@type":"Person","@id":"https:\/\/forummontau.com\/girona\/#\/schema\/person\/dd79fa1c0ba733edd439998f9d7f5e25","name":"Forum Salud Mental Madrid"}]}},"_links":{"self":[{"href":"https:\/\/forummontau.com\/girona\/wp-json\/wp\/v2\/posts\/1604","targetHints":{"allow":["GET"]}}],"collection":[{"href":"https:\/\/forummontau.com\/girona\/wp-json\/wp\/v2\/posts"}],"about":[{"href":"https:\/\/forummontau.com\/girona\/wp-json\/wp\/v2\/types\/post"}],"author":[{"embeddable":true,"href":"https:\/\/forummontau.com\/girona\/wp-json\/wp\/v2\/users\/2"}],"replies":[{"embeddable":true,"href":"https:\/\/forummontau.com\/girona\/wp-json\/wp\/v2\/comments?post=1604"}],"version-history":[{"count":1,"href":"https:\/\/forummontau.com\/girona\/wp-json\/wp\/v2\/posts\/1604\/revisions"}],"predecessor-version":[{"id":2070,"href":"https:\/\/forummontau.com\/girona\/wp-json\/wp\/v2\/posts\/1604\/revisions\/2070"}],"wp:featuredmedia":[{"embeddable":true,"href":"https:\/\/forummontau.com\/girona\/wp-json\/wp\/v2\/media\/1605"}],"wp:attachment":[{"href":"https:\/\/forummontau.com\/girona\/wp-json\/wp\/v2\/media?parent=1604"}],"wp:term":[{"taxonomy":"category","embeddable":true,"href":"https:\/\/forummontau.com\/girona\/wp-json\/wp\/v2\/categories?post=1604"},{"taxonomy":"post_tag","embeddable":true,"href":"https:\/\/forummontau.com\/girona\/wp-json\/wp\/v2\/tags?post=1604"}],"curies":[{"name":"wp","href":"https:\/\/api.w.org\/{rel}","templated":true}]}}