{"id":1607,"date":"2019-06-04T09:59:11","date_gmt":"2019-06-04T09:59:11","guid":{"rendered":"https:\/\/forumgirona.cat\/?p=1607"},"modified":"2019-06-04T09:59:14","modified_gmt":"2019-06-04T09:59:14","slug":"per-que-la-ressaca-empitjora-amb-ledat","status":"publish","type":"post","link":"https:\/\/forummontau.com\/girona\/per-que-la-ressaca-empitjora-amb-ledat\/","title":{"rendered":"Per qu\u00e8 la ressaca empitjora amb l&#8217;edat?"},"content":{"rendered":"\n<p> Segons passen els anys els efectes secundaris s\u00f3n cada vegada pitjors: maldecaps que trepen el teu cervell, n\u00e0usees, marejos, v\u00f2mits i un terrible cansament que ja no pot solucionar ni el vell truc del\u00a0ibuprof\u00e8.<\/p>\n\n\n\n<p>Per\u00f2 a qu\u00e8 es deu aquest empitjorament en la resist\u00e8ncia enfront de l&#8217;alcohol? <\/p>\n\n\n\n<h2 class=\"wp-block-heading\"> Els enzims tamb\u00e9 compleixen anys <\/h2>\n\n\n<p><br>\n<br>\n<!--StartFragment--><\/p>\n\n\n<p>\n\nIgual que succeeix amb el nostre cos i ment en general, els enzims, que s&#8217;encarreguen de&nbsp;metabolizar&nbsp;l&#8217;alcohol en el nostre cos, tampoc es deslliuren del pas del temps i a la llarga perden la seva \u201cefectivitat\u201d.<\/p>\n\n\n\n<p>Per a entendre-ho, hem de saber que existeixen dos enzims molt importants que intervenen en el processament de l&#8217;alcohol que ingerim. D&#8217;una banda, est\u00e0 l&#8217;Alcohol Deshidrogenasa, que transforma l&#8217;alcohol en un compost anomenat&nbsp;acetaldehid, i per l&#8217;altre l&#8217;Aldehid Deshidrogenasa, que acaba per descompondre-ho en acetat i a continuaci\u00f3, convertir-ho en di\u00f2xid de carboni i aigua.<\/p>\n\n\n\n<p>Quan tens 20 anys aquest proc\u00e9s actua com una m\u00e0quina bastanta ben greixada. Per\u00f2 amb els anys, els nostres nivells dels enzims necessaris disminueixen, la qual cosa significa que el\u00a0acetaldehid\u00a0\u2013 que \u00e9s un producte qu\u00edmic molt t\u00f2xic i desagradable \u2013 passa m\u00e9s temps sense descompondre del tot en el sistema, la qual cosa causa els pertinents maldecaps, sequedat en la boca, n\u00e0usees i tot aquest reguitzell d&#8217;altres s\u00edmptomes cl\u00e0ssics de la ressaca que tots coneixem. <\/p>\n\n\n\n<h2 class=\"wp-block-heading\">L&#8217;acumulaci\u00f3 de greix i la disminuci\u00f3 d&#8217;aigua corporal, tampoc ajuden <\/h2>\n\n\n\n<p>\n\nUna altra de les possibles causes a aquestes terribles ressaques est\u00e0 relacionada amb el fet que a mesura que envellim solem guanyar pes. I un augment del greix corporal o una falta d&#8217;hidrataci\u00f3 s\u00f3n tamb\u00e9 motiu que les ressaques empitjorin.<\/p>\n\n\n\n<p>La composici\u00f3 general del teu cos tamb\u00e9 va canviant. El greix, que guanyem en engreixar, no absorbeix l&#8217;alcohol. Pel que, quanta m\u00e9s tinguem, menys espai tindrem per a diluir l&#8217;alcohol ingerit. Una altra de les raons per la qual les dones, que en tenen m\u00e9s grassa corporal que els homes, tamb\u00e9 tendeixen a tenir menor toler\u00e0ncia.<\/p>\n\n\n\n<p>El cos tamb\u00e9 perd aigua amb l&#8217;edat, la qual cosa significa que la beguda es mant\u00e9 m\u00e9s concentrada en el teu sistema. Per aix\u00f2, si en comptes de prendre una copa de whisky a seques, la prenem despr\u00e9s d&#8217;un menjar o amb aigua, ho anem a&nbsp;metabolizar&nbsp;molt millor i els efectes secundaris pot ser que es minimitzin.<\/p>\n\n\n\n<p>A m\u00e9s, segons un estudi de l&#8217;Institut Nacional sobre l&#8217;Envelliment quan entrem en edats com els 50 o 60, es produeix un afebliment gradual del nostre sistema immunol\u00f2gic, conegut com \u201cinmunosenescencia\u201d&nbsp;que provoca que ens curem menys r\u00e0pid.<\/p>\n\n\n\n<p>D&#8217;aquesta manera, la millor forma d&#8217;evitar una \u201cressaca assassina\u201d \u00e9s ser m\u00e9s conscients de la nostra pr\u00f2pia biologia, del pas del temps i beure amb la precauci\u00f3 d&#8217;alg\u00fa que sap que est\u00e0 envellint amb cada xarrup. Tal vegada h\u00e0gim de ser m\u00e9s respectuosos amb el nostre propi cos, ja que la naturalesa implacable no ho ser\u00e0 per nosaltres.\n\n<\/p>\n","protected":false},"excerpt":{"rendered":"<p>Segons passen els anys els efectes secundaris s\u00f3n cada vegada pitjors: maldecaps que trepen el teu cervell, n\u00e0usees, marejos, v\u00f2mits i un terrible cansament que ja no pot solucionar ni el vell truc del\u00a0ibuprof\u00e8. Per\u00f2 a qu\u00e8 es deu aquest empitjorament en la resist\u00e8ncia enfront de l&#8217;alcohol? Els enzims tamb\u00e9 compleixen anys Igual que succeeix [&hellip;]<\/p>\n","protected":false},"author":2,"featured_media":1605,"comment_status":"closed","ping_status":"closed","sticky":false,"template":"","format":"standard","meta":{"ocean_post_layout":"","ocean_both_sidebars_style":"","ocean_both_sidebars_content_width":0,"ocean_both_sidebars_sidebars_width":0,"ocean_sidebar":"0","ocean_second_sidebar":"0","ocean_disable_margins":"enable","ocean_add_body_class":"","ocean_shortcode_before_top_bar":"","ocean_shortcode_after_top_bar":"","ocean_shortcode_before_header":"","ocean_shortcode_after_header":"","ocean_has_shortcode":"","ocean_shortcode_after_title":"","ocean_shortcode_before_footer_widgets":"","ocean_shortcode_after_footer_widgets":"","ocean_shortcode_before_footer_bottom":"","ocean_shortcode_after_footer_bottom":"","ocean_display_top_bar":"default","ocean_display_header":"default","ocean_header_style":"","ocean_center_header_left_menu":"0","ocean_custom_header_template":"0","ocean_custom_logo":0,"ocean_custom_retina_logo":0,"ocean_custom_logo_max_width":0,"ocean_custom_logo_tablet_max_width":0,"ocean_custom_logo_mobile_max_width":0,"ocean_custom_logo_max_height":0,"ocean_custom_logo_tablet_max_height":0,"ocean_custom_logo_mobile_max_height":0,"ocean_header_custom_menu":"0","ocean_menu_typo_font_family":"0","ocean_menu_typo_font_subset":"","ocean_menu_typo_font_size":0,"ocean_menu_typo_font_size_tablet":0,"ocean_menu_typo_font_size_mobile":0,"ocean_menu_typo_font_size_unit":"px","ocean_menu_typo_font_weight":"","ocean_menu_typo_font_weight_tablet":"","ocean_menu_typo_font_weight_mobile":"","ocean_menu_typo_transform":"","ocean_menu_typo_transform_tablet":"","ocean_menu_typo_transform_mobile":"","ocean_menu_typo_line_height":0,"ocean_menu_typo_line_height_tablet":0,"ocean_menu_typo_line_height_mobile":0,"ocean_menu_typo_line_height_unit":"","ocean_menu_typo_spacing":0,"ocean_menu_typo_spacing_tablet":0,"ocean_menu_typo_spacing_mobile":0,"ocean_menu_typo_spacing_unit":"","ocean_menu_link_color":"","ocean_menu_link_color_hover":"","ocean_menu_link_color_active":"","ocean_menu_link_background":"","ocean_menu_link_hover_background":"","ocean_menu_link_active_background":"","ocean_menu_social_links_bg":"","ocean_menu_social_hover_links_bg":"","ocean_menu_social_links_color":"","ocean_menu_social_hover_links_color":"","ocean_disable_title":"default","ocean_disable_heading":"default","ocean_post_title":"","ocean_post_subheading":"","ocean_post_title_style":"","ocean_post_title_background_color":"","ocean_post_title_background":0,"ocean_post_title_bg_image_position":"","ocean_post_title_bg_image_attachment":"","ocean_post_title_bg_image_repeat":"","ocean_post_title_bg_image_size":"","ocean_post_title_height":0,"ocean_post_title_bg_overlay":0.5,"ocean_post_title_bg_overlay_color":"","ocean_disable_breadcrumbs":"default","ocean_breadcrumbs_color":"","ocean_breadcrumbs_separator_color":"","ocean_breadcrumbs_links_color":"","ocean_breadcrumbs_links_hover_color":"","ocean_display_footer_widgets":"default","ocean_display_footer_bottom":"default","ocean_custom_footer_template":"0","ocean_post_oembed":"","ocean_post_self_hosted_media":"","ocean_post_video_embed":"","ocean_link_format":"","ocean_link_format_target":"self","ocean_quote_format":"","ocean_quote_format_link":"post","ocean_gallery_link_images":"off","ocean_gallery_id":[],"footnotes":""},"categories":[49,51,184],"tags":[129,131],"class_list":["post-1607","post","type-post","status-publish","format-standard","has-post-thumbnail","hentry","category-addiccio","category-alcohol-ca","category-ressaca","tag-forum-girona-ca","tag-tractament-adiccions","entry","has-media"],"yoast_head":"<!-- This site is optimized with the Yoast SEO plugin v27.5 - https:\/\/yoast.com\/product\/yoast-seo-wordpress\/ -->\n<title>Per qu\u00e8 la ressaca empitjora amb l&#039;edat? - Forum Salud Mental Girona<\/title>\n<meta name=\"robots\" content=\"index, follow, max-snippet:-1, max-image-preview:large, max-video-preview:-1\" \/>\n<link rel=\"canonical\" href=\"https:\/\/forummontau.com\/girona\/per-que-la-ressaca-empitjora-amb-ledat\/\" \/>\n<meta property=\"og:locale\" content=\"es_ES\" \/>\n<meta property=\"og:type\" content=\"article\" \/>\n<meta property=\"og:title\" content=\"Per qu\u00e8 la ressaca empitjora amb l&#039;edat? - Forum Salud Mental Girona\" \/>\n<meta property=\"og:description\" content=\"Segons passen els anys els efectes secundaris s\u00f3n cada vegada pitjors: maldecaps que trepen el teu cervell, n\u00e0usees, marejos, v\u00f2mits i un terrible cansament que ja no pot solucionar ni el vell truc del\u00a0ibuprof\u00e8. Per\u00f2 a qu\u00e8 es deu aquest empitjorament en la resist\u00e8ncia enfront de l&#8217;alcohol? Els enzims tamb\u00e9 compleixen anys Igual que succeeix [&hellip;]\" \/>\n<meta property=\"og:url\" content=\"https:\/\/forummontau.com\/girona\/per-que-la-ressaca-empitjora-amb-ledat\/\" \/>\n<meta property=\"og:site_name\" content=\"Forum Salud Mental Girona\" \/>\n<meta property=\"article:published_time\" content=\"2019-06-04T09:59:11+00:00\" \/>\n<meta property=\"article:modified_time\" content=\"2019-06-04T09:59:14+00:00\" \/>\n<meta property=\"og:image\" content=\"https:\/\/forummontau.com\/girona\/wp-content\/uploads\/sites\/6\/2019\/06\/resaca.jpg\" \/>\n\t<meta property=\"og:image:width\" content=\"980\" \/>\n\t<meta property=\"og:image:height\" content=\"652\" \/>\n\t<meta property=\"og:image:type\" content=\"image\/jpeg\" \/>\n<meta name=\"author\" content=\"Forum Salud Mental Madrid\" \/>\n<meta name=\"twitter:card\" content=\"summary_large_image\" \/>\n<meta name=\"twitter:label1\" content=\"Escrito por\" \/>\n\t<meta name=\"twitter:data1\" content=\"Forum Salud Mental Madrid\" \/>\n\t<meta name=\"twitter:label2\" content=\"Tiempo de lectura\" \/>\n\t<meta name=\"twitter:data2\" content=\"3 minutos\" \/>\n<script type=\"application\/ld+json\" class=\"yoast-schema-graph\">{\"@context\":\"https:\\\/\\\/schema.org\",\"@graph\":[{\"@type\":\"Article\",\"@id\":\"https:\\\/\\\/forummontau.com\\\/girona\\\/per-que-la-ressaca-empitjora-amb-ledat\\\/#article\",\"isPartOf\":{\"@id\":\"https:\\\/\\\/forummontau.com\\\/girona\\\/per-que-la-ressaca-empitjora-amb-ledat\\\/\"},\"author\":{\"name\":\"Forum Salud Mental Madrid\",\"@id\":\"https:\\\/\\\/forummontau.com\\\/girona\\\/#\\\/schema\\\/person\\\/dd79fa1c0ba733edd439998f9d7f5e25\"},\"headline\":\"Per qu\u00e8 la ressaca empitjora amb l&#8217;edat?\",\"datePublished\":\"2019-06-04T09:59:11+00:00\",\"dateModified\":\"2019-06-04T09:59:14+00:00\",\"mainEntityOfPage\":{\"@id\":\"https:\\\/\\\/forummontau.com\\\/girona\\\/per-que-la-ressaca-empitjora-amb-ledat\\\/\"},\"wordCount\":539,\"publisher\":{\"@id\":\"https:\\\/\\\/forummontau.com\\\/girona\\\/#organization\"},\"image\":{\"@id\":\"https:\\\/\\\/forummontau.com\\\/girona\\\/per-que-la-ressaca-empitjora-amb-ledat\\\/#primaryimage\"},\"thumbnailUrl\":\"https:\\\/\\\/forummontau.com\\\/girona\\\/wp-content\\\/uploads\\\/sites\\\/6\\\/2019\\\/06\\\/resaca.jpg\",\"keywords\":[\"Forum Girona\",\"Tractament Adiccions\"],\"articleSection\":[\"Addicci\u00f3\",\"Alcohol\",\"Ressaca\"],\"inLanguage\":\"es\"},{\"@type\":\"WebPage\",\"@id\":\"https:\\\/\\\/forummontau.com\\\/girona\\\/per-que-la-ressaca-empitjora-amb-ledat\\\/\",\"url\":\"https:\\\/\\\/forummontau.com\\\/girona\\\/per-que-la-ressaca-empitjora-amb-ledat\\\/\",\"name\":\"Per qu\u00e8 la ressaca empitjora amb l'edat? - Forum Salud Mental Girona\",\"isPartOf\":{\"@id\":\"https:\\\/\\\/forummontau.com\\\/girona\\\/#website\"},\"primaryImageOfPage\":{\"@id\":\"https:\\\/\\\/forummontau.com\\\/girona\\\/per-que-la-ressaca-empitjora-amb-ledat\\\/#primaryimage\"},\"image\":{\"@id\":\"https:\\\/\\\/forummontau.com\\\/girona\\\/per-que-la-ressaca-empitjora-amb-ledat\\\/#primaryimage\"},\"thumbnailUrl\":\"https:\\\/\\\/forummontau.com\\\/girona\\\/wp-content\\\/uploads\\\/sites\\\/6\\\/2019\\\/06\\\/resaca.jpg\",\"datePublished\":\"2019-06-04T09:59:11+00:00\",\"dateModified\":\"2019-06-04T09:59:14+00:00\",\"breadcrumb\":{\"@id\":\"https:\\\/\\\/forummontau.com\\\/girona\\\/per-que-la-ressaca-empitjora-amb-ledat\\\/#breadcrumb\"},\"inLanguage\":\"es\",\"potentialAction\":[{\"@type\":\"ReadAction\",\"target\":[\"https:\\\/\\\/forummontau.com\\\/girona\\\/per-que-la-ressaca-empitjora-amb-ledat\\\/\"]}]},{\"@type\":\"ImageObject\",\"inLanguage\":\"es\",\"@id\":\"https:\\\/\\\/forummontau.com\\\/girona\\\/per-que-la-ressaca-empitjora-amb-ledat\\\/#primaryimage\",\"url\":\"https:\\\/\\\/forummontau.com\\\/girona\\\/wp-content\\\/uploads\\\/sites\\\/6\\\/2019\\\/06\\\/resaca.jpg\",\"contentUrl\":\"https:\\\/\\\/forummontau.com\\\/girona\\\/wp-content\\\/uploads\\\/sites\\\/6\\\/2019\\\/06\\\/resaca.jpg\",\"width\":980,\"height\":652,\"caption\":\"Resaca\"},{\"@type\":\"BreadcrumbList\",\"@id\":\"https:\\\/\\\/forummontau.com\\\/girona\\\/per-que-la-ressaca-empitjora-amb-ledat\\\/#breadcrumb\",\"itemListElement\":[{\"@type\":\"ListItem\",\"position\":1,\"name\":\"Portada\",\"item\":\"https:\\\/\\\/forummontau.com\\\/girona\\\/centre-desintoxicacio-i-addiccions-girona\\\/\"},{\"@type\":\"ListItem\",\"position\":2,\"name\":\"Per qu\u00e8 la ressaca empitjora amb l&#8217;edat?\"}]},{\"@type\":\"WebSite\",\"@id\":\"https:\\\/\\\/forummontau.com\\\/girona\\\/#website\",\"url\":\"https:\\\/\\\/forummontau.com\\\/girona\\\/\",\"name\":\"Forum Salud Mental Girona\",\"description\":\"Centro de Desintoxicaci\u00f3n y Adicciones en Girona\",\"publisher\":{\"@id\":\"https:\\\/\\\/forummontau.com\\\/girona\\\/#organization\"},\"potentialAction\":[{\"@type\":\"SearchAction\",\"target\":{\"@type\":\"EntryPoint\",\"urlTemplate\":\"https:\\\/\\\/forummontau.com\\\/girona\\\/?s={search_term_string}\"},\"query-input\":{\"@type\":\"PropertyValueSpecification\",\"valueRequired\":true,\"valueName\":\"search_term_string\"}}],\"inLanguage\":\"es\"},{\"@type\":\"Organization\",\"@id\":\"https:\\\/\\\/forummontau.com\\\/girona\\\/#organization\",\"name\":\"Forum Salud Mental Girona\",\"url\":\"https:\\\/\\\/forummontau.com\\\/girona\\\/\",\"logo\":{\"@type\":\"ImageObject\",\"inLanguage\":\"es\",\"@id\":\"https:\\\/\\\/forummontau.com\\\/girona\\\/#\\\/schema\\\/logo\\\/image\\\/\",\"url\":\"https:\\\/\\\/forummontau.com\\\/girona\\\/wp-content\\\/uploads\\\/sites\\\/6\\\/2020\\\/02\\\/girona_forum.png\",\"contentUrl\":\"https:\\\/\\\/forummontau.com\\\/girona\\\/wp-content\\\/uploads\\\/sites\\\/6\\\/2020\\\/02\\\/girona_forum.png\",\"width\":215,\"height\":119,\"caption\":\"Forum Salud Mental Girona\"},\"image\":{\"@id\":\"https:\\\/\\\/forummontau.com\\\/girona\\\/#\\\/schema\\\/logo\\\/image\\\/\"}},{\"@type\":\"Person\",\"@id\":\"https:\\\/\\\/forummontau.com\\\/girona\\\/#\\\/schema\\\/person\\\/dd79fa1c0ba733edd439998f9d7f5e25\",\"name\":\"Forum Salud Mental Madrid\"}]}<\/script>\n<!-- \/ Yoast SEO plugin. -->","yoast_head_json":{"title":"Per qu\u00e8 la ressaca empitjora amb l'edat? - Forum Salud Mental Girona","robots":{"index":"index","follow":"follow","max-snippet":"max-snippet:-1","max-image-preview":"max-image-preview:large","max-video-preview":"max-video-preview:-1"},"canonical":"https:\/\/forummontau.com\/girona\/per-que-la-ressaca-empitjora-amb-ledat\/","og_locale":"es_ES","og_type":"article","og_title":"Per qu\u00e8 la ressaca empitjora amb l'edat? - Forum Salud Mental Girona","og_description":"Segons passen els anys els efectes secundaris s\u00f3n cada vegada pitjors: maldecaps que trepen el teu cervell, n\u00e0usees, marejos, v\u00f2mits i un terrible cansament que ja no pot solucionar ni el vell truc del\u00a0ibuprof\u00e8. Per\u00f2 a qu\u00e8 es deu aquest empitjorament en la resist\u00e8ncia enfront de l&#8217;alcohol? Els enzims tamb\u00e9 compleixen anys Igual que succeeix [&hellip;]","og_url":"https:\/\/forummontau.com\/girona\/per-que-la-ressaca-empitjora-amb-ledat\/","og_site_name":"Forum Salud Mental Girona","article_published_time":"2019-06-04T09:59:11+00:00","article_modified_time":"2019-06-04T09:59:14+00:00","og_image":[{"width":980,"height":652,"url":"https:\/\/forummontau.com\/girona\/wp-content\/uploads\/sites\/6\/2019\/06\/resaca.jpg","type":"image\/jpeg"}],"author":"Forum Salud Mental Madrid","twitter_card":"summary_large_image","twitter_misc":{"Escrito por":"Forum Salud Mental Madrid","Tiempo de lectura":"3 minutos"},"schema":{"@context":"https:\/\/schema.org","@graph":[{"@type":"Article","@id":"https:\/\/forummontau.com\/girona\/per-que-la-ressaca-empitjora-amb-ledat\/#article","isPartOf":{"@id":"https:\/\/forummontau.com\/girona\/per-que-la-ressaca-empitjora-amb-ledat\/"},"author":{"name":"Forum Salud Mental Madrid","@id":"https:\/\/forummontau.com\/girona\/#\/schema\/person\/dd79fa1c0ba733edd439998f9d7f5e25"},"headline":"Per qu\u00e8 la ressaca empitjora amb l&#8217;edat?","datePublished":"2019-06-04T09:59:11+00:00","dateModified":"2019-06-04T09:59:14+00:00","mainEntityOfPage":{"@id":"https:\/\/forummontau.com\/girona\/per-que-la-ressaca-empitjora-amb-ledat\/"},"wordCount":539,"publisher":{"@id":"https:\/\/forummontau.com\/girona\/#organization"},"image":{"@id":"https:\/\/forummontau.com\/girona\/per-que-la-ressaca-empitjora-amb-ledat\/#primaryimage"},"thumbnailUrl":"https:\/\/forummontau.com\/girona\/wp-content\/uploads\/sites\/6\/2019\/06\/resaca.jpg","keywords":["Forum Girona","Tractament Adiccions"],"articleSection":["Addicci\u00f3","Alcohol","Ressaca"],"inLanguage":"es"},{"@type":"WebPage","@id":"https:\/\/forummontau.com\/girona\/per-que-la-ressaca-empitjora-amb-ledat\/","url":"https:\/\/forummontau.com\/girona\/per-que-la-ressaca-empitjora-amb-ledat\/","name":"Per qu\u00e8 la ressaca empitjora amb l'edat? - Forum Salud Mental Girona","isPartOf":{"@id":"https:\/\/forummontau.com\/girona\/#website"},"primaryImageOfPage":{"@id":"https:\/\/forummontau.com\/girona\/per-que-la-ressaca-empitjora-amb-ledat\/#primaryimage"},"image":{"@id":"https:\/\/forummontau.com\/girona\/per-que-la-ressaca-empitjora-amb-ledat\/#primaryimage"},"thumbnailUrl":"https:\/\/forummontau.com\/girona\/wp-content\/uploads\/sites\/6\/2019\/06\/resaca.jpg","datePublished":"2019-06-04T09:59:11+00:00","dateModified":"2019-06-04T09:59:14+00:00","breadcrumb":{"@id":"https:\/\/forummontau.com\/girona\/per-que-la-ressaca-empitjora-amb-ledat\/#breadcrumb"},"inLanguage":"es","potentialAction":[{"@type":"ReadAction","target":["https:\/\/forummontau.com\/girona\/per-que-la-ressaca-empitjora-amb-ledat\/"]}]},{"@type":"ImageObject","inLanguage":"es","@id":"https:\/\/forummontau.com\/girona\/per-que-la-ressaca-empitjora-amb-ledat\/#primaryimage","url":"https:\/\/forummontau.com\/girona\/wp-content\/uploads\/sites\/6\/2019\/06\/resaca.jpg","contentUrl":"https:\/\/forummontau.com\/girona\/wp-content\/uploads\/sites\/6\/2019\/06\/resaca.jpg","width":980,"height":652,"caption":"Resaca"},{"@type":"BreadcrumbList","@id":"https:\/\/forummontau.com\/girona\/per-que-la-ressaca-empitjora-amb-ledat\/#breadcrumb","itemListElement":[{"@type":"ListItem","position":1,"name":"Portada","item":"https:\/\/forummontau.com\/girona\/centre-desintoxicacio-i-addiccions-girona\/"},{"@type":"ListItem","position":2,"name":"Per qu\u00e8 la ressaca empitjora amb l&#8217;edat?"}]},{"@type":"WebSite","@id":"https:\/\/forummontau.com\/girona\/#website","url":"https:\/\/forummontau.com\/girona\/","name":"Forum Salud Mental Girona","description":"Centro de Desintoxicaci\u00f3n y Adicciones en Girona","publisher":{"@id":"https:\/\/forummontau.com\/girona\/#organization"},"potentialAction":[{"@type":"SearchAction","target":{"@type":"EntryPoint","urlTemplate":"https:\/\/forummontau.com\/girona\/?s={search_term_string}"},"query-input":{"@type":"PropertyValueSpecification","valueRequired":true,"valueName":"search_term_string"}}],"inLanguage":"es"},{"@type":"Organization","@id":"https:\/\/forummontau.com\/girona\/#organization","name":"Forum Salud Mental Girona","url":"https:\/\/forummontau.com\/girona\/","logo":{"@type":"ImageObject","inLanguage":"es","@id":"https:\/\/forummontau.com\/girona\/#\/schema\/logo\/image\/","url":"https:\/\/forummontau.com\/girona\/wp-content\/uploads\/sites\/6\/2020\/02\/girona_forum.png","contentUrl":"https:\/\/forummontau.com\/girona\/wp-content\/uploads\/sites\/6\/2020\/02\/girona_forum.png","width":215,"height":119,"caption":"Forum Salud Mental Girona"},"image":{"@id":"https:\/\/forummontau.com\/girona\/#\/schema\/logo\/image\/"}},{"@type":"Person","@id":"https:\/\/forummontau.com\/girona\/#\/schema\/person\/dd79fa1c0ba733edd439998f9d7f5e25","name":"Forum Salud Mental Madrid"}]}},"_links":{"self":[{"href":"https:\/\/forummontau.com\/girona\/wp-json\/wp\/v2\/posts\/1607","targetHints":{"allow":["GET"]}}],"collection":[{"href":"https:\/\/forummontau.com\/girona\/wp-json\/wp\/v2\/posts"}],"about":[{"href":"https:\/\/forummontau.com\/girona\/wp-json\/wp\/v2\/types\/post"}],"author":[{"embeddable":true,"href":"https:\/\/forummontau.com\/girona\/wp-json\/wp\/v2\/users\/2"}],"replies":[{"embeddable":true,"href":"https:\/\/forummontau.com\/girona\/wp-json\/wp\/v2\/comments?post=1607"}],"version-history":[{"count":0,"href":"https:\/\/forummontau.com\/girona\/wp-json\/wp\/v2\/posts\/1607\/revisions"}],"wp:featuredmedia":[{"embeddable":true,"href":"https:\/\/forummontau.com\/girona\/wp-json\/wp\/v2\/media\/1605"}],"wp:attachment":[{"href":"https:\/\/forummontau.com\/girona\/wp-json\/wp\/v2\/media?parent=1607"}],"wp:term":[{"taxonomy":"category","embeddable":true,"href":"https:\/\/forummontau.com\/girona\/wp-json\/wp\/v2\/categories?post=1607"},{"taxonomy":"post_tag","embeddable":true,"href":"https:\/\/forummontau.com\/girona\/wp-json\/wp\/v2\/tags?post=1607"}],"curies":[{"name":"wp","href":"https:\/\/api.w.org\/{rel}","templated":true}]}}