{"id":1619,"date":"2025-09-09T10:31:00","date_gmt":"2025-09-09T10:31:00","guid":{"rendered":"https:\/\/forumgirona.cat\/?p=1619"},"modified":"2025-09-10T08:12:50","modified_gmt":"2025-09-10T08:12:50","slug":"un-cocktail-perillos-el-que-no-texpliquen-de-combinar-alcohol-i-cocaina","status":"publish","type":"post","link":"https:\/\/forummontau.com\/girona\/un-cocktail-perillos-el-que-no-texpliquen-de-combinar-alcohol-i-cocaina\/","title":{"rendered":"Un cocktail perill\u00f3s, el que no t&#8217;expliquen de combinar alcohol i coca\u00efna"},"content":{"rendered":"\n<p>Estesa \u00e9s la falsa creen\u00e7a que la coca\u00efna pot \u201ccompensar\u201d o contrarestar els efectes indesitjats de l\u2019alcohol. Aquesta idea err\u00f2nia porta moltes persones a consumir ambdues subst\u00e0ncies de manera conjunta, creient que aix\u00ed mantenen el control. No obstant aix\u00f2, res m\u00e9s lluny de la realitat.<\/p>\n\n\n\n<h2 class=\"wp-block-heading\"><strong>Una combinaci\u00f3 que no anul\u00b7la els efectes, els potencia<\/strong><\/h2>\n\n\n\n<p>\u00c9s cert que la coca\u00efna, com a estimulant del sistema nervi\u00f3s central (SNC), pot emmascarar temporalment la sensaci\u00f3 de sedaci\u00f3 que provoca l\u2019alcohol, un depressor del SNC. El resultat \u00e9s una perillosa il\u00b7lusi\u00f3 de sobrietat. Qui consumeix ambdues subst\u00e0ncies pot sentir-se m\u00e9s despert o alerta, per\u00f2 les seves capacitats psicomotores i de judici continuen igual o m\u00e9s deteriorades que si hagu\u00e9s consumit nom\u00e9s alcohol.<\/p>\n\n\n\n<p>D\u2019altra banda, l\u2019alcohol tamb\u00e9 afecta la manera com s\u2019experimenten els efectes de la coca\u00efna: redueix la tensi\u00f3 i la hipervigil\u00e0ncia associades a aquesta droga, prolongant l\u2019euf\u00f2ria. Aix\u00f2 refor\u00e7a encara m\u00e9s el consum conjunt, augmentant la probabilitat d\u2019ab\u00fas i d\u2019addicci\u00f3.<\/p>\n\n\n\n<h2 class=\"wp-block-heading\"><strong>El cocaetil\u00e8: un metabolit altament t\u00f2xic<\/strong><\/h2>\n\n\n\n<p>Quan l\u2019alcohol i la coca\u00efna es metabolitzen junts en l\u2019organisme, generen una subst\u00e0ncia anomenada <strong>cocaetil\u00e8<\/strong>, un compost especialment t\u00f2xic per al fetge i amb efectes devastadors sobre l\u2019organisme.<\/p>\n\n\n\n<p>S\u2019ha demostrat que el cocaetil\u00e8 t\u00e9 una capacitat letal fins a <strong>18 vegades superior<\/strong> a la de la coca\u00efna o l\u2019alcohol per separat. Aquest metabolit incrementa el risc de mort sobtada i agreuja els danys a diversos \u00f2rgans.<\/p>\n\n\n\n<h2 class=\"wp-block-heading\"><strong>Conseq\u00fc\u00e8ncies f\u00edsiques d\u2019aquesta combinaci\u00f3:<\/strong><\/h2>\n\n\n\n<ul class=\"wp-block-list\">\n<li>Hipertensi\u00f3 arterial<\/li>\n\n\n\n<li>Infarts de miocardi<\/li>\n\n\n\n<li>Accidents cerebrovasculars (ictus)<\/li>\n\n\n\n<li>Arr\u00edtmies card\u00edaques<\/li>\n\n\n\n<li>Convulsions<\/li>\n\n\n\n<li>Dany hep\u00e0tic greu (destrucci\u00f3 de c\u00e8l\u00b7lules hep\u00e0tiques)<\/li>\n<\/ul>\n\n\n\n<h2 class=\"wp-block-heading\"><strong>Efectes psicol\u00f2gics i augment del risc d\u2019addicci\u00f3<\/strong><\/h2>\n\n\n\n<p>A m\u00e9s del dany f\u00edsic, el consum conjunt d\u2019alcohol i coca\u00efna t\u00e9 importants conseq\u00fc\u00e8ncies psicol\u00f2giques. La m\u00e9s perillosa \u00e9s la <strong>falsa sensaci\u00f3 de control<\/strong>, que fa que el consumidor subestimi els efectes d\u2019ambdues subst\u00e0ncies i, per tant, n\u2019augmenti les dosis consumides.<\/p>\n\n\n\n<p>Aquest patr\u00f3 de consum elevat i sostingut en el temps <strong>incrementa significativament el risc de desenvolupar una addicci\u00f3<\/strong>. El refor\u00e7 creuat entre ambdues subst\u00e0ncies tamb\u00e9 fa que el proc\u00e9s de desintoxicaci\u00f3 sigui m\u00e9s complex.<\/p>\n\n\n\n<h2 class=\"wp-block-heading\"><strong>Major risc de recaiguda durant la recuperaci\u00f3<\/strong><\/h2>\n\n\n\n<p>En processos de tractament i desintoxicaci\u00f3, aquesta combinaci\u00f3 planteja un repte addicional: el <strong>risc elevat de recaiguda<\/strong>. Durant l\u2019abstin\u00e8ncia, la simple exposici\u00f3 a records o contextos associats al consum de coca\u00efna pot disparar un desig intens i incontrolable de tornar a consumir.<\/p>\n\n\n\n<p>En el cas de l\u2019alcohol, la seva <strong>disponibilitat legal<\/strong> i la <strong>normalitzaci\u00f3 social<\/strong> del seu consum representen un obstacle important per a les persones en proc\u00e9s de recuperaci\u00f3. El contacte diari amb aquesta subst\u00e0ncia pot ser un detonant emocional o psicol\u00f2gic que faciliti la recaiguda.<\/p>\n\n\n\n<h2 class=\"wp-block-heading\"><strong>Una falsa soluci\u00f3 que empitjora el problema<\/strong><\/h2>\n\n\n\n<p>Lluny de compensar-se m\u00fatuament, l\u2019alcohol i la coca\u00efna formen una <strong>combinaci\u00f3 extremadament t\u00f2xica i addictiva<\/strong>. No nom\u00e9s augmenten els riscos f\u00edsics de forma exponencial, sin\u00f3 que tamb\u00e9 comprometen greument la salut mental, dificulten el tractament i augmenten la probabilitat de recaigudes.<\/p>\n\n\n\n<p>\u00c9s fonamental <strong>trencar amb els mites<\/strong> que envolten el consum de subst\u00e0ncies i <strong>fomentar una informaci\u00f3 vera\u00e7 basada en evid\u00e8ncia cient\u00edfica<\/strong>. Des de <strong>Forum Girona<\/strong>, continuem treballant en la prevenci\u00f3, la conscienciaci\u00f3 i l\u2019acompanyament de les persones afectades pel consum de drogues.<\/p>\n\n\n\n<p>Estudis recents:<\/p>\n\n\n\n<p>Un <strong>estudi recent (2025)<\/strong> de la <strong>UCLM i la UNED<\/strong> demostra que el cervell pateix molt m\u00e9s dany en combinar coca\u00efna i alcohol, especialment en \u00e0rees clau com <strong>l\u2019am\u00edgdala<\/strong>, amb efectes devastadors en el control emocional i els h\u00e0bits de son (<a href=\"https:\/\/cadenaser.com\/castillalamancha\/2025\/07\/31\/la-combinacion-de-cocaina-y-alcohol-produce-un-dano-cerebral-mayor-que-su-consumo-por-separado-ser-toledo\/?utm_source=chatgpt.com\">Cadena SER<\/a>).<\/p>\n\n\n\n<p>Segons el hepat\u00f2leg <strong>Ramon Bataller<\/strong>, aquesta combinaci\u00f3 \u00e9s <strong>\u00abexplosiva per a l&#8217;organisme\u00bb<\/strong>, especialment entre els joves, que estan desenvolupant <strong>malalties hep\u00e0tiques i card\u00edaques prematures<\/strong> a causa del seu \u00fas conjunt (<a href=\"https:\/\/elpais.com\/sociedad\/2025-01-25\/ramon-bataller-hepatologo-la-combinacion-de-alcohol-y-cocaina-es-explosiva-y-muchos-jovenes-lo-estan-pagando.html?utm_source=chatgpt.com\">El Pa\u00eds<\/a>).<\/p>\n\n\n\n<p><strong>Investigacions acad\u00e8miques<\/strong> tamb\u00e9 avalen que el metabolit que es forma \u2014<strong>cocaetil\u00e8<\/strong>\u2014 \u00e9s per si mateix altament t\u00f2xic, <strong>multiplicant el dany metab\u00f2lic i intensificant l\u2019addicci\u00f3<\/strong> (<a href=\"https:\/\/www.researchgate.net\/publication\/28174663_Interacciones_y_consecuencias_del_consumo_combinado_de_alcohol_y_cocaina_una_actualizacion_sobre_el_cocaetileno?utm_source=chatgpt.com\">ResearchGate<\/a>).<\/p>\n\n\n\n<p><strong>Primera edici\u00f3:<\/strong> setembre 2019<br><strong>\u00daltima revisi\u00f3:<\/strong> setembre 2025 <\/p>\n","protected":false},"excerpt":{"rendered":"<p>Estesa \u00e9s la falsa creen\u00e7a que la coca\u00efna pot \u201ccompensar\u201d o contrarestar els efectes indesitjats de l\u2019alcohol. Aquesta idea err\u00f2nia porta moltes persones a consumir ambdues subst\u00e0ncies de manera conjunta, creient que aix\u00ed mantenen el control. No obstant aix\u00f2, res m\u00e9s lluny de la realitat. Una combinaci\u00f3 que no anul\u00b7la els efectes, els potencia \u00c9s [&hellip;]<\/p>\n","protected":false},"author":2,"featured_media":4995,"comment_status":"closed","ping_status":"closed","sticky":false,"template":"","format":"standard","meta":{"ocean_post_layout":"","ocean_both_sidebars_style":"","ocean_both_sidebars_content_width":0,"ocean_both_sidebars_sidebars_width":0,"ocean_sidebar":"0","ocean_second_sidebar":"0","ocean_disable_margins":"enable","ocean_add_body_class":"","ocean_shortcode_before_top_bar":"","ocean_shortcode_after_top_bar":"","ocean_shortcode_before_header":"","ocean_shortcode_after_header":"","ocean_has_shortcode":"","ocean_shortcode_after_title":"","ocean_shortcode_before_footer_widgets":"","ocean_shortcode_after_footer_widgets":"","ocean_shortcode_before_footer_bottom":"","ocean_shortcode_after_footer_bottom":"","ocean_display_top_bar":"default","ocean_display_header":"default","ocean_header_style":"","ocean_center_header_left_menu":"0","ocean_custom_header_template":"0","ocean_custom_logo":0,"ocean_custom_retina_logo":0,"ocean_custom_logo_max_width":0,"ocean_custom_logo_tablet_max_width":0,"ocean_custom_logo_mobile_max_width":0,"ocean_custom_logo_max_height":0,"ocean_custom_logo_tablet_max_height":0,"ocean_custom_logo_mobile_max_height":0,"ocean_header_custom_menu":"0","ocean_menu_typo_font_family":"0","ocean_menu_typo_font_subset":"","ocean_menu_typo_font_size":0,"ocean_menu_typo_font_size_tablet":0,"ocean_menu_typo_font_size_mobile":0,"ocean_menu_typo_font_size_unit":"px","ocean_menu_typo_font_weight":"","ocean_menu_typo_font_weight_tablet":"","ocean_menu_typo_font_weight_mobile":"","ocean_menu_typo_transform":"","ocean_menu_typo_transform_tablet":"","ocean_menu_typo_transform_mobile":"","ocean_menu_typo_line_height":0,"ocean_menu_typo_line_height_tablet":0,"ocean_menu_typo_line_height_mobile":0,"ocean_menu_typo_line_height_unit":"","ocean_menu_typo_spacing":0,"ocean_menu_typo_spacing_tablet":0,"ocean_menu_typo_spacing_mobile":0,"ocean_menu_typo_spacing_unit":"","ocean_menu_link_color":"","ocean_menu_link_color_hover":"","ocean_menu_link_color_active":"","ocean_menu_link_background":"","ocean_menu_link_hover_background":"","ocean_menu_link_active_background":"","ocean_menu_social_links_bg":"","ocean_menu_social_hover_links_bg":"","ocean_menu_social_links_color":"","ocean_menu_social_hover_links_color":"","ocean_disable_title":"default","ocean_disable_heading":"default","ocean_post_title":"","ocean_post_subheading":"","ocean_post_title_style":"","ocean_post_title_background_color":"","ocean_post_title_background":0,"ocean_post_title_bg_image_position":"","ocean_post_title_bg_image_attachment":"","ocean_post_title_bg_image_repeat":"","ocean_post_title_bg_image_size":"","ocean_post_title_height":0,"ocean_post_title_bg_overlay":0.5,"ocean_post_title_bg_overlay_color":"","ocean_disable_breadcrumbs":"default","ocean_breadcrumbs_color":"","ocean_breadcrumbs_separator_color":"","ocean_breadcrumbs_links_color":"","ocean_breadcrumbs_links_hover_color":"","ocean_display_footer_widgets":"default","ocean_display_footer_bottom":"default","ocean_custom_footer_template":"0","ocean_post_oembed":"","ocean_post_self_hosted_media":"","ocean_post_video_embed":"","ocean_link_format":"","ocean_link_format_target":"self","ocean_quote_format":"","ocean_quote_format_link":"post","ocean_gallery_link_images":"off","ocean_gallery_id":[],"footnotes":""},"categories":[49,51,55],"tags":[165,129],"class_list":["post-1619","post","type-post","status-publish","format-standard","has-post-thumbnail","hentry","category-addiccio","category-alcohol-ca","category-cocaina-ca","tag-addiccions-girona-ca","tag-forum-girona-ca","entry","has-media"],"yoast_head":"<!-- This site is optimized with the Yoast SEO plugin v27.5 - https:\/\/yoast.com\/product\/yoast-seo-wordpress\/ -->\n<title>Un cocktail perill\u00f3s, el que no t&#039;expliquen de combinar alcohol i coca\u00efna - Forum Salud Mental Girona<\/title>\n<meta name=\"description\" content=\"La combinaci\u00f3 d\u2019alcohol i coca\u00efna genera cocaetil\u00e8, una subst\u00e0ncia t\u00f2xica amb greus riscos f\u00edsics, mentals i alt perill d\u2019addicci\u00f3 i recaiguda.\" \/>\n<meta name=\"robots\" content=\"index, follow, max-snippet:-1, max-image-preview:large, max-video-preview:-1\" \/>\n<link rel=\"canonical\" href=\"https:\/\/forummontau.com\/girona\/un-cocktail-perillos-el-que-no-texpliquen-de-combinar-alcohol-i-cocaina\/\" \/>\n<meta property=\"og:locale\" content=\"es_ES\" \/>\n<meta property=\"og:type\" content=\"article\" \/>\n<meta property=\"og:title\" content=\"Un cocktail perill\u00f3s, el que no t&#039;expliquen de combinar alcohol i coca\u00efna - Forum Salud Mental Girona\" \/>\n<meta property=\"og:description\" content=\"La combinaci\u00f3 d\u2019alcohol i coca\u00efna genera cocaetil\u00e8, una subst\u00e0ncia t\u00f2xica amb greus riscos f\u00edsics, mentals i alt perill d\u2019addicci\u00f3 i recaiguda.\" \/>\n<meta property=\"og:url\" content=\"https:\/\/forummontau.com\/girona\/un-cocktail-perillos-el-que-no-texpliquen-de-combinar-alcohol-i-cocaina\/\" \/>\n<meta property=\"og:site_name\" content=\"Forum Salud Mental Girona\" \/>\n<meta property=\"article:published_time\" content=\"2025-09-09T10:31:00+00:00\" \/>\n<meta property=\"article:modified_time\" content=\"2025-09-10T08:12:50+00:00\" \/>\n<meta property=\"og:image\" content=\"https:\/\/forummontau.com\/girona\/wp-content\/uploads\/sites\/6\/2025\/09\/cocainayalcohol-1.webp\" \/>\n\t<meta property=\"og:image:width\" content=\"750\" \/>\n\t<meta property=\"og:image:height\" content=\"500\" \/>\n\t<meta property=\"og:image:type\" content=\"image\/webp\" \/>\n<meta name=\"author\" content=\"Forum Salud Mental Madrid\" \/>\n<meta name=\"twitter:card\" content=\"summary_large_image\" \/>\n<meta name=\"twitter:label1\" content=\"Escrito por\" \/>\n\t<meta name=\"twitter:data1\" content=\"Forum Salud Mental Madrid\" \/>\n\t<meta name=\"twitter:label2\" content=\"Tiempo de lectura\" \/>\n\t<meta name=\"twitter:data2\" content=\"4 minutos\" \/>\n<script type=\"application\/ld+json\" class=\"yoast-schema-graph\">{\"@context\":\"https:\\\/\\\/schema.org\",\"@graph\":[{\"@type\":\"Article\",\"@id\":\"https:\\\/\\\/forummontau.com\\\/girona\\\/un-cocktail-perillos-el-que-no-texpliquen-de-combinar-alcohol-i-cocaina\\\/#article\",\"isPartOf\":{\"@id\":\"https:\\\/\\\/forummontau.com\\\/girona\\\/un-cocktail-perillos-el-que-no-texpliquen-de-combinar-alcohol-i-cocaina\\\/\"},\"author\":{\"name\":\"Forum Salud Mental Madrid\",\"@id\":\"https:\\\/\\\/forummontau.com\\\/girona\\\/#\\\/schema\\\/person\\\/dd79fa1c0ba733edd439998f9d7f5e25\"},\"headline\":\"Un cocktail perill\u00f3s, el que no t&#8217;expliquen de combinar alcohol i coca\u00efna\",\"datePublished\":\"2025-09-09T10:31:00+00:00\",\"dateModified\":\"2025-09-10T08:12:50+00:00\",\"mainEntityOfPage\":{\"@id\":\"https:\\\/\\\/forummontau.com\\\/girona\\\/un-cocktail-perillos-el-que-no-texpliquen-de-combinar-alcohol-i-cocaina\\\/\"},\"wordCount\":731,\"publisher\":{\"@id\":\"https:\\\/\\\/forummontau.com\\\/girona\\\/#organization\"},\"image\":{\"@id\":\"https:\\\/\\\/forummontau.com\\\/girona\\\/un-cocktail-perillos-el-que-no-texpliquen-de-combinar-alcohol-i-cocaina\\\/#primaryimage\"},\"thumbnailUrl\":\"https:\\\/\\\/forummontau.com\\\/girona\\\/wp-content\\\/uploads\\\/sites\\\/6\\\/2025\\\/09\\\/cocainayalcohol-1.webp\",\"keywords\":[\"Addiccions Girona\",\"Forum Girona\"],\"articleSection\":[\"Addicci\u00f3\",\"Alcohol\",\"Coca\u00efna\"],\"inLanguage\":\"es\"},{\"@type\":\"WebPage\",\"@id\":\"https:\\\/\\\/forummontau.com\\\/girona\\\/un-cocktail-perillos-el-que-no-texpliquen-de-combinar-alcohol-i-cocaina\\\/\",\"url\":\"https:\\\/\\\/forummontau.com\\\/girona\\\/un-cocktail-perillos-el-que-no-texpliquen-de-combinar-alcohol-i-cocaina\\\/\",\"name\":\"Un cocktail perill\u00f3s, el que no t'expliquen de combinar alcohol i coca\u00efna - Forum Salud Mental Girona\",\"isPartOf\":{\"@id\":\"https:\\\/\\\/forummontau.com\\\/girona\\\/#website\"},\"primaryImageOfPage\":{\"@id\":\"https:\\\/\\\/forummontau.com\\\/girona\\\/un-cocktail-perillos-el-que-no-texpliquen-de-combinar-alcohol-i-cocaina\\\/#primaryimage\"},\"image\":{\"@id\":\"https:\\\/\\\/forummontau.com\\\/girona\\\/un-cocktail-perillos-el-que-no-texpliquen-de-combinar-alcohol-i-cocaina\\\/#primaryimage\"},\"thumbnailUrl\":\"https:\\\/\\\/forummontau.com\\\/girona\\\/wp-content\\\/uploads\\\/sites\\\/6\\\/2025\\\/09\\\/cocainayalcohol-1.webp\",\"datePublished\":\"2025-09-09T10:31:00+00:00\",\"dateModified\":\"2025-09-10T08:12:50+00:00\",\"description\":\"La combinaci\u00f3 d\u2019alcohol i coca\u00efna genera cocaetil\u00e8, una subst\u00e0ncia t\u00f2xica amb greus riscos f\u00edsics, mentals i alt perill d\u2019addicci\u00f3 i recaiguda.\",\"breadcrumb\":{\"@id\":\"https:\\\/\\\/forummontau.com\\\/girona\\\/un-cocktail-perillos-el-que-no-texpliquen-de-combinar-alcohol-i-cocaina\\\/#breadcrumb\"},\"inLanguage\":\"es\",\"potentialAction\":[{\"@type\":\"ReadAction\",\"target\":[\"https:\\\/\\\/forummontau.com\\\/girona\\\/un-cocktail-perillos-el-que-no-texpliquen-de-combinar-alcohol-i-cocaina\\\/\"]}]},{\"@type\":\"ImageObject\",\"inLanguage\":\"es\",\"@id\":\"https:\\\/\\\/forummontau.com\\\/girona\\\/un-cocktail-perillos-el-que-no-texpliquen-de-combinar-alcohol-i-cocaina\\\/#primaryimage\",\"url\":\"https:\\\/\\\/forummontau.com\\\/girona\\\/wp-content\\\/uploads\\\/sites\\\/6\\\/2025\\\/09\\\/cocainayalcohol-1.webp\",\"contentUrl\":\"https:\\\/\\\/forummontau.com\\\/girona\\\/wp-content\\\/uploads\\\/sites\\\/6\\\/2025\\\/09\\\/cocainayalcohol-1.webp\",\"width\":750,\"height\":500},{\"@type\":\"BreadcrumbList\",\"@id\":\"https:\\\/\\\/forummontau.com\\\/girona\\\/un-cocktail-perillos-el-que-no-texpliquen-de-combinar-alcohol-i-cocaina\\\/#breadcrumb\",\"itemListElement\":[{\"@type\":\"ListItem\",\"position\":1,\"name\":\"Portada\",\"item\":\"https:\\\/\\\/forummontau.com\\\/girona\\\/centre-desintoxicacio-i-addiccions-girona\\\/\"},{\"@type\":\"ListItem\",\"position\":2,\"name\":\"Un cocktail perill\u00f3s, el que no t&#8217;expliquen de combinar alcohol i coca\u00efna\"}]},{\"@type\":\"WebSite\",\"@id\":\"https:\\\/\\\/forummontau.com\\\/girona\\\/#website\",\"url\":\"https:\\\/\\\/forummontau.com\\\/girona\\\/\",\"name\":\"Forum Salud Mental Girona\",\"description\":\"Centro de Desintoxicaci\u00f3n y Adicciones en Girona\",\"publisher\":{\"@id\":\"https:\\\/\\\/forummontau.com\\\/girona\\\/#organization\"},\"potentialAction\":[{\"@type\":\"SearchAction\",\"target\":{\"@type\":\"EntryPoint\",\"urlTemplate\":\"https:\\\/\\\/forummontau.com\\\/girona\\\/?s={search_term_string}\"},\"query-input\":{\"@type\":\"PropertyValueSpecification\",\"valueRequired\":true,\"valueName\":\"search_term_string\"}}],\"inLanguage\":\"es\"},{\"@type\":\"Organization\",\"@id\":\"https:\\\/\\\/forummontau.com\\\/girona\\\/#organization\",\"name\":\"Forum Salud Mental Girona\",\"url\":\"https:\\\/\\\/forummontau.com\\\/girona\\\/\",\"logo\":{\"@type\":\"ImageObject\",\"inLanguage\":\"es\",\"@id\":\"https:\\\/\\\/forummontau.com\\\/girona\\\/#\\\/schema\\\/logo\\\/image\\\/\",\"url\":\"https:\\\/\\\/forummontau.com\\\/girona\\\/wp-content\\\/uploads\\\/sites\\\/6\\\/2020\\\/02\\\/girona_forum.png\",\"contentUrl\":\"https:\\\/\\\/forummontau.com\\\/girona\\\/wp-content\\\/uploads\\\/sites\\\/6\\\/2020\\\/02\\\/girona_forum.png\",\"width\":215,\"height\":119,\"caption\":\"Forum Salud Mental Girona\"},\"image\":{\"@id\":\"https:\\\/\\\/forummontau.com\\\/girona\\\/#\\\/schema\\\/logo\\\/image\\\/\"}},{\"@type\":\"Person\",\"@id\":\"https:\\\/\\\/forummontau.com\\\/girona\\\/#\\\/schema\\\/person\\\/dd79fa1c0ba733edd439998f9d7f5e25\",\"name\":\"Forum Salud Mental Madrid\"}]}<\/script>\n<!-- \/ Yoast SEO plugin. -->","yoast_head_json":{"title":"Un cocktail perill\u00f3s, el que no t'expliquen de combinar alcohol i coca\u00efna - Forum Salud Mental Girona","description":"La combinaci\u00f3 d\u2019alcohol i coca\u00efna genera cocaetil\u00e8, una subst\u00e0ncia t\u00f2xica amb greus riscos f\u00edsics, mentals i alt perill d\u2019addicci\u00f3 i recaiguda.","robots":{"index":"index","follow":"follow","max-snippet":"max-snippet:-1","max-image-preview":"max-image-preview:large","max-video-preview":"max-video-preview:-1"},"canonical":"https:\/\/forummontau.com\/girona\/un-cocktail-perillos-el-que-no-texpliquen-de-combinar-alcohol-i-cocaina\/","og_locale":"es_ES","og_type":"article","og_title":"Un cocktail perill\u00f3s, el que no t'expliquen de combinar alcohol i coca\u00efna - Forum Salud Mental Girona","og_description":"La combinaci\u00f3 d\u2019alcohol i coca\u00efna genera cocaetil\u00e8, una subst\u00e0ncia t\u00f2xica amb greus riscos f\u00edsics, mentals i alt perill d\u2019addicci\u00f3 i recaiguda.","og_url":"https:\/\/forummontau.com\/girona\/un-cocktail-perillos-el-que-no-texpliquen-de-combinar-alcohol-i-cocaina\/","og_site_name":"Forum Salud Mental Girona","article_published_time":"2025-09-09T10:31:00+00:00","article_modified_time":"2025-09-10T08:12:50+00:00","og_image":[{"width":750,"height":500,"url":"https:\/\/forummontau.com\/girona\/wp-content\/uploads\/sites\/6\/2025\/09\/cocainayalcohol-1.webp","type":"image\/webp"}],"author":"Forum Salud Mental Madrid","twitter_card":"summary_large_image","twitter_misc":{"Escrito por":"Forum Salud Mental Madrid","Tiempo de lectura":"4 minutos"},"schema":{"@context":"https:\/\/schema.org","@graph":[{"@type":"Article","@id":"https:\/\/forummontau.com\/girona\/un-cocktail-perillos-el-que-no-texpliquen-de-combinar-alcohol-i-cocaina\/#article","isPartOf":{"@id":"https:\/\/forummontau.com\/girona\/un-cocktail-perillos-el-que-no-texpliquen-de-combinar-alcohol-i-cocaina\/"},"author":{"name":"Forum Salud Mental Madrid","@id":"https:\/\/forummontau.com\/girona\/#\/schema\/person\/dd79fa1c0ba733edd439998f9d7f5e25"},"headline":"Un cocktail perill\u00f3s, el que no t&#8217;expliquen de combinar alcohol i coca\u00efna","datePublished":"2025-09-09T10:31:00+00:00","dateModified":"2025-09-10T08:12:50+00:00","mainEntityOfPage":{"@id":"https:\/\/forummontau.com\/girona\/un-cocktail-perillos-el-que-no-texpliquen-de-combinar-alcohol-i-cocaina\/"},"wordCount":731,"publisher":{"@id":"https:\/\/forummontau.com\/girona\/#organization"},"image":{"@id":"https:\/\/forummontau.com\/girona\/un-cocktail-perillos-el-que-no-texpliquen-de-combinar-alcohol-i-cocaina\/#primaryimage"},"thumbnailUrl":"https:\/\/forummontau.com\/girona\/wp-content\/uploads\/sites\/6\/2025\/09\/cocainayalcohol-1.webp","keywords":["Addiccions Girona","Forum Girona"],"articleSection":["Addicci\u00f3","Alcohol","Coca\u00efna"],"inLanguage":"es"},{"@type":"WebPage","@id":"https:\/\/forummontau.com\/girona\/un-cocktail-perillos-el-que-no-texpliquen-de-combinar-alcohol-i-cocaina\/","url":"https:\/\/forummontau.com\/girona\/un-cocktail-perillos-el-que-no-texpliquen-de-combinar-alcohol-i-cocaina\/","name":"Un cocktail perill\u00f3s, el que no t'expliquen de combinar alcohol i coca\u00efna - Forum Salud Mental Girona","isPartOf":{"@id":"https:\/\/forummontau.com\/girona\/#website"},"primaryImageOfPage":{"@id":"https:\/\/forummontau.com\/girona\/un-cocktail-perillos-el-que-no-texpliquen-de-combinar-alcohol-i-cocaina\/#primaryimage"},"image":{"@id":"https:\/\/forummontau.com\/girona\/un-cocktail-perillos-el-que-no-texpliquen-de-combinar-alcohol-i-cocaina\/#primaryimage"},"thumbnailUrl":"https:\/\/forummontau.com\/girona\/wp-content\/uploads\/sites\/6\/2025\/09\/cocainayalcohol-1.webp","datePublished":"2025-09-09T10:31:00+00:00","dateModified":"2025-09-10T08:12:50+00:00","description":"La combinaci\u00f3 d\u2019alcohol i coca\u00efna genera cocaetil\u00e8, una subst\u00e0ncia t\u00f2xica amb greus riscos f\u00edsics, mentals i alt perill d\u2019addicci\u00f3 i recaiguda.","breadcrumb":{"@id":"https:\/\/forummontau.com\/girona\/un-cocktail-perillos-el-que-no-texpliquen-de-combinar-alcohol-i-cocaina\/#breadcrumb"},"inLanguage":"es","potentialAction":[{"@type":"ReadAction","target":["https:\/\/forummontau.com\/girona\/un-cocktail-perillos-el-que-no-texpliquen-de-combinar-alcohol-i-cocaina\/"]}]},{"@type":"ImageObject","inLanguage":"es","@id":"https:\/\/forummontau.com\/girona\/un-cocktail-perillos-el-que-no-texpliquen-de-combinar-alcohol-i-cocaina\/#primaryimage","url":"https:\/\/forummontau.com\/girona\/wp-content\/uploads\/sites\/6\/2025\/09\/cocainayalcohol-1.webp","contentUrl":"https:\/\/forummontau.com\/girona\/wp-content\/uploads\/sites\/6\/2025\/09\/cocainayalcohol-1.webp","width":750,"height":500},{"@type":"BreadcrumbList","@id":"https:\/\/forummontau.com\/girona\/un-cocktail-perillos-el-que-no-texpliquen-de-combinar-alcohol-i-cocaina\/#breadcrumb","itemListElement":[{"@type":"ListItem","position":1,"name":"Portada","item":"https:\/\/forummontau.com\/girona\/centre-desintoxicacio-i-addiccions-girona\/"},{"@type":"ListItem","position":2,"name":"Un cocktail perill\u00f3s, el que no t&#8217;expliquen de combinar alcohol i coca\u00efna"}]},{"@type":"WebSite","@id":"https:\/\/forummontau.com\/girona\/#website","url":"https:\/\/forummontau.com\/girona\/","name":"Forum Salud Mental Girona","description":"Centro de Desintoxicaci\u00f3n y Adicciones en Girona","publisher":{"@id":"https:\/\/forummontau.com\/girona\/#organization"},"potentialAction":[{"@type":"SearchAction","target":{"@type":"EntryPoint","urlTemplate":"https:\/\/forummontau.com\/girona\/?s={search_term_string}"},"query-input":{"@type":"PropertyValueSpecification","valueRequired":true,"valueName":"search_term_string"}}],"inLanguage":"es"},{"@type":"Organization","@id":"https:\/\/forummontau.com\/girona\/#organization","name":"Forum Salud Mental Girona","url":"https:\/\/forummontau.com\/girona\/","logo":{"@type":"ImageObject","inLanguage":"es","@id":"https:\/\/forummontau.com\/girona\/#\/schema\/logo\/image\/","url":"https:\/\/forummontau.com\/girona\/wp-content\/uploads\/sites\/6\/2020\/02\/girona_forum.png","contentUrl":"https:\/\/forummontau.com\/girona\/wp-content\/uploads\/sites\/6\/2020\/02\/girona_forum.png","width":215,"height":119,"caption":"Forum Salud Mental Girona"},"image":{"@id":"https:\/\/forummontau.com\/girona\/#\/schema\/logo\/image\/"}},{"@type":"Person","@id":"https:\/\/forummontau.com\/girona\/#\/schema\/person\/dd79fa1c0ba733edd439998f9d7f5e25","name":"Forum Salud Mental Madrid"}]}},"_links":{"self":[{"href":"https:\/\/forummontau.com\/girona\/wp-json\/wp\/v2\/posts\/1619","targetHints":{"allow":["GET"]}}],"collection":[{"href":"https:\/\/forummontau.com\/girona\/wp-json\/wp\/v2\/posts"}],"about":[{"href":"https:\/\/forummontau.com\/girona\/wp-json\/wp\/v2\/types\/post"}],"author":[{"embeddable":true,"href":"https:\/\/forummontau.com\/girona\/wp-json\/wp\/v2\/users\/2"}],"replies":[{"embeddable":true,"href":"https:\/\/forummontau.com\/girona\/wp-json\/wp\/v2\/comments?post=1619"}],"version-history":[{"count":1,"href":"https:\/\/forummontau.com\/girona\/wp-json\/wp\/v2\/posts\/1619\/revisions"}],"predecessor-version":[{"id":4988,"href":"https:\/\/forummontau.com\/girona\/wp-json\/wp\/v2\/posts\/1619\/revisions\/4988"}],"wp:featuredmedia":[{"embeddable":true,"href":"https:\/\/forummontau.com\/girona\/wp-json\/wp\/v2\/media\/4995"}],"wp:attachment":[{"href":"https:\/\/forummontau.com\/girona\/wp-json\/wp\/v2\/media?parent=1619"}],"wp:term":[{"taxonomy":"category","embeddable":true,"href":"https:\/\/forummontau.com\/girona\/wp-json\/wp\/v2\/categories?post=1619"},{"taxonomy":"post_tag","embeddable":true,"href":"https:\/\/forummontau.com\/girona\/wp-json\/wp\/v2\/tags?post=1619"}],"curies":[{"name":"wp","href":"https:\/\/api.w.org\/{rel}","templated":true}]}}