{"id":1830,"date":"2020-01-13T10:09:28","date_gmt":"2020-01-13T10:09:28","guid":{"rendered":"https:\/\/forumgirona.cat\/?p=1830"},"modified":"2020-01-13T10:11:21","modified_gmt":"2020-01-13T10:11:21","slug":"tractament-cannabis","status":"publish","type":"post","link":"https:\/\/forummontau.com\/girona\/tractament-cannabis\/","title":{"rendered":"Tractament c\u00e0nnabis"},"content":{"rendered":"\n<p>Encara que existeix la percepci\u00f3 que el c\u00e0nnabis \u00e9s natural i per tant menys nociu que el tabac, no \u00e9s cert.<br>El c\u00e0nnabis t\u00e9 diversos&nbsp;<strong>efectes psicol\u00f2gics i fisiol\u00f2gics<\/strong>&nbsp;en el cos hum\u00e0. Els principals efectes del c\u00e0nnabis es deuen als aproximadament 400 cannabinoides identificats, entre ells el tetrahidrocannabinol o&nbsp;<strong>THC<\/strong>, que es considera el m\u00e9s psicoactiu.<\/p>\n\n\n\n<p>Entre els efectes immediats destaca un augment del ritme card\u00edac i una lleu sensaci\u00f3 de somnol\u00e8ncia i analg\u00e8sia moderada, enrogiment dels ulls, sequedat de boca i augment de la fam.<\/p>\n\n\n\n<p>Des del punt de vista&nbsp;<strong>psicol\u00f2gic<\/strong>, sembla que es produeix una disminuci\u00f3 del funcionament intel\u00b7lectual at\u00e8s que el&nbsp;THC&nbsp;\u2013 que pot&nbsp;<strong>distorsionar la percepci\u00f3 sensorial de la realitat<\/strong>, augmentar la hilaritat i la loquacitat durant diverses, afectar la capacitat per a pensar normalment, a la mem\u00f2ria i a la coordinaci\u00f3 normal dels moviments.<\/p>\n\n\n\n<p>Si es consumeixen dosis molt altes pot provocar paranoies, al\u00b7lucinacions i episodis de p\u00e0nic.<\/p>\n\n\n\n<p>Si en consumir-ho es barreja&nbsp;<strong>amb altres subst\u00e0ncies, com el tabac o l\u2019alcohol<\/strong>, els efectes poden agreujar-se i, sobretot, crear una addicci\u00f3 encara major \u2013especialment en el cas del tabac, ja que les subst\u00e0ncies que conformen els cigarrets comuns s\u00f3n<strong>&nbsp;altament addictives-<\/strong>.<\/p>\n\n\n\n<p>A&nbsp;<strong>llarg termini<\/strong>&nbsp;poden accentuar-se els efectes immediats, provocar&nbsp;<strong>danys irreparables<\/strong>&nbsp;en les neurones i generar alteracions permanents en l\u2019estat d\u2019\u00e0nim, p\u00e8rdues de mem\u00f2ria o problemes de somni que impedeixin desenvolupar una activitat personal o professional de manera normal.<\/p>\n\n\n\n<p>El seu consum encara \u00e9s m\u00e9s preocupant quan es&nbsp;ininicia&nbsp;en l\u2019<strong>adolesc\u00e8ncia<\/strong>&nbsp;ja que durant aquesta etapa adolesc\u00e8ncia el cervell segueix el seu desenvolupament i molts processos i funcions es consoliden en aquesta etapa. Una de les funcions m\u00e9s important d\u2019aquesta etapa \u00e9s l\u2019autocontrol. El consum de c\u00e0nnabis durant l\u2019adolesc\u00e8ncia&nbsp;<strong>afecta la correcta consolidaci\u00f3 de l\u2019autocontrol<\/strong>&nbsp;i aix\u00f2 passa factura a les etapes seg\u00fcents.<\/p>\n\n\n\n<p>El nostre centre ofereix una metodologia personalitzada i seguiment m\u00e8dic continuat. Comptem amb una alta taxa d\u2019\u00e8xit de recuperaci\u00f3, tractant cada problema de l\u2019entorn dels nostres pacients, sobretot el que concerneix els familiars.<\/p>\n\n\n\n<p>El tractament consta de 4 fases:<\/p>\n\n\n\n<h2 class=\"wp-block-heading\">DESINTOXICACI\u00d3<\/h2>\n\n\n\n<p>Condu\u00eft pel m\u00e8dic psiquiatre del centre que avalua l\u2019estat del pacient amb el suport de la psic\u00f2loga i un&nbsp;terapeura. Es realitzen visites individuals amb el pacient i la fam\u00edlia.<\/p>\n\n\n\n<h2 class=\"wp-block-heading\">DESHABITUACI\u00d3<\/h2>\n\n\n\n<p>S\u2019aprofundeix en l\u2019acceptaci\u00f3 i coneixement de la malaltia i s\u2019avan\u00e7a a trav\u00e9s dels est\u00edmuls externs de forma guiada, gradual i protegida, aprenent a incorporar h\u00e0bits de comportament saludables.<\/p>\n\n\n\n<h2 class=\"wp-block-heading\">REHABILITACI\u00d3<\/h2>\n\n\n\n<p>Recuperaci\u00f3 de les habilitats p\u00e8rdues o no desenvolupades pel pacient a causa del consum i control d\u2019impulsos, reducci\u00f3 d\u2019ansietat i millora de les habilitats personals i socials del pacient.<\/p>\n\n\n\n<h2 class=\"wp-block-heading\">REINSERCI\u00d3<\/h2>\n\n\n\n<p>Suposa un pas important de cara a la plena reinserci\u00f3 psicoemocional. Es treballen el coneixement personal i autocontrol, els riscos de l\u2019h\u00e0bitat del pacient i els comportaments saludables a&nbsp;desarrrollar.<\/p>\n\n\n\n<p>Aquestes fases van acompanyades del suport de tot l\u2019equip terap\u00e8utic del nostre centre, psiquiatres, psic\u00f2legs, terapeutes, monitors, infermeres, aix\u00ed com de l\u2019ajuda dels familiars dels pacients.<\/p>\n","protected":false},"excerpt":{"rendered":"<p>Encara que existeix la percepci\u00f3 que el c\u00e0nnabis \u00e9s natural i per tant menys nociu que el tabac, no \u00e9s cert.El c\u00e0nnabis t\u00e9 diversos&nbsp;efectes psicol\u00f2gics i fisiol\u00f2gics&nbsp;en el cos hum\u00e0. Els principals efectes del c\u00e0nnabis es deuen als aproximadament 400 cannabinoides identificats, entre ells el tetrahidrocannabinol o&nbsp;THC, que es considera el m\u00e9s psicoactiu. Entre els [&hellip;]<\/p>\n","protected":false},"author":2,"featured_media":1828,"comment_status":"closed","ping_status":"closed","sticky":false,"template":"","format":"standard","meta":{"ocean_post_layout":"","ocean_both_sidebars_style":"","ocean_both_sidebars_content_width":0,"ocean_both_sidebars_sidebars_width":0,"ocean_sidebar":"0","ocean_second_sidebar":"0","ocean_disable_margins":"enable","ocean_add_body_class":"","ocean_shortcode_before_top_bar":"","ocean_shortcode_after_top_bar":"","ocean_shortcode_before_header":"","ocean_shortcode_after_header":"","ocean_has_shortcode":"","ocean_shortcode_after_title":"","ocean_shortcode_before_footer_widgets":"","ocean_shortcode_after_footer_widgets":"","ocean_shortcode_before_footer_bottom":"","ocean_shortcode_after_footer_bottom":"","ocean_display_top_bar":"default","ocean_display_header":"default","ocean_header_style":"","ocean_center_header_left_menu":"0","ocean_custom_header_template":"0","ocean_custom_logo":0,"ocean_custom_retina_logo":0,"ocean_custom_logo_max_width":0,"ocean_custom_logo_tablet_max_width":0,"ocean_custom_logo_mobile_max_width":0,"ocean_custom_logo_max_height":0,"ocean_custom_logo_tablet_max_height":0,"ocean_custom_logo_mobile_max_height":0,"ocean_header_custom_menu":"0","ocean_menu_typo_font_family":"0","ocean_menu_typo_font_subset":"","ocean_menu_typo_font_size":0,"ocean_menu_typo_font_size_tablet":0,"ocean_menu_typo_font_size_mobile":0,"ocean_menu_typo_font_size_unit":"px","ocean_menu_typo_font_weight":"","ocean_menu_typo_font_weight_tablet":"","ocean_menu_typo_font_weight_mobile":"","ocean_menu_typo_transform":"","ocean_menu_typo_transform_tablet":"","ocean_menu_typo_transform_mobile":"","ocean_menu_typo_line_height":0,"ocean_menu_typo_line_height_tablet":0,"ocean_menu_typo_line_height_mobile":0,"ocean_menu_typo_line_height_unit":"","ocean_menu_typo_spacing":0,"ocean_menu_typo_spacing_tablet":0,"ocean_menu_typo_spacing_mobile":0,"ocean_menu_typo_spacing_unit":"","ocean_menu_link_color":"","ocean_menu_link_color_hover":"","ocean_menu_link_color_active":"","ocean_menu_link_background":"","ocean_menu_link_hover_background":"","ocean_menu_link_active_background":"","ocean_menu_social_links_bg":"","ocean_menu_social_hover_links_bg":"","ocean_menu_social_links_color":"","ocean_menu_social_hover_links_color":"","ocean_disable_title":"default","ocean_disable_heading":"default","ocean_post_title":"","ocean_post_subheading":"","ocean_post_title_style":"","ocean_post_title_background_color":"","ocean_post_title_background":0,"ocean_post_title_bg_image_position":"","ocean_post_title_bg_image_attachment":"","ocean_post_title_bg_image_repeat":"","ocean_post_title_bg_image_size":"","ocean_post_title_height":0,"ocean_post_title_bg_overlay":0.5,"ocean_post_title_bg_overlay_color":"","ocean_disable_breadcrumbs":"default","ocean_breadcrumbs_color":"","ocean_breadcrumbs_separator_color":"","ocean_breadcrumbs_links_color":"","ocean_breadcrumbs_links_hover_color":"","ocean_display_footer_widgets":"default","ocean_display_footer_bottom":"default","ocean_custom_footer_template":"0","ocean_post_oembed":"","ocean_post_self_hosted_media":"","ocean_post_video_embed":"","ocean_link_format":"","ocean_link_format_target":"self","ocean_quote_format":"","ocean_quote_format_link":"post","ocean_gallery_link_images":"off","ocean_gallery_id":[],"footnotes":""},"categories":[49,53,47],"tags":[165,131,212],"class_list":["post-1830","post","type-post","status-publish","format-standard","has-post-thumbnail","hentry","category-addiccio","category-cannabis","category-tractaments","tag-addiccions-girona-ca","tag-tractament-adiccions","tag-tractament-cannabis","entry","has-media"],"yoast_head":"<!-- This site is optimized with the Yoast SEO plugin v27.5 - https:\/\/yoast.com\/product\/yoast-seo-wordpress\/ -->\n<title>Tractament c\u00e0nnabis - Forum Salud Mental Girona<\/title>\n<meta name=\"robots\" content=\"index, follow, max-snippet:-1, max-image-preview:large, max-video-preview:-1\" \/>\n<link rel=\"canonical\" href=\"https:\/\/forummontau.com\/girona\/tractament-cannabis\/\" \/>\n<meta property=\"og:locale\" content=\"es_ES\" \/>\n<meta property=\"og:type\" content=\"article\" \/>\n<meta property=\"og:title\" content=\"Tractament c\u00e0nnabis - Forum Salud Mental Girona\" \/>\n<meta property=\"og:description\" content=\"Encara que existeix la percepci\u00f3 que el c\u00e0nnabis \u00e9s natural i per tant menys nociu que el tabac, no \u00e9s cert.El c\u00e0nnabis t\u00e9 diversos&nbsp;efectes psicol\u00f2gics i fisiol\u00f2gics&nbsp;en el cos hum\u00e0. Els principals efectes del c\u00e0nnabis es deuen als aproximadament 400 cannabinoides identificats, entre ells el tetrahidrocannabinol o&nbsp;THC, que es considera el m\u00e9s psicoactiu. Entre els [&hellip;]\" \/>\n<meta property=\"og:url\" content=\"https:\/\/forummontau.com\/girona\/tractament-cannabis\/\" \/>\n<meta property=\"og:site_name\" content=\"Forum Salud Mental Girona\" \/>\n<meta property=\"article:published_time\" content=\"2020-01-13T10:09:28+00:00\" \/>\n<meta property=\"article:modified_time\" content=\"2020-01-13T10:11:21+00:00\" \/>\n<meta property=\"og:image\" content=\"https:\/\/forummontau.com\/girona\/wp-content\/uploads\/sites\/6\/2020\/01\/adiccioncannabis.jpg\" \/>\n\t<meta property=\"og:image:width\" content=\"624\" \/>\n\t<meta property=\"og:image:height\" content=\"385\" \/>\n\t<meta property=\"og:image:type\" content=\"image\/jpeg\" \/>\n<meta name=\"author\" content=\"Forum Salud Mental Madrid\" \/>\n<meta name=\"twitter:card\" content=\"summary_large_image\" \/>\n<meta name=\"twitter:label1\" content=\"Escrito por\" \/>\n\t<meta name=\"twitter:data1\" content=\"Forum Salud Mental Madrid\" \/>\n\t<meta name=\"twitter:label2\" content=\"Tiempo de lectura\" \/>\n\t<meta name=\"twitter:data2\" content=\"3 minutos\" \/>\n<script type=\"application\/ld+json\" class=\"yoast-schema-graph\">{\"@context\":\"https:\\\/\\\/schema.org\",\"@graph\":[{\"@type\":\"Article\",\"@id\":\"https:\\\/\\\/forummontau.com\\\/girona\\\/tractament-cannabis\\\/#article\",\"isPartOf\":{\"@id\":\"https:\\\/\\\/forummontau.com\\\/girona\\\/tractament-cannabis\\\/\"},\"author\":{\"name\":\"Forum Salud Mental Madrid\",\"@id\":\"https:\\\/\\\/forummontau.com\\\/girona\\\/#\\\/schema\\\/person\\\/dd79fa1c0ba733edd439998f9d7f5e25\"},\"headline\":\"Tractament c\u00e0nnabis\",\"datePublished\":\"2020-01-13T10:09:28+00:00\",\"dateModified\":\"2020-01-13T10:11:21+00:00\",\"mainEntityOfPage\":{\"@id\":\"https:\\\/\\\/forummontau.com\\\/girona\\\/tractament-cannabis\\\/\"},\"wordCount\":565,\"publisher\":{\"@id\":\"https:\\\/\\\/forummontau.com\\\/girona\\\/#organization\"},\"image\":{\"@id\":\"https:\\\/\\\/forummontau.com\\\/girona\\\/tractament-cannabis\\\/#primaryimage\"},\"thumbnailUrl\":\"https:\\\/\\\/forummontau.com\\\/girona\\\/wp-content\\\/uploads\\\/sites\\\/6\\\/2020\\\/01\\\/adiccioncannabis.jpg\",\"keywords\":[\"Addiccions Girona\",\"Tractament Adiccions\",\"Tractament C\u00e0nnabis\"],\"articleSection\":[\"Addicci\u00f3\",\"C\u00e0nnabis\",\"Tractaments\"],\"inLanguage\":\"es\"},{\"@type\":\"WebPage\",\"@id\":\"https:\\\/\\\/forummontau.com\\\/girona\\\/tractament-cannabis\\\/\",\"url\":\"https:\\\/\\\/forummontau.com\\\/girona\\\/tractament-cannabis\\\/\",\"name\":\"Tractament c\u00e0nnabis - Forum Salud Mental Girona\",\"isPartOf\":{\"@id\":\"https:\\\/\\\/forummontau.com\\\/girona\\\/#website\"},\"primaryImageOfPage\":{\"@id\":\"https:\\\/\\\/forummontau.com\\\/girona\\\/tractament-cannabis\\\/#primaryimage\"},\"image\":{\"@id\":\"https:\\\/\\\/forummontau.com\\\/girona\\\/tractament-cannabis\\\/#primaryimage\"},\"thumbnailUrl\":\"https:\\\/\\\/forummontau.com\\\/girona\\\/wp-content\\\/uploads\\\/sites\\\/6\\\/2020\\\/01\\\/adiccioncannabis.jpg\",\"datePublished\":\"2020-01-13T10:09:28+00:00\",\"dateModified\":\"2020-01-13T10:11:21+00:00\",\"breadcrumb\":{\"@id\":\"https:\\\/\\\/forummontau.com\\\/girona\\\/tractament-cannabis\\\/#breadcrumb\"},\"inLanguage\":\"es\",\"potentialAction\":[{\"@type\":\"ReadAction\",\"target\":[\"https:\\\/\\\/forummontau.com\\\/girona\\\/tractament-cannabis\\\/\"]}]},{\"@type\":\"ImageObject\",\"inLanguage\":\"es\",\"@id\":\"https:\\\/\\\/forummontau.com\\\/girona\\\/tractament-cannabis\\\/#primaryimage\",\"url\":\"https:\\\/\\\/forummontau.com\\\/girona\\\/wp-content\\\/uploads\\\/sites\\\/6\\\/2020\\\/01\\\/adiccioncannabis.jpg\",\"contentUrl\":\"https:\\\/\\\/forummontau.com\\\/girona\\\/wp-content\\\/uploads\\\/sites\\\/6\\\/2020\\\/01\\\/adiccioncannabis.jpg\",\"width\":624,\"height\":385},{\"@type\":\"BreadcrumbList\",\"@id\":\"https:\\\/\\\/forummontau.com\\\/girona\\\/tractament-cannabis\\\/#breadcrumb\",\"itemListElement\":[{\"@type\":\"ListItem\",\"position\":1,\"name\":\"Portada\",\"item\":\"https:\\\/\\\/forummontau.com\\\/girona\\\/centre-desintoxicacio-i-addiccions-girona\\\/\"},{\"@type\":\"ListItem\",\"position\":2,\"name\":\"Tractament c\u00e0nnabis\"}]},{\"@type\":\"WebSite\",\"@id\":\"https:\\\/\\\/forummontau.com\\\/girona\\\/#website\",\"url\":\"https:\\\/\\\/forummontau.com\\\/girona\\\/\",\"name\":\"Forum Salud Mental Girona\",\"description\":\"Centro de Desintoxicaci\u00f3n y Adicciones en Girona\",\"publisher\":{\"@id\":\"https:\\\/\\\/forummontau.com\\\/girona\\\/#organization\"},\"potentialAction\":[{\"@type\":\"SearchAction\",\"target\":{\"@type\":\"EntryPoint\",\"urlTemplate\":\"https:\\\/\\\/forummontau.com\\\/girona\\\/?s={search_term_string}\"},\"query-input\":{\"@type\":\"PropertyValueSpecification\",\"valueRequired\":true,\"valueName\":\"search_term_string\"}}],\"inLanguage\":\"es\"},{\"@type\":\"Organization\",\"@id\":\"https:\\\/\\\/forummontau.com\\\/girona\\\/#organization\",\"name\":\"Forum Salud Mental Girona\",\"url\":\"https:\\\/\\\/forummontau.com\\\/girona\\\/\",\"logo\":{\"@type\":\"ImageObject\",\"inLanguage\":\"es\",\"@id\":\"https:\\\/\\\/forummontau.com\\\/girona\\\/#\\\/schema\\\/logo\\\/image\\\/\",\"url\":\"https:\\\/\\\/forummontau.com\\\/girona\\\/wp-content\\\/uploads\\\/sites\\\/6\\\/2020\\\/02\\\/girona_forum.png\",\"contentUrl\":\"https:\\\/\\\/forummontau.com\\\/girona\\\/wp-content\\\/uploads\\\/sites\\\/6\\\/2020\\\/02\\\/girona_forum.png\",\"width\":215,\"height\":119,\"caption\":\"Forum Salud Mental Girona\"},\"image\":{\"@id\":\"https:\\\/\\\/forummontau.com\\\/girona\\\/#\\\/schema\\\/logo\\\/image\\\/\"}},{\"@type\":\"Person\",\"@id\":\"https:\\\/\\\/forummontau.com\\\/girona\\\/#\\\/schema\\\/person\\\/dd79fa1c0ba733edd439998f9d7f5e25\",\"name\":\"Forum Salud Mental Madrid\"}]}<\/script>\n<!-- \/ Yoast SEO plugin. -->","yoast_head_json":{"title":"Tractament c\u00e0nnabis - Forum Salud Mental Girona","robots":{"index":"index","follow":"follow","max-snippet":"max-snippet:-1","max-image-preview":"max-image-preview:large","max-video-preview":"max-video-preview:-1"},"canonical":"https:\/\/forummontau.com\/girona\/tractament-cannabis\/","og_locale":"es_ES","og_type":"article","og_title":"Tractament c\u00e0nnabis - Forum Salud Mental Girona","og_description":"Encara que existeix la percepci\u00f3 que el c\u00e0nnabis \u00e9s natural i per tant menys nociu que el tabac, no \u00e9s cert.El c\u00e0nnabis t\u00e9 diversos&nbsp;efectes psicol\u00f2gics i fisiol\u00f2gics&nbsp;en el cos hum\u00e0. Els principals efectes del c\u00e0nnabis es deuen als aproximadament 400 cannabinoides identificats, entre ells el tetrahidrocannabinol o&nbsp;THC, que es considera el m\u00e9s psicoactiu. Entre els [&hellip;]","og_url":"https:\/\/forummontau.com\/girona\/tractament-cannabis\/","og_site_name":"Forum Salud Mental Girona","article_published_time":"2020-01-13T10:09:28+00:00","article_modified_time":"2020-01-13T10:11:21+00:00","og_image":[{"width":624,"height":385,"url":"https:\/\/forummontau.com\/girona\/wp-content\/uploads\/sites\/6\/2020\/01\/adiccioncannabis.jpg","type":"image\/jpeg"}],"author":"Forum Salud Mental Madrid","twitter_card":"summary_large_image","twitter_misc":{"Escrito por":"Forum Salud Mental Madrid","Tiempo de lectura":"3 minutos"},"schema":{"@context":"https:\/\/schema.org","@graph":[{"@type":"Article","@id":"https:\/\/forummontau.com\/girona\/tractament-cannabis\/#article","isPartOf":{"@id":"https:\/\/forummontau.com\/girona\/tractament-cannabis\/"},"author":{"name":"Forum Salud Mental Madrid","@id":"https:\/\/forummontau.com\/girona\/#\/schema\/person\/dd79fa1c0ba733edd439998f9d7f5e25"},"headline":"Tractament c\u00e0nnabis","datePublished":"2020-01-13T10:09:28+00:00","dateModified":"2020-01-13T10:11:21+00:00","mainEntityOfPage":{"@id":"https:\/\/forummontau.com\/girona\/tractament-cannabis\/"},"wordCount":565,"publisher":{"@id":"https:\/\/forummontau.com\/girona\/#organization"},"image":{"@id":"https:\/\/forummontau.com\/girona\/tractament-cannabis\/#primaryimage"},"thumbnailUrl":"https:\/\/forummontau.com\/girona\/wp-content\/uploads\/sites\/6\/2020\/01\/adiccioncannabis.jpg","keywords":["Addiccions Girona","Tractament Adiccions","Tractament C\u00e0nnabis"],"articleSection":["Addicci\u00f3","C\u00e0nnabis","Tractaments"],"inLanguage":"es"},{"@type":"WebPage","@id":"https:\/\/forummontau.com\/girona\/tractament-cannabis\/","url":"https:\/\/forummontau.com\/girona\/tractament-cannabis\/","name":"Tractament c\u00e0nnabis - Forum Salud Mental Girona","isPartOf":{"@id":"https:\/\/forummontau.com\/girona\/#website"},"primaryImageOfPage":{"@id":"https:\/\/forummontau.com\/girona\/tractament-cannabis\/#primaryimage"},"image":{"@id":"https:\/\/forummontau.com\/girona\/tractament-cannabis\/#primaryimage"},"thumbnailUrl":"https:\/\/forummontau.com\/girona\/wp-content\/uploads\/sites\/6\/2020\/01\/adiccioncannabis.jpg","datePublished":"2020-01-13T10:09:28+00:00","dateModified":"2020-01-13T10:11:21+00:00","breadcrumb":{"@id":"https:\/\/forummontau.com\/girona\/tractament-cannabis\/#breadcrumb"},"inLanguage":"es","potentialAction":[{"@type":"ReadAction","target":["https:\/\/forummontau.com\/girona\/tractament-cannabis\/"]}]},{"@type":"ImageObject","inLanguage":"es","@id":"https:\/\/forummontau.com\/girona\/tractament-cannabis\/#primaryimage","url":"https:\/\/forummontau.com\/girona\/wp-content\/uploads\/sites\/6\/2020\/01\/adiccioncannabis.jpg","contentUrl":"https:\/\/forummontau.com\/girona\/wp-content\/uploads\/sites\/6\/2020\/01\/adiccioncannabis.jpg","width":624,"height":385},{"@type":"BreadcrumbList","@id":"https:\/\/forummontau.com\/girona\/tractament-cannabis\/#breadcrumb","itemListElement":[{"@type":"ListItem","position":1,"name":"Portada","item":"https:\/\/forummontau.com\/girona\/centre-desintoxicacio-i-addiccions-girona\/"},{"@type":"ListItem","position":2,"name":"Tractament c\u00e0nnabis"}]},{"@type":"WebSite","@id":"https:\/\/forummontau.com\/girona\/#website","url":"https:\/\/forummontau.com\/girona\/","name":"Forum Salud Mental Girona","description":"Centro de Desintoxicaci\u00f3n y Adicciones en Girona","publisher":{"@id":"https:\/\/forummontau.com\/girona\/#organization"},"potentialAction":[{"@type":"SearchAction","target":{"@type":"EntryPoint","urlTemplate":"https:\/\/forummontau.com\/girona\/?s={search_term_string}"},"query-input":{"@type":"PropertyValueSpecification","valueRequired":true,"valueName":"search_term_string"}}],"inLanguage":"es"},{"@type":"Organization","@id":"https:\/\/forummontau.com\/girona\/#organization","name":"Forum Salud Mental Girona","url":"https:\/\/forummontau.com\/girona\/","logo":{"@type":"ImageObject","inLanguage":"es","@id":"https:\/\/forummontau.com\/girona\/#\/schema\/logo\/image\/","url":"https:\/\/forummontau.com\/girona\/wp-content\/uploads\/sites\/6\/2020\/02\/girona_forum.png","contentUrl":"https:\/\/forummontau.com\/girona\/wp-content\/uploads\/sites\/6\/2020\/02\/girona_forum.png","width":215,"height":119,"caption":"Forum Salud Mental Girona"},"image":{"@id":"https:\/\/forummontau.com\/girona\/#\/schema\/logo\/image\/"}},{"@type":"Person","@id":"https:\/\/forummontau.com\/girona\/#\/schema\/person\/dd79fa1c0ba733edd439998f9d7f5e25","name":"Forum Salud Mental Madrid"}]}},"_links":{"self":[{"href":"https:\/\/forummontau.com\/girona\/wp-json\/wp\/v2\/posts\/1830","targetHints":{"allow":["GET"]}}],"collection":[{"href":"https:\/\/forummontau.com\/girona\/wp-json\/wp\/v2\/posts"}],"about":[{"href":"https:\/\/forummontau.com\/girona\/wp-json\/wp\/v2\/types\/post"}],"author":[{"embeddable":true,"href":"https:\/\/forummontau.com\/girona\/wp-json\/wp\/v2\/users\/2"}],"replies":[{"embeddable":true,"href":"https:\/\/forummontau.com\/girona\/wp-json\/wp\/v2\/comments?post=1830"}],"version-history":[{"count":0,"href":"https:\/\/forummontau.com\/girona\/wp-json\/wp\/v2\/posts\/1830\/revisions"}],"wp:featuredmedia":[{"embeddable":true,"href":"https:\/\/forummontau.com\/girona\/wp-json\/wp\/v2\/media\/1828"}],"wp:attachment":[{"href":"https:\/\/forummontau.com\/girona\/wp-json\/wp\/v2\/media?parent=1830"}],"wp:term":[{"taxonomy":"category","embeddable":true,"href":"https:\/\/forummontau.com\/girona\/wp-json\/wp\/v2\/categories?post=1830"},{"taxonomy":"post_tag","embeddable":true,"href":"https:\/\/forummontau.com\/girona\/wp-json\/wp\/v2\/tags?post=1830"}],"curies":[{"name":"wp","href":"https:\/\/api.w.org\/{rel}","templated":true}]}}