{"id":2119,"date":"2020-05-11T07:12:33","date_gmt":"2020-05-11T07:12:33","guid":{"rendered":"http:\/\/forumgirona.cat\/?p=2119"},"modified":"2021-02-11T15:53:03","modified_gmt":"2021-02-11T15:53:03","slug":"existe-deterioro-cognitivo-asociado-al-consumo-de-drogas","status":"publish","type":"post","link":"https:\/\/forummontau.com\/girona\/existe-deterioro-cognitivo-asociado-al-consumo-de-drogas\/","title":{"rendered":"\u00bfExiste deterioro cognitivo asociado al consumo de drogas?"},"content":{"rendered":"\n<p>La respuesta es clara y contundente: s\u00ed. El consumo de drogas afecta de una manera u otra, tarde o temprano, al funcionamiento del cerebro y lo hace de manera negativa.<\/p>\n\n\n\n<p>Los datos se\u00f1alan que cada a\u00f1o m\u00e1s de 20.000 personas mueren prematuramente como consecuencia del consumo excesivo de alcohol. Pero, \u00bfqu\u00e9 pasa con el resto de drogas?<\/p>\n\n\n\n<p>Cada a\u00f1o ingresan en los hospitales espa\u00f1oles m\u00e1s de 4.000 personas por psicosis producidas por todo tipo de drogas y la tendencia va en aumento.<\/p>\n\n\n\n<p>Existe un buen n\u00famero de investigaciones que apoyan la idea de un deterioro profundo asociado al consumo frecuente de drogas. Adem\u00e1s, hay un punto a partir del cual el impacto de este consumo parece muy dif\u00edcil de revertir, por mucho que se interrumpa de manera indefinida dicho consumo.<\/p>\n\n\n\n<h3 class=\"wp-block-heading\">\u00bfPor qu\u00e9 se consumen drogas?<\/h3>\n\n\n\n<p>No es f\u00e1cil responder, de hecho ser\u00eda imposible aglutinar todos los casos en una \u00fanica causa. Es verdad que hoy existe una aut\u00e9ntica preocupaci\u00f3n social sobre la que impera un gran desconocimiento, tambi\u00e9n social.<\/p>\n\n\n\n<p>El consumo frecuente e intenso de drogas produce un impacto sobre el organismo para el que no est\u00e1 preparado. Por otro lado, no podemos aislar estas sustancias de uso recreativo de la sociedad que ha posibilitado la explosi\u00f3n de su consumo. En muchis casos, el entorno social no solo aparece como facilitador, sino tambi\u00e9n como motivador, normalizando o desvirtuando los efectos negativos del consumo o intensificando los problemas de los que la persona se quiere evadir.<\/p>\n\n\n\n<p>\u00bfC\u00f3mo se produce el deterioro cognitivo asociado al consumo de drogas?<\/p>\n\n\n\n<p>El consumo abusivo de drogas puede generar alteraciones morfol\u00f3gicas en la estructura del cerebro. Estas alteraciones morfol\u00f3gicas tienen los siguientes efectos:<\/p>\n\n\n\n<p>\u2022&nbsp; P\u00e9rdida de volumen cerebral.<\/p>\n\n\n\n<p>\u2022&nbsp;&nbsp;Reducciones del porcentaje de materia gris.<\/p>\n\n\n\n<p>\u2022&nbsp; Reducciones del volumen del fluido cerebroespinal ventricular.<\/p>\n\n\n\n<p>\u2022  Ensanchamientos del espacio pericortical y de ambos ventr\u00edculos laterales.<\/p>\n\n\n\n<p>\u2022&nbsp; Disminuci\u00f3n del tama\u00f1o de las neuronas.<\/p>\n\n\n\n<p>\u2022&nbsp;&nbsp;Muerte neuronal.<\/p>\n\n\n\n<p>\u2022&nbsp;&nbsp;Atrofia cerebral.<\/p>\n\n\n\n<p>Tambi\u00e9n se pueden producir efectos nocivos a trav\u00e9s de la reorganizaci\u00f3n metab\u00f3lica de los circuitos de conectividad sin\u00e1ptica. Esta reorganizaci\u00f3n metab\u00f3lica se produce como consecuencia de los procesos de tolerancia, abstinencia y deshabituaci\u00f3n.<\/p>\n\n\n\n<p>Estos procesos, comunes en todas las adicciones, provocan adaptaciones bioqu\u00edmicas en los sistemas de proyecci\u00f3n de la dopamina, serotonina y noradrenalina. Estos neurotransmisores interaccionan con los receptores del glutamato, pudiendo bloquear los mecanismos de potenciaci\u00f3n y depresi\u00f3n a largo plazo en el hipocampo y n\u00facleo accumbens.<\/p>\n\n\n\n<p>Por \u00faltimo, pueden provocar alteraciones en la vascularizaci\u00f3n cerebral, vasoconstricci\u00f3n, hemorragia cerebral parenquimal y subaracnoidea e infarto cerebral isqu\u00e9mico. Parece, pues, que no son pocas las consecuencias negativas del abuso de sustancias \u00bfverdad?<\/p>\n\n\n\n<h3 class=\"wp-block-heading\">\u00bfQu\u00e9 dicen los estudios sobre el deterioro cognitivo asociado al consumo de drogas?<\/h3>\n\n\n\n<p>El deterioro cognitivo asociado al consumo de drogas es una realidad. Pero, \u00bfc\u00f3mo afecta el consumo de drogas al rendimiento cognitivo?<\/p>\n\n\n\n<p>En lo que se refiere a la memoria, las personas que consumen m\u00e1s consumo alcohol y de cannabis, y menos con la coca\u00edna, presentan un mayor d\u00e9ficit en la memoria de trabajo respecto a la memoria inmediata. A mayor duraci\u00f3n del consumo, mayor impacto sobre la memoria de trabajo.<\/p>\n\n\n\n<p>En cuanto a las funciones ejecutivas, los pacientes con una mayor duraci\u00f3n de consumo de cannabis y alcohol presentan una peor capacidad a la interferencia. Esto significa que muestran una menor inhibici\u00f3n a las respuestas autom\u00e1ticas.<\/p>\n\n\n\n<p>Tambi\u00e9n se observa que poseen una atenci\u00f3n alterante disminuida, necesitando m\u00e1s tiempo para realizar actividades que requieren un pensamiento l\u00f3gico y secuencial. Sin embargo, muestran m\u00e1s conservada la fluidez verbal en el \u00e1mbito fonol\u00f3gico respecto al resto de tipos de consumo.<\/p>\n\n\n\n<p>Como vemos, el consumo de drogas desencadena cambios neuropsicol\u00f3gicos y neuroanat\u00f3micos. Estos cambios a su vez producen una neuroadaptaci\u00f3n funcional en las funciones cognitivas, motivacionales, conductuales y emocionales que influyen en el funcionamiento psicosocial diario y en la calidad de vida de las personas dependientes de sustancias.<\/p>\n","protected":false},"excerpt":{"rendered":"<p>La respuesta es clara y contundente: s\u00ed. El consumo de drogas afecta de una manera u otra, tarde o temprano, al funcionamiento del cerebro y lo hace de manera negativa. Los datos se\u00f1alan que cada a\u00f1o m\u00e1s de 20.000 personas mueren prematuramente como consecuencia del consumo excesivo de alcohol. Pero, \u00bfqu\u00e9 pasa con el resto [&hellip;]<\/p>\n","protected":false},"author":2,"featured_media":2120,"comment_status":"closed","ping_status":"closed","sticky":false,"template":"","format":"standard","meta":{"ocean_post_layout":"","ocean_both_sidebars_style":"","ocean_both_sidebars_content_width":0,"ocean_both_sidebars_sidebars_width":0,"ocean_sidebar":"0","ocean_second_sidebar":"0","ocean_disable_margins":"enable","ocean_add_body_class":"","ocean_shortcode_before_top_bar":"","ocean_shortcode_after_top_bar":"","ocean_shortcode_before_header":"","ocean_shortcode_after_header":"","ocean_has_shortcode":"","ocean_shortcode_after_title":"","ocean_shortcode_before_footer_widgets":"","ocean_shortcode_after_footer_widgets":"","ocean_shortcode_before_footer_bottom":"","ocean_shortcode_after_footer_bottom":"","ocean_display_top_bar":"default","ocean_display_header":"default","ocean_header_style":"","ocean_center_header_left_menu":"0","ocean_custom_header_template":"0","ocean_custom_logo":0,"ocean_custom_retina_logo":0,"ocean_custom_logo_max_width":0,"ocean_custom_logo_tablet_max_width":0,"ocean_custom_logo_mobile_max_width":0,"ocean_custom_logo_max_height":0,"ocean_custom_logo_tablet_max_height":0,"ocean_custom_logo_mobile_max_height":0,"ocean_header_custom_menu":"0","ocean_menu_typo_font_family":"0","ocean_menu_typo_font_subset":"","ocean_menu_typo_font_size":0,"ocean_menu_typo_font_size_tablet":0,"ocean_menu_typo_font_size_mobile":0,"ocean_menu_typo_font_size_unit":"px","ocean_menu_typo_font_weight":"","ocean_menu_typo_font_weight_tablet":"","ocean_menu_typo_font_weight_mobile":"","ocean_menu_typo_transform":"","ocean_menu_typo_transform_tablet":"","ocean_menu_typo_transform_mobile":"","ocean_menu_typo_line_height":0,"ocean_menu_typo_line_height_tablet":0,"ocean_menu_typo_line_height_mobile":0,"ocean_menu_typo_line_height_unit":"","ocean_menu_typo_spacing":0,"ocean_menu_typo_spacing_tablet":0,"ocean_menu_typo_spacing_mobile":0,"ocean_menu_typo_spacing_unit":"","ocean_menu_link_color":"","ocean_menu_link_color_hover":"","ocean_menu_link_color_active":"","ocean_menu_link_background":"","ocean_menu_link_hover_background":"","ocean_menu_link_active_background":"","ocean_menu_social_links_bg":"","ocean_menu_social_hover_links_bg":"","ocean_menu_social_links_color":"","ocean_menu_social_hover_links_color":"","ocean_disable_title":"default","ocean_disable_heading":"default","ocean_post_title":"","ocean_post_subheading":"","ocean_post_title_style":"","ocean_post_title_background_color":"","ocean_post_title_background":0,"ocean_post_title_bg_image_position":"","ocean_post_title_bg_image_attachment":"","ocean_post_title_bg_image_repeat":"","ocean_post_title_bg_image_size":"","ocean_post_title_height":0,"ocean_post_title_bg_overlay":0.5,"ocean_post_title_bg_overlay_color":"","ocean_disable_breadcrumbs":"default","ocean_breadcrumbs_color":"","ocean_breadcrumbs_separator_color":"","ocean_breadcrumbs_links_color":"","ocean_breadcrumbs_links_hover_color":"","ocean_display_footer_widgets":"default","ocean_display_footer_bottom":"default","ocean_custom_footer_template":"0","ocean_post_oembed":"","ocean_post_self_hosted_media":"","ocean_post_video_embed":"","ocean_link_format":"","ocean_link_format_target":"self","ocean_quote_format":"","ocean_quote_format_link":"post","ocean_gallery_link_images":"off","ocean_gallery_id":[],"footnotes":""},"categories":[45,70,214,210,37,35,147],"tags":[206,124],"class_list":["post-2119","post","type-post","status-publish","format-standard","has-post-thumbnail","hentry","category-alcohol","category-anfetaminas","category-benzodiacepinas","category-cannabis-2","category-cocaina","category-drogas","category-memoria","tag-centro-adicciones-girona","tag-forum-girona","entry","has-media"],"yoast_head":"<!-- This site is optimized with the Yoast SEO plugin v27.5 - https:\/\/yoast.com\/product\/yoast-seo-wordpress\/ -->\n<title>\u00bfExiste deterioro cognitivo asociado al consumo de drogas? - Forum Salud Mental Girona<\/title>\n<meta name=\"description\" content=\"El consumo de drogas afecta de una manera u otra, tarde o temprano, al funcionamiento del cerebro y lo hace de manera negativa.\" \/>\n<meta name=\"robots\" content=\"index, follow, max-snippet:-1, max-image-preview:large, max-video-preview:-1\" \/>\n<link rel=\"canonical\" href=\"https:\/\/forummontau.com\/girona\/existe-deterioro-cognitivo-asociado-al-consumo-de-drogas\/\" \/>\n<meta property=\"og:locale\" content=\"es_ES\" \/>\n<meta property=\"og:type\" content=\"article\" \/>\n<meta property=\"og:title\" content=\"\u00bfExiste deterioro cognitivo asociado al consumo de drogas? - Forum Salud Mental Girona\" \/>\n<meta property=\"og:description\" content=\"El consumo de drogas afecta de una manera u otra, tarde o temprano, al funcionamiento del cerebro y lo hace de manera negativa.\" \/>\n<meta property=\"og:url\" content=\"https:\/\/forummontau.com\/girona\/existe-deterioro-cognitivo-asociado-al-consumo-de-drogas\/\" \/>\n<meta property=\"og:site_name\" content=\"Forum Salud Mental Girona\" \/>\n<meta property=\"article:published_time\" content=\"2020-05-11T07:12:33+00:00\" \/>\n<meta property=\"article:modified_time\" content=\"2021-02-11T15:53:03+00:00\" \/>\n<meta property=\"og:image\" content=\"https:\/\/forummontau.com\/girona\/wp-content\/uploads\/sites\/6\/2020\/05\/cerebroadicto.jpg\" \/>\n\t<meta property=\"og:image:width\" content=\"512\" \/>\n\t<meta property=\"og:image:height\" content=\"320\" \/>\n\t<meta property=\"og:image:type\" content=\"image\/jpeg\" \/>\n<meta name=\"author\" content=\"Forum Salud Mental Madrid\" \/>\n<meta name=\"twitter:card\" content=\"summary_large_image\" \/>\n<meta name=\"twitter:label1\" content=\"Escrito por\" \/>\n\t<meta name=\"twitter:data1\" content=\"Forum Salud Mental Madrid\" \/>\n\t<meta name=\"twitter:label2\" content=\"Tiempo de lectura\" \/>\n\t<meta name=\"twitter:data2\" content=\"3 minutos\" \/>\n<script type=\"application\/ld+json\" class=\"yoast-schema-graph\">{\"@context\":\"https:\\\/\\\/schema.org\",\"@graph\":[{\"@type\":\"Article\",\"@id\":\"https:\\\/\\\/forummontau.com\\\/girona\\\/existe-deterioro-cognitivo-asociado-al-consumo-de-drogas\\\/#article\",\"isPartOf\":{\"@id\":\"https:\\\/\\\/forummontau.com\\\/girona\\\/existe-deterioro-cognitivo-asociado-al-consumo-de-drogas\\\/\"},\"author\":{\"name\":\"Forum Salud Mental Madrid\",\"@id\":\"https:\\\/\\\/forummontau.com\\\/girona\\\/#\\\/schema\\\/person\\\/dd79fa1c0ba733edd439998f9d7f5e25\"},\"headline\":\"\u00bfExiste deterioro cognitivo asociado al consumo de drogas?\",\"datePublished\":\"2020-05-11T07:12:33+00:00\",\"dateModified\":\"2021-02-11T15:53:03+00:00\",\"mainEntityOfPage\":{\"@id\":\"https:\\\/\\\/forummontau.com\\\/girona\\\/existe-deterioro-cognitivo-asociado-al-consumo-de-drogas\\\/\"},\"wordCount\":703,\"publisher\":{\"@id\":\"https:\\\/\\\/forummontau.com\\\/girona\\\/#organization\"},\"image\":{\"@id\":\"https:\\\/\\\/forummontau.com\\\/girona\\\/existe-deterioro-cognitivo-asociado-al-consumo-de-drogas\\\/#primaryimage\"},\"thumbnailUrl\":\"https:\\\/\\\/forummontau.com\\\/girona\\\/wp-content\\\/uploads\\\/sites\\\/6\\\/2020\\\/05\\\/cerebroadicto.jpg\",\"keywords\":[\"Centro Adicciones Girona\",\"Forum Girona\"],\"articleSection\":[\"Alcohol\",\"anfetaminas\",\"Benzodiacepinas\",\"cannabis\",\"Coca\u00edna\",\"Drogas\",\"Memoria\"],\"inLanguage\":\"es\"},{\"@type\":\"WebPage\",\"@id\":\"https:\\\/\\\/forummontau.com\\\/girona\\\/existe-deterioro-cognitivo-asociado-al-consumo-de-drogas\\\/\",\"url\":\"https:\\\/\\\/forummontau.com\\\/girona\\\/existe-deterioro-cognitivo-asociado-al-consumo-de-drogas\\\/\",\"name\":\"\u00bfExiste deterioro cognitivo asociado al consumo de drogas? - Forum Salud Mental Girona\",\"isPartOf\":{\"@id\":\"https:\\\/\\\/forummontau.com\\\/girona\\\/#website\"},\"primaryImageOfPage\":{\"@id\":\"https:\\\/\\\/forummontau.com\\\/girona\\\/existe-deterioro-cognitivo-asociado-al-consumo-de-drogas\\\/#primaryimage\"},\"image\":{\"@id\":\"https:\\\/\\\/forummontau.com\\\/girona\\\/existe-deterioro-cognitivo-asociado-al-consumo-de-drogas\\\/#primaryimage\"},\"thumbnailUrl\":\"https:\\\/\\\/forummontau.com\\\/girona\\\/wp-content\\\/uploads\\\/sites\\\/6\\\/2020\\\/05\\\/cerebroadicto.jpg\",\"datePublished\":\"2020-05-11T07:12:33+00:00\",\"dateModified\":\"2021-02-11T15:53:03+00:00\",\"description\":\"El consumo de drogas afecta de una manera u otra, tarde o temprano, al funcionamiento del cerebro y lo hace de manera negativa.\",\"breadcrumb\":{\"@id\":\"https:\\\/\\\/forummontau.com\\\/girona\\\/existe-deterioro-cognitivo-asociado-al-consumo-de-drogas\\\/#breadcrumb\"},\"inLanguage\":\"es\",\"potentialAction\":[{\"@type\":\"ReadAction\",\"target\":[\"https:\\\/\\\/forummontau.com\\\/girona\\\/existe-deterioro-cognitivo-asociado-al-consumo-de-drogas\\\/\"]}]},{\"@type\":\"ImageObject\",\"inLanguage\":\"es\",\"@id\":\"https:\\\/\\\/forummontau.com\\\/girona\\\/existe-deterioro-cognitivo-asociado-al-consumo-de-drogas\\\/#primaryimage\",\"url\":\"https:\\\/\\\/forummontau.com\\\/girona\\\/wp-content\\\/uploads\\\/sites\\\/6\\\/2020\\\/05\\\/cerebroadicto.jpg\",\"contentUrl\":\"https:\\\/\\\/forummontau.com\\\/girona\\\/wp-content\\\/uploads\\\/sites\\\/6\\\/2020\\\/05\\\/cerebroadicto.jpg\",\"width\":512,\"height\":320},{\"@type\":\"BreadcrumbList\",\"@id\":\"https:\\\/\\\/forummontau.com\\\/girona\\\/existe-deterioro-cognitivo-asociado-al-consumo-de-drogas\\\/#breadcrumb\",\"itemListElement\":[{\"@type\":\"ListItem\",\"position\":1,\"name\":\"Portada\",\"item\":\"https:\\\/\\\/forummontau.com\\\/girona\\\/centre-desintoxicacio-i-addiccions-girona\\\/\"},{\"@type\":\"ListItem\",\"position\":2,\"name\":\"\u00bfExiste deterioro cognitivo asociado al consumo de drogas?\"}]},{\"@type\":\"WebSite\",\"@id\":\"https:\\\/\\\/forummontau.com\\\/girona\\\/#website\",\"url\":\"https:\\\/\\\/forummontau.com\\\/girona\\\/\",\"name\":\"Forum Salud Mental Girona\",\"description\":\"Centro de Desintoxicaci\u00f3n y Adicciones en Girona\",\"publisher\":{\"@id\":\"https:\\\/\\\/forummontau.com\\\/girona\\\/#organization\"},\"potentialAction\":[{\"@type\":\"SearchAction\",\"target\":{\"@type\":\"EntryPoint\",\"urlTemplate\":\"https:\\\/\\\/forummontau.com\\\/girona\\\/?s={search_term_string}\"},\"query-input\":{\"@type\":\"PropertyValueSpecification\",\"valueRequired\":true,\"valueName\":\"search_term_string\"}}],\"inLanguage\":\"es\"},{\"@type\":\"Organization\",\"@id\":\"https:\\\/\\\/forummontau.com\\\/girona\\\/#organization\",\"name\":\"Forum Salud Mental Girona\",\"url\":\"https:\\\/\\\/forummontau.com\\\/girona\\\/\",\"logo\":{\"@type\":\"ImageObject\",\"inLanguage\":\"es\",\"@id\":\"https:\\\/\\\/forummontau.com\\\/girona\\\/#\\\/schema\\\/logo\\\/image\\\/\",\"url\":\"https:\\\/\\\/forummontau.com\\\/girona\\\/wp-content\\\/uploads\\\/sites\\\/6\\\/2020\\\/02\\\/girona_forum.png\",\"contentUrl\":\"https:\\\/\\\/forummontau.com\\\/girona\\\/wp-content\\\/uploads\\\/sites\\\/6\\\/2020\\\/02\\\/girona_forum.png\",\"width\":215,\"height\":119,\"caption\":\"Forum Salud Mental Girona\"},\"image\":{\"@id\":\"https:\\\/\\\/forummontau.com\\\/girona\\\/#\\\/schema\\\/logo\\\/image\\\/\"}},{\"@type\":\"Person\",\"@id\":\"https:\\\/\\\/forummontau.com\\\/girona\\\/#\\\/schema\\\/person\\\/dd79fa1c0ba733edd439998f9d7f5e25\",\"name\":\"Forum Salud Mental Madrid\"}]}<\/script>\n<!-- \/ Yoast SEO plugin. -->","yoast_head_json":{"title":"\u00bfExiste deterioro cognitivo asociado al consumo de drogas? - Forum Salud Mental Girona","description":"El consumo de drogas afecta de una manera u otra, tarde o temprano, al funcionamiento del cerebro y lo hace de manera negativa.","robots":{"index":"index","follow":"follow","max-snippet":"max-snippet:-1","max-image-preview":"max-image-preview:large","max-video-preview":"max-video-preview:-1"},"canonical":"https:\/\/forummontau.com\/girona\/existe-deterioro-cognitivo-asociado-al-consumo-de-drogas\/","og_locale":"es_ES","og_type":"article","og_title":"\u00bfExiste deterioro cognitivo asociado al consumo de drogas? - Forum Salud Mental Girona","og_description":"El consumo de drogas afecta de una manera u otra, tarde o temprano, al funcionamiento del cerebro y lo hace de manera negativa.","og_url":"https:\/\/forummontau.com\/girona\/existe-deterioro-cognitivo-asociado-al-consumo-de-drogas\/","og_site_name":"Forum Salud Mental Girona","article_published_time":"2020-05-11T07:12:33+00:00","article_modified_time":"2021-02-11T15:53:03+00:00","og_image":[{"width":512,"height":320,"url":"https:\/\/forummontau.com\/girona\/wp-content\/uploads\/sites\/6\/2020\/05\/cerebroadicto.jpg","type":"image\/jpeg"}],"author":"Forum Salud Mental Madrid","twitter_card":"summary_large_image","twitter_misc":{"Escrito por":"Forum Salud Mental Madrid","Tiempo de lectura":"3 minutos"},"schema":{"@context":"https:\/\/schema.org","@graph":[{"@type":"Article","@id":"https:\/\/forummontau.com\/girona\/existe-deterioro-cognitivo-asociado-al-consumo-de-drogas\/#article","isPartOf":{"@id":"https:\/\/forummontau.com\/girona\/existe-deterioro-cognitivo-asociado-al-consumo-de-drogas\/"},"author":{"name":"Forum Salud Mental Madrid","@id":"https:\/\/forummontau.com\/girona\/#\/schema\/person\/dd79fa1c0ba733edd439998f9d7f5e25"},"headline":"\u00bfExiste deterioro cognitivo asociado al consumo de drogas?","datePublished":"2020-05-11T07:12:33+00:00","dateModified":"2021-02-11T15:53:03+00:00","mainEntityOfPage":{"@id":"https:\/\/forummontau.com\/girona\/existe-deterioro-cognitivo-asociado-al-consumo-de-drogas\/"},"wordCount":703,"publisher":{"@id":"https:\/\/forummontau.com\/girona\/#organization"},"image":{"@id":"https:\/\/forummontau.com\/girona\/existe-deterioro-cognitivo-asociado-al-consumo-de-drogas\/#primaryimage"},"thumbnailUrl":"https:\/\/forummontau.com\/girona\/wp-content\/uploads\/sites\/6\/2020\/05\/cerebroadicto.jpg","keywords":["Centro Adicciones Girona","Forum Girona"],"articleSection":["Alcohol","anfetaminas","Benzodiacepinas","cannabis","Coca\u00edna","Drogas","Memoria"],"inLanguage":"es"},{"@type":"WebPage","@id":"https:\/\/forummontau.com\/girona\/existe-deterioro-cognitivo-asociado-al-consumo-de-drogas\/","url":"https:\/\/forummontau.com\/girona\/existe-deterioro-cognitivo-asociado-al-consumo-de-drogas\/","name":"\u00bfExiste deterioro cognitivo asociado al consumo de drogas? - Forum Salud Mental Girona","isPartOf":{"@id":"https:\/\/forummontau.com\/girona\/#website"},"primaryImageOfPage":{"@id":"https:\/\/forummontau.com\/girona\/existe-deterioro-cognitivo-asociado-al-consumo-de-drogas\/#primaryimage"},"image":{"@id":"https:\/\/forummontau.com\/girona\/existe-deterioro-cognitivo-asociado-al-consumo-de-drogas\/#primaryimage"},"thumbnailUrl":"https:\/\/forummontau.com\/girona\/wp-content\/uploads\/sites\/6\/2020\/05\/cerebroadicto.jpg","datePublished":"2020-05-11T07:12:33+00:00","dateModified":"2021-02-11T15:53:03+00:00","description":"El consumo de drogas afecta de una manera u otra, tarde o temprano, al funcionamiento del cerebro y lo hace de manera negativa.","breadcrumb":{"@id":"https:\/\/forummontau.com\/girona\/existe-deterioro-cognitivo-asociado-al-consumo-de-drogas\/#breadcrumb"},"inLanguage":"es","potentialAction":[{"@type":"ReadAction","target":["https:\/\/forummontau.com\/girona\/existe-deterioro-cognitivo-asociado-al-consumo-de-drogas\/"]}]},{"@type":"ImageObject","inLanguage":"es","@id":"https:\/\/forummontau.com\/girona\/existe-deterioro-cognitivo-asociado-al-consumo-de-drogas\/#primaryimage","url":"https:\/\/forummontau.com\/girona\/wp-content\/uploads\/sites\/6\/2020\/05\/cerebroadicto.jpg","contentUrl":"https:\/\/forummontau.com\/girona\/wp-content\/uploads\/sites\/6\/2020\/05\/cerebroadicto.jpg","width":512,"height":320},{"@type":"BreadcrumbList","@id":"https:\/\/forummontau.com\/girona\/existe-deterioro-cognitivo-asociado-al-consumo-de-drogas\/#breadcrumb","itemListElement":[{"@type":"ListItem","position":1,"name":"Portada","item":"https:\/\/forummontau.com\/girona\/centre-desintoxicacio-i-addiccions-girona\/"},{"@type":"ListItem","position":2,"name":"\u00bfExiste deterioro cognitivo asociado al consumo de drogas?"}]},{"@type":"WebSite","@id":"https:\/\/forummontau.com\/girona\/#website","url":"https:\/\/forummontau.com\/girona\/","name":"Forum Salud Mental Girona","description":"Centro de Desintoxicaci\u00f3n y Adicciones en Girona","publisher":{"@id":"https:\/\/forummontau.com\/girona\/#organization"},"potentialAction":[{"@type":"SearchAction","target":{"@type":"EntryPoint","urlTemplate":"https:\/\/forummontau.com\/girona\/?s={search_term_string}"},"query-input":{"@type":"PropertyValueSpecification","valueRequired":true,"valueName":"search_term_string"}}],"inLanguage":"es"},{"@type":"Organization","@id":"https:\/\/forummontau.com\/girona\/#organization","name":"Forum Salud Mental Girona","url":"https:\/\/forummontau.com\/girona\/","logo":{"@type":"ImageObject","inLanguage":"es","@id":"https:\/\/forummontau.com\/girona\/#\/schema\/logo\/image\/","url":"https:\/\/forummontau.com\/girona\/wp-content\/uploads\/sites\/6\/2020\/02\/girona_forum.png","contentUrl":"https:\/\/forummontau.com\/girona\/wp-content\/uploads\/sites\/6\/2020\/02\/girona_forum.png","width":215,"height":119,"caption":"Forum Salud Mental Girona"},"image":{"@id":"https:\/\/forummontau.com\/girona\/#\/schema\/logo\/image\/"}},{"@type":"Person","@id":"https:\/\/forummontau.com\/girona\/#\/schema\/person\/dd79fa1c0ba733edd439998f9d7f5e25","name":"Forum Salud Mental Madrid"}]}},"_links":{"self":[{"href":"https:\/\/forummontau.com\/girona\/wp-json\/wp\/v2\/posts\/2119","targetHints":{"allow":["GET"]}}],"collection":[{"href":"https:\/\/forummontau.com\/girona\/wp-json\/wp\/v2\/posts"}],"about":[{"href":"https:\/\/forummontau.com\/girona\/wp-json\/wp\/v2\/types\/post"}],"author":[{"embeddable":true,"href":"https:\/\/forummontau.com\/girona\/wp-json\/wp\/v2\/users\/2"}],"replies":[{"embeddable":true,"href":"https:\/\/forummontau.com\/girona\/wp-json\/wp\/v2\/comments?post=2119"}],"version-history":[{"count":2,"href":"https:\/\/forummontau.com\/girona\/wp-json\/wp\/v2\/posts\/2119\/revisions"}],"predecessor-version":[{"id":2321,"href":"https:\/\/forummontau.com\/girona\/wp-json\/wp\/v2\/posts\/2119\/revisions\/2321"}],"wp:featuredmedia":[{"embeddable":true,"href":"https:\/\/forummontau.com\/girona\/wp-json\/wp\/v2\/media\/2120"}],"wp:attachment":[{"href":"https:\/\/forummontau.com\/girona\/wp-json\/wp\/v2\/media?parent=2119"}],"wp:term":[{"taxonomy":"category","embeddable":true,"href":"https:\/\/forummontau.com\/girona\/wp-json\/wp\/v2\/categories?post=2119"},{"taxonomy":"post_tag","embeddable":true,"href":"https:\/\/forummontau.com\/girona\/wp-json\/wp\/v2\/tags?post=2119"}],"curies":[{"name":"wp","href":"https:\/\/api.w.org\/{rel}","templated":true}]}}