{"id":2169,"date":"2020-09-01T08:21:25","date_gmt":"2020-09-01T08:21:25","guid":{"rendered":"http:\/\/forumgirona.cat\/?p=2169"},"modified":"2020-09-01T08:21:27","modified_gmt":"2020-09-01T08:21:27","slug":"com-actua-el-cannabis-al-cervell","status":"publish","type":"post","link":"https:\/\/forummontau.com\/girona\/com-actua-el-cannabis-al-cervell\/","title":{"rendered":"Com actua el c\u00e0nnabis al cervell?"},"content":{"rendered":"\n<p>Pocs minuts despr\u00e9s d&#8217;haver fumat <strong>el ritme card\u00edac s&#8217;accelera, els vasos sanguinis es dilaten, els ulls es enrogeixen, la pressi\u00f3 arterial s&#8217;incrementa<\/strong>&#8230; El seu consum comporta canvis en l&#8217;organisme tant a nivell f\u00edsic, sin\u00f3 tamb\u00e9 mental.<\/p>\n\n\n\n<h2 class=\"wp-block-heading\">Qu\u00e8 \u00e9s el c\u00e0nnabis?<\/h2>\n\n\n\n<p><strong>La marihuana o c\u00e0nnabis \u00e9s una barreja verd o gris de flors i fulles seques esquerdades de la planta del c\u00e0nem.<\/strong> Existeixen m\u00e9s de dos-cents termes per designar-la. Entre ells podem trobar maria, herba, mota, etc.<br>Es tracta d&#8217;una esp\u00e8cie de les mor\u00e1ceas i t\u00e9 l&#8217;aparen\u00e7a d&#8217;una ortiga prima. Les propietats de l&#8217;c\u00e0nnabis han fet que sigui una planta amb molts usos i de gran tradici\u00f3. <strong>S&#8217;utilitza amb finalitats recreatives (drogues), medicinals i industrials (com a mat\u00e8ria primera).<\/strong><\/p>\n\n\n\n<h2 class=\"wp-block-heading\">Tetrahidrocannabinol: el principal compost psicoactiu del c\u00e0nnabis<\/h2>\n\n\n\n<p>El THC \u00e9s el principal compost psicoactiu de el c\u00e0nnabis i un dels m\u00e9s de 80 cannabinoides diferents que cont\u00e9 aquesta planta.<br><strong>Quan es consumeix marihuana, fumada, vapeada o ingerida, els cannabinoides interactuen amb diversos receptors de el cervell i el cos <\/strong><br>(que formen part de sistema endocannabinoide). D&#8217;aquesta manera, el consum genera diferents s\u00edmptomes o signes en els consumidors. Les membranes d&#8217;algunes c\u00e8l\u00b7lules nervioses contenen receptors de prote\u00efna que retenen el THC. A l&#8217;interactuar amb aquests receptors, <strong>el THC produeix una gran varietat d&#8217;efectes sobre el cos<\/strong>, com sentiments d&#8217;euf\u00f2ria, relaxaci\u00f3, alegria, i molt m\u00e9s.<\/p>\n\n\n\n<h2 class=\"wp-block-heading\">Principals efectes del c\u00e0nnabis<\/h2>\n\n\n\n<p>Els efectes de la marihuana al cervell impliquen un canvi general en la percepci\u00f3, euf\u00f2ria i un millor estat d&#8217;\u00e0nim. Aix\u00ed mateix, el seu consum fa que augmenti la gana i produeix la sensaci\u00f3 d&#8217;estar \u00abcol\u00b7locat\u00bb. <\/p>\n\n\n\n<p><strong>Els efectes secundaris immediats inclouen la p\u00e8rdua de mem\u00f2ria a curt termini, sequedat de boca, enrogiment dels ulls, reducci\u00f3 de la capacitat motora i sentiments d&#8217;ansietat.<br>A llarg termini, la marihuana pot disminuir la capacitat mental i provocar addicci\u00f3.<\/strong><\/p>\n\n\n\n<p>Efectes segons la Organitzaci\u00f3 Mundial de la Salut (OMS)<\/p>\n\n\n\n<p>Els efectes subjectius comencen a minut despr\u00e9s d&#8217;iniciar la inhalaci\u00f3. <strong>Els seus efectes m\u00e0xims s&#8217;aconsegueixen als trenta minuts d&#8217;haver fumat<\/strong>. La durada d&#8217;aquests efectes pot calcular-se en quatre hores per la inhalaci\u00f3 i en vuit en el cas d&#8217;ingesti\u00f3 oral. L&#8217;efecte que el consumidor assenyala amb m\u00e9s freq\u00fc\u00e8ncia \u00e9s l&#8217;alteraci\u00f3 de el sentit de el temps: sembla m\u00e9s llarg del que \u00e9s en realitat.  <\/p>\n\n\n\n<p>Un dels efectes de la marihuana, a qu\u00e8 no sol donar-se massa import\u00e0ncia, \u00e9s la s\u00edndrome de amotivaci\u00f3.<br>Tamb\u00e9 citen l&#8217;augment de sensibilitat auditiva i una apreciaci\u00f3 m\u00e9s viva de la m\u00fasica. Algunes persones han assenyalat una impressi\u00f3 subjectiva d&#8217;augment dels sentits de el tacte, el gust i l&#8217;olfacte. En general, <strong>els efectes de la marihuana al cervell depenen de la forma d&#8217;ingesti\u00f3 i de la quantitat de principi actiu<\/strong>. El tetrahidrocannabinol no es dissol en aigua, de manera que nom\u00e9s la ingesti\u00f3 i la inhalaci\u00f3 poden ser les vies per procurar-se la droga.<\/p>\n\n\n\n<p>Reaccions agudes despr\u00e9s del seu consum<\/p>\n\n\n\n<p>Quan es produeix una intoxicaci\u00f3 aguda es poden produir <strong>idees paranoides, il\u00b7lusions, al\u00b7lucinacions, despersonalitzaci\u00f3, idees delirants, confusi\u00f3, agitaci\u00f3 i excitaci\u00f3<\/strong>. Hi pot haver tamb\u00e9 deliri i obnubilaci\u00f3 amb agitaci\u00f3 i excitaci\u00f3 violenta. Aquests efectes passen en unes hores.<br>Els efectes de la marihuana al cervell quan es produeix una intoxicaci\u00f3 aguda poden ser al\u00b7lucinacions, idees paranoides i delirants.<\/p>\n\n\n\n<h2 class=\"wp-block-heading\">La personalitat del consumidor tamb\u00e9 influeix<\/h2>\n\n\n\n<p>S&#8217;observa un altre tipus de reacci\u00f3 psicot\u00f3xica aguda en persones que semblen estar aclaparades per forta ansietat, temors i p\u00e0nic. Aquestes persones solen estar agitades i deprimides, i en ocasions, retretes.<br>La realitat \u00e9s que no ens hem de prendre a broma el consum de drogues, encara que parlem d&#8217;una droga amb la tradici\u00f3 de la marihuana.<\/p>\n\n\n\n<p><strong>Aquest consum ha elevat la patologia mental en els joves, una dada especialment preocupant si tenim en compte que augmenta la probabilitat que el consumidor tingui un brot psic\u00f2tic.<\/strong><\/p>\n\n\n\n<p>A m\u00e9s, l&#8217;augment de crisi d&#8217;angoixa i de p\u00e0nic, es relaciona amb el seu consum habitual.<\/p>\n","protected":false},"excerpt":{"rendered":"<p>Pocs minuts despr\u00e9s d&#8217;haver fumat el ritme card\u00edac s&#8217;accelera, els vasos sanguinis es dilaten, els ulls es enrogeixen, la pressi\u00f3 arterial s&#8217;incrementa&#8230; El seu consum comporta canvis en l&#8217;organisme tant a nivell f\u00edsic, sin\u00f3 tamb\u00e9 mental. Qu\u00e8 \u00e9s el c\u00e0nnabis? La marihuana o c\u00e0nnabis \u00e9s una barreja verd o gris de flors i fulles seques [&hellip;]<\/p>\n","protected":false},"author":2,"featured_media":2166,"comment_status":"closed","ping_status":"closed","sticky":false,"template":"","format":"standard","meta":{"ocean_post_layout":"","ocean_both_sidebars_style":"","ocean_both_sidebars_content_width":0,"ocean_both_sidebars_sidebars_width":0,"ocean_sidebar":"0","ocean_second_sidebar":"0","ocean_disable_margins":"enable","ocean_add_body_class":"","ocean_shortcode_before_top_bar":"","ocean_shortcode_after_top_bar":"","ocean_shortcode_before_header":"","ocean_shortcode_after_header":"","ocean_has_shortcode":"","ocean_shortcode_after_title":"","ocean_shortcode_before_footer_widgets":"","ocean_shortcode_after_footer_widgets":"","ocean_shortcode_before_footer_bottom":"","ocean_shortcode_after_footer_bottom":"","ocean_display_top_bar":"default","ocean_display_header":"default","ocean_header_style":"","ocean_center_header_left_menu":"0","ocean_custom_header_template":"0","ocean_custom_logo":0,"ocean_custom_retina_logo":0,"ocean_custom_logo_max_width":0,"ocean_custom_logo_tablet_max_width":0,"ocean_custom_logo_mobile_max_width":0,"ocean_custom_logo_max_height":0,"ocean_custom_logo_tablet_max_height":0,"ocean_custom_logo_mobile_max_height":0,"ocean_header_custom_menu":"0","ocean_menu_typo_font_family":"0","ocean_menu_typo_font_subset":"","ocean_menu_typo_font_size":0,"ocean_menu_typo_font_size_tablet":0,"ocean_menu_typo_font_size_mobile":0,"ocean_menu_typo_font_size_unit":"px","ocean_menu_typo_font_weight":"","ocean_menu_typo_font_weight_tablet":"","ocean_menu_typo_font_weight_mobile":"","ocean_menu_typo_transform":"","ocean_menu_typo_transform_tablet":"","ocean_menu_typo_transform_mobile":"","ocean_menu_typo_line_height":0,"ocean_menu_typo_line_height_tablet":0,"ocean_menu_typo_line_height_mobile":0,"ocean_menu_typo_line_height_unit":"","ocean_menu_typo_spacing":0,"ocean_menu_typo_spacing_tablet":0,"ocean_menu_typo_spacing_mobile":0,"ocean_menu_typo_spacing_unit":"","ocean_menu_link_color":"","ocean_menu_link_color_hover":"","ocean_menu_link_color_active":"","ocean_menu_link_background":"","ocean_menu_link_hover_background":"","ocean_menu_link_active_background":"","ocean_menu_social_links_bg":"","ocean_menu_social_hover_links_bg":"","ocean_menu_social_links_color":"","ocean_menu_social_hover_links_color":"","ocean_disable_title":"default","ocean_disable_heading":"default","ocean_post_title":"","ocean_post_subheading":"","ocean_post_title_style":"","ocean_post_title_background_color":"","ocean_post_title_background":0,"ocean_post_title_bg_image_position":"","ocean_post_title_bg_image_attachment":"","ocean_post_title_bg_image_repeat":"","ocean_post_title_bg_image_size":"","ocean_post_title_height":0,"ocean_post_title_bg_overlay":0.5,"ocean_post_title_bg_overlay_color":"","ocean_disable_breadcrumbs":"default","ocean_breadcrumbs_color":"","ocean_breadcrumbs_separator_color":"","ocean_breadcrumbs_links_color":"","ocean_breadcrumbs_links_hover_color":"","ocean_display_footer_widgets":"default","ocean_display_footer_bottom":"default","ocean_custom_footer_template":"0","ocean_post_oembed":"","ocean_post_self_hosted_media":"","ocean_post_video_embed":"","ocean_link_format":"","ocean_link_format_target":"self","ocean_quote_format":"","ocean_quote_format_link":"post","ocean_gallery_link_images":"off","ocean_gallery_id":[],"footnotes":""},"categories":[49,53],"tags":[165,129],"class_list":["post-2169","post","type-post","status-publish","format-standard","has-post-thumbnail","hentry","category-addiccio","category-cannabis","tag-addiccions-girona-ca","tag-forum-girona-ca","entry","has-media"],"yoast_head":"<!-- This site is optimized with the Yoast SEO plugin v27.5 - https:\/\/yoast.com\/product\/yoast-seo-wordpress\/ -->\n<title>Com actua el c\u00e0nnabis al cervell? - Forum Salud Mental Girona<\/title>\n<meta name=\"description\" content=\"Unos pocos minutos despu\u00e9s de haber fumado el ritmo card\u00edaco se acelera, los vasos sangu\u00edneos se dilatan, los ojos se enrojecen, la presi\u00f3n arterial se incrementa\u2026\" \/>\n<meta name=\"robots\" content=\"index, follow, max-snippet:-1, max-image-preview:large, max-video-preview:-1\" \/>\n<link rel=\"canonical\" href=\"https:\/\/forummontau.com\/girona\/com-actua-el-cannabis-al-cervell\/\" \/>\n<meta property=\"og:locale\" content=\"es_ES\" \/>\n<meta property=\"og:type\" content=\"article\" \/>\n<meta property=\"og:title\" content=\"Com actua el c\u00e0nnabis al cervell? - Forum Salud Mental Girona\" \/>\n<meta property=\"og:description\" content=\"Unos pocos minutos despu\u00e9s de haber fumado el ritmo card\u00edaco se acelera, los vasos sangu\u00edneos se dilatan, los ojos se enrojecen, la presi\u00f3n arterial se incrementa\u2026\" \/>\n<meta property=\"og:url\" content=\"https:\/\/forummontau.com\/girona\/com-actua-el-cannabis-al-cervell\/\" \/>\n<meta property=\"og:site_name\" content=\"Forum Salud Mental Girona\" \/>\n<meta property=\"article:published_time\" content=\"2020-09-01T08:21:25+00:00\" \/>\n<meta property=\"article:modified_time\" content=\"2020-09-01T08:21:27+00:00\" \/>\n<meta property=\"og:image\" content=\"https:\/\/forummontau.com\/girona\/wp-content\/uploads\/sites\/6\/2020\/09\/efectoscannabis.jpg\" \/>\n\t<meta property=\"og:image:width\" content=\"851\" \/>\n\t<meta property=\"og:image:height\" content=\"427\" \/>\n\t<meta property=\"og:image:type\" content=\"image\/jpeg\" \/>\n<meta name=\"author\" content=\"Forum Salud Mental Madrid\" \/>\n<meta name=\"twitter:card\" content=\"summary_large_image\" \/>\n<meta name=\"twitter:label1\" content=\"Escrito por\" \/>\n\t<meta name=\"twitter:data1\" content=\"Forum Salud Mental Madrid\" \/>\n\t<meta name=\"twitter:label2\" content=\"Tiempo de lectura\" \/>\n\t<meta name=\"twitter:data2\" content=\"3 minutos\" \/>\n<script type=\"application\/ld+json\" class=\"yoast-schema-graph\">{\"@context\":\"https:\\\/\\\/schema.org\",\"@graph\":[{\"@type\":\"Article\",\"@id\":\"https:\\\/\\\/forummontau.com\\\/girona\\\/com-actua-el-cannabis-al-cervell\\\/#article\",\"isPartOf\":{\"@id\":\"https:\\\/\\\/forummontau.com\\\/girona\\\/com-actua-el-cannabis-al-cervell\\\/\"},\"author\":{\"name\":\"Forum Salud Mental Madrid\",\"@id\":\"https:\\\/\\\/forummontau.com\\\/girona\\\/#\\\/schema\\\/person\\\/dd79fa1c0ba733edd439998f9d7f5e25\"},\"headline\":\"Com actua el c\u00e0nnabis al cervell?\",\"datePublished\":\"2020-09-01T08:21:25+00:00\",\"dateModified\":\"2020-09-01T08:21:27+00:00\",\"mainEntityOfPage\":{\"@id\":\"https:\\\/\\\/forummontau.com\\\/girona\\\/com-actua-el-cannabis-al-cervell\\\/\"},\"wordCount\":722,\"publisher\":{\"@id\":\"https:\\\/\\\/forummontau.com\\\/girona\\\/#organization\"},\"image\":{\"@id\":\"https:\\\/\\\/forummontau.com\\\/girona\\\/com-actua-el-cannabis-al-cervell\\\/#primaryimage\"},\"thumbnailUrl\":\"https:\\\/\\\/forummontau.com\\\/girona\\\/wp-content\\\/uploads\\\/sites\\\/6\\\/2020\\\/09\\\/efectoscannabis.jpg\",\"keywords\":[\"Addiccions Girona\",\"Forum Girona\"],\"articleSection\":[\"Addicci\u00f3\",\"C\u00e0nnabis\"],\"inLanguage\":\"es\"},{\"@type\":\"WebPage\",\"@id\":\"https:\\\/\\\/forummontau.com\\\/girona\\\/com-actua-el-cannabis-al-cervell\\\/\",\"url\":\"https:\\\/\\\/forummontau.com\\\/girona\\\/com-actua-el-cannabis-al-cervell\\\/\",\"name\":\"Com actua el c\u00e0nnabis al cervell? - Forum Salud Mental Girona\",\"isPartOf\":{\"@id\":\"https:\\\/\\\/forummontau.com\\\/girona\\\/#website\"},\"primaryImageOfPage\":{\"@id\":\"https:\\\/\\\/forummontau.com\\\/girona\\\/com-actua-el-cannabis-al-cervell\\\/#primaryimage\"},\"image\":{\"@id\":\"https:\\\/\\\/forummontau.com\\\/girona\\\/com-actua-el-cannabis-al-cervell\\\/#primaryimage\"},\"thumbnailUrl\":\"https:\\\/\\\/forummontau.com\\\/girona\\\/wp-content\\\/uploads\\\/sites\\\/6\\\/2020\\\/09\\\/efectoscannabis.jpg\",\"datePublished\":\"2020-09-01T08:21:25+00:00\",\"dateModified\":\"2020-09-01T08:21:27+00:00\",\"description\":\"Unos pocos minutos despu\u00e9s de haber fumado el ritmo card\u00edaco se acelera, los vasos sangu\u00edneos se dilatan, los ojos se enrojecen, la presi\u00f3n arterial se incrementa\u2026\",\"breadcrumb\":{\"@id\":\"https:\\\/\\\/forummontau.com\\\/girona\\\/com-actua-el-cannabis-al-cervell\\\/#breadcrumb\"},\"inLanguage\":\"es\",\"potentialAction\":[{\"@type\":\"ReadAction\",\"target\":[\"https:\\\/\\\/forummontau.com\\\/girona\\\/com-actua-el-cannabis-al-cervell\\\/\"]}]},{\"@type\":\"ImageObject\",\"inLanguage\":\"es\",\"@id\":\"https:\\\/\\\/forummontau.com\\\/girona\\\/com-actua-el-cannabis-al-cervell\\\/#primaryimage\",\"url\":\"https:\\\/\\\/forummontau.com\\\/girona\\\/wp-content\\\/uploads\\\/sites\\\/6\\\/2020\\\/09\\\/efectoscannabis.jpg\",\"contentUrl\":\"https:\\\/\\\/forummontau.com\\\/girona\\\/wp-content\\\/uploads\\\/sites\\\/6\\\/2020\\\/09\\\/efectoscannabis.jpg\",\"width\":851,\"height\":427},{\"@type\":\"BreadcrumbList\",\"@id\":\"https:\\\/\\\/forummontau.com\\\/girona\\\/com-actua-el-cannabis-al-cervell\\\/#breadcrumb\",\"itemListElement\":[{\"@type\":\"ListItem\",\"position\":1,\"name\":\"Portada\",\"item\":\"https:\\\/\\\/forummontau.com\\\/girona\\\/centre-desintoxicacio-i-addiccions-girona\\\/\"},{\"@type\":\"ListItem\",\"position\":2,\"name\":\"Com actua el c\u00e0nnabis al cervell?\"}]},{\"@type\":\"WebSite\",\"@id\":\"https:\\\/\\\/forummontau.com\\\/girona\\\/#website\",\"url\":\"https:\\\/\\\/forummontau.com\\\/girona\\\/\",\"name\":\"Forum Salud Mental Girona\",\"description\":\"Centro de Desintoxicaci\u00f3n y Adicciones en Girona\",\"publisher\":{\"@id\":\"https:\\\/\\\/forummontau.com\\\/girona\\\/#organization\"},\"potentialAction\":[{\"@type\":\"SearchAction\",\"target\":{\"@type\":\"EntryPoint\",\"urlTemplate\":\"https:\\\/\\\/forummontau.com\\\/girona\\\/?s={search_term_string}\"},\"query-input\":{\"@type\":\"PropertyValueSpecification\",\"valueRequired\":true,\"valueName\":\"search_term_string\"}}],\"inLanguage\":\"es\"},{\"@type\":\"Organization\",\"@id\":\"https:\\\/\\\/forummontau.com\\\/girona\\\/#organization\",\"name\":\"Forum Salud Mental Girona\",\"url\":\"https:\\\/\\\/forummontau.com\\\/girona\\\/\",\"logo\":{\"@type\":\"ImageObject\",\"inLanguage\":\"es\",\"@id\":\"https:\\\/\\\/forummontau.com\\\/girona\\\/#\\\/schema\\\/logo\\\/image\\\/\",\"url\":\"https:\\\/\\\/forummontau.com\\\/girona\\\/wp-content\\\/uploads\\\/sites\\\/6\\\/2020\\\/02\\\/girona_forum.png\",\"contentUrl\":\"https:\\\/\\\/forummontau.com\\\/girona\\\/wp-content\\\/uploads\\\/sites\\\/6\\\/2020\\\/02\\\/girona_forum.png\",\"width\":215,\"height\":119,\"caption\":\"Forum Salud Mental Girona\"},\"image\":{\"@id\":\"https:\\\/\\\/forummontau.com\\\/girona\\\/#\\\/schema\\\/logo\\\/image\\\/\"}},{\"@type\":\"Person\",\"@id\":\"https:\\\/\\\/forummontau.com\\\/girona\\\/#\\\/schema\\\/person\\\/dd79fa1c0ba733edd439998f9d7f5e25\",\"name\":\"Forum Salud Mental Madrid\"}]}<\/script>\n<!-- \/ Yoast SEO plugin. -->","yoast_head_json":{"title":"Com actua el c\u00e0nnabis al cervell? - Forum Salud Mental Girona","description":"Unos pocos minutos despu\u00e9s de haber fumado el ritmo card\u00edaco se acelera, los vasos sangu\u00edneos se dilatan, los ojos se enrojecen, la presi\u00f3n arterial se incrementa\u2026","robots":{"index":"index","follow":"follow","max-snippet":"max-snippet:-1","max-image-preview":"max-image-preview:large","max-video-preview":"max-video-preview:-1"},"canonical":"https:\/\/forummontau.com\/girona\/com-actua-el-cannabis-al-cervell\/","og_locale":"es_ES","og_type":"article","og_title":"Com actua el c\u00e0nnabis al cervell? - Forum Salud Mental Girona","og_description":"Unos pocos minutos despu\u00e9s de haber fumado el ritmo card\u00edaco se acelera, los vasos sangu\u00edneos se dilatan, los ojos se enrojecen, la presi\u00f3n arterial se incrementa\u2026","og_url":"https:\/\/forummontau.com\/girona\/com-actua-el-cannabis-al-cervell\/","og_site_name":"Forum Salud Mental Girona","article_published_time":"2020-09-01T08:21:25+00:00","article_modified_time":"2020-09-01T08:21:27+00:00","og_image":[{"width":851,"height":427,"url":"https:\/\/forummontau.com\/girona\/wp-content\/uploads\/sites\/6\/2020\/09\/efectoscannabis.jpg","type":"image\/jpeg"}],"author":"Forum Salud Mental Madrid","twitter_card":"summary_large_image","twitter_misc":{"Escrito por":"Forum Salud Mental Madrid","Tiempo de lectura":"3 minutos"},"schema":{"@context":"https:\/\/schema.org","@graph":[{"@type":"Article","@id":"https:\/\/forummontau.com\/girona\/com-actua-el-cannabis-al-cervell\/#article","isPartOf":{"@id":"https:\/\/forummontau.com\/girona\/com-actua-el-cannabis-al-cervell\/"},"author":{"name":"Forum Salud Mental Madrid","@id":"https:\/\/forummontau.com\/girona\/#\/schema\/person\/dd79fa1c0ba733edd439998f9d7f5e25"},"headline":"Com actua el c\u00e0nnabis al cervell?","datePublished":"2020-09-01T08:21:25+00:00","dateModified":"2020-09-01T08:21:27+00:00","mainEntityOfPage":{"@id":"https:\/\/forummontau.com\/girona\/com-actua-el-cannabis-al-cervell\/"},"wordCount":722,"publisher":{"@id":"https:\/\/forummontau.com\/girona\/#organization"},"image":{"@id":"https:\/\/forummontau.com\/girona\/com-actua-el-cannabis-al-cervell\/#primaryimage"},"thumbnailUrl":"https:\/\/forummontau.com\/girona\/wp-content\/uploads\/sites\/6\/2020\/09\/efectoscannabis.jpg","keywords":["Addiccions Girona","Forum Girona"],"articleSection":["Addicci\u00f3","C\u00e0nnabis"],"inLanguage":"es"},{"@type":"WebPage","@id":"https:\/\/forummontau.com\/girona\/com-actua-el-cannabis-al-cervell\/","url":"https:\/\/forummontau.com\/girona\/com-actua-el-cannabis-al-cervell\/","name":"Com actua el c\u00e0nnabis al cervell? - Forum Salud Mental Girona","isPartOf":{"@id":"https:\/\/forummontau.com\/girona\/#website"},"primaryImageOfPage":{"@id":"https:\/\/forummontau.com\/girona\/com-actua-el-cannabis-al-cervell\/#primaryimage"},"image":{"@id":"https:\/\/forummontau.com\/girona\/com-actua-el-cannabis-al-cervell\/#primaryimage"},"thumbnailUrl":"https:\/\/forummontau.com\/girona\/wp-content\/uploads\/sites\/6\/2020\/09\/efectoscannabis.jpg","datePublished":"2020-09-01T08:21:25+00:00","dateModified":"2020-09-01T08:21:27+00:00","description":"Unos pocos minutos despu\u00e9s de haber fumado el ritmo card\u00edaco se acelera, los vasos sangu\u00edneos se dilatan, los ojos se enrojecen, la presi\u00f3n arterial se incrementa\u2026","breadcrumb":{"@id":"https:\/\/forummontau.com\/girona\/com-actua-el-cannabis-al-cervell\/#breadcrumb"},"inLanguage":"es","potentialAction":[{"@type":"ReadAction","target":["https:\/\/forummontau.com\/girona\/com-actua-el-cannabis-al-cervell\/"]}]},{"@type":"ImageObject","inLanguage":"es","@id":"https:\/\/forummontau.com\/girona\/com-actua-el-cannabis-al-cervell\/#primaryimage","url":"https:\/\/forummontau.com\/girona\/wp-content\/uploads\/sites\/6\/2020\/09\/efectoscannabis.jpg","contentUrl":"https:\/\/forummontau.com\/girona\/wp-content\/uploads\/sites\/6\/2020\/09\/efectoscannabis.jpg","width":851,"height":427},{"@type":"BreadcrumbList","@id":"https:\/\/forummontau.com\/girona\/com-actua-el-cannabis-al-cervell\/#breadcrumb","itemListElement":[{"@type":"ListItem","position":1,"name":"Portada","item":"https:\/\/forummontau.com\/girona\/centre-desintoxicacio-i-addiccions-girona\/"},{"@type":"ListItem","position":2,"name":"Com actua el c\u00e0nnabis al cervell?"}]},{"@type":"WebSite","@id":"https:\/\/forummontau.com\/girona\/#website","url":"https:\/\/forummontau.com\/girona\/","name":"Forum Salud Mental Girona","description":"Centro de Desintoxicaci\u00f3n y Adicciones en Girona","publisher":{"@id":"https:\/\/forummontau.com\/girona\/#organization"},"potentialAction":[{"@type":"SearchAction","target":{"@type":"EntryPoint","urlTemplate":"https:\/\/forummontau.com\/girona\/?s={search_term_string}"},"query-input":{"@type":"PropertyValueSpecification","valueRequired":true,"valueName":"search_term_string"}}],"inLanguage":"es"},{"@type":"Organization","@id":"https:\/\/forummontau.com\/girona\/#organization","name":"Forum Salud Mental Girona","url":"https:\/\/forummontau.com\/girona\/","logo":{"@type":"ImageObject","inLanguage":"es","@id":"https:\/\/forummontau.com\/girona\/#\/schema\/logo\/image\/","url":"https:\/\/forummontau.com\/girona\/wp-content\/uploads\/sites\/6\/2020\/02\/girona_forum.png","contentUrl":"https:\/\/forummontau.com\/girona\/wp-content\/uploads\/sites\/6\/2020\/02\/girona_forum.png","width":215,"height":119,"caption":"Forum Salud Mental Girona"},"image":{"@id":"https:\/\/forummontau.com\/girona\/#\/schema\/logo\/image\/"}},{"@type":"Person","@id":"https:\/\/forummontau.com\/girona\/#\/schema\/person\/dd79fa1c0ba733edd439998f9d7f5e25","name":"Forum Salud Mental Madrid"}]}},"_links":{"self":[{"href":"https:\/\/forummontau.com\/girona\/wp-json\/wp\/v2\/posts\/2169","targetHints":{"allow":["GET"]}}],"collection":[{"href":"https:\/\/forummontau.com\/girona\/wp-json\/wp\/v2\/posts"}],"about":[{"href":"https:\/\/forummontau.com\/girona\/wp-json\/wp\/v2\/types\/post"}],"author":[{"embeddable":true,"href":"https:\/\/forummontau.com\/girona\/wp-json\/wp\/v2\/users\/2"}],"replies":[{"embeddable":true,"href":"https:\/\/forummontau.com\/girona\/wp-json\/wp\/v2\/comments?post=2169"}],"version-history":[{"count":1,"href":"https:\/\/forummontau.com\/girona\/wp-json\/wp\/v2\/posts\/2169\/revisions"}],"predecessor-version":[{"id":2170,"href":"https:\/\/forummontau.com\/girona\/wp-json\/wp\/v2\/posts\/2169\/revisions\/2170"}],"wp:featuredmedia":[{"embeddable":true,"href":"https:\/\/forummontau.com\/girona\/wp-json\/wp\/v2\/media\/2166"}],"wp:attachment":[{"href":"https:\/\/forummontau.com\/girona\/wp-json\/wp\/v2\/media?parent=2169"}],"wp:term":[{"taxonomy":"category","embeddable":true,"href":"https:\/\/forummontau.com\/girona\/wp-json\/wp\/v2\/categories?post=2169"},{"taxonomy":"post_tag","embeddable":true,"href":"https:\/\/forummontau.com\/girona\/wp-json\/wp\/v2\/tags?post=2169"}],"curies":[{"name":"wp","href":"https:\/\/api.w.org\/{rel}","templated":true}]}}