{"id":2449,"date":"2021-07-19T10:04:53","date_gmt":"2021-07-19T10:04:53","guid":{"rendered":"https:\/\/forumgirona.cat\/?p=2449"},"modified":"2021-07-19T10:56:07","modified_gmt":"2021-07-19T10:56:07","slug":"tinc-problemes-amb-lalcohol","status":"publish","type":"post","link":"https:\/\/forummontau.com\/girona\/tinc-problemes-amb-lalcohol\/","title":{"rendered":"Tinc problemes amb l&#8217;alcohol?"},"content":{"rendered":"\n<p>Beure alcohol \u00e9s un h\u00e0bit molt arrelat a la nostra cultura i estretament associat a les celebracions, per aix\u00f2 a la publicitat de begudes alcoh\u00f2liques sempre apareixen festes i les persones felices. No es pot concebre una celebraci\u00f3 sense alcohol i qualsevol festa al carrer s\u2019associa amb el consum d\u2019alcohol.<\/p>\n\n\n\n<p>La normalitzaci\u00f3 de la beguda, caracter\u00edstica dels pa\u00efsos mediterranis, comen\u00e7a molt aviat. A Espanya, l\u2019edat mitjana d\u2019inici del consum d\u2019alcohol \u00e9s de 14 anys, per\u00f2 el contacte amb l\u2019alcohol comen\u00e7a molt abans. A les celebracions familiars, molts pares deixen que els m\u00e9s petits tastin una mica de vi, com un fet normal. No \u00e9s que siguin mals pares, sin\u00f3 que no hi ha consci\u00e8ncia social.<\/p>\n\n\n\n<h2 class=\"wp-block-heading\">Som realment conscients del que passa quan se\u2019ns en va de les mans i abussem d\u2019aquesta subst\u00e0ncia?<\/h2>\n\n\n\n<p>Al nostre pa\u00eds, el consum excessiu d\u2019alcohol provoca tres milions de morts a l\u2019any, m\u00e9s del doble de les causades pel coronavirus. Aquests s\u00f3n els casos m\u00e9s extrems, per\u00f2 tamb\u00e9 hi ha moltes altres persones que pateixen les conseq\u00fc\u00e8ncies del consum incontrolat de begudes alcoh\u00f2liques.<\/p>\n\n\n\n<p>Quan aix\u00f2 passa, l\u2019h\u00e0bit deixa de ser agradable per ser una font d\u2019angoixa, danys i malalties. Es coneix com trastorn de l\u2019alcohol i pot ser de lleu a greu, segons els s\u00edmptomes. Quan \u00e9s del tipus greu, ens trobem amb casos d\u2019alcoholisme o depend\u00e8ncia de l\u2019alcohol.<\/p>\n\n\n\n<p>El consum excessiu d\u2019alcohol tamb\u00e9 pot augmentar el risc de certs tipus de c\u00e0ncer, a m\u00e9s de provocar malalties hep\u00e0tiques, com ara fetge gras, cirrosi, o danys cerebrals. En el cas de les dones embarassades, pot perjudicar el nad\u00f3. L\u2019alcohol tamb\u00e9 augmenta el risc de mort per accidents de tr\u00e0nsit, lesions, homicidis i su\u00efcidis.<\/p>\n\n\n\n<h2 class=\"wp-block-heading\">Com saber si tinc un problema amb l\u2019alcohol?<\/h2>\n\n\n\n<p>Feu-te aquestes preguntes. Si la majoria de les teves respostes s\u00f3n afirmatives, \u00e9s possible que tinguis problemes d\u2019alcohol.<\/p>\n\n\n\n<ul class=\"wp-block-list\"><li>Fallar reiteradament en les seves responsabilitats, ja sigui a la feina, a casa o amb la fam\u00edlia<\/li><li>Beure en situacions en qu\u00e8 est\u00e0 clarament contraindicat, com ara conduir, a la feina o amb certs medicaments<\/li><li>L\u2019alcohol afecta significativament les vostres relacions personals<\/li><li>Utilitzeu l\u2019alcohol com a eina per alleujar l\u2019estr\u00e8s o situacions emocionalment desagradables<\/li><li>Darrerament es nota que necessita m\u00e9s alcohol per obtenir el mateix efecte<\/li><li>Has intentat deixar de beure i no has pogut<\/li><li>Renuncieu a altres activitats a causa de beure o haver begut<\/li><li>Et sents culpable despr\u00e9s de beure<\/li><li>Beus en secret perqu\u00e8 ning\u00fa no se n\u2019adoni<\/li><\/ul>\n","protected":false},"excerpt":{"rendered":"<p>Beure alcohol \u00e9s un h\u00e0bit molt arrelat a la nostra cultura i estretament associat a les celebracions, per aix\u00f2 a la publicitat de begudes alcoh\u00f2liques sempre apareixen festes i les persones felices. No es pot concebre una celebraci\u00f3 sense alcohol i qualsevol festa al carrer s\u2019associa amb el consum d\u2019alcohol. La normalitzaci\u00f3 de la beguda, [&hellip;]<\/p>\n","protected":false},"author":2,"featured_media":2456,"comment_status":"closed","ping_status":"closed","sticky":false,"template":"","format":"standard","meta":{"ocean_post_layout":"","ocean_both_sidebars_style":"","ocean_both_sidebars_content_width":0,"ocean_both_sidebars_sidebars_width":0,"ocean_sidebar":"0","ocean_second_sidebar":"0","ocean_disable_margins":"enable","ocean_add_body_class":"","ocean_shortcode_before_top_bar":"","ocean_shortcode_after_top_bar":"","ocean_shortcode_before_header":"","ocean_shortcode_after_header":"","ocean_has_shortcode":"","ocean_shortcode_after_title":"","ocean_shortcode_before_footer_widgets":"","ocean_shortcode_after_footer_widgets":"","ocean_shortcode_before_footer_bottom":"","ocean_shortcode_after_footer_bottom":"","ocean_display_top_bar":"default","ocean_display_header":"default","ocean_header_style":"","ocean_center_header_left_menu":"0","ocean_custom_header_template":"0","ocean_custom_logo":0,"ocean_custom_retina_logo":0,"ocean_custom_logo_max_width":0,"ocean_custom_logo_tablet_max_width":0,"ocean_custom_logo_mobile_max_width":0,"ocean_custom_logo_max_height":0,"ocean_custom_logo_tablet_max_height":0,"ocean_custom_logo_mobile_max_height":0,"ocean_header_custom_menu":"0","ocean_menu_typo_font_family":"0","ocean_menu_typo_font_subset":"","ocean_menu_typo_font_size":0,"ocean_menu_typo_font_size_tablet":0,"ocean_menu_typo_font_size_mobile":0,"ocean_menu_typo_font_size_unit":"px","ocean_menu_typo_font_weight":"","ocean_menu_typo_font_weight_tablet":"","ocean_menu_typo_font_weight_mobile":"","ocean_menu_typo_transform":"","ocean_menu_typo_transform_tablet":"","ocean_menu_typo_transform_mobile":"","ocean_menu_typo_line_height":0,"ocean_menu_typo_line_height_tablet":0,"ocean_menu_typo_line_height_mobile":0,"ocean_menu_typo_line_height_unit":"","ocean_menu_typo_spacing":0,"ocean_menu_typo_spacing_tablet":0,"ocean_menu_typo_spacing_mobile":0,"ocean_menu_typo_spacing_unit":"","ocean_menu_link_color":"","ocean_menu_link_color_hover":"","ocean_menu_link_color_active":"","ocean_menu_link_background":"","ocean_menu_link_hover_background":"","ocean_menu_link_active_background":"","ocean_menu_social_links_bg":"","ocean_menu_social_hover_links_bg":"","ocean_menu_social_links_color":"","ocean_menu_social_hover_links_color":"","ocean_disable_title":"on","ocean_disable_heading":"default","ocean_post_title":"","ocean_post_subheading":"","ocean_post_title_style":"","ocean_post_title_background_color":"","ocean_post_title_background":0,"ocean_post_title_bg_image_position":"","ocean_post_title_bg_image_attachment":"","ocean_post_title_bg_image_repeat":"","ocean_post_title_bg_image_size":"","ocean_post_title_height":0,"ocean_post_title_bg_overlay":0.5,"ocean_post_title_bg_overlay_color":"","ocean_disable_breadcrumbs":"default","ocean_breadcrumbs_color":"","ocean_breadcrumbs_separator_color":"","ocean_breadcrumbs_links_color":"","ocean_breadcrumbs_links_hover_color":"","ocean_display_footer_widgets":"default","ocean_display_footer_bottom":"default","ocean_custom_footer_template":"0","ocean_post_oembed":"","ocean_post_self_hosted_media":"","ocean_post_video_embed":"","ocean_link_format":"","ocean_link_format_target":"self","ocean_quote_format":"","ocean_quote_format_link":"post","ocean_gallery_link_images":"off","ocean_gallery_id":[],"footnotes":""},"categories":[49,51],"tags":[120],"class_list":["post-2449","post","type-post","status-publish","format-standard","has-post-thumbnail","hentry","category-addiccio","category-alcohol-ca","tag-forum-terapeutic-girona-ca","entry","has-media"],"yoast_head":"<!-- This site is optimized with the Yoast SEO plugin v27.4 - https:\/\/yoast.com\/product\/yoast-seo-wordpress\/ -->\n<title>Tinc problemes amb l&#039;alcohol? - Forum Salud Mental Girona<\/title>\n<meta name=\"robots\" content=\"index, follow, max-snippet:-1, max-image-preview:large, max-video-preview:-1\" \/>\n<link rel=\"canonical\" href=\"https:\/\/forummontau.com\/girona\/tinc-problemes-amb-lalcohol\/\" \/>\n<meta property=\"og:locale\" content=\"es_ES\" \/>\n<meta property=\"og:type\" content=\"article\" \/>\n<meta property=\"og:title\" content=\"Tinc problemes amb l&#039;alcohol? - Forum Salud Mental Girona\" \/>\n<meta property=\"og:description\" content=\"Beure alcohol \u00e9s un h\u00e0bit molt arrelat a la nostra cultura i estretament associat a les celebracions, per aix\u00f2 a la publicitat de begudes alcoh\u00f2liques sempre apareixen festes i les persones felices. No es pot concebre una celebraci\u00f3 sense alcohol i qualsevol festa al carrer s\u2019associa amb el consum d\u2019alcohol. La normalitzaci\u00f3 de la beguda, [&hellip;]\" \/>\n<meta property=\"og:url\" content=\"https:\/\/forummontau.com\/girona\/tinc-problemes-amb-lalcohol\/\" \/>\n<meta property=\"og:site_name\" content=\"Forum Salud Mental Girona\" \/>\n<meta property=\"article:published_time\" content=\"2021-07-19T10:04:53+00:00\" \/>\n<meta property=\"article:modified_time\" content=\"2021-07-19T10:56:07+00:00\" \/>\n<meta property=\"og:image\" content=\"https:\/\/forummontau.com\/girona\/wp-content\/uploads\/sites\/6\/2021\/07\/intoxicacionalcohol.png\" \/>\n\t<meta property=\"og:image:width\" content=\"690\" \/>\n\t<meta property=\"og:image:height\" content=\"450\" \/>\n\t<meta property=\"og:image:type\" content=\"image\/png\" \/>\n<meta name=\"author\" content=\"Forum Salud Mental Madrid\" \/>\n<meta name=\"twitter:card\" content=\"summary_large_image\" \/>\n<meta name=\"twitter:label1\" content=\"Escrito por\" \/>\n\t<meta name=\"twitter:data1\" content=\"Forum Salud Mental Madrid\" \/>\n\t<meta name=\"twitter:label2\" content=\"Tiempo de lectura\" \/>\n\t<meta name=\"twitter:data2\" content=\"2 minutos\" \/>\n<script type=\"application\/ld+json\" class=\"yoast-schema-graph\">{\"@context\":\"https:\\\/\\\/schema.org\",\"@graph\":[{\"@type\":\"Article\",\"@id\":\"https:\\\/\\\/forummontau.com\\\/girona\\\/tinc-problemes-amb-lalcohol\\\/#article\",\"isPartOf\":{\"@id\":\"https:\\\/\\\/forummontau.com\\\/girona\\\/tinc-problemes-amb-lalcohol\\\/\"},\"author\":{\"name\":\"Forum Salud Mental Madrid\",\"@id\":\"https:\\\/\\\/forummontau.com\\\/girona\\\/#\\\/schema\\\/person\\\/dd79fa1c0ba733edd439998f9d7f5e25\"},\"headline\":\"Tinc problemes amb l&#8217;alcohol?\",\"datePublished\":\"2021-07-19T10:04:53+00:00\",\"dateModified\":\"2021-07-19T10:56:07+00:00\",\"mainEntityOfPage\":{\"@id\":\"https:\\\/\\\/forummontau.com\\\/girona\\\/tinc-problemes-amb-lalcohol\\\/\"},\"wordCount\":458,\"publisher\":{\"@id\":\"https:\\\/\\\/forummontau.com\\\/girona\\\/#organization\"},\"image\":{\"@id\":\"https:\\\/\\\/forummontau.com\\\/girona\\\/tinc-problemes-amb-lalcohol\\\/#primaryimage\"},\"thumbnailUrl\":\"https:\\\/\\\/forummontau.com\\\/girona\\\/wp-content\\\/uploads\\\/sites\\\/6\\\/2021\\\/07\\\/intoxicacionalcohol.png\",\"keywords\":[\"Forum Terapeutic Girona\"],\"articleSection\":[\"Addicci\u00f3\",\"Alcohol\"],\"inLanguage\":\"es\"},{\"@type\":\"WebPage\",\"@id\":\"https:\\\/\\\/forummontau.com\\\/girona\\\/tinc-problemes-amb-lalcohol\\\/\",\"url\":\"https:\\\/\\\/forummontau.com\\\/girona\\\/tinc-problemes-amb-lalcohol\\\/\",\"name\":\"Tinc problemes amb l'alcohol? - Forum Salud Mental Girona\",\"isPartOf\":{\"@id\":\"https:\\\/\\\/forummontau.com\\\/girona\\\/#website\"},\"primaryImageOfPage\":{\"@id\":\"https:\\\/\\\/forummontau.com\\\/girona\\\/tinc-problemes-amb-lalcohol\\\/#primaryimage\"},\"image\":{\"@id\":\"https:\\\/\\\/forummontau.com\\\/girona\\\/tinc-problemes-amb-lalcohol\\\/#primaryimage\"},\"thumbnailUrl\":\"https:\\\/\\\/forummontau.com\\\/girona\\\/wp-content\\\/uploads\\\/sites\\\/6\\\/2021\\\/07\\\/intoxicacionalcohol.png\",\"datePublished\":\"2021-07-19T10:04:53+00:00\",\"dateModified\":\"2021-07-19T10:56:07+00:00\",\"breadcrumb\":{\"@id\":\"https:\\\/\\\/forummontau.com\\\/girona\\\/tinc-problemes-amb-lalcohol\\\/#breadcrumb\"},\"inLanguage\":\"es\",\"potentialAction\":[{\"@type\":\"ReadAction\",\"target\":[\"https:\\\/\\\/forummontau.com\\\/girona\\\/tinc-problemes-amb-lalcohol\\\/\"]}]},{\"@type\":\"ImageObject\",\"inLanguage\":\"es\",\"@id\":\"https:\\\/\\\/forummontau.com\\\/girona\\\/tinc-problemes-amb-lalcohol\\\/#primaryimage\",\"url\":\"https:\\\/\\\/forummontau.com\\\/girona\\\/wp-content\\\/uploads\\\/sites\\\/6\\\/2021\\\/07\\\/intoxicacionalcohol.png\",\"contentUrl\":\"https:\\\/\\\/forummontau.com\\\/girona\\\/wp-content\\\/uploads\\\/sites\\\/6\\\/2021\\\/07\\\/intoxicacionalcohol.png\",\"width\":690,\"height\":450},{\"@type\":\"BreadcrumbList\",\"@id\":\"https:\\\/\\\/forummontau.com\\\/girona\\\/tinc-problemes-amb-lalcohol\\\/#breadcrumb\",\"itemListElement\":[{\"@type\":\"ListItem\",\"position\":1,\"name\":\"Portada\",\"item\":\"https:\\\/\\\/forummontau.com\\\/girona\\\/centre-desintoxicacio-i-addiccions-girona\\\/\"},{\"@type\":\"ListItem\",\"position\":2,\"name\":\"Tinc problemes amb l&#8217;alcohol?\"}]},{\"@type\":\"WebSite\",\"@id\":\"https:\\\/\\\/forummontau.com\\\/girona\\\/#website\",\"url\":\"https:\\\/\\\/forummontau.com\\\/girona\\\/\",\"name\":\"Forum Salud Mental Girona\",\"description\":\"Centro de Desintoxicaci\u00f3n y Adicciones en Girona\",\"publisher\":{\"@id\":\"https:\\\/\\\/forummontau.com\\\/girona\\\/#organization\"},\"potentialAction\":[{\"@type\":\"SearchAction\",\"target\":{\"@type\":\"EntryPoint\",\"urlTemplate\":\"https:\\\/\\\/forummontau.com\\\/girona\\\/?s={search_term_string}\"},\"query-input\":{\"@type\":\"PropertyValueSpecification\",\"valueRequired\":true,\"valueName\":\"search_term_string\"}}],\"inLanguage\":\"es\"},{\"@type\":\"Organization\",\"@id\":\"https:\\\/\\\/forummontau.com\\\/girona\\\/#organization\",\"name\":\"Forum Salud Mental Girona\",\"url\":\"https:\\\/\\\/forummontau.com\\\/girona\\\/\",\"logo\":{\"@type\":\"ImageObject\",\"inLanguage\":\"es\",\"@id\":\"https:\\\/\\\/forummontau.com\\\/girona\\\/#\\\/schema\\\/logo\\\/image\\\/\",\"url\":\"https:\\\/\\\/forummontau.com\\\/girona\\\/wp-content\\\/uploads\\\/sites\\\/6\\\/2020\\\/02\\\/girona_forum.png\",\"contentUrl\":\"https:\\\/\\\/forummontau.com\\\/girona\\\/wp-content\\\/uploads\\\/sites\\\/6\\\/2020\\\/02\\\/girona_forum.png\",\"width\":215,\"height\":119,\"caption\":\"Forum Salud Mental Girona\"},\"image\":{\"@id\":\"https:\\\/\\\/forummontau.com\\\/girona\\\/#\\\/schema\\\/logo\\\/image\\\/\"}},{\"@type\":\"Person\",\"@id\":\"https:\\\/\\\/forummontau.com\\\/girona\\\/#\\\/schema\\\/person\\\/dd79fa1c0ba733edd439998f9d7f5e25\",\"name\":\"Forum Salud Mental Madrid\"}]}<\/script>\n<!-- \/ Yoast SEO plugin. -->","yoast_head_json":{"title":"Tinc problemes amb l'alcohol? - Forum Salud Mental Girona","robots":{"index":"index","follow":"follow","max-snippet":"max-snippet:-1","max-image-preview":"max-image-preview:large","max-video-preview":"max-video-preview:-1"},"canonical":"https:\/\/forummontau.com\/girona\/tinc-problemes-amb-lalcohol\/","og_locale":"es_ES","og_type":"article","og_title":"Tinc problemes amb l'alcohol? - Forum Salud Mental Girona","og_description":"Beure alcohol \u00e9s un h\u00e0bit molt arrelat a la nostra cultura i estretament associat a les celebracions, per aix\u00f2 a la publicitat de begudes alcoh\u00f2liques sempre apareixen festes i les persones felices. No es pot concebre una celebraci\u00f3 sense alcohol i qualsevol festa al carrer s\u2019associa amb el consum d\u2019alcohol. La normalitzaci\u00f3 de la beguda, [&hellip;]","og_url":"https:\/\/forummontau.com\/girona\/tinc-problemes-amb-lalcohol\/","og_site_name":"Forum Salud Mental Girona","article_published_time":"2021-07-19T10:04:53+00:00","article_modified_time":"2021-07-19T10:56:07+00:00","og_image":[{"width":690,"height":450,"url":"https:\/\/forummontau.com\/girona\/wp-content\/uploads\/sites\/6\/2021\/07\/intoxicacionalcohol.png","type":"image\/png"}],"author":"Forum Salud Mental Madrid","twitter_card":"summary_large_image","twitter_misc":{"Escrito por":"Forum Salud Mental Madrid","Tiempo de lectura":"2 minutos"},"schema":{"@context":"https:\/\/schema.org","@graph":[{"@type":"Article","@id":"https:\/\/forummontau.com\/girona\/tinc-problemes-amb-lalcohol\/#article","isPartOf":{"@id":"https:\/\/forummontau.com\/girona\/tinc-problemes-amb-lalcohol\/"},"author":{"name":"Forum Salud Mental Madrid","@id":"https:\/\/forummontau.com\/girona\/#\/schema\/person\/dd79fa1c0ba733edd439998f9d7f5e25"},"headline":"Tinc problemes amb l&#8217;alcohol?","datePublished":"2021-07-19T10:04:53+00:00","dateModified":"2021-07-19T10:56:07+00:00","mainEntityOfPage":{"@id":"https:\/\/forummontau.com\/girona\/tinc-problemes-amb-lalcohol\/"},"wordCount":458,"publisher":{"@id":"https:\/\/forummontau.com\/girona\/#organization"},"image":{"@id":"https:\/\/forummontau.com\/girona\/tinc-problemes-amb-lalcohol\/#primaryimage"},"thumbnailUrl":"https:\/\/forummontau.com\/girona\/wp-content\/uploads\/sites\/6\/2021\/07\/intoxicacionalcohol.png","keywords":["Forum Terapeutic Girona"],"articleSection":["Addicci\u00f3","Alcohol"],"inLanguage":"es"},{"@type":"WebPage","@id":"https:\/\/forummontau.com\/girona\/tinc-problemes-amb-lalcohol\/","url":"https:\/\/forummontau.com\/girona\/tinc-problemes-amb-lalcohol\/","name":"Tinc problemes amb l'alcohol? - Forum Salud Mental Girona","isPartOf":{"@id":"https:\/\/forummontau.com\/girona\/#website"},"primaryImageOfPage":{"@id":"https:\/\/forummontau.com\/girona\/tinc-problemes-amb-lalcohol\/#primaryimage"},"image":{"@id":"https:\/\/forummontau.com\/girona\/tinc-problemes-amb-lalcohol\/#primaryimage"},"thumbnailUrl":"https:\/\/forummontau.com\/girona\/wp-content\/uploads\/sites\/6\/2021\/07\/intoxicacionalcohol.png","datePublished":"2021-07-19T10:04:53+00:00","dateModified":"2021-07-19T10:56:07+00:00","breadcrumb":{"@id":"https:\/\/forummontau.com\/girona\/tinc-problemes-amb-lalcohol\/#breadcrumb"},"inLanguage":"es","potentialAction":[{"@type":"ReadAction","target":["https:\/\/forummontau.com\/girona\/tinc-problemes-amb-lalcohol\/"]}]},{"@type":"ImageObject","inLanguage":"es","@id":"https:\/\/forummontau.com\/girona\/tinc-problemes-amb-lalcohol\/#primaryimage","url":"https:\/\/forummontau.com\/girona\/wp-content\/uploads\/sites\/6\/2021\/07\/intoxicacionalcohol.png","contentUrl":"https:\/\/forummontau.com\/girona\/wp-content\/uploads\/sites\/6\/2021\/07\/intoxicacionalcohol.png","width":690,"height":450},{"@type":"BreadcrumbList","@id":"https:\/\/forummontau.com\/girona\/tinc-problemes-amb-lalcohol\/#breadcrumb","itemListElement":[{"@type":"ListItem","position":1,"name":"Portada","item":"https:\/\/forummontau.com\/girona\/centre-desintoxicacio-i-addiccions-girona\/"},{"@type":"ListItem","position":2,"name":"Tinc problemes amb l&#8217;alcohol?"}]},{"@type":"WebSite","@id":"https:\/\/forummontau.com\/girona\/#website","url":"https:\/\/forummontau.com\/girona\/","name":"Forum Salud Mental Girona","description":"Centro de Desintoxicaci\u00f3n y Adicciones en Girona","publisher":{"@id":"https:\/\/forummontau.com\/girona\/#organization"},"potentialAction":[{"@type":"SearchAction","target":{"@type":"EntryPoint","urlTemplate":"https:\/\/forummontau.com\/girona\/?s={search_term_string}"},"query-input":{"@type":"PropertyValueSpecification","valueRequired":true,"valueName":"search_term_string"}}],"inLanguage":"es"},{"@type":"Organization","@id":"https:\/\/forummontau.com\/girona\/#organization","name":"Forum Salud Mental Girona","url":"https:\/\/forummontau.com\/girona\/","logo":{"@type":"ImageObject","inLanguage":"es","@id":"https:\/\/forummontau.com\/girona\/#\/schema\/logo\/image\/","url":"https:\/\/forummontau.com\/girona\/wp-content\/uploads\/sites\/6\/2020\/02\/girona_forum.png","contentUrl":"https:\/\/forummontau.com\/girona\/wp-content\/uploads\/sites\/6\/2020\/02\/girona_forum.png","width":215,"height":119,"caption":"Forum Salud Mental Girona"},"image":{"@id":"https:\/\/forummontau.com\/girona\/#\/schema\/logo\/image\/"}},{"@type":"Person","@id":"https:\/\/forummontau.com\/girona\/#\/schema\/person\/dd79fa1c0ba733edd439998f9d7f5e25","name":"Forum Salud Mental Madrid"}]}},"_links":{"self":[{"href":"https:\/\/forummontau.com\/girona\/wp-json\/wp\/v2\/posts\/2449","targetHints":{"allow":["GET"]}}],"collection":[{"href":"https:\/\/forummontau.com\/girona\/wp-json\/wp\/v2\/posts"}],"about":[{"href":"https:\/\/forummontau.com\/girona\/wp-json\/wp\/v2\/types\/post"}],"author":[{"embeddable":true,"href":"https:\/\/forummontau.com\/girona\/wp-json\/wp\/v2\/users\/2"}],"replies":[{"embeddable":true,"href":"https:\/\/forummontau.com\/girona\/wp-json\/wp\/v2\/comments?post=2449"}],"version-history":[{"count":1,"href":"https:\/\/forummontau.com\/girona\/wp-json\/wp\/v2\/posts\/2449\/revisions"}],"predecessor-version":[{"id":2450,"href":"https:\/\/forummontau.com\/girona\/wp-json\/wp\/v2\/posts\/2449\/revisions\/2450"}],"wp:featuredmedia":[{"embeddable":true,"href":"https:\/\/forummontau.com\/girona\/wp-json\/wp\/v2\/media\/2456"}],"wp:attachment":[{"href":"https:\/\/forummontau.com\/girona\/wp-json\/wp\/v2\/media?parent=2449"}],"wp:term":[{"taxonomy":"category","embeddable":true,"href":"https:\/\/forummontau.com\/girona\/wp-json\/wp\/v2\/categories?post=2449"},{"taxonomy":"post_tag","embeddable":true,"href":"https:\/\/forummontau.com\/girona\/wp-json\/wp\/v2\/tags?post=2449"}],"curies":[{"name":"wp","href":"https:\/\/api.w.org\/{rel}","templated":true}]}}