{"id":2499,"date":"2021-08-13T09:34:09","date_gmt":"2021-08-13T09:34:09","guid":{"rendered":"https:\/\/forumgirona.cat\/?p=2499"},"modified":"2021-08-13T09:34:11","modified_gmt":"2021-08-13T09:34:11","slug":"alcohol-i-tabac-les-subtancies-mes-associades-a-la-patologia-dual","status":"publish","type":"post","link":"https:\/\/forummontau.com\/girona\/alcohol-i-tabac-les-subtancies-mes-associades-a-la-patologia-dual\/","title":{"rendered":"Alcohol i tabac, les subt\u00e0ncies m\u00e9s associades a la patologia dual"},"content":{"rendered":"\n<p>Els homes solen ser m\u00e9s propensos a patir patologia dual (coexist\u00e8ncia d&#8217;un trastorn addictiu i un altre trastorn mental cl\u00e0ssic), especialment relacionada amb el<strong> consum de c\u00e0nnabis, coca\u00efna i alcohol<\/strong>; per\u00f2 quan es tracta d&#8217;addiccions a f\u00e0rmacs, el g\u00e8nere femen\u00ed \u00e9s m\u00e9s prevalent.<\/p>\n\n\n\n<p>Set de cada deu pacients amb una addicci\u00f3 pateix a m\u00e9s un altre<strong> trastorn mental<\/strong>. En aquest sentit, la comunitat cient\u00edfica considera que les addiccions s\u00f3n una malaltia mental en si mateixa, que no es tria i que t\u00e9 una base cerebral, igual que altres patologies com l&#8217;esquizofr\u00e8nia o el trastorn bipolar.<\/p>\n\n\n\n<p>Fins al 10% de les persones que estan en contacte amb algun tipus de subst\u00e0ncia addictiva (tabac, alcohol, coca\u00efna, c\u00e0nnabis &#8230;) t\u00e9 risc de patir una addicci\u00f3.<\/p>\n\n\n\n<p>Segons diversos estudis realitzats al nostre pa\u00eds, els trastorns mentals m\u00e9s freq\u00fcents que cursen aquest tipus de pacients s\u00f3n de tipus afectiu; \u00e9s a dir, depressi\u00f3, ansietat, trastorn del son, aix\u00ed com trastorns de personalitat, esquizofr\u00e8nia o bipolaritat.<\/p>\n\n\n\n<p><strong>FACTORS IMPLICATS<\/strong><br>\u00abHi ha evid\u00e8ncia cient\u00edfica que demostra que, a m\u00e9s de la disponibilitat a certes subst\u00e0ncies, hi ha factors biol\u00f2gics i gen\u00e8tics que condicionen la vulnerabilitat individual a patir algun tipus de malaltia mental com les addiccions\u00bb, explica N\u00e9stor Szerman, president de la Fundaci\u00f3 Espanyola de Patologia Dual.<\/p>\n\n\n\n<p>Les addiccions m\u00e9s freq\u00fcents a Espanya i als pa\u00efsos del seu entorn s\u00f3n el tabac i l&#8217;alcohol. \u00abAquestes dues subst\u00e0ncies s\u00f3n les m\u00e9s comuns entre els pacients duals. Tampoc podem oblidar-nos que, per a certs pacients, el c\u00e0nnabis o els estimulants s\u00f3n molt recurrents\u00bb.<\/p>\n","protected":false},"excerpt":{"rendered":"<p>Els homes solen ser m\u00e9s propensos a patir patologia dual (coexist\u00e8ncia d&#8217;un trastorn addictiu i un altre trastorn mental cl\u00e0ssic), especialment relacionada amb el consum de c\u00e0nnabis, coca\u00efna i alcohol; per\u00f2 quan es tracta d&#8217;addiccions a f\u00e0rmacs, el g\u00e8nere femen\u00ed \u00e9s m\u00e9s prevalent. Set de cada deu pacients amb una addicci\u00f3 pateix a m\u00e9s un [&hellip;]<\/p>\n","protected":false},"author":2,"featured_media":2497,"comment_status":"closed","ping_status":"closed","sticky":false,"template":"","format":"standard","meta":{"ocean_post_layout":"","ocean_both_sidebars_style":"","ocean_both_sidebars_content_width":0,"ocean_both_sidebars_sidebars_width":0,"ocean_sidebar":"0","ocean_second_sidebar":"0","ocean_disable_margins":"enable","ocean_add_body_class":"","ocean_shortcode_before_top_bar":"","ocean_shortcode_after_top_bar":"","ocean_shortcode_before_header":"","ocean_shortcode_after_header":"","ocean_has_shortcode":"","ocean_shortcode_after_title":"","ocean_shortcode_before_footer_widgets":"","ocean_shortcode_after_footer_widgets":"","ocean_shortcode_before_footer_bottom":"","ocean_shortcode_after_footer_bottom":"","ocean_display_top_bar":"default","ocean_display_header":"default","ocean_header_style":"","ocean_center_header_left_menu":"0","ocean_custom_header_template":"0","ocean_custom_logo":0,"ocean_custom_retina_logo":0,"ocean_custom_logo_max_width":0,"ocean_custom_logo_tablet_max_width":0,"ocean_custom_logo_mobile_max_width":0,"ocean_custom_logo_max_height":0,"ocean_custom_logo_tablet_max_height":0,"ocean_custom_logo_mobile_max_height":0,"ocean_header_custom_menu":"0","ocean_menu_typo_font_family":"0","ocean_menu_typo_font_subset":"","ocean_menu_typo_font_size":0,"ocean_menu_typo_font_size_tablet":0,"ocean_menu_typo_font_size_mobile":0,"ocean_menu_typo_font_size_unit":"px","ocean_menu_typo_font_weight":"","ocean_menu_typo_font_weight_tablet":"","ocean_menu_typo_font_weight_mobile":"","ocean_menu_typo_transform":"","ocean_menu_typo_transform_tablet":"","ocean_menu_typo_transform_mobile":"","ocean_menu_typo_line_height":0,"ocean_menu_typo_line_height_tablet":0,"ocean_menu_typo_line_height_mobile":0,"ocean_menu_typo_line_height_unit":"","ocean_menu_typo_spacing":0,"ocean_menu_typo_spacing_tablet":0,"ocean_menu_typo_spacing_mobile":0,"ocean_menu_typo_spacing_unit":"","ocean_menu_link_color":"","ocean_menu_link_color_hover":"","ocean_menu_link_color_active":"","ocean_menu_link_background":"","ocean_menu_link_hover_background":"","ocean_menu_link_active_background":"","ocean_menu_social_links_bg":"","ocean_menu_social_hover_links_bg":"","ocean_menu_social_links_color":"","ocean_menu_social_hover_links_color":"","ocean_disable_title":"on","ocean_disable_heading":"default","ocean_post_title":"","ocean_post_subheading":"","ocean_post_title_style":"","ocean_post_title_background_color":"","ocean_post_title_background":0,"ocean_post_title_bg_image_position":"","ocean_post_title_bg_image_attachment":"","ocean_post_title_bg_image_repeat":"","ocean_post_title_bg_image_size":"","ocean_post_title_height":0,"ocean_post_title_bg_overlay":0.5,"ocean_post_title_bg_overlay_color":"","ocean_disable_breadcrumbs":"default","ocean_breadcrumbs_color":"","ocean_breadcrumbs_separator_color":"","ocean_breadcrumbs_links_color":"","ocean_breadcrumbs_links_hover_color":"","ocean_display_footer_widgets":"default","ocean_display_footer_bottom":"default","ocean_custom_footer_template":"0","ocean_post_oembed":"","ocean_post_self_hosted_media":"","ocean_post_video_embed":"","ocean_link_format":"","ocean_link_format_target":"self","ocean_quote_format":"","ocean_quote_format_link":"post","ocean_gallery_link_images":"off","ocean_gallery_id":[],"footnotes":""},"categories":[9],"tags":[],"class_list":["post-2499","post","type-post","status-publish","format-standard","has-post-thumbnail","hentry","category-sin-categoria-ca","entry","has-media"],"yoast_head":"<!-- This site is optimized with the Yoast SEO plugin v27.5 - https:\/\/yoast.com\/product\/yoast-seo-wordpress\/ -->\n<title>Alcohol i tabac, les subt\u00e0ncies m\u00e9s associades a la patologia dual - Forum Salud Mental Girona<\/title>\n<meta name=\"description\" content=\"Existe evidencia cient\u00edfica que demuestra que, adem\u00e1s de la disponibilidad a ciertas sustancias, existen factores biol\u00f3gicos y gen\u00e9ticos que condicionan la vulnerabilidad individual a padecer alg\u00fan tipo de enfermedad mental como las adicciones.\" \/>\n<meta name=\"robots\" content=\"index, follow, max-snippet:-1, max-image-preview:large, max-video-preview:-1\" \/>\n<link rel=\"canonical\" href=\"https:\/\/forummontau.com\/girona\/alcohol-i-tabac-les-subtancies-mes-associades-a-la-patologia-dual\/\" \/>\n<meta property=\"og:locale\" content=\"es_ES\" \/>\n<meta property=\"og:type\" content=\"article\" \/>\n<meta property=\"og:title\" content=\"Alcohol i tabac, les subt\u00e0ncies m\u00e9s associades a la patologia dual - Forum Salud Mental Girona\" \/>\n<meta property=\"og:description\" content=\"Existe evidencia cient\u00edfica que demuestra que, adem\u00e1s de la disponibilidad a ciertas sustancias, existen factores biol\u00f3gicos y gen\u00e9ticos que condicionan la vulnerabilidad individual a padecer alg\u00fan tipo de enfermedad mental como las adicciones.\" \/>\n<meta property=\"og:url\" content=\"https:\/\/forummontau.com\/girona\/alcohol-i-tabac-les-subtancies-mes-associades-a-la-patologia-dual\/\" \/>\n<meta property=\"og:site_name\" content=\"Forum Salud Mental Girona\" \/>\n<meta property=\"article:published_time\" content=\"2021-08-13T09:34:09+00:00\" \/>\n<meta property=\"article:modified_time\" content=\"2021-08-13T09:34:11+00:00\" \/>\n<meta property=\"og:image\" content=\"https:\/\/forummontau.com\/girona\/wp-content\/uploads\/sites\/6\/2021\/08\/patologia-dual.jpg\" \/>\n\t<meta property=\"og:image:width\" content=\"833\" \/>\n\t<meta property=\"og:image:height\" content=\"325\" \/>\n\t<meta property=\"og:image:type\" content=\"image\/jpeg\" \/>\n<meta name=\"author\" content=\"Forum Salud Mental Madrid\" \/>\n<meta name=\"twitter:card\" content=\"summary_large_image\" \/>\n<meta name=\"twitter:label1\" content=\"Escrito por\" \/>\n\t<meta name=\"twitter:data1\" content=\"Forum Salud Mental Madrid\" \/>\n\t<meta name=\"twitter:label2\" content=\"Tiempo de lectura\" \/>\n\t<meta name=\"twitter:data2\" content=\"2 minutos\" \/>\n<script type=\"application\/ld+json\" class=\"yoast-schema-graph\">{\"@context\":\"https:\\\/\\\/schema.org\",\"@graph\":[{\"@type\":\"Article\",\"@id\":\"https:\\\/\\\/forummontau.com\\\/girona\\\/alcohol-i-tabac-les-subtancies-mes-associades-a-la-patologia-dual\\\/#article\",\"isPartOf\":{\"@id\":\"https:\\\/\\\/forummontau.com\\\/girona\\\/alcohol-i-tabac-les-subtancies-mes-associades-a-la-patologia-dual\\\/\"},\"author\":{\"name\":\"Forum Salud Mental Madrid\",\"@id\":\"https:\\\/\\\/forummontau.com\\\/girona\\\/#\\\/schema\\\/person\\\/dd79fa1c0ba733edd439998f9d7f5e25\"},\"headline\":\"Alcohol i tabac, les subt\u00e0ncies m\u00e9s associades a la patologia dual\",\"datePublished\":\"2021-08-13T09:34:09+00:00\",\"dateModified\":\"2021-08-13T09:34:11+00:00\",\"mainEntityOfPage\":{\"@id\":\"https:\\\/\\\/forummontau.com\\\/girona\\\/alcohol-i-tabac-les-subtancies-mes-associades-a-la-patologia-dual\\\/\"},\"wordCount\":304,\"publisher\":{\"@id\":\"https:\\\/\\\/forummontau.com\\\/girona\\\/#organization\"},\"image\":{\"@id\":\"https:\\\/\\\/forummontau.com\\\/girona\\\/alcohol-i-tabac-les-subtancies-mes-associades-a-la-patologia-dual\\\/#primaryimage\"},\"thumbnailUrl\":\"https:\\\/\\\/forummontau.com\\\/girona\\\/wp-content\\\/uploads\\\/sites\\\/6\\\/2021\\\/08\\\/patologia-dual.jpg\",\"inLanguage\":\"es\"},{\"@type\":\"WebPage\",\"@id\":\"https:\\\/\\\/forummontau.com\\\/girona\\\/alcohol-i-tabac-les-subtancies-mes-associades-a-la-patologia-dual\\\/\",\"url\":\"https:\\\/\\\/forummontau.com\\\/girona\\\/alcohol-i-tabac-les-subtancies-mes-associades-a-la-patologia-dual\\\/\",\"name\":\"Alcohol i tabac, les subt\u00e0ncies m\u00e9s associades a la patologia dual - Forum Salud Mental Girona\",\"isPartOf\":{\"@id\":\"https:\\\/\\\/forummontau.com\\\/girona\\\/#website\"},\"primaryImageOfPage\":{\"@id\":\"https:\\\/\\\/forummontau.com\\\/girona\\\/alcohol-i-tabac-les-subtancies-mes-associades-a-la-patologia-dual\\\/#primaryimage\"},\"image\":{\"@id\":\"https:\\\/\\\/forummontau.com\\\/girona\\\/alcohol-i-tabac-les-subtancies-mes-associades-a-la-patologia-dual\\\/#primaryimage\"},\"thumbnailUrl\":\"https:\\\/\\\/forummontau.com\\\/girona\\\/wp-content\\\/uploads\\\/sites\\\/6\\\/2021\\\/08\\\/patologia-dual.jpg\",\"datePublished\":\"2021-08-13T09:34:09+00:00\",\"dateModified\":\"2021-08-13T09:34:11+00:00\",\"description\":\"Existe evidencia cient\u00edfica que demuestra que, adem\u00e1s de la disponibilidad a ciertas sustancias, existen factores biol\u00f3gicos y gen\u00e9ticos que condicionan la vulnerabilidad individual a padecer alg\u00fan tipo de enfermedad mental como las adicciones.\",\"breadcrumb\":{\"@id\":\"https:\\\/\\\/forummontau.com\\\/girona\\\/alcohol-i-tabac-les-subtancies-mes-associades-a-la-patologia-dual\\\/#breadcrumb\"},\"inLanguage\":\"es\",\"potentialAction\":[{\"@type\":\"ReadAction\",\"target\":[\"https:\\\/\\\/forummontau.com\\\/girona\\\/alcohol-i-tabac-les-subtancies-mes-associades-a-la-patologia-dual\\\/\"]}]},{\"@type\":\"ImageObject\",\"inLanguage\":\"es\",\"@id\":\"https:\\\/\\\/forummontau.com\\\/girona\\\/alcohol-i-tabac-les-subtancies-mes-associades-a-la-patologia-dual\\\/#primaryimage\",\"url\":\"https:\\\/\\\/forummontau.com\\\/girona\\\/wp-content\\\/uploads\\\/sites\\\/6\\\/2021\\\/08\\\/patologia-dual.jpg\",\"contentUrl\":\"https:\\\/\\\/forummontau.com\\\/girona\\\/wp-content\\\/uploads\\\/sites\\\/6\\\/2021\\\/08\\\/patologia-dual.jpg\",\"width\":833,\"height\":325},{\"@type\":\"BreadcrumbList\",\"@id\":\"https:\\\/\\\/forummontau.com\\\/girona\\\/alcohol-i-tabac-les-subtancies-mes-associades-a-la-patologia-dual\\\/#breadcrumb\",\"itemListElement\":[{\"@type\":\"ListItem\",\"position\":1,\"name\":\"Portada\",\"item\":\"https:\\\/\\\/forummontau.com\\\/girona\\\/centre-desintoxicacio-i-addiccions-girona\\\/\"},{\"@type\":\"ListItem\",\"position\":2,\"name\":\"Alcohol i tabac, les subt\u00e0ncies m\u00e9s associades a la patologia dual\"}]},{\"@type\":\"WebSite\",\"@id\":\"https:\\\/\\\/forummontau.com\\\/girona\\\/#website\",\"url\":\"https:\\\/\\\/forummontau.com\\\/girona\\\/\",\"name\":\"Forum Salud Mental Girona\",\"description\":\"Centro de Desintoxicaci\u00f3n y Adicciones en Girona\",\"publisher\":{\"@id\":\"https:\\\/\\\/forummontau.com\\\/girona\\\/#organization\"},\"potentialAction\":[{\"@type\":\"SearchAction\",\"target\":{\"@type\":\"EntryPoint\",\"urlTemplate\":\"https:\\\/\\\/forummontau.com\\\/girona\\\/?s={search_term_string}\"},\"query-input\":{\"@type\":\"PropertyValueSpecification\",\"valueRequired\":true,\"valueName\":\"search_term_string\"}}],\"inLanguage\":\"es\"},{\"@type\":\"Organization\",\"@id\":\"https:\\\/\\\/forummontau.com\\\/girona\\\/#organization\",\"name\":\"Forum Salud Mental Girona\",\"url\":\"https:\\\/\\\/forummontau.com\\\/girona\\\/\",\"logo\":{\"@type\":\"ImageObject\",\"inLanguage\":\"es\",\"@id\":\"https:\\\/\\\/forummontau.com\\\/girona\\\/#\\\/schema\\\/logo\\\/image\\\/\",\"url\":\"https:\\\/\\\/forummontau.com\\\/girona\\\/wp-content\\\/uploads\\\/sites\\\/6\\\/2020\\\/02\\\/girona_forum.png\",\"contentUrl\":\"https:\\\/\\\/forummontau.com\\\/girona\\\/wp-content\\\/uploads\\\/sites\\\/6\\\/2020\\\/02\\\/girona_forum.png\",\"width\":215,\"height\":119,\"caption\":\"Forum Salud Mental Girona\"},\"image\":{\"@id\":\"https:\\\/\\\/forummontau.com\\\/girona\\\/#\\\/schema\\\/logo\\\/image\\\/\"}},{\"@type\":\"Person\",\"@id\":\"https:\\\/\\\/forummontau.com\\\/girona\\\/#\\\/schema\\\/person\\\/dd79fa1c0ba733edd439998f9d7f5e25\",\"name\":\"Forum Salud Mental Madrid\"}]}<\/script>\n<!-- \/ Yoast SEO plugin. -->","yoast_head_json":{"title":"Alcohol i tabac, les subt\u00e0ncies m\u00e9s associades a la patologia dual - Forum Salud Mental Girona","description":"Existe evidencia cient\u00edfica que demuestra que, adem\u00e1s de la disponibilidad a ciertas sustancias, existen factores biol\u00f3gicos y gen\u00e9ticos que condicionan la vulnerabilidad individual a padecer alg\u00fan tipo de enfermedad mental como las adicciones.","robots":{"index":"index","follow":"follow","max-snippet":"max-snippet:-1","max-image-preview":"max-image-preview:large","max-video-preview":"max-video-preview:-1"},"canonical":"https:\/\/forummontau.com\/girona\/alcohol-i-tabac-les-subtancies-mes-associades-a-la-patologia-dual\/","og_locale":"es_ES","og_type":"article","og_title":"Alcohol i tabac, les subt\u00e0ncies m\u00e9s associades a la patologia dual - Forum Salud Mental Girona","og_description":"Existe evidencia cient\u00edfica que demuestra que, adem\u00e1s de la disponibilidad a ciertas sustancias, existen factores biol\u00f3gicos y gen\u00e9ticos que condicionan la vulnerabilidad individual a padecer alg\u00fan tipo de enfermedad mental como las adicciones.","og_url":"https:\/\/forummontau.com\/girona\/alcohol-i-tabac-les-subtancies-mes-associades-a-la-patologia-dual\/","og_site_name":"Forum Salud Mental Girona","article_published_time":"2021-08-13T09:34:09+00:00","article_modified_time":"2021-08-13T09:34:11+00:00","og_image":[{"width":833,"height":325,"url":"https:\/\/forummontau.com\/girona\/wp-content\/uploads\/sites\/6\/2021\/08\/patologia-dual.jpg","type":"image\/jpeg"}],"author":"Forum Salud Mental Madrid","twitter_card":"summary_large_image","twitter_misc":{"Escrito por":"Forum Salud Mental Madrid","Tiempo de lectura":"2 minutos"},"schema":{"@context":"https:\/\/schema.org","@graph":[{"@type":"Article","@id":"https:\/\/forummontau.com\/girona\/alcohol-i-tabac-les-subtancies-mes-associades-a-la-patologia-dual\/#article","isPartOf":{"@id":"https:\/\/forummontau.com\/girona\/alcohol-i-tabac-les-subtancies-mes-associades-a-la-patologia-dual\/"},"author":{"name":"Forum Salud Mental Madrid","@id":"https:\/\/forummontau.com\/girona\/#\/schema\/person\/dd79fa1c0ba733edd439998f9d7f5e25"},"headline":"Alcohol i tabac, les subt\u00e0ncies m\u00e9s associades a la patologia dual","datePublished":"2021-08-13T09:34:09+00:00","dateModified":"2021-08-13T09:34:11+00:00","mainEntityOfPage":{"@id":"https:\/\/forummontau.com\/girona\/alcohol-i-tabac-les-subtancies-mes-associades-a-la-patologia-dual\/"},"wordCount":304,"publisher":{"@id":"https:\/\/forummontau.com\/girona\/#organization"},"image":{"@id":"https:\/\/forummontau.com\/girona\/alcohol-i-tabac-les-subtancies-mes-associades-a-la-patologia-dual\/#primaryimage"},"thumbnailUrl":"https:\/\/forummontau.com\/girona\/wp-content\/uploads\/sites\/6\/2021\/08\/patologia-dual.jpg","inLanguage":"es"},{"@type":"WebPage","@id":"https:\/\/forummontau.com\/girona\/alcohol-i-tabac-les-subtancies-mes-associades-a-la-patologia-dual\/","url":"https:\/\/forummontau.com\/girona\/alcohol-i-tabac-les-subtancies-mes-associades-a-la-patologia-dual\/","name":"Alcohol i tabac, les subt\u00e0ncies m\u00e9s associades a la patologia dual - Forum Salud Mental Girona","isPartOf":{"@id":"https:\/\/forummontau.com\/girona\/#website"},"primaryImageOfPage":{"@id":"https:\/\/forummontau.com\/girona\/alcohol-i-tabac-les-subtancies-mes-associades-a-la-patologia-dual\/#primaryimage"},"image":{"@id":"https:\/\/forummontau.com\/girona\/alcohol-i-tabac-les-subtancies-mes-associades-a-la-patologia-dual\/#primaryimage"},"thumbnailUrl":"https:\/\/forummontau.com\/girona\/wp-content\/uploads\/sites\/6\/2021\/08\/patologia-dual.jpg","datePublished":"2021-08-13T09:34:09+00:00","dateModified":"2021-08-13T09:34:11+00:00","description":"Existe evidencia cient\u00edfica que demuestra que, adem\u00e1s de la disponibilidad a ciertas sustancias, existen factores biol\u00f3gicos y gen\u00e9ticos que condicionan la vulnerabilidad individual a padecer alg\u00fan tipo de enfermedad mental como las adicciones.","breadcrumb":{"@id":"https:\/\/forummontau.com\/girona\/alcohol-i-tabac-les-subtancies-mes-associades-a-la-patologia-dual\/#breadcrumb"},"inLanguage":"es","potentialAction":[{"@type":"ReadAction","target":["https:\/\/forummontau.com\/girona\/alcohol-i-tabac-les-subtancies-mes-associades-a-la-patologia-dual\/"]}]},{"@type":"ImageObject","inLanguage":"es","@id":"https:\/\/forummontau.com\/girona\/alcohol-i-tabac-les-subtancies-mes-associades-a-la-patologia-dual\/#primaryimage","url":"https:\/\/forummontau.com\/girona\/wp-content\/uploads\/sites\/6\/2021\/08\/patologia-dual.jpg","contentUrl":"https:\/\/forummontau.com\/girona\/wp-content\/uploads\/sites\/6\/2021\/08\/patologia-dual.jpg","width":833,"height":325},{"@type":"BreadcrumbList","@id":"https:\/\/forummontau.com\/girona\/alcohol-i-tabac-les-subtancies-mes-associades-a-la-patologia-dual\/#breadcrumb","itemListElement":[{"@type":"ListItem","position":1,"name":"Portada","item":"https:\/\/forummontau.com\/girona\/centre-desintoxicacio-i-addiccions-girona\/"},{"@type":"ListItem","position":2,"name":"Alcohol i tabac, les subt\u00e0ncies m\u00e9s associades a la patologia dual"}]},{"@type":"WebSite","@id":"https:\/\/forummontau.com\/girona\/#website","url":"https:\/\/forummontau.com\/girona\/","name":"Forum Salud Mental Girona","description":"Centro de Desintoxicaci\u00f3n y Adicciones en Girona","publisher":{"@id":"https:\/\/forummontau.com\/girona\/#organization"},"potentialAction":[{"@type":"SearchAction","target":{"@type":"EntryPoint","urlTemplate":"https:\/\/forummontau.com\/girona\/?s={search_term_string}"},"query-input":{"@type":"PropertyValueSpecification","valueRequired":true,"valueName":"search_term_string"}}],"inLanguage":"es"},{"@type":"Organization","@id":"https:\/\/forummontau.com\/girona\/#organization","name":"Forum Salud Mental Girona","url":"https:\/\/forummontau.com\/girona\/","logo":{"@type":"ImageObject","inLanguage":"es","@id":"https:\/\/forummontau.com\/girona\/#\/schema\/logo\/image\/","url":"https:\/\/forummontau.com\/girona\/wp-content\/uploads\/sites\/6\/2020\/02\/girona_forum.png","contentUrl":"https:\/\/forummontau.com\/girona\/wp-content\/uploads\/sites\/6\/2020\/02\/girona_forum.png","width":215,"height":119,"caption":"Forum Salud Mental Girona"},"image":{"@id":"https:\/\/forummontau.com\/girona\/#\/schema\/logo\/image\/"}},{"@type":"Person","@id":"https:\/\/forummontau.com\/girona\/#\/schema\/person\/dd79fa1c0ba733edd439998f9d7f5e25","name":"Forum Salud Mental Madrid"}]}},"_links":{"self":[{"href":"https:\/\/forummontau.com\/girona\/wp-json\/wp\/v2\/posts\/2499","targetHints":{"allow":["GET"]}}],"collection":[{"href":"https:\/\/forummontau.com\/girona\/wp-json\/wp\/v2\/posts"}],"about":[{"href":"https:\/\/forummontau.com\/girona\/wp-json\/wp\/v2\/types\/post"}],"author":[{"embeddable":true,"href":"https:\/\/forummontau.com\/girona\/wp-json\/wp\/v2\/users\/2"}],"replies":[{"embeddable":true,"href":"https:\/\/forummontau.com\/girona\/wp-json\/wp\/v2\/comments?post=2499"}],"version-history":[{"count":1,"href":"https:\/\/forummontau.com\/girona\/wp-json\/wp\/v2\/posts\/2499\/revisions"}],"predecessor-version":[{"id":2500,"href":"https:\/\/forummontau.com\/girona\/wp-json\/wp\/v2\/posts\/2499\/revisions\/2500"}],"wp:featuredmedia":[{"embeddable":true,"href":"https:\/\/forummontau.com\/girona\/wp-json\/wp\/v2\/media\/2497"}],"wp:attachment":[{"href":"https:\/\/forummontau.com\/girona\/wp-json\/wp\/v2\/media?parent=2499"}],"wp:term":[{"taxonomy":"category","embeddable":true,"href":"https:\/\/forummontau.com\/girona\/wp-json\/wp\/v2\/categories?post=2499"},{"taxonomy":"post_tag","embeddable":true,"href":"https:\/\/forummontau.com\/girona\/wp-json\/wp\/v2\/tags?post=2499"}],"curies":[{"name":"wp","href":"https:\/\/api.w.org\/{rel}","templated":true}]}}