{"id":2559,"date":"2021-12-02T12:16:17","date_gmt":"2021-12-02T12:16:17","guid":{"rendered":"https:\/\/forumgirona.cat\/?p=2559"},"modified":"2021-12-02T12:20:10","modified_gmt":"2021-12-02T12:20:10","slug":"la-terapia-de-familia-en-el-proces-de-recuperacio-de-ladicte","status":"publish","type":"post","link":"https:\/\/forummontau.com\/girona\/la-terapia-de-familia-en-el-proces-de-recuperacio-de-ladicte\/","title":{"rendered":"La ter\u00e0pia de fam\u00edlia en el proc\u00e9s de recuperaci\u00f3 de l&#8217;adicte"},"content":{"rendered":"\n<p>La<strong> fam\u00edlia \u00e9s el principal entorn en el qual els addictes presenten els seus trastorns i alteracions<\/strong>, per aix\u00f2, la inclusi\u00f3 de la ter\u00e0pia de fam\u00edlia \u00e9s una necessitat per a abordar la recuperaci\u00f3 de les persones amb problemes d&#8217;addicci\u00f3.<\/p>\n\n\n\n<p>Partint de la premissa que la fam\u00edlia desenvolupa un paper clau, la planificaci\u00f3 terap\u00e8utica del nostre centre contempla i inclou totes les modalitats d&#8217;intervenci\u00f3, a m\u00e9s de la ter\u00e0pia individual i de parella, la de familiars d&#8217;addictes en tractament.<br>Aquest tipus de ter\u00e0pia crea un espai terap\u00e8utic propi per a familiars i un grup de refer\u00e8ncia que freni el proc\u00e9s de despersonalitzaci\u00f3 familiar.<\/p>\n\n\n\n<h2 class=\"wp-block-heading\"> Acompanyament a la fam\u00edlia <\/h2>\n\n\n\n<p><strong>Les persones m\u00e9s pr\u00f2ximes als addictes sofreixen una progressiva deterioraci\u00f3 psicol\u00f2gica<\/strong> imputable a diversos factors; l\u2019adqueriment involuntari per part dels familiars (especialment els pares i la parella) de funcions, rols i comeses que corresponen a l&#8217;addicte segons aquest es torna m\u00e9s negligent o incapa\u00e7.<\/p>\n\n\n\n<p>L&#8217;enorme tensi\u00f3 que provoquen les addiccions en els qui estan prop de l&#8217;addicte donades les situacions l\u00edmit que els toca viure.<br>Es podrien donar moltes m\u00e9s raons, per\u00f2 el resultat final continuaria sent la ja apuntada despersonalitzaci\u00f3 dels familiars. I la desaparici\u00f3 de dist\u00e0ncies emocionals adequades respecte al problema i al subjecte d&#8217;aquest.<\/p>\n\n\n\n<h2 class=\"wp-block-heading\">Ter\u00e0pia de fam\u00edlia<\/h2>\n\n\n\n<p>La ter\u00e0pia familiar proporciona un referent als seus integrants que contraresta efica\u00e7ment totes aquestes distorsions, retornant a poc a poc el sentit d&#8217;individualitat als familiars.<\/p>\n\n\n\n<p>De manera similar al que succeeix en psicoter\u00e0pia de grup amb pacients; les sessions de ter\u00e0pia multifamiliar serveixen perqu\u00e8 siguin els propis participants els qui obrin de terapeutes els uns dels altres; aportant-se informaci\u00f3 significativa tant vivencial com sobre les possibles maneres d&#8217;enfrontar-se a les respectives problem\u00e0tiques.<\/p>\n\n\n\n<p>Encara que no hi ha m\u00e9s ben mestre que aquell que ha experimentat alguna cosa semblan\u00e7a al propi i ha sabut resoldre-ho; perqu\u00e8 qui rep aquesta informaci\u00f3 pugui utilitzar-la favorablement ha de poder trobar-se amb aquella persona que l&#8217;ofereix.<br>Les sessions de ter\u00e0pia multifamiliar s\u00f3n espais de trobada on s&#8217;incideix en q\u00fcestions emotiu-afectives des d&#8217;un marc d&#8217;empatia i identificaci\u00f3.<\/p>\n\n\n\n<p>No obstant aix\u00f2, amb confortar i ser confortat tamb\u00e9 \u00e9s indispensable, una veritable trobada entre els qui participen en les sessions, a fi que resulti possible transcendir les pr\u00f2pies escenes traum\u00e0tiques, dotant-les de nou significat, aix\u00ed podr\u00e0 alliberar-se de les reaccions i comportaments estereotipats inclosos en aquestes.<\/p>\n\n\n\n<h2 class=\"wp-block-heading\">Marc terap\u00e8utic<\/h2>\n\n\n\n<p>A trav\u00e9s d&#8217;elles s&#8217;aporta a les fam\u00edlies informaci\u00f3 b\u00e0sica sobre la malaltia a m\u00e9s d&#8217;establir un marc terap\u00e8utic de di\u00e0leg que afavoreixi l&#8217;expressi\u00f3 racional i emocional dels diferents problemes dels assistents. Tamb\u00e9 es pret\u00e9n que orient en l&#8217;establiment de futures l\u00ednies de treball individual i col\u00b7lectiu, pretenent que les fam\u00edlies s&#8217;impliquin progressivament en les funcions que es deriven del proc\u00e9s de rehabilitaci\u00f3.<br><br>Trobar-se amb altres fam\u00edlies que aporten, transmeten i repeteixen les mateixes actuacions, afectes i vincles \u00e9s com mirar-se en un mirall, i adonar-se que els altres tamb\u00e9 estan vivint la mateixa situaci\u00f3.<\/p>\n\n\n\n<p>La ter\u00e0pia de fam\u00edlia es desenvolupa de manera paral\u00b7lela al programa individual que segueix el pacient. Les metes de la intervenci\u00f3 familiar seran la recuperaci\u00f3 i el manteniment de nivells d&#8217;energia f\u00edsics i psicol\u00f2gics adequats en els familiars que participen en el proc\u00e9s. L&#8217;increment de l&#8217;objectivitat respecte a l&#8217;addicci\u00f3 i als problemes i dificultats de l&#8217;addicte i de la pr\u00f2pia fam\u00edlia i l&#8217;estabilitat emocional enfront dels sentiments d&#8217;insatisfacci\u00f3, de buit i d&#8217;angoixa.<\/p>\n","protected":false},"excerpt":{"rendered":"<p>La fam\u00edlia \u00e9s el principal entorn en el qual els addictes presenten els seus trastorns i alteracions, per aix\u00f2, la inclusi\u00f3 de la ter\u00e0pia de fam\u00edlia \u00e9s una necessitat per a abordar la recuperaci\u00f3 de les persones amb problemes d&#8217;addicci\u00f3. Partint de la premissa que la fam\u00edlia desenvolupa un paper clau, la planificaci\u00f3 terap\u00e8utica del [&hellip;]<\/p>\n","protected":false},"author":2,"featured_media":2560,"comment_status":"closed","ping_status":"closed","sticky":false,"template":"","format":"standard","meta":{"ocean_post_layout":"","ocean_both_sidebars_style":"","ocean_both_sidebars_content_width":0,"ocean_both_sidebars_sidebars_width":0,"ocean_sidebar":"0","ocean_second_sidebar":"0","ocean_disable_margins":"enable","ocean_add_body_class":"","ocean_shortcode_before_top_bar":"","ocean_shortcode_after_top_bar":"","ocean_shortcode_before_header":"","ocean_shortcode_after_header":"","ocean_has_shortcode":"","ocean_shortcode_after_title":"","ocean_shortcode_before_footer_widgets":"","ocean_shortcode_after_footer_widgets":"","ocean_shortcode_before_footer_bottom":"","ocean_shortcode_after_footer_bottom":"","ocean_display_top_bar":"default","ocean_display_header":"default","ocean_header_style":"","ocean_center_header_left_menu":"0","ocean_custom_header_template":"0","ocean_custom_logo":0,"ocean_custom_retina_logo":0,"ocean_custom_logo_max_width":0,"ocean_custom_logo_tablet_max_width":0,"ocean_custom_logo_mobile_max_width":0,"ocean_custom_logo_max_height":0,"ocean_custom_logo_tablet_max_height":0,"ocean_custom_logo_mobile_max_height":0,"ocean_header_custom_menu":"0","ocean_menu_typo_font_family":"0","ocean_menu_typo_font_subset":"","ocean_menu_typo_font_size":0,"ocean_menu_typo_font_size_tablet":0,"ocean_menu_typo_font_size_mobile":0,"ocean_menu_typo_font_size_unit":"px","ocean_menu_typo_font_weight":"","ocean_menu_typo_font_weight_tablet":"","ocean_menu_typo_font_weight_mobile":"","ocean_menu_typo_transform":"","ocean_menu_typo_transform_tablet":"","ocean_menu_typo_transform_mobile":"","ocean_menu_typo_line_height":0,"ocean_menu_typo_line_height_tablet":0,"ocean_menu_typo_line_height_mobile":0,"ocean_menu_typo_line_height_unit":"","ocean_menu_typo_spacing":0,"ocean_menu_typo_spacing_tablet":0,"ocean_menu_typo_spacing_mobile":0,"ocean_menu_typo_spacing_unit":"","ocean_menu_link_color":"","ocean_menu_link_color_hover":"","ocean_menu_link_color_active":"","ocean_menu_link_background":"","ocean_menu_link_hover_background":"","ocean_menu_link_active_background":"","ocean_menu_social_links_bg":"","ocean_menu_social_hover_links_bg":"","ocean_menu_social_links_color":"","ocean_menu_social_hover_links_color":"","ocean_disable_title":"on","ocean_disable_heading":"default","ocean_post_title":"","ocean_post_subheading":"","ocean_post_title_style":"","ocean_post_title_background_color":"","ocean_post_title_background":0,"ocean_post_title_bg_image_position":"","ocean_post_title_bg_image_attachment":"","ocean_post_title_bg_image_repeat":"","ocean_post_title_bg_image_size":"","ocean_post_title_height":0,"ocean_post_title_bg_overlay":0.5,"ocean_post_title_bg_overlay_color":"","ocean_disable_breadcrumbs":"default","ocean_breadcrumbs_color":"","ocean_breadcrumbs_separator_color":"","ocean_breadcrumbs_links_color":"","ocean_breadcrumbs_links_hover_color":"","ocean_display_footer_widgets":"default","ocean_display_footer_bottom":"default","ocean_custom_footer_template":"0","ocean_post_oembed":"","ocean_post_self_hosted_media":"","ocean_post_video_embed":"","ocean_link_format":"","ocean_link_format_target":"self","ocean_quote_format":"","ocean_quote_format_link":"post","ocean_gallery_link_images":"off","ocean_gallery_id":[],"footnotes":""},"categories":[49,262],"tags":[237,120],"class_list":["post-2559","post","type-post","status-publish","format-standard","has-post-thumbnail","hentry","category-addiccio","category-terapia-familia","tag-centro-tratamiento-adicciones","tag-forum-terapeutic-girona-ca","entry","has-media"],"yoast_head":"<!-- This site is optimized with the Yoast SEO plugin v27.5 - https:\/\/yoast.com\/product\/yoast-seo-wordpress\/ -->\n<title>La ter\u00e0pia de fam\u00edlia en el proc\u00e9s de recuperaci\u00f3 de l&#039;adicte - Forum Salud Mental Girona<\/title>\n<meta name=\"description\" content=\"La familia es el principal entorno en el que los adictos presentan sus trastornos y alteraciones, por ello, la inclusi\u00f3n de la terapia de familia es una necesidad para abordar la recuperaci\u00f3n de las personas con problemas de adicci\u00f3n.\" \/>\n<meta name=\"robots\" content=\"index, follow, max-snippet:-1, max-image-preview:large, max-video-preview:-1\" \/>\n<link rel=\"canonical\" href=\"https:\/\/forummontau.com\/girona\/la-terapia-de-familia-en-el-proces-de-recuperacio-de-ladicte\/\" \/>\n<meta property=\"og:locale\" content=\"es_ES\" \/>\n<meta property=\"og:type\" content=\"article\" \/>\n<meta property=\"og:title\" content=\"La ter\u00e0pia de fam\u00edlia en el proc\u00e9s de recuperaci\u00f3 de l&#039;adicte - Forum Salud Mental Girona\" \/>\n<meta property=\"og:description\" content=\"La familia es el principal entorno en el que los adictos presentan sus trastornos y alteraciones, por ello, la inclusi\u00f3n de la terapia de familia es una necesidad para abordar la recuperaci\u00f3n de las personas con problemas de adicci\u00f3n.\" \/>\n<meta property=\"og:url\" content=\"https:\/\/forummontau.com\/girona\/la-terapia-de-familia-en-el-proces-de-recuperacio-de-ladicte\/\" \/>\n<meta property=\"og:site_name\" content=\"Forum Salud Mental Girona\" \/>\n<meta property=\"article:published_time\" content=\"2021-12-02T12:16:17+00:00\" \/>\n<meta property=\"article:modified_time\" content=\"2021-12-02T12:20:10+00:00\" \/>\n<meta property=\"og:image\" content=\"https:\/\/forummontau.com\/girona\/wp-content\/uploads\/sites\/6\/2021\/12\/familiaadicto.jpg\" \/>\n\t<meta property=\"og:image:width\" content=\"690\" \/>\n\t<meta property=\"og:image:height\" content=\"390\" \/>\n\t<meta property=\"og:image:type\" content=\"image\/jpeg\" \/>\n<meta name=\"author\" content=\"Forum Salud Mental Madrid\" \/>\n<meta name=\"twitter:card\" content=\"summary_large_image\" \/>\n<meta name=\"twitter:label1\" content=\"Escrito por\" \/>\n\t<meta name=\"twitter:data1\" content=\"Forum Salud Mental Madrid\" \/>\n\t<meta name=\"twitter:label2\" content=\"Tiempo de lectura\" \/>\n\t<meta name=\"twitter:data2\" content=\"3 minutos\" \/>\n<script type=\"application\/ld+json\" class=\"yoast-schema-graph\">{\"@context\":\"https:\\\/\\\/schema.org\",\"@graph\":[{\"@type\":\"Article\",\"@id\":\"https:\\\/\\\/forummontau.com\\\/girona\\\/la-terapia-de-familia-en-el-proces-de-recuperacio-de-ladicte\\\/#article\",\"isPartOf\":{\"@id\":\"https:\\\/\\\/forummontau.com\\\/girona\\\/la-terapia-de-familia-en-el-proces-de-recuperacio-de-ladicte\\\/\"},\"author\":{\"name\":\"Forum Salud Mental Madrid\",\"@id\":\"https:\\\/\\\/forummontau.com\\\/girona\\\/#\\\/schema\\\/person\\\/dd79fa1c0ba733edd439998f9d7f5e25\"},\"headline\":\"La ter\u00e0pia de fam\u00edlia en el proc\u00e9s de recuperaci\u00f3 de l&#8217;adicte\",\"datePublished\":\"2021-12-02T12:16:17+00:00\",\"dateModified\":\"2021-12-02T12:20:10+00:00\",\"mainEntityOfPage\":{\"@id\":\"https:\\\/\\\/forummontau.com\\\/girona\\\/la-terapia-de-familia-en-el-proces-de-recuperacio-de-ladicte\\\/\"},\"wordCount\":650,\"publisher\":{\"@id\":\"https:\\\/\\\/forummontau.com\\\/girona\\\/#organization\"},\"image\":{\"@id\":\"https:\\\/\\\/forummontau.com\\\/girona\\\/la-terapia-de-familia-en-el-proces-de-recuperacio-de-ladicte\\\/#primaryimage\"},\"thumbnailUrl\":\"https:\\\/\\\/forummontau.com\\\/girona\\\/wp-content\\\/uploads\\\/sites\\\/6\\\/2021\\\/12\\\/familiaadicto.jpg\",\"keywords\":[\"Centro Tratamiento Adicciones\",\"Forum Terapeutic Girona\"],\"articleSection\":[\"Addicci\u00f3\",\"Terapia familia\"],\"inLanguage\":\"es\"},{\"@type\":\"WebPage\",\"@id\":\"https:\\\/\\\/forummontau.com\\\/girona\\\/la-terapia-de-familia-en-el-proces-de-recuperacio-de-ladicte\\\/\",\"url\":\"https:\\\/\\\/forummontau.com\\\/girona\\\/la-terapia-de-familia-en-el-proces-de-recuperacio-de-ladicte\\\/\",\"name\":\"La ter\u00e0pia de fam\u00edlia en el proc\u00e9s de recuperaci\u00f3 de l'adicte - Forum Salud Mental Girona\",\"isPartOf\":{\"@id\":\"https:\\\/\\\/forummontau.com\\\/girona\\\/#website\"},\"primaryImageOfPage\":{\"@id\":\"https:\\\/\\\/forummontau.com\\\/girona\\\/la-terapia-de-familia-en-el-proces-de-recuperacio-de-ladicte\\\/#primaryimage\"},\"image\":{\"@id\":\"https:\\\/\\\/forummontau.com\\\/girona\\\/la-terapia-de-familia-en-el-proces-de-recuperacio-de-ladicte\\\/#primaryimage\"},\"thumbnailUrl\":\"https:\\\/\\\/forummontau.com\\\/girona\\\/wp-content\\\/uploads\\\/sites\\\/6\\\/2021\\\/12\\\/familiaadicto.jpg\",\"datePublished\":\"2021-12-02T12:16:17+00:00\",\"dateModified\":\"2021-12-02T12:20:10+00:00\",\"description\":\"La familia es el principal entorno en el que los adictos presentan sus trastornos y alteraciones, por ello, la inclusi\u00f3n de la terapia de familia es una necesidad para abordar la recuperaci\u00f3n de las personas con problemas de adicci\u00f3n.\",\"breadcrumb\":{\"@id\":\"https:\\\/\\\/forummontau.com\\\/girona\\\/la-terapia-de-familia-en-el-proces-de-recuperacio-de-ladicte\\\/#breadcrumb\"},\"inLanguage\":\"es\",\"potentialAction\":[{\"@type\":\"ReadAction\",\"target\":[\"https:\\\/\\\/forummontau.com\\\/girona\\\/la-terapia-de-familia-en-el-proces-de-recuperacio-de-ladicte\\\/\"]}]},{\"@type\":\"ImageObject\",\"inLanguage\":\"es\",\"@id\":\"https:\\\/\\\/forummontau.com\\\/girona\\\/la-terapia-de-familia-en-el-proces-de-recuperacio-de-ladicte\\\/#primaryimage\",\"url\":\"https:\\\/\\\/forummontau.com\\\/girona\\\/wp-content\\\/uploads\\\/sites\\\/6\\\/2021\\\/12\\\/familiaadicto.jpg\",\"contentUrl\":\"https:\\\/\\\/forummontau.com\\\/girona\\\/wp-content\\\/uploads\\\/sites\\\/6\\\/2021\\\/12\\\/familiaadicto.jpg\",\"width\":690,\"height\":390},{\"@type\":\"BreadcrumbList\",\"@id\":\"https:\\\/\\\/forummontau.com\\\/girona\\\/la-terapia-de-familia-en-el-proces-de-recuperacio-de-ladicte\\\/#breadcrumb\",\"itemListElement\":[{\"@type\":\"ListItem\",\"position\":1,\"name\":\"Portada\",\"item\":\"https:\\\/\\\/forummontau.com\\\/girona\\\/centre-desintoxicacio-i-addiccions-girona\\\/\"},{\"@type\":\"ListItem\",\"position\":2,\"name\":\"La ter\u00e0pia de fam\u00edlia en el proc\u00e9s de recuperaci\u00f3 de l&#8217;adicte\"}]},{\"@type\":\"WebSite\",\"@id\":\"https:\\\/\\\/forummontau.com\\\/girona\\\/#website\",\"url\":\"https:\\\/\\\/forummontau.com\\\/girona\\\/\",\"name\":\"Forum Salud Mental Girona\",\"description\":\"Centro de Desintoxicaci\u00f3n y Adicciones en Girona\",\"publisher\":{\"@id\":\"https:\\\/\\\/forummontau.com\\\/girona\\\/#organization\"},\"potentialAction\":[{\"@type\":\"SearchAction\",\"target\":{\"@type\":\"EntryPoint\",\"urlTemplate\":\"https:\\\/\\\/forummontau.com\\\/girona\\\/?s={search_term_string}\"},\"query-input\":{\"@type\":\"PropertyValueSpecification\",\"valueRequired\":true,\"valueName\":\"search_term_string\"}}],\"inLanguage\":\"es\"},{\"@type\":\"Organization\",\"@id\":\"https:\\\/\\\/forummontau.com\\\/girona\\\/#organization\",\"name\":\"Forum Salud Mental Girona\",\"url\":\"https:\\\/\\\/forummontau.com\\\/girona\\\/\",\"logo\":{\"@type\":\"ImageObject\",\"inLanguage\":\"es\",\"@id\":\"https:\\\/\\\/forummontau.com\\\/girona\\\/#\\\/schema\\\/logo\\\/image\\\/\",\"url\":\"https:\\\/\\\/forummontau.com\\\/girona\\\/wp-content\\\/uploads\\\/sites\\\/6\\\/2020\\\/02\\\/girona_forum.png\",\"contentUrl\":\"https:\\\/\\\/forummontau.com\\\/girona\\\/wp-content\\\/uploads\\\/sites\\\/6\\\/2020\\\/02\\\/girona_forum.png\",\"width\":215,\"height\":119,\"caption\":\"Forum Salud Mental Girona\"},\"image\":{\"@id\":\"https:\\\/\\\/forummontau.com\\\/girona\\\/#\\\/schema\\\/logo\\\/image\\\/\"}},{\"@type\":\"Person\",\"@id\":\"https:\\\/\\\/forummontau.com\\\/girona\\\/#\\\/schema\\\/person\\\/dd79fa1c0ba733edd439998f9d7f5e25\",\"name\":\"Forum Salud Mental Madrid\"}]}<\/script>\n<!-- \/ Yoast SEO plugin. -->","yoast_head_json":{"title":"La ter\u00e0pia de fam\u00edlia en el proc\u00e9s de recuperaci\u00f3 de l'adicte - Forum Salud Mental Girona","description":"La familia es el principal entorno en el que los adictos presentan sus trastornos y alteraciones, por ello, la inclusi\u00f3n de la terapia de familia es una necesidad para abordar la recuperaci\u00f3n de las personas con problemas de adicci\u00f3n.","robots":{"index":"index","follow":"follow","max-snippet":"max-snippet:-1","max-image-preview":"max-image-preview:large","max-video-preview":"max-video-preview:-1"},"canonical":"https:\/\/forummontau.com\/girona\/la-terapia-de-familia-en-el-proces-de-recuperacio-de-ladicte\/","og_locale":"es_ES","og_type":"article","og_title":"La ter\u00e0pia de fam\u00edlia en el proc\u00e9s de recuperaci\u00f3 de l'adicte - Forum Salud Mental Girona","og_description":"La familia es el principal entorno en el que los adictos presentan sus trastornos y alteraciones, por ello, la inclusi\u00f3n de la terapia de familia es una necesidad para abordar la recuperaci\u00f3n de las personas con problemas de adicci\u00f3n.","og_url":"https:\/\/forummontau.com\/girona\/la-terapia-de-familia-en-el-proces-de-recuperacio-de-ladicte\/","og_site_name":"Forum Salud Mental Girona","article_published_time":"2021-12-02T12:16:17+00:00","article_modified_time":"2021-12-02T12:20:10+00:00","og_image":[{"width":690,"height":390,"url":"https:\/\/forummontau.com\/girona\/wp-content\/uploads\/sites\/6\/2021\/12\/familiaadicto.jpg","type":"image\/jpeg"}],"author":"Forum Salud Mental Madrid","twitter_card":"summary_large_image","twitter_misc":{"Escrito por":"Forum Salud Mental Madrid","Tiempo de lectura":"3 minutos"},"schema":{"@context":"https:\/\/schema.org","@graph":[{"@type":"Article","@id":"https:\/\/forummontau.com\/girona\/la-terapia-de-familia-en-el-proces-de-recuperacio-de-ladicte\/#article","isPartOf":{"@id":"https:\/\/forummontau.com\/girona\/la-terapia-de-familia-en-el-proces-de-recuperacio-de-ladicte\/"},"author":{"name":"Forum Salud Mental Madrid","@id":"https:\/\/forummontau.com\/girona\/#\/schema\/person\/dd79fa1c0ba733edd439998f9d7f5e25"},"headline":"La ter\u00e0pia de fam\u00edlia en el proc\u00e9s de recuperaci\u00f3 de l&#8217;adicte","datePublished":"2021-12-02T12:16:17+00:00","dateModified":"2021-12-02T12:20:10+00:00","mainEntityOfPage":{"@id":"https:\/\/forummontau.com\/girona\/la-terapia-de-familia-en-el-proces-de-recuperacio-de-ladicte\/"},"wordCount":650,"publisher":{"@id":"https:\/\/forummontau.com\/girona\/#organization"},"image":{"@id":"https:\/\/forummontau.com\/girona\/la-terapia-de-familia-en-el-proces-de-recuperacio-de-ladicte\/#primaryimage"},"thumbnailUrl":"https:\/\/forummontau.com\/girona\/wp-content\/uploads\/sites\/6\/2021\/12\/familiaadicto.jpg","keywords":["Centro Tratamiento Adicciones","Forum Terapeutic Girona"],"articleSection":["Addicci\u00f3","Terapia familia"],"inLanguage":"es"},{"@type":"WebPage","@id":"https:\/\/forummontau.com\/girona\/la-terapia-de-familia-en-el-proces-de-recuperacio-de-ladicte\/","url":"https:\/\/forummontau.com\/girona\/la-terapia-de-familia-en-el-proces-de-recuperacio-de-ladicte\/","name":"La ter\u00e0pia de fam\u00edlia en el proc\u00e9s de recuperaci\u00f3 de l'adicte - Forum Salud Mental Girona","isPartOf":{"@id":"https:\/\/forummontau.com\/girona\/#website"},"primaryImageOfPage":{"@id":"https:\/\/forummontau.com\/girona\/la-terapia-de-familia-en-el-proces-de-recuperacio-de-ladicte\/#primaryimage"},"image":{"@id":"https:\/\/forummontau.com\/girona\/la-terapia-de-familia-en-el-proces-de-recuperacio-de-ladicte\/#primaryimage"},"thumbnailUrl":"https:\/\/forummontau.com\/girona\/wp-content\/uploads\/sites\/6\/2021\/12\/familiaadicto.jpg","datePublished":"2021-12-02T12:16:17+00:00","dateModified":"2021-12-02T12:20:10+00:00","description":"La familia es el principal entorno en el que los adictos presentan sus trastornos y alteraciones, por ello, la inclusi\u00f3n de la terapia de familia es una necesidad para abordar la recuperaci\u00f3n de las personas con problemas de adicci\u00f3n.","breadcrumb":{"@id":"https:\/\/forummontau.com\/girona\/la-terapia-de-familia-en-el-proces-de-recuperacio-de-ladicte\/#breadcrumb"},"inLanguage":"es","potentialAction":[{"@type":"ReadAction","target":["https:\/\/forummontau.com\/girona\/la-terapia-de-familia-en-el-proces-de-recuperacio-de-ladicte\/"]}]},{"@type":"ImageObject","inLanguage":"es","@id":"https:\/\/forummontau.com\/girona\/la-terapia-de-familia-en-el-proces-de-recuperacio-de-ladicte\/#primaryimage","url":"https:\/\/forummontau.com\/girona\/wp-content\/uploads\/sites\/6\/2021\/12\/familiaadicto.jpg","contentUrl":"https:\/\/forummontau.com\/girona\/wp-content\/uploads\/sites\/6\/2021\/12\/familiaadicto.jpg","width":690,"height":390},{"@type":"BreadcrumbList","@id":"https:\/\/forummontau.com\/girona\/la-terapia-de-familia-en-el-proces-de-recuperacio-de-ladicte\/#breadcrumb","itemListElement":[{"@type":"ListItem","position":1,"name":"Portada","item":"https:\/\/forummontau.com\/girona\/centre-desintoxicacio-i-addiccions-girona\/"},{"@type":"ListItem","position":2,"name":"La ter\u00e0pia de fam\u00edlia en el proc\u00e9s de recuperaci\u00f3 de l&#8217;adicte"}]},{"@type":"WebSite","@id":"https:\/\/forummontau.com\/girona\/#website","url":"https:\/\/forummontau.com\/girona\/","name":"Forum Salud Mental Girona","description":"Centro de Desintoxicaci\u00f3n y Adicciones en Girona","publisher":{"@id":"https:\/\/forummontau.com\/girona\/#organization"},"potentialAction":[{"@type":"SearchAction","target":{"@type":"EntryPoint","urlTemplate":"https:\/\/forummontau.com\/girona\/?s={search_term_string}"},"query-input":{"@type":"PropertyValueSpecification","valueRequired":true,"valueName":"search_term_string"}}],"inLanguage":"es"},{"@type":"Organization","@id":"https:\/\/forummontau.com\/girona\/#organization","name":"Forum Salud Mental Girona","url":"https:\/\/forummontau.com\/girona\/","logo":{"@type":"ImageObject","inLanguage":"es","@id":"https:\/\/forummontau.com\/girona\/#\/schema\/logo\/image\/","url":"https:\/\/forummontau.com\/girona\/wp-content\/uploads\/sites\/6\/2020\/02\/girona_forum.png","contentUrl":"https:\/\/forummontau.com\/girona\/wp-content\/uploads\/sites\/6\/2020\/02\/girona_forum.png","width":215,"height":119,"caption":"Forum Salud Mental Girona"},"image":{"@id":"https:\/\/forummontau.com\/girona\/#\/schema\/logo\/image\/"}},{"@type":"Person","@id":"https:\/\/forummontau.com\/girona\/#\/schema\/person\/dd79fa1c0ba733edd439998f9d7f5e25","name":"Forum Salud Mental Madrid"}]}},"_links":{"self":[{"href":"https:\/\/forummontau.com\/girona\/wp-json\/wp\/v2\/posts\/2559","targetHints":{"allow":["GET"]}}],"collection":[{"href":"https:\/\/forummontau.com\/girona\/wp-json\/wp\/v2\/posts"}],"about":[{"href":"https:\/\/forummontau.com\/girona\/wp-json\/wp\/v2\/types\/post"}],"author":[{"embeddable":true,"href":"https:\/\/forummontau.com\/girona\/wp-json\/wp\/v2\/users\/2"}],"replies":[{"embeddable":true,"href":"https:\/\/forummontau.com\/girona\/wp-json\/wp\/v2\/comments?post=2559"}],"version-history":[{"count":2,"href":"https:\/\/forummontau.com\/girona\/wp-json\/wp\/v2\/posts\/2559\/revisions"}],"predecessor-version":[{"id":2566,"href":"https:\/\/forummontau.com\/girona\/wp-json\/wp\/v2\/posts\/2559\/revisions\/2566"}],"wp:featuredmedia":[{"embeddable":true,"href":"https:\/\/forummontau.com\/girona\/wp-json\/wp\/v2\/media\/2560"}],"wp:attachment":[{"href":"https:\/\/forummontau.com\/girona\/wp-json\/wp\/v2\/media?parent=2559"}],"wp:term":[{"taxonomy":"category","embeddable":true,"href":"https:\/\/forummontau.com\/girona\/wp-json\/wp\/v2\/categories?post=2559"},{"taxonomy":"post_tag","embeddable":true,"href":"https:\/\/forummontau.com\/girona\/wp-json\/wp\/v2\/tags?post=2559"}],"curies":[{"name":"wp","href":"https:\/\/api.w.org\/{rel}","templated":true}]}}