{"id":2772,"date":"2022-08-08T15:09:03","date_gmt":"2022-08-08T15:09:03","guid":{"rendered":"https:\/\/forumgirona.cat\/?p=2772"},"modified":"2022-08-08T15:09:06","modified_gmt":"2022-08-08T15:09:06","slug":"el-orfidal-el-ansiolitico-mas-consumido-en-espana","status":"publish","type":"post","link":"https:\/\/forummontau.com\/girona\/el-orfidal-el-ansiolitico-mas-consumido-en-espana\/","title":{"rendered":"El Orfidal, el ansiol\u00edtico m\u00e1s consumido en Espa\u00f1a"},"content":{"rendered":"\n<p id=\"block-b808e3e5-2b49-4d7b-94af-f68afdd4ce88\">Seguro que hayas o\u00eddo hablar del&nbsp;<strong>Orfidal<\/strong>, ya sea por una persona cercana que lo toma o en televisi\u00f3n. Es el nombre de una de las marcas que utiliza el Lorazepam como f\u00e1rmaco, y&nbsp;el&nbsp;<strong>ansiol\u00edtico&nbsp;<\/strong>m\u00e1s usado en&nbsp;<strong>Espa\u00f1a<\/strong>. Generalmente, se usa para tratar el nerviosismo y la ansiedad pero, al igual que todos los medicamentos, tiene algunos&nbsp;<strong>efectos secundarios&nbsp;<\/strong>que es conveniente conocer.<\/p>\n\n\n\n<p id=\"block-adfadc14-a221-4786-b80c-be3cb344ac50\">El Orfidal es un f\u00e1rmaco del grupo de las benzodiacepinas. Se receta para tratar la&nbsp;<strong>ansiedad<\/strong>, el&nbsp;insomnio, la&nbsp;<strong>epilepsia<\/strong> y como<strong> hipn\u00f3tico.<\/strong>&nbsp;Tambi\u00e9n se utiliza para tratar el&nbsp;<strong>s\u00edndrome de abstinencia.<\/strong><\/p>\n\n\n\n<p id=\"block-ca468903-3858-4912-b90c-ba18b16c3f2b\">Es un medicamento muy adictivo y su abuso puede causar problemas muy serios. El cuerpo puede desarrollar resistencia y esto deriva en un s\u00edndrome de abstinencia o un abuso. En el peor de los casos una sobredosis puede causar la muerte.<\/p>\n\n\n\n<p id=\"block-0bc24a51-0339-47f4-acad-68fef5d86004\">Al igual que debe tomarse bajo supervisi\u00f3n de un experto y nunca aumentando la dosis por nuestra cuenta, tampoco es un f\u00e1rmaco que podamos dejar de un d\u00eda para otro. Cuando deja de ser necesario, se reduce su consumo poco a poco para evitar sufrir dolores musculares o ansiedad.<\/p>\n\n\n\n<p id=\"block-43c5f170-d3bb-48a1-bc5d-66395c6aa569\">Act\u00faa a nivel neuronal favoreciendo e incrementando la actividad de uno de los neurotransmisores cerebrales que mayor papel tienen a la hora de inhibir o disminuir la activaci\u00f3n neuronal, el&nbsp;<strong>GABA<\/strong>. Es el incremento de este \u00faltimo lo que hace que disminuya la cl\u00ednica ansiosa y genera efectos de relajaci\u00f3n y sedaci\u00f3n.&nbsp;<strong>El efecto es especialmente relevante en el sistema l\u00edmbico<\/strong>, la principal \u00e1rea del cerebro que rige la esfera emocional , as\u00ed como tambi\u00e9n diferentes regiones de la corteza las cuales permite el procesamiento de la informaci\u00f3n y el razonamiento.<\/p>\n\n\n\n<p id=\"block-a04f4203-6996-4b9f-ad40-e69b545bb82c\">&nbsp;Se trata de un f\u00e1rmaco de gran eficacia, si bien posee un fuerte potencial adictivo y puede generar algunos efectos secundarios.<\/p>\n\n\n\n<h2 class=\"wp-block-heading\" id=\"block-e2479aae-8a49-48b4-9d0f-7787a80a7dca\"><strong>Efectos secundarios del Orfidal a corto plazo<\/strong><\/h2>\n\n\n\n<ul class=\"wp-block-list\" id=\"block-2719c5ad-d173-4418-9bef-f852306aaeb9\"><li>Cambios de humor<\/li><li>Debilidad muscular<\/li><li>Sensaci\u00f3n de boca seca<\/li><li>Visi\u00f3n borrosa<\/li><li>Fatiga&nbsp;o astenia.<\/li><li>Problemas de concentraci\u00f3n<\/li><li>Insomnio<\/li><li>Cambio de la libido&nbsp;(deseo sexual)<\/li><li>N\u00e1useas<\/li><\/ul>\n\n\n\n<h2 class=\"wp-block-heading\" id=\"block-150465a4-0bc3-4b80-93e4-5dd20b61fff2\"><strong>Efectos secundarios del Orfidal a largo plazo<\/strong><\/h2>\n\n\n\n<p id=\"block-dd9f1567-eb70-4b95-8701-46f923e7358d\">Pasado un tiempo pueden surgir otros efectos adversos si consumimos Orfidal por muchas semanas.<\/p>\n\n\n\n<ul class=\"wp-block-list\" id=\"block-3e6c1a3b-456d-4da9-b9d9-b2cf1f4726be\"><li>Adicci\u00f3n f\u00edsica y ps\u00edquica, uno de los efectos secundarios a largo plazo m\u00e1s peligrosos.<\/li><li>Confusi\u00f3n<\/li><li>Depresi\u00f3n<\/li><li>Alucinaciones<\/li><li>Delirios<\/li><li>Problemas de memoria<\/li><li>Insomnio<\/li><li>Impotencia<\/li><\/ul>\n","protected":false},"excerpt":{"rendered":"<p>Seguro que hayas o\u00eddo hablar del&nbsp;Orfidal, ya sea por una persona cercana que lo toma o en televisi\u00f3n. Es el nombre de una de las marcas que utiliza el Lorazepam como f\u00e1rmaco, y&nbsp;el&nbsp;ansiol\u00edtico&nbsp;m\u00e1s usado en&nbsp;Espa\u00f1a. Generalmente, se usa para tratar el nerviosismo y la ansiedad pero, al igual que todos los medicamentos, tiene algunos&nbsp;efectos secundarios&nbsp;que [&hellip;]<\/p>\n","protected":false},"author":2,"featured_media":2773,"comment_status":"closed","ping_status":"closed","sticky":false,"template":"","format":"standard","meta":{"ocean_post_layout":"","ocean_both_sidebars_style":"","ocean_both_sidebars_content_width":0,"ocean_both_sidebars_sidebars_width":0,"ocean_sidebar":"0","ocean_second_sidebar":"0","ocean_disable_margins":"enable","ocean_add_body_class":"","ocean_shortcode_before_top_bar":"","ocean_shortcode_after_top_bar":"","ocean_shortcode_before_header":"","ocean_shortcode_after_header":"","ocean_has_shortcode":"","ocean_shortcode_after_title":"","ocean_shortcode_before_footer_widgets":"","ocean_shortcode_after_footer_widgets":"","ocean_shortcode_before_footer_bottom":"","ocean_shortcode_after_footer_bottom":"","ocean_display_top_bar":"default","ocean_display_header":"default","ocean_header_style":"","ocean_center_header_left_menu":"0","ocean_custom_header_template":"0","ocean_custom_logo":0,"ocean_custom_retina_logo":0,"ocean_custom_logo_max_width":0,"ocean_custom_logo_tablet_max_width":0,"ocean_custom_logo_mobile_max_width":0,"ocean_custom_logo_max_height":0,"ocean_custom_logo_tablet_max_height":0,"ocean_custom_logo_mobile_max_height":0,"ocean_header_custom_menu":"0","ocean_menu_typo_font_family":"0","ocean_menu_typo_font_subset":"","ocean_menu_typo_font_size":0,"ocean_menu_typo_font_size_tablet":0,"ocean_menu_typo_font_size_mobile":0,"ocean_menu_typo_font_size_unit":"px","ocean_menu_typo_font_weight":"","ocean_menu_typo_font_weight_tablet":"","ocean_menu_typo_font_weight_mobile":"","ocean_menu_typo_transform":"","ocean_menu_typo_transform_tablet":"","ocean_menu_typo_transform_mobile":"","ocean_menu_typo_line_height":0,"ocean_menu_typo_line_height_tablet":0,"ocean_menu_typo_line_height_mobile":0,"ocean_menu_typo_line_height_unit":"","ocean_menu_typo_spacing":0,"ocean_menu_typo_spacing_tablet":0,"ocean_menu_typo_spacing_mobile":0,"ocean_menu_typo_spacing_unit":"","ocean_menu_link_color":"","ocean_menu_link_color_hover":"","ocean_menu_link_color_active":"","ocean_menu_link_background":"","ocean_menu_link_hover_background":"","ocean_menu_link_active_background":"","ocean_menu_social_links_bg":"","ocean_menu_social_hover_links_bg":"","ocean_menu_social_links_color":"","ocean_menu_social_hover_links_color":"","ocean_disable_title":"on","ocean_disable_heading":"default","ocean_post_title":"","ocean_post_subheading":"","ocean_post_title_style":"","ocean_post_title_background_color":"","ocean_post_title_background":0,"ocean_post_title_bg_image_position":"","ocean_post_title_bg_image_attachment":"","ocean_post_title_bg_image_repeat":"","ocean_post_title_bg_image_size":"","ocean_post_title_height":0,"ocean_post_title_bg_overlay":0.5,"ocean_post_title_bg_overlay_color":"","ocean_disable_breadcrumbs":"default","ocean_breadcrumbs_color":"","ocean_breadcrumbs_separator_color":"","ocean_breadcrumbs_links_color":"","ocean_breadcrumbs_links_hover_color":"","ocean_display_footer_widgets":"default","ocean_display_footer_bottom":"default","ocean_custom_footer_template":"0","ocean_post_oembed":"","ocean_post_self_hosted_media":"","ocean_post_video_embed":"","ocean_link_format":"","ocean_link_format_target":"self","ocean_quote_format":"","ocean_quote_format_link":"post","ocean_gallery_link_images":"off","ocean_gallery_id":[],"footnotes":""},"categories":[29],"tags":[124,115,76],"class_list":["post-2772","post","type-post","status-publish","format-standard","has-post-thumbnail","hentry","category-adiccion","tag-forum-girona","tag-forum-terapeutic-girona","tag-medicamentos","entry","has-media"],"yoast_head":"<!-- This site is optimized with the Yoast SEO plugin v27.5 - https:\/\/yoast.com\/product\/yoast-seo-wordpress\/ -->\n<title>El Orfidal, el ansiol\u00edtico m\u00e1s consumido en Espa\u00f1a - Forum Salud Mental Girona<\/title>\n<meta name=\"description\" content=\"Generalmente, se usa para tratar el nerviosismo y la ansiedad pero, al igual que todos los medicamentos, tiene algunos\u00a0efectos secundarios\u00a0que es conveniente conocer.\" \/>\n<meta name=\"robots\" content=\"index, follow, max-snippet:-1, max-image-preview:large, max-video-preview:-1\" \/>\n<link rel=\"canonical\" href=\"https:\/\/forummontau.com\/girona\/el-orfidal-el-ansiolitico-mas-consumido-en-espana\/\" \/>\n<meta property=\"og:locale\" content=\"es_ES\" \/>\n<meta property=\"og:type\" content=\"article\" \/>\n<meta property=\"og:title\" content=\"El Orfidal, el ansiol\u00edtico m\u00e1s consumido en Espa\u00f1a - Forum Salud Mental Girona\" \/>\n<meta property=\"og:description\" content=\"Generalmente, se usa para tratar el nerviosismo y la ansiedad pero, al igual que todos los medicamentos, tiene algunos\u00a0efectos secundarios\u00a0que es conveniente conocer.\" \/>\n<meta property=\"og:url\" content=\"https:\/\/forummontau.com\/girona\/el-orfidal-el-ansiolitico-mas-consumido-en-espana\/\" \/>\n<meta property=\"og:site_name\" content=\"Forum Salud Mental Girona\" \/>\n<meta property=\"article:published_time\" content=\"2022-08-08T15:09:03+00:00\" \/>\n<meta property=\"article:modified_time\" content=\"2022-08-08T15:09:06+00:00\" \/>\n<meta property=\"og:image\" content=\"https:\/\/forummontau.com\/girona\/wp-content\/uploads\/sites\/6\/2022\/08\/orfidal.jpg\" \/>\n\t<meta property=\"og:image:width\" content=\"880\" \/>\n\t<meta property=\"og:image:height\" content=\"495\" \/>\n\t<meta property=\"og:image:type\" content=\"image\/jpeg\" \/>\n<meta name=\"author\" content=\"Forum Salud Mental Madrid\" \/>\n<meta name=\"twitter:card\" content=\"summary_large_image\" \/>\n<meta name=\"twitter:label1\" content=\"Escrito por\" \/>\n\t<meta name=\"twitter:data1\" content=\"Forum Salud Mental Madrid\" \/>\n\t<meta name=\"twitter:label2\" content=\"Tiempo de lectura\" \/>\n\t<meta name=\"twitter:data2\" content=\"2 minutos\" \/>\n<script type=\"application\/ld+json\" class=\"yoast-schema-graph\">{\"@context\":\"https:\\\/\\\/schema.org\",\"@graph\":[{\"@type\":\"Article\",\"@id\":\"https:\\\/\\\/forummontau.com\\\/girona\\\/el-orfidal-el-ansiolitico-mas-consumido-en-espana\\\/#article\",\"isPartOf\":{\"@id\":\"https:\\\/\\\/forummontau.com\\\/girona\\\/el-orfidal-el-ansiolitico-mas-consumido-en-espana\\\/\"},\"author\":{\"name\":\"Forum Salud Mental Madrid\",\"@id\":\"https:\\\/\\\/forummontau.com\\\/girona\\\/#\\\/schema\\\/person\\\/dd79fa1c0ba733edd439998f9d7f5e25\"},\"headline\":\"El Orfidal, el ansiol\u00edtico m\u00e1s consumido en Espa\u00f1a\",\"datePublished\":\"2022-08-08T15:09:03+00:00\",\"dateModified\":\"2022-08-08T15:09:06+00:00\",\"mainEntityOfPage\":{\"@id\":\"https:\\\/\\\/forummontau.com\\\/girona\\\/el-orfidal-el-ansiolitico-mas-consumido-en-espana\\\/\"},\"wordCount\":435,\"publisher\":{\"@id\":\"https:\\\/\\\/forummontau.com\\\/girona\\\/#organization\"},\"image\":{\"@id\":\"https:\\\/\\\/forummontau.com\\\/girona\\\/el-orfidal-el-ansiolitico-mas-consumido-en-espana\\\/#primaryimage\"},\"thumbnailUrl\":\"https:\\\/\\\/forummontau.com\\\/girona\\\/wp-content\\\/uploads\\\/sites\\\/6\\\/2022\\\/08\\\/orfidal.jpg\",\"keywords\":[\"Forum Girona\",\"Forum Terapeutic Girona\",\"Medicamentos\"],\"articleSection\":[\"Adicci\u00f3n\"],\"inLanguage\":\"es\"},{\"@type\":\"WebPage\",\"@id\":\"https:\\\/\\\/forummontau.com\\\/girona\\\/el-orfidal-el-ansiolitico-mas-consumido-en-espana\\\/\",\"url\":\"https:\\\/\\\/forummontau.com\\\/girona\\\/el-orfidal-el-ansiolitico-mas-consumido-en-espana\\\/\",\"name\":\"El Orfidal, el ansiol\u00edtico m\u00e1s consumido en Espa\u00f1a - Forum Salud Mental Girona\",\"isPartOf\":{\"@id\":\"https:\\\/\\\/forummontau.com\\\/girona\\\/#website\"},\"primaryImageOfPage\":{\"@id\":\"https:\\\/\\\/forummontau.com\\\/girona\\\/el-orfidal-el-ansiolitico-mas-consumido-en-espana\\\/#primaryimage\"},\"image\":{\"@id\":\"https:\\\/\\\/forummontau.com\\\/girona\\\/el-orfidal-el-ansiolitico-mas-consumido-en-espana\\\/#primaryimage\"},\"thumbnailUrl\":\"https:\\\/\\\/forummontau.com\\\/girona\\\/wp-content\\\/uploads\\\/sites\\\/6\\\/2022\\\/08\\\/orfidal.jpg\",\"datePublished\":\"2022-08-08T15:09:03+00:00\",\"dateModified\":\"2022-08-08T15:09:06+00:00\",\"description\":\"Generalmente, se usa para tratar el nerviosismo y la ansiedad pero, al igual que todos los medicamentos, tiene algunos\u00a0efectos secundarios\u00a0que es conveniente conocer.\",\"breadcrumb\":{\"@id\":\"https:\\\/\\\/forummontau.com\\\/girona\\\/el-orfidal-el-ansiolitico-mas-consumido-en-espana\\\/#breadcrumb\"},\"inLanguage\":\"es\",\"potentialAction\":[{\"@type\":\"ReadAction\",\"target\":[\"https:\\\/\\\/forummontau.com\\\/girona\\\/el-orfidal-el-ansiolitico-mas-consumido-en-espana\\\/\"]}]},{\"@type\":\"ImageObject\",\"inLanguage\":\"es\",\"@id\":\"https:\\\/\\\/forummontau.com\\\/girona\\\/el-orfidal-el-ansiolitico-mas-consumido-en-espana\\\/#primaryimage\",\"url\":\"https:\\\/\\\/forummontau.com\\\/girona\\\/wp-content\\\/uploads\\\/sites\\\/6\\\/2022\\\/08\\\/orfidal.jpg\",\"contentUrl\":\"https:\\\/\\\/forummontau.com\\\/girona\\\/wp-content\\\/uploads\\\/sites\\\/6\\\/2022\\\/08\\\/orfidal.jpg\",\"width\":880,\"height\":495},{\"@type\":\"BreadcrumbList\",\"@id\":\"https:\\\/\\\/forummontau.com\\\/girona\\\/el-orfidal-el-ansiolitico-mas-consumido-en-espana\\\/#breadcrumb\",\"itemListElement\":[{\"@type\":\"ListItem\",\"position\":1,\"name\":\"Portada\",\"item\":\"https:\\\/\\\/forummontau.com\\\/girona\\\/centre-desintoxicacio-i-addiccions-girona\\\/\"},{\"@type\":\"ListItem\",\"position\":2,\"name\":\"El Orfidal, el ansiol\u00edtico m\u00e1s consumido en Espa\u00f1a\"}]},{\"@type\":\"WebSite\",\"@id\":\"https:\\\/\\\/forummontau.com\\\/girona\\\/#website\",\"url\":\"https:\\\/\\\/forummontau.com\\\/girona\\\/\",\"name\":\"Forum Salud Mental Girona\",\"description\":\"Centro de Desintoxicaci\u00f3n y Adicciones en Girona\",\"publisher\":{\"@id\":\"https:\\\/\\\/forummontau.com\\\/girona\\\/#organization\"},\"potentialAction\":[{\"@type\":\"SearchAction\",\"target\":{\"@type\":\"EntryPoint\",\"urlTemplate\":\"https:\\\/\\\/forummontau.com\\\/girona\\\/?s={search_term_string}\"},\"query-input\":{\"@type\":\"PropertyValueSpecification\",\"valueRequired\":true,\"valueName\":\"search_term_string\"}}],\"inLanguage\":\"es\"},{\"@type\":\"Organization\",\"@id\":\"https:\\\/\\\/forummontau.com\\\/girona\\\/#organization\",\"name\":\"Forum Salud Mental Girona\",\"url\":\"https:\\\/\\\/forummontau.com\\\/girona\\\/\",\"logo\":{\"@type\":\"ImageObject\",\"inLanguage\":\"es\",\"@id\":\"https:\\\/\\\/forummontau.com\\\/girona\\\/#\\\/schema\\\/logo\\\/image\\\/\",\"url\":\"https:\\\/\\\/forummontau.com\\\/girona\\\/wp-content\\\/uploads\\\/sites\\\/6\\\/2020\\\/02\\\/girona_forum.png\",\"contentUrl\":\"https:\\\/\\\/forummontau.com\\\/girona\\\/wp-content\\\/uploads\\\/sites\\\/6\\\/2020\\\/02\\\/girona_forum.png\",\"width\":215,\"height\":119,\"caption\":\"Forum Salud Mental Girona\"},\"image\":{\"@id\":\"https:\\\/\\\/forummontau.com\\\/girona\\\/#\\\/schema\\\/logo\\\/image\\\/\"}},{\"@type\":\"Person\",\"@id\":\"https:\\\/\\\/forummontau.com\\\/girona\\\/#\\\/schema\\\/person\\\/dd79fa1c0ba733edd439998f9d7f5e25\",\"name\":\"Forum Salud Mental Madrid\"}]}<\/script>\n<!-- \/ Yoast SEO plugin. -->","yoast_head_json":{"title":"El Orfidal, el ansiol\u00edtico m\u00e1s consumido en Espa\u00f1a - Forum Salud Mental Girona","description":"Generalmente, se usa para tratar el nerviosismo y la ansiedad pero, al igual que todos los medicamentos, tiene algunos\u00a0efectos secundarios\u00a0que es conveniente conocer.","robots":{"index":"index","follow":"follow","max-snippet":"max-snippet:-1","max-image-preview":"max-image-preview:large","max-video-preview":"max-video-preview:-1"},"canonical":"https:\/\/forummontau.com\/girona\/el-orfidal-el-ansiolitico-mas-consumido-en-espana\/","og_locale":"es_ES","og_type":"article","og_title":"El Orfidal, el ansiol\u00edtico m\u00e1s consumido en Espa\u00f1a - Forum Salud Mental Girona","og_description":"Generalmente, se usa para tratar el nerviosismo y la ansiedad pero, al igual que todos los medicamentos, tiene algunos\u00a0efectos secundarios\u00a0que es conveniente conocer.","og_url":"https:\/\/forummontau.com\/girona\/el-orfidal-el-ansiolitico-mas-consumido-en-espana\/","og_site_name":"Forum Salud Mental Girona","article_published_time":"2022-08-08T15:09:03+00:00","article_modified_time":"2022-08-08T15:09:06+00:00","og_image":[{"width":880,"height":495,"url":"https:\/\/forummontau.com\/girona\/wp-content\/uploads\/sites\/6\/2022\/08\/orfidal.jpg","type":"image\/jpeg"}],"author":"Forum Salud Mental Madrid","twitter_card":"summary_large_image","twitter_misc":{"Escrito por":"Forum Salud Mental Madrid","Tiempo de lectura":"2 minutos"},"schema":{"@context":"https:\/\/schema.org","@graph":[{"@type":"Article","@id":"https:\/\/forummontau.com\/girona\/el-orfidal-el-ansiolitico-mas-consumido-en-espana\/#article","isPartOf":{"@id":"https:\/\/forummontau.com\/girona\/el-orfidal-el-ansiolitico-mas-consumido-en-espana\/"},"author":{"name":"Forum Salud Mental Madrid","@id":"https:\/\/forummontau.com\/girona\/#\/schema\/person\/dd79fa1c0ba733edd439998f9d7f5e25"},"headline":"El Orfidal, el ansiol\u00edtico m\u00e1s consumido en Espa\u00f1a","datePublished":"2022-08-08T15:09:03+00:00","dateModified":"2022-08-08T15:09:06+00:00","mainEntityOfPage":{"@id":"https:\/\/forummontau.com\/girona\/el-orfidal-el-ansiolitico-mas-consumido-en-espana\/"},"wordCount":435,"publisher":{"@id":"https:\/\/forummontau.com\/girona\/#organization"},"image":{"@id":"https:\/\/forummontau.com\/girona\/el-orfidal-el-ansiolitico-mas-consumido-en-espana\/#primaryimage"},"thumbnailUrl":"https:\/\/forummontau.com\/girona\/wp-content\/uploads\/sites\/6\/2022\/08\/orfidal.jpg","keywords":["Forum Girona","Forum Terapeutic Girona","Medicamentos"],"articleSection":["Adicci\u00f3n"],"inLanguage":"es"},{"@type":"WebPage","@id":"https:\/\/forummontau.com\/girona\/el-orfidal-el-ansiolitico-mas-consumido-en-espana\/","url":"https:\/\/forummontau.com\/girona\/el-orfidal-el-ansiolitico-mas-consumido-en-espana\/","name":"El Orfidal, el ansiol\u00edtico m\u00e1s consumido en Espa\u00f1a - Forum Salud Mental Girona","isPartOf":{"@id":"https:\/\/forummontau.com\/girona\/#website"},"primaryImageOfPage":{"@id":"https:\/\/forummontau.com\/girona\/el-orfidal-el-ansiolitico-mas-consumido-en-espana\/#primaryimage"},"image":{"@id":"https:\/\/forummontau.com\/girona\/el-orfidal-el-ansiolitico-mas-consumido-en-espana\/#primaryimage"},"thumbnailUrl":"https:\/\/forummontau.com\/girona\/wp-content\/uploads\/sites\/6\/2022\/08\/orfidal.jpg","datePublished":"2022-08-08T15:09:03+00:00","dateModified":"2022-08-08T15:09:06+00:00","description":"Generalmente, se usa para tratar el nerviosismo y la ansiedad pero, al igual que todos los medicamentos, tiene algunos\u00a0efectos secundarios\u00a0que es conveniente conocer.","breadcrumb":{"@id":"https:\/\/forummontau.com\/girona\/el-orfidal-el-ansiolitico-mas-consumido-en-espana\/#breadcrumb"},"inLanguage":"es","potentialAction":[{"@type":"ReadAction","target":["https:\/\/forummontau.com\/girona\/el-orfidal-el-ansiolitico-mas-consumido-en-espana\/"]}]},{"@type":"ImageObject","inLanguage":"es","@id":"https:\/\/forummontau.com\/girona\/el-orfidal-el-ansiolitico-mas-consumido-en-espana\/#primaryimage","url":"https:\/\/forummontau.com\/girona\/wp-content\/uploads\/sites\/6\/2022\/08\/orfidal.jpg","contentUrl":"https:\/\/forummontau.com\/girona\/wp-content\/uploads\/sites\/6\/2022\/08\/orfidal.jpg","width":880,"height":495},{"@type":"BreadcrumbList","@id":"https:\/\/forummontau.com\/girona\/el-orfidal-el-ansiolitico-mas-consumido-en-espana\/#breadcrumb","itemListElement":[{"@type":"ListItem","position":1,"name":"Portada","item":"https:\/\/forummontau.com\/girona\/centre-desintoxicacio-i-addiccions-girona\/"},{"@type":"ListItem","position":2,"name":"El Orfidal, el ansiol\u00edtico m\u00e1s consumido en Espa\u00f1a"}]},{"@type":"WebSite","@id":"https:\/\/forummontau.com\/girona\/#website","url":"https:\/\/forummontau.com\/girona\/","name":"Forum Salud Mental Girona","description":"Centro de Desintoxicaci\u00f3n y Adicciones en Girona","publisher":{"@id":"https:\/\/forummontau.com\/girona\/#organization"},"potentialAction":[{"@type":"SearchAction","target":{"@type":"EntryPoint","urlTemplate":"https:\/\/forummontau.com\/girona\/?s={search_term_string}"},"query-input":{"@type":"PropertyValueSpecification","valueRequired":true,"valueName":"search_term_string"}}],"inLanguage":"es"},{"@type":"Organization","@id":"https:\/\/forummontau.com\/girona\/#organization","name":"Forum Salud Mental Girona","url":"https:\/\/forummontau.com\/girona\/","logo":{"@type":"ImageObject","inLanguage":"es","@id":"https:\/\/forummontau.com\/girona\/#\/schema\/logo\/image\/","url":"https:\/\/forummontau.com\/girona\/wp-content\/uploads\/sites\/6\/2020\/02\/girona_forum.png","contentUrl":"https:\/\/forummontau.com\/girona\/wp-content\/uploads\/sites\/6\/2020\/02\/girona_forum.png","width":215,"height":119,"caption":"Forum Salud Mental Girona"},"image":{"@id":"https:\/\/forummontau.com\/girona\/#\/schema\/logo\/image\/"}},{"@type":"Person","@id":"https:\/\/forummontau.com\/girona\/#\/schema\/person\/dd79fa1c0ba733edd439998f9d7f5e25","name":"Forum Salud Mental Madrid"}]}},"_links":{"self":[{"href":"https:\/\/forummontau.com\/girona\/wp-json\/wp\/v2\/posts\/2772","targetHints":{"allow":["GET"]}}],"collection":[{"href":"https:\/\/forummontau.com\/girona\/wp-json\/wp\/v2\/posts"}],"about":[{"href":"https:\/\/forummontau.com\/girona\/wp-json\/wp\/v2\/types\/post"}],"author":[{"embeddable":true,"href":"https:\/\/forummontau.com\/girona\/wp-json\/wp\/v2\/users\/2"}],"replies":[{"embeddable":true,"href":"https:\/\/forummontau.com\/girona\/wp-json\/wp\/v2\/comments?post=2772"}],"version-history":[{"count":1,"href":"https:\/\/forummontau.com\/girona\/wp-json\/wp\/v2\/posts\/2772\/revisions"}],"predecessor-version":[{"id":2774,"href":"https:\/\/forummontau.com\/girona\/wp-json\/wp\/v2\/posts\/2772\/revisions\/2774"}],"wp:featuredmedia":[{"embeddable":true,"href":"https:\/\/forummontau.com\/girona\/wp-json\/wp\/v2\/media\/2773"}],"wp:attachment":[{"href":"https:\/\/forummontau.com\/girona\/wp-json\/wp\/v2\/media?parent=2772"}],"wp:term":[{"taxonomy":"category","embeddable":true,"href":"https:\/\/forummontau.com\/girona\/wp-json\/wp\/v2\/categories?post=2772"},{"taxonomy":"post_tag","embeddable":true,"href":"https:\/\/forummontau.com\/girona\/wp-json\/wp\/v2\/tags?post=2772"}],"curies":[{"name":"wp","href":"https:\/\/api.w.org\/{rel}","templated":true}]}}