{"id":2775,"date":"2022-08-08T15:12:09","date_gmt":"2022-08-08T15:12:09","guid":{"rendered":"https:\/\/forumgirona.cat\/?p=2775"},"modified":"2022-08-08T15:12:11","modified_gmt":"2022-08-08T15:12:11","slug":"lorfidal-lansiolitic-mes-consumit-a-espanya","status":"publish","type":"post","link":"https:\/\/forummontau.com\/girona\/lorfidal-lansiolitic-mes-consumit-a-espanya\/","title":{"rendered":"L&#8217;Orfidal, l&#8217;ansiol\u00edtic m\u00e9s consumit a Espanya"},"content":{"rendered":"\n<p>Segur que has sentit a parlar de&nbsp;l&#8217;Orfidal, ja sigui per una persona propera que en pren o a la televisi\u00f3. \u00c9s el nom d&#8217;una de les marques que utilitza el&nbsp;Lorazepam&nbsp;com a f\u00e0rmac, i l&#8217;ansiol\u00edtic m\u00e9s usat a Espanya.<\/p>\n\n\n\n<p>Generalment, s&#8217;usa per a tractar el nerviosisme i l&#8217;ansietat per\u00f2, igual que tots els medicaments, t\u00e9 alguns efectes secundaris que \u00e9s convenient con\u00e8ixer.<\/p>\n\n\n\n<p>\u00c9s un f\u00e0rmac del grup de les benzodiazepines. Es recepta per a tractar l&#8217;ansietat, l&#8217;insomni, l&#8217;epil\u00e8psia i com a hipn\u00f2tic. Tamb\u00e9 s&#8217;utilitza per a tractar la s\u00edndrome d&#8217;abstin\u00e8ncia.<br>\u00c9s un medicament molt addictiu i el seu ab\u00fas pot causar problemes molt seriosos. El cos pot desenvolupar resist\u00e8ncia i aix\u00f2 deriva en una s\u00edndrome d&#8217;abstin\u00e8ncia o un ab\u00fas. En el pitjor dels casos una sobredosi pot causar la mort.<\/p>\n\n\n\n<p>Igual que s&#8217;ha de prendre sota supervisi\u00f3 d&#8217;un expert i mai augmentar la dosi pel nostre compte, \u00e9s un f\u00e0rmac que tampoc podem deixar d&#8217;un dia per a un altre. Quan deixa de ser necessari, es redueix el seu consum a poc a poc per a evitar patir dolors musculars o ansietat.<\/p>\n\n\n\n<p>Actua a nivell neuronal afavorint i incrementant l&#8217;activitat d&#8217;un dels neurotransmissors cerebrals que major paper tenen a l&#8217;hora d&#8217;inhibir o disminuir l&#8217;activaci\u00f3 neuronal, el&nbsp;GABA. \u00c9s l&#8217;increment d&#8217;aquest \u00faltim el que fa que disminueixi la cl\u00ednica ansiosa i genera efectes de relaxaci\u00f3 i sedaci\u00f3. L&#8217;efecte \u00e9s especialment rellevant en el sistema&nbsp;l\u00edmbic, la principal \u00e0rea del cervell que regeix l&#8217;esfera emocional , aix\u00ed com tamb\u00e9 diferents regions de l&#8217;escor\u00e7a les quals permet el processament de la informaci\u00f3 i el raonament.<\/p>\n\n\n\n<h2 class=\"wp-block-heading\">Efectes secundaris a curt pla\u00e7<\/h2>\n\n\n\n<ul class=\"wp-block-list\"><li>Canvis d&#8217;humor<\/li><li>Feblesa muscular<\/li><li>Sensaci\u00f3 de boca seca<\/li><li>Visi\u00f3 borrosa<\/li><li>Fatiga o ast\u00e8nia.<\/li><li>Problemes de concentraci\u00f3<\/li><li>Insomni<\/li><li>Canvi del desig sexual<\/li><li>N\u00e0usees<\/li><\/ul>\n\n\n\n<h2 class=\"wp-block-heading\">Efectes seundaris a llarg pla\u00e7<\/h2>\n\n\n\n<ul class=\"wp-block-list\"><li>Addicci\u00f3 f\u00edsica i ps\u00edquica, un dels efectes secundaris a llarg termini m\u00e9s perillosos.<\/li><li>Confusi\u00f3<\/li><li>Depressi\u00f3<\/li><li>Al\u00b7lucinacions<\/li><li>Deliris<\/li><li>Problemes de mem\u00f2ria<\/li><li>Insomni<\/li><li><\/li><\/ul>\n","protected":false},"excerpt":{"rendered":"<p>Segur que has sentit a parlar de&nbsp;l&#8217;Orfidal, ja sigui per una persona propera que en pren o a la televisi\u00f3. \u00c9s el nom d&#8217;una de les marques que utilitza el&nbsp;Lorazepam&nbsp;com a f\u00e0rmac, i l&#8217;ansiol\u00edtic m\u00e9s usat a Espanya. Generalment, s&#8217;usa per a tractar el nerviosisme i l&#8217;ansietat per\u00f2, igual que tots els medicaments, t\u00e9 alguns [&hellip;]<\/p>\n","protected":false},"author":2,"featured_media":2773,"comment_status":"closed","ping_status":"closed","sticky":false,"template":"","format":"standard","meta":{"ocean_post_layout":"","ocean_both_sidebars_style":"","ocean_both_sidebars_content_width":0,"ocean_both_sidebars_sidebars_width":0,"ocean_sidebar":"0","ocean_second_sidebar":"0","ocean_disable_margins":"enable","ocean_add_body_class":"","ocean_shortcode_before_top_bar":"","ocean_shortcode_after_top_bar":"","ocean_shortcode_before_header":"","ocean_shortcode_after_header":"","ocean_has_shortcode":"","ocean_shortcode_after_title":"","ocean_shortcode_before_footer_widgets":"","ocean_shortcode_after_footer_widgets":"","ocean_shortcode_before_footer_bottom":"","ocean_shortcode_after_footer_bottom":"","ocean_display_top_bar":"default","ocean_display_header":"default","ocean_header_style":"","ocean_center_header_left_menu":"0","ocean_custom_header_template":"0","ocean_custom_logo":0,"ocean_custom_retina_logo":0,"ocean_custom_logo_max_width":0,"ocean_custom_logo_tablet_max_width":0,"ocean_custom_logo_mobile_max_width":0,"ocean_custom_logo_max_height":0,"ocean_custom_logo_tablet_max_height":0,"ocean_custom_logo_mobile_max_height":0,"ocean_header_custom_menu":"0","ocean_menu_typo_font_family":"0","ocean_menu_typo_font_subset":"","ocean_menu_typo_font_size":0,"ocean_menu_typo_font_size_tablet":0,"ocean_menu_typo_font_size_mobile":0,"ocean_menu_typo_font_size_unit":"px","ocean_menu_typo_font_weight":"","ocean_menu_typo_font_weight_tablet":"","ocean_menu_typo_font_weight_mobile":"","ocean_menu_typo_transform":"","ocean_menu_typo_transform_tablet":"","ocean_menu_typo_transform_mobile":"","ocean_menu_typo_line_height":0,"ocean_menu_typo_line_height_tablet":0,"ocean_menu_typo_line_height_mobile":0,"ocean_menu_typo_line_height_unit":"","ocean_menu_typo_spacing":0,"ocean_menu_typo_spacing_tablet":0,"ocean_menu_typo_spacing_mobile":0,"ocean_menu_typo_spacing_unit":"","ocean_menu_link_color":"","ocean_menu_link_color_hover":"","ocean_menu_link_color_active":"","ocean_menu_link_background":"","ocean_menu_link_hover_background":"","ocean_menu_link_active_background":"","ocean_menu_social_links_bg":"","ocean_menu_social_hover_links_bg":"","ocean_menu_social_links_color":"","ocean_menu_social_hover_links_color":"","ocean_disable_title":"on","ocean_disable_heading":"default","ocean_post_title":"","ocean_post_subheading":"","ocean_post_title_style":"","ocean_post_title_background_color":"","ocean_post_title_background":0,"ocean_post_title_bg_image_position":"","ocean_post_title_bg_image_attachment":"","ocean_post_title_bg_image_repeat":"","ocean_post_title_bg_image_size":"","ocean_post_title_height":0,"ocean_post_title_bg_overlay":0.5,"ocean_post_title_bg_overlay_color":"","ocean_disable_breadcrumbs":"default","ocean_breadcrumbs_color":"","ocean_breadcrumbs_separator_color":"","ocean_breadcrumbs_links_color":"","ocean_breadcrumbs_links_hover_color":"","ocean_display_footer_widgets":"default","ocean_display_footer_bottom":"default","ocean_custom_footer_template":"0","ocean_post_oembed":"","ocean_post_self_hosted_media":"","ocean_post_video_embed":"","ocean_link_format":"","ocean_link_format_target":"self","ocean_quote_format":"","ocean_quote_format_link":"post","ocean_gallery_link_images":"off","ocean_gallery_id":[],"footnotes":""},"categories":[49,281],"tags":[282,120],"class_list":["post-2775","post","type-post","status-publish","format-standard","has-post-thumbnail","hentry","category-addiccio","category-benzodiazepines","tag-centre-addiccions-girona","tag-forum-terapeutic-girona-ca","entry","has-media"],"yoast_head":"<!-- This site is optimized with the Yoast SEO plugin v27.5 - https:\/\/yoast.com\/product\/yoast-seo-wordpress\/ -->\n<title>L&#039;Orfidal, l&#039;ansiol\u00edtic m\u00e9s consumit a Espanya - Forum Salud Mental Girona<\/title>\n<meta name=\"description\" content=\"Orfidal \u00e9s el nom d&#039;una de les marques que utilitza el\u00a0Lorazepam\u00a0com a f\u00e0rmac, i l&#039;ansiol\u00edtic m\u00e9s usat a Espanya.\" \/>\n<meta name=\"robots\" content=\"index, follow, max-snippet:-1, max-image-preview:large, max-video-preview:-1\" \/>\n<link rel=\"canonical\" href=\"https:\/\/forummontau.com\/girona\/lorfidal-lansiolitic-mes-consumit-a-espanya\/\" \/>\n<meta property=\"og:locale\" content=\"es_ES\" \/>\n<meta property=\"og:type\" content=\"article\" \/>\n<meta property=\"og:title\" content=\"L&#039;Orfidal, l&#039;ansiol\u00edtic m\u00e9s consumit a Espanya - Forum Salud Mental Girona\" \/>\n<meta property=\"og:description\" content=\"Orfidal \u00e9s el nom d&#039;una de les marques que utilitza el\u00a0Lorazepam\u00a0com a f\u00e0rmac, i l&#039;ansiol\u00edtic m\u00e9s usat a Espanya.\" \/>\n<meta property=\"og:url\" content=\"https:\/\/forummontau.com\/girona\/lorfidal-lansiolitic-mes-consumit-a-espanya\/\" \/>\n<meta property=\"og:site_name\" content=\"Forum Salud Mental Girona\" \/>\n<meta property=\"article:published_time\" content=\"2022-08-08T15:12:09+00:00\" \/>\n<meta property=\"article:modified_time\" content=\"2022-08-08T15:12:11+00:00\" \/>\n<meta property=\"og:image\" content=\"https:\/\/forummontau.com\/girona\/wp-content\/uploads\/sites\/6\/2022\/08\/orfidal.jpg\" \/>\n\t<meta property=\"og:image:width\" content=\"880\" \/>\n\t<meta property=\"og:image:height\" content=\"495\" \/>\n\t<meta property=\"og:image:type\" content=\"image\/jpeg\" \/>\n<meta name=\"author\" content=\"Forum Salud Mental Madrid\" \/>\n<meta name=\"twitter:card\" content=\"summary_large_image\" \/>\n<meta name=\"twitter:label1\" content=\"Escrito por\" \/>\n\t<meta name=\"twitter:data1\" content=\"Forum Salud Mental Madrid\" \/>\n\t<meta name=\"twitter:label2\" content=\"Tiempo de lectura\" \/>\n\t<meta name=\"twitter:data2\" content=\"2 minutos\" \/>\n<script type=\"application\/ld+json\" class=\"yoast-schema-graph\">{\"@context\":\"https:\\\/\\\/schema.org\",\"@graph\":[{\"@type\":\"Article\",\"@id\":\"https:\\\/\\\/forummontau.com\\\/girona\\\/lorfidal-lansiolitic-mes-consumit-a-espanya\\\/#article\",\"isPartOf\":{\"@id\":\"https:\\\/\\\/forummontau.com\\\/girona\\\/lorfidal-lansiolitic-mes-consumit-a-espanya\\\/\"},\"author\":{\"name\":\"Forum Salud Mental Madrid\",\"@id\":\"https:\\\/\\\/forummontau.com\\\/girona\\\/#\\\/schema\\\/person\\\/dd79fa1c0ba733edd439998f9d7f5e25\"},\"headline\":\"L&#8217;Orfidal, l&#8217;ansiol\u00edtic m\u00e9s consumit a Espanya\",\"datePublished\":\"2022-08-08T15:12:09+00:00\",\"dateModified\":\"2022-08-08T15:12:11+00:00\",\"mainEntityOfPage\":{\"@id\":\"https:\\\/\\\/forummontau.com\\\/girona\\\/lorfidal-lansiolitic-mes-consumit-a-espanya\\\/\"},\"wordCount\":381,\"publisher\":{\"@id\":\"https:\\\/\\\/forummontau.com\\\/girona\\\/#organization\"},\"image\":{\"@id\":\"https:\\\/\\\/forummontau.com\\\/girona\\\/lorfidal-lansiolitic-mes-consumit-a-espanya\\\/#primaryimage\"},\"thumbnailUrl\":\"https:\\\/\\\/forummontau.com\\\/girona\\\/wp-content\\\/uploads\\\/sites\\\/6\\\/2022\\\/08\\\/orfidal.jpg\",\"keywords\":[\"Centre Addiccions Girona\",\"Forum Terapeutic Girona\"],\"articleSection\":[\"Addicci\u00f3\",\"Benzodiazepines\"],\"inLanguage\":\"es\"},{\"@type\":\"WebPage\",\"@id\":\"https:\\\/\\\/forummontau.com\\\/girona\\\/lorfidal-lansiolitic-mes-consumit-a-espanya\\\/\",\"url\":\"https:\\\/\\\/forummontau.com\\\/girona\\\/lorfidal-lansiolitic-mes-consumit-a-espanya\\\/\",\"name\":\"L'Orfidal, l'ansiol\u00edtic m\u00e9s consumit a Espanya - Forum Salud Mental Girona\",\"isPartOf\":{\"@id\":\"https:\\\/\\\/forummontau.com\\\/girona\\\/#website\"},\"primaryImageOfPage\":{\"@id\":\"https:\\\/\\\/forummontau.com\\\/girona\\\/lorfidal-lansiolitic-mes-consumit-a-espanya\\\/#primaryimage\"},\"image\":{\"@id\":\"https:\\\/\\\/forummontau.com\\\/girona\\\/lorfidal-lansiolitic-mes-consumit-a-espanya\\\/#primaryimage\"},\"thumbnailUrl\":\"https:\\\/\\\/forummontau.com\\\/girona\\\/wp-content\\\/uploads\\\/sites\\\/6\\\/2022\\\/08\\\/orfidal.jpg\",\"datePublished\":\"2022-08-08T15:12:09+00:00\",\"dateModified\":\"2022-08-08T15:12:11+00:00\",\"description\":\"Orfidal \u00e9s el nom d'una de les marques que utilitza el\u00a0Lorazepam\u00a0com a f\u00e0rmac, i l'ansiol\u00edtic m\u00e9s usat a Espanya.\",\"breadcrumb\":{\"@id\":\"https:\\\/\\\/forummontau.com\\\/girona\\\/lorfidal-lansiolitic-mes-consumit-a-espanya\\\/#breadcrumb\"},\"inLanguage\":\"es\",\"potentialAction\":[{\"@type\":\"ReadAction\",\"target\":[\"https:\\\/\\\/forummontau.com\\\/girona\\\/lorfidal-lansiolitic-mes-consumit-a-espanya\\\/\"]}]},{\"@type\":\"ImageObject\",\"inLanguage\":\"es\",\"@id\":\"https:\\\/\\\/forummontau.com\\\/girona\\\/lorfidal-lansiolitic-mes-consumit-a-espanya\\\/#primaryimage\",\"url\":\"https:\\\/\\\/forummontau.com\\\/girona\\\/wp-content\\\/uploads\\\/sites\\\/6\\\/2022\\\/08\\\/orfidal.jpg\",\"contentUrl\":\"https:\\\/\\\/forummontau.com\\\/girona\\\/wp-content\\\/uploads\\\/sites\\\/6\\\/2022\\\/08\\\/orfidal.jpg\",\"width\":880,\"height\":495},{\"@type\":\"BreadcrumbList\",\"@id\":\"https:\\\/\\\/forummontau.com\\\/girona\\\/lorfidal-lansiolitic-mes-consumit-a-espanya\\\/#breadcrumb\",\"itemListElement\":[{\"@type\":\"ListItem\",\"position\":1,\"name\":\"Portada\",\"item\":\"https:\\\/\\\/forummontau.com\\\/girona\\\/centre-desintoxicacio-i-addiccions-girona\\\/\"},{\"@type\":\"ListItem\",\"position\":2,\"name\":\"L&#8217;Orfidal, l&#8217;ansiol\u00edtic m\u00e9s consumit a Espanya\"}]},{\"@type\":\"WebSite\",\"@id\":\"https:\\\/\\\/forummontau.com\\\/girona\\\/#website\",\"url\":\"https:\\\/\\\/forummontau.com\\\/girona\\\/\",\"name\":\"Forum Salud Mental Girona\",\"description\":\"Centro de Desintoxicaci\u00f3n y Adicciones en Girona\",\"publisher\":{\"@id\":\"https:\\\/\\\/forummontau.com\\\/girona\\\/#organization\"},\"potentialAction\":[{\"@type\":\"SearchAction\",\"target\":{\"@type\":\"EntryPoint\",\"urlTemplate\":\"https:\\\/\\\/forummontau.com\\\/girona\\\/?s={search_term_string}\"},\"query-input\":{\"@type\":\"PropertyValueSpecification\",\"valueRequired\":true,\"valueName\":\"search_term_string\"}}],\"inLanguage\":\"es\"},{\"@type\":\"Organization\",\"@id\":\"https:\\\/\\\/forummontau.com\\\/girona\\\/#organization\",\"name\":\"Forum Salud Mental Girona\",\"url\":\"https:\\\/\\\/forummontau.com\\\/girona\\\/\",\"logo\":{\"@type\":\"ImageObject\",\"inLanguage\":\"es\",\"@id\":\"https:\\\/\\\/forummontau.com\\\/girona\\\/#\\\/schema\\\/logo\\\/image\\\/\",\"url\":\"https:\\\/\\\/forummontau.com\\\/girona\\\/wp-content\\\/uploads\\\/sites\\\/6\\\/2020\\\/02\\\/girona_forum.png\",\"contentUrl\":\"https:\\\/\\\/forummontau.com\\\/girona\\\/wp-content\\\/uploads\\\/sites\\\/6\\\/2020\\\/02\\\/girona_forum.png\",\"width\":215,\"height\":119,\"caption\":\"Forum Salud Mental Girona\"},\"image\":{\"@id\":\"https:\\\/\\\/forummontau.com\\\/girona\\\/#\\\/schema\\\/logo\\\/image\\\/\"}},{\"@type\":\"Person\",\"@id\":\"https:\\\/\\\/forummontau.com\\\/girona\\\/#\\\/schema\\\/person\\\/dd79fa1c0ba733edd439998f9d7f5e25\",\"name\":\"Forum Salud Mental Madrid\"}]}<\/script>\n<!-- \/ Yoast SEO plugin. -->","yoast_head_json":{"title":"L'Orfidal, l'ansiol\u00edtic m\u00e9s consumit a Espanya - Forum Salud Mental Girona","description":"Orfidal \u00e9s el nom d'una de les marques que utilitza el\u00a0Lorazepam\u00a0com a f\u00e0rmac, i l'ansiol\u00edtic m\u00e9s usat a Espanya.","robots":{"index":"index","follow":"follow","max-snippet":"max-snippet:-1","max-image-preview":"max-image-preview:large","max-video-preview":"max-video-preview:-1"},"canonical":"https:\/\/forummontau.com\/girona\/lorfidal-lansiolitic-mes-consumit-a-espanya\/","og_locale":"es_ES","og_type":"article","og_title":"L'Orfidal, l'ansiol\u00edtic m\u00e9s consumit a Espanya - Forum Salud Mental Girona","og_description":"Orfidal \u00e9s el nom d'una de les marques que utilitza el\u00a0Lorazepam\u00a0com a f\u00e0rmac, i l'ansiol\u00edtic m\u00e9s usat a Espanya.","og_url":"https:\/\/forummontau.com\/girona\/lorfidal-lansiolitic-mes-consumit-a-espanya\/","og_site_name":"Forum Salud Mental Girona","article_published_time":"2022-08-08T15:12:09+00:00","article_modified_time":"2022-08-08T15:12:11+00:00","og_image":[{"width":880,"height":495,"url":"https:\/\/forummontau.com\/girona\/wp-content\/uploads\/sites\/6\/2022\/08\/orfidal.jpg","type":"image\/jpeg"}],"author":"Forum Salud Mental Madrid","twitter_card":"summary_large_image","twitter_misc":{"Escrito por":"Forum Salud Mental Madrid","Tiempo de lectura":"2 minutos"},"schema":{"@context":"https:\/\/schema.org","@graph":[{"@type":"Article","@id":"https:\/\/forummontau.com\/girona\/lorfidal-lansiolitic-mes-consumit-a-espanya\/#article","isPartOf":{"@id":"https:\/\/forummontau.com\/girona\/lorfidal-lansiolitic-mes-consumit-a-espanya\/"},"author":{"name":"Forum Salud Mental Madrid","@id":"https:\/\/forummontau.com\/girona\/#\/schema\/person\/dd79fa1c0ba733edd439998f9d7f5e25"},"headline":"L&#8217;Orfidal, l&#8217;ansiol\u00edtic m\u00e9s consumit a Espanya","datePublished":"2022-08-08T15:12:09+00:00","dateModified":"2022-08-08T15:12:11+00:00","mainEntityOfPage":{"@id":"https:\/\/forummontau.com\/girona\/lorfidal-lansiolitic-mes-consumit-a-espanya\/"},"wordCount":381,"publisher":{"@id":"https:\/\/forummontau.com\/girona\/#organization"},"image":{"@id":"https:\/\/forummontau.com\/girona\/lorfidal-lansiolitic-mes-consumit-a-espanya\/#primaryimage"},"thumbnailUrl":"https:\/\/forummontau.com\/girona\/wp-content\/uploads\/sites\/6\/2022\/08\/orfidal.jpg","keywords":["Centre Addiccions Girona","Forum Terapeutic Girona"],"articleSection":["Addicci\u00f3","Benzodiazepines"],"inLanguage":"es"},{"@type":"WebPage","@id":"https:\/\/forummontau.com\/girona\/lorfidal-lansiolitic-mes-consumit-a-espanya\/","url":"https:\/\/forummontau.com\/girona\/lorfidal-lansiolitic-mes-consumit-a-espanya\/","name":"L'Orfidal, l'ansiol\u00edtic m\u00e9s consumit a Espanya - Forum Salud Mental Girona","isPartOf":{"@id":"https:\/\/forummontau.com\/girona\/#website"},"primaryImageOfPage":{"@id":"https:\/\/forummontau.com\/girona\/lorfidal-lansiolitic-mes-consumit-a-espanya\/#primaryimage"},"image":{"@id":"https:\/\/forummontau.com\/girona\/lorfidal-lansiolitic-mes-consumit-a-espanya\/#primaryimage"},"thumbnailUrl":"https:\/\/forummontau.com\/girona\/wp-content\/uploads\/sites\/6\/2022\/08\/orfidal.jpg","datePublished":"2022-08-08T15:12:09+00:00","dateModified":"2022-08-08T15:12:11+00:00","description":"Orfidal \u00e9s el nom d'una de les marques que utilitza el\u00a0Lorazepam\u00a0com a f\u00e0rmac, i l'ansiol\u00edtic m\u00e9s usat a Espanya.","breadcrumb":{"@id":"https:\/\/forummontau.com\/girona\/lorfidal-lansiolitic-mes-consumit-a-espanya\/#breadcrumb"},"inLanguage":"es","potentialAction":[{"@type":"ReadAction","target":["https:\/\/forummontau.com\/girona\/lorfidal-lansiolitic-mes-consumit-a-espanya\/"]}]},{"@type":"ImageObject","inLanguage":"es","@id":"https:\/\/forummontau.com\/girona\/lorfidal-lansiolitic-mes-consumit-a-espanya\/#primaryimage","url":"https:\/\/forummontau.com\/girona\/wp-content\/uploads\/sites\/6\/2022\/08\/orfidal.jpg","contentUrl":"https:\/\/forummontau.com\/girona\/wp-content\/uploads\/sites\/6\/2022\/08\/orfidal.jpg","width":880,"height":495},{"@type":"BreadcrumbList","@id":"https:\/\/forummontau.com\/girona\/lorfidal-lansiolitic-mes-consumit-a-espanya\/#breadcrumb","itemListElement":[{"@type":"ListItem","position":1,"name":"Portada","item":"https:\/\/forummontau.com\/girona\/centre-desintoxicacio-i-addiccions-girona\/"},{"@type":"ListItem","position":2,"name":"L&#8217;Orfidal, l&#8217;ansiol\u00edtic m\u00e9s consumit a Espanya"}]},{"@type":"WebSite","@id":"https:\/\/forummontau.com\/girona\/#website","url":"https:\/\/forummontau.com\/girona\/","name":"Forum Salud Mental Girona","description":"Centro de Desintoxicaci\u00f3n y Adicciones en Girona","publisher":{"@id":"https:\/\/forummontau.com\/girona\/#organization"},"potentialAction":[{"@type":"SearchAction","target":{"@type":"EntryPoint","urlTemplate":"https:\/\/forummontau.com\/girona\/?s={search_term_string}"},"query-input":{"@type":"PropertyValueSpecification","valueRequired":true,"valueName":"search_term_string"}}],"inLanguage":"es"},{"@type":"Organization","@id":"https:\/\/forummontau.com\/girona\/#organization","name":"Forum Salud Mental Girona","url":"https:\/\/forummontau.com\/girona\/","logo":{"@type":"ImageObject","inLanguage":"es","@id":"https:\/\/forummontau.com\/girona\/#\/schema\/logo\/image\/","url":"https:\/\/forummontau.com\/girona\/wp-content\/uploads\/sites\/6\/2020\/02\/girona_forum.png","contentUrl":"https:\/\/forummontau.com\/girona\/wp-content\/uploads\/sites\/6\/2020\/02\/girona_forum.png","width":215,"height":119,"caption":"Forum Salud Mental Girona"},"image":{"@id":"https:\/\/forummontau.com\/girona\/#\/schema\/logo\/image\/"}},{"@type":"Person","@id":"https:\/\/forummontau.com\/girona\/#\/schema\/person\/dd79fa1c0ba733edd439998f9d7f5e25","name":"Forum Salud Mental Madrid"}]}},"_links":{"self":[{"href":"https:\/\/forummontau.com\/girona\/wp-json\/wp\/v2\/posts\/2775","targetHints":{"allow":["GET"]}}],"collection":[{"href":"https:\/\/forummontau.com\/girona\/wp-json\/wp\/v2\/posts"}],"about":[{"href":"https:\/\/forummontau.com\/girona\/wp-json\/wp\/v2\/types\/post"}],"author":[{"embeddable":true,"href":"https:\/\/forummontau.com\/girona\/wp-json\/wp\/v2\/users\/2"}],"replies":[{"embeddable":true,"href":"https:\/\/forummontau.com\/girona\/wp-json\/wp\/v2\/comments?post=2775"}],"version-history":[{"count":1,"href":"https:\/\/forummontau.com\/girona\/wp-json\/wp\/v2\/posts\/2775\/revisions"}],"predecessor-version":[{"id":2776,"href":"https:\/\/forummontau.com\/girona\/wp-json\/wp\/v2\/posts\/2775\/revisions\/2776"}],"wp:featuredmedia":[{"embeddable":true,"href":"https:\/\/forummontau.com\/girona\/wp-json\/wp\/v2\/media\/2773"}],"wp:attachment":[{"href":"https:\/\/forummontau.com\/girona\/wp-json\/wp\/v2\/media?parent=2775"}],"wp:term":[{"taxonomy":"category","embeddable":true,"href":"https:\/\/forummontau.com\/girona\/wp-json\/wp\/v2\/categories?post=2775"},{"taxonomy":"post_tag","embeddable":true,"href":"https:\/\/forummontau.com\/girona\/wp-json\/wp\/v2\/tags?post=2775"}],"curies":[{"name":"wp","href":"https:\/\/api.w.org\/{rel}","templated":true}]}}