{"id":2849,"date":"2023-01-03T10:39:48","date_gmt":"2023-01-03T10:39:48","guid":{"rendered":"https:\/\/forumgirona.cat\/?p=2849"},"modified":"2023-01-03T10:39:50","modified_gmt":"2023-01-03T10:39:50","slug":"el-cerebro-adicto-ni-debilidad-moral-ni-falta-de-voluntad","status":"publish","type":"post","link":"https:\/\/forummontau.com\/girona\/el-cerebro-adicto-ni-debilidad-moral-ni-falta-de-voluntad\/","title":{"rendered":"El cerebro adicto: ni debilidad moral ni falta de voluntad"},"content":{"rendered":"\n<p><strong>La adicci\u00f3n fue considerada durante mucho tiempo como una debilidad moral o una falta de fuerza de voluntad.<\/strong>\u00a0Por el contrario, actualmente es reconocida como una enfermedad cr\u00f3nica con cambios cerebrales espec\u00edficos. As\u00ed como la enfermedad card\u00edaca afecta el coraz\u00f3n y la hepatitis, el h\u00edgado, la adicci\u00f3n afecta el cerebro, lo secuestra.<\/p>\n\n\n\n<h2 class=\"wp-block-heading\">Adicci\u00f3n al alcohol y drogas y adicci\u00f3n comportamental<\/h2>\n\n\n\n<p>Durante muchos a\u00f1os se cre\u00eda que s\u00f3lo el alcohol y las drogas pod\u00edan causar adicci\u00f3n. Investigaciones recientes han demostrado que\u00a0<strong>ciertas actividades como el juego, las compras, el sexo, la comida e, incluso, la tecnolog\u00eda, tambi\u00e9n pueden cooptar el cerebro<\/strong>\u00a0y son registrados por \u00e9ste en forma similar a las drogas y el alcohol. El consenso cient\u00edfico actual sugiere que estos placeres pueden representar m\u00faltiples expresiones de un proceso cerebral com\u00fan subyacente.<\/p>\n\n\n\n<h2 class=\"wp-block-heading\">Circuito recompensa<\/h2>\n\n\n\n<p>Uno de los descubrimientos m\u00e1s notables de las neurociencias ha sido la determinaci\u00f3n de los <strong>circuitos de recompensa.<\/strong>\u00a0Se trata de mecanismos de placer que involucran diferentes regiones cerebrales que se encuentran comunicados mediante mensajeros qu\u00edmicos llamados \u201cneurotransmisores\u201d. <\/p>\n\n\n\n<h2 class=\"wp-block-heading\">El papel de la dopamina<\/h2>\n\n\n\n<p>La dopamina es un mensajero qu\u00edmico involucrado en la motivaci\u00f3n, el placer, la memoria y el movimiento, entre otras funciones. En el cerebro, el placer se produce a trav\u00e9s de la liberaci\u00f3n de la dopamina en el \u201cn\u00facleo accumbens\u201d, una regi\u00f3n a la cual los neurocient\u00edficos llaman el \u201ccentro de placer del cerebro\u201d. Justamente la acci\u00f3n de una droga adictiva funciona a partir de la influencia en ese sistema.<\/p>\n\n\n\n<p><strong>Algunos adictos llegan a focalizarse en conseguir y disfrutar de la droga excluyendo todos los dem\u00e1s aspectos de sus vidas<\/strong>: descuidan a su familia, su trabajo, su propia salud. Y a\u00fan saber que se est\u00e1n destruyendo a s\u00ed mismos, siguen con el consumo de la droga y, a medida que contin\u00faan con su uso, se hacen tolerantes. As\u00ed,&nbsp;<strong>las dosis que inicialmente utilizaron para estimularse ya no son eficaces y necesitan usar una dosis m\u00e1s alta<\/strong>.<\/p>\n\n\n\n<p>En la d\u00e9cada de 1950, dos psic\u00f3logos canadienses, James Olds y Peter Milner, hicieron unos experimentos muy famosos en los cuales implantaron electrodos en el cerebro basal de las ratas y descubrieron que las drogas adictivas pueden liberar de dos a diez veces -y de forma m\u00e1s r\u00e1pida- la cantidad de dopamina que las recompensas naturales.<\/p>\n\n\n\n<p>Antes se pensaba que la experiencia del placer era suficiente para inducir a la gente a seguir buscando una sustancia adictiva. Pero nuevas investigaciones sugieren que la situaci\u00f3n es m\u00e1s compleja.\u00a0<strong>La dopamina no s\u00f3lo contribuye a la experiencia del placer, sino que tambi\u00e9n desempe\u00f1a un papel en el aprendizaje y la memoria, dos elementos clave en la transici\u00f3n de consumir algo a convertirse en adicto.<\/strong>\u00a0La investigadora Nora Volkow, en Estados Unidos, utiliz\u00f3 una t\u00e9cnica de neuroim\u00e1genes denominada \u201ctomograf\u00eda por emisi\u00f3n de positrones\u201d para etiquetar los receptores de dopamina en el cerebro humano y descubri\u00f3 que efectivamente el funcionamiento normal del sistema dopamin\u00e9rgico cerebral parece estar afectado en el abuso cr\u00f3nico de drogas. <\/p>\n\n\n\n<p>Sin embargo, este estudio plante\u00f3 preguntas fundamentales a partir de esa conclusi\u00f3n: <\/p>\n\n\n\n<p>\u00bfSon estos cambios en los receptores dopamin\u00e9rgicos de los consumidores de drogas las consecuencias del abuso en el consumo o es el abuso de drogas una consecuencia de una predisposici\u00f3n biol\u00f3gica, lo que quiere decir que estos cambios en los receptores dopamin\u00e9rgicos est\u00e1n antes del consumo de drogas?<\/p>\n\n\n\n<p>Otro enigma recurrente es el que plantea el comportamiento, a menudo impulsivo, de algunos consumidores de drogas. Nuevamente se evidencia la pregunta sobre cu\u00e1l es la causa y cu\u00e1l es el efecto.\u00a0<\/p>\n\n\n\n<h2 class=\"wp-block-heading\"><strong>La vulnerabilidad gen\u00e9tica contribuye al riesgo de desarrollar una adicci\u00f3n<\/strong><\/h2>\n\n\n\n<p>Los estudios de gemelos y adopci\u00f3n muestran que alrededor del 40% al 60% de la susceptibilidad a la adicci\u00f3n es hereditaria. Pero el comportamiento juega un papel clave, especialmente cuando se trata de reforzar un h\u00e1bito. Cada uno de nosotros tiene que tomar decisiones acerca de si realizamos algo que queremos hacer o no (por ejemplo, desear comer un chocolate pero no hacerlo para evitar consecuencias negativas en el mediano plazo). A veces esto no se puede controlar, pero son m\u00e1s las veces que uno puede. En las personas que son adictas, como vimos en el personaje de El jugador, este control es muy dif\u00edcil.<\/p>\n\n\n\n<p><strong>La persona que es adicta no quiere serlo. Su adicci\u00f3n ya le cost\u00f3 su trabajo, su pareja, su bienestar. Sin embargo, no puede resistir la tentaci\u00f3n.<\/strong>&nbsp;Como dijimos al principio, se trata de una enfermedad de la que actualmente no existe cura. Se la debe tratar como otras enfermedades cr\u00f3nicas (hipertensi\u00f3n, asma, c\u00e1ncer) y, como tal, mantener el tratamiento ya que, de otro modo, el paciente recae.<\/p>\n\n\n\n<p><strong>La adicci\u00f3n se aprende y se almacena como memoria en el cerebro, por lo que la recuperaci\u00f3n es un proceso lento<\/strong>. Incluso despu\u00e9s de que una persona renuncia, por ejemplo, al consumo de drogas, durante semanas, meses, e incluso, a\u00f1os, la exposici\u00f3n al sitio de la droga, caminar por una calle donde la compraron o tropezar con personas que siguen consumiendo les trae un tremendo impulso a querer consumir de nuevo. Existe una serie de tratamientos que lograron eficacia, por lo general al combinar estrategias de autoayuda, de psicoterapia y de rehabilitaci\u00f3n. Para algunos tipos de adicciones, ciertos medicamentos tambi\u00e9n pueden ayudar.<\/p>\n","protected":false},"excerpt":{"rendered":"<p>La adicci\u00f3n fue considerada durante mucho tiempo como una debilidad moral o una falta de fuerza de voluntad.\u00a0Por el contrario, actualmente es reconocida como una enfermedad cr\u00f3nica con cambios cerebrales espec\u00edficos. As\u00ed como la enfermedad card\u00edaca afecta el coraz\u00f3n y la hepatitis, el h\u00edgado, la adicci\u00f3n afecta el cerebro, lo secuestra. Adicci\u00f3n al alcohol y [&hellip;]<\/p>\n","protected":false},"author":2,"featured_media":2847,"comment_status":"closed","ping_status":"closed","sticky":false,"template":"","format":"standard","meta":{"ocean_post_layout":"","ocean_both_sidebars_style":"","ocean_both_sidebars_content_width":0,"ocean_both_sidebars_sidebars_width":0,"ocean_sidebar":"0","ocean_second_sidebar":"0","ocean_disable_margins":"enable","ocean_add_body_class":"","ocean_shortcode_before_top_bar":"","ocean_shortcode_after_top_bar":"","ocean_shortcode_before_header":"","ocean_shortcode_after_header":"","ocean_has_shortcode":"","ocean_shortcode_after_title":"","ocean_shortcode_before_footer_widgets":"","ocean_shortcode_after_footer_widgets":"","ocean_shortcode_before_footer_bottom":"","ocean_shortcode_after_footer_bottom":"","ocean_display_top_bar":"default","ocean_display_header":"default","ocean_header_style":"","ocean_center_header_left_menu":"0","ocean_custom_header_template":"0","ocean_custom_logo":0,"ocean_custom_retina_logo":0,"ocean_custom_logo_max_width":0,"ocean_custom_logo_tablet_max_width":0,"ocean_custom_logo_mobile_max_width":0,"ocean_custom_logo_max_height":0,"ocean_custom_logo_tablet_max_height":0,"ocean_custom_logo_mobile_max_height":0,"ocean_header_custom_menu":"0","ocean_menu_typo_font_family":"0","ocean_menu_typo_font_subset":"","ocean_menu_typo_font_size":0,"ocean_menu_typo_font_size_tablet":0,"ocean_menu_typo_font_size_mobile":0,"ocean_menu_typo_font_size_unit":"px","ocean_menu_typo_font_weight":"","ocean_menu_typo_font_weight_tablet":"","ocean_menu_typo_font_weight_mobile":"","ocean_menu_typo_transform":"","ocean_menu_typo_transform_tablet":"","ocean_menu_typo_transform_mobile":"","ocean_menu_typo_line_height":0,"ocean_menu_typo_line_height_tablet":0,"ocean_menu_typo_line_height_mobile":0,"ocean_menu_typo_line_height_unit":"","ocean_menu_typo_spacing":0,"ocean_menu_typo_spacing_tablet":0,"ocean_menu_typo_spacing_mobile":0,"ocean_menu_typo_spacing_unit":"","ocean_menu_link_color":"","ocean_menu_link_color_hover":"","ocean_menu_link_color_active":"","ocean_menu_link_background":"","ocean_menu_link_hover_background":"","ocean_menu_link_active_background":"","ocean_menu_social_links_bg":"","ocean_menu_social_hover_links_bg":"","ocean_menu_social_links_color":"","ocean_menu_social_hover_links_color":"","ocean_disable_title":"on","ocean_disable_heading":"default","ocean_post_title":"","ocean_post_subheading":"","ocean_post_title_style":"","ocean_post_title_background_color":"","ocean_post_title_background":0,"ocean_post_title_bg_image_position":"","ocean_post_title_bg_image_attachment":"","ocean_post_title_bg_image_repeat":"","ocean_post_title_bg_image_size":"","ocean_post_title_height":0,"ocean_post_title_bg_overlay":0.5,"ocean_post_title_bg_overlay_color":"","ocean_disable_breadcrumbs":"default","ocean_breadcrumbs_color":"","ocean_breadcrumbs_separator_color":"","ocean_breadcrumbs_links_color":"","ocean_breadcrumbs_links_hover_color":"","ocean_display_footer_widgets":"default","ocean_display_footer_bottom":"default","ocean_custom_footer_template":"0","ocean_post_oembed":"","ocean_post_self_hosted_media":"","ocean_post_video_embed":"","ocean_link_format":"","ocean_link_format_target":"self","ocean_quote_format":"","ocean_quote_format_link":"post","ocean_gallery_link_images":"off","ocean_gallery_id":[],"footnotes":""},"categories":[1],"tags":[],"class_list":["post-2849","post","type-post","status-publish","format-standard","has-post-thumbnail","hentry","category-uncategorized","entry","has-media"],"yoast_head":"<!-- This site is optimized with the Yoast SEO plugin v27.5 - https:\/\/yoast.com\/product\/yoast-seo-wordpress\/ -->\n<title>El cerebro adicto: ni debilidad moral ni falta de voluntad - Forum Salud Mental Girona<\/title>\n<meta name=\"description\" content=\"Segons la OMS l&#039;addicci\u00f3 \u00e9s una malaltia cr\u00f2nica amb tendpencia a la recaiguda i amb canvis cerebrals espec\u00edfics.\" \/>\n<meta name=\"robots\" content=\"index, follow, max-snippet:-1, max-image-preview:large, max-video-preview:-1\" \/>\n<link rel=\"canonical\" href=\"https:\/\/forummontau.com\/girona\/el-cerebro-adicto-ni-debilidad-moral-ni-falta-de-voluntad\/\" \/>\n<meta property=\"og:locale\" content=\"es_ES\" \/>\n<meta property=\"og:type\" content=\"article\" \/>\n<meta property=\"og:title\" content=\"El cerebro adicto: ni debilidad moral ni falta de voluntad - Forum Salud Mental Girona\" \/>\n<meta property=\"og:description\" content=\"Segons la OMS l&#039;addicci\u00f3 \u00e9s una malaltia cr\u00f2nica amb tendpencia a la recaiguda i amb canvis cerebrals espec\u00edfics.\" \/>\n<meta property=\"og:url\" content=\"https:\/\/forummontau.com\/girona\/el-cerebro-adicto-ni-debilidad-moral-ni-falta-de-voluntad\/\" \/>\n<meta property=\"og:site_name\" content=\"Forum Salud Mental Girona\" \/>\n<meta property=\"article:published_time\" content=\"2023-01-03T10:39:48+00:00\" \/>\n<meta property=\"article:modified_time\" content=\"2023-01-03T10:39:50+00:00\" \/>\n<meta property=\"og:image\" content=\"https:\/\/forummontau.com\/girona\/wp-content\/uploads\/sites\/6\/2023\/01\/cerebro-adicto.jpeg\" \/>\n\t<meta property=\"og:image:width\" content=\"1200\" \/>\n\t<meta property=\"og:image:height\" content=\"675\" \/>\n\t<meta property=\"og:image:type\" content=\"image\/jpeg\" \/>\n<meta name=\"author\" content=\"Forum Salud Mental Madrid\" \/>\n<meta name=\"twitter:card\" content=\"summary_large_image\" \/>\n<meta name=\"twitter:label1\" content=\"Escrito por\" \/>\n\t<meta name=\"twitter:data1\" content=\"Forum Salud Mental Madrid\" \/>\n\t<meta name=\"twitter:label2\" content=\"Tiempo de lectura\" \/>\n\t<meta name=\"twitter:data2\" content=\"4 minutos\" \/>\n<script type=\"application\/ld+json\" class=\"yoast-schema-graph\">{\"@context\":\"https:\\\/\\\/schema.org\",\"@graph\":[{\"@type\":\"Article\",\"@id\":\"https:\\\/\\\/forummontau.com\\\/girona\\\/el-cerebro-adicto-ni-debilidad-moral-ni-falta-de-voluntad\\\/#article\",\"isPartOf\":{\"@id\":\"https:\\\/\\\/forummontau.com\\\/girona\\\/el-cerebro-adicto-ni-debilidad-moral-ni-falta-de-voluntad\\\/\"},\"author\":{\"name\":\"Forum Salud Mental Madrid\",\"@id\":\"https:\\\/\\\/forummontau.com\\\/girona\\\/#\\\/schema\\\/person\\\/dd79fa1c0ba733edd439998f9d7f5e25\"},\"headline\":\"El cerebro adicto: ni debilidad moral ni falta de voluntad\",\"datePublished\":\"2023-01-03T10:39:48+00:00\",\"dateModified\":\"2023-01-03T10:39:50+00:00\",\"mainEntityOfPage\":{\"@id\":\"https:\\\/\\\/forummontau.com\\\/girona\\\/el-cerebro-adicto-ni-debilidad-moral-ni-falta-de-voluntad\\\/\"},\"wordCount\":955,\"publisher\":{\"@id\":\"https:\\\/\\\/forummontau.com\\\/girona\\\/#organization\"},\"image\":{\"@id\":\"https:\\\/\\\/forummontau.com\\\/girona\\\/el-cerebro-adicto-ni-debilidad-moral-ni-falta-de-voluntad\\\/#primaryimage\"},\"thumbnailUrl\":\"https:\\\/\\\/forummontau.com\\\/girona\\\/wp-content\\\/uploads\\\/sites\\\/6\\\/2023\\\/01\\\/cerebro-adicto.jpeg\",\"articleSection\":[\"Uncategorized\"],\"inLanguage\":\"es\"},{\"@type\":\"WebPage\",\"@id\":\"https:\\\/\\\/forummontau.com\\\/girona\\\/el-cerebro-adicto-ni-debilidad-moral-ni-falta-de-voluntad\\\/\",\"url\":\"https:\\\/\\\/forummontau.com\\\/girona\\\/el-cerebro-adicto-ni-debilidad-moral-ni-falta-de-voluntad\\\/\",\"name\":\"El cerebro adicto: ni debilidad moral ni falta de voluntad - Forum Salud Mental Girona\",\"isPartOf\":{\"@id\":\"https:\\\/\\\/forummontau.com\\\/girona\\\/#website\"},\"primaryImageOfPage\":{\"@id\":\"https:\\\/\\\/forummontau.com\\\/girona\\\/el-cerebro-adicto-ni-debilidad-moral-ni-falta-de-voluntad\\\/#primaryimage\"},\"image\":{\"@id\":\"https:\\\/\\\/forummontau.com\\\/girona\\\/el-cerebro-adicto-ni-debilidad-moral-ni-falta-de-voluntad\\\/#primaryimage\"},\"thumbnailUrl\":\"https:\\\/\\\/forummontau.com\\\/girona\\\/wp-content\\\/uploads\\\/sites\\\/6\\\/2023\\\/01\\\/cerebro-adicto.jpeg\",\"datePublished\":\"2023-01-03T10:39:48+00:00\",\"dateModified\":\"2023-01-03T10:39:50+00:00\",\"description\":\"Segons la OMS l'addicci\u00f3 \u00e9s una malaltia cr\u00f2nica amb tendpencia a la recaiguda i amb canvis cerebrals espec\u00edfics.\",\"breadcrumb\":{\"@id\":\"https:\\\/\\\/forummontau.com\\\/girona\\\/el-cerebro-adicto-ni-debilidad-moral-ni-falta-de-voluntad\\\/#breadcrumb\"},\"inLanguage\":\"es\",\"potentialAction\":[{\"@type\":\"ReadAction\",\"target\":[\"https:\\\/\\\/forummontau.com\\\/girona\\\/el-cerebro-adicto-ni-debilidad-moral-ni-falta-de-voluntad\\\/\"]}]},{\"@type\":\"ImageObject\",\"inLanguage\":\"es\",\"@id\":\"https:\\\/\\\/forummontau.com\\\/girona\\\/el-cerebro-adicto-ni-debilidad-moral-ni-falta-de-voluntad\\\/#primaryimage\",\"url\":\"https:\\\/\\\/forummontau.com\\\/girona\\\/wp-content\\\/uploads\\\/sites\\\/6\\\/2023\\\/01\\\/cerebro-adicto.jpeg\",\"contentUrl\":\"https:\\\/\\\/forummontau.com\\\/girona\\\/wp-content\\\/uploads\\\/sites\\\/6\\\/2023\\\/01\\\/cerebro-adicto.jpeg\",\"width\":1200,\"height\":675},{\"@type\":\"BreadcrumbList\",\"@id\":\"https:\\\/\\\/forummontau.com\\\/girona\\\/el-cerebro-adicto-ni-debilidad-moral-ni-falta-de-voluntad\\\/#breadcrumb\",\"itemListElement\":[{\"@type\":\"ListItem\",\"position\":1,\"name\":\"Portada\",\"item\":\"https:\\\/\\\/forummontau.com\\\/girona\\\/centre-desintoxicacio-i-addiccions-girona\\\/\"},{\"@type\":\"ListItem\",\"position\":2,\"name\":\"El cerebro adicto: ni debilidad moral ni falta de voluntad\"}]},{\"@type\":\"WebSite\",\"@id\":\"https:\\\/\\\/forummontau.com\\\/girona\\\/#website\",\"url\":\"https:\\\/\\\/forummontau.com\\\/girona\\\/\",\"name\":\"Forum Salud Mental Girona\",\"description\":\"Centro de Desintoxicaci\u00f3n y Adicciones en Girona\",\"publisher\":{\"@id\":\"https:\\\/\\\/forummontau.com\\\/girona\\\/#organization\"},\"potentialAction\":[{\"@type\":\"SearchAction\",\"target\":{\"@type\":\"EntryPoint\",\"urlTemplate\":\"https:\\\/\\\/forummontau.com\\\/girona\\\/?s={search_term_string}\"},\"query-input\":{\"@type\":\"PropertyValueSpecification\",\"valueRequired\":true,\"valueName\":\"search_term_string\"}}],\"inLanguage\":\"es\"},{\"@type\":\"Organization\",\"@id\":\"https:\\\/\\\/forummontau.com\\\/girona\\\/#organization\",\"name\":\"Forum Salud Mental Girona\",\"url\":\"https:\\\/\\\/forummontau.com\\\/girona\\\/\",\"logo\":{\"@type\":\"ImageObject\",\"inLanguage\":\"es\",\"@id\":\"https:\\\/\\\/forummontau.com\\\/girona\\\/#\\\/schema\\\/logo\\\/image\\\/\",\"url\":\"https:\\\/\\\/forummontau.com\\\/girona\\\/wp-content\\\/uploads\\\/sites\\\/6\\\/2020\\\/02\\\/girona_forum.png\",\"contentUrl\":\"https:\\\/\\\/forummontau.com\\\/girona\\\/wp-content\\\/uploads\\\/sites\\\/6\\\/2020\\\/02\\\/girona_forum.png\",\"width\":215,\"height\":119,\"caption\":\"Forum Salud Mental Girona\"},\"image\":{\"@id\":\"https:\\\/\\\/forummontau.com\\\/girona\\\/#\\\/schema\\\/logo\\\/image\\\/\"}},{\"@type\":\"Person\",\"@id\":\"https:\\\/\\\/forummontau.com\\\/girona\\\/#\\\/schema\\\/person\\\/dd79fa1c0ba733edd439998f9d7f5e25\",\"name\":\"Forum Salud Mental Madrid\"}]}<\/script>\n<!-- \/ Yoast SEO plugin. -->","yoast_head_json":{"title":"El cerebro adicto: ni debilidad moral ni falta de voluntad - Forum Salud Mental Girona","description":"Segons la OMS l'addicci\u00f3 \u00e9s una malaltia cr\u00f2nica amb tendpencia a la recaiguda i amb canvis cerebrals espec\u00edfics.","robots":{"index":"index","follow":"follow","max-snippet":"max-snippet:-1","max-image-preview":"max-image-preview:large","max-video-preview":"max-video-preview:-1"},"canonical":"https:\/\/forummontau.com\/girona\/el-cerebro-adicto-ni-debilidad-moral-ni-falta-de-voluntad\/","og_locale":"es_ES","og_type":"article","og_title":"El cerebro adicto: ni debilidad moral ni falta de voluntad - Forum Salud Mental Girona","og_description":"Segons la OMS l'addicci\u00f3 \u00e9s una malaltia cr\u00f2nica amb tendpencia a la recaiguda i amb canvis cerebrals espec\u00edfics.","og_url":"https:\/\/forummontau.com\/girona\/el-cerebro-adicto-ni-debilidad-moral-ni-falta-de-voluntad\/","og_site_name":"Forum Salud Mental Girona","article_published_time":"2023-01-03T10:39:48+00:00","article_modified_time":"2023-01-03T10:39:50+00:00","og_image":[{"width":1200,"height":675,"url":"https:\/\/forummontau.com\/girona\/wp-content\/uploads\/sites\/6\/2023\/01\/cerebro-adicto.jpeg","type":"image\/jpeg"}],"author":"Forum Salud Mental Madrid","twitter_card":"summary_large_image","twitter_misc":{"Escrito por":"Forum Salud Mental Madrid","Tiempo de lectura":"4 minutos"},"schema":{"@context":"https:\/\/schema.org","@graph":[{"@type":"Article","@id":"https:\/\/forummontau.com\/girona\/el-cerebro-adicto-ni-debilidad-moral-ni-falta-de-voluntad\/#article","isPartOf":{"@id":"https:\/\/forummontau.com\/girona\/el-cerebro-adicto-ni-debilidad-moral-ni-falta-de-voluntad\/"},"author":{"name":"Forum Salud Mental Madrid","@id":"https:\/\/forummontau.com\/girona\/#\/schema\/person\/dd79fa1c0ba733edd439998f9d7f5e25"},"headline":"El cerebro adicto: ni debilidad moral ni falta de voluntad","datePublished":"2023-01-03T10:39:48+00:00","dateModified":"2023-01-03T10:39:50+00:00","mainEntityOfPage":{"@id":"https:\/\/forummontau.com\/girona\/el-cerebro-adicto-ni-debilidad-moral-ni-falta-de-voluntad\/"},"wordCount":955,"publisher":{"@id":"https:\/\/forummontau.com\/girona\/#organization"},"image":{"@id":"https:\/\/forummontau.com\/girona\/el-cerebro-adicto-ni-debilidad-moral-ni-falta-de-voluntad\/#primaryimage"},"thumbnailUrl":"https:\/\/forummontau.com\/girona\/wp-content\/uploads\/sites\/6\/2023\/01\/cerebro-adicto.jpeg","articleSection":["Uncategorized"],"inLanguage":"es"},{"@type":"WebPage","@id":"https:\/\/forummontau.com\/girona\/el-cerebro-adicto-ni-debilidad-moral-ni-falta-de-voluntad\/","url":"https:\/\/forummontau.com\/girona\/el-cerebro-adicto-ni-debilidad-moral-ni-falta-de-voluntad\/","name":"El cerebro adicto: ni debilidad moral ni falta de voluntad - Forum Salud Mental Girona","isPartOf":{"@id":"https:\/\/forummontau.com\/girona\/#website"},"primaryImageOfPage":{"@id":"https:\/\/forummontau.com\/girona\/el-cerebro-adicto-ni-debilidad-moral-ni-falta-de-voluntad\/#primaryimage"},"image":{"@id":"https:\/\/forummontau.com\/girona\/el-cerebro-adicto-ni-debilidad-moral-ni-falta-de-voluntad\/#primaryimage"},"thumbnailUrl":"https:\/\/forummontau.com\/girona\/wp-content\/uploads\/sites\/6\/2023\/01\/cerebro-adicto.jpeg","datePublished":"2023-01-03T10:39:48+00:00","dateModified":"2023-01-03T10:39:50+00:00","description":"Segons la OMS l'addicci\u00f3 \u00e9s una malaltia cr\u00f2nica amb tendpencia a la recaiguda i amb canvis cerebrals espec\u00edfics.","breadcrumb":{"@id":"https:\/\/forummontau.com\/girona\/el-cerebro-adicto-ni-debilidad-moral-ni-falta-de-voluntad\/#breadcrumb"},"inLanguage":"es","potentialAction":[{"@type":"ReadAction","target":["https:\/\/forummontau.com\/girona\/el-cerebro-adicto-ni-debilidad-moral-ni-falta-de-voluntad\/"]}]},{"@type":"ImageObject","inLanguage":"es","@id":"https:\/\/forummontau.com\/girona\/el-cerebro-adicto-ni-debilidad-moral-ni-falta-de-voluntad\/#primaryimage","url":"https:\/\/forummontau.com\/girona\/wp-content\/uploads\/sites\/6\/2023\/01\/cerebro-adicto.jpeg","contentUrl":"https:\/\/forummontau.com\/girona\/wp-content\/uploads\/sites\/6\/2023\/01\/cerebro-adicto.jpeg","width":1200,"height":675},{"@type":"BreadcrumbList","@id":"https:\/\/forummontau.com\/girona\/el-cerebro-adicto-ni-debilidad-moral-ni-falta-de-voluntad\/#breadcrumb","itemListElement":[{"@type":"ListItem","position":1,"name":"Portada","item":"https:\/\/forummontau.com\/girona\/centre-desintoxicacio-i-addiccions-girona\/"},{"@type":"ListItem","position":2,"name":"El cerebro adicto: ni debilidad moral ni falta de voluntad"}]},{"@type":"WebSite","@id":"https:\/\/forummontau.com\/girona\/#website","url":"https:\/\/forummontau.com\/girona\/","name":"Forum Salud Mental Girona","description":"Centro de Desintoxicaci\u00f3n y Adicciones en Girona","publisher":{"@id":"https:\/\/forummontau.com\/girona\/#organization"},"potentialAction":[{"@type":"SearchAction","target":{"@type":"EntryPoint","urlTemplate":"https:\/\/forummontau.com\/girona\/?s={search_term_string}"},"query-input":{"@type":"PropertyValueSpecification","valueRequired":true,"valueName":"search_term_string"}}],"inLanguage":"es"},{"@type":"Organization","@id":"https:\/\/forummontau.com\/girona\/#organization","name":"Forum Salud Mental Girona","url":"https:\/\/forummontau.com\/girona\/","logo":{"@type":"ImageObject","inLanguage":"es","@id":"https:\/\/forummontau.com\/girona\/#\/schema\/logo\/image\/","url":"https:\/\/forummontau.com\/girona\/wp-content\/uploads\/sites\/6\/2020\/02\/girona_forum.png","contentUrl":"https:\/\/forummontau.com\/girona\/wp-content\/uploads\/sites\/6\/2020\/02\/girona_forum.png","width":215,"height":119,"caption":"Forum Salud Mental Girona"},"image":{"@id":"https:\/\/forummontau.com\/girona\/#\/schema\/logo\/image\/"}},{"@type":"Person","@id":"https:\/\/forummontau.com\/girona\/#\/schema\/person\/dd79fa1c0ba733edd439998f9d7f5e25","name":"Forum Salud Mental Madrid"}]}},"_links":{"self":[{"href":"https:\/\/forummontau.com\/girona\/wp-json\/wp\/v2\/posts\/2849","targetHints":{"allow":["GET"]}}],"collection":[{"href":"https:\/\/forummontau.com\/girona\/wp-json\/wp\/v2\/posts"}],"about":[{"href":"https:\/\/forummontau.com\/girona\/wp-json\/wp\/v2\/types\/post"}],"author":[{"embeddable":true,"href":"https:\/\/forummontau.com\/girona\/wp-json\/wp\/v2\/users\/2"}],"replies":[{"embeddable":true,"href":"https:\/\/forummontau.com\/girona\/wp-json\/wp\/v2\/comments?post=2849"}],"version-history":[{"count":1,"href":"https:\/\/forummontau.com\/girona\/wp-json\/wp\/v2\/posts\/2849\/revisions"}],"predecessor-version":[{"id":2850,"href":"https:\/\/forummontau.com\/girona\/wp-json\/wp\/v2\/posts\/2849\/revisions\/2850"}],"wp:featuredmedia":[{"embeddable":true,"href":"https:\/\/forummontau.com\/girona\/wp-json\/wp\/v2\/media\/2847"}],"wp:attachment":[{"href":"https:\/\/forummontau.com\/girona\/wp-json\/wp\/v2\/media?parent=2849"}],"wp:term":[{"taxonomy":"category","embeddable":true,"href":"https:\/\/forummontau.com\/girona\/wp-json\/wp\/v2\/categories?post=2849"},{"taxonomy":"post_tag","embeddable":true,"href":"https:\/\/forummontau.com\/girona\/wp-json\/wp\/v2\/tags?post=2849"}],"curies":[{"name":"wp","href":"https:\/\/api.w.org\/{rel}","templated":true}]}}