{"id":4046,"date":"2023-09-06T09:19:24","date_gmt":"2023-09-06T09:19:24","guid":{"rendered":"https:\/\/forumgirona.cat\/?p=4046"},"modified":"2023-09-06T09:19:28","modified_gmt":"2023-09-06T09:19:28","slug":"efectes-de-la-cocaina-a-curt-termini","status":"publish","type":"post","link":"https:\/\/forummontau.com\/girona\/efectes-de-la-cocaina-a-curt-termini\/","title":{"rendered":"Efectes de la coca\u00efna a curt termini"},"content":{"rendered":"\n<p>El consum de coca\u00efna t\u00e9 efectes immediats impactants en els qui la consumeixen. Comprendre els efectes a curt termini \u00e9s essencial per abordar els riscos associats. En aquest article, explorem els efectes que el consum de coca\u00efna pot tenir al cos i la ment a curt termini. Des de l&#8217;estimulaci\u00f3 i l&#8217;euf\u00f2ria fins als efectes f\u00edsics i psicol\u00f2gics; tamb\u00e9 abordem com la coca\u00efna altera temporalment el funcionament normal del nostre cos i com aquests canvis influeixen en el comportament i el benestar general.<\/p>\n\n\n\n<h2 class=\"wp-block-heading\">Els efectes immediats del consum de coca\u00efna: estimulaci\u00f3 i euf\u00f2ria<\/h2>\n\n\n\n<p>La coca\u00efna, un potent estimulant del sistema nervi\u00f3s central, provoca una excitaci\u00f3 immediata i una euf\u00f2ria intensa. En consumir-se, la droga augmenta els nivells de dopamina al cervell, generant una sensaci\u00f3 de benestar i plaer intensificats. Aquesta euf\u00f2ria pot portar a m\u00e9s confian\u00e7a i sociabilitat. Tanmateix, \u00e9s crucial comprendre que aquests efectes s\u00f3n transitoris i sovint ef\u00edmers. A mesura que els nivells de dopamina disminueixen, la sensaci\u00f3 d&#8217;euf\u00f2ria disminueix abruptament, cosa que porta a sentiments de malestar i anhel de consumir m\u00e9s per recuperar aquesta sensaci\u00f3 plaent. Aquesta din\u00e0mica porta a la depend\u00e8ncia i ab\u00fas de la droga.<\/p>\n\n\n\n<h2 class=\"wp-block-heading\">Efectes f\u00edsics<\/h2>\n\n\n\n<p>El consum de coca\u00efna comporta una s\u00e8rie d\u201fefectes f\u00edsics que poden variar en intensitat segons la dosi i la freq\u00fc\u00e8ncia d\u201f\u00fas. Aquests efectes inclouen un augment en la freq\u00fc\u00e8ncia card\u00edaca i la pressi\u00f3 arterial, cosa que augmenta el risc de problemes cardiovasculars i accidents cerebrovasculars. A m\u00e9s, el consum de coca\u00efna provoca vasoconstricci\u00f3, cosa que restringeix el flux sanguini i porta a mal als \u00f2rgans, incl\u00f2s el cor. La droga tamb\u00e9 causa hiperactivitat, agitaci\u00f3 i sudoraci\u00f3 excessiva. A llarg termini, el consum repetit pot tenir un impacte negatiu al sistema cardiovascular, el sistema respiratori i el sistema nervi\u00f3s. \u00c9s essencial entendre els riscos f\u00edsics associats amb la coca\u00efna.<\/p>\n\n\n\n<h2 class=\"wp-block-heading\">Efectes psicol\u00f2gics<\/h2>\n\n\n\n<p>El consum de coca\u00efna exerceix una influ\u00e8ncia significativa a l&#8217;estat mental dels qui la consumeixen. Els efectes psicol\u00f2gics poden variar des d&#8217;una euf\u00f2ria intensa i confian\u00e7a excessiva fins a ansietat extrema i paranoia. La coca\u00efna estimula l&#8217;alliberament de dopamina al cervell, cosa que pot generar sensacions de recompensa i plaer. Tot i aix\u00f2, aquests efectes van seguits d&#8217;esgotament, irritabilitat i depressi\u00f3. El consum cr\u00f2nic porta a problemes de salut mental m\u00e9s greus, com ara trastorns d&#8217;ansietat i depressi\u00f3. A m\u00e9s, la coca\u00efna augmenta el risc de comportaments impulsius i arriscats, fet que contribueix a situacions perilloses. \u00c9s crucial recon\u00e8ixer els impactes psicol\u00f2gics del consum de coca\u00efna i considerar tant els efectes immediats com les conseq\u00fc\u00e8ncies a llarg termini a la salut mental.<\/p>\n\n\n\n<h2 class=\"wp-block-heading\">Canvis en el comportament<\/h2>\n\n\n\n<p>El consum de coca\u00efna sovint resulta en canvis significatius en el comportament dels qui la consumeixen. L&#8217;euf\u00f2ria i la confian\u00e7a desmesurada porten a una sensaci\u00f3 d&#8217;invulnerabilitat, cosa que impulsa les persones a prendre riscos innecessaris. A m\u00e9s, la recerca constant de la propera dosi porta a la neglig\u00e8ncia de responsabilitats laborals, familiars i socials. El comportament obsessiu pel consum de coca\u00efna afecta les relacions interpersonals, ja que la prioritat es despla\u00e7a cap a la droga. La irritabilitat, l&#8217;agressi\u00f3 i la paranoia s\u00f3n comunes en els moments en qu\u00e8 els efectes de la coca\u00efna comencen a esvair-se. \u00c9s important recon\u00e8ixer aquests canvis conductuals com a senyals d&#8217;advert\u00e8ncia i cercar ajuda per abordar tant l&#8217;addicci\u00f3 com els seus efectes a la vida di\u00e0ria.<\/p>\n\n\n\n<h2 class=\"wp-block-heading\">Efectes adversos<\/h2>\n\n\n\n<p>Tot i els efectes euf\u00f2rics inicials, el consum de coca\u00efna comporta nombrosos efectes adversos. La coca\u00efna genera ansietat extrema, paranoia i al\u00b7lucinacions, contribuint a l&#8217;aparici\u00f3 de trastorns psic\u00f2tics. La dilataci\u00f3 dels vasos sanguinis porta a hipertensi\u00f3 arterial i dany cardiovascular, augmentant el risc d&#8217;atacs card\u00edacs i accidents cerebrovasculars. El consum cr\u00f2nic desencadena problemes respiratoris, dany renal i hep\u00e0tic, aix\u00ed com trastorns neurol\u00f2gics. El risc de convulsions i efectes negatius en la cognici\u00f3 i la mem\u00f2ria tamb\u00e9 \u00e9s significatiu. A m\u00e9s, el consum de coca\u00efna provoca trastorns alimentaris i disminuci\u00f3 de la gana. Amb el temps, els efectes adversos es poden tornar m\u00e9s greus i permanents.<\/p>\n\n\n\n<p>En conclusi\u00f3, els efectes del consum de coca\u00efna a l&#8217;organisme s\u00f3n diversos i perjudicials, abastant des de l&#8217;estimulaci\u00f3 inicial fins als efectes adversos a llarg termini. La recerca d&#8217;euf\u00f2ria i l&#8217;augment de l&#8217;energia donen pas a conseq\u00fc\u00e8ncies greus per a la salut f\u00edsica, mental i emocional. Davant d&#8217;aquests riscos, \u00e9s fonamental comprendre els impactes negatius d&#8217;aquesta droga i cercar ajuda professional si cal. Si tu o alg\u00fa que coneixes est\u00e0 lluitant amb problemes relacionats amb la coca\u00efna, us convidem a contactar a Forum per rebre el suport necessari en el cam\u00ed cap a la recuperaci\u00f3.<\/p>\n\n\n\n<p>Ana Ces<\/p>\n\n\n\n<p>Coordinadora Programes Forum<\/p>\n","protected":false},"excerpt":{"rendered":"<p>El consum de coca\u00efna t\u00e9 efectes immediats impactants en els qui la consumeixen. Comprendre els efectes a curt termini \u00e9s essencial per abordar els riscos associats. En aquest article, explorem els efectes que el consum de coca\u00efna pot tenir al cos i la ment a curt termini. Des de l&#8217;estimulaci\u00f3 i l&#8217;euf\u00f2ria fins als efectes [&hellip;]<\/p>\n","protected":false},"author":2,"featured_media":4044,"comment_status":"closed","ping_status":"closed","sticky":false,"template":"","format":"standard","meta":{"ocean_post_layout":"","ocean_both_sidebars_style":"","ocean_both_sidebars_content_width":0,"ocean_both_sidebars_sidebars_width":0,"ocean_sidebar":"","ocean_second_sidebar":"","ocean_disable_margins":"enable","ocean_add_body_class":"","ocean_shortcode_before_top_bar":"","ocean_shortcode_after_top_bar":"","ocean_shortcode_before_header":"","ocean_shortcode_after_header":"","ocean_has_shortcode":"","ocean_shortcode_after_title":"","ocean_shortcode_before_footer_widgets":"","ocean_shortcode_after_footer_widgets":"","ocean_shortcode_before_footer_bottom":"","ocean_shortcode_after_footer_bottom":"","ocean_display_top_bar":"default","ocean_display_header":"default","ocean_header_style":"","ocean_center_header_left_menu":"","ocean_custom_header_template":"","ocean_custom_logo":0,"ocean_custom_retina_logo":0,"ocean_custom_logo_max_width":0,"ocean_custom_logo_tablet_max_width":0,"ocean_custom_logo_mobile_max_width":0,"ocean_custom_logo_max_height":0,"ocean_custom_logo_tablet_max_height":0,"ocean_custom_logo_mobile_max_height":0,"ocean_header_custom_menu":"","ocean_menu_typo_font_family":"","ocean_menu_typo_font_subset":"","ocean_menu_typo_font_size":0,"ocean_menu_typo_font_size_tablet":0,"ocean_menu_typo_font_size_mobile":0,"ocean_menu_typo_font_size_unit":"px","ocean_menu_typo_font_weight":"","ocean_menu_typo_font_weight_tablet":"","ocean_menu_typo_font_weight_mobile":"","ocean_menu_typo_transform":"","ocean_menu_typo_transform_tablet":"","ocean_menu_typo_transform_mobile":"","ocean_menu_typo_line_height":0,"ocean_menu_typo_line_height_tablet":0,"ocean_menu_typo_line_height_mobile":0,"ocean_menu_typo_line_height_unit":"","ocean_menu_typo_spacing":0,"ocean_menu_typo_spacing_tablet":0,"ocean_menu_typo_spacing_mobile":0,"ocean_menu_typo_spacing_unit":"","ocean_menu_link_color":"","ocean_menu_link_color_hover":"","ocean_menu_link_color_active":"","ocean_menu_link_background":"","ocean_menu_link_hover_background":"","ocean_menu_link_active_background":"","ocean_menu_social_links_bg":"","ocean_menu_social_hover_links_bg":"","ocean_menu_social_links_color":"","ocean_menu_social_hover_links_color":"","ocean_disable_title":"default","ocean_disable_heading":"default","ocean_post_title":"","ocean_post_subheading":"","ocean_post_title_style":"","ocean_post_title_background_color":"","ocean_post_title_background":0,"ocean_post_title_bg_image_position":"","ocean_post_title_bg_image_attachment":"","ocean_post_title_bg_image_repeat":"","ocean_post_title_bg_image_size":"","ocean_post_title_height":0,"ocean_post_title_bg_overlay":0.5,"ocean_post_title_bg_overlay_color":"","ocean_disable_breadcrumbs":"default","ocean_breadcrumbs_color":"","ocean_breadcrumbs_separator_color":"","ocean_breadcrumbs_links_color":"","ocean_breadcrumbs_links_hover_color":"","ocean_display_footer_widgets":"default","ocean_display_footer_bottom":"default","ocean_custom_footer_template":"","ocean_post_oembed":"","ocean_post_self_hosted_media":"","ocean_post_video_embed":"","ocean_link_format":"","ocean_link_format_target":"self","ocean_quote_format":"","ocean_quote_format_link":"post","ocean_gallery_link_images":"on","ocean_gallery_id":[],"footnotes":""},"categories":[49,55],"tags":[129],"class_list":["post-4046","post","type-post","status-publish","format-standard","has-post-thumbnail","hentry","category-addiccio","category-cocaina-ca","tag-forum-girona-ca","entry","has-media"],"yoast_head":"<!-- This site is optimized with the Yoast SEO plugin v27.5 - https:\/\/yoast.com\/product\/yoast-seo-wordpress\/ -->\n<title>Efectes de la coca\u00efna a curt termini - Forum Salud Mental Girona<\/title>\n<meta name=\"description\" content=\"Efectos del consumo de coca\u00edna en el cuerpo y la mente a corto plazo. Desde la estimulaci\u00f3n y la euforia hasta los efectos f\u00edsicos y psicol\u00f3gicos.\" \/>\n<meta name=\"robots\" content=\"index, follow, max-snippet:-1, max-image-preview:large, max-video-preview:-1\" \/>\n<link rel=\"canonical\" href=\"https:\/\/forummontau.com\/girona\/efectes-de-la-cocaina-a-curt-termini\/\" \/>\n<meta property=\"og:locale\" content=\"es_ES\" \/>\n<meta property=\"og:type\" content=\"article\" \/>\n<meta property=\"og:title\" content=\"Efectes de la coca\u00efna a curt termini - Forum Salud Mental Girona\" \/>\n<meta property=\"og:description\" content=\"Efectos del consumo de coca\u00edna en el cuerpo y la mente a corto plazo. Desde la estimulaci\u00f3n y la euforia hasta los efectos f\u00edsicos y psicol\u00f3gicos.\" \/>\n<meta property=\"og:url\" content=\"https:\/\/forummontau.com\/girona\/efectes-de-la-cocaina-a-curt-termini\/\" \/>\n<meta property=\"og:site_name\" content=\"Forum Salud Mental Girona\" \/>\n<meta property=\"article:published_time\" content=\"2023-09-06T09:19:24+00:00\" \/>\n<meta property=\"article:modified_time\" content=\"2023-09-06T09:19:28+00:00\" \/>\n<meta property=\"og:image\" content=\"https:\/\/forummontau.com\/girona\/wp-content\/uploads\/sites\/6\/2023\/09\/cocaina-efectos-a-corto-plazo-scaled.jpeg\" \/>\n\t<meta property=\"og:image:width\" content=\"1600\" \/>\n\t<meta property=\"og:image:height\" content=\"1066\" \/>\n\t<meta property=\"og:image:type\" content=\"image\/jpeg\" \/>\n<meta name=\"author\" content=\"Forum Salud Mental Madrid\" \/>\n<meta name=\"twitter:card\" content=\"summary_large_image\" \/>\n<meta name=\"twitter:label1\" content=\"Escrito por\" \/>\n\t<meta name=\"twitter:data1\" content=\"Forum Salud Mental Madrid\" \/>\n\t<meta name=\"twitter:label2\" content=\"Tiempo de lectura\" \/>\n\t<meta name=\"twitter:data2\" content=\"4 minutos\" \/>\n<script type=\"application\/ld+json\" class=\"yoast-schema-graph\">{\"@context\":\"https:\\\/\\\/schema.org\",\"@graph\":[{\"@type\":\"Article\",\"@id\":\"https:\\\/\\\/forummontau.com\\\/girona\\\/efectes-de-la-cocaina-a-curt-termini\\\/#article\",\"isPartOf\":{\"@id\":\"https:\\\/\\\/forummontau.com\\\/girona\\\/efectes-de-la-cocaina-a-curt-termini\\\/\"},\"author\":{\"name\":\"Forum Salud Mental Madrid\",\"@id\":\"https:\\\/\\\/forummontau.com\\\/girona\\\/#\\\/schema\\\/person\\\/dd79fa1c0ba733edd439998f9d7f5e25\"},\"headline\":\"Efectes de la coca\u00efna a curt termini\",\"datePublished\":\"2023-09-06T09:19:24+00:00\",\"dateModified\":\"2023-09-06T09:19:28+00:00\",\"mainEntityOfPage\":{\"@id\":\"https:\\\/\\\/forummontau.com\\\/girona\\\/efectes-de-la-cocaina-a-curt-termini\\\/\"},\"wordCount\":869,\"publisher\":{\"@id\":\"https:\\\/\\\/forummontau.com\\\/girona\\\/#organization\"},\"image\":{\"@id\":\"https:\\\/\\\/forummontau.com\\\/girona\\\/efectes-de-la-cocaina-a-curt-termini\\\/#primaryimage\"},\"thumbnailUrl\":\"https:\\\/\\\/forummontau.com\\\/girona\\\/wp-content\\\/uploads\\\/sites\\\/6\\\/2023\\\/09\\\/cocaina-efectos-a-corto-plazo-scaled.jpeg\",\"keywords\":[\"Forum Girona\"],\"articleSection\":[\"Addicci\u00f3\",\"Coca\u00efna\"],\"inLanguage\":\"es\"},{\"@type\":\"WebPage\",\"@id\":\"https:\\\/\\\/forummontau.com\\\/girona\\\/efectes-de-la-cocaina-a-curt-termini\\\/\",\"url\":\"https:\\\/\\\/forummontau.com\\\/girona\\\/efectes-de-la-cocaina-a-curt-termini\\\/\",\"name\":\"Efectes de la coca\u00efna a curt termini - Forum Salud Mental Girona\",\"isPartOf\":{\"@id\":\"https:\\\/\\\/forummontau.com\\\/girona\\\/#website\"},\"primaryImageOfPage\":{\"@id\":\"https:\\\/\\\/forummontau.com\\\/girona\\\/efectes-de-la-cocaina-a-curt-termini\\\/#primaryimage\"},\"image\":{\"@id\":\"https:\\\/\\\/forummontau.com\\\/girona\\\/efectes-de-la-cocaina-a-curt-termini\\\/#primaryimage\"},\"thumbnailUrl\":\"https:\\\/\\\/forummontau.com\\\/girona\\\/wp-content\\\/uploads\\\/sites\\\/6\\\/2023\\\/09\\\/cocaina-efectos-a-corto-plazo-scaled.jpeg\",\"datePublished\":\"2023-09-06T09:19:24+00:00\",\"dateModified\":\"2023-09-06T09:19:28+00:00\",\"description\":\"Efectos del consumo de coca\u00edna en el cuerpo y la mente a corto plazo. Desde la estimulaci\u00f3n y la euforia hasta los efectos f\u00edsicos y psicol\u00f3gicos.\",\"breadcrumb\":{\"@id\":\"https:\\\/\\\/forummontau.com\\\/girona\\\/efectes-de-la-cocaina-a-curt-termini\\\/#breadcrumb\"},\"inLanguage\":\"es\",\"potentialAction\":[{\"@type\":\"ReadAction\",\"target\":[\"https:\\\/\\\/forummontau.com\\\/girona\\\/efectes-de-la-cocaina-a-curt-termini\\\/\"]}]},{\"@type\":\"ImageObject\",\"inLanguage\":\"es\",\"@id\":\"https:\\\/\\\/forummontau.com\\\/girona\\\/efectes-de-la-cocaina-a-curt-termini\\\/#primaryimage\",\"url\":\"https:\\\/\\\/forummontau.com\\\/girona\\\/wp-content\\\/uploads\\\/sites\\\/6\\\/2023\\\/09\\\/cocaina-efectos-a-corto-plazo-scaled.jpeg\",\"contentUrl\":\"https:\\\/\\\/forummontau.com\\\/girona\\\/wp-content\\\/uploads\\\/sites\\\/6\\\/2023\\\/09\\\/cocaina-efectos-a-corto-plazo-scaled.jpeg\",\"width\":1600,\"height\":1066},{\"@type\":\"BreadcrumbList\",\"@id\":\"https:\\\/\\\/forummontau.com\\\/girona\\\/efectes-de-la-cocaina-a-curt-termini\\\/#breadcrumb\",\"itemListElement\":[{\"@type\":\"ListItem\",\"position\":1,\"name\":\"Portada\",\"item\":\"https:\\\/\\\/forummontau.com\\\/girona\\\/centre-desintoxicacio-i-addiccions-girona\\\/\"},{\"@type\":\"ListItem\",\"position\":2,\"name\":\"Efectes de la coca\u00efna a curt termini\"}]},{\"@type\":\"WebSite\",\"@id\":\"https:\\\/\\\/forummontau.com\\\/girona\\\/#website\",\"url\":\"https:\\\/\\\/forummontau.com\\\/girona\\\/\",\"name\":\"Forum Salud Mental Girona\",\"description\":\"Centro de Desintoxicaci\u00f3n y Adicciones en Girona\",\"publisher\":{\"@id\":\"https:\\\/\\\/forummontau.com\\\/girona\\\/#organization\"},\"potentialAction\":[{\"@type\":\"SearchAction\",\"target\":{\"@type\":\"EntryPoint\",\"urlTemplate\":\"https:\\\/\\\/forummontau.com\\\/girona\\\/?s={search_term_string}\"},\"query-input\":{\"@type\":\"PropertyValueSpecification\",\"valueRequired\":true,\"valueName\":\"search_term_string\"}}],\"inLanguage\":\"es\"},{\"@type\":\"Organization\",\"@id\":\"https:\\\/\\\/forummontau.com\\\/girona\\\/#organization\",\"name\":\"Forum Salud Mental Girona\",\"url\":\"https:\\\/\\\/forummontau.com\\\/girona\\\/\",\"logo\":{\"@type\":\"ImageObject\",\"inLanguage\":\"es\",\"@id\":\"https:\\\/\\\/forummontau.com\\\/girona\\\/#\\\/schema\\\/logo\\\/image\\\/\",\"url\":\"https:\\\/\\\/forummontau.com\\\/girona\\\/wp-content\\\/uploads\\\/sites\\\/6\\\/2020\\\/02\\\/girona_forum.png\",\"contentUrl\":\"https:\\\/\\\/forummontau.com\\\/girona\\\/wp-content\\\/uploads\\\/sites\\\/6\\\/2020\\\/02\\\/girona_forum.png\",\"width\":215,\"height\":119,\"caption\":\"Forum Salud Mental Girona\"},\"image\":{\"@id\":\"https:\\\/\\\/forummontau.com\\\/girona\\\/#\\\/schema\\\/logo\\\/image\\\/\"}},{\"@type\":\"Person\",\"@id\":\"https:\\\/\\\/forummontau.com\\\/girona\\\/#\\\/schema\\\/person\\\/dd79fa1c0ba733edd439998f9d7f5e25\",\"name\":\"Forum Salud Mental Madrid\"}]}<\/script>\n<!-- \/ Yoast SEO plugin. -->","yoast_head_json":{"title":"Efectes de la coca\u00efna a curt termini - Forum Salud Mental Girona","description":"Efectos del consumo de coca\u00edna en el cuerpo y la mente a corto plazo. Desde la estimulaci\u00f3n y la euforia hasta los efectos f\u00edsicos y psicol\u00f3gicos.","robots":{"index":"index","follow":"follow","max-snippet":"max-snippet:-1","max-image-preview":"max-image-preview:large","max-video-preview":"max-video-preview:-1"},"canonical":"https:\/\/forummontau.com\/girona\/efectes-de-la-cocaina-a-curt-termini\/","og_locale":"es_ES","og_type":"article","og_title":"Efectes de la coca\u00efna a curt termini - Forum Salud Mental Girona","og_description":"Efectos del consumo de coca\u00edna en el cuerpo y la mente a corto plazo. Desde la estimulaci\u00f3n y la euforia hasta los efectos f\u00edsicos y psicol\u00f3gicos.","og_url":"https:\/\/forummontau.com\/girona\/efectes-de-la-cocaina-a-curt-termini\/","og_site_name":"Forum Salud Mental Girona","article_published_time":"2023-09-06T09:19:24+00:00","article_modified_time":"2023-09-06T09:19:28+00:00","og_image":[{"width":1600,"height":1066,"url":"https:\/\/forummontau.com\/girona\/wp-content\/uploads\/sites\/6\/2023\/09\/cocaina-efectos-a-corto-plazo-scaled.jpeg","type":"image\/jpeg"}],"author":"Forum Salud Mental Madrid","twitter_card":"summary_large_image","twitter_misc":{"Escrito por":"Forum Salud Mental Madrid","Tiempo de lectura":"4 minutos"},"schema":{"@context":"https:\/\/schema.org","@graph":[{"@type":"Article","@id":"https:\/\/forummontau.com\/girona\/efectes-de-la-cocaina-a-curt-termini\/#article","isPartOf":{"@id":"https:\/\/forummontau.com\/girona\/efectes-de-la-cocaina-a-curt-termini\/"},"author":{"name":"Forum Salud Mental Madrid","@id":"https:\/\/forummontau.com\/girona\/#\/schema\/person\/dd79fa1c0ba733edd439998f9d7f5e25"},"headline":"Efectes de la coca\u00efna a curt termini","datePublished":"2023-09-06T09:19:24+00:00","dateModified":"2023-09-06T09:19:28+00:00","mainEntityOfPage":{"@id":"https:\/\/forummontau.com\/girona\/efectes-de-la-cocaina-a-curt-termini\/"},"wordCount":869,"publisher":{"@id":"https:\/\/forummontau.com\/girona\/#organization"},"image":{"@id":"https:\/\/forummontau.com\/girona\/efectes-de-la-cocaina-a-curt-termini\/#primaryimage"},"thumbnailUrl":"https:\/\/forummontau.com\/girona\/wp-content\/uploads\/sites\/6\/2023\/09\/cocaina-efectos-a-corto-plazo-scaled.jpeg","keywords":["Forum Girona"],"articleSection":["Addicci\u00f3","Coca\u00efna"],"inLanguage":"es"},{"@type":"WebPage","@id":"https:\/\/forummontau.com\/girona\/efectes-de-la-cocaina-a-curt-termini\/","url":"https:\/\/forummontau.com\/girona\/efectes-de-la-cocaina-a-curt-termini\/","name":"Efectes de la coca\u00efna a curt termini - Forum Salud Mental Girona","isPartOf":{"@id":"https:\/\/forummontau.com\/girona\/#website"},"primaryImageOfPage":{"@id":"https:\/\/forummontau.com\/girona\/efectes-de-la-cocaina-a-curt-termini\/#primaryimage"},"image":{"@id":"https:\/\/forummontau.com\/girona\/efectes-de-la-cocaina-a-curt-termini\/#primaryimage"},"thumbnailUrl":"https:\/\/forummontau.com\/girona\/wp-content\/uploads\/sites\/6\/2023\/09\/cocaina-efectos-a-corto-plazo-scaled.jpeg","datePublished":"2023-09-06T09:19:24+00:00","dateModified":"2023-09-06T09:19:28+00:00","description":"Efectos del consumo de coca\u00edna en el cuerpo y la mente a corto plazo. Desde la estimulaci\u00f3n y la euforia hasta los efectos f\u00edsicos y psicol\u00f3gicos.","breadcrumb":{"@id":"https:\/\/forummontau.com\/girona\/efectes-de-la-cocaina-a-curt-termini\/#breadcrumb"},"inLanguage":"es","potentialAction":[{"@type":"ReadAction","target":["https:\/\/forummontau.com\/girona\/efectes-de-la-cocaina-a-curt-termini\/"]}]},{"@type":"ImageObject","inLanguage":"es","@id":"https:\/\/forummontau.com\/girona\/efectes-de-la-cocaina-a-curt-termini\/#primaryimage","url":"https:\/\/forummontau.com\/girona\/wp-content\/uploads\/sites\/6\/2023\/09\/cocaina-efectos-a-corto-plazo-scaled.jpeg","contentUrl":"https:\/\/forummontau.com\/girona\/wp-content\/uploads\/sites\/6\/2023\/09\/cocaina-efectos-a-corto-plazo-scaled.jpeg","width":1600,"height":1066},{"@type":"BreadcrumbList","@id":"https:\/\/forummontau.com\/girona\/efectes-de-la-cocaina-a-curt-termini\/#breadcrumb","itemListElement":[{"@type":"ListItem","position":1,"name":"Portada","item":"https:\/\/forummontau.com\/girona\/centre-desintoxicacio-i-addiccions-girona\/"},{"@type":"ListItem","position":2,"name":"Efectes de la coca\u00efna a curt termini"}]},{"@type":"WebSite","@id":"https:\/\/forummontau.com\/girona\/#website","url":"https:\/\/forummontau.com\/girona\/","name":"Forum Salud Mental Girona","description":"Centro de Desintoxicaci\u00f3n y Adicciones en Girona","publisher":{"@id":"https:\/\/forummontau.com\/girona\/#organization"},"potentialAction":[{"@type":"SearchAction","target":{"@type":"EntryPoint","urlTemplate":"https:\/\/forummontau.com\/girona\/?s={search_term_string}"},"query-input":{"@type":"PropertyValueSpecification","valueRequired":true,"valueName":"search_term_string"}}],"inLanguage":"es"},{"@type":"Organization","@id":"https:\/\/forummontau.com\/girona\/#organization","name":"Forum Salud Mental Girona","url":"https:\/\/forummontau.com\/girona\/","logo":{"@type":"ImageObject","inLanguage":"es","@id":"https:\/\/forummontau.com\/girona\/#\/schema\/logo\/image\/","url":"https:\/\/forummontau.com\/girona\/wp-content\/uploads\/sites\/6\/2020\/02\/girona_forum.png","contentUrl":"https:\/\/forummontau.com\/girona\/wp-content\/uploads\/sites\/6\/2020\/02\/girona_forum.png","width":215,"height":119,"caption":"Forum Salud Mental Girona"},"image":{"@id":"https:\/\/forummontau.com\/girona\/#\/schema\/logo\/image\/"}},{"@type":"Person","@id":"https:\/\/forummontau.com\/girona\/#\/schema\/person\/dd79fa1c0ba733edd439998f9d7f5e25","name":"Forum Salud Mental Madrid"}]}},"_links":{"self":[{"href":"https:\/\/forummontau.com\/girona\/wp-json\/wp\/v2\/posts\/4046","targetHints":{"allow":["GET"]}}],"collection":[{"href":"https:\/\/forummontau.com\/girona\/wp-json\/wp\/v2\/posts"}],"about":[{"href":"https:\/\/forummontau.com\/girona\/wp-json\/wp\/v2\/types\/post"}],"author":[{"embeddable":true,"href":"https:\/\/forummontau.com\/girona\/wp-json\/wp\/v2\/users\/2"}],"replies":[{"embeddable":true,"href":"https:\/\/forummontau.com\/girona\/wp-json\/wp\/v2\/comments?post=4046"}],"version-history":[{"count":1,"href":"https:\/\/forummontau.com\/girona\/wp-json\/wp\/v2\/posts\/4046\/revisions"}],"predecessor-version":[{"id":4047,"href":"https:\/\/forummontau.com\/girona\/wp-json\/wp\/v2\/posts\/4046\/revisions\/4047"}],"wp:featuredmedia":[{"embeddable":true,"href":"https:\/\/forummontau.com\/girona\/wp-json\/wp\/v2\/media\/4044"}],"wp:attachment":[{"href":"https:\/\/forummontau.com\/girona\/wp-json\/wp\/v2\/media?parent=4046"}],"wp:term":[{"taxonomy":"category","embeddable":true,"href":"https:\/\/forummontau.com\/girona\/wp-json\/wp\/v2\/categories?post=4046"},{"taxonomy":"post_tag","embeddable":true,"href":"https:\/\/forummontau.com\/girona\/wp-json\/wp\/v2\/tags?post=4046"}],"curies":[{"name":"wp","href":"https:\/\/api.w.org\/{rel}","templated":true}]}}