{"id":4405,"date":"2023-12-20T13:53:46","date_gmt":"2023-12-20T13:53:46","guid":{"rendered":"https:\/\/forumgirona.cat\/?p=4405"},"modified":"2023-12-20T13:53:48","modified_gmt":"2023-12-20T13:53:48","slug":"parlem-daddiccio-causes-i-factors-de-risc","status":"publish","type":"post","link":"https:\/\/forummontau.com\/girona\/parlem-daddiccio-causes-i-factors-de-risc\/","title":{"rendered":"Parlem d&#8217;addicci\u00f3: causes i factors de risc"},"content":{"rendered":"\n<p>L&#8217;addicci\u00f3 \u00e9s una malaltia complexa que afecta milions de persones a tot el m\u00f3n. La seva naturalesa multifactorial fa que el cam\u00ed cap a l&#8217;addicci\u00f3 i la recuperaci\u00f3 sigui diferent per a cada individu. A continuaci\u00f3 explorarem les causes biol\u00f2giques, psicol\u00f2giques i socials de l&#8217;addicci\u00f3, aix\u00ed com els factors de risc associats i les estrat\u00e8gies de prevenci\u00f3.<\/p>\n\n\n\n<h2 class=\"wp-block-heading\">Causes biol\u00f2giques de l&#8217;addicci\u00f3<\/h2>\n\n\n\n<p>Els factors gen\u00e8tics i neuroqu\u00edmics tenen un rol essencial en la predisposici\u00f3 i el progr\u00e9s de les addiccions. Aquesta an\u00e0lisi inclou des de la influ\u00e8ncia de l&#8217;her\u00e8ncia gen\u00e8tica fins al significatiu impacte de l&#8217;ab\u00fas de subst\u00e0ncies a la neuroqu\u00edmica del cervell, revelant els mecanismes biol\u00f2gics subjacents a l&#8217;addicci\u00f3. S&#8217;ofereix aix\u00ed una perspectiva completa sobre com s&#8217;entrellacen el cos i la ment en aquest complex trastor<\/p>\n\n\n\n<ul class=\"wp-block-list\">\n<li>Gen\u00e8tica i l&#8217;Adicci\u00f3: Com la predisposici\u00f3 gen\u00e8tica pot augmentar la probabilitat de desenvolupar addiccions.<\/li>\n\n\n\n<li>Efectes al Cervell: L&#8217;impacte de l&#8217;ab\u00fas de subst\u00e0ncies en el funcionament cerebral i la neuroqu\u00edmica.<\/li>\n\n\n\n<li>Factors de Vulnerabilitat: Aspectes biol\u00f2gics que poden fer una persona m\u00e9s susceptible a l&#8217;addicci\u00f3.<\/li>\n<\/ul>\n\n\n\n<h2 class=\"wp-block-heading\">Influ\u00e8ncies Psicol\u00f2giques a l&#8217;Adicci\u00f3<\/h2>\n\n\n\n<p>La psicologia juga un paper crucial a l&#8217;addicci\u00f3. Els trastorns de salut mental, les experi\u00e8ncies traum\u00e0tiques i els patrons de pensament i de comportament contribueixen al cicle de l&#8217;addicci\u00f3. En entendre aquests elements psicol\u00f2gics, podem comen\u00e7ar a desenredar els fils de l&#8217;addicci\u00f3 i treballar cap a estrat\u00e8gies de tractament m\u00e9s efectives i emp\u00e0tiques.<\/p>\n\n\n\n<ul class=\"wp-block-list\">\n<li>Salut Mental i Addicci\u00f3: La connexi\u00f3 entre trastorns de salut mental i desenvolupament d&#8217;addiccions.<\/li>\n\n\n\n<li>Trauma i Addicci\u00f3: Exploraci\u00f3 de l&#8217;enlla\u00e7 entre experi\u00e8ncies traum\u00e0tiques i la propensi\u00f3 a l&#8217;ab\u00fas de subst\u00e0ncies.<\/li>\n\n\n\n<li>Comportaments Addictius: Com els patrons de comportament i pensament poden contribuir a l&#8217;addicci\u00f3.<\/li>\n<\/ul>\n\n\n\n<h2 class=\"wp-block-heading\">Factors Socials i Ambientals<\/h2>\n\n\n\n<p>L&#8217;entorn social i familiar, juntament amb les influ\u00e8ncies culturals i de grup, s\u00f3n components fonamentals en el desenvolupament i el manteniment de les addiccions. L&#8217;entorn familiar, la pressi\u00f3 de grup i la disponibilitat de subst\u00e0ncies poden influir significativament a la probabilitat de desenvolupar una addicci\u00f3. En comprendre aquests factors, podem identificar punts dintervenci\u00f3 per prevenir i tractar efica\u00e7ment les addiccions.<\/p>\n\n\n\n<ul class=\"wp-block-list\">\n<li>Entorn i Addicci\u00f3: El paper de lentorn social i familiar en el desenvolupament de comportaments addictius.<\/li>\n\n\n\n<li>Pressi\u00f3 social i cultural: com les normes socials i culturals poden influir en el consum de subst\u00e0ncies.<\/li>\n\n\n\n<li>Acc\u00e9s i disponibilitat: La influ\u00e8ncia de la facilitat d&#8217;acc\u00e9s a subst\u00e0ncies a l&#8217;addicci\u00f3.<\/li>\n<\/ul>\n\n\n\n<h2 class=\"wp-block-heading\">Prevenci\u00f3 de l&#8217;addicci\u00f3<\/h2>\n\n\n\n<p>A l&#8217;\u00e0mbit de les addiccions, la prevenci\u00f3 ocupa un lloc primordial. Mitjan\u00e7ant una combinaci\u00f3 d&#8217;estrat\u00e8gies primerenques i programes educatius i de conscienciaci\u00f3, enfoquem la nostra atenci\u00f3 en m\u00e8todes efectius per prevenir el sorgiment d&#8217;addiccions.. Estrat\u00e8gies de prevenci\u00f3: Mesures efectives per prevenir el desenvolupament d&#8217;addiccions.<\/p>\n\n\n\n<ul class=\"wp-block-list\">\n<li>Educaci\u00f3 i Conscienciaci\u00f3: La import\u00e0ncia de leducaci\u00f3 en salut mental i addiccions.<\/li>\n\n\n\n<li>Suport primerenc: La clau de l&#8217;\u00e8xit en la intervenci\u00f3 primerenca per a aquells en risc d&#8217;addicci\u00f3.<\/li>\n\n\n\n<li>Comprendre les causes i els factors de risc de l&#8217;addicci\u00f3 \u00e9s essencial per desenvolupar estrat\u00e8gies efectives de tractament i prevenci\u00f3. Reconeixent la complexitat daquesta malaltia, \u00e9s crucial abordarla des duna perspectiva integral, considerant els aspectes biol\u00f2gics, psicol\u00f2gics i socials. En fer-ho, podem avan\u00e7ar cap a un enfocament m\u00e9s compassiu i efica\u00e7 en el maneig i la prevenci\u00f3 de les addiccions.<\/li>\n<\/ul>\n","protected":false},"excerpt":{"rendered":"<p>L&#8217;addicci\u00f3 \u00e9s una malaltia complexa que afecta milions de persones a tot el m\u00f3n. La seva naturalesa multifactorial fa que el cam\u00ed cap a l&#8217;addicci\u00f3 i la recuperaci\u00f3 sigui diferent per a cada individu. A continuaci\u00f3 explorarem les causes biol\u00f2giques, psicol\u00f2giques i socials de l&#8217;addicci\u00f3, aix\u00ed com els factors de risc associats i les estrat\u00e8gies [&hellip;]<\/p>\n","protected":false},"author":2,"featured_media":4406,"comment_status":"closed","ping_status":"closed","sticky":false,"template":"","format":"standard","meta":{"ocean_post_layout":"","ocean_both_sidebars_style":"","ocean_both_sidebars_content_width":0,"ocean_both_sidebars_sidebars_width":0,"ocean_sidebar":"","ocean_second_sidebar":"","ocean_disable_margins":"enable","ocean_add_body_class":"","ocean_shortcode_before_top_bar":"","ocean_shortcode_after_top_bar":"","ocean_shortcode_before_header":"","ocean_shortcode_after_header":"","ocean_has_shortcode":"","ocean_shortcode_after_title":"","ocean_shortcode_before_footer_widgets":"","ocean_shortcode_after_footer_widgets":"","ocean_shortcode_before_footer_bottom":"","ocean_shortcode_after_footer_bottom":"","ocean_display_top_bar":"default","ocean_display_header":"default","ocean_header_style":"","ocean_center_header_left_menu":"","ocean_custom_header_template":"","ocean_custom_logo":0,"ocean_custom_retina_logo":0,"ocean_custom_logo_max_width":0,"ocean_custom_logo_tablet_max_width":0,"ocean_custom_logo_mobile_max_width":0,"ocean_custom_logo_max_height":0,"ocean_custom_logo_tablet_max_height":0,"ocean_custom_logo_mobile_max_height":0,"ocean_header_custom_menu":"","ocean_menu_typo_font_family":"","ocean_menu_typo_font_subset":"","ocean_menu_typo_font_size":0,"ocean_menu_typo_font_size_tablet":0,"ocean_menu_typo_font_size_mobile":0,"ocean_menu_typo_font_size_unit":"px","ocean_menu_typo_font_weight":"","ocean_menu_typo_font_weight_tablet":"","ocean_menu_typo_font_weight_mobile":"","ocean_menu_typo_transform":"","ocean_menu_typo_transform_tablet":"","ocean_menu_typo_transform_mobile":"","ocean_menu_typo_line_height":0,"ocean_menu_typo_line_height_tablet":0,"ocean_menu_typo_line_height_mobile":0,"ocean_menu_typo_line_height_unit":"","ocean_menu_typo_spacing":0,"ocean_menu_typo_spacing_tablet":0,"ocean_menu_typo_spacing_mobile":0,"ocean_menu_typo_spacing_unit":"","ocean_menu_link_color":"","ocean_menu_link_color_hover":"","ocean_menu_link_color_active":"","ocean_menu_link_background":"","ocean_menu_link_hover_background":"","ocean_menu_link_active_background":"","ocean_menu_social_links_bg":"","ocean_menu_social_hover_links_bg":"","ocean_menu_social_links_color":"","ocean_menu_social_hover_links_color":"","ocean_disable_title":"default","ocean_disable_heading":"default","ocean_post_title":"","ocean_post_subheading":"","ocean_post_title_style":"","ocean_post_title_background_color":"","ocean_post_title_background":0,"ocean_post_title_bg_image_position":"","ocean_post_title_bg_image_attachment":"","ocean_post_title_bg_image_repeat":"","ocean_post_title_bg_image_size":"","ocean_post_title_height":0,"ocean_post_title_bg_overlay":0.5,"ocean_post_title_bg_overlay_color":"","ocean_disable_breadcrumbs":"default","ocean_breadcrumbs_color":"","ocean_breadcrumbs_separator_color":"","ocean_breadcrumbs_links_color":"","ocean_breadcrumbs_links_hover_color":"","ocean_display_footer_widgets":"default","ocean_display_footer_bottom":"default","ocean_custom_footer_template":"","ocean_post_oembed":"","ocean_post_self_hosted_media":"","ocean_post_video_embed":"","ocean_link_format":"","ocean_link_format_target":"self","ocean_quote_format":"","ocean_quote_format_link":"post","ocean_gallery_link_images":"on","ocean_gallery_id":[],"footnotes":""},"categories":[49,47],"tags":[129],"class_list":["post-4405","post","type-post","status-publish","format-standard","has-post-thumbnail","hentry","category-addiccio","category-tractaments","tag-forum-girona-ca","entry","has-media"],"yoast_head":"<!-- This site is optimized with the Yoast SEO plugin v27.5 - https:\/\/yoast.com\/product\/yoast-seo-wordpress\/ -->\n<title>Parlem d&#039;addicci\u00f3: causes i factors de risc - Forum Salud Mental Girona<\/title>\n<meta name=\"description\" content=\"Coneix les causes biol\u00f2giques, psicol\u00f2giques i socials de l&#039;addicci\u00f3, aix\u00ed com els factors de risc associats i les estrat\u00e8gies de prevenci\u00f3.\" \/>\n<meta name=\"robots\" content=\"index, follow, max-snippet:-1, max-image-preview:large, max-video-preview:-1\" \/>\n<link rel=\"canonical\" href=\"https:\/\/forummontau.com\/girona\/parlem-daddiccio-causes-i-factors-de-risc\/\" \/>\n<meta property=\"og:locale\" content=\"es_ES\" \/>\n<meta property=\"og:type\" content=\"article\" \/>\n<meta property=\"og:title\" content=\"Parlem d&#039;addicci\u00f3: causes i factors de risc - Forum Salud Mental Girona\" \/>\n<meta property=\"og:description\" content=\"Coneix les causes biol\u00f2giques, psicol\u00f2giques i socials de l&#039;addicci\u00f3, aix\u00ed com els factors de risc associats i les estrat\u00e8gies de prevenci\u00f3.\" \/>\n<meta property=\"og:url\" content=\"https:\/\/forummontau.com\/girona\/parlem-daddiccio-causes-i-factors-de-risc\/\" \/>\n<meta property=\"og:site_name\" content=\"Forum Salud Mental Girona\" \/>\n<meta property=\"article:published_time\" content=\"2023-12-20T13:53:46+00:00\" \/>\n<meta property=\"article:modified_time\" content=\"2023-12-20T13:53:48+00:00\" \/>\n<meta property=\"og:image\" content=\"https:\/\/forummontau.com\/girona\/wp-content\/uploads\/sites\/6\/2023\/12\/comprendiendo-la-adiccion.webp\" \/>\n\t<meta property=\"og:image:width\" content=\"940\" \/>\n\t<meta property=\"og:image:height\" content=\"667\" \/>\n\t<meta property=\"og:image:type\" content=\"image\/webp\" \/>\n<meta name=\"author\" content=\"Forum Salud Mental Madrid\" \/>\n<meta name=\"twitter:card\" content=\"summary_large_image\" \/>\n<meta name=\"twitter:label1\" content=\"Escrito por\" \/>\n\t<meta name=\"twitter:data1\" content=\"Forum Salud Mental Madrid\" \/>\n\t<meta name=\"twitter:label2\" content=\"Tiempo de lectura\" \/>\n\t<meta name=\"twitter:data2\" content=\"3 minutos\" \/>\n<script type=\"application\/ld+json\" class=\"yoast-schema-graph\">{\"@context\":\"https:\\\/\\\/schema.org\",\"@graph\":[{\"@type\":\"Article\",\"@id\":\"https:\\\/\\\/forummontau.com\\\/girona\\\/parlem-daddiccio-causes-i-factors-de-risc\\\/#article\",\"isPartOf\":{\"@id\":\"https:\\\/\\\/forummontau.com\\\/girona\\\/parlem-daddiccio-causes-i-factors-de-risc\\\/\"},\"author\":{\"name\":\"Forum Salud Mental Madrid\",\"@id\":\"https:\\\/\\\/forummontau.com\\\/girona\\\/#\\\/schema\\\/person\\\/dd79fa1c0ba733edd439998f9d7f5e25\"},\"headline\":\"Parlem d&#8217;addicci\u00f3: causes i factors de risc\",\"datePublished\":\"2023-12-20T13:53:46+00:00\",\"dateModified\":\"2023-12-20T13:53:48+00:00\",\"mainEntityOfPage\":{\"@id\":\"https:\\\/\\\/forummontau.com\\\/girona\\\/parlem-daddiccio-causes-i-factors-de-risc\\\/\"},\"wordCount\":610,\"publisher\":{\"@id\":\"https:\\\/\\\/forummontau.com\\\/girona\\\/#organization\"},\"image\":{\"@id\":\"https:\\\/\\\/forummontau.com\\\/girona\\\/parlem-daddiccio-causes-i-factors-de-risc\\\/#primaryimage\"},\"thumbnailUrl\":\"https:\\\/\\\/forummontau.com\\\/girona\\\/wp-content\\\/uploads\\\/sites\\\/6\\\/2023\\\/12\\\/comprendiendo-la-adiccion.webp\",\"keywords\":[\"Forum Girona\"],\"articleSection\":[\"Addicci\u00f3\",\"Tractaments\"],\"inLanguage\":\"es\"},{\"@type\":\"WebPage\",\"@id\":\"https:\\\/\\\/forummontau.com\\\/girona\\\/parlem-daddiccio-causes-i-factors-de-risc\\\/\",\"url\":\"https:\\\/\\\/forummontau.com\\\/girona\\\/parlem-daddiccio-causes-i-factors-de-risc\\\/\",\"name\":\"Parlem d'addicci\u00f3: causes i factors de risc - Forum Salud Mental Girona\",\"isPartOf\":{\"@id\":\"https:\\\/\\\/forummontau.com\\\/girona\\\/#website\"},\"primaryImageOfPage\":{\"@id\":\"https:\\\/\\\/forummontau.com\\\/girona\\\/parlem-daddiccio-causes-i-factors-de-risc\\\/#primaryimage\"},\"image\":{\"@id\":\"https:\\\/\\\/forummontau.com\\\/girona\\\/parlem-daddiccio-causes-i-factors-de-risc\\\/#primaryimage\"},\"thumbnailUrl\":\"https:\\\/\\\/forummontau.com\\\/girona\\\/wp-content\\\/uploads\\\/sites\\\/6\\\/2023\\\/12\\\/comprendiendo-la-adiccion.webp\",\"datePublished\":\"2023-12-20T13:53:46+00:00\",\"dateModified\":\"2023-12-20T13:53:48+00:00\",\"description\":\"Coneix les causes biol\u00f2giques, psicol\u00f2giques i socials de l'addicci\u00f3, aix\u00ed com els factors de risc associats i les estrat\u00e8gies de prevenci\u00f3.\",\"breadcrumb\":{\"@id\":\"https:\\\/\\\/forummontau.com\\\/girona\\\/parlem-daddiccio-causes-i-factors-de-risc\\\/#breadcrumb\"},\"inLanguage\":\"es\",\"potentialAction\":[{\"@type\":\"ReadAction\",\"target\":[\"https:\\\/\\\/forummontau.com\\\/girona\\\/parlem-daddiccio-causes-i-factors-de-risc\\\/\"]}]},{\"@type\":\"ImageObject\",\"inLanguage\":\"es\",\"@id\":\"https:\\\/\\\/forummontau.com\\\/girona\\\/parlem-daddiccio-causes-i-factors-de-risc\\\/#primaryimage\",\"url\":\"https:\\\/\\\/forummontau.com\\\/girona\\\/wp-content\\\/uploads\\\/sites\\\/6\\\/2023\\\/12\\\/comprendiendo-la-adiccion.webp\",\"contentUrl\":\"https:\\\/\\\/forummontau.com\\\/girona\\\/wp-content\\\/uploads\\\/sites\\\/6\\\/2023\\\/12\\\/comprendiendo-la-adiccion.webp\",\"width\":940,\"height\":667},{\"@type\":\"BreadcrumbList\",\"@id\":\"https:\\\/\\\/forummontau.com\\\/girona\\\/parlem-daddiccio-causes-i-factors-de-risc\\\/#breadcrumb\",\"itemListElement\":[{\"@type\":\"ListItem\",\"position\":1,\"name\":\"Portada\",\"item\":\"https:\\\/\\\/forummontau.com\\\/girona\\\/centre-desintoxicacio-i-addiccions-girona\\\/\"},{\"@type\":\"ListItem\",\"position\":2,\"name\":\"Parlem d&#8217;addicci\u00f3: causes i factors de risc\"}]},{\"@type\":\"WebSite\",\"@id\":\"https:\\\/\\\/forummontau.com\\\/girona\\\/#website\",\"url\":\"https:\\\/\\\/forummontau.com\\\/girona\\\/\",\"name\":\"Forum Salud Mental Girona\",\"description\":\"Centro de Desintoxicaci\u00f3n y Adicciones en Girona\",\"publisher\":{\"@id\":\"https:\\\/\\\/forummontau.com\\\/girona\\\/#organization\"},\"potentialAction\":[{\"@type\":\"SearchAction\",\"target\":{\"@type\":\"EntryPoint\",\"urlTemplate\":\"https:\\\/\\\/forummontau.com\\\/girona\\\/?s={search_term_string}\"},\"query-input\":{\"@type\":\"PropertyValueSpecification\",\"valueRequired\":true,\"valueName\":\"search_term_string\"}}],\"inLanguage\":\"es\"},{\"@type\":\"Organization\",\"@id\":\"https:\\\/\\\/forummontau.com\\\/girona\\\/#organization\",\"name\":\"Forum Salud Mental Girona\",\"url\":\"https:\\\/\\\/forummontau.com\\\/girona\\\/\",\"logo\":{\"@type\":\"ImageObject\",\"inLanguage\":\"es\",\"@id\":\"https:\\\/\\\/forummontau.com\\\/girona\\\/#\\\/schema\\\/logo\\\/image\\\/\",\"url\":\"https:\\\/\\\/forummontau.com\\\/girona\\\/wp-content\\\/uploads\\\/sites\\\/6\\\/2020\\\/02\\\/girona_forum.png\",\"contentUrl\":\"https:\\\/\\\/forummontau.com\\\/girona\\\/wp-content\\\/uploads\\\/sites\\\/6\\\/2020\\\/02\\\/girona_forum.png\",\"width\":215,\"height\":119,\"caption\":\"Forum Salud Mental Girona\"},\"image\":{\"@id\":\"https:\\\/\\\/forummontau.com\\\/girona\\\/#\\\/schema\\\/logo\\\/image\\\/\"}},{\"@type\":\"Person\",\"@id\":\"https:\\\/\\\/forummontau.com\\\/girona\\\/#\\\/schema\\\/person\\\/dd79fa1c0ba733edd439998f9d7f5e25\",\"name\":\"Forum Salud Mental Madrid\"}]}<\/script>\n<!-- \/ Yoast SEO plugin. -->","yoast_head_json":{"title":"Parlem d'addicci\u00f3: causes i factors de risc - Forum Salud Mental Girona","description":"Coneix les causes biol\u00f2giques, psicol\u00f2giques i socials de l'addicci\u00f3, aix\u00ed com els factors de risc associats i les estrat\u00e8gies de prevenci\u00f3.","robots":{"index":"index","follow":"follow","max-snippet":"max-snippet:-1","max-image-preview":"max-image-preview:large","max-video-preview":"max-video-preview:-1"},"canonical":"https:\/\/forummontau.com\/girona\/parlem-daddiccio-causes-i-factors-de-risc\/","og_locale":"es_ES","og_type":"article","og_title":"Parlem d'addicci\u00f3: causes i factors de risc - Forum Salud Mental Girona","og_description":"Coneix les causes biol\u00f2giques, psicol\u00f2giques i socials de l'addicci\u00f3, aix\u00ed com els factors de risc associats i les estrat\u00e8gies de prevenci\u00f3.","og_url":"https:\/\/forummontau.com\/girona\/parlem-daddiccio-causes-i-factors-de-risc\/","og_site_name":"Forum Salud Mental Girona","article_published_time":"2023-12-20T13:53:46+00:00","article_modified_time":"2023-12-20T13:53:48+00:00","og_image":[{"width":940,"height":667,"url":"https:\/\/forummontau.com\/girona\/wp-content\/uploads\/sites\/6\/2023\/12\/comprendiendo-la-adiccion.webp","type":"image\/webp"}],"author":"Forum Salud Mental Madrid","twitter_card":"summary_large_image","twitter_misc":{"Escrito por":"Forum Salud Mental Madrid","Tiempo de lectura":"3 minutos"},"schema":{"@context":"https:\/\/schema.org","@graph":[{"@type":"Article","@id":"https:\/\/forummontau.com\/girona\/parlem-daddiccio-causes-i-factors-de-risc\/#article","isPartOf":{"@id":"https:\/\/forummontau.com\/girona\/parlem-daddiccio-causes-i-factors-de-risc\/"},"author":{"name":"Forum Salud Mental Madrid","@id":"https:\/\/forummontau.com\/girona\/#\/schema\/person\/dd79fa1c0ba733edd439998f9d7f5e25"},"headline":"Parlem d&#8217;addicci\u00f3: causes i factors de risc","datePublished":"2023-12-20T13:53:46+00:00","dateModified":"2023-12-20T13:53:48+00:00","mainEntityOfPage":{"@id":"https:\/\/forummontau.com\/girona\/parlem-daddiccio-causes-i-factors-de-risc\/"},"wordCount":610,"publisher":{"@id":"https:\/\/forummontau.com\/girona\/#organization"},"image":{"@id":"https:\/\/forummontau.com\/girona\/parlem-daddiccio-causes-i-factors-de-risc\/#primaryimage"},"thumbnailUrl":"https:\/\/forummontau.com\/girona\/wp-content\/uploads\/sites\/6\/2023\/12\/comprendiendo-la-adiccion.webp","keywords":["Forum Girona"],"articleSection":["Addicci\u00f3","Tractaments"],"inLanguage":"es"},{"@type":"WebPage","@id":"https:\/\/forummontau.com\/girona\/parlem-daddiccio-causes-i-factors-de-risc\/","url":"https:\/\/forummontau.com\/girona\/parlem-daddiccio-causes-i-factors-de-risc\/","name":"Parlem d'addicci\u00f3: causes i factors de risc - Forum Salud Mental Girona","isPartOf":{"@id":"https:\/\/forummontau.com\/girona\/#website"},"primaryImageOfPage":{"@id":"https:\/\/forummontau.com\/girona\/parlem-daddiccio-causes-i-factors-de-risc\/#primaryimage"},"image":{"@id":"https:\/\/forummontau.com\/girona\/parlem-daddiccio-causes-i-factors-de-risc\/#primaryimage"},"thumbnailUrl":"https:\/\/forummontau.com\/girona\/wp-content\/uploads\/sites\/6\/2023\/12\/comprendiendo-la-adiccion.webp","datePublished":"2023-12-20T13:53:46+00:00","dateModified":"2023-12-20T13:53:48+00:00","description":"Coneix les causes biol\u00f2giques, psicol\u00f2giques i socials de l'addicci\u00f3, aix\u00ed com els factors de risc associats i les estrat\u00e8gies de prevenci\u00f3.","breadcrumb":{"@id":"https:\/\/forummontau.com\/girona\/parlem-daddiccio-causes-i-factors-de-risc\/#breadcrumb"},"inLanguage":"es","potentialAction":[{"@type":"ReadAction","target":["https:\/\/forummontau.com\/girona\/parlem-daddiccio-causes-i-factors-de-risc\/"]}]},{"@type":"ImageObject","inLanguage":"es","@id":"https:\/\/forummontau.com\/girona\/parlem-daddiccio-causes-i-factors-de-risc\/#primaryimage","url":"https:\/\/forummontau.com\/girona\/wp-content\/uploads\/sites\/6\/2023\/12\/comprendiendo-la-adiccion.webp","contentUrl":"https:\/\/forummontau.com\/girona\/wp-content\/uploads\/sites\/6\/2023\/12\/comprendiendo-la-adiccion.webp","width":940,"height":667},{"@type":"BreadcrumbList","@id":"https:\/\/forummontau.com\/girona\/parlem-daddiccio-causes-i-factors-de-risc\/#breadcrumb","itemListElement":[{"@type":"ListItem","position":1,"name":"Portada","item":"https:\/\/forummontau.com\/girona\/centre-desintoxicacio-i-addiccions-girona\/"},{"@type":"ListItem","position":2,"name":"Parlem d&#8217;addicci\u00f3: causes i factors de risc"}]},{"@type":"WebSite","@id":"https:\/\/forummontau.com\/girona\/#website","url":"https:\/\/forummontau.com\/girona\/","name":"Forum Salud Mental Girona","description":"Centro de Desintoxicaci\u00f3n y Adicciones en Girona","publisher":{"@id":"https:\/\/forummontau.com\/girona\/#organization"},"potentialAction":[{"@type":"SearchAction","target":{"@type":"EntryPoint","urlTemplate":"https:\/\/forummontau.com\/girona\/?s={search_term_string}"},"query-input":{"@type":"PropertyValueSpecification","valueRequired":true,"valueName":"search_term_string"}}],"inLanguage":"es"},{"@type":"Organization","@id":"https:\/\/forummontau.com\/girona\/#organization","name":"Forum Salud Mental Girona","url":"https:\/\/forummontau.com\/girona\/","logo":{"@type":"ImageObject","inLanguage":"es","@id":"https:\/\/forummontau.com\/girona\/#\/schema\/logo\/image\/","url":"https:\/\/forummontau.com\/girona\/wp-content\/uploads\/sites\/6\/2020\/02\/girona_forum.png","contentUrl":"https:\/\/forummontau.com\/girona\/wp-content\/uploads\/sites\/6\/2020\/02\/girona_forum.png","width":215,"height":119,"caption":"Forum Salud Mental Girona"},"image":{"@id":"https:\/\/forummontau.com\/girona\/#\/schema\/logo\/image\/"}},{"@type":"Person","@id":"https:\/\/forummontau.com\/girona\/#\/schema\/person\/dd79fa1c0ba733edd439998f9d7f5e25","name":"Forum Salud Mental Madrid"}]}},"_links":{"self":[{"href":"https:\/\/forummontau.com\/girona\/wp-json\/wp\/v2\/posts\/4405","targetHints":{"allow":["GET"]}}],"collection":[{"href":"https:\/\/forummontau.com\/girona\/wp-json\/wp\/v2\/posts"}],"about":[{"href":"https:\/\/forummontau.com\/girona\/wp-json\/wp\/v2\/types\/post"}],"author":[{"embeddable":true,"href":"https:\/\/forummontau.com\/girona\/wp-json\/wp\/v2\/users\/2"}],"replies":[{"embeddable":true,"href":"https:\/\/forummontau.com\/girona\/wp-json\/wp\/v2\/comments?post=4405"}],"version-history":[{"count":1,"href":"https:\/\/forummontau.com\/girona\/wp-json\/wp\/v2\/posts\/4405\/revisions"}],"predecessor-version":[{"id":4407,"href":"https:\/\/forummontau.com\/girona\/wp-json\/wp\/v2\/posts\/4405\/revisions\/4407"}],"wp:featuredmedia":[{"embeddable":true,"href":"https:\/\/forummontau.com\/girona\/wp-json\/wp\/v2\/media\/4406"}],"wp:attachment":[{"href":"https:\/\/forummontau.com\/girona\/wp-json\/wp\/v2\/media?parent=4405"}],"wp:term":[{"taxonomy":"category","embeddable":true,"href":"https:\/\/forummontau.com\/girona\/wp-json\/wp\/v2\/categories?post=4405"},{"taxonomy":"post_tag","embeddable":true,"href":"https:\/\/forummontau.com\/girona\/wp-json\/wp\/v2\/tags?post=4405"}],"curies":[{"name":"wp","href":"https:\/\/api.w.org\/{rel}","templated":true}]}}