{"id":4408,"date":"2023-12-20T14:01:49","date_gmt":"2023-12-20T14:01:49","guid":{"rendered":"https:\/\/forumgirona.cat\/?p=4408"},"modified":"2023-12-20T14:04:09","modified_gmt":"2023-12-20T14:04:09","slug":"hablemos-de-adiccion-causas-y-factores-de-riesgo","status":"publish","type":"post","link":"https:\/\/forummontau.com\/girona\/hablemos-de-adiccion-causas-y-factores-de-riesgo\/","title":{"rendered":"Hablemos de adicci\u00f3n: causas y factores de riesgo"},"content":{"rendered":"\n<p>La adicci\u00f3n es una enfermedad compleja que afecta a millones de personas en todo el mundo. Su naturaleza multifactorial hace que el camino hacia la adicci\u00f3n y la recuperaci\u00f3n sea diferente para cada individuo. A continuaci\u00f3n, exploraremos las causas biol\u00f3gicas, psicol\u00f3gicas y sociales de la adicci\u00f3n, as\u00ed como los factores de riesgo asociados y las estrategias de prevenci\u00f3n.<\/p>\n\n\n\n<h2 class=\"wp-block-heading\">Causas Biol\u00f3gicas de la Adicci\u00f3n<\/h2>\n\n\n\n<p>Los factores gen\u00e9ticos y neuroqu\u00edmicos juegan un rol esencial en la predisposici\u00f3n y el progreso de las adicciones. Este an\u00e1lisis abarca desde la influencia de la herencia gen\u00e9tica hasta el significativo impacto del abuso de sustancias en la neuroqu\u00edmica del cerebro, revelando los mecanismos biol\u00f3gicos subyacentes a la adicci\u00f3n. Se ofrece as\u00ed una perspectiva completa sobre c\u00f3mo el cuerpo y la mente se entrelazan en este complejo trastorno.<\/p>\n\n\n\n<ul class=\"wp-block-list\">\n<li>Gen\u00e9tica y la Adicci\u00f3n: C\u00f3mo la predisposici\u00f3n gen\u00e9tica puede aumentar la probabilidad de desarrollar adicciones.<\/li>\n\n\n\n<li>Efectos en el Cerebro: El impacto del abuso de sustancias en el funcionamiento cerebral y la neuroqu\u00edmica.<\/li>\n\n\n\n<li>Factores de Vulnerabilidad: Aspectos biol\u00f3gicos que pueden hacer a una persona m\u00e1s susceptible a la adicci\u00f3n.<\/li>\n<\/ul>\n\n\n\n<h2 class=\"wp-block-heading\">Influencias Psicol\u00f3gicas en la Adicci\u00f3n<\/h2>\n\n\n\n<p>La psicolog\u00eda juega un papel crucial en la adicci\u00f3n. Los trastornos de salud mental, las experiencias traum\u00e1ticas y los patrones de pensamiento y comportamiento contribuyen al ciclo de la adicci\u00f3n. Al entender estos elementos psicol\u00f3gicos, podemos empezar a desenredar los hilos de la adicci\u00f3n y trabajar hacia estrategias de tratamiento m\u00e1s efectivas y emp\u00e1ticas.<\/p>\n\n\n\n<ul class=\"wp-block-list\">\n<li>Salud Mental y Adicci\u00f3n: La conexi\u00f3n entre trastornos de salud mental y el desarrollo de adicciones.<\/li>\n\n\n\n<li>Trauma y Adicci\u00f3n: Exploraci\u00f3n del v\u00ednculo entre experiencias traum\u00e1ticas y la propensi\u00f3n al abuso de sustancias.<\/li>\n\n\n\n<li>Comportamientos Adictivos: C\u00f3mo los patrones de comportamiento y pensamiento pueden contribuir a la adicci\u00f3n.<\/li>\n<\/ul>\n\n\n\n<h2 class=\"wp-block-heading\">Factores Sociales y Ambientales<\/h2>\n\n\n\n<p>El entorno social y familiar, junto con las influencias culturales y de grupo, son componentes fundamentales en el desarrollo y mantenimiento de las adicciones. El entorno familiar, la presi\u00f3n de grupo y la disponibilidad de sustancias pueden influir significativamente en la probabilidad de desarrollar una adicci\u00f3n. Al comprender estos factores, podemos identificar puntos de intervenci\u00f3n para prevenir y tratar eficazmente las adicciones.<\/p>\n\n\n\n<ul class=\"wp-block-list\">\n<li>Entorno y Adicci\u00f3n: El papel del entorno social y familiar en el desarrollo de comportamientos adictivos.<\/li>\n\n\n\n<li>Presi\u00f3n Social y Cultural: C\u00f3mo las normas sociales y culturales pueden influir en el consumo de sustancias.<\/li>\n\n\n\n<li>Acceso y Disponibilidad: La influencia de la facilidad de acceso a sustancias en la adicci\u00f3n.<\/li>\n<\/ul>\n\n\n\n<h2 class=\"wp-block-heading\">Prevenci\u00f3n de la Adicci\u00f3n<\/h2>\n\n\n\n<p>En el \u00e1mbito de las adicciones, la prevenci\u00f3n ocupa un lugar primordial. A trav\u00e9s de una combinaci\u00f3n de estrategias de intervenci\u00f3n temprana y programas educativos y de concienciaci\u00f3n, enfocamos nuestra atenci\u00f3n en m\u00e9todos efectivos para prevenir el surgimiento de adicciones.<\/p>\n\n\n\n<ul class=\"wp-block-list\">\n<li>Estrategias de Prevenci\u00f3n: Medidas efectivas para prevenir el desarrollo de adicciones.<\/li>\n\n\n\n<li>Educaci\u00f3n y Concienciaci\u00f3n: La importancia de la educaci\u00f3n en salud mental y adicciones.<\/li>\n\n\n\n<li>Apoyo Temprano: La clave del \u00e9xito en la intervenci\u00f3n temprana para aquellos en riesgo de adicci\u00f3n.<\/li>\n<\/ul>\n\n\n\n<p>Comprender las causas y factores de riesgo de la adicci\u00f3n es esencial para desarrollar estrategias efectivas de tratamiento y prevenci\u00f3n. Reconociendo la complejidad de esta enfermedad, es crucial abordarla desde una perspectiva integral, considerando los aspectos biol\u00f3gicos, psicol\u00f3gicos y sociales. Al hacerlo, podemos avanzar hacia un enfoque m\u00e1s compasivo y eficaz en el manejo y la prevenci\u00f3n de las adicciones.<\/p>\n","protected":false},"excerpt":{"rendered":"<p>La adicci\u00f3n es una enfermedad compleja que afecta a millones de personas en todo el mundo. Su naturaleza multifactorial hace que el camino hacia la adicci\u00f3n y la recuperaci\u00f3n sea diferente para cada individuo. A continuaci\u00f3n, exploraremos las causas biol\u00f3gicas, psicol\u00f3gicas y sociales de la adicci\u00f3n, as\u00ed como los factores de riesgo asociados y las [&hellip;]<\/p>\n","protected":false},"author":2,"featured_media":4406,"comment_status":"closed","ping_status":"closed","sticky":false,"template":"","format":"standard","meta":{"ocean_post_layout":"","ocean_both_sidebars_style":"","ocean_both_sidebars_content_width":0,"ocean_both_sidebars_sidebars_width":0,"ocean_sidebar":"","ocean_second_sidebar":"","ocean_disable_margins":"enable","ocean_add_body_class":"","ocean_shortcode_before_top_bar":"","ocean_shortcode_after_top_bar":"","ocean_shortcode_before_header":"","ocean_shortcode_after_header":"","ocean_has_shortcode":"","ocean_shortcode_after_title":"","ocean_shortcode_before_footer_widgets":"","ocean_shortcode_after_footer_widgets":"","ocean_shortcode_before_footer_bottom":"","ocean_shortcode_after_footer_bottom":"","ocean_display_top_bar":"default","ocean_display_header":"default","ocean_header_style":"","ocean_center_header_left_menu":"","ocean_custom_header_template":"","ocean_custom_logo":0,"ocean_custom_retina_logo":0,"ocean_custom_logo_max_width":0,"ocean_custom_logo_tablet_max_width":0,"ocean_custom_logo_mobile_max_width":0,"ocean_custom_logo_max_height":0,"ocean_custom_logo_tablet_max_height":0,"ocean_custom_logo_mobile_max_height":0,"ocean_header_custom_menu":"","ocean_menu_typo_font_family":"","ocean_menu_typo_font_subset":"","ocean_menu_typo_font_size":0,"ocean_menu_typo_font_size_tablet":0,"ocean_menu_typo_font_size_mobile":0,"ocean_menu_typo_font_size_unit":"px","ocean_menu_typo_font_weight":"","ocean_menu_typo_font_weight_tablet":"","ocean_menu_typo_font_weight_mobile":"","ocean_menu_typo_transform":"","ocean_menu_typo_transform_tablet":"","ocean_menu_typo_transform_mobile":"","ocean_menu_typo_line_height":0,"ocean_menu_typo_line_height_tablet":0,"ocean_menu_typo_line_height_mobile":0,"ocean_menu_typo_line_height_unit":"","ocean_menu_typo_spacing":0,"ocean_menu_typo_spacing_tablet":0,"ocean_menu_typo_spacing_mobile":0,"ocean_menu_typo_spacing_unit":"","ocean_menu_link_color":"","ocean_menu_link_color_hover":"","ocean_menu_link_color_active":"","ocean_menu_link_background":"","ocean_menu_link_hover_background":"","ocean_menu_link_active_background":"","ocean_menu_social_links_bg":"","ocean_menu_social_hover_links_bg":"","ocean_menu_social_links_color":"","ocean_menu_social_hover_links_color":"","ocean_disable_title":"default","ocean_disable_heading":"default","ocean_post_title":"","ocean_post_subheading":"","ocean_post_title_style":"","ocean_post_title_background_color":"","ocean_post_title_background":0,"ocean_post_title_bg_image_position":"","ocean_post_title_bg_image_attachment":"","ocean_post_title_bg_image_repeat":"","ocean_post_title_bg_image_size":"","ocean_post_title_height":0,"ocean_post_title_bg_overlay":0.5,"ocean_post_title_bg_overlay_color":"","ocean_disable_breadcrumbs":"default","ocean_breadcrumbs_color":"","ocean_breadcrumbs_separator_color":"","ocean_breadcrumbs_links_color":"","ocean_breadcrumbs_links_hover_color":"","ocean_display_footer_widgets":"default","ocean_display_footer_bottom":"default","ocean_custom_footer_template":"","ocean_post_oembed":"","ocean_post_self_hosted_media":"","ocean_post_video_embed":"","ocean_link_format":"","ocean_link_format_target":"self","ocean_quote_format":"","ocean_quote_format_link":"post","ocean_gallery_link_images":"on","ocean_gallery_id":[],"footnotes":""},"categories":[29],"tags":[124],"class_list":["post-4408","post","type-post","status-publish","format-standard","has-post-thumbnail","hentry","category-adiccion","tag-forum-girona","entry","has-media"],"yoast_head":"<!-- This site is optimized with the Yoast SEO plugin v27.5 - https:\/\/yoast.com\/product\/yoast-seo-wordpress\/ -->\n<title>Hablemos de adicci\u00f3n: causas y factores de riesgo - Forum Salud Mental Girona<\/title>\n<meta name=\"description\" content=\"Conoce las causas biol\u00f3gicas, psicol\u00f3gicas y sociales de la adicci\u00f3n as\u00ed como los factores de riesgo asociados y las estrategias de prevenci\u00f3n.\" \/>\n<meta name=\"robots\" content=\"index, follow, max-snippet:-1, max-image-preview:large, max-video-preview:-1\" \/>\n<link rel=\"canonical\" href=\"https:\/\/forummontau.com\/girona\/hablemos-de-adiccion-causas-y-factores-de-riesgo\/\" \/>\n<meta property=\"og:locale\" content=\"es_ES\" \/>\n<meta property=\"og:type\" content=\"article\" \/>\n<meta property=\"og:title\" content=\"Hablemos de adicci\u00f3n: causas y factores de riesgo - Forum Salud Mental Girona\" \/>\n<meta property=\"og:description\" content=\"Conoce las causas biol\u00f3gicas, psicol\u00f3gicas y sociales de la adicci\u00f3n as\u00ed como los factores de riesgo asociados y las estrategias de prevenci\u00f3n.\" \/>\n<meta property=\"og:url\" content=\"https:\/\/forummontau.com\/girona\/hablemos-de-adiccion-causas-y-factores-de-riesgo\/\" \/>\n<meta property=\"og:site_name\" content=\"Forum Salud Mental Girona\" \/>\n<meta property=\"article:published_time\" content=\"2023-12-20T14:01:49+00:00\" \/>\n<meta property=\"article:modified_time\" content=\"2023-12-20T14:04:09+00:00\" \/>\n<meta property=\"og:image\" content=\"https:\/\/forummontau.com\/girona\/wp-content\/uploads\/sites\/6\/2023\/12\/comprendiendo-la-adiccion.webp\" \/>\n\t<meta property=\"og:image:width\" content=\"940\" \/>\n\t<meta property=\"og:image:height\" content=\"667\" \/>\n\t<meta property=\"og:image:type\" content=\"image\/webp\" \/>\n<meta name=\"author\" content=\"Forum Salud Mental Madrid\" \/>\n<meta name=\"twitter:card\" content=\"summary_large_image\" \/>\n<meta name=\"twitter:label1\" content=\"Escrito por\" \/>\n\t<meta name=\"twitter:data1\" content=\"Forum Salud Mental Madrid\" \/>\n\t<meta name=\"twitter:label2\" content=\"Tiempo de lectura\" \/>\n\t<meta name=\"twitter:data2\" content=\"3 minutos\" \/>\n<script type=\"application\/ld+json\" class=\"yoast-schema-graph\">{\"@context\":\"https:\\\/\\\/schema.org\",\"@graph\":[{\"@type\":\"Article\",\"@id\":\"https:\\\/\\\/forummontau.com\\\/girona\\\/hablemos-de-adiccion-causas-y-factores-de-riesgo\\\/#article\",\"isPartOf\":{\"@id\":\"https:\\\/\\\/forummontau.com\\\/girona\\\/hablemos-de-adiccion-causas-y-factores-de-riesgo\\\/\"},\"author\":{\"name\":\"Forum Salud Mental Madrid\",\"@id\":\"https:\\\/\\\/forummontau.com\\\/girona\\\/#\\\/schema\\\/person\\\/dd79fa1c0ba733edd439998f9d7f5e25\"},\"headline\":\"Hablemos de adicci\u00f3n: causas y factores de riesgo\",\"datePublished\":\"2023-12-20T14:01:49+00:00\",\"dateModified\":\"2023-12-20T14:04:09+00:00\",\"mainEntityOfPage\":{\"@id\":\"https:\\\/\\\/forummontau.com\\\/girona\\\/hablemos-de-adiccion-causas-y-factores-de-riesgo\\\/\"},\"wordCount\":626,\"publisher\":{\"@id\":\"https:\\\/\\\/forummontau.com\\\/girona\\\/#organization\"},\"image\":{\"@id\":\"https:\\\/\\\/forummontau.com\\\/girona\\\/hablemos-de-adiccion-causas-y-factores-de-riesgo\\\/#primaryimage\"},\"thumbnailUrl\":\"https:\\\/\\\/forummontau.com\\\/girona\\\/wp-content\\\/uploads\\\/sites\\\/6\\\/2023\\\/12\\\/comprendiendo-la-adiccion.webp\",\"keywords\":[\"Forum Girona\"],\"articleSection\":[\"Adicci\u00f3n\"],\"inLanguage\":\"es\"},{\"@type\":\"WebPage\",\"@id\":\"https:\\\/\\\/forummontau.com\\\/girona\\\/hablemos-de-adiccion-causas-y-factores-de-riesgo\\\/\",\"url\":\"https:\\\/\\\/forummontau.com\\\/girona\\\/hablemos-de-adiccion-causas-y-factores-de-riesgo\\\/\",\"name\":\"Hablemos de adicci\u00f3n: causas y factores de riesgo - Forum Salud Mental Girona\",\"isPartOf\":{\"@id\":\"https:\\\/\\\/forummontau.com\\\/girona\\\/#website\"},\"primaryImageOfPage\":{\"@id\":\"https:\\\/\\\/forummontau.com\\\/girona\\\/hablemos-de-adiccion-causas-y-factores-de-riesgo\\\/#primaryimage\"},\"image\":{\"@id\":\"https:\\\/\\\/forummontau.com\\\/girona\\\/hablemos-de-adiccion-causas-y-factores-de-riesgo\\\/#primaryimage\"},\"thumbnailUrl\":\"https:\\\/\\\/forummontau.com\\\/girona\\\/wp-content\\\/uploads\\\/sites\\\/6\\\/2023\\\/12\\\/comprendiendo-la-adiccion.webp\",\"datePublished\":\"2023-12-20T14:01:49+00:00\",\"dateModified\":\"2023-12-20T14:04:09+00:00\",\"description\":\"Conoce las causas biol\u00f3gicas, psicol\u00f3gicas y sociales de la adicci\u00f3n as\u00ed como los factores de riesgo asociados y las estrategias de prevenci\u00f3n.\",\"breadcrumb\":{\"@id\":\"https:\\\/\\\/forummontau.com\\\/girona\\\/hablemos-de-adiccion-causas-y-factores-de-riesgo\\\/#breadcrumb\"},\"inLanguage\":\"es\",\"potentialAction\":[{\"@type\":\"ReadAction\",\"target\":[\"https:\\\/\\\/forummontau.com\\\/girona\\\/hablemos-de-adiccion-causas-y-factores-de-riesgo\\\/\"]}]},{\"@type\":\"ImageObject\",\"inLanguage\":\"es\",\"@id\":\"https:\\\/\\\/forummontau.com\\\/girona\\\/hablemos-de-adiccion-causas-y-factores-de-riesgo\\\/#primaryimage\",\"url\":\"https:\\\/\\\/forummontau.com\\\/girona\\\/wp-content\\\/uploads\\\/sites\\\/6\\\/2023\\\/12\\\/comprendiendo-la-adiccion.webp\",\"contentUrl\":\"https:\\\/\\\/forummontau.com\\\/girona\\\/wp-content\\\/uploads\\\/sites\\\/6\\\/2023\\\/12\\\/comprendiendo-la-adiccion.webp\",\"width\":940,\"height\":667},{\"@type\":\"BreadcrumbList\",\"@id\":\"https:\\\/\\\/forummontau.com\\\/girona\\\/hablemos-de-adiccion-causas-y-factores-de-riesgo\\\/#breadcrumb\",\"itemListElement\":[{\"@type\":\"ListItem\",\"position\":1,\"name\":\"Portada\",\"item\":\"https:\\\/\\\/forummontau.com\\\/girona\\\/centre-desintoxicacio-i-addiccions-girona\\\/\"},{\"@type\":\"ListItem\",\"position\":2,\"name\":\"Hablemos de adicci\u00f3n: causas y factores de riesgo\"}]},{\"@type\":\"WebSite\",\"@id\":\"https:\\\/\\\/forummontau.com\\\/girona\\\/#website\",\"url\":\"https:\\\/\\\/forummontau.com\\\/girona\\\/\",\"name\":\"Forum Salud Mental Girona\",\"description\":\"Centro de Desintoxicaci\u00f3n y Adicciones en Girona\",\"publisher\":{\"@id\":\"https:\\\/\\\/forummontau.com\\\/girona\\\/#organization\"},\"potentialAction\":[{\"@type\":\"SearchAction\",\"target\":{\"@type\":\"EntryPoint\",\"urlTemplate\":\"https:\\\/\\\/forummontau.com\\\/girona\\\/?s={search_term_string}\"},\"query-input\":{\"@type\":\"PropertyValueSpecification\",\"valueRequired\":true,\"valueName\":\"search_term_string\"}}],\"inLanguage\":\"es\"},{\"@type\":\"Organization\",\"@id\":\"https:\\\/\\\/forummontau.com\\\/girona\\\/#organization\",\"name\":\"Forum Salud Mental Girona\",\"url\":\"https:\\\/\\\/forummontau.com\\\/girona\\\/\",\"logo\":{\"@type\":\"ImageObject\",\"inLanguage\":\"es\",\"@id\":\"https:\\\/\\\/forummontau.com\\\/girona\\\/#\\\/schema\\\/logo\\\/image\\\/\",\"url\":\"https:\\\/\\\/forummontau.com\\\/girona\\\/wp-content\\\/uploads\\\/sites\\\/6\\\/2020\\\/02\\\/girona_forum.png\",\"contentUrl\":\"https:\\\/\\\/forummontau.com\\\/girona\\\/wp-content\\\/uploads\\\/sites\\\/6\\\/2020\\\/02\\\/girona_forum.png\",\"width\":215,\"height\":119,\"caption\":\"Forum Salud Mental Girona\"},\"image\":{\"@id\":\"https:\\\/\\\/forummontau.com\\\/girona\\\/#\\\/schema\\\/logo\\\/image\\\/\"}},{\"@type\":\"Person\",\"@id\":\"https:\\\/\\\/forummontau.com\\\/girona\\\/#\\\/schema\\\/person\\\/dd79fa1c0ba733edd439998f9d7f5e25\",\"name\":\"Forum Salud Mental Madrid\"}]}<\/script>\n<!-- \/ Yoast SEO plugin. -->","yoast_head_json":{"title":"Hablemos de adicci\u00f3n: causas y factores de riesgo - Forum Salud Mental Girona","description":"Conoce las causas biol\u00f3gicas, psicol\u00f3gicas y sociales de la adicci\u00f3n as\u00ed como los factores de riesgo asociados y las estrategias de prevenci\u00f3n.","robots":{"index":"index","follow":"follow","max-snippet":"max-snippet:-1","max-image-preview":"max-image-preview:large","max-video-preview":"max-video-preview:-1"},"canonical":"https:\/\/forummontau.com\/girona\/hablemos-de-adiccion-causas-y-factores-de-riesgo\/","og_locale":"es_ES","og_type":"article","og_title":"Hablemos de adicci\u00f3n: causas y factores de riesgo - Forum Salud Mental Girona","og_description":"Conoce las causas biol\u00f3gicas, psicol\u00f3gicas y sociales de la adicci\u00f3n as\u00ed como los factores de riesgo asociados y las estrategias de prevenci\u00f3n.","og_url":"https:\/\/forummontau.com\/girona\/hablemos-de-adiccion-causas-y-factores-de-riesgo\/","og_site_name":"Forum Salud Mental Girona","article_published_time":"2023-12-20T14:01:49+00:00","article_modified_time":"2023-12-20T14:04:09+00:00","og_image":[{"width":940,"height":667,"url":"https:\/\/forummontau.com\/girona\/wp-content\/uploads\/sites\/6\/2023\/12\/comprendiendo-la-adiccion.webp","type":"image\/webp"}],"author":"Forum Salud Mental Madrid","twitter_card":"summary_large_image","twitter_misc":{"Escrito por":"Forum Salud Mental Madrid","Tiempo de lectura":"3 minutos"},"schema":{"@context":"https:\/\/schema.org","@graph":[{"@type":"Article","@id":"https:\/\/forummontau.com\/girona\/hablemos-de-adiccion-causas-y-factores-de-riesgo\/#article","isPartOf":{"@id":"https:\/\/forummontau.com\/girona\/hablemos-de-adiccion-causas-y-factores-de-riesgo\/"},"author":{"name":"Forum Salud Mental Madrid","@id":"https:\/\/forummontau.com\/girona\/#\/schema\/person\/dd79fa1c0ba733edd439998f9d7f5e25"},"headline":"Hablemos de adicci\u00f3n: causas y factores de riesgo","datePublished":"2023-12-20T14:01:49+00:00","dateModified":"2023-12-20T14:04:09+00:00","mainEntityOfPage":{"@id":"https:\/\/forummontau.com\/girona\/hablemos-de-adiccion-causas-y-factores-de-riesgo\/"},"wordCount":626,"publisher":{"@id":"https:\/\/forummontau.com\/girona\/#organization"},"image":{"@id":"https:\/\/forummontau.com\/girona\/hablemos-de-adiccion-causas-y-factores-de-riesgo\/#primaryimage"},"thumbnailUrl":"https:\/\/forummontau.com\/girona\/wp-content\/uploads\/sites\/6\/2023\/12\/comprendiendo-la-adiccion.webp","keywords":["Forum Girona"],"articleSection":["Adicci\u00f3n"],"inLanguage":"es"},{"@type":"WebPage","@id":"https:\/\/forummontau.com\/girona\/hablemos-de-adiccion-causas-y-factores-de-riesgo\/","url":"https:\/\/forummontau.com\/girona\/hablemos-de-adiccion-causas-y-factores-de-riesgo\/","name":"Hablemos de adicci\u00f3n: causas y factores de riesgo - Forum Salud Mental Girona","isPartOf":{"@id":"https:\/\/forummontau.com\/girona\/#website"},"primaryImageOfPage":{"@id":"https:\/\/forummontau.com\/girona\/hablemos-de-adiccion-causas-y-factores-de-riesgo\/#primaryimage"},"image":{"@id":"https:\/\/forummontau.com\/girona\/hablemos-de-adiccion-causas-y-factores-de-riesgo\/#primaryimage"},"thumbnailUrl":"https:\/\/forummontau.com\/girona\/wp-content\/uploads\/sites\/6\/2023\/12\/comprendiendo-la-adiccion.webp","datePublished":"2023-12-20T14:01:49+00:00","dateModified":"2023-12-20T14:04:09+00:00","description":"Conoce las causas biol\u00f3gicas, psicol\u00f3gicas y sociales de la adicci\u00f3n as\u00ed como los factores de riesgo asociados y las estrategias de prevenci\u00f3n.","breadcrumb":{"@id":"https:\/\/forummontau.com\/girona\/hablemos-de-adiccion-causas-y-factores-de-riesgo\/#breadcrumb"},"inLanguage":"es","potentialAction":[{"@type":"ReadAction","target":["https:\/\/forummontau.com\/girona\/hablemos-de-adiccion-causas-y-factores-de-riesgo\/"]}]},{"@type":"ImageObject","inLanguage":"es","@id":"https:\/\/forummontau.com\/girona\/hablemos-de-adiccion-causas-y-factores-de-riesgo\/#primaryimage","url":"https:\/\/forummontau.com\/girona\/wp-content\/uploads\/sites\/6\/2023\/12\/comprendiendo-la-adiccion.webp","contentUrl":"https:\/\/forummontau.com\/girona\/wp-content\/uploads\/sites\/6\/2023\/12\/comprendiendo-la-adiccion.webp","width":940,"height":667},{"@type":"BreadcrumbList","@id":"https:\/\/forummontau.com\/girona\/hablemos-de-adiccion-causas-y-factores-de-riesgo\/#breadcrumb","itemListElement":[{"@type":"ListItem","position":1,"name":"Portada","item":"https:\/\/forummontau.com\/girona\/centre-desintoxicacio-i-addiccions-girona\/"},{"@type":"ListItem","position":2,"name":"Hablemos de adicci\u00f3n: causas y factores de riesgo"}]},{"@type":"WebSite","@id":"https:\/\/forummontau.com\/girona\/#website","url":"https:\/\/forummontau.com\/girona\/","name":"Forum Salud Mental Girona","description":"Centro de Desintoxicaci\u00f3n y Adicciones en Girona","publisher":{"@id":"https:\/\/forummontau.com\/girona\/#organization"},"potentialAction":[{"@type":"SearchAction","target":{"@type":"EntryPoint","urlTemplate":"https:\/\/forummontau.com\/girona\/?s={search_term_string}"},"query-input":{"@type":"PropertyValueSpecification","valueRequired":true,"valueName":"search_term_string"}}],"inLanguage":"es"},{"@type":"Organization","@id":"https:\/\/forummontau.com\/girona\/#organization","name":"Forum Salud Mental Girona","url":"https:\/\/forummontau.com\/girona\/","logo":{"@type":"ImageObject","inLanguage":"es","@id":"https:\/\/forummontau.com\/girona\/#\/schema\/logo\/image\/","url":"https:\/\/forummontau.com\/girona\/wp-content\/uploads\/sites\/6\/2020\/02\/girona_forum.png","contentUrl":"https:\/\/forummontau.com\/girona\/wp-content\/uploads\/sites\/6\/2020\/02\/girona_forum.png","width":215,"height":119,"caption":"Forum Salud Mental Girona"},"image":{"@id":"https:\/\/forummontau.com\/girona\/#\/schema\/logo\/image\/"}},{"@type":"Person","@id":"https:\/\/forummontau.com\/girona\/#\/schema\/person\/dd79fa1c0ba733edd439998f9d7f5e25","name":"Forum Salud Mental Madrid"}]}},"_links":{"self":[{"href":"https:\/\/forummontau.com\/girona\/wp-json\/wp\/v2\/posts\/4408","targetHints":{"allow":["GET"]}}],"collection":[{"href":"https:\/\/forummontau.com\/girona\/wp-json\/wp\/v2\/posts"}],"about":[{"href":"https:\/\/forummontau.com\/girona\/wp-json\/wp\/v2\/types\/post"}],"author":[{"embeddable":true,"href":"https:\/\/forummontau.com\/girona\/wp-json\/wp\/v2\/users\/2"}],"replies":[{"embeddable":true,"href":"https:\/\/forummontau.com\/girona\/wp-json\/wp\/v2\/comments?post=4408"}],"version-history":[{"count":2,"href":"https:\/\/forummontau.com\/girona\/wp-json\/wp\/v2\/posts\/4408\/revisions"}],"predecessor-version":[{"id":4411,"href":"https:\/\/forummontau.com\/girona\/wp-json\/wp\/v2\/posts\/4408\/revisions\/4411"}],"wp:featuredmedia":[{"embeddable":true,"href":"https:\/\/forummontau.com\/girona\/wp-json\/wp\/v2\/media\/4406"}],"wp:attachment":[{"href":"https:\/\/forummontau.com\/girona\/wp-json\/wp\/v2\/media?parent=4408"}],"wp:term":[{"taxonomy":"category","embeddable":true,"href":"https:\/\/forummontau.com\/girona\/wp-json\/wp\/v2\/categories?post=4408"},{"taxonomy":"post_tag","embeddable":true,"href":"https:\/\/forummontau.com\/girona\/wp-json\/wp\/v2\/tags?post=4408"}],"curies":[{"name":"wp","href":"https:\/\/api.w.org\/{rel}","templated":true}]}}