{"id":4726,"date":"2024-07-04T14:42:15","date_gmt":"2024-07-04T14:42:15","guid":{"rendered":"https:\/\/forumgirona.cat\/?p=4726"},"modified":"2024-07-04T14:42:18","modified_gmt":"2024-07-04T14:42:18","slug":"el-vinculo-entre-el-trauma-y-las-adicciones","status":"publish","type":"post","link":"https:\/\/forummontau.com\/girona\/el-vinculo-entre-el-trauma-y-las-adicciones\/","title":{"rendered":"El v\u00ednculo entre el trauma y las adicciones"},"content":{"rendered":"\n<p>Durante las \u00faltimas dos d\u00e9cadas, la relaci\u00f3n entre el trauma y las adicciones ha sido un foco importante de investigaci\u00f3n en el campo de la psicolog\u00eda y la psiquiatr\u00eda. Comprender c\u00f3mo experiencias traum\u00e1ticas pueden influir en el desarrollo de conductas adictivas es esencial para mejorar los tratamientos y las estrategias de prevenci\u00f3n. <\/p>\n\n\n\n<p>En este art\u00edculo, exploraremos el v\u00ednculo entre el trauma y las adicciones, revisando estudios clave y concluyendo con implicaciones pr\u00e1cticas para la intervenci\u00f3n y el tratamiento.<\/p>\n\n\n\n<h2 class=\"wp-block-heading\">La Naturaleza del Trauma<\/h2>\n\n\n\n<p>El trauma se define como una experiencia profundamente angustiante o perturbadora que tiene efectos duraderos en el bienestar psicol\u00f3gico de una persona. Puede ser causado por una variedad de eventos, como abuso f\u00edsico o emocional, violencia dom\u00e9stica, desastres naturales, accidentes graves, y experiencias de guerra, entre otros.<\/p>\n\n\n\n<h2 class=\"wp-block-heading\">Mecanismos de la Relaci\u00f3n entre Trauma y Adicciones<\/h2>\n\n\n\n<p>La relaci\u00f3n entre el trauma y las adicciones se puede entender a trav\u00e9s de varios mecanismos psicol\u00f3gicos y biol\u00f3gicos:<\/p>\n\n\n\n<ol class=\"wp-block-list\">\n<li><strong>Automedicaci\u00f3n<\/strong>: Muchas personas recurren al uso de sustancias como una forma de aliviar el sufrimiento emocional y psicol\u00f3gico causado por el trauma. Esta teor\u00eda de la automedicaci\u00f3n sugiere que el consumo de drogas o alcohol puede servir como una estrategia de afrontamiento para mitigar s\u00edntomas como la ansiedad, la depresi\u00f3n y el estr\u00e9s postraum\u00e1tico\u200b (<a href=\"https:\/\/www.lasdrogas.info\/noticias\/socidrogalcohol-adicciones-comportamentales\/\" target=\"_blank\" rel=\"noreferrer noopener\">lasDrogas.info<\/a>)\u200b.<\/li>\n\n\n\n<li><strong>Alteraciones Neurobiol\u00f3gicas<\/strong>: El trauma puede causar cambios significativos en el cerebro, particularmente en las \u00e1reas responsables del estr\u00e9s y la recompensa. Estudios han demostrado que el estr\u00e9s cr\u00f3nico y el trauma pueden alterar la funci\u00f3n del eje hipot\u00e1lamo-hip\u00f3fisis-adrenal (HHA), aumentando la vulnerabilidad al desarrollo de adicciones\u200b (<a href=\"https:\/\/socidrogalcohol.org\/socidrogalcohol-lanza-una-guia-sobre-adicciones-comportamentales\/\" target=\"_blank\" rel=\"noreferrer noopener\">Socidrogalcohol<\/a>)\u200b.<\/li>\n\n\n\n<li><strong>Comorbilidad Psiqui\u00e1trica<\/strong>: Las personas que han experimentado trauma tienen un mayor riesgo de desarrollar trastornos psiqui\u00e1tricos como el trastorno de estr\u00e9s postraum\u00e1tico (TEPT), trastornos de ansiedad y depresivos. Estos trastornos, a su vez, aumentan la probabilidad de que las personas recurran al uso de sustancias como una forma de manejo de los s\u00edntomas\u200b (<a href=\"https:\/\/www.lasdrogas.info\/noticias\/socidrogalcohol-adicciones-comportamentales\/\" target=\"_blank\" rel=\"noreferrer noopener\">lasDrogas.info<\/a>)\u200b\u200b (<a href=\"https:\/\/socidrogalcohol.org\/socidrogalcohol-lanza-una-guia-sobre-adicciones-comportamentales\/\" target=\"_blank\" rel=\"noreferrer noopener\">Socidrogalcohol<\/a>)\u200b.<\/li>\n<\/ol>\n\n\n\n<h2 class=\"wp-block-heading\">Estudios Relevantes<\/h2>\n\n\n\n<ul class=\"wp-block-list\">\n<li><strong>Estudio de Adverse Childhood Experiences (ACE)<\/strong>: Uno de los estudios m\u00e1s influyentes en este campo es el estudio ACE, que encontr\u00f3 una correlaci\u00f3n directa entre el n\u00famero de experiencias adversas en la ni\u00f1ez y el riesgo de desarrollar conductas adictivas en la adultez. Los individuos con altos puntajes ACE ten\u00edan significativamente m\u00e1s probabilidades de involucrarse en el consumo de sustancias y otras conductas de riesgo\u200b (<a href=\"https:\/\/psiquiatria.com\/psicologia-general\/socidrogalcohol-lanza-una-guia-de-adicciones-comportamentales-incluyendo-el-juego-la-tecnologia-o-el-sexo\" target=\"_blank\" rel=\"noreferrer noopener\">Psiquiatr\u00eda<\/a>)\u200b.<\/li>\n\n\n\n<li><strong>Investigaci\u00f3n de la Universidad de California, Los \u00c1ngeles (UCLA)<\/strong>: Un estudio realizado por investigadores de UCLA encontr\u00f3 que las personas con TEPT ten\u00edan un riesgo mucho mayor de abuso de sustancias en comparaci\u00f3n con aquellos sin TEPT. Este estudio tambi\u00e9n sugiri\u00f3 que los tratamientos que abordan tanto el TEPT como la adicci\u00f3n de manera simult\u00e1nea son m\u00e1s efectivos que aquellos que tratan estos trastornos por separado\u200b (<a href=\"https:\/\/www.lasdrogas.info\/noticias\/socidrogalcohol-adicciones-comportamentales\/\" target=\"_blank\" rel=\"noreferrer noopener\">lasDrogas.info<\/a>)\u200b.<\/li>\n\n\n\n<li><strong>Meta-an\u00e1lisis sobre Trauma y Adicciones<\/strong>: Un meta-an\u00e1lisis de varios estudios encontr\u00f3 que las intervenciones basadas en el trauma, como la Terapia de Procesamiento Cognitivo y la Terapia de Exposici\u00f3n Prolongada, son efectivas para reducir los s\u00edntomas del TEPT y disminuir el consumo de sustancias\u200b (<a href=\"https:\/\/socidrogalcohol.org\/socidrogalcohol-lanza-una-guia-sobre-adicciones-comportamentales\/\" target=\"_blank\" rel=\"noreferrer noopener\">Socidrogalcohol<\/a>)\u200b.<\/li>\n<\/ul>\n\n\n\n<h2 class=\"wp-block-heading\">Enfoque Integral en el Tratamiento de la Adicci\u00f3n y el Trauma<\/h2>\n\n\n\n<p>En <strong>Forum Salud Mental Girona<\/strong>, ofrecemos una atenci\u00f3n completa y efectiva tanto del trauma como la adicci\u00f3n asegurando el bienestar completo del paciente. La investigaci\u00f3n ha demostrado que abordar simult\u00e1neamente los dos trastornos es crucial para lograr una recuperaci\u00f3n sostenible. <\/p>\n\n\n\n<p>El m\u00e9todo integral de Forum Girona permite abordar las causas profundas del comportamiento adictivo y proporciona herramientas para manejar los desencadenantes del trauma, creando una base s\u00f3lida para una recuperaci\u00f3n a largo plazo.<\/p>\n\n\n\n<p><\/p>\n","protected":false},"excerpt":{"rendered":"<p>Durante las \u00faltimas dos d\u00e9cadas, la relaci\u00f3n entre el trauma y las adicciones ha sido un foco importante de investigaci\u00f3n en el campo de la psicolog\u00eda y la psiquiatr\u00eda. Comprender c\u00f3mo experiencias traum\u00e1ticas pueden influir en el desarrollo de conductas adictivas es esencial para mejorar los tratamientos y las estrategias de prevenci\u00f3n. En este art\u00edculo, [&hellip;]<\/p>\n","protected":false},"author":2,"featured_media":4727,"comment_status":"closed","ping_status":"closed","sticky":false,"template":"","format":"standard","meta":{"ocean_post_layout":"","ocean_both_sidebars_style":"","ocean_both_sidebars_content_width":0,"ocean_both_sidebars_sidebars_width":0,"ocean_sidebar":"","ocean_second_sidebar":"","ocean_disable_margins":"enable","ocean_add_body_class":"","ocean_shortcode_before_top_bar":"","ocean_shortcode_after_top_bar":"","ocean_shortcode_before_header":"","ocean_shortcode_after_header":"","ocean_has_shortcode":"","ocean_shortcode_after_title":"","ocean_shortcode_before_footer_widgets":"","ocean_shortcode_after_footer_widgets":"","ocean_shortcode_before_footer_bottom":"","ocean_shortcode_after_footer_bottom":"","ocean_display_top_bar":"default","ocean_display_header":"default","ocean_header_style":"","ocean_center_header_left_menu":"","ocean_custom_header_template":"","ocean_custom_logo":0,"ocean_custom_retina_logo":0,"ocean_custom_logo_max_width":0,"ocean_custom_logo_tablet_max_width":0,"ocean_custom_logo_mobile_max_width":0,"ocean_custom_logo_max_height":0,"ocean_custom_logo_tablet_max_height":0,"ocean_custom_logo_mobile_max_height":0,"ocean_header_custom_menu":"","ocean_menu_typo_font_family":"","ocean_menu_typo_font_subset":"","ocean_menu_typo_font_size":0,"ocean_menu_typo_font_size_tablet":0,"ocean_menu_typo_font_size_mobile":0,"ocean_menu_typo_font_size_unit":"px","ocean_menu_typo_font_weight":"","ocean_menu_typo_font_weight_tablet":"","ocean_menu_typo_font_weight_mobile":"","ocean_menu_typo_transform":"","ocean_menu_typo_transform_tablet":"","ocean_menu_typo_transform_mobile":"","ocean_menu_typo_line_height":0,"ocean_menu_typo_line_height_tablet":0,"ocean_menu_typo_line_height_mobile":0,"ocean_menu_typo_line_height_unit":"","ocean_menu_typo_spacing":0,"ocean_menu_typo_spacing_tablet":0,"ocean_menu_typo_spacing_mobile":0,"ocean_menu_typo_spacing_unit":"","ocean_menu_link_color":"","ocean_menu_link_color_hover":"","ocean_menu_link_color_active":"","ocean_menu_link_background":"","ocean_menu_link_hover_background":"","ocean_menu_link_active_background":"","ocean_menu_social_links_bg":"","ocean_menu_social_hover_links_bg":"","ocean_menu_social_links_color":"","ocean_menu_social_hover_links_color":"","ocean_disable_title":"default","ocean_disable_heading":"default","ocean_post_title":"","ocean_post_subheading":"","ocean_post_title_style":"","ocean_post_title_background_color":"","ocean_post_title_background":0,"ocean_post_title_bg_image_position":"","ocean_post_title_bg_image_attachment":"","ocean_post_title_bg_image_repeat":"","ocean_post_title_bg_image_size":"","ocean_post_title_height":0,"ocean_post_title_bg_overlay":0.5,"ocean_post_title_bg_overlay_color":"","ocean_disable_breadcrumbs":"default","ocean_breadcrumbs_color":"","ocean_breadcrumbs_separator_color":"","ocean_breadcrumbs_links_color":"","ocean_breadcrumbs_links_hover_color":"","ocean_display_footer_widgets":"default","ocean_display_footer_bottom":"default","ocean_custom_footer_template":"","ocean_post_oembed":"","ocean_post_self_hosted_media":"","ocean_post_video_embed":"","ocean_link_format":"","ocean_link_format_target":"self","ocean_quote_format":"","ocean_quote_format_link":"post","ocean_gallery_link_images":"on","ocean_gallery_id":[],"footnotes":""},"categories":[457,461,459,463,455],"tags":[124],"class_list":["post-4726","post","type-post","status-publish","format-standard","has-post-thumbnail","hentry","category-adicciones","category-alteraciones-neurobiologicas","category-automedicacion","category-estres-postraumatico","category-trauma","tag-forum-girona","entry","has-media"],"yoast_head":"<!-- This site is optimized with the Yoast SEO plugin v27.5 - https:\/\/yoast.com\/product\/yoast-seo-wordpress\/ -->\n<title>El v\u00ednculo entre el trauma y las adicciones - Forum Salud Mental Girona<\/title>\n<meta name=\"description\" content=\"La relaci\u00f3n entre el trauma y la adicci\u00f3n es clave para un tratamiento efectivo. En Forum Salud Mental Girona abordamos ambos para resultados duraderos y el bienestar del paciente.\" \/>\n<meta name=\"robots\" content=\"index, follow, max-snippet:-1, max-image-preview:large, max-video-preview:-1\" \/>\n<link rel=\"canonical\" href=\"https:\/\/forummontau.com\/girona\/el-vinculo-entre-el-trauma-y-las-adicciones\/\" \/>\n<meta property=\"og:locale\" content=\"es_ES\" \/>\n<meta property=\"og:type\" content=\"article\" \/>\n<meta property=\"og:title\" content=\"El v\u00ednculo entre el trauma y las adicciones - Forum Salud Mental Girona\" \/>\n<meta property=\"og:description\" content=\"La relaci\u00f3n entre el trauma y la adicci\u00f3n es clave para un tratamiento efectivo. En Forum Salud Mental Girona abordamos ambos para resultados duraderos y el bienestar del paciente.\" \/>\n<meta property=\"og:url\" content=\"https:\/\/forummontau.com\/girona\/el-vinculo-entre-el-trauma-y-las-adicciones\/\" \/>\n<meta property=\"og:site_name\" content=\"Forum Salud Mental Girona\" \/>\n<meta property=\"article:published_time\" content=\"2024-07-04T14:42:15+00:00\" \/>\n<meta property=\"article:modified_time\" content=\"2024-07-04T14:42:18+00:00\" \/>\n<meta property=\"og:image\" content=\"https:\/\/forummontau.com\/girona\/wp-content\/uploads\/sites\/6\/2024\/07\/trauma-adicciones.webp\" \/>\n\t<meta property=\"og:image:width\" content=\"1000\" \/>\n\t<meta property=\"og:image:height\" content=\"667\" \/>\n\t<meta property=\"og:image:type\" content=\"image\/webp\" \/>\n<meta name=\"author\" content=\"Forum Salud Mental Madrid\" \/>\n<meta name=\"twitter:card\" content=\"summary_large_image\" \/>\n<meta name=\"twitter:label1\" content=\"Escrito por\" \/>\n\t<meta name=\"twitter:data1\" content=\"Forum Salud Mental Madrid\" \/>\n\t<meta name=\"twitter:label2\" content=\"Tiempo de lectura\" \/>\n\t<meta name=\"twitter:data2\" content=\"3 minutos\" \/>\n<script type=\"application\/ld+json\" class=\"yoast-schema-graph\">{\"@context\":\"https:\\\/\\\/schema.org\",\"@graph\":[{\"@type\":\"Article\",\"@id\":\"https:\\\/\\\/forummontau.com\\\/girona\\\/el-vinculo-entre-el-trauma-y-las-adicciones\\\/#article\",\"isPartOf\":{\"@id\":\"https:\\\/\\\/forummontau.com\\\/girona\\\/el-vinculo-entre-el-trauma-y-las-adicciones\\\/\"},\"author\":{\"name\":\"Forum Salud Mental Madrid\",\"@id\":\"https:\\\/\\\/forummontau.com\\\/girona\\\/#\\\/schema\\\/person\\\/dd79fa1c0ba733edd439998f9d7f5e25\"},\"headline\":\"El v\u00ednculo entre el trauma y las adicciones\",\"datePublished\":\"2024-07-04T14:42:15+00:00\",\"dateModified\":\"2024-07-04T14:42:18+00:00\",\"mainEntityOfPage\":{\"@id\":\"https:\\\/\\\/forummontau.com\\\/girona\\\/el-vinculo-entre-el-trauma-y-las-adicciones\\\/\"},\"wordCount\":656,\"publisher\":{\"@id\":\"https:\\\/\\\/forummontau.com\\\/girona\\\/#organization\"},\"image\":{\"@id\":\"https:\\\/\\\/forummontau.com\\\/girona\\\/el-vinculo-entre-el-trauma-y-las-adicciones\\\/#primaryimage\"},\"thumbnailUrl\":\"https:\\\/\\\/forummontau.com\\\/girona\\\/wp-content\\\/uploads\\\/sites\\\/6\\\/2024\\\/07\\\/trauma-adicciones.webp\",\"keywords\":[\"Forum Girona\"],\"articleSection\":[\"Adicciones\",\"Alteraciones neurobiol\u00f3gicas\",\"Automedicaci\u00f3n\",\"estr\u00e9s postraum\u00e1tico\",\"Trauma\"],\"inLanguage\":\"es\"},{\"@type\":\"WebPage\",\"@id\":\"https:\\\/\\\/forummontau.com\\\/girona\\\/el-vinculo-entre-el-trauma-y-las-adicciones\\\/\",\"url\":\"https:\\\/\\\/forummontau.com\\\/girona\\\/el-vinculo-entre-el-trauma-y-las-adicciones\\\/\",\"name\":\"El v\u00ednculo entre el trauma y las adicciones - Forum Salud Mental Girona\",\"isPartOf\":{\"@id\":\"https:\\\/\\\/forummontau.com\\\/girona\\\/#website\"},\"primaryImageOfPage\":{\"@id\":\"https:\\\/\\\/forummontau.com\\\/girona\\\/el-vinculo-entre-el-trauma-y-las-adicciones\\\/#primaryimage\"},\"image\":{\"@id\":\"https:\\\/\\\/forummontau.com\\\/girona\\\/el-vinculo-entre-el-trauma-y-las-adicciones\\\/#primaryimage\"},\"thumbnailUrl\":\"https:\\\/\\\/forummontau.com\\\/girona\\\/wp-content\\\/uploads\\\/sites\\\/6\\\/2024\\\/07\\\/trauma-adicciones.webp\",\"datePublished\":\"2024-07-04T14:42:15+00:00\",\"dateModified\":\"2024-07-04T14:42:18+00:00\",\"description\":\"La relaci\u00f3n entre el trauma y la adicci\u00f3n es clave para un tratamiento efectivo. En Forum Salud Mental Girona abordamos ambos para resultados duraderos y el bienestar del paciente.\",\"breadcrumb\":{\"@id\":\"https:\\\/\\\/forummontau.com\\\/girona\\\/el-vinculo-entre-el-trauma-y-las-adicciones\\\/#breadcrumb\"},\"inLanguage\":\"es\",\"potentialAction\":[{\"@type\":\"ReadAction\",\"target\":[\"https:\\\/\\\/forummontau.com\\\/girona\\\/el-vinculo-entre-el-trauma-y-las-adicciones\\\/\"]}]},{\"@type\":\"ImageObject\",\"inLanguage\":\"es\",\"@id\":\"https:\\\/\\\/forummontau.com\\\/girona\\\/el-vinculo-entre-el-trauma-y-las-adicciones\\\/#primaryimage\",\"url\":\"https:\\\/\\\/forummontau.com\\\/girona\\\/wp-content\\\/uploads\\\/sites\\\/6\\\/2024\\\/07\\\/trauma-adicciones.webp\",\"contentUrl\":\"https:\\\/\\\/forummontau.com\\\/girona\\\/wp-content\\\/uploads\\\/sites\\\/6\\\/2024\\\/07\\\/trauma-adicciones.webp\",\"width\":1000,\"height\":667},{\"@type\":\"BreadcrumbList\",\"@id\":\"https:\\\/\\\/forummontau.com\\\/girona\\\/el-vinculo-entre-el-trauma-y-las-adicciones\\\/#breadcrumb\",\"itemListElement\":[{\"@type\":\"ListItem\",\"position\":1,\"name\":\"Portada\",\"item\":\"https:\\\/\\\/forummontau.com\\\/girona\\\/centre-desintoxicacio-i-addiccions-girona\\\/\"},{\"@type\":\"ListItem\",\"position\":2,\"name\":\"El v\u00ednculo entre el trauma y las adicciones\"}]},{\"@type\":\"WebSite\",\"@id\":\"https:\\\/\\\/forummontau.com\\\/girona\\\/#website\",\"url\":\"https:\\\/\\\/forummontau.com\\\/girona\\\/\",\"name\":\"Forum Salud Mental Girona\",\"description\":\"Centro de Desintoxicaci\u00f3n y Adicciones en Girona\",\"publisher\":{\"@id\":\"https:\\\/\\\/forummontau.com\\\/girona\\\/#organization\"},\"potentialAction\":[{\"@type\":\"SearchAction\",\"target\":{\"@type\":\"EntryPoint\",\"urlTemplate\":\"https:\\\/\\\/forummontau.com\\\/girona\\\/?s={search_term_string}\"},\"query-input\":{\"@type\":\"PropertyValueSpecification\",\"valueRequired\":true,\"valueName\":\"search_term_string\"}}],\"inLanguage\":\"es\"},{\"@type\":\"Organization\",\"@id\":\"https:\\\/\\\/forummontau.com\\\/girona\\\/#organization\",\"name\":\"Forum Salud Mental Girona\",\"url\":\"https:\\\/\\\/forummontau.com\\\/girona\\\/\",\"logo\":{\"@type\":\"ImageObject\",\"inLanguage\":\"es\",\"@id\":\"https:\\\/\\\/forummontau.com\\\/girona\\\/#\\\/schema\\\/logo\\\/image\\\/\",\"url\":\"https:\\\/\\\/forummontau.com\\\/girona\\\/wp-content\\\/uploads\\\/sites\\\/6\\\/2020\\\/02\\\/girona_forum.png\",\"contentUrl\":\"https:\\\/\\\/forummontau.com\\\/girona\\\/wp-content\\\/uploads\\\/sites\\\/6\\\/2020\\\/02\\\/girona_forum.png\",\"width\":215,\"height\":119,\"caption\":\"Forum Salud Mental Girona\"},\"image\":{\"@id\":\"https:\\\/\\\/forummontau.com\\\/girona\\\/#\\\/schema\\\/logo\\\/image\\\/\"}},{\"@type\":\"Person\",\"@id\":\"https:\\\/\\\/forummontau.com\\\/girona\\\/#\\\/schema\\\/person\\\/dd79fa1c0ba733edd439998f9d7f5e25\",\"name\":\"Forum Salud Mental Madrid\"}]}<\/script>\n<!-- \/ Yoast SEO plugin. -->","yoast_head_json":{"title":"El v\u00ednculo entre el trauma y las adicciones - Forum Salud Mental Girona","description":"La relaci\u00f3n entre el trauma y la adicci\u00f3n es clave para un tratamiento efectivo. En Forum Salud Mental Girona abordamos ambos para resultados duraderos y el bienestar del paciente.","robots":{"index":"index","follow":"follow","max-snippet":"max-snippet:-1","max-image-preview":"max-image-preview:large","max-video-preview":"max-video-preview:-1"},"canonical":"https:\/\/forummontau.com\/girona\/el-vinculo-entre-el-trauma-y-las-adicciones\/","og_locale":"es_ES","og_type":"article","og_title":"El v\u00ednculo entre el trauma y las adicciones - Forum Salud Mental Girona","og_description":"La relaci\u00f3n entre el trauma y la adicci\u00f3n es clave para un tratamiento efectivo. En Forum Salud Mental Girona abordamos ambos para resultados duraderos y el bienestar del paciente.","og_url":"https:\/\/forummontau.com\/girona\/el-vinculo-entre-el-trauma-y-las-adicciones\/","og_site_name":"Forum Salud Mental Girona","article_published_time":"2024-07-04T14:42:15+00:00","article_modified_time":"2024-07-04T14:42:18+00:00","og_image":[{"width":1000,"height":667,"url":"https:\/\/forummontau.com\/girona\/wp-content\/uploads\/sites\/6\/2024\/07\/trauma-adicciones.webp","type":"image\/webp"}],"author":"Forum Salud Mental Madrid","twitter_card":"summary_large_image","twitter_misc":{"Escrito por":"Forum Salud Mental Madrid","Tiempo de lectura":"3 minutos"},"schema":{"@context":"https:\/\/schema.org","@graph":[{"@type":"Article","@id":"https:\/\/forummontau.com\/girona\/el-vinculo-entre-el-trauma-y-las-adicciones\/#article","isPartOf":{"@id":"https:\/\/forummontau.com\/girona\/el-vinculo-entre-el-trauma-y-las-adicciones\/"},"author":{"name":"Forum Salud Mental Madrid","@id":"https:\/\/forummontau.com\/girona\/#\/schema\/person\/dd79fa1c0ba733edd439998f9d7f5e25"},"headline":"El v\u00ednculo entre el trauma y las adicciones","datePublished":"2024-07-04T14:42:15+00:00","dateModified":"2024-07-04T14:42:18+00:00","mainEntityOfPage":{"@id":"https:\/\/forummontau.com\/girona\/el-vinculo-entre-el-trauma-y-las-adicciones\/"},"wordCount":656,"publisher":{"@id":"https:\/\/forummontau.com\/girona\/#organization"},"image":{"@id":"https:\/\/forummontau.com\/girona\/el-vinculo-entre-el-trauma-y-las-adicciones\/#primaryimage"},"thumbnailUrl":"https:\/\/forummontau.com\/girona\/wp-content\/uploads\/sites\/6\/2024\/07\/trauma-adicciones.webp","keywords":["Forum Girona"],"articleSection":["Adicciones","Alteraciones neurobiol\u00f3gicas","Automedicaci\u00f3n","estr\u00e9s postraum\u00e1tico","Trauma"],"inLanguage":"es"},{"@type":"WebPage","@id":"https:\/\/forummontau.com\/girona\/el-vinculo-entre-el-trauma-y-las-adicciones\/","url":"https:\/\/forummontau.com\/girona\/el-vinculo-entre-el-trauma-y-las-adicciones\/","name":"El v\u00ednculo entre el trauma y las adicciones - Forum Salud Mental Girona","isPartOf":{"@id":"https:\/\/forummontau.com\/girona\/#website"},"primaryImageOfPage":{"@id":"https:\/\/forummontau.com\/girona\/el-vinculo-entre-el-trauma-y-las-adicciones\/#primaryimage"},"image":{"@id":"https:\/\/forummontau.com\/girona\/el-vinculo-entre-el-trauma-y-las-adicciones\/#primaryimage"},"thumbnailUrl":"https:\/\/forummontau.com\/girona\/wp-content\/uploads\/sites\/6\/2024\/07\/trauma-adicciones.webp","datePublished":"2024-07-04T14:42:15+00:00","dateModified":"2024-07-04T14:42:18+00:00","description":"La relaci\u00f3n entre el trauma y la adicci\u00f3n es clave para un tratamiento efectivo. En Forum Salud Mental Girona abordamos ambos para resultados duraderos y el bienestar del paciente.","breadcrumb":{"@id":"https:\/\/forummontau.com\/girona\/el-vinculo-entre-el-trauma-y-las-adicciones\/#breadcrumb"},"inLanguage":"es","potentialAction":[{"@type":"ReadAction","target":["https:\/\/forummontau.com\/girona\/el-vinculo-entre-el-trauma-y-las-adicciones\/"]}]},{"@type":"ImageObject","inLanguage":"es","@id":"https:\/\/forummontau.com\/girona\/el-vinculo-entre-el-trauma-y-las-adicciones\/#primaryimage","url":"https:\/\/forummontau.com\/girona\/wp-content\/uploads\/sites\/6\/2024\/07\/trauma-adicciones.webp","contentUrl":"https:\/\/forummontau.com\/girona\/wp-content\/uploads\/sites\/6\/2024\/07\/trauma-adicciones.webp","width":1000,"height":667},{"@type":"BreadcrumbList","@id":"https:\/\/forummontau.com\/girona\/el-vinculo-entre-el-trauma-y-las-adicciones\/#breadcrumb","itemListElement":[{"@type":"ListItem","position":1,"name":"Portada","item":"https:\/\/forummontau.com\/girona\/centre-desintoxicacio-i-addiccions-girona\/"},{"@type":"ListItem","position":2,"name":"El v\u00ednculo entre el trauma y las adicciones"}]},{"@type":"WebSite","@id":"https:\/\/forummontau.com\/girona\/#website","url":"https:\/\/forummontau.com\/girona\/","name":"Forum Salud Mental Girona","description":"Centro de Desintoxicaci\u00f3n y Adicciones en Girona","publisher":{"@id":"https:\/\/forummontau.com\/girona\/#organization"},"potentialAction":[{"@type":"SearchAction","target":{"@type":"EntryPoint","urlTemplate":"https:\/\/forummontau.com\/girona\/?s={search_term_string}"},"query-input":{"@type":"PropertyValueSpecification","valueRequired":true,"valueName":"search_term_string"}}],"inLanguage":"es"},{"@type":"Organization","@id":"https:\/\/forummontau.com\/girona\/#organization","name":"Forum Salud Mental Girona","url":"https:\/\/forummontau.com\/girona\/","logo":{"@type":"ImageObject","inLanguage":"es","@id":"https:\/\/forummontau.com\/girona\/#\/schema\/logo\/image\/","url":"https:\/\/forummontau.com\/girona\/wp-content\/uploads\/sites\/6\/2020\/02\/girona_forum.png","contentUrl":"https:\/\/forummontau.com\/girona\/wp-content\/uploads\/sites\/6\/2020\/02\/girona_forum.png","width":215,"height":119,"caption":"Forum Salud Mental Girona"},"image":{"@id":"https:\/\/forummontau.com\/girona\/#\/schema\/logo\/image\/"}},{"@type":"Person","@id":"https:\/\/forummontau.com\/girona\/#\/schema\/person\/dd79fa1c0ba733edd439998f9d7f5e25","name":"Forum Salud Mental Madrid"}]}},"_links":{"self":[{"href":"https:\/\/forummontau.com\/girona\/wp-json\/wp\/v2\/posts\/4726","targetHints":{"allow":["GET"]}}],"collection":[{"href":"https:\/\/forummontau.com\/girona\/wp-json\/wp\/v2\/posts"}],"about":[{"href":"https:\/\/forummontau.com\/girona\/wp-json\/wp\/v2\/types\/post"}],"author":[{"embeddable":true,"href":"https:\/\/forummontau.com\/girona\/wp-json\/wp\/v2\/users\/2"}],"replies":[{"embeddable":true,"href":"https:\/\/forummontau.com\/girona\/wp-json\/wp\/v2\/comments?post=4726"}],"version-history":[{"count":1,"href":"https:\/\/forummontau.com\/girona\/wp-json\/wp\/v2\/posts\/4726\/revisions"}],"predecessor-version":[{"id":4728,"href":"https:\/\/forummontau.com\/girona\/wp-json\/wp\/v2\/posts\/4726\/revisions\/4728"}],"wp:featuredmedia":[{"embeddable":true,"href":"https:\/\/forummontau.com\/girona\/wp-json\/wp\/v2\/media\/4727"}],"wp:attachment":[{"href":"https:\/\/forummontau.com\/girona\/wp-json\/wp\/v2\/media?parent=4726"}],"wp:term":[{"taxonomy":"category","embeddable":true,"href":"https:\/\/forummontau.com\/girona\/wp-json\/wp\/v2\/categories?post=4726"},{"taxonomy":"post_tag","embeddable":true,"href":"https:\/\/forummontau.com\/girona\/wp-json\/wp\/v2\/tags?post=4726"}],"curies":[{"name":"wp","href":"https:\/\/api.w.org\/{rel}","templated":true}]}}