{"id":4729,"date":"2024-07-04T14:50:07","date_gmt":"2024-07-04T14:50:07","guid":{"rendered":"https:\/\/forumgirona.cat\/?p=4729"},"modified":"2024-07-04T14:50:10","modified_gmt":"2024-07-04T14:50:10","slug":"el-vincle-entre-el-trauma-i-les-addiccions","status":"publish","type":"post","link":"https:\/\/forummontau.com\/girona\/el-vincle-entre-el-trauma-i-les-addiccions\/","title":{"rendered":"El vincle entre el trauma i les addiccions"},"content":{"rendered":"\n<p>Durant les darreres dues d\u00e8cades, la relaci\u00f3 entre el trauma i les addiccions ha estat un focus important de recerca en el camp de la psicologia i la psiquiatria. Comprendre com experi\u00e8ncies traum\u00e0tiques poden influir en el desenvolupament de conductes addictives \u00e9s essencial per millorar els tractaments i les estrat\u00e8gies de prevenci\u00f3.<\/p>\n\n\n\n<p>En aquest article, explorarem el vincle entre el trauma i les addiccions, revisant estudis clau i concloent amb implicacions pr\u00e0ctiques per a la intervenci\u00f3 i el tractament.<\/p>\n\n\n\n<h2 class=\"wp-block-heading\">La Naturalesa del Traume<\/h2>\n\n\n\n<p>El trauma es defineix com una experi\u00e8ncia profundament angoixant o pertorbadora que t\u00e9 efectes duradors en el benestar psicol\u00f2gic duna persona. Pot ser causat per una varietat d&#8217;esdeveniments, com ara ab\u00fas f\u00edsic o emocional, viol\u00e8ncia dom\u00e8stica, desastres naturals, accidents greus i experi\u00e8ncies de guerra, entre d&#8217;altres.<\/p>\n\n\n\n<h2 class=\"wp-block-heading\">Mecanismes de la Relaci\u00f3 entre Trauma i Addiccions<\/h2>\n\n\n\n<p>La relaci\u00f3 entre el trauma i les addiccions es pot entendre a trav\u00e9s de diversos mecanismes psicol\u00f2gics i biol\u00f2gics:<\/p>\n\n\n\n<p><strong>Automedicaci\u00f3<\/strong>: Moltes persones recorren a l&#8217;\u00fas de subst\u00e0ncies com una manera d&#8217;alleujar el patiment emocional i psicol\u00f2gic causat pel trauma. Aquesta teoria de l&#8217;automedicaci\u00f3 suggereix que el consum de drogues o alcohol pot servir com una estrat\u00e8gia d&#8217;afrontament per mitigar s\u00edmptomes com l&#8217;ansietat, la depressi\u00f3 i l&#8217;estr\u00e8s posttraum\u00e0tic (<a href=\"https:\/\/www.lasdrogas.info\/noticias\/socidrogalcohol-adicciones-comportamentales\/\" target=\"_blank\" rel=\"noreferrer noopener\">lasDrogas.info<\/a>)\u200b.<\/p>\n\n\n\n<p><strong>Alteracions Neurobiol\u00f2giques<\/strong>: El trauma pot causar canvis significatius al cervell, particularment a les \u00e0rees responsables de l&#8217;estr\u00e8s i la recompensa. Estudis han demostrat que l&#8217;estr\u00e8s cr\u00f2nic i el trauma poden alterar la funci\u00f3 de l&#8217;eix hipot\u00e0lem-hip\u00f2fisi-adrenal (HHA), augmentant la vulnerabilitat al desenvolupament d&#8217;addiccions (<a href=\"https:\/\/socidrogalcohol.org\/socidrogalcohol-lanza-una-guia-sobre-adicciones-comportamentales\/\" target=\"_blank\" rel=\"noreferrer noopener\">Socidrogalcohol<\/a>)\u200b.<\/p>\n\n\n\n<p><strong>Comorbiditat Psiqui\u00e0trica<\/strong>: Les persones que han experimentat trauma tenen un risc m\u00e9s gran de desenvolupar trastorns psiqui\u00e0trics com el trastorn d&#8217;estr\u00e8s posttraum\u00e0tic (TEPT), trastorns d&#8217;ansietat i depressius. Aquests trastorns, al seu torn, augmenten la probabilitat que les persones recorrin a l&#8217;\u00fas de subst\u00e0ncies com una forma de maneig dels s\u00edmptomes (<a href=\"https:\/\/www.lasdrogas.info\/noticias\/socidrogalcohol-adicciones-comportamentales\/\" target=\"_blank\" rel=\"noreferrer noopener\">lasDrogas.info<\/a>)\u200b\u200b (<a href=\"https:\/\/socidrogalcohol.org\/socidrogalcohol-lanza-una-guia-sobre-adicciones-comportamentales\/\" target=\"_blank\" rel=\"noreferrer noopener\">Socidrogalcohol<\/a>)\u200b.<\/p>\n\n\n\n<h2 class=\"wp-block-heading\">Estudis rellevants<\/h2>\n\n\n\n<p><strong>Estudi d&#8217;Adverse Childhood Experiences (ACE)<\/strong>: Un dels estudis m\u00e9s influents en aquest camp \u00e9s l&#8217;estudi ACE, que va trobar una correlaci\u00f3 directa entre el nombre d&#8217;experi\u00e8ncies adverses a la inf\u00e0ncia i el risc de desenvolupar conductes addictives a l&#8217;adultesa. Els individus amb altes puntuacions ACE tenien significativament m\u00e9s probabilitats d&#8217;involucrar-se en el consum de subst\u00e0ncies i altres conductes de risc (<a href=\"https:\/\/psiquiatria.com\/psicologia-general\/socidrogalcohol-lanza-una-guia-de-adicciones-comportamentales-incluyendo-el-juego-la-tecnologia-o-el-sexo\" target=\"_blank\" rel=\"noreferrer noopener\">Psiquiatr\u00eda<\/a>).<\/p>\n\n\n\n<p><strong>Investigaci\u00f3 de la Universitat de Calif\u00f2rnia, Los Angeles (UCLA)<\/strong>: Un estudi realitzat per investigadors de UCLA va trobar que les persones amb TEPT tenien un risc molt m\u00e9s gran d&#8217;ab\u00fas de subst\u00e0ncies en comparaci\u00f3 amb aquells sense TEPT. Aquest estudi tamb\u00e9 va suggerir que els tractaments que aborden tant el TEPT com l&#8217;addicci\u00f3 de manera simult\u00e0nia s\u00f3n m\u00e9s efectius que aquells que tracten aquests trastorns per separat  (<a href=\"https:\/\/www.lasdrogas.info\/noticias\/socidrogalcohol-adicciones-comportamentales\/\" target=\"_blank\" rel=\"noreferrer noopener\">lasDrogas.info<\/a>)\u200b.<\/p>\n\n\n\n<p><strong>Metaan\u00e0lisi sobre Trauma i Addiccions<\/strong>: Una metaan\u00e0lisi de diversos estudis va trobar que les intervencions basades en el trauma, com la Ter\u00e0pia de Processament Cognitiu i la Ter\u00e0pia d&#8217;Exposici\u00f3 Perllongada, s\u00f3n efectives per reduir els s\u00edmptomes del TEPT i disminuir el consum de subst\u00e0ncies (<a href=\"https:\/\/socidrogalcohol.org\/socidrogalcohol-lanza-una-guia-sobre-adicciones-comportamentales\/\" target=\"_blank\" rel=\"noreferrer noopener\">Socidrogalcohol<\/a>)\u200b.<\/p>\n\n\n\n<h2 class=\"wp-block-heading\">Tractament Integral de l&#8217;Adicci\u00f3 i el Trauma<\/h2>\n\n\n\n<p>A Forum Salut Mental Girona, oferim una atenci\u00f3 completa i efectiva tant del trauma com l&#8217;addicci\u00f3 assegurant el benestar complet del pacient. La investigaci\u00f3 ha demostrat que abordar simult\u00e0niament els dos trastorns \u00e9s crucial per aconseguir una recuperaci\u00f3 sostenible.<\/p>\n\n\n\n<p>El m\u00e8tode integral de Forum Girona permet abordar les causes profundes del comportament addictiu i proporciona eines per fer servir els desencadenants del trauma, creant una base s\u00f2lida per a una recuperaci\u00f3 a llarg termini.<\/p>\n","protected":false},"excerpt":{"rendered":"<p>Durant les darreres dues d\u00e8cades, la relaci\u00f3 entre el trauma i les addiccions ha estat un focus important de recerca en el camp de la psicologia i la psiquiatria. Comprendre com experi\u00e8ncies traum\u00e0tiques poden influir en el desenvolupament de conductes addictives \u00e9s essencial per millorar els tractaments i les estrat\u00e8gies de prevenci\u00f3. En aquest article, [&hellip;]<\/p>\n","protected":false},"author":2,"featured_media":4727,"comment_status":"closed","ping_status":"closed","sticky":false,"template":"","format":"standard","meta":{"ocean_post_layout":"","ocean_both_sidebars_style":"","ocean_both_sidebars_content_width":0,"ocean_both_sidebars_sidebars_width":0,"ocean_sidebar":"","ocean_second_sidebar":"","ocean_disable_margins":"enable","ocean_add_body_class":"","ocean_shortcode_before_top_bar":"","ocean_shortcode_after_top_bar":"","ocean_shortcode_before_header":"","ocean_shortcode_after_header":"","ocean_has_shortcode":"","ocean_shortcode_after_title":"","ocean_shortcode_before_footer_widgets":"","ocean_shortcode_after_footer_widgets":"","ocean_shortcode_before_footer_bottom":"","ocean_shortcode_after_footer_bottom":"","ocean_display_top_bar":"default","ocean_display_header":"default","ocean_header_style":"","ocean_center_header_left_menu":"","ocean_custom_header_template":"","ocean_custom_logo":0,"ocean_custom_retina_logo":0,"ocean_custom_logo_max_width":0,"ocean_custom_logo_tablet_max_width":0,"ocean_custom_logo_mobile_max_width":0,"ocean_custom_logo_max_height":0,"ocean_custom_logo_tablet_max_height":0,"ocean_custom_logo_mobile_max_height":0,"ocean_header_custom_menu":"","ocean_menu_typo_font_family":"","ocean_menu_typo_font_subset":"","ocean_menu_typo_font_size":0,"ocean_menu_typo_font_size_tablet":0,"ocean_menu_typo_font_size_mobile":0,"ocean_menu_typo_font_size_unit":"px","ocean_menu_typo_font_weight":"","ocean_menu_typo_font_weight_tablet":"","ocean_menu_typo_font_weight_mobile":"","ocean_menu_typo_transform":"","ocean_menu_typo_transform_tablet":"","ocean_menu_typo_transform_mobile":"","ocean_menu_typo_line_height":0,"ocean_menu_typo_line_height_tablet":0,"ocean_menu_typo_line_height_mobile":0,"ocean_menu_typo_line_height_unit":"","ocean_menu_typo_spacing":0,"ocean_menu_typo_spacing_tablet":0,"ocean_menu_typo_spacing_mobile":0,"ocean_menu_typo_spacing_unit":"","ocean_menu_link_color":"","ocean_menu_link_color_hover":"","ocean_menu_link_color_active":"","ocean_menu_link_background":"","ocean_menu_link_hover_background":"","ocean_menu_link_active_background":"","ocean_menu_social_links_bg":"","ocean_menu_social_hover_links_bg":"","ocean_menu_social_links_color":"","ocean_menu_social_hover_links_color":"","ocean_disable_title":"default","ocean_disable_heading":"default","ocean_post_title":"","ocean_post_subheading":"","ocean_post_title_style":"","ocean_post_title_background_color":"","ocean_post_title_background":0,"ocean_post_title_bg_image_position":"","ocean_post_title_bg_image_attachment":"","ocean_post_title_bg_image_repeat":"","ocean_post_title_bg_image_size":"","ocean_post_title_height":0,"ocean_post_title_bg_overlay":0.5,"ocean_post_title_bg_overlay_color":"","ocean_disable_breadcrumbs":"default","ocean_breadcrumbs_color":"","ocean_breadcrumbs_separator_color":"","ocean_breadcrumbs_links_color":"","ocean_breadcrumbs_links_hover_color":"","ocean_display_footer_widgets":"default","ocean_display_footer_bottom":"default","ocean_custom_footer_template":"","ocean_post_oembed":"","ocean_post_self_hosted_media":"","ocean_post_video_embed":"","ocean_link_format":"","ocean_link_format_target":"self","ocean_quote_format":"","ocean_quote_format_link":"post","ocean_gallery_link_images":"on","ocean_gallery_id":[],"footnotes":""},"categories":[49,468,470,473],"tags":[129],"class_list":["post-4729","post","type-post","status-publish","format-standard","has-post-thumbnail","hentry","category-addiccio","category-alteracions-neurobiologiques","category-automedicacio","category-trauma-ca","tag-forum-girona-ca","entry","has-media"],"yoast_head":"<!-- This site is optimized with the Yoast SEO plugin v27.5 - https:\/\/yoast.com\/product\/yoast-seo-wordpress\/ -->\n<title>El vincle entre el trauma i les addiccions - Forum Salud Mental Girona<\/title>\n<meta name=\"description\" content=\"La relaci\u00f3n entre el trauma y la adicci\u00f3n es clave para un tratamiento efectivo. En Forum Salud Mental Girona abordamos ambos para resultados duraderos y el bienestar del paciente.\" \/>\n<meta name=\"robots\" content=\"index, follow, max-snippet:-1, max-image-preview:large, max-video-preview:-1\" \/>\n<link rel=\"canonical\" href=\"https:\/\/forummontau.com\/girona\/el-vincle-entre-el-trauma-i-les-addiccions\/\" \/>\n<meta property=\"og:locale\" content=\"es_ES\" \/>\n<meta property=\"og:type\" content=\"article\" \/>\n<meta property=\"og:title\" content=\"El vincle entre el trauma i les addiccions - Forum Salud Mental Girona\" \/>\n<meta property=\"og:description\" content=\"La relaci\u00f3n entre el trauma y la adicci\u00f3n es clave para un tratamiento efectivo. En Forum Salud Mental Girona abordamos ambos para resultados duraderos y el bienestar del paciente.\" \/>\n<meta property=\"og:url\" content=\"https:\/\/forummontau.com\/girona\/el-vincle-entre-el-trauma-i-les-addiccions\/\" \/>\n<meta property=\"og:site_name\" content=\"Forum Salud Mental Girona\" \/>\n<meta property=\"article:published_time\" content=\"2024-07-04T14:50:07+00:00\" \/>\n<meta property=\"article:modified_time\" content=\"2024-07-04T14:50:10+00:00\" \/>\n<meta property=\"og:image\" content=\"https:\/\/forummontau.com\/girona\/wp-content\/uploads\/sites\/6\/2024\/07\/trauma-adicciones.webp\" \/>\n\t<meta property=\"og:image:width\" content=\"1000\" \/>\n\t<meta property=\"og:image:height\" content=\"667\" \/>\n\t<meta property=\"og:image:type\" content=\"image\/webp\" \/>\n<meta name=\"author\" content=\"Forum Salud Mental Madrid\" \/>\n<meta name=\"twitter:card\" content=\"summary_large_image\" \/>\n<meta name=\"twitter:label1\" content=\"Escrito por\" \/>\n\t<meta name=\"twitter:data1\" content=\"Forum Salud Mental Madrid\" \/>\n\t<meta name=\"twitter:label2\" content=\"Tiempo de lectura\" \/>\n\t<meta name=\"twitter:data2\" content=\"3 minutos\" \/>\n<script type=\"application\/ld+json\" class=\"yoast-schema-graph\">{\"@context\":\"https:\\\/\\\/schema.org\",\"@graph\":[{\"@type\":\"Article\",\"@id\":\"https:\\\/\\\/forummontau.com\\\/girona\\\/el-vincle-entre-el-trauma-i-les-addiccions\\\/#article\",\"isPartOf\":{\"@id\":\"https:\\\/\\\/forummontau.com\\\/girona\\\/el-vincle-entre-el-trauma-i-les-addiccions\\\/\"},\"author\":{\"name\":\"Forum Salud Mental Madrid\",\"@id\":\"https:\\\/\\\/forummontau.com\\\/girona\\\/#\\\/schema\\\/person\\\/dd79fa1c0ba733edd439998f9d7f5e25\"},\"headline\":\"El vincle entre el trauma i les addiccions\",\"datePublished\":\"2024-07-04T14:50:07+00:00\",\"dateModified\":\"2024-07-04T14:50:10+00:00\",\"mainEntityOfPage\":{\"@id\":\"https:\\\/\\\/forummontau.com\\\/girona\\\/el-vincle-entre-el-trauma-i-les-addiccions\\\/\"},\"wordCount\":651,\"publisher\":{\"@id\":\"https:\\\/\\\/forummontau.com\\\/girona\\\/#organization\"},\"image\":{\"@id\":\"https:\\\/\\\/forummontau.com\\\/girona\\\/el-vincle-entre-el-trauma-i-les-addiccions\\\/#primaryimage\"},\"thumbnailUrl\":\"https:\\\/\\\/forummontau.com\\\/girona\\\/wp-content\\\/uploads\\\/sites\\\/6\\\/2024\\\/07\\\/trauma-adicciones.webp\",\"keywords\":[\"Forum Girona\"],\"articleSection\":[\"Addicci\u00f3\",\"Alteracions neurobiol\u00f2giques\",\"Automedicaci\u00f3\",\"Trauma\"],\"inLanguage\":\"es\"},{\"@type\":\"WebPage\",\"@id\":\"https:\\\/\\\/forummontau.com\\\/girona\\\/el-vincle-entre-el-trauma-i-les-addiccions\\\/\",\"url\":\"https:\\\/\\\/forummontau.com\\\/girona\\\/el-vincle-entre-el-trauma-i-les-addiccions\\\/\",\"name\":\"El vincle entre el trauma i les addiccions - Forum Salud Mental Girona\",\"isPartOf\":{\"@id\":\"https:\\\/\\\/forummontau.com\\\/girona\\\/#website\"},\"primaryImageOfPage\":{\"@id\":\"https:\\\/\\\/forummontau.com\\\/girona\\\/el-vincle-entre-el-trauma-i-les-addiccions\\\/#primaryimage\"},\"image\":{\"@id\":\"https:\\\/\\\/forummontau.com\\\/girona\\\/el-vincle-entre-el-trauma-i-les-addiccions\\\/#primaryimage\"},\"thumbnailUrl\":\"https:\\\/\\\/forummontau.com\\\/girona\\\/wp-content\\\/uploads\\\/sites\\\/6\\\/2024\\\/07\\\/trauma-adicciones.webp\",\"datePublished\":\"2024-07-04T14:50:07+00:00\",\"dateModified\":\"2024-07-04T14:50:10+00:00\",\"description\":\"La relaci\u00f3n entre el trauma y la adicci\u00f3n es clave para un tratamiento efectivo. En Forum Salud Mental Girona abordamos ambos para resultados duraderos y el bienestar del paciente.\",\"breadcrumb\":{\"@id\":\"https:\\\/\\\/forummontau.com\\\/girona\\\/el-vincle-entre-el-trauma-i-les-addiccions\\\/#breadcrumb\"},\"inLanguage\":\"es\",\"potentialAction\":[{\"@type\":\"ReadAction\",\"target\":[\"https:\\\/\\\/forummontau.com\\\/girona\\\/el-vincle-entre-el-trauma-i-les-addiccions\\\/\"]}]},{\"@type\":\"ImageObject\",\"inLanguage\":\"es\",\"@id\":\"https:\\\/\\\/forummontau.com\\\/girona\\\/el-vincle-entre-el-trauma-i-les-addiccions\\\/#primaryimage\",\"url\":\"https:\\\/\\\/forummontau.com\\\/girona\\\/wp-content\\\/uploads\\\/sites\\\/6\\\/2024\\\/07\\\/trauma-adicciones.webp\",\"contentUrl\":\"https:\\\/\\\/forummontau.com\\\/girona\\\/wp-content\\\/uploads\\\/sites\\\/6\\\/2024\\\/07\\\/trauma-adicciones.webp\",\"width\":1000,\"height\":667},{\"@type\":\"BreadcrumbList\",\"@id\":\"https:\\\/\\\/forummontau.com\\\/girona\\\/el-vincle-entre-el-trauma-i-les-addiccions\\\/#breadcrumb\",\"itemListElement\":[{\"@type\":\"ListItem\",\"position\":1,\"name\":\"Portada\",\"item\":\"https:\\\/\\\/forummontau.com\\\/girona\\\/centre-desintoxicacio-i-addiccions-girona\\\/\"},{\"@type\":\"ListItem\",\"position\":2,\"name\":\"El vincle entre el trauma i les addiccions\"}]},{\"@type\":\"WebSite\",\"@id\":\"https:\\\/\\\/forummontau.com\\\/girona\\\/#website\",\"url\":\"https:\\\/\\\/forummontau.com\\\/girona\\\/\",\"name\":\"Forum Salud Mental Girona\",\"description\":\"Centro de Desintoxicaci\u00f3n y Adicciones en Girona\",\"publisher\":{\"@id\":\"https:\\\/\\\/forummontau.com\\\/girona\\\/#organization\"},\"potentialAction\":[{\"@type\":\"SearchAction\",\"target\":{\"@type\":\"EntryPoint\",\"urlTemplate\":\"https:\\\/\\\/forummontau.com\\\/girona\\\/?s={search_term_string}\"},\"query-input\":{\"@type\":\"PropertyValueSpecification\",\"valueRequired\":true,\"valueName\":\"search_term_string\"}}],\"inLanguage\":\"es\"},{\"@type\":\"Organization\",\"@id\":\"https:\\\/\\\/forummontau.com\\\/girona\\\/#organization\",\"name\":\"Forum Salud Mental Girona\",\"url\":\"https:\\\/\\\/forummontau.com\\\/girona\\\/\",\"logo\":{\"@type\":\"ImageObject\",\"inLanguage\":\"es\",\"@id\":\"https:\\\/\\\/forummontau.com\\\/girona\\\/#\\\/schema\\\/logo\\\/image\\\/\",\"url\":\"https:\\\/\\\/forummontau.com\\\/girona\\\/wp-content\\\/uploads\\\/sites\\\/6\\\/2020\\\/02\\\/girona_forum.png\",\"contentUrl\":\"https:\\\/\\\/forummontau.com\\\/girona\\\/wp-content\\\/uploads\\\/sites\\\/6\\\/2020\\\/02\\\/girona_forum.png\",\"width\":215,\"height\":119,\"caption\":\"Forum Salud Mental Girona\"},\"image\":{\"@id\":\"https:\\\/\\\/forummontau.com\\\/girona\\\/#\\\/schema\\\/logo\\\/image\\\/\"}},{\"@type\":\"Person\",\"@id\":\"https:\\\/\\\/forummontau.com\\\/girona\\\/#\\\/schema\\\/person\\\/dd79fa1c0ba733edd439998f9d7f5e25\",\"name\":\"Forum Salud Mental Madrid\"}]}<\/script>\n<!-- \/ Yoast SEO plugin. -->","yoast_head_json":{"title":"El vincle entre el trauma i les addiccions - Forum Salud Mental Girona","description":"La relaci\u00f3n entre el trauma y la adicci\u00f3n es clave para un tratamiento efectivo. En Forum Salud Mental Girona abordamos ambos para resultados duraderos y el bienestar del paciente.","robots":{"index":"index","follow":"follow","max-snippet":"max-snippet:-1","max-image-preview":"max-image-preview:large","max-video-preview":"max-video-preview:-1"},"canonical":"https:\/\/forummontau.com\/girona\/el-vincle-entre-el-trauma-i-les-addiccions\/","og_locale":"es_ES","og_type":"article","og_title":"El vincle entre el trauma i les addiccions - Forum Salud Mental Girona","og_description":"La relaci\u00f3n entre el trauma y la adicci\u00f3n es clave para un tratamiento efectivo. En Forum Salud Mental Girona abordamos ambos para resultados duraderos y el bienestar del paciente.","og_url":"https:\/\/forummontau.com\/girona\/el-vincle-entre-el-trauma-i-les-addiccions\/","og_site_name":"Forum Salud Mental Girona","article_published_time":"2024-07-04T14:50:07+00:00","article_modified_time":"2024-07-04T14:50:10+00:00","og_image":[{"width":1000,"height":667,"url":"https:\/\/forummontau.com\/girona\/wp-content\/uploads\/sites\/6\/2024\/07\/trauma-adicciones.webp","type":"image\/webp"}],"author":"Forum Salud Mental Madrid","twitter_card":"summary_large_image","twitter_misc":{"Escrito por":"Forum Salud Mental Madrid","Tiempo de lectura":"3 minutos"},"schema":{"@context":"https:\/\/schema.org","@graph":[{"@type":"Article","@id":"https:\/\/forummontau.com\/girona\/el-vincle-entre-el-trauma-i-les-addiccions\/#article","isPartOf":{"@id":"https:\/\/forummontau.com\/girona\/el-vincle-entre-el-trauma-i-les-addiccions\/"},"author":{"name":"Forum Salud Mental Madrid","@id":"https:\/\/forummontau.com\/girona\/#\/schema\/person\/dd79fa1c0ba733edd439998f9d7f5e25"},"headline":"El vincle entre el trauma i les addiccions","datePublished":"2024-07-04T14:50:07+00:00","dateModified":"2024-07-04T14:50:10+00:00","mainEntityOfPage":{"@id":"https:\/\/forummontau.com\/girona\/el-vincle-entre-el-trauma-i-les-addiccions\/"},"wordCount":651,"publisher":{"@id":"https:\/\/forummontau.com\/girona\/#organization"},"image":{"@id":"https:\/\/forummontau.com\/girona\/el-vincle-entre-el-trauma-i-les-addiccions\/#primaryimage"},"thumbnailUrl":"https:\/\/forummontau.com\/girona\/wp-content\/uploads\/sites\/6\/2024\/07\/trauma-adicciones.webp","keywords":["Forum Girona"],"articleSection":["Addicci\u00f3","Alteracions neurobiol\u00f2giques","Automedicaci\u00f3","Trauma"],"inLanguage":"es"},{"@type":"WebPage","@id":"https:\/\/forummontau.com\/girona\/el-vincle-entre-el-trauma-i-les-addiccions\/","url":"https:\/\/forummontau.com\/girona\/el-vincle-entre-el-trauma-i-les-addiccions\/","name":"El vincle entre el trauma i les addiccions - Forum Salud Mental Girona","isPartOf":{"@id":"https:\/\/forummontau.com\/girona\/#website"},"primaryImageOfPage":{"@id":"https:\/\/forummontau.com\/girona\/el-vincle-entre-el-trauma-i-les-addiccions\/#primaryimage"},"image":{"@id":"https:\/\/forummontau.com\/girona\/el-vincle-entre-el-trauma-i-les-addiccions\/#primaryimage"},"thumbnailUrl":"https:\/\/forummontau.com\/girona\/wp-content\/uploads\/sites\/6\/2024\/07\/trauma-adicciones.webp","datePublished":"2024-07-04T14:50:07+00:00","dateModified":"2024-07-04T14:50:10+00:00","description":"La relaci\u00f3n entre el trauma y la adicci\u00f3n es clave para un tratamiento efectivo. En Forum Salud Mental Girona abordamos ambos para resultados duraderos y el bienestar del paciente.","breadcrumb":{"@id":"https:\/\/forummontau.com\/girona\/el-vincle-entre-el-trauma-i-les-addiccions\/#breadcrumb"},"inLanguage":"es","potentialAction":[{"@type":"ReadAction","target":["https:\/\/forummontau.com\/girona\/el-vincle-entre-el-trauma-i-les-addiccions\/"]}]},{"@type":"ImageObject","inLanguage":"es","@id":"https:\/\/forummontau.com\/girona\/el-vincle-entre-el-trauma-i-les-addiccions\/#primaryimage","url":"https:\/\/forummontau.com\/girona\/wp-content\/uploads\/sites\/6\/2024\/07\/trauma-adicciones.webp","contentUrl":"https:\/\/forummontau.com\/girona\/wp-content\/uploads\/sites\/6\/2024\/07\/trauma-adicciones.webp","width":1000,"height":667},{"@type":"BreadcrumbList","@id":"https:\/\/forummontau.com\/girona\/el-vincle-entre-el-trauma-i-les-addiccions\/#breadcrumb","itemListElement":[{"@type":"ListItem","position":1,"name":"Portada","item":"https:\/\/forummontau.com\/girona\/centre-desintoxicacio-i-addiccions-girona\/"},{"@type":"ListItem","position":2,"name":"El vincle entre el trauma i les addiccions"}]},{"@type":"WebSite","@id":"https:\/\/forummontau.com\/girona\/#website","url":"https:\/\/forummontau.com\/girona\/","name":"Forum Salud Mental Girona","description":"Centro de Desintoxicaci\u00f3n y Adicciones en Girona","publisher":{"@id":"https:\/\/forummontau.com\/girona\/#organization"},"potentialAction":[{"@type":"SearchAction","target":{"@type":"EntryPoint","urlTemplate":"https:\/\/forummontau.com\/girona\/?s={search_term_string}"},"query-input":{"@type":"PropertyValueSpecification","valueRequired":true,"valueName":"search_term_string"}}],"inLanguage":"es"},{"@type":"Organization","@id":"https:\/\/forummontau.com\/girona\/#organization","name":"Forum Salud Mental Girona","url":"https:\/\/forummontau.com\/girona\/","logo":{"@type":"ImageObject","inLanguage":"es","@id":"https:\/\/forummontau.com\/girona\/#\/schema\/logo\/image\/","url":"https:\/\/forummontau.com\/girona\/wp-content\/uploads\/sites\/6\/2020\/02\/girona_forum.png","contentUrl":"https:\/\/forummontau.com\/girona\/wp-content\/uploads\/sites\/6\/2020\/02\/girona_forum.png","width":215,"height":119,"caption":"Forum Salud Mental Girona"},"image":{"@id":"https:\/\/forummontau.com\/girona\/#\/schema\/logo\/image\/"}},{"@type":"Person","@id":"https:\/\/forummontau.com\/girona\/#\/schema\/person\/dd79fa1c0ba733edd439998f9d7f5e25","name":"Forum Salud Mental Madrid"}]}},"_links":{"self":[{"href":"https:\/\/forummontau.com\/girona\/wp-json\/wp\/v2\/posts\/4729","targetHints":{"allow":["GET"]}}],"collection":[{"href":"https:\/\/forummontau.com\/girona\/wp-json\/wp\/v2\/posts"}],"about":[{"href":"https:\/\/forummontau.com\/girona\/wp-json\/wp\/v2\/types\/post"}],"author":[{"embeddable":true,"href":"https:\/\/forummontau.com\/girona\/wp-json\/wp\/v2\/users\/2"}],"replies":[{"embeddable":true,"href":"https:\/\/forummontau.com\/girona\/wp-json\/wp\/v2\/comments?post=4729"}],"version-history":[{"count":2,"href":"https:\/\/forummontau.com\/girona\/wp-json\/wp\/v2\/posts\/4729\/revisions"}],"predecessor-version":[{"id":4731,"href":"https:\/\/forummontau.com\/girona\/wp-json\/wp\/v2\/posts\/4729\/revisions\/4731"}],"wp:featuredmedia":[{"embeddable":true,"href":"https:\/\/forummontau.com\/girona\/wp-json\/wp\/v2\/media\/4727"}],"wp:attachment":[{"href":"https:\/\/forummontau.com\/girona\/wp-json\/wp\/v2\/media?parent=4729"}],"wp:term":[{"taxonomy":"category","embeddable":true,"href":"https:\/\/forummontau.com\/girona\/wp-json\/wp\/v2\/categories?post=4729"},{"taxonomy":"post_tag","embeddable":true,"href":"https:\/\/forummontau.com\/girona\/wp-json\/wp\/v2\/tags?post=4729"}],"curies":[{"name":"wp","href":"https:\/\/api.w.org\/{rel}","templated":true}]}}