{"id":4800,"date":"2025-02-11T15:04:43","date_gmt":"2025-02-11T15:04:43","guid":{"rendered":"https:\/\/forumgirona.cat\/?p=4800"},"modified":"2025-02-11T15:58:15","modified_gmt":"2025-02-11T15:58:15","slug":"unidad-de-adicciones-comportamentales-psicologia-infantil-y-juvenil","status":"publish","type":"post","link":"https:\/\/forummontau.com\/girona\/unidad-de-adicciones-comportamentales-psicologia-infantil-y-juvenil\/","title":{"rendered":"Unidad de Adicciones Comportamentales: Psicolog\u00eda Infantil y Juvenil"},"content":{"rendered":"\n<h2 class=\"wp-block-heading\"><strong>El impacto de la tecnolog\u00eda en ni\u00f1os y adolescentes<\/strong><\/h2>\n\n\n\n<p>Las herramientas digitales han cambiado la forma en que interactuamos, aprendemos y nos entretenemos. Sin embargo, su uso excesivo o descontrolado puede suponer <strong>graves riesgos para la salud y el desarrollo de ni\u00f1os y adolescentes<\/strong>.<\/p>\n\n\n\n<p>En nuestra unidad especializada, nos preocupa c\u00f3mo el uso de pantallas afecta la <strong>neuromaduraci\u00f3n<\/strong> y el bienestar emocional en estas etapas de crecimiento.<\/p>\n\n\n\n<h2 class=\"wp-block-heading\"><strong>\u00bfCu\u00e1les son los riesgos de la exposici\u00f3n excesiva a las pantallas?<\/strong><\/h2>\n\n\n\n<p><strong>Cambios en la forma de relacionarse<\/strong> y dificultades en las habilidades sociales.<br><strong>Alteraciones en la atenci\u00f3n y la concentraci\u00f3n<\/strong>, afectando el rendimiento acad\u00e9mico.<br><strong>Problemas en la gesti\u00f3n de la sexualidad<\/strong> y aumento del consumo de pornograf\u00eda.<br><strong>Malestar emocional<\/strong>, como ansiedad, depresi\u00f3n o aislamiento social.<br><strong>Aumento de la violencia y los conflictos de convivencia<\/strong>.<\/p>\n\n\n\n<p>Diferentes estudios han demostrado que el tiempo excesivo frente a las pantallas puede afectar la <strong>neuroplasticidad cerebral<\/strong> y el desarrollo de las funciones ejecutivas, retrasando <strong>habilidades cognitivas, ling\u00fc\u00edsticas y psicosociales<\/strong>.<\/p>\n\n\n\n<h2 class=\"wp-block-heading\"><strong>\u00bfC\u00f3mo intervenimos?<\/strong><\/h2>\n\n\n\n<p>En nuestra unidad de psicolog\u00eda infantil y juvenil:<br>Ayudamos a ni\u00f1os y adolescentes que hacen un <strong>uso abusivo de las tecnolog\u00edas y los videojuegos<\/strong>.<br>Trabajamos para <strong>reducir los riesgos asociados a la adicci\u00f3n digital<\/strong>.<br><strong>Prevenimos e intervenimos en posibles trastornos de salud mental<\/strong> relacionados con el uso descontrolado de pantallas.<\/p>\n\n\n\n<p><strong>La prevenci\u00f3n es clave para garantizar un desarrollo sano y equilibrado. <\/strong><\/p>\n\n\n\n<p><strong>\u00a1Cont\u00e1ctanos para m\u00e1s informaci\u00f3n!<\/strong><\/p>\n","protected":false},"excerpt":{"rendered":"<p>El impacto de la tecnolog\u00eda en ni\u00f1os y adolescentes Las herramientas digitales han cambiado la forma en que interactuamos, aprendemos y nos entretenemos. Sin embargo, su uso excesivo o descontrolado puede suponer graves riesgos para la salud y el desarrollo de ni\u00f1os y adolescentes. En nuestra unidad especializada, nos preocupa c\u00f3mo el uso de pantallas [&hellip;]<\/p>\n","protected":false},"author":2,"featured_media":4803,"comment_status":"closed","ping_status":"closed","sticky":false,"template":"","format":"standard","meta":{"ocean_post_layout":"","ocean_both_sidebars_style":"","ocean_both_sidebars_content_width":0,"ocean_both_sidebars_sidebars_width":0,"ocean_sidebar":"","ocean_second_sidebar":"","ocean_disable_margins":"enable","ocean_add_body_class":"","ocean_shortcode_before_top_bar":"","ocean_shortcode_after_top_bar":"","ocean_shortcode_before_header":"","ocean_shortcode_after_header":"","ocean_has_shortcode":"","ocean_shortcode_after_title":"","ocean_shortcode_before_footer_widgets":"","ocean_shortcode_after_footer_widgets":"","ocean_shortcode_before_footer_bottom":"","ocean_shortcode_after_footer_bottom":"","ocean_display_top_bar":"default","ocean_display_header":"default","ocean_header_style":"","ocean_center_header_left_menu":"","ocean_custom_header_template":"","ocean_custom_logo":0,"ocean_custom_retina_logo":0,"ocean_custom_logo_max_width":0,"ocean_custom_logo_tablet_max_width":0,"ocean_custom_logo_mobile_max_width":0,"ocean_custom_logo_max_height":0,"ocean_custom_logo_tablet_max_height":0,"ocean_custom_logo_mobile_max_height":0,"ocean_header_custom_menu":"","ocean_menu_typo_font_family":"","ocean_menu_typo_font_subset":"","ocean_menu_typo_font_size":0,"ocean_menu_typo_font_size_tablet":0,"ocean_menu_typo_font_size_mobile":0,"ocean_menu_typo_font_size_unit":"px","ocean_menu_typo_font_weight":"","ocean_menu_typo_font_weight_tablet":"","ocean_menu_typo_font_weight_mobile":"","ocean_menu_typo_transform":"","ocean_menu_typo_transform_tablet":"","ocean_menu_typo_transform_mobile":"","ocean_menu_typo_line_height":0,"ocean_menu_typo_line_height_tablet":0,"ocean_menu_typo_line_height_mobile":0,"ocean_menu_typo_line_height_unit":"","ocean_menu_typo_spacing":0,"ocean_menu_typo_spacing_tablet":0,"ocean_menu_typo_spacing_mobile":0,"ocean_menu_typo_spacing_unit":"","ocean_menu_link_color":"","ocean_menu_link_color_hover":"","ocean_menu_link_color_active":"","ocean_menu_link_background":"","ocean_menu_link_hover_background":"","ocean_menu_link_active_background":"","ocean_menu_social_links_bg":"","ocean_menu_social_hover_links_bg":"","ocean_menu_social_links_color":"","ocean_menu_social_hover_links_color":"","ocean_disable_title":"default","ocean_disable_heading":"default","ocean_post_title":"","ocean_post_subheading":"","ocean_post_title_style":"","ocean_post_title_background_color":"","ocean_post_title_background":0,"ocean_post_title_bg_image_position":"","ocean_post_title_bg_image_attachment":"","ocean_post_title_bg_image_repeat":"","ocean_post_title_bg_image_size":"","ocean_post_title_height":0,"ocean_post_title_bg_overlay":0.5,"ocean_post_title_bg_overlay_color":"","ocean_disable_breadcrumbs":"default","ocean_breadcrumbs_color":"","ocean_breadcrumbs_separator_color":"","ocean_breadcrumbs_links_color":"","ocean_breadcrumbs_links_hover_color":"","ocean_display_footer_widgets":"default","ocean_display_footer_bottom":"default","ocean_custom_footer_template":"","ocean_post_oembed":"","ocean_post_self_hosted_media":"","ocean_post_video_embed":"","ocean_link_format":"","ocean_link_format_target":"self","ocean_quote_format":"","ocean_quote_format_link":"post","ocean_gallery_link_images":"on","ocean_gallery_id":[],"footnotes":""},"categories":[488,171],"tags":[124,182],"class_list":["post-4800","post","type-post","status-publish","format-standard","has-post-thumbnail","hentry","category-adicciones-infanto-juvenil","category-tecnologia","tag-forum-girona","tag-tratamiento-adicciones","entry","has-media"],"yoast_head":"<!-- This site is optimized with the Yoast SEO plugin v27.5 - https:\/\/yoast.com\/product\/yoast-seo-wordpress\/ -->\n<title>Unidad de Adicciones Comportamentales: Psicolog\u00eda Infantil y Juvenil - Forum Salud Mental Girona<\/title>\n<meta name=\"description\" content=\"\ud83d\udcf1\ud83e\udde0 En nuestro centro, ofrecemos prevenci\u00f3n y tratamiento para ni\u00f1os y j\u00f3venes con adicci\u00f3n a pantallas, videojuegos y nuevas tecnolog\u00edas. \u00a1Descubre c\u00f3mo podemos ayudarte!\" \/>\n<meta name=\"robots\" content=\"index, follow, max-snippet:-1, max-image-preview:large, max-video-preview:-1\" \/>\n<link rel=\"canonical\" href=\"https:\/\/forummontau.com\/girona\/unidad-de-adicciones-comportamentales-psicologia-infantil-y-juvenil\/\" \/>\n<meta property=\"og:locale\" content=\"es_ES\" \/>\n<meta property=\"og:type\" content=\"article\" \/>\n<meta property=\"og:title\" content=\"Unidad de Adicciones Comportamentales: Psicolog\u00eda Infantil y Juvenil - Forum Salud Mental Girona\" \/>\n<meta property=\"og:description\" content=\"\ud83d\udcf1\ud83e\udde0 En nuestro centro, ofrecemos prevenci\u00f3n y tratamiento para ni\u00f1os y j\u00f3venes con adicci\u00f3n a pantallas, videojuegos y nuevas tecnolog\u00edas. \u00a1Descubre c\u00f3mo podemos ayudarte!\" \/>\n<meta property=\"og:url\" content=\"https:\/\/forummontau.com\/girona\/unidad-de-adicciones-comportamentales-psicologia-infantil-y-juvenil\/\" \/>\n<meta property=\"og:site_name\" content=\"Forum Salud Mental Girona\" \/>\n<meta property=\"article:published_time\" content=\"2025-02-11T15:04:43+00:00\" \/>\n<meta property=\"article:modified_time\" content=\"2025-02-11T15:58:15+00:00\" \/>\n<meta property=\"og:image\" content=\"https:\/\/forummontau.com\/girona\/wp-content\/uploads\/sites\/6\/2025\/02\/adicciones-moviles-adolescentes.webp\" \/>\n\t<meta property=\"og:image:width\" content=\"1000\" \/>\n\t<meta property=\"og:image:height\" content=\"667\" \/>\n\t<meta property=\"og:image:type\" content=\"image\/webp\" \/>\n<meta name=\"author\" content=\"Forum Salud Mental Madrid\" \/>\n<meta name=\"twitter:card\" content=\"summary_large_image\" \/>\n<meta name=\"twitter:label1\" content=\"Escrito por\" \/>\n\t<meta name=\"twitter:data1\" content=\"Forum Salud Mental Madrid\" \/>\n\t<meta name=\"twitter:label2\" content=\"Tiempo de lectura\" \/>\n\t<meta name=\"twitter:data2\" content=\"2 minutos\" \/>\n<script type=\"application\/ld+json\" class=\"yoast-schema-graph\">{\"@context\":\"https:\\\/\\\/schema.org\",\"@graph\":[{\"@type\":\"Article\",\"@id\":\"https:\\\/\\\/forummontau.com\\\/girona\\\/unidad-de-adicciones-comportamentales-psicologia-infantil-y-juvenil\\\/#article\",\"isPartOf\":{\"@id\":\"https:\\\/\\\/forummontau.com\\\/girona\\\/unidad-de-adicciones-comportamentales-psicologia-infantil-y-juvenil\\\/\"},\"author\":{\"name\":\"Forum Salud Mental Madrid\",\"@id\":\"https:\\\/\\\/forummontau.com\\\/girona\\\/#\\\/schema\\\/person\\\/dd79fa1c0ba733edd439998f9d7f5e25\"},\"headline\":\"Unidad de Adicciones Comportamentales: Psicolog\u00eda Infantil y Juvenil\",\"datePublished\":\"2025-02-11T15:04:43+00:00\",\"dateModified\":\"2025-02-11T15:58:15+00:00\",\"mainEntityOfPage\":{\"@id\":\"https:\\\/\\\/forummontau.com\\\/girona\\\/unidad-de-adicciones-comportamentales-psicologia-infantil-y-juvenil\\\/\"},\"wordCount\":260,\"publisher\":{\"@id\":\"https:\\\/\\\/forummontau.com\\\/girona\\\/#organization\"},\"image\":{\"@id\":\"https:\\\/\\\/forummontau.com\\\/girona\\\/unidad-de-adicciones-comportamentales-psicologia-infantil-y-juvenil\\\/#primaryimage\"},\"thumbnailUrl\":\"https:\\\/\\\/forummontau.com\\\/girona\\\/wp-content\\\/uploads\\\/sites\\\/6\\\/2025\\\/02\\\/adicciones-moviles-adolescentes.webp\",\"keywords\":[\"Forum Girona\",\"Tratamiento Adicciones\"],\"articleSection\":[\"Adicciones infanto-juvenil\",\"Tecnolog\u00eda\"],\"inLanguage\":\"es\"},{\"@type\":\"WebPage\",\"@id\":\"https:\\\/\\\/forummontau.com\\\/girona\\\/unidad-de-adicciones-comportamentales-psicologia-infantil-y-juvenil\\\/\",\"url\":\"https:\\\/\\\/forummontau.com\\\/girona\\\/unidad-de-adicciones-comportamentales-psicologia-infantil-y-juvenil\\\/\",\"name\":\"Unidad de Adicciones Comportamentales: Psicolog\u00eda Infantil y Juvenil - Forum Salud Mental Girona\",\"isPartOf\":{\"@id\":\"https:\\\/\\\/forummontau.com\\\/girona\\\/#website\"},\"primaryImageOfPage\":{\"@id\":\"https:\\\/\\\/forummontau.com\\\/girona\\\/unidad-de-adicciones-comportamentales-psicologia-infantil-y-juvenil\\\/#primaryimage\"},\"image\":{\"@id\":\"https:\\\/\\\/forummontau.com\\\/girona\\\/unidad-de-adicciones-comportamentales-psicologia-infantil-y-juvenil\\\/#primaryimage\"},\"thumbnailUrl\":\"https:\\\/\\\/forummontau.com\\\/girona\\\/wp-content\\\/uploads\\\/sites\\\/6\\\/2025\\\/02\\\/adicciones-moviles-adolescentes.webp\",\"datePublished\":\"2025-02-11T15:04:43+00:00\",\"dateModified\":\"2025-02-11T15:58:15+00:00\",\"description\":\"\ud83d\udcf1\ud83e\udde0 En nuestro centro, ofrecemos prevenci\u00f3n y tratamiento para ni\u00f1os y j\u00f3venes con adicci\u00f3n a pantallas, videojuegos y nuevas tecnolog\u00edas. \u00a1Descubre c\u00f3mo podemos ayudarte!\",\"breadcrumb\":{\"@id\":\"https:\\\/\\\/forummontau.com\\\/girona\\\/unidad-de-adicciones-comportamentales-psicologia-infantil-y-juvenil\\\/#breadcrumb\"},\"inLanguage\":\"es\",\"potentialAction\":[{\"@type\":\"ReadAction\",\"target\":[\"https:\\\/\\\/forummontau.com\\\/girona\\\/unidad-de-adicciones-comportamentales-psicologia-infantil-y-juvenil\\\/\"]}]},{\"@type\":\"ImageObject\",\"inLanguage\":\"es\",\"@id\":\"https:\\\/\\\/forummontau.com\\\/girona\\\/unidad-de-adicciones-comportamentales-psicologia-infantil-y-juvenil\\\/#primaryimage\",\"url\":\"https:\\\/\\\/forummontau.com\\\/girona\\\/wp-content\\\/uploads\\\/sites\\\/6\\\/2025\\\/02\\\/adicciones-moviles-adolescentes.webp\",\"contentUrl\":\"https:\\\/\\\/forummontau.com\\\/girona\\\/wp-content\\\/uploads\\\/sites\\\/6\\\/2025\\\/02\\\/adicciones-moviles-adolescentes.webp\",\"width\":1000,\"height\":667},{\"@type\":\"BreadcrumbList\",\"@id\":\"https:\\\/\\\/forummontau.com\\\/girona\\\/unidad-de-adicciones-comportamentales-psicologia-infantil-y-juvenil\\\/#breadcrumb\",\"itemListElement\":[{\"@type\":\"ListItem\",\"position\":1,\"name\":\"Portada\",\"item\":\"https:\\\/\\\/forummontau.com\\\/girona\\\/centre-desintoxicacio-i-addiccions-girona\\\/\"},{\"@type\":\"ListItem\",\"position\":2,\"name\":\"Unidad de Adicciones Comportamentales: Psicolog\u00eda Infantil y Juvenil\"}]},{\"@type\":\"WebSite\",\"@id\":\"https:\\\/\\\/forummontau.com\\\/girona\\\/#website\",\"url\":\"https:\\\/\\\/forummontau.com\\\/girona\\\/\",\"name\":\"Forum Salud Mental Girona\",\"description\":\"Centro de Desintoxicaci\u00f3n y Adicciones en Girona\",\"publisher\":{\"@id\":\"https:\\\/\\\/forummontau.com\\\/girona\\\/#organization\"},\"potentialAction\":[{\"@type\":\"SearchAction\",\"target\":{\"@type\":\"EntryPoint\",\"urlTemplate\":\"https:\\\/\\\/forummontau.com\\\/girona\\\/?s={search_term_string}\"},\"query-input\":{\"@type\":\"PropertyValueSpecification\",\"valueRequired\":true,\"valueName\":\"search_term_string\"}}],\"inLanguage\":\"es\"},{\"@type\":\"Organization\",\"@id\":\"https:\\\/\\\/forummontau.com\\\/girona\\\/#organization\",\"name\":\"Forum Salud Mental Girona\",\"url\":\"https:\\\/\\\/forummontau.com\\\/girona\\\/\",\"logo\":{\"@type\":\"ImageObject\",\"inLanguage\":\"es\",\"@id\":\"https:\\\/\\\/forummontau.com\\\/girona\\\/#\\\/schema\\\/logo\\\/image\\\/\",\"url\":\"https:\\\/\\\/forummontau.com\\\/girona\\\/wp-content\\\/uploads\\\/sites\\\/6\\\/2020\\\/02\\\/girona_forum.png\",\"contentUrl\":\"https:\\\/\\\/forummontau.com\\\/girona\\\/wp-content\\\/uploads\\\/sites\\\/6\\\/2020\\\/02\\\/girona_forum.png\",\"width\":215,\"height\":119,\"caption\":\"Forum Salud Mental Girona\"},\"image\":{\"@id\":\"https:\\\/\\\/forummontau.com\\\/girona\\\/#\\\/schema\\\/logo\\\/image\\\/\"}},{\"@type\":\"Person\",\"@id\":\"https:\\\/\\\/forummontau.com\\\/girona\\\/#\\\/schema\\\/person\\\/dd79fa1c0ba733edd439998f9d7f5e25\",\"name\":\"Forum Salud Mental Madrid\"}]}<\/script>\n<!-- \/ Yoast SEO plugin. -->","yoast_head_json":{"title":"Unidad de Adicciones Comportamentales: Psicolog\u00eda Infantil y Juvenil - Forum Salud Mental Girona","description":"\ud83d\udcf1\ud83e\udde0 En nuestro centro, ofrecemos prevenci\u00f3n y tratamiento para ni\u00f1os y j\u00f3venes con adicci\u00f3n a pantallas, videojuegos y nuevas tecnolog\u00edas. \u00a1Descubre c\u00f3mo podemos ayudarte!","robots":{"index":"index","follow":"follow","max-snippet":"max-snippet:-1","max-image-preview":"max-image-preview:large","max-video-preview":"max-video-preview:-1"},"canonical":"https:\/\/forummontau.com\/girona\/unidad-de-adicciones-comportamentales-psicologia-infantil-y-juvenil\/","og_locale":"es_ES","og_type":"article","og_title":"Unidad de Adicciones Comportamentales: Psicolog\u00eda Infantil y Juvenil - Forum Salud Mental Girona","og_description":"\ud83d\udcf1\ud83e\udde0 En nuestro centro, ofrecemos prevenci\u00f3n y tratamiento para ni\u00f1os y j\u00f3venes con adicci\u00f3n a pantallas, videojuegos y nuevas tecnolog\u00edas. \u00a1Descubre c\u00f3mo podemos ayudarte!","og_url":"https:\/\/forummontau.com\/girona\/unidad-de-adicciones-comportamentales-psicologia-infantil-y-juvenil\/","og_site_name":"Forum Salud Mental Girona","article_published_time":"2025-02-11T15:04:43+00:00","article_modified_time":"2025-02-11T15:58:15+00:00","og_image":[{"width":1000,"height":667,"url":"https:\/\/forummontau.com\/girona\/wp-content\/uploads\/sites\/6\/2025\/02\/adicciones-moviles-adolescentes.webp","type":"image\/webp"}],"author":"Forum Salud Mental Madrid","twitter_card":"summary_large_image","twitter_misc":{"Escrito por":"Forum Salud Mental Madrid","Tiempo de lectura":"2 minutos"},"schema":{"@context":"https:\/\/schema.org","@graph":[{"@type":"Article","@id":"https:\/\/forummontau.com\/girona\/unidad-de-adicciones-comportamentales-psicologia-infantil-y-juvenil\/#article","isPartOf":{"@id":"https:\/\/forummontau.com\/girona\/unidad-de-adicciones-comportamentales-psicologia-infantil-y-juvenil\/"},"author":{"name":"Forum Salud Mental Madrid","@id":"https:\/\/forummontau.com\/girona\/#\/schema\/person\/dd79fa1c0ba733edd439998f9d7f5e25"},"headline":"Unidad de Adicciones Comportamentales: Psicolog\u00eda Infantil y Juvenil","datePublished":"2025-02-11T15:04:43+00:00","dateModified":"2025-02-11T15:58:15+00:00","mainEntityOfPage":{"@id":"https:\/\/forummontau.com\/girona\/unidad-de-adicciones-comportamentales-psicologia-infantil-y-juvenil\/"},"wordCount":260,"publisher":{"@id":"https:\/\/forummontau.com\/girona\/#organization"},"image":{"@id":"https:\/\/forummontau.com\/girona\/unidad-de-adicciones-comportamentales-psicologia-infantil-y-juvenil\/#primaryimage"},"thumbnailUrl":"https:\/\/forummontau.com\/girona\/wp-content\/uploads\/sites\/6\/2025\/02\/adicciones-moviles-adolescentes.webp","keywords":["Forum Girona","Tratamiento Adicciones"],"articleSection":["Adicciones infanto-juvenil","Tecnolog\u00eda"],"inLanguage":"es"},{"@type":"WebPage","@id":"https:\/\/forummontau.com\/girona\/unidad-de-adicciones-comportamentales-psicologia-infantil-y-juvenil\/","url":"https:\/\/forummontau.com\/girona\/unidad-de-adicciones-comportamentales-psicologia-infantil-y-juvenil\/","name":"Unidad de Adicciones Comportamentales: Psicolog\u00eda Infantil y Juvenil - Forum Salud Mental Girona","isPartOf":{"@id":"https:\/\/forummontau.com\/girona\/#website"},"primaryImageOfPage":{"@id":"https:\/\/forummontau.com\/girona\/unidad-de-adicciones-comportamentales-psicologia-infantil-y-juvenil\/#primaryimage"},"image":{"@id":"https:\/\/forummontau.com\/girona\/unidad-de-adicciones-comportamentales-psicologia-infantil-y-juvenil\/#primaryimage"},"thumbnailUrl":"https:\/\/forummontau.com\/girona\/wp-content\/uploads\/sites\/6\/2025\/02\/adicciones-moviles-adolescentes.webp","datePublished":"2025-02-11T15:04:43+00:00","dateModified":"2025-02-11T15:58:15+00:00","description":"\ud83d\udcf1\ud83e\udde0 En nuestro centro, ofrecemos prevenci\u00f3n y tratamiento para ni\u00f1os y j\u00f3venes con adicci\u00f3n a pantallas, videojuegos y nuevas tecnolog\u00edas. \u00a1Descubre c\u00f3mo podemos ayudarte!","breadcrumb":{"@id":"https:\/\/forummontau.com\/girona\/unidad-de-adicciones-comportamentales-psicologia-infantil-y-juvenil\/#breadcrumb"},"inLanguage":"es","potentialAction":[{"@type":"ReadAction","target":["https:\/\/forummontau.com\/girona\/unidad-de-adicciones-comportamentales-psicologia-infantil-y-juvenil\/"]}]},{"@type":"ImageObject","inLanguage":"es","@id":"https:\/\/forummontau.com\/girona\/unidad-de-adicciones-comportamentales-psicologia-infantil-y-juvenil\/#primaryimage","url":"https:\/\/forummontau.com\/girona\/wp-content\/uploads\/sites\/6\/2025\/02\/adicciones-moviles-adolescentes.webp","contentUrl":"https:\/\/forummontau.com\/girona\/wp-content\/uploads\/sites\/6\/2025\/02\/adicciones-moviles-adolescentes.webp","width":1000,"height":667},{"@type":"BreadcrumbList","@id":"https:\/\/forummontau.com\/girona\/unidad-de-adicciones-comportamentales-psicologia-infantil-y-juvenil\/#breadcrumb","itemListElement":[{"@type":"ListItem","position":1,"name":"Portada","item":"https:\/\/forummontau.com\/girona\/centre-desintoxicacio-i-addiccions-girona\/"},{"@type":"ListItem","position":2,"name":"Unidad de Adicciones Comportamentales: Psicolog\u00eda Infantil y Juvenil"}]},{"@type":"WebSite","@id":"https:\/\/forummontau.com\/girona\/#website","url":"https:\/\/forummontau.com\/girona\/","name":"Forum Salud Mental Girona","description":"Centro de Desintoxicaci\u00f3n y Adicciones en Girona","publisher":{"@id":"https:\/\/forummontau.com\/girona\/#organization"},"potentialAction":[{"@type":"SearchAction","target":{"@type":"EntryPoint","urlTemplate":"https:\/\/forummontau.com\/girona\/?s={search_term_string}"},"query-input":{"@type":"PropertyValueSpecification","valueRequired":true,"valueName":"search_term_string"}}],"inLanguage":"es"},{"@type":"Organization","@id":"https:\/\/forummontau.com\/girona\/#organization","name":"Forum Salud Mental Girona","url":"https:\/\/forummontau.com\/girona\/","logo":{"@type":"ImageObject","inLanguage":"es","@id":"https:\/\/forummontau.com\/girona\/#\/schema\/logo\/image\/","url":"https:\/\/forummontau.com\/girona\/wp-content\/uploads\/sites\/6\/2020\/02\/girona_forum.png","contentUrl":"https:\/\/forummontau.com\/girona\/wp-content\/uploads\/sites\/6\/2020\/02\/girona_forum.png","width":215,"height":119,"caption":"Forum Salud Mental Girona"},"image":{"@id":"https:\/\/forummontau.com\/girona\/#\/schema\/logo\/image\/"}},{"@type":"Person","@id":"https:\/\/forummontau.com\/girona\/#\/schema\/person\/dd79fa1c0ba733edd439998f9d7f5e25","name":"Forum Salud Mental Madrid"}]}},"_links":{"self":[{"href":"https:\/\/forummontau.com\/girona\/wp-json\/wp\/v2\/posts\/4800","targetHints":{"allow":["GET"]}}],"collection":[{"href":"https:\/\/forummontau.com\/girona\/wp-json\/wp\/v2\/posts"}],"about":[{"href":"https:\/\/forummontau.com\/girona\/wp-json\/wp\/v2\/types\/post"}],"author":[{"embeddable":true,"href":"https:\/\/forummontau.com\/girona\/wp-json\/wp\/v2\/users\/2"}],"replies":[{"embeddable":true,"href":"https:\/\/forummontau.com\/girona\/wp-json\/wp\/v2\/comments?post=4800"}],"version-history":[{"count":2,"href":"https:\/\/forummontau.com\/girona\/wp-json\/wp\/v2\/posts\/4800\/revisions"}],"predecessor-version":[{"id":4808,"href":"https:\/\/forummontau.com\/girona\/wp-json\/wp\/v2\/posts\/4800\/revisions\/4808"}],"wp:featuredmedia":[{"embeddable":true,"href":"https:\/\/forummontau.com\/girona\/wp-json\/wp\/v2\/media\/4803"}],"wp:attachment":[{"href":"https:\/\/forummontau.com\/girona\/wp-json\/wp\/v2\/media?parent=4800"}],"wp:term":[{"taxonomy":"category","embeddable":true,"href":"https:\/\/forummontau.com\/girona\/wp-json\/wp\/v2\/categories?post=4800"},{"taxonomy":"post_tag","embeddable":true,"href":"https:\/\/forummontau.com\/girona\/wp-json\/wp\/v2\/tags?post=4800"}],"curies":[{"name":"wp","href":"https:\/\/api.w.org\/{rel}","templated":true}]}}