{"id":4806,"date":"2025-02-11T16:28:41","date_gmt":"2025-02-11T16:28:41","guid":{"rendered":"https:\/\/forumgirona.cat\/?p=4806"},"modified":"2025-02-11T16:28:43","modified_gmt":"2025-02-11T16:28:43","slug":"unitat-dadiccions-comportamentals-psicologia-infantil-i-juvenil","status":"publish","type":"post","link":"https:\/\/forummontau.com\/girona\/unitat-dadiccions-comportamentals-psicologia-infantil-i-juvenil\/","title":{"rendered":"Unitat d&#8217;Adiccions Comportamentals: Psicologia Infantil i Juvenil"},"content":{"rendered":"\n<h2 class=\"wp-block-heading\">L&#8217;impacte de la tecnologia en nens i adolescents<\/h2>\n\n\n\n<p>Les eines digitals han canviat la manera com interactuem, aprenem i ens entretenim. Tot i aix\u00f2, el seu \u00fas excessiu o descontrolat pot suposar greus riscos per a la salut i el desenvolupament de nens i adolescents.<\/p>\n\n\n\n<p>A la nostra unitat especialitzada, ens preocupa com l&#8217;\u00fas de pantalles afecta la neuromaduraci\u00f3 i el benestar emocional en aquestes etapes de creixement.<\/p>\n\n\n\n<h2 class=\"wp-block-heading\">Quins s\u00f3n els riscos de l&#8217;exposici\u00f3 excessiva a les pantalles?<\/h2>\n\n\n\n<p>Canvis en la manera de relacionar-se i dificultats en les habilitats socials.<br>Alteracions en latenci\u00f3 i la concentraci\u00f3, afectant el rendiment acad\u00e8mic.<br>Problemes en la gesti\u00f3 de la sexualitat i l&#8217;augment del consum de pornografia.<br>Malestar emocional, com ara ansietat, depressi\u00f3 o a\u00efllament social.<br>Augment de la viol\u00e8ncia i els conflictes de conviv\u00e8ncia.<\/p>\n\n\n\n<p>Diferents estudis han demostrat que el temps excessiu davant de les pantalles pot afectar la neuroplasticitat cerebral i el desenvolupament de les funcions executives, retardant habilitats cognitives, ling\u00fc\u00edstiques i psicosocials.<\/p>\n\n\n\n<h2 class=\"wp-block-heading\">Com intervenim?<\/h2>\n\n\n\n<p>A la nostra unitat de psicologia infantil i juvenil:<br>Ajudem nens i adolescents que fan un \u00fas abusiu de les tecnologies i els videojocs.<br>Treballem per reduir els riscos associats a l&#8217;addicci\u00f3 digital.<br>Prevenim i intervenim en possibles trastorns de salut mental relacionats amb l&#8217;\u00fas descontrolat de pantalles.<\/p>\n\n\n\n<p>La prevenci\u00f3 \u00e9s clau per garantir un desenvolupament sa i equilibrat.<\/p>\n\n\n\n<p>Contacta&#8217;ns per a m\u00e9s informaci\u00f3!<\/p>\n","protected":false},"excerpt":{"rendered":"<p>L&#8217;impacte de la tecnologia en nens i adolescents Les eines digitals han canviat la manera com interactuem, aprenem i ens entretenim. Tot i aix\u00f2, el seu \u00fas excessiu o descontrolat pot suposar greus riscos per a la salut i el desenvolupament de nens i adolescents. A la nostra unitat especialitzada, ens preocupa com l&#8217;\u00fas de [&hellip;]<\/p>\n","protected":false},"author":2,"featured_media":4803,"comment_status":"closed","ping_status":"closed","sticky":false,"template":"","format":"standard","meta":{"ocean_post_layout":"","ocean_both_sidebars_style":"","ocean_both_sidebars_content_width":0,"ocean_both_sidebars_sidebars_width":0,"ocean_sidebar":"","ocean_second_sidebar":"","ocean_disable_margins":"enable","ocean_add_body_class":"","ocean_shortcode_before_top_bar":"","ocean_shortcode_after_top_bar":"","ocean_shortcode_before_header":"","ocean_shortcode_after_header":"","ocean_has_shortcode":"","ocean_shortcode_after_title":"","ocean_shortcode_before_footer_widgets":"","ocean_shortcode_after_footer_widgets":"","ocean_shortcode_before_footer_bottom":"","ocean_shortcode_after_footer_bottom":"","ocean_display_top_bar":"default","ocean_display_header":"default","ocean_header_style":"","ocean_center_header_left_menu":"","ocean_custom_header_template":"","ocean_custom_logo":0,"ocean_custom_retina_logo":0,"ocean_custom_logo_max_width":0,"ocean_custom_logo_tablet_max_width":0,"ocean_custom_logo_mobile_max_width":0,"ocean_custom_logo_max_height":0,"ocean_custom_logo_tablet_max_height":0,"ocean_custom_logo_mobile_max_height":0,"ocean_header_custom_menu":"","ocean_menu_typo_font_family":"","ocean_menu_typo_font_subset":"","ocean_menu_typo_font_size":0,"ocean_menu_typo_font_size_tablet":0,"ocean_menu_typo_font_size_mobile":0,"ocean_menu_typo_font_size_unit":"px","ocean_menu_typo_font_weight":"","ocean_menu_typo_font_weight_tablet":"","ocean_menu_typo_font_weight_mobile":"","ocean_menu_typo_transform":"","ocean_menu_typo_transform_tablet":"","ocean_menu_typo_transform_mobile":"","ocean_menu_typo_line_height":0,"ocean_menu_typo_line_height_tablet":0,"ocean_menu_typo_line_height_mobile":0,"ocean_menu_typo_line_height_unit":"","ocean_menu_typo_spacing":0,"ocean_menu_typo_spacing_tablet":0,"ocean_menu_typo_spacing_mobile":0,"ocean_menu_typo_spacing_unit":"","ocean_menu_link_color":"","ocean_menu_link_color_hover":"","ocean_menu_link_color_active":"","ocean_menu_link_background":"","ocean_menu_link_hover_background":"","ocean_menu_link_active_background":"","ocean_menu_social_links_bg":"","ocean_menu_social_hover_links_bg":"","ocean_menu_social_links_color":"","ocean_menu_social_hover_links_color":"","ocean_disable_title":"default","ocean_disable_heading":"default","ocean_post_title":"","ocean_post_subheading":"","ocean_post_title_style":"","ocean_post_title_background_color":"","ocean_post_title_background":0,"ocean_post_title_bg_image_position":"","ocean_post_title_bg_image_attachment":"","ocean_post_title_bg_image_repeat":"","ocean_post_title_bg_image_size":"","ocean_post_title_height":0,"ocean_post_title_bg_overlay":0.5,"ocean_post_title_bg_overlay_color":"","ocean_disable_breadcrumbs":"default","ocean_breadcrumbs_color":"","ocean_breadcrumbs_separator_color":"","ocean_breadcrumbs_links_color":"","ocean_breadcrumbs_links_hover_color":"","ocean_display_footer_widgets":"default","ocean_display_footer_bottom":"default","ocean_custom_footer_template":"","ocean_post_oembed":"","ocean_post_self_hosted_media":"","ocean_post_video_embed":"","ocean_link_format":"","ocean_link_format_target":"self","ocean_quote_format":"","ocean_quote_format_link":"post","ocean_gallery_link_images":"on","ocean_gallery_id":[],"footnotes":""},"categories":[49,94],"tags":[165,129],"class_list":["post-4806","post","type-post","status-publish","format-standard","has-post-thumbnail","hentry","category-addiccio","category-adolescents","tag-addiccions-girona-ca","tag-forum-girona-ca","entry","has-media"],"yoast_head":"<!-- This site is optimized with the Yoast SEO plugin v27.5 - https:\/\/yoast.com\/product\/yoast-seo-wordpress\/ -->\n<title>Unitat d&#039;Adiccions Comportamentals: Psicologia Infantil i Juvenil - Forum Salud Mental Girona<\/title>\n<meta name=\"description\" content=\"\ud83d\udcf1\ud83e\udde0 En nuestro centro, ofrecemos prevenci\u00f3n y tratamiento para ni\u00f1os y j\u00f3venes con adicci\u00f3n a pantallas, videojuegos y nuevas tecnolog\u00edas. \u00a1Descubre c\u00f3mo podemos ayudarte!\" \/>\n<meta name=\"robots\" content=\"index, follow, max-snippet:-1, max-image-preview:large, max-video-preview:-1\" \/>\n<link rel=\"canonical\" href=\"https:\/\/forummontau.com\/girona\/unitat-dadiccions-comportamentals-psicologia-infantil-i-juvenil\/\" \/>\n<meta property=\"og:locale\" content=\"es_ES\" \/>\n<meta property=\"og:type\" content=\"article\" \/>\n<meta property=\"og:title\" content=\"Unitat d&#039;Adiccions Comportamentals: Psicologia Infantil i Juvenil - Forum Salud Mental Girona\" \/>\n<meta property=\"og:description\" content=\"\ud83d\udcf1\ud83e\udde0 En nuestro centro, ofrecemos prevenci\u00f3n y tratamiento para ni\u00f1os y j\u00f3venes con adicci\u00f3n a pantallas, videojuegos y nuevas tecnolog\u00edas. \u00a1Descubre c\u00f3mo podemos ayudarte!\" \/>\n<meta property=\"og:url\" content=\"https:\/\/forummontau.com\/girona\/unitat-dadiccions-comportamentals-psicologia-infantil-i-juvenil\/\" \/>\n<meta property=\"og:site_name\" content=\"Forum Salud Mental Girona\" \/>\n<meta property=\"article:published_time\" content=\"2025-02-11T16:28:41+00:00\" \/>\n<meta property=\"article:modified_time\" content=\"2025-02-11T16:28:43+00:00\" \/>\n<meta property=\"og:image\" content=\"https:\/\/forummontau.com\/girona\/wp-content\/uploads\/sites\/6\/2025\/02\/adicciones-moviles-adolescentes.webp\" \/>\n\t<meta property=\"og:image:width\" content=\"1000\" \/>\n\t<meta property=\"og:image:height\" content=\"667\" \/>\n\t<meta property=\"og:image:type\" content=\"image\/webp\" \/>\n<meta name=\"author\" content=\"Forum Salud Mental Madrid\" \/>\n<meta name=\"twitter:card\" content=\"summary_large_image\" \/>\n<meta name=\"twitter:label1\" content=\"Escrito por\" \/>\n\t<meta name=\"twitter:data1\" content=\"Forum Salud Mental Madrid\" \/>\n\t<meta name=\"twitter:label2\" content=\"Tiempo de lectura\" \/>\n\t<meta name=\"twitter:data2\" content=\"2 minutos\" \/>\n<script type=\"application\/ld+json\" class=\"yoast-schema-graph\">{\"@context\":\"https:\\\/\\\/schema.org\",\"@graph\":[{\"@type\":\"Article\",\"@id\":\"https:\\\/\\\/forummontau.com\\\/girona\\\/unitat-dadiccions-comportamentals-psicologia-infantil-i-juvenil\\\/#article\",\"isPartOf\":{\"@id\":\"https:\\\/\\\/forummontau.com\\\/girona\\\/unitat-dadiccions-comportamentals-psicologia-infantil-i-juvenil\\\/\"},\"author\":{\"name\":\"Forum Salud Mental Madrid\",\"@id\":\"https:\\\/\\\/forummontau.com\\\/girona\\\/#\\\/schema\\\/person\\\/dd79fa1c0ba733edd439998f9d7f5e25\"},\"headline\":\"Unitat d&#8217;Adiccions Comportamentals: Psicologia Infantil i Juvenil\",\"datePublished\":\"2025-02-11T16:28:41+00:00\",\"dateModified\":\"2025-02-11T16:28:43+00:00\",\"mainEntityOfPage\":{\"@id\":\"https:\\\/\\\/forummontau.com\\\/girona\\\/unitat-dadiccions-comportamentals-psicologia-infantil-i-juvenil\\\/\"},\"wordCount\":249,\"publisher\":{\"@id\":\"https:\\\/\\\/forummontau.com\\\/girona\\\/#organization\"},\"image\":{\"@id\":\"https:\\\/\\\/forummontau.com\\\/girona\\\/unitat-dadiccions-comportamentals-psicologia-infantil-i-juvenil\\\/#primaryimage\"},\"thumbnailUrl\":\"https:\\\/\\\/forummontau.com\\\/girona\\\/wp-content\\\/uploads\\\/sites\\\/6\\\/2025\\\/02\\\/adicciones-moviles-adolescentes.webp\",\"keywords\":[\"Addiccions Girona\",\"Forum Girona\"],\"articleSection\":[\"Addicci\u00f3\",\"Adolescents\"],\"inLanguage\":\"es\"},{\"@type\":\"WebPage\",\"@id\":\"https:\\\/\\\/forummontau.com\\\/girona\\\/unitat-dadiccions-comportamentals-psicologia-infantil-i-juvenil\\\/\",\"url\":\"https:\\\/\\\/forummontau.com\\\/girona\\\/unitat-dadiccions-comportamentals-psicologia-infantil-i-juvenil\\\/\",\"name\":\"Unitat d'Adiccions Comportamentals: Psicologia Infantil i Juvenil - Forum Salud Mental Girona\",\"isPartOf\":{\"@id\":\"https:\\\/\\\/forummontau.com\\\/girona\\\/#website\"},\"primaryImageOfPage\":{\"@id\":\"https:\\\/\\\/forummontau.com\\\/girona\\\/unitat-dadiccions-comportamentals-psicologia-infantil-i-juvenil\\\/#primaryimage\"},\"image\":{\"@id\":\"https:\\\/\\\/forummontau.com\\\/girona\\\/unitat-dadiccions-comportamentals-psicologia-infantil-i-juvenil\\\/#primaryimage\"},\"thumbnailUrl\":\"https:\\\/\\\/forummontau.com\\\/girona\\\/wp-content\\\/uploads\\\/sites\\\/6\\\/2025\\\/02\\\/adicciones-moviles-adolescentes.webp\",\"datePublished\":\"2025-02-11T16:28:41+00:00\",\"dateModified\":\"2025-02-11T16:28:43+00:00\",\"description\":\"\ud83d\udcf1\ud83e\udde0 En nuestro centro, ofrecemos prevenci\u00f3n y tratamiento para ni\u00f1os y j\u00f3venes con adicci\u00f3n a pantallas, videojuegos y nuevas tecnolog\u00edas. \u00a1Descubre c\u00f3mo podemos ayudarte!\",\"breadcrumb\":{\"@id\":\"https:\\\/\\\/forummontau.com\\\/girona\\\/unitat-dadiccions-comportamentals-psicologia-infantil-i-juvenil\\\/#breadcrumb\"},\"inLanguage\":\"es\",\"potentialAction\":[{\"@type\":\"ReadAction\",\"target\":[\"https:\\\/\\\/forummontau.com\\\/girona\\\/unitat-dadiccions-comportamentals-psicologia-infantil-i-juvenil\\\/\"]}]},{\"@type\":\"ImageObject\",\"inLanguage\":\"es\",\"@id\":\"https:\\\/\\\/forummontau.com\\\/girona\\\/unitat-dadiccions-comportamentals-psicologia-infantil-i-juvenil\\\/#primaryimage\",\"url\":\"https:\\\/\\\/forummontau.com\\\/girona\\\/wp-content\\\/uploads\\\/sites\\\/6\\\/2025\\\/02\\\/adicciones-moviles-adolescentes.webp\",\"contentUrl\":\"https:\\\/\\\/forummontau.com\\\/girona\\\/wp-content\\\/uploads\\\/sites\\\/6\\\/2025\\\/02\\\/adicciones-moviles-adolescentes.webp\",\"width\":1000,\"height\":667},{\"@type\":\"BreadcrumbList\",\"@id\":\"https:\\\/\\\/forummontau.com\\\/girona\\\/unitat-dadiccions-comportamentals-psicologia-infantil-i-juvenil\\\/#breadcrumb\",\"itemListElement\":[{\"@type\":\"ListItem\",\"position\":1,\"name\":\"Portada\",\"item\":\"https:\\\/\\\/forummontau.com\\\/girona\\\/centre-desintoxicacio-i-addiccions-girona\\\/\"},{\"@type\":\"ListItem\",\"position\":2,\"name\":\"Unitat d&#8217;Adiccions Comportamentals: Psicologia Infantil i Juvenil\"}]},{\"@type\":\"WebSite\",\"@id\":\"https:\\\/\\\/forummontau.com\\\/girona\\\/#website\",\"url\":\"https:\\\/\\\/forummontau.com\\\/girona\\\/\",\"name\":\"Forum Salud Mental Girona\",\"description\":\"Centro de Desintoxicaci\u00f3n y Adicciones en Girona\",\"publisher\":{\"@id\":\"https:\\\/\\\/forummontau.com\\\/girona\\\/#organization\"},\"potentialAction\":[{\"@type\":\"SearchAction\",\"target\":{\"@type\":\"EntryPoint\",\"urlTemplate\":\"https:\\\/\\\/forummontau.com\\\/girona\\\/?s={search_term_string}\"},\"query-input\":{\"@type\":\"PropertyValueSpecification\",\"valueRequired\":true,\"valueName\":\"search_term_string\"}}],\"inLanguage\":\"es\"},{\"@type\":\"Organization\",\"@id\":\"https:\\\/\\\/forummontau.com\\\/girona\\\/#organization\",\"name\":\"Forum Salud Mental Girona\",\"url\":\"https:\\\/\\\/forummontau.com\\\/girona\\\/\",\"logo\":{\"@type\":\"ImageObject\",\"inLanguage\":\"es\",\"@id\":\"https:\\\/\\\/forummontau.com\\\/girona\\\/#\\\/schema\\\/logo\\\/image\\\/\",\"url\":\"https:\\\/\\\/forummontau.com\\\/girona\\\/wp-content\\\/uploads\\\/sites\\\/6\\\/2020\\\/02\\\/girona_forum.png\",\"contentUrl\":\"https:\\\/\\\/forummontau.com\\\/girona\\\/wp-content\\\/uploads\\\/sites\\\/6\\\/2020\\\/02\\\/girona_forum.png\",\"width\":215,\"height\":119,\"caption\":\"Forum Salud Mental Girona\"},\"image\":{\"@id\":\"https:\\\/\\\/forummontau.com\\\/girona\\\/#\\\/schema\\\/logo\\\/image\\\/\"}},{\"@type\":\"Person\",\"@id\":\"https:\\\/\\\/forummontau.com\\\/girona\\\/#\\\/schema\\\/person\\\/dd79fa1c0ba733edd439998f9d7f5e25\",\"name\":\"Forum Salud Mental Madrid\"}]}<\/script>\n<!-- \/ Yoast SEO plugin. -->","yoast_head_json":{"title":"Unitat d'Adiccions Comportamentals: Psicologia Infantil i Juvenil - Forum Salud Mental Girona","description":"\ud83d\udcf1\ud83e\udde0 En nuestro centro, ofrecemos prevenci\u00f3n y tratamiento para ni\u00f1os y j\u00f3venes con adicci\u00f3n a pantallas, videojuegos y nuevas tecnolog\u00edas. \u00a1Descubre c\u00f3mo podemos ayudarte!","robots":{"index":"index","follow":"follow","max-snippet":"max-snippet:-1","max-image-preview":"max-image-preview:large","max-video-preview":"max-video-preview:-1"},"canonical":"https:\/\/forummontau.com\/girona\/unitat-dadiccions-comportamentals-psicologia-infantil-i-juvenil\/","og_locale":"es_ES","og_type":"article","og_title":"Unitat d'Adiccions Comportamentals: Psicologia Infantil i Juvenil - Forum Salud Mental Girona","og_description":"\ud83d\udcf1\ud83e\udde0 En nuestro centro, ofrecemos prevenci\u00f3n y tratamiento para ni\u00f1os y j\u00f3venes con adicci\u00f3n a pantallas, videojuegos y nuevas tecnolog\u00edas. \u00a1Descubre c\u00f3mo podemos ayudarte!","og_url":"https:\/\/forummontau.com\/girona\/unitat-dadiccions-comportamentals-psicologia-infantil-i-juvenil\/","og_site_name":"Forum Salud Mental Girona","article_published_time":"2025-02-11T16:28:41+00:00","article_modified_time":"2025-02-11T16:28:43+00:00","og_image":[{"width":1000,"height":667,"url":"https:\/\/forummontau.com\/girona\/wp-content\/uploads\/sites\/6\/2025\/02\/adicciones-moviles-adolescentes.webp","type":"image\/webp"}],"author":"Forum Salud Mental Madrid","twitter_card":"summary_large_image","twitter_misc":{"Escrito por":"Forum Salud Mental Madrid","Tiempo de lectura":"2 minutos"},"schema":{"@context":"https:\/\/schema.org","@graph":[{"@type":"Article","@id":"https:\/\/forummontau.com\/girona\/unitat-dadiccions-comportamentals-psicologia-infantil-i-juvenil\/#article","isPartOf":{"@id":"https:\/\/forummontau.com\/girona\/unitat-dadiccions-comportamentals-psicologia-infantil-i-juvenil\/"},"author":{"name":"Forum Salud Mental Madrid","@id":"https:\/\/forummontau.com\/girona\/#\/schema\/person\/dd79fa1c0ba733edd439998f9d7f5e25"},"headline":"Unitat d&#8217;Adiccions Comportamentals: Psicologia Infantil i Juvenil","datePublished":"2025-02-11T16:28:41+00:00","dateModified":"2025-02-11T16:28:43+00:00","mainEntityOfPage":{"@id":"https:\/\/forummontau.com\/girona\/unitat-dadiccions-comportamentals-psicologia-infantil-i-juvenil\/"},"wordCount":249,"publisher":{"@id":"https:\/\/forummontau.com\/girona\/#organization"},"image":{"@id":"https:\/\/forummontau.com\/girona\/unitat-dadiccions-comportamentals-psicologia-infantil-i-juvenil\/#primaryimage"},"thumbnailUrl":"https:\/\/forummontau.com\/girona\/wp-content\/uploads\/sites\/6\/2025\/02\/adicciones-moviles-adolescentes.webp","keywords":["Addiccions Girona","Forum Girona"],"articleSection":["Addicci\u00f3","Adolescents"],"inLanguage":"es"},{"@type":"WebPage","@id":"https:\/\/forummontau.com\/girona\/unitat-dadiccions-comportamentals-psicologia-infantil-i-juvenil\/","url":"https:\/\/forummontau.com\/girona\/unitat-dadiccions-comportamentals-psicologia-infantil-i-juvenil\/","name":"Unitat d'Adiccions Comportamentals: Psicologia Infantil i Juvenil - Forum Salud Mental Girona","isPartOf":{"@id":"https:\/\/forummontau.com\/girona\/#website"},"primaryImageOfPage":{"@id":"https:\/\/forummontau.com\/girona\/unitat-dadiccions-comportamentals-psicologia-infantil-i-juvenil\/#primaryimage"},"image":{"@id":"https:\/\/forummontau.com\/girona\/unitat-dadiccions-comportamentals-psicologia-infantil-i-juvenil\/#primaryimage"},"thumbnailUrl":"https:\/\/forummontau.com\/girona\/wp-content\/uploads\/sites\/6\/2025\/02\/adicciones-moviles-adolescentes.webp","datePublished":"2025-02-11T16:28:41+00:00","dateModified":"2025-02-11T16:28:43+00:00","description":"\ud83d\udcf1\ud83e\udde0 En nuestro centro, ofrecemos prevenci\u00f3n y tratamiento para ni\u00f1os y j\u00f3venes con adicci\u00f3n a pantallas, videojuegos y nuevas tecnolog\u00edas. \u00a1Descubre c\u00f3mo podemos ayudarte!","breadcrumb":{"@id":"https:\/\/forummontau.com\/girona\/unitat-dadiccions-comportamentals-psicologia-infantil-i-juvenil\/#breadcrumb"},"inLanguage":"es","potentialAction":[{"@type":"ReadAction","target":["https:\/\/forummontau.com\/girona\/unitat-dadiccions-comportamentals-psicologia-infantil-i-juvenil\/"]}]},{"@type":"ImageObject","inLanguage":"es","@id":"https:\/\/forummontau.com\/girona\/unitat-dadiccions-comportamentals-psicologia-infantil-i-juvenil\/#primaryimage","url":"https:\/\/forummontau.com\/girona\/wp-content\/uploads\/sites\/6\/2025\/02\/adicciones-moviles-adolescentes.webp","contentUrl":"https:\/\/forummontau.com\/girona\/wp-content\/uploads\/sites\/6\/2025\/02\/adicciones-moviles-adolescentes.webp","width":1000,"height":667},{"@type":"BreadcrumbList","@id":"https:\/\/forummontau.com\/girona\/unitat-dadiccions-comportamentals-psicologia-infantil-i-juvenil\/#breadcrumb","itemListElement":[{"@type":"ListItem","position":1,"name":"Portada","item":"https:\/\/forummontau.com\/girona\/centre-desintoxicacio-i-addiccions-girona\/"},{"@type":"ListItem","position":2,"name":"Unitat d&#8217;Adiccions Comportamentals: Psicologia Infantil i Juvenil"}]},{"@type":"WebSite","@id":"https:\/\/forummontau.com\/girona\/#website","url":"https:\/\/forummontau.com\/girona\/","name":"Forum Salud Mental Girona","description":"Centro de Desintoxicaci\u00f3n y Adicciones en Girona","publisher":{"@id":"https:\/\/forummontau.com\/girona\/#organization"},"potentialAction":[{"@type":"SearchAction","target":{"@type":"EntryPoint","urlTemplate":"https:\/\/forummontau.com\/girona\/?s={search_term_string}"},"query-input":{"@type":"PropertyValueSpecification","valueRequired":true,"valueName":"search_term_string"}}],"inLanguage":"es"},{"@type":"Organization","@id":"https:\/\/forummontau.com\/girona\/#organization","name":"Forum Salud Mental Girona","url":"https:\/\/forummontau.com\/girona\/","logo":{"@type":"ImageObject","inLanguage":"es","@id":"https:\/\/forummontau.com\/girona\/#\/schema\/logo\/image\/","url":"https:\/\/forummontau.com\/girona\/wp-content\/uploads\/sites\/6\/2020\/02\/girona_forum.png","contentUrl":"https:\/\/forummontau.com\/girona\/wp-content\/uploads\/sites\/6\/2020\/02\/girona_forum.png","width":215,"height":119,"caption":"Forum Salud Mental Girona"},"image":{"@id":"https:\/\/forummontau.com\/girona\/#\/schema\/logo\/image\/"}},{"@type":"Person","@id":"https:\/\/forummontau.com\/girona\/#\/schema\/person\/dd79fa1c0ba733edd439998f9d7f5e25","name":"Forum Salud Mental Madrid"}]}},"_links":{"self":[{"href":"https:\/\/forummontau.com\/girona\/wp-json\/wp\/v2\/posts\/4806","targetHints":{"allow":["GET"]}}],"collection":[{"href":"https:\/\/forummontau.com\/girona\/wp-json\/wp\/v2\/posts"}],"about":[{"href":"https:\/\/forummontau.com\/girona\/wp-json\/wp\/v2\/types\/post"}],"author":[{"embeddable":true,"href":"https:\/\/forummontau.com\/girona\/wp-json\/wp\/v2\/users\/2"}],"replies":[{"embeddable":true,"href":"https:\/\/forummontau.com\/girona\/wp-json\/wp\/v2\/comments?post=4806"}],"version-history":[{"count":1,"href":"https:\/\/forummontau.com\/girona\/wp-json\/wp\/v2\/posts\/4806\/revisions"}],"predecessor-version":[{"id":4807,"href":"https:\/\/forummontau.com\/girona\/wp-json\/wp\/v2\/posts\/4806\/revisions\/4807"}],"wp:featuredmedia":[{"embeddable":true,"href":"https:\/\/forummontau.com\/girona\/wp-json\/wp\/v2\/media\/4803"}],"wp:attachment":[{"href":"https:\/\/forummontau.com\/girona\/wp-json\/wp\/v2\/media?parent=4806"}],"wp:term":[{"taxonomy":"category","embeddable":true,"href":"https:\/\/forummontau.com\/girona\/wp-json\/wp\/v2\/categories?post=4806"},{"taxonomy":"post_tag","embeddable":true,"href":"https:\/\/forummontau.com\/girona\/wp-json\/wp\/v2\/tags?post=4806"}],"curies":[{"name":"wp","href":"https:\/\/api.w.org\/{rel}","templated":true}]}}