{"id":4840,"date":"2025-03-18T13:03:29","date_gmt":"2025-03-18T13:03:29","guid":{"rendered":"https:\/\/forumgirona.cat\/?p=4840"},"modified":"2025-03-18T15:04:58","modified_gmt":"2025-03-18T15:04:58","slug":"relacion-eje-intestino-cerebro-y-adiccion-puede-la-microbiota-modular-el-deseo-de-consumo","status":"publish","type":"post","link":"https:\/\/forummontau.com\/girona\/relacion-eje-intestino-cerebro-y-adiccion-puede-la-microbiota-modular-el-deseo-de-consumo\/","title":{"rendered":"Relaci\u00f3n eje intestino-cerebro y adicci\u00f3n: \u00bfpuede la microbiota modular el deseo de consumo?"},"content":{"rendered":"\n<p>En los \u00faltimos a\u00f1os, la ciencia ha revelado una conexi\u00f3n profunda entre el intestino y el cerebro, conocida como el eje intestino-cerebro. Este v\u00ednculo no solo influye en nuestra digesti\u00f3n, sino que tambi\u00e9n impacta en nuestra salud mental y en el desarrollo de trastornos como la adicci\u00f3n. La microbiota intestinal, el conjunto de microorganismos que habitan en el intestino, juega un papel crucial en este proceso, regulando neurotransmisores como la dopamina y la serotonina, que est\u00e1n directamente relacionados con la b\u00fasqueda de recompensa y el consumo de sustancias.<\/p>\n\n\n\n<h2 class=\"wp-block-heading\">\u00bfQu\u00e9 es el Eje Intestino-Cerebro?<\/h2>\n\n\n\n<p>El intestino y el cerebro est\u00e1n conectados a trav\u00e9s del nervio vago y del sistema nervioso ent\u00e9rico, lo que permite una comunicaci\u00f3n bidireccional. Esta conexi\u00f3n se ve influenciada por la microbiota, que produce neurotransmisores y modula respuestas inflamatorias que pueden alterar el comportamiento y las emociones.<\/p>\n\n\n\n<h2 class=\"wp-block-heading\">Diversos estudios han demostrado que una microbiota desequilibrada est\u00e1 relacionada con:<\/h2>\n\n\n\n<ul class=\"wp-block-list\">\n<li>Aumento del estr\u00e9s y la ansiedad, lo que predispone a buscar sustancias como el alcohol o el tabaco para regular las emociones.<\/li>\n\n\n\n<li>Disminuci\u00f3n de la producci\u00f3n de serotonina, lo que puede provocar estados depresivos que llevan a un mayor consumo de drogas o adicciones conductuales.<\/li>\n\n\n\n<li>Alteraciones en la dopamina, el neurotransmisor clave en la sensaci\u00f3n de recompensa y placer, contribuyendo a la compulsi\u00f3n y la dependencia.<\/li>\n<\/ul>\n\n\n\n<h2 class=\"wp-block-heading\">Microbiota y comportamiento adictivo<\/h2>\n\n\n\n<p>Se ha encontrado que la composici\u00f3n de la microbiota de personas con adicciones es distinta a la de personas sin dependencia a sustancias. En particular, el consumo cr\u00f3nico de alcohol, nicotina o drogas altera la diversidad de bacterias intestinales, lo que perpet\u00faa un c\u00edrculo vicioso en el que el cuerpo sigue buscando la sustancia para intentar recuperar el equilibrio perdido.<\/p>\n\n\n\n<p>Adem\u00e1s, ciertos tipos de bacterias pueden influir en los antojos y en la preferencia por ciertos alimentos o sustancias. Por ejemplo, algunas bacterias aumentan la necesidad de consumir az\u00facar, lo que puede ser relevante en la adicci\u00f3n a la comida o en el s\u00edndrome de abstinencia de algunas sustancias.<\/p>\n\n\n\n<h2 class=\"wp-block-heading\">\u00bfC\u00f3mo puede la microbiota modular el deseo de consumo?<\/h2>\n\n\n\n<p>La buena noticia es que este sistema es modificable. A trav\u00e9s de cambios en la dieta y en el estilo de vida, es posible restaurar el equilibrio de la microbiota y reducir la vulnerabilidad a las adicciones. Algunas estrategias incluyen:<\/p>\n\n\n\n<ul class=\"wp-block-list\">\n<li>Alimentaci\u00f3n rica en prebi\u00f3ticos y probi\u00f3ticos: Alimentos como el yogur, el k\u00e9fir, el chucrut o el miso pueden ayudar a fortalecer la microbiota intestinal.<\/li>\n\n\n\n<li>Reducci\u00f3n de az\u00facares y ultraprocesados: Estos alimentos alteran la microbiota y pueden potenciar la necesidad de buscar recompensas inmediatas, como ocurre con las drogas.<\/li>\n\n\n\n<li>Ejercicio f\u00edsico: Favorece la diversidad microbiana y contribuye a la regulaci\u00f3n del eje intestino-cerebro.<\/li>\n\n\n\n<li>Reducci\u00f3n del estr\u00e9s: T\u00e9cnicas como la meditaci\u00f3n y el mindfulness pueden disminuir la inflamaci\u00f3n intestinal y mejorar la salud de la microbiota.<\/li>\n<\/ul>\n\n\n\n<p>El estudio del eje intestino-cerebro ha abierto una nueva v\u00eda para comprender la adicci\u00f3n desde una perspectiva integradora. M\u00e1s all\u00e1 del enfoque psicol\u00f3gico y neurol\u00f3gico tradicional, la regulaci\u00f3n de la microbiota puede convertirse en una herramienta clave para prevenir y tratar las adicciones. La ciencia sigue avanzando en este campo, pero los primeros hallazgos sugieren que cuidar la salud intestinal podr\u00eda ser un factor determinante en la recuperaci\u00f3n de las personas con dependencia a sustancias o conductas adictivas.<\/p>\n","protected":false},"excerpt":{"rendered":"<p>En los \u00faltimos a\u00f1os, la ciencia ha revelado una conexi\u00f3n profunda entre el intestino y el cerebro, conocida como el eje intestino-cerebro. Este v\u00ednculo no solo influye en nuestra digesti\u00f3n, sino que tambi\u00e9n impacta en nuestra salud mental y en el desarrollo de trastornos como la adicci\u00f3n. La microbiota intestinal, el conjunto de microorganismos que [&hellip;]<\/p>\n","protected":false},"author":2,"featured_media":4841,"comment_status":"closed","ping_status":"closed","sticky":false,"template":"","format":"standard","meta":{"ocean_post_layout":"","ocean_both_sidebars_style":"","ocean_both_sidebars_content_width":0,"ocean_both_sidebars_sidebars_width":0,"ocean_sidebar":"","ocean_second_sidebar":"","ocean_disable_margins":"enable","ocean_add_body_class":"","ocean_shortcode_before_top_bar":"","ocean_shortcode_after_top_bar":"","ocean_shortcode_before_header":"","ocean_shortcode_after_header":"","ocean_has_shortcode":"","ocean_shortcode_after_title":"","ocean_shortcode_before_footer_widgets":"","ocean_shortcode_after_footer_widgets":"","ocean_shortcode_before_footer_bottom":"","ocean_shortcode_after_footer_bottom":"","ocean_display_top_bar":"default","ocean_display_header":"default","ocean_header_style":"","ocean_center_header_left_menu":"","ocean_custom_header_template":"","ocean_custom_logo":0,"ocean_custom_retina_logo":0,"ocean_custom_logo_max_width":0,"ocean_custom_logo_tablet_max_width":0,"ocean_custom_logo_mobile_max_width":0,"ocean_custom_logo_max_height":0,"ocean_custom_logo_tablet_max_height":0,"ocean_custom_logo_mobile_max_height":0,"ocean_header_custom_menu":"","ocean_menu_typo_font_family":"","ocean_menu_typo_font_subset":"","ocean_menu_typo_font_size":0,"ocean_menu_typo_font_size_tablet":0,"ocean_menu_typo_font_size_mobile":0,"ocean_menu_typo_font_size_unit":"px","ocean_menu_typo_font_weight":"","ocean_menu_typo_font_weight_tablet":"","ocean_menu_typo_font_weight_mobile":"","ocean_menu_typo_transform":"","ocean_menu_typo_transform_tablet":"","ocean_menu_typo_transform_mobile":"","ocean_menu_typo_line_height":0,"ocean_menu_typo_line_height_tablet":0,"ocean_menu_typo_line_height_mobile":0,"ocean_menu_typo_line_height_unit":"","ocean_menu_typo_spacing":0,"ocean_menu_typo_spacing_tablet":0,"ocean_menu_typo_spacing_mobile":0,"ocean_menu_typo_spacing_unit":"","ocean_menu_link_color":"","ocean_menu_link_color_hover":"","ocean_menu_link_color_active":"","ocean_menu_link_background":"","ocean_menu_link_hover_background":"","ocean_menu_link_active_background":"","ocean_menu_social_links_bg":"","ocean_menu_social_hover_links_bg":"","ocean_menu_social_links_color":"","ocean_menu_social_hover_links_color":"","ocean_disable_title":"default","ocean_disable_heading":"default","ocean_post_title":"","ocean_post_subheading":"","ocean_post_title_style":"","ocean_post_title_background_color":"","ocean_post_title_background":0,"ocean_post_title_bg_image_position":"","ocean_post_title_bg_image_attachment":"","ocean_post_title_bg_image_repeat":"","ocean_post_title_bg_image_size":"","ocean_post_title_height":0,"ocean_post_title_bg_overlay":0.5,"ocean_post_title_bg_overlay_color":"","ocean_disable_breadcrumbs":"default","ocean_breadcrumbs_color":"","ocean_breadcrumbs_separator_color":"","ocean_breadcrumbs_links_color":"","ocean_breadcrumbs_links_hover_color":"","ocean_display_footer_widgets":"default","ocean_display_footer_bottom":"default","ocean_custom_footer_template":"","ocean_post_oembed":"","ocean_post_self_hosted_media":"","ocean_post_video_embed":"","ocean_link_format":"","ocean_link_format_target":"self","ocean_quote_format":"","ocean_quote_format_link":"post","ocean_gallery_link_images":"on","ocean_gallery_id":[],"footnotes":""},"categories":[491],"tags":[145,206,124],"class_list":["post-4840","post","type-post","status-publish","format-standard","has-post-thumbnail","hentry","category-microbiota","tag-addiccions-girona","tag-centro-adicciones-girona","tag-forum-girona","entry","has-media"],"yoast_head":"<!-- This site is optimized with the Yoast SEO plugin v27.5 - https:\/\/yoast.com\/product\/yoast-seo-wordpress\/ -->\n<title>Relaci\u00f3n eje intestino-cerebro y adicci\u00f3n: \u00bfpuede la microbiota modular el deseo de consumo? - Forum Salud Mental Girona<\/title>\n<meta name=\"description\" content=\"El eje intestino-cerebro es clave en la comprensi\u00f3n de las adicciones. La microbiota podr\u00eda ser una herramienta innovadora en su prevenci\u00f3n y tratamiento.\" \/>\n<meta name=\"robots\" content=\"index, follow, max-snippet:-1, max-image-preview:large, max-video-preview:-1\" \/>\n<link rel=\"canonical\" href=\"https:\/\/forummontau.com\/girona\/relacion-eje-intestino-cerebro-y-adiccion-puede-la-microbiota-modular-el-deseo-de-consumo\/\" \/>\n<meta property=\"og:locale\" content=\"es_ES\" \/>\n<meta property=\"og:type\" content=\"article\" \/>\n<meta property=\"og:title\" content=\"Relaci\u00f3n eje intestino-cerebro y adicci\u00f3n: \u00bfpuede la microbiota modular el deseo de consumo? - Forum Salud Mental Girona\" \/>\n<meta property=\"og:description\" content=\"El eje intestino-cerebro es clave en la comprensi\u00f3n de las adicciones. La microbiota podr\u00eda ser una herramienta innovadora en su prevenci\u00f3n y tratamiento.\" \/>\n<meta property=\"og:url\" content=\"https:\/\/forummontau.com\/girona\/relacion-eje-intestino-cerebro-y-adiccion-puede-la-microbiota-modular-el-deseo-de-consumo\/\" \/>\n<meta property=\"og:site_name\" content=\"Forum Salud Mental Girona\" \/>\n<meta property=\"article:published_time\" content=\"2025-03-18T13:03:29+00:00\" \/>\n<meta property=\"article:modified_time\" content=\"2025-03-18T15:04:58+00:00\" \/>\n<meta property=\"og:image\" content=\"https:\/\/forummontau.com\/girona\/wp-content\/uploads\/sites\/6\/2025\/03\/Microbiota-y-adicciones.webp\" \/>\n\t<meta property=\"og:image:width\" content=\"1000\" \/>\n\t<meta property=\"og:image:height\" content=\"667\" \/>\n\t<meta property=\"og:image:type\" content=\"image\/webp\" \/>\n<meta name=\"author\" content=\"Forum Salud Mental Madrid\" \/>\n<meta name=\"twitter:card\" content=\"summary_large_image\" \/>\n<meta name=\"twitter:label1\" content=\"Escrito por\" \/>\n\t<meta name=\"twitter:data1\" content=\"Forum Salud Mental Madrid\" \/>\n\t<meta name=\"twitter:label2\" content=\"Tiempo de lectura\" \/>\n\t<meta name=\"twitter:data2\" content=\"3 minutos\" \/>\n<script type=\"application\/ld+json\" class=\"yoast-schema-graph\">{\"@context\":\"https:\\\/\\\/schema.org\",\"@graph\":[{\"@type\":\"Article\",\"@id\":\"https:\\\/\\\/forummontau.com\\\/girona\\\/relacion-eje-intestino-cerebro-y-adiccion-puede-la-microbiota-modular-el-deseo-de-consumo\\\/#article\",\"isPartOf\":{\"@id\":\"https:\\\/\\\/forummontau.com\\\/girona\\\/relacion-eje-intestino-cerebro-y-adiccion-puede-la-microbiota-modular-el-deseo-de-consumo\\\/\"},\"author\":{\"name\":\"Forum Salud Mental Madrid\",\"@id\":\"https:\\\/\\\/forummontau.com\\\/girona\\\/#\\\/schema\\\/person\\\/dd79fa1c0ba733edd439998f9d7f5e25\"},\"headline\":\"Relaci\u00f3n eje intestino-cerebro y adicci\u00f3n: \u00bfpuede la microbiota modular el deseo de consumo?\",\"datePublished\":\"2025-03-18T13:03:29+00:00\",\"dateModified\":\"2025-03-18T15:04:58+00:00\",\"mainEntityOfPage\":{\"@id\":\"https:\\\/\\\/forummontau.com\\\/girona\\\/relacion-eje-intestino-cerebro-y-adiccion-puede-la-microbiota-modular-el-deseo-de-consumo\\\/\"},\"wordCount\":604,\"publisher\":{\"@id\":\"https:\\\/\\\/forummontau.com\\\/girona\\\/#organization\"},\"image\":{\"@id\":\"https:\\\/\\\/forummontau.com\\\/girona\\\/relacion-eje-intestino-cerebro-y-adiccion-puede-la-microbiota-modular-el-deseo-de-consumo\\\/#primaryimage\"},\"thumbnailUrl\":\"https:\\\/\\\/forummontau.com\\\/girona\\\/wp-content\\\/uploads\\\/sites\\\/6\\\/2025\\\/03\\\/Microbiota-y-adicciones.webp\",\"keywords\":[\"Addiccions Girona\",\"Centro Adicciones Girona\",\"Forum Girona\"],\"articleSection\":[\"Microbiota\"],\"inLanguage\":\"es\"},{\"@type\":\"WebPage\",\"@id\":\"https:\\\/\\\/forummontau.com\\\/girona\\\/relacion-eje-intestino-cerebro-y-adiccion-puede-la-microbiota-modular-el-deseo-de-consumo\\\/\",\"url\":\"https:\\\/\\\/forummontau.com\\\/girona\\\/relacion-eje-intestino-cerebro-y-adiccion-puede-la-microbiota-modular-el-deseo-de-consumo\\\/\",\"name\":\"Relaci\u00f3n eje intestino-cerebro y adicci\u00f3n: \u00bfpuede la microbiota modular el deseo de consumo? - Forum Salud Mental Girona\",\"isPartOf\":{\"@id\":\"https:\\\/\\\/forummontau.com\\\/girona\\\/#website\"},\"primaryImageOfPage\":{\"@id\":\"https:\\\/\\\/forummontau.com\\\/girona\\\/relacion-eje-intestino-cerebro-y-adiccion-puede-la-microbiota-modular-el-deseo-de-consumo\\\/#primaryimage\"},\"image\":{\"@id\":\"https:\\\/\\\/forummontau.com\\\/girona\\\/relacion-eje-intestino-cerebro-y-adiccion-puede-la-microbiota-modular-el-deseo-de-consumo\\\/#primaryimage\"},\"thumbnailUrl\":\"https:\\\/\\\/forummontau.com\\\/girona\\\/wp-content\\\/uploads\\\/sites\\\/6\\\/2025\\\/03\\\/Microbiota-y-adicciones.webp\",\"datePublished\":\"2025-03-18T13:03:29+00:00\",\"dateModified\":\"2025-03-18T15:04:58+00:00\",\"description\":\"El eje intestino-cerebro es clave en la comprensi\u00f3n de las adicciones. La microbiota podr\u00eda ser una herramienta innovadora en su prevenci\u00f3n y tratamiento.\",\"breadcrumb\":{\"@id\":\"https:\\\/\\\/forummontau.com\\\/girona\\\/relacion-eje-intestino-cerebro-y-adiccion-puede-la-microbiota-modular-el-deseo-de-consumo\\\/#breadcrumb\"},\"inLanguage\":\"es\",\"potentialAction\":[{\"@type\":\"ReadAction\",\"target\":[\"https:\\\/\\\/forummontau.com\\\/girona\\\/relacion-eje-intestino-cerebro-y-adiccion-puede-la-microbiota-modular-el-deseo-de-consumo\\\/\"]}]},{\"@type\":\"ImageObject\",\"inLanguage\":\"es\",\"@id\":\"https:\\\/\\\/forummontau.com\\\/girona\\\/relacion-eje-intestino-cerebro-y-adiccion-puede-la-microbiota-modular-el-deseo-de-consumo\\\/#primaryimage\",\"url\":\"https:\\\/\\\/forummontau.com\\\/girona\\\/wp-content\\\/uploads\\\/sites\\\/6\\\/2025\\\/03\\\/Microbiota-y-adicciones.webp\",\"contentUrl\":\"https:\\\/\\\/forummontau.com\\\/girona\\\/wp-content\\\/uploads\\\/sites\\\/6\\\/2025\\\/03\\\/Microbiota-y-adicciones.webp\",\"width\":1000,\"height\":667,\"caption\":\"El eje intestino-cerebro y las adicciones\"},{\"@type\":\"BreadcrumbList\",\"@id\":\"https:\\\/\\\/forummontau.com\\\/girona\\\/relacion-eje-intestino-cerebro-y-adiccion-puede-la-microbiota-modular-el-deseo-de-consumo\\\/#breadcrumb\",\"itemListElement\":[{\"@type\":\"ListItem\",\"position\":1,\"name\":\"Portada\",\"item\":\"https:\\\/\\\/forummontau.com\\\/girona\\\/centre-desintoxicacio-i-addiccions-girona\\\/\"},{\"@type\":\"ListItem\",\"position\":2,\"name\":\"Relaci\u00f3n eje intestino-cerebro y adicci\u00f3n: \u00bfpuede la microbiota modular el deseo de consumo?\"}]},{\"@type\":\"WebSite\",\"@id\":\"https:\\\/\\\/forummontau.com\\\/girona\\\/#website\",\"url\":\"https:\\\/\\\/forummontau.com\\\/girona\\\/\",\"name\":\"Forum Salud Mental Girona\",\"description\":\"Centro de Desintoxicaci\u00f3n y Adicciones en Girona\",\"publisher\":{\"@id\":\"https:\\\/\\\/forummontau.com\\\/girona\\\/#organization\"},\"potentialAction\":[{\"@type\":\"SearchAction\",\"target\":{\"@type\":\"EntryPoint\",\"urlTemplate\":\"https:\\\/\\\/forummontau.com\\\/girona\\\/?s={search_term_string}\"},\"query-input\":{\"@type\":\"PropertyValueSpecification\",\"valueRequired\":true,\"valueName\":\"search_term_string\"}}],\"inLanguage\":\"es\"},{\"@type\":\"Organization\",\"@id\":\"https:\\\/\\\/forummontau.com\\\/girona\\\/#organization\",\"name\":\"Forum Salud Mental Girona\",\"url\":\"https:\\\/\\\/forummontau.com\\\/girona\\\/\",\"logo\":{\"@type\":\"ImageObject\",\"inLanguage\":\"es\",\"@id\":\"https:\\\/\\\/forummontau.com\\\/girona\\\/#\\\/schema\\\/logo\\\/image\\\/\",\"url\":\"https:\\\/\\\/forummontau.com\\\/girona\\\/wp-content\\\/uploads\\\/sites\\\/6\\\/2020\\\/02\\\/girona_forum.png\",\"contentUrl\":\"https:\\\/\\\/forummontau.com\\\/girona\\\/wp-content\\\/uploads\\\/sites\\\/6\\\/2020\\\/02\\\/girona_forum.png\",\"width\":215,\"height\":119,\"caption\":\"Forum Salud Mental Girona\"},\"image\":{\"@id\":\"https:\\\/\\\/forummontau.com\\\/girona\\\/#\\\/schema\\\/logo\\\/image\\\/\"}},{\"@type\":\"Person\",\"@id\":\"https:\\\/\\\/forummontau.com\\\/girona\\\/#\\\/schema\\\/person\\\/dd79fa1c0ba733edd439998f9d7f5e25\",\"name\":\"Forum Salud Mental Madrid\"}]}<\/script>\n<!-- \/ Yoast SEO plugin. -->","yoast_head_json":{"title":"Relaci\u00f3n eje intestino-cerebro y adicci\u00f3n: \u00bfpuede la microbiota modular el deseo de consumo? - Forum Salud Mental Girona","description":"El eje intestino-cerebro es clave en la comprensi\u00f3n de las adicciones. La microbiota podr\u00eda ser una herramienta innovadora en su prevenci\u00f3n y tratamiento.","robots":{"index":"index","follow":"follow","max-snippet":"max-snippet:-1","max-image-preview":"max-image-preview:large","max-video-preview":"max-video-preview:-1"},"canonical":"https:\/\/forummontau.com\/girona\/relacion-eje-intestino-cerebro-y-adiccion-puede-la-microbiota-modular-el-deseo-de-consumo\/","og_locale":"es_ES","og_type":"article","og_title":"Relaci\u00f3n eje intestino-cerebro y adicci\u00f3n: \u00bfpuede la microbiota modular el deseo de consumo? - Forum Salud Mental Girona","og_description":"El eje intestino-cerebro es clave en la comprensi\u00f3n de las adicciones. La microbiota podr\u00eda ser una herramienta innovadora en su prevenci\u00f3n y tratamiento.","og_url":"https:\/\/forummontau.com\/girona\/relacion-eje-intestino-cerebro-y-adiccion-puede-la-microbiota-modular-el-deseo-de-consumo\/","og_site_name":"Forum Salud Mental Girona","article_published_time":"2025-03-18T13:03:29+00:00","article_modified_time":"2025-03-18T15:04:58+00:00","og_image":[{"width":1000,"height":667,"url":"https:\/\/forummontau.com\/girona\/wp-content\/uploads\/sites\/6\/2025\/03\/Microbiota-y-adicciones.webp","type":"image\/webp"}],"author":"Forum Salud Mental Madrid","twitter_card":"summary_large_image","twitter_misc":{"Escrito por":"Forum Salud Mental Madrid","Tiempo de lectura":"3 minutos"},"schema":{"@context":"https:\/\/schema.org","@graph":[{"@type":"Article","@id":"https:\/\/forummontau.com\/girona\/relacion-eje-intestino-cerebro-y-adiccion-puede-la-microbiota-modular-el-deseo-de-consumo\/#article","isPartOf":{"@id":"https:\/\/forummontau.com\/girona\/relacion-eje-intestino-cerebro-y-adiccion-puede-la-microbiota-modular-el-deseo-de-consumo\/"},"author":{"name":"Forum Salud Mental Madrid","@id":"https:\/\/forummontau.com\/girona\/#\/schema\/person\/dd79fa1c0ba733edd439998f9d7f5e25"},"headline":"Relaci\u00f3n eje intestino-cerebro y adicci\u00f3n: \u00bfpuede la microbiota modular el deseo de consumo?","datePublished":"2025-03-18T13:03:29+00:00","dateModified":"2025-03-18T15:04:58+00:00","mainEntityOfPage":{"@id":"https:\/\/forummontau.com\/girona\/relacion-eje-intestino-cerebro-y-adiccion-puede-la-microbiota-modular-el-deseo-de-consumo\/"},"wordCount":604,"publisher":{"@id":"https:\/\/forummontau.com\/girona\/#organization"},"image":{"@id":"https:\/\/forummontau.com\/girona\/relacion-eje-intestino-cerebro-y-adiccion-puede-la-microbiota-modular-el-deseo-de-consumo\/#primaryimage"},"thumbnailUrl":"https:\/\/forummontau.com\/girona\/wp-content\/uploads\/sites\/6\/2025\/03\/Microbiota-y-adicciones.webp","keywords":["Addiccions Girona","Centro Adicciones Girona","Forum Girona"],"articleSection":["Microbiota"],"inLanguage":"es"},{"@type":"WebPage","@id":"https:\/\/forummontau.com\/girona\/relacion-eje-intestino-cerebro-y-adiccion-puede-la-microbiota-modular-el-deseo-de-consumo\/","url":"https:\/\/forummontau.com\/girona\/relacion-eje-intestino-cerebro-y-adiccion-puede-la-microbiota-modular-el-deseo-de-consumo\/","name":"Relaci\u00f3n eje intestino-cerebro y adicci\u00f3n: \u00bfpuede la microbiota modular el deseo de consumo? - Forum Salud Mental Girona","isPartOf":{"@id":"https:\/\/forummontau.com\/girona\/#website"},"primaryImageOfPage":{"@id":"https:\/\/forummontau.com\/girona\/relacion-eje-intestino-cerebro-y-adiccion-puede-la-microbiota-modular-el-deseo-de-consumo\/#primaryimage"},"image":{"@id":"https:\/\/forummontau.com\/girona\/relacion-eje-intestino-cerebro-y-adiccion-puede-la-microbiota-modular-el-deseo-de-consumo\/#primaryimage"},"thumbnailUrl":"https:\/\/forummontau.com\/girona\/wp-content\/uploads\/sites\/6\/2025\/03\/Microbiota-y-adicciones.webp","datePublished":"2025-03-18T13:03:29+00:00","dateModified":"2025-03-18T15:04:58+00:00","description":"El eje intestino-cerebro es clave en la comprensi\u00f3n de las adicciones. La microbiota podr\u00eda ser una herramienta innovadora en su prevenci\u00f3n y tratamiento.","breadcrumb":{"@id":"https:\/\/forummontau.com\/girona\/relacion-eje-intestino-cerebro-y-adiccion-puede-la-microbiota-modular-el-deseo-de-consumo\/#breadcrumb"},"inLanguage":"es","potentialAction":[{"@type":"ReadAction","target":["https:\/\/forummontau.com\/girona\/relacion-eje-intestino-cerebro-y-adiccion-puede-la-microbiota-modular-el-deseo-de-consumo\/"]}]},{"@type":"ImageObject","inLanguage":"es","@id":"https:\/\/forummontau.com\/girona\/relacion-eje-intestino-cerebro-y-adiccion-puede-la-microbiota-modular-el-deseo-de-consumo\/#primaryimage","url":"https:\/\/forummontau.com\/girona\/wp-content\/uploads\/sites\/6\/2025\/03\/Microbiota-y-adicciones.webp","contentUrl":"https:\/\/forummontau.com\/girona\/wp-content\/uploads\/sites\/6\/2025\/03\/Microbiota-y-adicciones.webp","width":1000,"height":667,"caption":"El eje intestino-cerebro y las adicciones"},{"@type":"BreadcrumbList","@id":"https:\/\/forummontau.com\/girona\/relacion-eje-intestino-cerebro-y-adiccion-puede-la-microbiota-modular-el-deseo-de-consumo\/#breadcrumb","itemListElement":[{"@type":"ListItem","position":1,"name":"Portada","item":"https:\/\/forummontau.com\/girona\/centre-desintoxicacio-i-addiccions-girona\/"},{"@type":"ListItem","position":2,"name":"Relaci\u00f3n eje intestino-cerebro y adicci\u00f3n: \u00bfpuede la microbiota modular el deseo de consumo?"}]},{"@type":"WebSite","@id":"https:\/\/forummontau.com\/girona\/#website","url":"https:\/\/forummontau.com\/girona\/","name":"Forum Salud Mental Girona","description":"Centro de Desintoxicaci\u00f3n y Adicciones en Girona","publisher":{"@id":"https:\/\/forummontau.com\/girona\/#organization"},"potentialAction":[{"@type":"SearchAction","target":{"@type":"EntryPoint","urlTemplate":"https:\/\/forummontau.com\/girona\/?s={search_term_string}"},"query-input":{"@type":"PropertyValueSpecification","valueRequired":true,"valueName":"search_term_string"}}],"inLanguage":"es"},{"@type":"Organization","@id":"https:\/\/forummontau.com\/girona\/#organization","name":"Forum Salud Mental Girona","url":"https:\/\/forummontau.com\/girona\/","logo":{"@type":"ImageObject","inLanguage":"es","@id":"https:\/\/forummontau.com\/girona\/#\/schema\/logo\/image\/","url":"https:\/\/forummontau.com\/girona\/wp-content\/uploads\/sites\/6\/2020\/02\/girona_forum.png","contentUrl":"https:\/\/forummontau.com\/girona\/wp-content\/uploads\/sites\/6\/2020\/02\/girona_forum.png","width":215,"height":119,"caption":"Forum Salud Mental Girona"},"image":{"@id":"https:\/\/forummontau.com\/girona\/#\/schema\/logo\/image\/"}},{"@type":"Person","@id":"https:\/\/forummontau.com\/girona\/#\/schema\/person\/dd79fa1c0ba733edd439998f9d7f5e25","name":"Forum Salud Mental Madrid"}]}},"_links":{"self":[{"href":"https:\/\/forummontau.com\/girona\/wp-json\/wp\/v2\/posts\/4840","targetHints":{"allow":["GET"]}}],"collection":[{"href":"https:\/\/forummontau.com\/girona\/wp-json\/wp\/v2\/posts"}],"about":[{"href":"https:\/\/forummontau.com\/girona\/wp-json\/wp\/v2\/types\/post"}],"author":[{"embeddable":true,"href":"https:\/\/forummontau.com\/girona\/wp-json\/wp\/v2\/users\/2"}],"replies":[{"embeddable":true,"href":"https:\/\/forummontau.com\/girona\/wp-json\/wp\/v2\/comments?post=4840"}],"version-history":[{"count":3,"href":"https:\/\/forummontau.com\/girona\/wp-json\/wp\/v2\/posts\/4840\/revisions"}],"predecessor-version":[{"id":4847,"href":"https:\/\/forummontau.com\/girona\/wp-json\/wp\/v2\/posts\/4840\/revisions\/4847"}],"wp:featuredmedia":[{"embeddable":true,"href":"https:\/\/forummontau.com\/girona\/wp-json\/wp\/v2\/media\/4841"}],"wp:attachment":[{"href":"https:\/\/forummontau.com\/girona\/wp-json\/wp\/v2\/media?parent=4840"}],"wp:term":[{"taxonomy":"category","embeddable":true,"href":"https:\/\/forummontau.com\/girona\/wp-json\/wp\/v2\/categories?post=4840"},{"taxonomy":"post_tag","embeddable":true,"href":"https:\/\/forummontau.com\/girona\/wp-json\/wp\/v2\/tags?post=4840"}],"curies":[{"name":"wp","href":"https:\/\/api.w.org\/{rel}","templated":true}]}}