{"id":4843,"date":"2025-03-18T13:10:26","date_gmt":"2025-03-18T13:10:26","guid":{"rendered":"https:\/\/forumgirona.cat\/?p=4843"},"modified":"2025-03-18T13:10:28","modified_gmt":"2025-03-18T13:10:28","slug":"relacio-eix-intesti-cervell-i-addiccions-pot-la-microbiota-modular-el-desig-de-consumir","status":"publish","type":"post","link":"https:\/\/forummontau.com\/girona\/relacio-eix-intesti-cervell-i-addiccions-pot-la-microbiota-modular-el-desig-de-consumir\/","title":{"rendered":"Relaci\u00f3 eix intest\u00ed-cervell i addiccions. Pot la microbiota modular el desig de consumir?"},"content":{"rendered":"\n<p>En els darrers anys, la ci\u00e8ncia ha revelat una connexi\u00f3 profunda entre l&#8217;intest\u00ed i el cervell, coneguda com l&#8217;eix intest\u00ed-cervell. Aquest vincle no sols influeix en la nostra digesti\u00f3, sin\u00f3 que tamb\u00e9 impacta en la nostra salut mental i en el desenvolupament de trastorns com l&#8217;addicci\u00f3. La microbiota intestinal, el conjunt de microorganismes que habiten a l&#8217;intest\u00ed, juga un paper crucial en aquest proc\u00e9s, regulant neurotransmissors com la dopamina i la serotonina, que estan directament relacionats amb la recerca de recompensa i el consum de subst\u00e0ncies.<\/p>\n\n\n\n<h2 class=\"wp-block-heading\">Eix intest\u00ed-cervell<\/h2>\n\n\n\n<p>L&#8217;intest\u00ed i el cervell estan connectats a trav\u00e9s del nervi vague i del sistema nervi\u00f3s ent\u00e8ric, cosa que permet una comunicaci\u00f3 bidireccional. Aquesta connexi\u00f3 es veu influenciada per la microbiota, que produeix neurotransmissors i modula respostes inflamat\u00f2ries que poden alterar el comportament i les emocions.<br>Diversos estudis han demostrat que una microbiota desequilibrada est\u00e0 relacionada amb:<\/p>\n\n\n\n<ul class=\"wp-block-list\">\n<li>Augment de l&#8217;estr\u00e8s i l&#8217;ansietat, cosa que predisposa a cercar subst\u00e0ncies com l&#8217;alcohol o el tabac per regular les emocions.<\/li>\n\n\n\n<li>Disminuci\u00f3 de la producci\u00f3 de serotonina, cosa que pot provocar estats depressius que porten a un major consum de drogues o addiccions conductuals.<\/li>\n\n\n\n<li>Alteracions a la dopamina, el neurotransmissor clau en la sensaci\u00f3 de recompensa i plaer, contribuint a la compulsi\u00f3 i la depend\u00e8ncia.<\/li>\n<\/ul>\n\n\n\n<h2 class=\"wp-block-heading\">Microbiota i comportament addictiu<\/h2>\n\n\n\n<p>S&#8217;ha trobat que la composici\u00f3 de la microbiota de persones amb addiccions \u00e9s diferent de la de persones sense depend\u00e8ncia a subst\u00e0ncies. En particular, el consum cr\u00f2nic d&#8217;alcohol, nicotina o drogues altera la diversitat de bacteris intestinals, cosa que perpetua un cercle vici\u00f3s en qu\u00e8 el cos continua buscant la subst\u00e0ncia per intentar recuperar l&#8217;equilibri perdut.<br>A m\u00e9s, certs tipus de bacteris poden influir en els desitjos i en la prefer\u00e8ncia per certs aliments o subst\u00e0ncies. Per exemple, alguns bacteris augmenten la necessitat de consumir sucre, cosa que pot ser rellevant en l&#8217;addicci\u00f3 al menjar o el s\u00edndrome d&#8217;abstin\u00e8ncia d&#8217;algunes subst\u00e0ncies.<\/p>\n\n\n\n<h2 class=\"wp-block-heading\">Com pot la microbioa modular l&#8217;addicci\u00f3<\/h2>\n\n\n\n<p>S&#8217;ha trobat que la composici\u00f3 de la microbiota de persones amb addiccions \u00e9s diferent de la de persones sense depend\u00e8ncia a subst\u00e0ncies. En particular, el consum cr\u00f2nic d&#8217;alcohol, nicotina o droges altera la diversitat de bacteris intestinals, cosa que perp\u00e8tua un c\u00edrcle vicios en qu\u00e8 el cos continua buscant la subst\u00e0ncia per intentar recuperar l&#8217;equilibri perdut.<br>A m\u00e9s, certs tipus de bacteris poden influir en els desejos i en la prefer\u00e8ncia per certs aliments o subst\u00e0ncies. Per exemple, algunes bacteris augmentin la necessitat de consumir sucre, cosa que pot ser rellevant en l&#8217;addicci\u00f3 al menjar oa la s\u00edndrome d&#8217;abstin\u00e8ncia d&#8217;algunes subst\u00e0ncies.<\/p>\n\n\n\n<p>L&#8217;estudi de l&#8217;eix intest\u00ed cervell ha obert una nova via per comprendre l&#8217;addicci\u00f3 des d&#8217;una perspectiva integradora. M\u00e9s enll\u00e0 de l&#8217;enfocament psicol\u00f2gic i neurol\u00f2gic tradicional, la regulaci\u00f3 de la microbiota es pot convertir en una eina clau per prevenir i tractar les addiccions. La ci\u00e8ncia continua avan\u00e7ant en aquest camp, per\u00f2 les primeres troballes suggereixen que tenir cura de la salut intestinal podria ser un factor determinant en la recuperaci\u00f3 de les persones amb depend\u00e8ncia a subst\u00e0ncies o conductes addictives.<\/p>\n","protected":false},"excerpt":{"rendered":"<p>En els darrers anys, la ci\u00e8ncia ha revelat una connexi\u00f3 profunda entre l&#8217;intest\u00ed i el cervell, coneguda com l&#8217;eix intest\u00ed-cervell. Aquest vincle no sols influeix en la nostra digesti\u00f3, sin\u00f3 que tamb\u00e9 impacta en la nostra salut mental i en el desenvolupament de trastorns com l&#8217;addicci\u00f3. La microbiota intestinal, el conjunt de microorganismes que habiten [&hellip;]<\/p>\n","protected":false},"author":2,"featured_media":4841,"comment_status":"closed","ping_status":"closed","sticky":false,"template":"","format":"standard","meta":{"ocean_post_layout":"","ocean_both_sidebars_style":"","ocean_both_sidebars_content_width":0,"ocean_both_sidebars_sidebars_width":0,"ocean_sidebar":"","ocean_second_sidebar":"","ocean_disable_margins":"enable","ocean_add_body_class":"","ocean_shortcode_before_top_bar":"","ocean_shortcode_after_top_bar":"","ocean_shortcode_before_header":"","ocean_shortcode_after_header":"","ocean_has_shortcode":"","ocean_shortcode_after_title":"","ocean_shortcode_before_footer_widgets":"","ocean_shortcode_after_footer_widgets":"","ocean_shortcode_before_footer_bottom":"","ocean_shortcode_after_footer_bottom":"","ocean_display_top_bar":"default","ocean_display_header":"default","ocean_header_style":"","ocean_center_header_left_menu":"","ocean_custom_header_template":"","ocean_custom_logo":0,"ocean_custom_retina_logo":0,"ocean_custom_logo_max_width":0,"ocean_custom_logo_tablet_max_width":0,"ocean_custom_logo_mobile_max_width":0,"ocean_custom_logo_max_height":0,"ocean_custom_logo_tablet_max_height":0,"ocean_custom_logo_mobile_max_height":0,"ocean_header_custom_menu":"","ocean_menu_typo_font_family":"","ocean_menu_typo_font_subset":"","ocean_menu_typo_font_size":0,"ocean_menu_typo_font_size_tablet":0,"ocean_menu_typo_font_size_mobile":0,"ocean_menu_typo_font_size_unit":"px","ocean_menu_typo_font_weight":"","ocean_menu_typo_font_weight_tablet":"","ocean_menu_typo_font_weight_mobile":"","ocean_menu_typo_transform":"","ocean_menu_typo_transform_tablet":"","ocean_menu_typo_transform_mobile":"","ocean_menu_typo_line_height":0,"ocean_menu_typo_line_height_tablet":0,"ocean_menu_typo_line_height_mobile":0,"ocean_menu_typo_line_height_unit":"","ocean_menu_typo_spacing":0,"ocean_menu_typo_spacing_tablet":0,"ocean_menu_typo_spacing_mobile":0,"ocean_menu_typo_spacing_unit":"","ocean_menu_link_color":"","ocean_menu_link_color_hover":"","ocean_menu_link_color_active":"","ocean_menu_link_background":"","ocean_menu_link_hover_background":"","ocean_menu_link_active_background":"","ocean_menu_social_links_bg":"","ocean_menu_social_hover_links_bg":"","ocean_menu_social_links_color":"","ocean_menu_social_hover_links_color":"","ocean_disable_title":"default","ocean_disable_heading":"default","ocean_post_title":"","ocean_post_subheading":"","ocean_post_title_style":"","ocean_post_title_background_color":"","ocean_post_title_background":0,"ocean_post_title_bg_image_position":"","ocean_post_title_bg_image_attachment":"","ocean_post_title_bg_image_repeat":"","ocean_post_title_bg_image_size":"","ocean_post_title_height":0,"ocean_post_title_bg_overlay":0.5,"ocean_post_title_bg_overlay_color":"","ocean_disable_breadcrumbs":"default","ocean_breadcrumbs_color":"","ocean_breadcrumbs_separator_color":"","ocean_breadcrumbs_links_color":"","ocean_breadcrumbs_links_hover_color":"","ocean_display_footer_widgets":"default","ocean_display_footer_bottom":"default","ocean_custom_footer_template":"","ocean_post_oembed":"","ocean_post_self_hosted_media":"","ocean_post_video_embed":"","ocean_link_format":"","ocean_link_format_target":"self","ocean_quote_format":"","ocean_quote_format_link":"post","ocean_gallery_link_images":"on","ocean_gallery_id":[],"footnotes":""},"categories":[9],"tags":[],"class_list":["post-4843","post","type-post","status-publish","format-standard","has-post-thumbnail","hentry","category-sin-categoria-ca","entry","has-media"],"yoast_head":"<!-- This site is optimized with the Yoast SEO plugin v27.5 - https:\/\/yoast.com\/product\/yoast-seo-wordpress\/ -->\n<title>Relaci\u00f3 eix intest\u00ed-cervell i addiccions. Pot la microbiota modular el desig de consumir? - Forum Salud Mental Girona<\/title>\n<meta name=\"description\" content=\"El eje intestino-cerebro es clave en la comprensi\u00f3n de las adicciones. La microbiota podr\u00eda ser una herramienta innovadora en su prevenci\u00f3n y tratamiento.\" \/>\n<meta name=\"robots\" content=\"index, follow, max-snippet:-1, max-image-preview:large, max-video-preview:-1\" \/>\n<link rel=\"canonical\" href=\"https:\/\/forummontau.com\/girona\/relacio-eix-intesti-cervell-i-addiccions-pot-la-microbiota-modular-el-desig-de-consumir\/\" \/>\n<meta property=\"og:locale\" content=\"es_ES\" \/>\n<meta property=\"og:type\" content=\"article\" \/>\n<meta property=\"og:title\" content=\"Relaci\u00f3 eix intest\u00ed-cervell i addiccions. Pot la microbiota modular el desig de consumir? - Forum Salud Mental Girona\" \/>\n<meta property=\"og:description\" content=\"El eje intestino-cerebro es clave en la comprensi\u00f3n de las adicciones. La microbiota podr\u00eda ser una herramienta innovadora en su prevenci\u00f3n y tratamiento.\" \/>\n<meta property=\"og:url\" content=\"https:\/\/forummontau.com\/girona\/relacio-eix-intesti-cervell-i-addiccions-pot-la-microbiota-modular-el-desig-de-consumir\/\" \/>\n<meta property=\"og:site_name\" content=\"Forum Salud Mental Girona\" \/>\n<meta property=\"article:published_time\" content=\"2025-03-18T13:10:26+00:00\" \/>\n<meta property=\"article:modified_time\" content=\"2025-03-18T13:10:28+00:00\" \/>\n<meta property=\"og:image\" content=\"https:\/\/forummontau.com\/girona\/wp-content\/uploads\/sites\/6\/2025\/03\/Microbiota-y-adicciones.webp\" \/>\n\t<meta property=\"og:image:width\" content=\"1000\" \/>\n\t<meta property=\"og:image:height\" content=\"667\" \/>\n\t<meta property=\"og:image:type\" content=\"image\/webp\" \/>\n<meta name=\"author\" content=\"Forum Salud Mental Madrid\" \/>\n<meta name=\"twitter:card\" content=\"summary_large_image\" \/>\n<meta name=\"twitter:label1\" content=\"Escrito por\" \/>\n\t<meta name=\"twitter:data1\" content=\"Forum Salud Mental Madrid\" \/>\n\t<meta name=\"twitter:label2\" content=\"Tiempo de lectura\" \/>\n\t<meta name=\"twitter:data2\" content=\"3 minutos\" \/>\n<script type=\"application\/ld+json\" class=\"yoast-schema-graph\">{\"@context\":\"https:\\\/\\\/schema.org\",\"@graph\":[{\"@type\":\"Article\",\"@id\":\"https:\\\/\\\/forummontau.com\\\/girona\\\/relacio-eix-intesti-cervell-i-addiccions-pot-la-microbiota-modular-el-desig-de-consumir\\\/#article\",\"isPartOf\":{\"@id\":\"https:\\\/\\\/forummontau.com\\\/girona\\\/relacio-eix-intesti-cervell-i-addiccions-pot-la-microbiota-modular-el-desig-de-consumir\\\/\"},\"author\":{\"name\":\"Forum Salud Mental Madrid\",\"@id\":\"https:\\\/\\\/forummontau.com\\\/girona\\\/#\\\/schema\\\/person\\\/dd79fa1c0ba733edd439998f9d7f5e25\"},\"headline\":\"Relaci\u00f3 eix intest\u00ed-cervell i addiccions. Pot la microbiota modular el desig de consumir?\",\"datePublished\":\"2025-03-18T13:10:26+00:00\",\"dateModified\":\"2025-03-18T13:10:28+00:00\",\"mainEntityOfPage\":{\"@id\":\"https:\\\/\\\/forummontau.com\\\/girona\\\/relacio-eix-intesti-cervell-i-addiccions-pot-la-microbiota-modular-el-desig-de-consumir\\\/\"},\"wordCount\":582,\"publisher\":{\"@id\":\"https:\\\/\\\/forummontau.com\\\/girona\\\/#organization\"},\"image\":{\"@id\":\"https:\\\/\\\/forummontau.com\\\/girona\\\/relacio-eix-intesti-cervell-i-addiccions-pot-la-microbiota-modular-el-desig-de-consumir\\\/#primaryimage\"},\"thumbnailUrl\":\"https:\\\/\\\/forummontau.com\\\/girona\\\/wp-content\\\/uploads\\\/sites\\\/6\\\/2025\\\/03\\\/Microbiota-y-adicciones.webp\",\"inLanguage\":\"es\"},{\"@type\":\"WebPage\",\"@id\":\"https:\\\/\\\/forummontau.com\\\/girona\\\/relacio-eix-intesti-cervell-i-addiccions-pot-la-microbiota-modular-el-desig-de-consumir\\\/\",\"url\":\"https:\\\/\\\/forummontau.com\\\/girona\\\/relacio-eix-intesti-cervell-i-addiccions-pot-la-microbiota-modular-el-desig-de-consumir\\\/\",\"name\":\"Relaci\u00f3 eix intest\u00ed-cervell i addiccions. Pot la microbiota modular el desig de consumir? - Forum Salud Mental Girona\",\"isPartOf\":{\"@id\":\"https:\\\/\\\/forummontau.com\\\/girona\\\/#website\"},\"primaryImageOfPage\":{\"@id\":\"https:\\\/\\\/forummontau.com\\\/girona\\\/relacio-eix-intesti-cervell-i-addiccions-pot-la-microbiota-modular-el-desig-de-consumir\\\/#primaryimage\"},\"image\":{\"@id\":\"https:\\\/\\\/forummontau.com\\\/girona\\\/relacio-eix-intesti-cervell-i-addiccions-pot-la-microbiota-modular-el-desig-de-consumir\\\/#primaryimage\"},\"thumbnailUrl\":\"https:\\\/\\\/forummontau.com\\\/girona\\\/wp-content\\\/uploads\\\/sites\\\/6\\\/2025\\\/03\\\/Microbiota-y-adicciones.webp\",\"datePublished\":\"2025-03-18T13:10:26+00:00\",\"dateModified\":\"2025-03-18T13:10:28+00:00\",\"description\":\"El eje intestino-cerebro es clave en la comprensi\u00f3n de las adicciones. La microbiota podr\u00eda ser una herramienta innovadora en su prevenci\u00f3n y tratamiento.\",\"breadcrumb\":{\"@id\":\"https:\\\/\\\/forummontau.com\\\/girona\\\/relacio-eix-intesti-cervell-i-addiccions-pot-la-microbiota-modular-el-desig-de-consumir\\\/#breadcrumb\"},\"inLanguage\":\"es\",\"potentialAction\":[{\"@type\":\"ReadAction\",\"target\":[\"https:\\\/\\\/forummontau.com\\\/girona\\\/relacio-eix-intesti-cervell-i-addiccions-pot-la-microbiota-modular-el-desig-de-consumir\\\/\"]}]},{\"@type\":\"ImageObject\",\"inLanguage\":\"es\",\"@id\":\"https:\\\/\\\/forummontau.com\\\/girona\\\/relacio-eix-intesti-cervell-i-addiccions-pot-la-microbiota-modular-el-desig-de-consumir\\\/#primaryimage\",\"url\":\"https:\\\/\\\/forummontau.com\\\/girona\\\/wp-content\\\/uploads\\\/sites\\\/6\\\/2025\\\/03\\\/Microbiota-y-adicciones.webp\",\"contentUrl\":\"https:\\\/\\\/forummontau.com\\\/girona\\\/wp-content\\\/uploads\\\/sites\\\/6\\\/2025\\\/03\\\/Microbiota-y-adicciones.webp\",\"width\":1000,\"height\":667,\"caption\":\"El eje intestino-cerebro y las adicciones\"},{\"@type\":\"BreadcrumbList\",\"@id\":\"https:\\\/\\\/forummontau.com\\\/girona\\\/relacio-eix-intesti-cervell-i-addiccions-pot-la-microbiota-modular-el-desig-de-consumir\\\/#breadcrumb\",\"itemListElement\":[{\"@type\":\"ListItem\",\"position\":1,\"name\":\"Portada\",\"item\":\"https:\\\/\\\/forummontau.com\\\/girona\\\/centre-desintoxicacio-i-addiccions-girona\\\/\"},{\"@type\":\"ListItem\",\"position\":2,\"name\":\"Relaci\u00f3 eix intest\u00ed-cervell i addiccions. Pot la microbiota modular el desig de consumir?\"}]},{\"@type\":\"WebSite\",\"@id\":\"https:\\\/\\\/forummontau.com\\\/girona\\\/#website\",\"url\":\"https:\\\/\\\/forummontau.com\\\/girona\\\/\",\"name\":\"Forum Salud Mental Girona\",\"description\":\"Centro de Desintoxicaci\u00f3n y Adicciones en Girona\",\"publisher\":{\"@id\":\"https:\\\/\\\/forummontau.com\\\/girona\\\/#organization\"},\"potentialAction\":[{\"@type\":\"SearchAction\",\"target\":{\"@type\":\"EntryPoint\",\"urlTemplate\":\"https:\\\/\\\/forummontau.com\\\/girona\\\/?s={search_term_string}\"},\"query-input\":{\"@type\":\"PropertyValueSpecification\",\"valueRequired\":true,\"valueName\":\"search_term_string\"}}],\"inLanguage\":\"es\"},{\"@type\":\"Organization\",\"@id\":\"https:\\\/\\\/forummontau.com\\\/girona\\\/#organization\",\"name\":\"Forum Salud Mental Girona\",\"url\":\"https:\\\/\\\/forummontau.com\\\/girona\\\/\",\"logo\":{\"@type\":\"ImageObject\",\"inLanguage\":\"es\",\"@id\":\"https:\\\/\\\/forummontau.com\\\/girona\\\/#\\\/schema\\\/logo\\\/image\\\/\",\"url\":\"https:\\\/\\\/forummontau.com\\\/girona\\\/wp-content\\\/uploads\\\/sites\\\/6\\\/2020\\\/02\\\/girona_forum.png\",\"contentUrl\":\"https:\\\/\\\/forummontau.com\\\/girona\\\/wp-content\\\/uploads\\\/sites\\\/6\\\/2020\\\/02\\\/girona_forum.png\",\"width\":215,\"height\":119,\"caption\":\"Forum Salud Mental Girona\"},\"image\":{\"@id\":\"https:\\\/\\\/forummontau.com\\\/girona\\\/#\\\/schema\\\/logo\\\/image\\\/\"}},{\"@type\":\"Person\",\"@id\":\"https:\\\/\\\/forummontau.com\\\/girona\\\/#\\\/schema\\\/person\\\/dd79fa1c0ba733edd439998f9d7f5e25\",\"name\":\"Forum Salud Mental Madrid\"}]}<\/script>\n<!-- \/ Yoast SEO plugin. -->","yoast_head_json":{"title":"Relaci\u00f3 eix intest\u00ed-cervell i addiccions. Pot la microbiota modular el desig de consumir? - Forum Salud Mental Girona","description":"El eje intestino-cerebro es clave en la comprensi\u00f3n de las adicciones. La microbiota podr\u00eda ser una herramienta innovadora en su prevenci\u00f3n y tratamiento.","robots":{"index":"index","follow":"follow","max-snippet":"max-snippet:-1","max-image-preview":"max-image-preview:large","max-video-preview":"max-video-preview:-1"},"canonical":"https:\/\/forummontau.com\/girona\/relacio-eix-intesti-cervell-i-addiccions-pot-la-microbiota-modular-el-desig-de-consumir\/","og_locale":"es_ES","og_type":"article","og_title":"Relaci\u00f3 eix intest\u00ed-cervell i addiccions. Pot la microbiota modular el desig de consumir? - Forum Salud Mental Girona","og_description":"El eje intestino-cerebro es clave en la comprensi\u00f3n de las adicciones. La microbiota podr\u00eda ser una herramienta innovadora en su prevenci\u00f3n y tratamiento.","og_url":"https:\/\/forummontau.com\/girona\/relacio-eix-intesti-cervell-i-addiccions-pot-la-microbiota-modular-el-desig-de-consumir\/","og_site_name":"Forum Salud Mental Girona","article_published_time":"2025-03-18T13:10:26+00:00","article_modified_time":"2025-03-18T13:10:28+00:00","og_image":[{"width":1000,"height":667,"url":"https:\/\/forummontau.com\/girona\/wp-content\/uploads\/sites\/6\/2025\/03\/Microbiota-y-adicciones.webp","type":"image\/webp"}],"author":"Forum Salud Mental Madrid","twitter_card":"summary_large_image","twitter_misc":{"Escrito por":"Forum Salud Mental Madrid","Tiempo de lectura":"3 minutos"},"schema":{"@context":"https:\/\/schema.org","@graph":[{"@type":"Article","@id":"https:\/\/forummontau.com\/girona\/relacio-eix-intesti-cervell-i-addiccions-pot-la-microbiota-modular-el-desig-de-consumir\/#article","isPartOf":{"@id":"https:\/\/forummontau.com\/girona\/relacio-eix-intesti-cervell-i-addiccions-pot-la-microbiota-modular-el-desig-de-consumir\/"},"author":{"name":"Forum Salud Mental Madrid","@id":"https:\/\/forummontau.com\/girona\/#\/schema\/person\/dd79fa1c0ba733edd439998f9d7f5e25"},"headline":"Relaci\u00f3 eix intest\u00ed-cervell i addiccions. Pot la microbiota modular el desig de consumir?","datePublished":"2025-03-18T13:10:26+00:00","dateModified":"2025-03-18T13:10:28+00:00","mainEntityOfPage":{"@id":"https:\/\/forummontau.com\/girona\/relacio-eix-intesti-cervell-i-addiccions-pot-la-microbiota-modular-el-desig-de-consumir\/"},"wordCount":582,"publisher":{"@id":"https:\/\/forummontau.com\/girona\/#organization"},"image":{"@id":"https:\/\/forummontau.com\/girona\/relacio-eix-intesti-cervell-i-addiccions-pot-la-microbiota-modular-el-desig-de-consumir\/#primaryimage"},"thumbnailUrl":"https:\/\/forummontau.com\/girona\/wp-content\/uploads\/sites\/6\/2025\/03\/Microbiota-y-adicciones.webp","inLanguage":"es"},{"@type":"WebPage","@id":"https:\/\/forummontau.com\/girona\/relacio-eix-intesti-cervell-i-addiccions-pot-la-microbiota-modular-el-desig-de-consumir\/","url":"https:\/\/forummontau.com\/girona\/relacio-eix-intesti-cervell-i-addiccions-pot-la-microbiota-modular-el-desig-de-consumir\/","name":"Relaci\u00f3 eix intest\u00ed-cervell i addiccions. Pot la microbiota modular el desig de consumir? - Forum Salud Mental Girona","isPartOf":{"@id":"https:\/\/forummontau.com\/girona\/#website"},"primaryImageOfPage":{"@id":"https:\/\/forummontau.com\/girona\/relacio-eix-intesti-cervell-i-addiccions-pot-la-microbiota-modular-el-desig-de-consumir\/#primaryimage"},"image":{"@id":"https:\/\/forummontau.com\/girona\/relacio-eix-intesti-cervell-i-addiccions-pot-la-microbiota-modular-el-desig-de-consumir\/#primaryimage"},"thumbnailUrl":"https:\/\/forummontau.com\/girona\/wp-content\/uploads\/sites\/6\/2025\/03\/Microbiota-y-adicciones.webp","datePublished":"2025-03-18T13:10:26+00:00","dateModified":"2025-03-18T13:10:28+00:00","description":"El eje intestino-cerebro es clave en la comprensi\u00f3n de las adicciones. La microbiota podr\u00eda ser una herramienta innovadora en su prevenci\u00f3n y tratamiento.","breadcrumb":{"@id":"https:\/\/forummontau.com\/girona\/relacio-eix-intesti-cervell-i-addiccions-pot-la-microbiota-modular-el-desig-de-consumir\/#breadcrumb"},"inLanguage":"es","potentialAction":[{"@type":"ReadAction","target":["https:\/\/forummontau.com\/girona\/relacio-eix-intesti-cervell-i-addiccions-pot-la-microbiota-modular-el-desig-de-consumir\/"]}]},{"@type":"ImageObject","inLanguage":"es","@id":"https:\/\/forummontau.com\/girona\/relacio-eix-intesti-cervell-i-addiccions-pot-la-microbiota-modular-el-desig-de-consumir\/#primaryimage","url":"https:\/\/forummontau.com\/girona\/wp-content\/uploads\/sites\/6\/2025\/03\/Microbiota-y-adicciones.webp","contentUrl":"https:\/\/forummontau.com\/girona\/wp-content\/uploads\/sites\/6\/2025\/03\/Microbiota-y-adicciones.webp","width":1000,"height":667,"caption":"El eje intestino-cerebro y las adicciones"},{"@type":"BreadcrumbList","@id":"https:\/\/forummontau.com\/girona\/relacio-eix-intesti-cervell-i-addiccions-pot-la-microbiota-modular-el-desig-de-consumir\/#breadcrumb","itemListElement":[{"@type":"ListItem","position":1,"name":"Portada","item":"https:\/\/forummontau.com\/girona\/centre-desintoxicacio-i-addiccions-girona\/"},{"@type":"ListItem","position":2,"name":"Relaci\u00f3 eix intest\u00ed-cervell i addiccions. Pot la microbiota modular el desig de consumir?"}]},{"@type":"WebSite","@id":"https:\/\/forummontau.com\/girona\/#website","url":"https:\/\/forummontau.com\/girona\/","name":"Forum Salud Mental Girona","description":"Centro de Desintoxicaci\u00f3n y Adicciones en Girona","publisher":{"@id":"https:\/\/forummontau.com\/girona\/#organization"},"potentialAction":[{"@type":"SearchAction","target":{"@type":"EntryPoint","urlTemplate":"https:\/\/forummontau.com\/girona\/?s={search_term_string}"},"query-input":{"@type":"PropertyValueSpecification","valueRequired":true,"valueName":"search_term_string"}}],"inLanguage":"es"},{"@type":"Organization","@id":"https:\/\/forummontau.com\/girona\/#organization","name":"Forum Salud Mental Girona","url":"https:\/\/forummontau.com\/girona\/","logo":{"@type":"ImageObject","inLanguage":"es","@id":"https:\/\/forummontau.com\/girona\/#\/schema\/logo\/image\/","url":"https:\/\/forummontau.com\/girona\/wp-content\/uploads\/sites\/6\/2020\/02\/girona_forum.png","contentUrl":"https:\/\/forummontau.com\/girona\/wp-content\/uploads\/sites\/6\/2020\/02\/girona_forum.png","width":215,"height":119,"caption":"Forum Salud Mental Girona"},"image":{"@id":"https:\/\/forummontau.com\/girona\/#\/schema\/logo\/image\/"}},{"@type":"Person","@id":"https:\/\/forummontau.com\/girona\/#\/schema\/person\/dd79fa1c0ba733edd439998f9d7f5e25","name":"Forum Salud Mental Madrid"}]}},"_links":{"self":[{"href":"https:\/\/forummontau.com\/girona\/wp-json\/wp\/v2\/posts\/4843","targetHints":{"allow":["GET"]}}],"collection":[{"href":"https:\/\/forummontau.com\/girona\/wp-json\/wp\/v2\/posts"}],"about":[{"href":"https:\/\/forummontau.com\/girona\/wp-json\/wp\/v2\/types\/post"}],"author":[{"embeddable":true,"href":"https:\/\/forummontau.com\/girona\/wp-json\/wp\/v2\/users\/2"}],"replies":[{"embeddable":true,"href":"https:\/\/forummontau.com\/girona\/wp-json\/wp\/v2\/comments?post=4843"}],"version-history":[{"count":1,"href":"https:\/\/forummontau.com\/girona\/wp-json\/wp\/v2\/posts\/4843\/revisions"}],"predecessor-version":[{"id":4844,"href":"https:\/\/forummontau.com\/girona\/wp-json\/wp\/v2\/posts\/4843\/revisions\/4844"}],"wp:featuredmedia":[{"embeddable":true,"href":"https:\/\/forummontau.com\/girona\/wp-json\/wp\/v2\/media\/4841"}],"wp:attachment":[{"href":"https:\/\/forummontau.com\/girona\/wp-json\/wp\/v2\/media?parent=4843"}],"wp:term":[{"taxonomy":"category","embeddable":true,"href":"https:\/\/forummontau.com\/girona\/wp-json\/wp\/v2\/categories?post=4843"},{"taxonomy":"post_tag","embeddable":true,"href":"https:\/\/forummontau.com\/girona\/wp-json\/wp\/v2\/tags?post=4843"}],"curies":[{"name":"wp","href":"https:\/\/api.w.org\/{rel}","templated":true}]}}