{"id":4954,"date":"2025-05-22T10:30:43","date_gmt":"2025-05-22T10:30:43","guid":{"rendered":"https:\/\/forumgirona.cat\/?p=4954"},"modified":"2025-05-22T11:00:59","modified_gmt":"2025-05-22T11:00:59","slug":"violencia-abus-i-addiccio-quan-el-trauma-busca-anestesia","status":"publish","type":"post","link":"https:\/\/forummontau.com\/girona\/violencia-abus-i-addiccio-quan-el-trauma-busca-anestesia\/","title":{"rendered":"Viol\u00e8ncia, ab\u00fas i addicci\u00f3: quan el trauma busca anest\u00e8sia"},"content":{"rendered":"\n<p>Darrere de moltes addiccions hi ha quelcom m\u00e9s profund que el consum recreatiu o la cerca de plaer. Existeix una realitat silenciada que cada cop m\u00e9s estudis confirmen: el trauma, la viol\u00e8ncia i l\u2019ab\u00fas \u2014especialment durant la inf\u00e0ncia i la primera edat adulta\u2014 s\u00f3n factors clau en el desenvolupament de les addiccions.<\/p>\n\n\n\n<p>Lluny de tractar-se de decisions impulsives o manca de voluntat, <strong>l\u2019\u00fas de subst\u00e0ncies pot ser una forma de sobreviure a experi\u00e8ncies insofribles.<\/strong><\/p>\n\n\n\n<p>En el seg\u00fcent article abordem com el trauma altera el cervell, incrementa la vulnerabilitat a l\u2019addicci\u00f3 i per qu\u00e8 \u00e9s fonamental un enfocament terap\u00e8utic integral.<\/p>\n\n\n\n<h2 class=\"wp-block-heading\">Trauma i addicci\u00f3: una connexi\u00f3 demostrada<\/h2>\n\n\n\n<p>Diverses investigacions cient\u00edfiques han demostrat que les <strong>experi\u00e8ncies traum\u00e0tiques<\/strong> \u2014com l\u2019ab\u00fas sexual, la viol\u00e8ncia f\u00edsica, el maltractament emocional o la neglig\u00e8ncia cr\u00f2nica\u2014 deixen empremtes profundes en el sistema nervi\u00f3s.<\/p>\n\n\n\n<p>Entre els seus efectes m\u00e9s rellevants:<\/p>\n\n\n\n<ul class=\"wp-block-list\">\n<li><strong>Desregulaci\u00f3 de l\u2019eix de l\u2019estr\u00e8s (HPA)<\/strong>: el cervell roman en estat d\u2019alerta constant.<\/li>\n\n\n\n<li><strong>Alteraci\u00f3 del sistema de recompensa<\/strong>: baixa producci\u00f3 de dopamina, la qual cosa redueix la capacitat de sentir plaer de manera natural.<\/li>\n\n\n\n<li><strong>Augment de la impulsivitat i la dissociaci\u00f3<\/strong>: la persona busca un alleujament immediat i desconnexi\u00f3 emocional.<\/li>\n<\/ul>\n\n\n\n<h3 class=\"wp-block-heading\">L\u2019ab\u00fas com a abansala del consum<\/h3>\n\n\n\n<p>Les persones que han patit <strong>viol\u00e8ncia sexual, f\u00edsica o psicol\u00f2gica<\/strong> no nom\u00e9s tenen un risc elevat de desenvolupar trastorns emocionals, sin\u00f3 que tamb\u00e9 presenten <strong>una probabilitat molt m\u00e9s alta d\u2019iniciar el consum de subst\u00e0ncies com a forma d\u2019autoregulaci\u00f3 emocional<\/strong>.<\/p>\n\n\n\n<p>Aix\u00f2 \u00e9s especialment visible en v\u00edctimes de:<\/p>\n\n\n\n<ul class=\"wp-block-list\">\n<li>Viol\u00e8ncia de parella o viol\u00e8ncia masclista<\/li>\n\n\n\n<li>Viol\u00e8ncia sexual no denunciada<\/li>\n\n\n\n<li>Entorns familiars hostils o controladors<\/li>\n\n\n\n<li>Experi\u00e8ncies de coerci\u00f3 emocional o a\u00efllament<\/li>\n<\/ul>\n\n\n\n<p><strong>L\u2019addicci\u00f3, en aquests casos, no \u00e9s el problema inicial, sin\u00f3 una conseq\u00fc\u00e8ncia adaptativa disfuncional.<\/strong><\/p>\n\n\n\n<h3 class=\"wp-block-heading\">Dones i trauma: doble c\u00e0rrega, doble estigma<\/h3>\n\n\n\n<p>En el cas de les dones, <strong>el vincle entre trauma i addicci\u00f3 \u00e9s especialment delicat<\/strong>. Dades recents de l\u2019informe de <strong>Projecte Home (2024)<\/strong> revelen que el <strong>62% de les dones ateses per problemes de consum havien patit viol\u00e8ncia de g\u00e8nere.<\/strong><\/p>\n\n\n\n<blockquote class=\"wp-block-quote is-layout-flow wp-block-quote-is-layout-flow\">\n<p>\u201cMoltes dones no venen per l\u2019addicci\u00f3, sin\u00f3 pel trauma. La subst\u00e0ncia nom\u00e9s \u00e9s el s\u00edmptoma visible\u201d, assenyala una psic\u00f2loga especialitzada.<\/p>\n<\/blockquote>\n\n\n\n<p>A m\u00e9s del trauma, aquestes dones s\u2019enfronten a altres obstacles:<\/p>\n\n\n\n<ul class=\"wp-block-list\">\n<li>Estigma social: la \u201cmala mare\u201d, la \u201cdona trencada\u201d<\/li>\n\n\n\n<li>Manca de xarxes de suport<\/li>\n\n\n\n<li>Major pres\u00e8ncia de depressi\u00f3 i ansietat com\u00f2rbides<\/li>\n\n\n\n<li>Dificultat per accedir a tractaments sensibles al g\u00e8nere<\/li>\n<\/ul>\n\n\n\n<h2 class=\"wp-block-heading\">Enfocament terap\u00e8utic: sanar el trauma per tractar l\u2019addicci\u00f3<\/h2>\n\n\n\n<p>Quan el trauma no es tracta, el consum pot reapar\u00e8ixer, fins i tot despr\u00e9s d\u2019anys d\u2019abstin\u00e8ncia. Per aix\u00f2, <strong>el tractament ha de ser integral, personalitzat i basat en un enfocament centrat en el trauma<\/strong>. Algunes claus:<\/p>\n\n\n\n<ul class=\"wp-block-list\">\n<li><strong>Ter\u00e0pia centrada en el trauma<\/strong> (com EMDR, sensorimotor o ter\u00e0pia som\u00e0tica)<\/li>\n\n\n\n<li><strong>Intervencions psicocorporals<\/strong> per treballar la mem\u00f2ria traum\u00e0tica no verbal<\/li>\n\n\n\n<li><strong>Grups de ter\u00e0pia amb enfocament de g\u00e8nere i espais segurs emocionalment<\/strong><\/li>\n\n\n\n<li><strong>Acompanyament psiqui\u00e0tric acurat<\/strong>, evitant la sobremedicaci\u00f3<\/li>\n<\/ul>\n\n\n\n<p>Tamb\u00e9 \u00e9s crucial crear un <strong>entorn terap\u00e8utic on la persona no senti vergonya pel que ha viscut ni per com ha intentat sobreviure.<\/strong><\/p>\n\n\n\n<h3 class=\"wp-block-heading\">Conclusi\u00f3: m\u00e9s enll\u00e0 del consum<\/h3>\n\n\n\n<p><strong>L\u2019addicci\u00f3, moltes vegades, no \u00e9s m\u00e9s que el llenguatge del trauma.<\/strong> El dolor emocional que no es pot expressar, s\u2019exterioritza a trav\u00e9s del cos, del consum, del silenci.<\/p>\n\n\n\n<p>El veritable tractament comen\u00e7a quan <strong>mirem la persona sencera, no nom\u00e9s la subst\u00e0ncia<\/strong>. Recon\u00e8ixer l\u2019impacte del trauma en l\u2019addicci\u00f3 no nom\u00e9s transforma la manera com intervenim, sin\u00f3 tamb\u00e9 <strong>la manera com acompanyem<\/strong> aquelles persones que m\u00e9s ho necessiten.<\/p>\n\n\n\n<p><br>NIDA (National Institute on Drug Abuse). <em>The Science of Addiction<\/em>. <a class=\"\" href=\"https:\/\/nida.nih.gov\">nida.nih.gov<\/a><br>Proyecto Hombre (2024). Informe anual sobre adicciones y g\u00e9nero. <a>Cadena SER Canarias<\/a><br>El 80% de las mujeres con problemas de adicciones ha sido v\u00edctima de violencias. <a href=\"https:\/\/elperiodicodelvoluntariado.com\/el-80-de-las-mujeres-con-problemas-de-adicciones-ha-sido-victima-de-violencias\/\">El Peri\u00f3dico<\/a><\/p>\n","protected":false},"excerpt":{"rendered":"<p>Darrere de moltes addiccions hi ha quelcom m\u00e9s profund que el consum recreatiu o la cerca de plaer. Existeix una realitat silenciada que cada cop m\u00e9s estudis confirmen: el trauma, la viol\u00e8ncia i l\u2019ab\u00fas \u2014especialment durant la inf\u00e0ncia i la primera edat adulta\u2014 s\u00f3n factors clau en el desenvolupament de les addiccions. Lluny de tractar-se [&hellip;]<\/p>\n","protected":false},"author":2,"featured_media":4956,"comment_status":"closed","ping_status":"closed","sticky":false,"template":"","format":"standard","meta":{"ocean_post_layout":"","ocean_both_sidebars_style":"","ocean_both_sidebars_content_width":0,"ocean_both_sidebars_sidebars_width":0,"ocean_sidebar":"","ocean_second_sidebar":"","ocean_disable_margins":"enable","ocean_add_body_class":"","ocean_shortcode_before_top_bar":"","ocean_shortcode_after_top_bar":"","ocean_shortcode_before_header":"","ocean_shortcode_after_header":"","ocean_has_shortcode":"","ocean_shortcode_after_title":"","ocean_shortcode_before_footer_widgets":"","ocean_shortcode_after_footer_widgets":"","ocean_shortcode_before_footer_bottom":"","ocean_shortcode_after_footer_bottom":"","ocean_display_top_bar":"default","ocean_display_header":"default","ocean_header_style":"","ocean_center_header_left_menu":"","ocean_custom_header_template":"","ocean_custom_logo":0,"ocean_custom_retina_logo":0,"ocean_custom_logo_max_width":0,"ocean_custom_logo_tablet_max_width":0,"ocean_custom_logo_mobile_max_width":0,"ocean_custom_logo_max_height":0,"ocean_custom_logo_tablet_max_height":0,"ocean_custom_logo_mobile_max_height":0,"ocean_header_custom_menu":"","ocean_menu_typo_font_family":"","ocean_menu_typo_font_subset":"","ocean_menu_typo_font_size":0,"ocean_menu_typo_font_size_tablet":0,"ocean_menu_typo_font_size_mobile":0,"ocean_menu_typo_font_size_unit":"px","ocean_menu_typo_font_weight":"","ocean_menu_typo_font_weight_tablet":"","ocean_menu_typo_font_weight_mobile":"","ocean_menu_typo_transform":"","ocean_menu_typo_transform_tablet":"","ocean_menu_typo_transform_mobile":"","ocean_menu_typo_line_height":0,"ocean_menu_typo_line_height_tablet":0,"ocean_menu_typo_line_height_mobile":0,"ocean_menu_typo_line_height_unit":"","ocean_menu_typo_spacing":0,"ocean_menu_typo_spacing_tablet":0,"ocean_menu_typo_spacing_mobile":0,"ocean_menu_typo_spacing_unit":"","ocean_menu_link_color":"","ocean_menu_link_color_hover":"","ocean_menu_link_color_active":"","ocean_menu_link_background":"","ocean_menu_link_hover_background":"","ocean_menu_link_active_background":"","ocean_menu_social_links_bg":"","ocean_menu_social_hover_links_bg":"","ocean_menu_social_links_color":"","ocean_menu_social_hover_links_color":"","ocean_disable_title":"default","ocean_disable_heading":"default","ocean_post_title":"","ocean_post_subheading":"","ocean_post_title_style":"","ocean_post_title_background_color":"","ocean_post_title_background":0,"ocean_post_title_bg_image_position":"","ocean_post_title_bg_image_attachment":"","ocean_post_title_bg_image_repeat":"","ocean_post_title_bg_image_size":"","ocean_post_title_height":0,"ocean_post_title_bg_overlay":0.5,"ocean_post_title_bg_overlay_color":"","ocean_disable_breadcrumbs":"default","ocean_breadcrumbs_color":"","ocean_breadcrumbs_separator_color":"","ocean_breadcrumbs_links_color":"","ocean_breadcrumbs_links_hover_color":"","ocean_display_footer_widgets":"default","ocean_display_footer_bottom":"default","ocean_custom_footer_template":"","ocean_post_oembed":"","ocean_post_self_hosted_media":"","ocean_post_video_embed":"","ocean_link_format":"","ocean_link_format_target":"self","ocean_quote_format":"","ocean_quote_format_link":"post","ocean_gallery_link_images":"on","ocean_gallery_id":[],"footnotes":""},"categories":[501,499],"tags":[129],"class_list":["post-4954","post","type-post","status-publish","format-standard","has-post-thumbnail","hentry","category-abus-i-addiccio","category-violencia-i-addiccio","tag-forum-girona-ca","entry","has-media"],"yoast_head":"<!-- This site is optimized with the Yoast SEO plugin v27.5 - https:\/\/yoast.com\/product\/yoast-seo-wordpress\/ -->\n<title>Viol\u00e8ncia, ab\u00fas i addicci\u00f3: quan el trauma busca anest\u00e8sia - Forum Salud Mental Girona<\/title>\n<meta name=\"description\" content=\"El trauma, la violencia y el abuso est\u00e1n en el origen de muchas adicciones. Te explicamos c\u00f3mo intervenir desde la ra\u00edz mejora la recuperaci\u00f3n.\" \/>\n<meta name=\"robots\" content=\"index, follow, max-snippet:-1, max-image-preview:large, max-video-preview:-1\" \/>\n<link rel=\"canonical\" href=\"https:\/\/forummontau.com\/girona\/violencia-abus-i-addiccio-quan-el-trauma-busca-anestesia\/\" \/>\n<meta property=\"og:locale\" content=\"es_ES\" \/>\n<meta property=\"og:type\" content=\"article\" \/>\n<meta property=\"og:title\" content=\"Viol\u00e8ncia, ab\u00fas i addicci\u00f3: quan el trauma busca anest\u00e8sia - Forum Salud Mental Girona\" \/>\n<meta property=\"og:description\" content=\"El trauma, la violencia y el abuso est\u00e1n en el origen de muchas adicciones. Te explicamos c\u00f3mo intervenir desde la ra\u00edz mejora la recuperaci\u00f3n.\" \/>\n<meta property=\"og:url\" content=\"https:\/\/forummontau.com\/girona\/violencia-abus-i-addiccio-quan-el-trauma-busca-anestesia\/\" \/>\n<meta property=\"og:site_name\" content=\"Forum Salud Mental Girona\" \/>\n<meta property=\"article:published_time\" content=\"2025-05-22T10:30:43+00:00\" \/>\n<meta property=\"article:modified_time\" content=\"2025-05-22T11:00:59+00:00\" \/>\n<meta property=\"og:image\" content=\"https:\/\/forummontau.com\/girona\/wp-content\/uploads\/sites\/6\/2025\/05\/violencia-abusos-adiccion.webp\" \/>\n\t<meta property=\"og:image:width\" content=\"999\" \/>\n\t<meta property=\"og:image:height\" content=\"667\" \/>\n\t<meta property=\"og:image:type\" content=\"image\/webp\" \/>\n<meta name=\"author\" content=\"Forum Salud Mental Madrid\" \/>\n<meta name=\"twitter:card\" content=\"summary_large_image\" \/>\n<meta name=\"twitter:label1\" content=\"Escrito por\" \/>\n\t<meta name=\"twitter:data1\" content=\"Forum Salud Mental Madrid\" \/>\n\t<meta name=\"twitter:label2\" content=\"Tiempo de lectura\" \/>\n\t<meta name=\"twitter:data2\" content=\"3 minutos\" \/>\n<script type=\"application\/ld+json\" class=\"yoast-schema-graph\">{\"@context\":\"https:\\\/\\\/schema.org\",\"@graph\":[{\"@type\":\"Article\",\"@id\":\"https:\\\/\\\/forummontau.com\\\/girona\\\/violencia-abus-i-addiccio-quan-el-trauma-busca-anestesia\\\/#article\",\"isPartOf\":{\"@id\":\"https:\\\/\\\/forummontau.com\\\/girona\\\/violencia-abus-i-addiccio-quan-el-trauma-busca-anestesia\\\/\"},\"author\":{\"name\":\"Forum Salud Mental Madrid\",\"@id\":\"https:\\\/\\\/forummontau.com\\\/girona\\\/#\\\/schema\\\/person\\\/dd79fa1c0ba733edd439998f9d7f5e25\"},\"headline\":\"Viol\u00e8ncia, ab\u00fas i addicci\u00f3: quan el trauma busca anest\u00e8sia\",\"datePublished\":\"2025-05-22T10:30:43+00:00\",\"dateModified\":\"2025-05-22T11:00:59+00:00\",\"mainEntityOfPage\":{\"@id\":\"https:\\\/\\\/forummontau.com\\\/girona\\\/violencia-abus-i-addiccio-quan-el-trauma-busca-anestesia\\\/\"},\"wordCount\":698,\"publisher\":{\"@id\":\"https:\\\/\\\/forummontau.com\\\/girona\\\/#organization\"},\"image\":{\"@id\":\"https:\\\/\\\/forummontau.com\\\/girona\\\/violencia-abus-i-addiccio-quan-el-trauma-busca-anestesia\\\/#primaryimage\"},\"thumbnailUrl\":\"https:\\\/\\\/forummontau.com\\\/girona\\\/wp-content\\\/uploads\\\/sites\\\/6\\\/2025\\\/05\\\/violencia-abusos-adiccion.webp\",\"keywords\":[\"Forum Girona\"],\"articleSection\":[\"Ab\u00fas i addicci\u00f3\",\"Viol\u00e8ncia i addicci\u00f3\"],\"inLanguage\":\"es\"},{\"@type\":\"WebPage\",\"@id\":\"https:\\\/\\\/forummontau.com\\\/girona\\\/violencia-abus-i-addiccio-quan-el-trauma-busca-anestesia\\\/\",\"url\":\"https:\\\/\\\/forummontau.com\\\/girona\\\/violencia-abus-i-addiccio-quan-el-trauma-busca-anestesia\\\/\",\"name\":\"Viol\u00e8ncia, ab\u00fas i addicci\u00f3: quan el trauma busca anest\u00e8sia - Forum Salud Mental Girona\",\"isPartOf\":{\"@id\":\"https:\\\/\\\/forummontau.com\\\/girona\\\/#website\"},\"primaryImageOfPage\":{\"@id\":\"https:\\\/\\\/forummontau.com\\\/girona\\\/violencia-abus-i-addiccio-quan-el-trauma-busca-anestesia\\\/#primaryimage\"},\"image\":{\"@id\":\"https:\\\/\\\/forummontau.com\\\/girona\\\/violencia-abus-i-addiccio-quan-el-trauma-busca-anestesia\\\/#primaryimage\"},\"thumbnailUrl\":\"https:\\\/\\\/forummontau.com\\\/girona\\\/wp-content\\\/uploads\\\/sites\\\/6\\\/2025\\\/05\\\/violencia-abusos-adiccion.webp\",\"datePublished\":\"2025-05-22T10:30:43+00:00\",\"dateModified\":\"2025-05-22T11:00:59+00:00\",\"description\":\"El trauma, la violencia y el abuso est\u00e1n en el origen de muchas adicciones. Te explicamos c\u00f3mo intervenir desde la ra\u00edz mejora la recuperaci\u00f3n.\",\"breadcrumb\":{\"@id\":\"https:\\\/\\\/forummontau.com\\\/girona\\\/violencia-abus-i-addiccio-quan-el-trauma-busca-anestesia\\\/#breadcrumb\"},\"inLanguage\":\"es\",\"potentialAction\":[{\"@type\":\"ReadAction\",\"target\":[\"https:\\\/\\\/forummontau.com\\\/girona\\\/violencia-abus-i-addiccio-quan-el-trauma-busca-anestesia\\\/\"]}]},{\"@type\":\"ImageObject\",\"inLanguage\":\"es\",\"@id\":\"https:\\\/\\\/forummontau.com\\\/girona\\\/violencia-abus-i-addiccio-quan-el-trauma-busca-anestesia\\\/#primaryimage\",\"url\":\"https:\\\/\\\/forummontau.com\\\/girona\\\/wp-content\\\/uploads\\\/sites\\\/6\\\/2025\\\/05\\\/violencia-abusos-adiccion.webp\",\"contentUrl\":\"https:\\\/\\\/forummontau.com\\\/girona\\\/wp-content\\\/uploads\\\/sites\\\/6\\\/2025\\\/05\\\/violencia-abusos-adiccion.webp\",\"width\":999,\"height\":667,\"caption\":\"Abusos sexuales, violencia, trauma y adicciones\"},{\"@type\":\"BreadcrumbList\",\"@id\":\"https:\\\/\\\/forummontau.com\\\/girona\\\/violencia-abus-i-addiccio-quan-el-trauma-busca-anestesia\\\/#breadcrumb\",\"itemListElement\":[{\"@type\":\"ListItem\",\"position\":1,\"name\":\"Portada\",\"item\":\"https:\\\/\\\/forummontau.com\\\/girona\\\/centre-desintoxicacio-i-addiccions-girona\\\/\"},{\"@type\":\"ListItem\",\"position\":2,\"name\":\"Viol\u00e8ncia, ab\u00fas i addicci\u00f3: quan el trauma busca anest\u00e8sia\"}]},{\"@type\":\"WebSite\",\"@id\":\"https:\\\/\\\/forummontau.com\\\/girona\\\/#website\",\"url\":\"https:\\\/\\\/forummontau.com\\\/girona\\\/\",\"name\":\"Forum Salud Mental Girona\",\"description\":\"Centro de Desintoxicaci\u00f3n y Adicciones en Girona\",\"publisher\":{\"@id\":\"https:\\\/\\\/forummontau.com\\\/girona\\\/#organization\"},\"potentialAction\":[{\"@type\":\"SearchAction\",\"target\":{\"@type\":\"EntryPoint\",\"urlTemplate\":\"https:\\\/\\\/forummontau.com\\\/girona\\\/?s={search_term_string}\"},\"query-input\":{\"@type\":\"PropertyValueSpecification\",\"valueRequired\":true,\"valueName\":\"search_term_string\"}}],\"inLanguage\":\"es\"},{\"@type\":\"Organization\",\"@id\":\"https:\\\/\\\/forummontau.com\\\/girona\\\/#organization\",\"name\":\"Forum Salud Mental Girona\",\"url\":\"https:\\\/\\\/forummontau.com\\\/girona\\\/\",\"logo\":{\"@type\":\"ImageObject\",\"inLanguage\":\"es\",\"@id\":\"https:\\\/\\\/forummontau.com\\\/girona\\\/#\\\/schema\\\/logo\\\/image\\\/\",\"url\":\"https:\\\/\\\/forummontau.com\\\/girona\\\/wp-content\\\/uploads\\\/sites\\\/6\\\/2020\\\/02\\\/girona_forum.png\",\"contentUrl\":\"https:\\\/\\\/forummontau.com\\\/girona\\\/wp-content\\\/uploads\\\/sites\\\/6\\\/2020\\\/02\\\/girona_forum.png\",\"width\":215,\"height\":119,\"caption\":\"Forum Salud Mental Girona\"},\"image\":{\"@id\":\"https:\\\/\\\/forummontau.com\\\/girona\\\/#\\\/schema\\\/logo\\\/image\\\/\"}},{\"@type\":\"Person\",\"@id\":\"https:\\\/\\\/forummontau.com\\\/girona\\\/#\\\/schema\\\/person\\\/dd79fa1c0ba733edd439998f9d7f5e25\",\"name\":\"Forum Salud Mental Madrid\"}]}<\/script>\n<!-- \/ Yoast SEO plugin. -->","yoast_head_json":{"title":"Viol\u00e8ncia, ab\u00fas i addicci\u00f3: quan el trauma busca anest\u00e8sia - Forum Salud Mental Girona","description":"El trauma, la violencia y el abuso est\u00e1n en el origen de muchas adicciones. Te explicamos c\u00f3mo intervenir desde la ra\u00edz mejora la recuperaci\u00f3n.","robots":{"index":"index","follow":"follow","max-snippet":"max-snippet:-1","max-image-preview":"max-image-preview:large","max-video-preview":"max-video-preview:-1"},"canonical":"https:\/\/forummontau.com\/girona\/violencia-abus-i-addiccio-quan-el-trauma-busca-anestesia\/","og_locale":"es_ES","og_type":"article","og_title":"Viol\u00e8ncia, ab\u00fas i addicci\u00f3: quan el trauma busca anest\u00e8sia - Forum Salud Mental Girona","og_description":"El trauma, la violencia y el abuso est\u00e1n en el origen de muchas adicciones. Te explicamos c\u00f3mo intervenir desde la ra\u00edz mejora la recuperaci\u00f3n.","og_url":"https:\/\/forummontau.com\/girona\/violencia-abus-i-addiccio-quan-el-trauma-busca-anestesia\/","og_site_name":"Forum Salud Mental Girona","article_published_time":"2025-05-22T10:30:43+00:00","article_modified_time":"2025-05-22T11:00:59+00:00","og_image":[{"width":999,"height":667,"url":"https:\/\/forummontau.com\/girona\/wp-content\/uploads\/sites\/6\/2025\/05\/violencia-abusos-adiccion.webp","type":"image\/webp"}],"author":"Forum Salud Mental Madrid","twitter_card":"summary_large_image","twitter_misc":{"Escrito por":"Forum Salud Mental Madrid","Tiempo de lectura":"3 minutos"},"schema":{"@context":"https:\/\/schema.org","@graph":[{"@type":"Article","@id":"https:\/\/forummontau.com\/girona\/violencia-abus-i-addiccio-quan-el-trauma-busca-anestesia\/#article","isPartOf":{"@id":"https:\/\/forummontau.com\/girona\/violencia-abus-i-addiccio-quan-el-trauma-busca-anestesia\/"},"author":{"name":"Forum Salud Mental Madrid","@id":"https:\/\/forummontau.com\/girona\/#\/schema\/person\/dd79fa1c0ba733edd439998f9d7f5e25"},"headline":"Viol\u00e8ncia, ab\u00fas i addicci\u00f3: quan el trauma busca anest\u00e8sia","datePublished":"2025-05-22T10:30:43+00:00","dateModified":"2025-05-22T11:00:59+00:00","mainEntityOfPage":{"@id":"https:\/\/forummontau.com\/girona\/violencia-abus-i-addiccio-quan-el-trauma-busca-anestesia\/"},"wordCount":698,"publisher":{"@id":"https:\/\/forummontau.com\/girona\/#organization"},"image":{"@id":"https:\/\/forummontau.com\/girona\/violencia-abus-i-addiccio-quan-el-trauma-busca-anestesia\/#primaryimage"},"thumbnailUrl":"https:\/\/forummontau.com\/girona\/wp-content\/uploads\/sites\/6\/2025\/05\/violencia-abusos-adiccion.webp","keywords":["Forum Girona"],"articleSection":["Ab\u00fas i addicci\u00f3","Viol\u00e8ncia i addicci\u00f3"],"inLanguage":"es"},{"@type":"WebPage","@id":"https:\/\/forummontau.com\/girona\/violencia-abus-i-addiccio-quan-el-trauma-busca-anestesia\/","url":"https:\/\/forummontau.com\/girona\/violencia-abus-i-addiccio-quan-el-trauma-busca-anestesia\/","name":"Viol\u00e8ncia, ab\u00fas i addicci\u00f3: quan el trauma busca anest\u00e8sia - Forum Salud Mental Girona","isPartOf":{"@id":"https:\/\/forummontau.com\/girona\/#website"},"primaryImageOfPage":{"@id":"https:\/\/forummontau.com\/girona\/violencia-abus-i-addiccio-quan-el-trauma-busca-anestesia\/#primaryimage"},"image":{"@id":"https:\/\/forummontau.com\/girona\/violencia-abus-i-addiccio-quan-el-trauma-busca-anestesia\/#primaryimage"},"thumbnailUrl":"https:\/\/forummontau.com\/girona\/wp-content\/uploads\/sites\/6\/2025\/05\/violencia-abusos-adiccion.webp","datePublished":"2025-05-22T10:30:43+00:00","dateModified":"2025-05-22T11:00:59+00:00","description":"El trauma, la violencia y el abuso est\u00e1n en el origen de muchas adicciones. Te explicamos c\u00f3mo intervenir desde la ra\u00edz mejora la recuperaci\u00f3n.","breadcrumb":{"@id":"https:\/\/forummontau.com\/girona\/violencia-abus-i-addiccio-quan-el-trauma-busca-anestesia\/#breadcrumb"},"inLanguage":"es","potentialAction":[{"@type":"ReadAction","target":["https:\/\/forummontau.com\/girona\/violencia-abus-i-addiccio-quan-el-trauma-busca-anestesia\/"]}]},{"@type":"ImageObject","inLanguage":"es","@id":"https:\/\/forummontau.com\/girona\/violencia-abus-i-addiccio-quan-el-trauma-busca-anestesia\/#primaryimage","url":"https:\/\/forummontau.com\/girona\/wp-content\/uploads\/sites\/6\/2025\/05\/violencia-abusos-adiccion.webp","contentUrl":"https:\/\/forummontau.com\/girona\/wp-content\/uploads\/sites\/6\/2025\/05\/violencia-abusos-adiccion.webp","width":999,"height":667,"caption":"Abusos sexuales, violencia, trauma y adicciones"},{"@type":"BreadcrumbList","@id":"https:\/\/forummontau.com\/girona\/violencia-abus-i-addiccio-quan-el-trauma-busca-anestesia\/#breadcrumb","itemListElement":[{"@type":"ListItem","position":1,"name":"Portada","item":"https:\/\/forummontau.com\/girona\/centre-desintoxicacio-i-addiccions-girona\/"},{"@type":"ListItem","position":2,"name":"Viol\u00e8ncia, ab\u00fas i addicci\u00f3: quan el trauma busca anest\u00e8sia"}]},{"@type":"WebSite","@id":"https:\/\/forummontau.com\/girona\/#website","url":"https:\/\/forummontau.com\/girona\/","name":"Forum Salud Mental Girona","description":"Centro de Desintoxicaci\u00f3n y Adicciones en Girona","publisher":{"@id":"https:\/\/forummontau.com\/girona\/#organization"},"potentialAction":[{"@type":"SearchAction","target":{"@type":"EntryPoint","urlTemplate":"https:\/\/forummontau.com\/girona\/?s={search_term_string}"},"query-input":{"@type":"PropertyValueSpecification","valueRequired":true,"valueName":"search_term_string"}}],"inLanguage":"es"},{"@type":"Organization","@id":"https:\/\/forummontau.com\/girona\/#organization","name":"Forum Salud Mental Girona","url":"https:\/\/forummontau.com\/girona\/","logo":{"@type":"ImageObject","inLanguage":"es","@id":"https:\/\/forummontau.com\/girona\/#\/schema\/logo\/image\/","url":"https:\/\/forummontau.com\/girona\/wp-content\/uploads\/sites\/6\/2020\/02\/girona_forum.png","contentUrl":"https:\/\/forummontau.com\/girona\/wp-content\/uploads\/sites\/6\/2020\/02\/girona_forum.png","width":215,"height":119,"caption":"Forum Salud Mental Girona"},"image":{"@id":"https:\/\/forummontau.com\/girona\/#\/schema\/logo\/image\/"}},{"@type":"Person","@id":"https:\/\/forummontau.com\/girona\/#\/schema\/person\/dd79fa1c0ba733edd439998f9d7f5e25","name":"Forum Salud Mental Madrid"}]}},"_links":{"self":[{"href":"https:\/\/forummontau.com\/girona\/wp-json\/wp\/v2\/posts\/4954","targetHints":{"allow":["GET"]}}],"collection":[{"href":"https:\/\/forummontau.com\/girona\/wp-json\/wp\/v2\/posts"}],"about":[{"href":"https:\/\/forummontau.com\/girona\/wp-json\/wp\/v2\/types\/post"}],"author":[{"embeddable":true,"href":"https:\/\/forummontau.com\/girona\/wp-json\/wp\/v2\/users\/2"}],"replies":[{"embeddable":true,"href":"https:\/\/forummontau.com\/girona\/wp-json\/wp\/v2\/comments?post=4954"}],"version-history":[{"count":3,"href":"https:\/\/forummontau.com\/girona\/wp-json\/wp\/v2\/posts\/4954\/revisions"}],"predecessor-version":[{"id":4962,"href":"https:\/\/forummontau.com\/girona\/wp-json\/wp\/v2\/posts\/4954\/revisions\/4962"}],"wp:featuredmedia":[{"embeddable":true,"href":"https:\/\/forummontau.com\/girona\/wp-json\/wp\/v2\/media\/4956"}],"wp:attachment":[{"href":"https:\/\/forummontau.com\/girona\/wp-json\/wp\/v2\/media?parent=4954"}],"wp:term":[{"taxonomy":"category","embeddable":true,"href":"https:\/\/forummontau.com\/girona\/wp-json\/wp\/v2\/categories?post=4954"},{"taxonomy":"post_tag","embeddable":true,"href":"https:\/\/forummontau.com\/girona\/wp-json\/wp\/v2\/tags?post=4954"}],"curies":[{"name":"wp","href":"https:\/\/api.w.org\/{rel}","templated":true}]}}