{"id":5122,"date":"2026-03-31T17:19:47","date_gmt":"2026-03-31T15:19:47","guid":{"rendered":"https:\/\/forummontau.com\/girona\/?p=5122"},"modified":"2026-03-31T17:21:32","modified_gmt":"2026-03-31T15:21:32","slug":"addiccio-funcional-quan-ningu-detecta-el-problema-a-temps","status":"publish","type":"post","link":"https:\/\/forummontau.com\/girona\/addiccio-funcional-quan-ningu-detecta-el-problema-a-temps\/","title":{"rendered":"Addicci\u00f3 funcional: quan ning\u00fa detecta el problema a temps"},"content":{"rendered":"\n<p>No totes les addiccions encaixen amb la imatge que solem tenir d\u2019elles. De vegades no hi ha un deteriorament evident ni una p\u00e8rdua total de control visible des de fora. De fet, moltes persones continuen treballant, cuidant de la seva fam\u00edlia i mantenint una vida aparentment estable mentre conviuen amb un problema d\u2019addicci\u00f3 que passa desapercebut.<\/p>\n\n\n\n<p>Aquesta realitat, coneguda com a addicci\u00f3 funcional, pot mantenir-se durant molt de temps sense que l\u2019entorn detecti la gravetat del que est\u00e0 passant. Precisament per aix\u00f2, sovint es retarda la demanda d\u2019ajuda i l\u2019inici del tractament.<\/p>\n\n\n\n<h2 class=\"wp-block-heading\">Qu\u00e8 \u00e9s una addicci\u00f3 funcional?<\/h2>\n\n\n\n<p>L\u2019addicci\u00f3 funcional fa refer\u00e8ncia a aquells casos en qu\u00e8 la persona continua complint amb les seves responsabilitats di\u00e0ries, per\u00f2 mant\u00e9 una relaci\u00f3 de depend\u00e8ncia amb una subst\u00e0ncia o una conducta.<\/p>\n\n\n\n<p>Aix\u00f2 es pot manifestar de diferents maneres:<\/p>\n\n\n\n<ul class=\"wp-block-list\">\n<li>consum freq\u00fcent o diari<\/li>\n\n\n\n<li>necessitat de consumir per relaxar-se, rendir o desconnectar<\/li>\n\n\n\n<li>dificultat per parar, tot i que la persona insisteixi que t\u00e9 el control<\/li>\n\n\n\n<li>malestar quan no pot consumir<\/li>\n<\/ul>\n\n\n\n<p>Des de fora, pot semblar que \u201cno passa res greu\u201d. Tanmateix, el fet que la persona continu\u00ef funcionant no vol dir que no hi hagi una addicci\u00f3.<\/p>\n\n\n\n<h2 class=\"wp-block-heading\">Per qu\u00e8 costa tant identificar-la?<\/h2>\n\n\n\n<p>Un dels principals problemes de l\u2019addicci\u00f3 funcional \u00e9s que es camufla molt b\u00e9 dins la rutina. La persona no acostuma a respondre al perfil estereotipat que sovint s\u2019associa a les addiccions, i aix\u00f2 fa que el problema es minimitzi.<\/p>\n\n\n\n<h3 class=\"wp-block-heading\">Normalitzaci\u00f3 del consum<\/h3>\n\n\n\n<p>En molts entorns socials, el consum d\u2019alcohol, c\u00e0nnabis o determinats psicof\u00e0rmacs est\u00e0 molt normalitzat. Aix\u00f2 fa que algunes conductes de risc es percebin com a h\u00e0bits quotidians o formes \u201cnormals\u201d de gestionar l\u2019estr\u00e8s, el cansament o l\u2019ansietat.<\/p>\n\n\n\n<h3 class=\"wp-block-heading\">Autoengany<\/h3>\n\n\n\n<p>\u00c9s freq\u00fcent que apareguin pensaments com \u201cjo controlo\u201d, \u201cho puc deixar quan vulgui\u201d o \u201cmentre compleixi amb tot, no \u00e9s un problema\u201d. Aquests mecanismes dificulten la presa de consci\u00e8ncia.<\/p>\n\n\n\n<h3 class=\"wp-block-heading\">Aparent estabilitat<\/h3>\n\n\n\n<p>Mantenir la feina, la vida familiar o determinades responsabilitats pot donar una falsa sensaci\u00f3 de seguretat. Per\u00f2 sovint aquesta estabilitat es sost\u00e9 amb un gran desgast emocional, f\u00edsic i relacional.<\/p>\n\n\n\n<h2 class=\"wp-block-heading\">Senyals d\u2019alerta<\/h2>\n\n\n\n<p>Tot i que no sempre s\u00f3n evidents, hi ha alguns indicadors que poden ajudar a detectar una addicci\u00f3 funcional:<\/p>\n\n\n\n<ul class=\"wp-block-list\">\n<li>Necessitat de consumir per afrontar el dia o per desconnectar<\/li>\n\n\n\n<li>Augment progressiu del consum<\/li>\n\n\n\n<li>Irritabilitat, ansietat o inquietud quan no es consumeix<\/li>\n\n\n\n<li>Ocultaci\u00f3 o minimitzaci\u00f3 del consum<\/li>\n\n\n\n<li>Pensaments recurrents sobre la subst\u00e0ncia<\/li>\n\n\n\n<li>Dificultat per gaudir o relaxar-se sense consumir<\/li>\n<\/ul>\n\n\n\n<p>Aquestes senyals poden apar\u00e8ixer molt abans que hi hagi un deteriorament greu.<\/p>\n\n\n\n<h2 class=\"wp-block-heading\">Per qu\u00e8 pot ser tan perillosa?<\/h2>\n\n\n\n<p>Precisament per la seva invisibilitat.<\/p>\n\n\n\n<p>L\u2019addicci\u00f3 funcional pot evolucionar de manera progressiva i silenciosa, i acabar derivant en:<\/p>\n\n\n\n<ul class=\"wp-block-list\">\n<li>Major depend\u00e8ncia<\/li>\n\n\n\n<li>Deteriorament emocional<\/li>\n\n\n\n<li>Problemes de salut<\/li>\n\n\n\n<li>Conflictes personals i familiars<\/li>\n<\/ul>\n\n\n\n<p>Quan el problema es fa evident, sovint ja est\u00e0 m\u00e9s avan\u00e7at.<\/p>\n\n\n\n<h2 class=\"wp-block-heading\">Quan la persona no sembla estar \u201ctan malament\u201d<\/h2>\n\n\n\n<p>Un dels errors m\u00e9s habituals \u00e9s pensar que nom\u00e9s necessita ajuda qui ha perdut completament el control. Per\u00f2 moltes persones amb addicci\u00f3 funcional necessiten suport molt abans d\u2019arribar a aquest punt.<\/p>\n\n\n\n<p>No cal tocar fons per demanar ajuda. De fet, intervenir de manera preco\u00e7 millora el pron\u00f2stic i evita conseq\u00fc\u00e8ncies m\u00e9s greus.<\/p>\n\n\n\n<h2 class=\"wp-block-heading\">L\u2019abordatge terap\u00e8utic<\/h2>\n\n\n\n<p>En aquests casos, el tractament no se centra nom\u00e9s en eliminar el consum, sin\u00f3 tamb\u00e9 en entendre quina funci\u00f3 t\u00e9 dins la vida de la persona.<\/p>\n\n\n\n<p>\u00c9s important treballar:<\/p>\n\n\n\n<ul class=\"wp-block-list\">\n<li>La gesti\u00f3 emocional<\/li>\n\n\n\n<li>L\u2019estr\u00e8s i l\u2019autoexig\u00e8ncia<\/li>\n\n\n\n<li>Els h\u00e0bits de regulaci\u00f3<\/li>\n\n\n\n<li>La negaci\u00f3 i l\u2019autoengany<\/li>\n\n\n\n<li>Les din\u00e0miques personals i familiars<\/li>\n<\/ul>\n\n\n\n<p>L\u2019acompanyament professional permet desenvolupar eines reals i sostenibles per al canvi.<\/p>\n\n\n\n<h2 class=\"wp-block-heading\">Demanar ajuda a temps<\/h2>\n\n\n\n<p>Cada vegada m\u00e9s persones arriben a consulta sense encaixar en la imatge cl\u00e0ssica d\u2019addicci\u00f3, per\u00f2 amb un patiment real i una depend\u00e8ncia que ja condiciona la seva vida.<\/p>\n\n\n\n<p>Detectar-ho a temps permet intervenir abans que el problema avanci i amb m\u00e9s probabilitats d\u2019\u00e8xit.<\/p>\n\n\n\n<p>Comptar amb un equip especialitzat ajuda a valorar la situaci\u00f3 amb criteri cl\u00ednic, sense dramatitzar per\u00f2 tampoc minimitzar.<\/p>\n\n\n\n<h2 class=\"wp-block-heading\"><\/h2>\n","protected":false},"excerpt":{"rendered":"<p>No totes les addiccions encaixen amb la imatge que solem tenir d\u2019elles. De vegades no hi ha un deteriorament evident ni una p\u00e8rdua total de control visible des de fora. De fet, moltes persones continuen treballant, cuidant de la seva fam\u00edlia i mantenint una vida aparentment estable mentre conviuen amb un problema d\u2019addicci\u00f3 que passa [&hellip;]<\/p>\n","protected":false},"author":1,"featured_media":5120,"comment_status":"closed","ping_status":"closed","sticky":false,"template":"","format":"standard","meta":{"ocean_post_layout":"","ocean_both_sidebars_style":"","ocean_both_sidebars_content_width":0,"ocean_both_sidebars_sidebars_width":0,"ocean_sidebar":"","ocean_second_sidebar":"","ocean_disable_margins":"enable","ocean_add_body_class":"","ocean_shortcode_before_top_bar":"","ocean_shortcode_after_top_bar":"","ocean_shortcode_before_header":"","ocean_shortcode_after_header":"","ocean_has_shortcode":"","ocean_shortcode_after_title":"","ocean_shortcode_before_footer_widgets":"","ocean_shortcode_after_footer_widgets":"","ocean_shortcode_before_footer_bottom":"","ocean_shortcode_after_footer_bottom":"","ocean_display_top_bar":"default","ocean_display_header":"default","ocean_header_style":"","ocean_center_header_left_menu":"","ocean_custom_header_template":"","ocean_custom_logo":0,"ocean_custom_retina_logo":0,"ocean_custom_logo_max_width":0,"ocean_custom_logo_tablet_max_width":0,"ocean_custom_logo_mobile_max_width":0,"ocean_custom_logo_max_height":0,"ocean_custom_logo_tablet_max_height":0,"ocean_custom_logo_mobile_max_height":0,"ocean_header_custom_menu":"","ocean_menu_typo_font_family":"","ocean_menu_typo_font_subset":"","ocean_menu_typo_font_size":0,"ocean_menu_typo_font_size_tablet":0,"ocean_menu_typo_font_size_mobile":0,"ocean_menu_typo_font_size_unit":"px","ocean_menu_typo_font_weight":"","ocean_menu_typo_font_weight_tablet":"","ocean_menu_typo_font_weight_mobile":"","ocean_menu_typo_transform":"","ocean_menu_typo_transform_tablet":"","ocean_menu_typo_transform_mobile":"","ocean_menu_typo_line_height":0,"ocean_menu_typo_line_height_tablet":0,"ocean_menu_typo_line_height_mobile":0,"ocean_menu_typo_line_height_unit":"","ocean_menu_typo_spacing":0,"ocean_menu_typo_spacing_tablet":0,"ocean_menu_typo_spacing_mobile":0,"ocean_menu_typo_spacing_unit":"","ocean_menu_link_color":"","ocean_menu_link_color_hover":"","ocean_menu_link_color_active":"","ocean_menu_link_background":"","ocean_menu_link_hover_background":"","ocean_menu_link_active_background":"","ocean_menu_social_links_bg":"","ocean_menu_social_hover_links_bg":"","ocean_menu_social_links_color":"","ocean_menu_social_hover_links_color":"","ocean_disable_title":"default","ocean_disable_heading":"default","ocean_post_title":"","ocean_post_subheading":"","ocean_post_title_style":"","ocean_post_title_background_color":"","ocean_post_title_background":0,"ocean_post_title_bg_image_position":"","ocean_post_title_bg_image_attachment":"","ocean_post_title_bg_image_repeat":"","ocean_post_title_bg_image_size":"","ocean_post_title_height":0,"ocean_post_title_bg_overlay":0.5,"ocean_post_title_bg_overlay_color":"","ocean_disable_breadcrumbs":"default","ocean_breadcrumbs_color":"","ocean_breadcrumbs_separator_color":"","ocean_breadcrumbs_links_color":"","ocean_breadcrumbs_links_hover_color":"","ocean_display_footer_widgets":"default","ocean_display_footer_bottom":"default","ocean_custom_footer_template":"","ocean_post_oembed":"","ocean_post_self_hosted_media":"","ocean_post_video_embed":"","ocean_link_format":"","ocean_link_format_target":"self","ocean_quote_format":"","ocean_quote_format_link":"post","ocean_gallery_link_images":"on","ocean_gallery_id":[],"footnotes":""},"categories":[541],"tags":[129],"class_list":["post-5122","post","type-post","status-publish","format-standard","has-post-thumbnail","hentry","category-addiccio-funcional","tag-forum-girona-ca","entry","has-media"],"yoast_head":"<!-- This site is optimized with the Yoast SEO plugin v27.5 - https:\/\/yoast.com\/product\/yoast-seo-wordpress\/ -->\n<title>Addicci\u00f3 funcional: quan ning\u00fa detecta el problema a temps - Forum Salud Mental Girona<\/title>\n<meta name=\"description\" content=\"La adicci\u00f3n funcional puede pasar desapercibida durante a\u00f1os. Descubre sus se\u00f1ales y cu\u00e1ndo buscar ayuda profesional en Girona.\" \/>\n<meta name=\"robots\" content=\"index, follow, max-snippet:-1, max-image-preview:large, max-video-preview:-1\" \/>\n<link rel=\"canonical\" href=\"https:\/\/forummontau.com\/girona\/addiccio-funcional-quan-ningu-detecta-el-problema-a-temps\/\" \/>\n<meta property=\"og:locale\" content=\"es_ES\" \/>\n<meta property=\"og:type\" content=\"article\" \/>\n<meta property=\"og:title\" content=\"Addicci\u00f3 funcional: quan ning\u00fa detecta el problema a temps - Forum Salud Mental Girona\" \/>\n<meta property=\"og:description\" content=\"La adicci\u00f3n funcional puede pasar desapercibida durante a\u00f1os. Descubre sus se\u00f1ales y cu\u00e1ndo buscar ayuda profesional en Girona.\" \/>\n<meta property=\"og:url\" content=\"https:\/\/forummontau.com\/girona\/addiccio-funcional-quan-ningu-detecta-el-problema-a-temps\/\" \/>\n<meta property=\"og:site_name\" content=\"Forum Salud Mental Girona\" \/>\n<meta property=\"article:published_time\" content=\"2026-03-31T15:19:47+00:00\" \/>\n<meta property=\"article:modified_time\" content=\"2026-03-31T15:21:32+00:00\" \/>\n<meta property=\"og:image\" content=\"https:\/\/forummontau.com\/girona\/wp-content\/uploads\/sites\/6\/2026\/03\/adiccion-funiconal.webp\" \/>\n\t<meta property=\"og:image:width\" content=\"1000\" \/>\n\t<meta property=\"og:image:height\" content=\"667\" \/>\n\t<meta property=\"og:image:type\" content=\"image\/webp\" \/>\n<meta name=\"author\" content=\"Forum Salud Mental\" \/>\n<meta name=\"twitter:card\" content=\"summary_large_image\" \/>\n<meta name=\"twitter:label1\" content=\"Escrito por\" \/>\n\t<meta name=\"twitter:data1\" content=\"Forum Salud Mental\" \/>\n\t<meta name=\"twitter:label2\" content=\"Tiempo de lectura\" \/>\n\t<meta name=\"twitter:data2\" content=\"4 minutos\" \/>\n<script type=\"application\/ld+json\" class=\"yoast-schema-graph\">{\"@context\":\"https:\\\/\\\/schema.org\",\"@graph\":[{\"@type\":\"Article\",\"@id\":\"https:\\\/\\\/forummontau.com\\\/girona\\\/addiccio-funcional-quan-ningu-detecta-el-problema-a-temps\\\/#article\",\"isPartOf\":{\"@id\":\"https:\\\/\\\/forummontau.com\\\/girona\\\/addiccio-funcional-quan-ningu-detecta-el-problema-a-temps\\\/\"},\"author\":{\"name\":\"Forum Salud Mental\",\"@id\":\"https:\\\/\\\/forummontau.com\\\/girona\\\/#\\\/schema\\\/person\\\/562926c7213a9f41f1ddc24aebe7ecfb\"},\"headline\":\"Addicci\u00f3 funcional: quan ning\u00fa detecta el problema a temps\",\"datePublished\":\"2026-03-31T15:19:47+00:00\",\"dateModified\":\"2026-03-31T15:21:32+00:00\",\"mainEntityOfPage\":{\"@id\":\"https:\\\/\\\/forummontau.com\\\/girona\\\/addiccio-funcional-quan-ningu-detecta-el-problema-a-temps\\\/\"},\"wordCount\":707,\"publisher\":{\"@id\":\"https:\\\/\\\/forummontau.com\\\/girona\\\/#organization\"},\"image\":{\"@id\":\"https:\\\/\\\/forummontau.com\\\/girona\\\/addiccio-funcional-quan-ningu-detecta-el-problema-a-temps\\\/#primaryimage\"},\"thumbnailUrl\":\"https:\\\/\\\/forummontau.com\\\/girona\\\/wp-content\\\/uploads\\\/sites\\\/6\\\/2026\\\/03\\\/adiccion-funiconal.webp\",\"keywords\":[\"Forum Girona\"],\"articleSection\":[\"Addicci\u00f3 funcional\"],\"inLanguage\":\"es\"},{\"@type\":\"WebPage\",\"@id\":\"https:\\\/\\\/forummontau.com\\\/girona\\\/addiccio-funcional-quan-ningu-detecta-el-problema-a-temps\\\/\",\"url\":\"https:\\\/\\\/forummontau.com\\\/girona\\\/addiccio-funcional-quan-ningu-detecta-el-problema-a-temps\\\/\",\"name\":\"Addicci\u00f3 funcional: quan ning\u00fa detecta el problema a temps - Forum Salud Mental Girona\",\"isPartOf\":{\"@id\":\"https:\\\/\\\/forummontau.com\\\/girona\\\/#website\"},\"primaryImageOfPage\":{\"@id\":\"https:\\\/\\\/forummontau.com\\\/girona\\\/addiccio-funcional-quan-ningu-detecta-el-problema-a-temps\\\/#primaryimage\"},\"image\":{\"@id\":\"https:\\\/\\\/forummontau.com\\\/girona\\\/addiccio-funcional-quan-ningu-detecta-el-problema-a-temps\\\/#primaryimage\"},\"thumbnailUrl\":\"https:\\\/\\\/forummontau.com\\\/girona\\\/wp-content\\\/uploads\\\/sites\\\/6\\\/2026\\\/03\\\/adiccion-funiconal.webp\",\"datePublished\":\"2026-03-31T15:19:47+00:00\",\"dateModified\":\"2026-03-31T15:21:32+00:00\",\"description\":\"La adicci\u00f3n funcional puede pasar desapercibida durante a\u00f1os. Descubre sus se\u00f1ales y cu\u00e1ndo buscar ayuda profesional en Girona.\",\"breadcrumb\":{\"@id\":\"https:\\\/\\\/forummontau.com\\\/girona\\\/addiccio-funcional-quan-ningu-detecta-el-problema-a-temps\\\/#breadcrumb\"},\"inLanguage\":\"es\",\"potentialAction\":[{\"@type\":\"ReadAction\",\"target\":[\"https:\\\/\\\/forummontau.com\\\/girona\\\/addiccio-funcional-quan-ningu-detecta-el-problema-a-temps\\\/\"]}]},{\"@type\":\"ImageObject\",\"inLanguage\":\"es\",\"@id\":\"https:\\\/\\\/forummontau.com\\\/girona\\\/addiccio-funcional-quan-ningu-detecta-el-problema-a-temps\\\/#primaryimage\",\"url\":\"https:\\\/\\\/forummontau.com\\\/girona\\\/wp-content\\\/uploads\\\/sites\\\/6\\\/2026\\\/03\\\/adiccion-funiconal.webp\",\"contentUrl\":\"https:\\\/\\\/forummontau.com\\\/girona\\\/wp-content\\\/uploads\\\/sites\\\/6\\\/2026\\\/03\\\/adiccion-funiconal.webp\",\"width\":1000,\"height\":667},{\"@type\":\"BreadcrumbList\",\"@id\":\"https:\\\/\\\/forummontau.com\\\/girona\\\/addiccio-funcional-quan-ningu-detecta-el-problema-a-temps\\\/#breadcrumb\",\"itemListElement\":[{\"@type\":\"ListItem\",\"position\":1,\"name\":\"Portada\",\"item\":\"https:\\\/\\\/forummontau.com\\\/girona\\\/centre-desintoxicacio-i-addiccions-girona\\\/\"},{\"@type\":\"ListItem\",\"position\":2,\"name\":\"Addicci\u00f3 funcional: quan ning\u00fa detecta el problema a temps\"}]},{\"@type\":\"WebSite\",\"@id\":\"https:\\\/\\\/forummontau.com\\\/girona\\\/#website\",\"url\":\"https:\\\/\\\/forummontau.com\\\/girona\\\/\",\"name\":\"Forum Salud Mental Girona\",\"description\":\"Centro de Desintoxicaci\u00f3n y Adicciones en Girona\",\"publisher\":{\"@id\":\"https:\\\/\\\/forummontau.com\\\/girona\\\/#organization\"},\"potentialAction\":[{\"@type\":\"SearchAction\",\"target\":{\"@type\":\"EntryPoint\",\"urlTemplate\":\"https:\\\/\\\/forummontau.com\\\/girona\\\/?s={search_term_string}\"},\"query-input\":{\"@type\":\"PropertyValueSpecification\",\"valueRequired\":true,\"valueName\":\"search_term_string\"}}],\"inLanguage\":\"es\"},{\"@type\":\"Organization\",\"@id\":\"https:\\\/\\\/forummontau.com\\\/girona\\\/#organization\",\"name\":\"Forum Salud Mental Girona\",\"url\":\"https:\\\/\\\/forummontau.com\\\/girona\\\/\",\"logo\":{\"@type\":\"ImageObject\",\"inLanguage\":\"es\",\"@id\":\"https:\\\/\\\/forummontau.com\\\/girona\\\/#\\\/schema\\\/logo\\\/image\\\/\",\"url\":\"https:\\\/\\\/forummontau.com\\\/girona\\\/wp-content\\\/uploads\\\/sites\\\/6\\\/2020\\\/02\\\/girona_forum.png\",\"contentUrl\":\"https:\\\/\\\/forummontau.com\\\/girona\\\/wp-content\\\/uploads\\\/sites\\\/6\\\/2020\\\/02\\\/girona_forum.png\",\"width\":215,\"height\":119,\"caption\":\"Forum Salud Mental Girona\"},\"image\":{\"@id\":\"https:\\\/\\\/forummontau.com\\\/girona\\\/#\\\/schema\\\/logo\\\/image\\\/\"}},{\"@type\":\"Person\",\"@id\":\"https:\\\/\\\/forummontau.com\\\/girona\\\/#\\\/schema\\\/person\\\/562926c7213a9f41f1ddc24aebe7ecfb\",\"name\":\"Forum Salud Mental\"}]}<\/script>\n<!-- \/ Yoast SEO plugin. -->","yoast_head_json":{"title":"Addicci\u00f3 funcional: quan ning\u00fa detecta el problema a temps - Forum Salud Mental Girona","description":"La adicci\u00f3n funcional puede pasar desapercibida durante a\u00f1os. Descubre sus se\u00f1ales y cu\u00e1ndo buscar ayuda profesional en Girona.","robots":{"index":"index","follow":"follow","max-snippet":"max-snippet:-1","max-image-preview":"max-image-preview:large","max-video-preview":"max-video-preview:-1"},"canonical":"https:\/\/forummontau.com\/girona\/addiccio-funcional-quan-ningu-detecta-el-problema-a-temps\/","og_locale":"es_ES","og_type":"article","og_title":"Addicci\u00f3 funcional: quan ning\u00fa detecta el problema a temps - Forum Salud Mental Girona","og_description":"La adicci\u00f3n funcional puede pasar desapercibida durante a\u00f1os. Descubre sus se\u00f1ales y cu\u00e1ndo buscar ayuda profesional en Girona.","og_url":"https:\/\/forummontau.com\/girona\/addiccio-funcional-quan-ningu-detecta-el-problema-a-temps\/","og_site_name":"Forum Salud Mental Girona","article_published_time":"2026-03-31T15:19:47+00:00","article_modified_time":"2026-03-31T15:21:32+00:00","og_image":[{"width":1000,"height":667,"url":"https:\/\/forummontau.com\/girona\/wp-content\/uploads\/sites\/6\/2026\/03\/adiccion-funiconal.webp","type":"image\/webp"}],"author":"Forum Salud Mental","twitter_card":"summary_large_image","twitter_misc":{"Escrito por":"Forum Salud Mental","Tiempo de lectura":"4 minutos"},"schema":{"@context":"https:\/\/schema.org","@graph":[{"@type":"Article","@id":"https:\/\/forummontau.com\/girona\/addiccio-funcional-quan-ningu-detecta-el-problema-a-temps\/#article","isPartOf":{"@id":"https:\/\/forummontau.com\/girona\/addiccio-funcional-quan-ningu-detecta-el-problema-a-temps\/"},"author":{"name":"Forum Salud Mental","@id":"https:\/\/forummontau.com\/girona\/#\/schema\/person\/562926c7213a9f41f1ddc24aebe7ecfb"},"headline":"Addicci\u00f3 funcional: quan ning\u00fa detecta el problema a temps","datePublished":"2026-03-31T15:19:47+00:00","dateModified":"2026-03-31T15:21:32+00:00","mainEntityOfPage":{"@id":"https:\/\/forummontau.com\/girona\/addiccio-funcional-quan-ningu-detecta-el-problema-a-temps\/"},"wordCount":707,"publisher":{"@id":"https:\/\/forummontau.com\/girona\/#organization"},"image":{"@id":"https:\/\/forummontau.com\/girona\/addiccio-funcional-quan-ningu-detecta-el-problema-a-temps\/#primaryimage"},"thumbnailUrl":"https:\/\/forummontau.com\/girona\/wp-content\/uploads\/sites\/6\/2026\/03\/adiccion-funiconal.webp","keywords":["Forum Girona"],"articleSection":["Addicci\u00f3 funcional"],"inLanguage":"es"},{"@type":"WebPage","@id":"https:\/\/forummontau.com\/girona\/addiccio-funcional-quan-ningu-detecta-el-problema-a-temps\/","url":"https:\/\/forummontau.com\/girona\/addiccio-funcional-quan-ningu-detecta-el-problema-a-temps\/","name":"Addicci\u00f3 funcional: quan ning\u00fa detecta el problema a temps - Forum Salud Mental Girona","isPartOf":{"@id":"https:\/\/forummontau.com\/girona\/#website"},"primaryImageOfPage":{"@id":"https:\/\/forummontau.com\/girona\/addiccio-funcional-quan-ningu-detecta-el-problema-a-temps\/#primaryimage"},"image":{"@id":"https:\/\/forummontau.com\/girona\/addiccio-funcional-quan-ningu-detecta-el-problema-a-temps\/#primaryimage"},"thumbnailUrl":"https:\/\/forummontau.com\/girona\/wp-content\/uploads\/sites\/6\/2026\/03\/adiccion-funiconal.webp","datePublished":"2026-03-31T15:19:47+00:00","dateModified":"2026-03-31T15:21:32+00:00","description":"La adicci\u00f3n funcional puede pasar desapercibida durante a\u00f1os. Descubre sus se\u00f1ales y cu\u00e1ndo buscar ayuda profesional en Girona.","breadcrumb":{"@id":"https:\/\/forummontau.com\/girona\/addiccio-funcional-quan-ningu-detecta-el-problema-a-temps\/#breadcrumb"},"inLanguage":"es","potentialAction":[{"@type":"ReadAction","target":["https:\/\/forummontau.com\/girona\/addiccio-funcional-quan-ningu-detecta-el-problema-a-temps\/"]}]},{"@type":"ImageObject","inLanguage":"es","@id":"https:\/\/forummontau.com\/girona\/addiccio-funcional-quan-ningu-detecta-el-problema-a-temps\/#primaryimage","url":"https:\/\/forummontau.com\/girona\/wp-content\/uploads\/sites\/6\/2026\/03\/adiccion-funiconal.webp","contentUrl":"https:\/\/forummontau.com\/girona\/wp-content\/uploads\/sites\/6\/2026\/03\/adiccion-funiconal.webp","width":1000,"height":667},{"@type":"BreadcrumbList","@id":"https:\/\/forummontau.com\/girona\/addiccio-funcional-quan-ningu-detecta-el-problema-a-temps\/#breadcrumb","itemListElement":[{"@type":"ListItem","position":1,"name":"Portada","item":"https:\/\/forummontau.com\/girona\/centre-desintoxicacio-i-addiccions-girona\/"},{"@type":"ListItem","position":2,"name":"Addicci\u00f3 funcional: quan ning\u00fa detecta el problema a temps"}]},{"@type":"WebSite","@id":"https:\/\/forummontau.com\/girona\/#website","url":"https:\/\/forummontau.com\/girona\/","name":"Forum Salud Mental Girona","description":"Centro de Desintoxicaci\u00f3n y Adicciones en Girona","publisher":{"@id":"https:\/\/forummontau.com\/girona\/#organization"},"potentialAction":[{"@type":"SearchAction","target":{"@type":"EntryPoint","urlTemplate":"https:\/\/forummontau.com\/girona\/?s={search_term_string}"},"query-input":{"@type":"PropertyValueSpecification","valueRequired":true,"valueName":"search_term_string"}}],"inLanguage":"es"},{"@type":"Organization","@id":"https:\/\/forummontau.com\/girona\/#organization","name":"Forum Salud Mental Girona","url":"https:\/\/forummontau.com\/girona\/","logo":{"@type":"ImageObject","inLanguage":"es","@id":"https:\/\/forummontau.com\/girona\/#\/schema\/logo\/image\/","url":"https:\/\/forummontau.com\/girona\/wp-content\/uploads\/sites\/6\/2020\/02\/girona_forum.png","contentUrl":"https:\/\/forummontau.com\/girona\/wp-content\/uploads\/sites\/6\/2020\/02\/girona_forum.png","width":215,"height":119,"caption":"Forum Salud Mental Girona"},"image":{"@id":"https:\/\/forummontau.com\/girona\/#\/schema\/logo\/image\/"}},{"@type":"Person","@id":"https:\/\/forummontau.com\/girona\/#\/schema\/person\/562926c7213a9f41f1ddc24aebe7ecfb","name":"Forum Salud Mental"}]}},"_links":{"self":[{"href":"https:\/\/forummontau.com\/girona\/wp-json\/wp\/v2\/posts\/5122","targetHints":{"allow":["GET"]}}],"collection":[{"href":"https:\/\/forummontau.com\/girona\/wp-json\/wp\/v2\/posts"}],"about":[{"href":"https:\/\/forummontau.com\/girona\/wp-json\/wp\/v2\/types\/post"}],"author":[{"embeddable":true,"href":"https:\/\/forummontau.com\/girona\/wp-json\/wp\/v2\/users\/1"}],"replies":[{"embeddable":true,"href":"https:\/\/forummontau.com\/girona\/wp-json\/wp\/v2\/comments?post=5122"}],"version-history":[{"count":1,"href":"https:\/\/forummontau.com\/girona\/wp-json\/wp\/v2\/posts\/5122\/revisions"}],"predecessor-version":[{"id":5123,"href":"https:\/\/forummontau.com\/girona\/wp-json\/wp\/v2\/posts\/5122\/revisions\/5123"}],"wp:featuredmedia":[{"embeddable":true,"href":"https:\/\/forummontau.com\/girona\/wp-json\/wp\/v2\/media\/5120"}],"wp:attachment":[{"href":"https:\/\/forummontau.com\/girona\/wp-json\/wp\/v2\/media?parent=5122"}],"wp:term":[{"taxonomy":"category","embeddable":true,"href":"https:\/\/forummontau.com\/girona\/wp-json\/wp\/v2\/categories?post=5122"},{"taxonomy":"post_tag","embeddable":true,"href":"https:\/\/forummontau.com\/girona\/wp-json\/wp\/v2\/tags?post=5122"}],"curies":[{"name":"wp","href":"https:\/\/api.w.org\/{rel}","templated":true}]}}