{"id":866,"date":"2018-02-05T15:14:33","date_gmt":"2018-02-05T15:14:33","guid":{"rendered":"https:\/\/forumgirona.cat\/?p=866"},"modified":"2020-03-20T11:09:20","modified_gmt":"2020-03-20T11:09:20","slug":"del-habito-la-adiccion","status":"publish","type":"post","link":"https:\/\/forummontau.com\/girona\/del-habito-la-adiccion\/","title":{"rendered":"Del h\u00e1bito a la adicci\u00f3n"},"content":{"rendered":"<p>Cada d\u00eda estamos peligrosamente vinculados a h\u00e1bitos y experiencias asociadas al consumo de sustancias adictivas y no somos conscientes del riesgo que comporta.<\/p>\n<p>Cuantas veces escuchamos frases como \u201c<em>solo tomo una copa de vino comiendo, tomar una copita de vino es bueno<\/em>\u201d o \u201c<em>Me tomo una pastilla para dormir, me la recet\u00f3 el m\u00e9dico hace a\u00f1os, pero el d\u00eda que no la tomo no duermo<\/em>,\u201d \u201c<em>me fumo un peta despu\u00e9s de cenar para relajarme, mejor eso que fumar un cigarrillo\u00bb<\/em>\u2026<\/p>\n<p>Nos imaginamos a los adictos como personas enfermas cuyas vidas est\u00e1n \u00fanica y exclusivamente ligadas al consumo de alguna sustancia. El criterio que utilizamos es el siguiente: si uno consume todos los d\u00edas entonces es adicto. Pero a partir de ese error conceptual se desprende la falsa creencia opuesta de que si NO lo hago todos los d\u00edas, entonces no soy adicto.<\/p>\n<p>Sin embargo la mayor\u00eda de los adictos no consumen a diario y es importante que tengamos presente este dato ya que hay personas que quiz\u00e1s sean adictas y no son conscientes de ello.<\/p>\n<p>Muchas sustancias de consumo habitual, como la <strong>nicotina, la cafe\u00edna, el alcohol, los psicof\u00e1rmacos<\/strong>,\u2026 cuando se consumen diariamente<strong> pueden conducir a una adicci\u00f3n<\/strong>. En este sentido, la cantidad utilizada de dicha sustancia tampoco es la que determina si uno es adicto o no \u2013al igual que la frecuencia-, sino la manera en la que \u00e9sta nos afecta.<\/p>\n<p>Somos adictos si aparece una idea obsesiva en relaci\u00f3n al consumo de alguna sustancia y se manifiesta como un deseo que debo realizar a pesar de saber que racionalmente no deber\u00eda hacerlo.<\/p>\n<p>Lo que hace que un h\u00e1bito se convierta en adicci\u00f3n es que se vuelve en contra de uno mismo. Al principio se obtiene cierta gratificaci\u00f3n y beneficios del consumo; por ejemplo: lograr dormir mejor con psicof\u00e1rmacos, calmar la ansiedad con alcohol, incrementar la energ\u00eda con nicotina, etc. Pero, a medida que transcurre el tiempo y se desarrollan los mecanismos biol\u00f3gicos naturales de tolerancia a los efectos beneficiosos de dichas sustancias, \u00e9stas van perdiendo sus efectos y comienzan a aparecer los efectos negativos.<\/p>\n<p>El rasgo distintivo de la adicci\u00f3n es que, al tratar de controlarla, la voluntad no es suficiente. Una vez que se desarrolla una adicci\u00f3n se es incapaz de detener o controlar de manera sostenida en el tiempo la tendencia al consumo, a pesar de todas las promesas y buenas intenciones. Por lo tanto, el adicto se encuentra fuera de control o intentando controlar el uso, lo que en ambos casos significa que el problema persiste. Cuando un individuo debe comenzar a pensar en intentar controlar el consumo de una sustancia\u2026ya est\u00e1 en problemas!<\/p>\n<p>A medida que los <strong>problemas en el trabajo, familia, salud mental y\/o f\u00edsica comienzan a acumularse como consecuencia del consumo<\/strong>, el individuo empieza a negar que el consumo sea un problema que no puede controlar y que los efectos negativos tengan conexi\u00f3n con el consumo.<\/p>\n<p><strong>Lo m\u00e1s importante es admitir que tenemos un problema y pedir ayuda profesional para interrumpir el patr\u00f3n adictivo y modificar nuestros h\u00e1bitos<\/strong>.<\/p>\n","protected":false},"excerpt":{"rendered":"<p>Cada d\u00eda estamos peligrosamente vinculados a h\u00e1bitos y experiencias asociadas al consumo de sustancias adictivas y no somos conscientes del riesgo que comporta. Cuantas veces escuchamos frases como \u201csolo tomo una copa de vino comiendo, tomar una copita de vino es bueno\u201d o \u201cMe tomo una pastilla para dormir, me la recet\u00f3 el m\u00e9dico hace [&hellip;]<\/p>\n","protected":false},"author":2,"featured_media":868,"comment_status":"closed","ping_status":"open","sticky":false,"template":"","format":"standard","meta":{"ocean_post_layout":"","ocean_both_sidebars_style":"","ocean_both_sidebars_content_width":0,"ocean_both_sidebars_sidebars_width":0,"ocean_sidebar":"0","ocean_second_sidebar":"0","ocean_disable_margins":"enable","ocean_add_body_class":"","ocean_shortcode_before_top_bar":"","ocean_shortcode_after_top_bar":"","ocean_shortcode_before_header":"","ocean_shortcode_after_header":"","ocean_has_shortcode":"","ocean_shortcode_after_title":"","ocean_shortcode_before_footer_widgets":"","ocean_shortcode_after_footer_widgets":"","ocean_shortcode_before_footer_bottom":"","ocean_shortcode_after_footer_bottom":"","ocean_display_top_bar":"default","ocean_display_header":"default","ocean_header_style":"","ocean_center_header_left_menu":"0","ocean_custom_header_template":"0","ocean_custom_logo":0,"ocean_custom_retina_logo":0,"ocean_custom_logo_max_width":0,"ocean_custom_logo_tablet_max_width":0,"ocean_custom_logo_mobile_max_width":0,"ocean_custom_logo_max_height":0,"ocean_custom_logo_tablet_max_height":0,"ocean_custom_logo_mobile_max_height":0,"ocean_header_custom_menu":"0","ocean_menu_typo_font_family":"0","ocean_menu_typo_font_subset":"","ocean_menu_typo_font_size":0,"ocean_menu_typo_font_size_tablet":0,"ocean_menu_typo_font_size_mobile":0,"ocean_menu_typo_font_size_unit":"px","ocean_menu_typo_font_weight":"","ocean_menu_typo_font_weight_tablet":"","ocean_menu_typo_font_weight_mobile":"","ocean_menu_typo_transform":"","ocean_menu_typo_transform_tablet":"","ocean_menu_typo_transform_mobile":"","ocean_menu_typo_line_height":0,"ocean_menu_typo_line_height_tablet":0,"ocean_menu_typo_line_height_mobile":0,"ocean_menu_typo_line_height_unit":"","ocean_menu_typo_spacing":0,"ocean_menu_typo_spacing_tablet":0,"ocean_menu_typo_spacing_mobile":0,"ocean_menu_typo_spacing_unit":"","ocean_menu_link_color":"","ocean_menu_link_color_hover":"","ocean_menu_link_color_active":"","ocean_menu_link_background":"","ocean_menu_link_hover_background":"","ocean_menu_link_active_background":"","ocean_menu_social_links_bg":"","ocean_menu_social_hover_links_bg":"","ocean_menu_social_links_color":"","ocean_menu_social_hover_links_color":"","ocean_disable_title":"default","ocean_disable_heading":"default","ocean_post_title":"","ocean_post_subheading":"","ocean_post_title_style":"","ocean_post_title_background_color":"","ocean_post_title_background":0,"ocean_post_title_bg_image_position":"","ocean_post_title_bg_image_attachment":"","ocean_post_title_bg_image_repeat":"","ocean_post_title_bg_image_size":"","ocean_post_title_height":0,"ocean_post_title_bg_overlay":0.5,"ocean_post_title_bg_overlay_color":"","ocean_disable_breadcrumbs":"default","ocean_breadcrumbs_color":"","ocean_breadcrumbs_separator_color":"","ocean_breadcrumbs_links_color":"","ocean_breadcrumbs_links_hover_color":"","ocean_display_footer_widgets":"default","ocean_display_footer_bottom":"default","ocean_custom_footer_template":"0","ocean_post_oembed":"","ocean_post_self_hosted_media":"","ocean_post_video_embed":"","ocean_link_format":"","ocean_link_format_target":"self","ocean_quote_format":"","ocean_quote_format_link":"post","ocean_gallery_link_images":"off","ocean_gallery_id":[],"footnotes":""},"categories":[29,33,31],"tags":[],"class_list":["post-866","post","type-post","status-publish","format-standard","has-post-thumbnail","hentry","category-adiccion","category-prevencion","category-tratamientos","entry","has-media"],"yoast_head":"<!-- This site is optimized with the Yoast SEO plugin v27.4 - https:\/\/yoast.com\/product\/yoast-seo-wordpress\/ -->\n<title>Del h\u00e1bito a la adicci\u00f3n - Forum Salud Mental Girona<\/title>\n<meta name=\"robots\" content=\"index, follow, max-snippet:-1, max-image-preview:large, max-video-preview:-1\" \/>\n<link rel=\"canonical\" href=\"https:\/\/forummontau.com\/girona\/del-habito-la-adiccion\/\" \/>\n<meta property=\"og:locale\" content=\"es_ES\" \/>\n<meta property=\"og:type\" content=\"article\" \/>\n<meta property=\"og:title\" content=\"Del h\u00e1bito a la adicci\u00f3n - Forum Salud Mental Girona\" \/>\n<meta property=\"og:description\" content=\"Cada d\u00eda estamos peligrosamente vinculados a h\u00e1bitos y experiencias asociadas al consumo de sustancias adictivas y no somos conscientes del riesgo que comporta. Cuantas veces escuchamos frases como \u201csolo tomo una copa de vino comiendo, tomar una copita de vino es bueno\u201d o \u201cMe tomo una pastilla para dormir, me la recet\u00f3 el m\u00e9dico hace [&hellip;]\" \/>\n<meta property=\"og:url\" content=\"https:\/\/forummontau.com\/girona\/del-habito-la-adiccion\/\" \/>\n<meta property=\"og:site_name\" content=\"Forum Salud Mental Girona\" \/>\n<meta property=\"article:published_time\" content=\"2018-02-05T15:14:33+00:00\" \/>\n<meta property=\"article:modified_time\" content=\"2020-03-20T11:09:20+00:00\" \/>\n<meta property=\"og:image\" content=\"https:\/\/forummontau.com\/girona\/wp-content\/uploads\/sites\/6\/2018\/02\/del-habito-a-la-adiccion.png\" \/>\n\t<meta property=\"og:image:width\" content=\"900\" \/>\n\t<meta property=\"og:image:height\" content=\"600\" \/>\n\t<meta property=\"og:image:type\" content=\"image\/png\" \/>\n<meta name=\"author\" content=\"Forum Salud Mental Madrid\" \/>\n<meta name=\"twitter:card\" content=\"summary_large_image\" \/>\n<meta name=\"twitter:label1\" content=\"Escrito por\" \/>\n\t<meta name=\"twitter:data1\" content=\"Forum Salud Mental Madrid\" \/>\n\t<meta name=\"twitter:label2\" content=\"Tiempo de lectura\" \/>\n\t<meta name=\"twitter:data2\" content=\"3 minutos\" \/>\n<script type=\"application\/ld+json\" class=\"yoast-schema-graph\">{\"@context\":\"https:\\\/\\\/schema.org\",\"@graph\":[{\"@type\":\"Article\",\"@id\":\"https:\\\/\\\/forummontau.com\\\/girona\\\/del-habito-la-adiccion\\\/#article\",\"isPartOf\":{\"@id\":\"https:\\\/\\\/forummontau.com\\\/girona\\\/del-habito-la-adiccion\\\/\"},\"author\":{\"name\":\"Forum Salud Mental Madrid\",\"@id\":\"https:\\\/\\\/forummontau.com\\\/girona\\\/#\\\/schema\\\/person\\\/dd79fa1c0ba733edd439998f9d7f5e25\"},\"headline\":\"Del h\u00e1bito a la adicci\u00f3n\",\"datePublished\":\"2018-02-05T15:14:33+00:00\",\"dateModified\":\"2020-03-20T11:09:20+00:00\",\"mainEntityOfPage\":{\"@id\":\"https:\\\/\\\/forummontau.com\\\/girona\\\/del-habito-la-adiccion\\\/\"},\"wordCount\":544,\"publisher\":{\"@id\":\"https:\\\/\\\/forummontau.com\\\/girona\\\/#organization\"},\"image\":{\"@id\":\"https:\\\/\\\/forummontau.com\\\/girona\\\/del-habito-la-adiccion\\\/#primaryimage\"},\"thumbnailUrl\":\"https:\\\/\\\/forummontau.com\\\/girona\\\/wp-content\\\/uploads\\\/sites\\\/6\\\/2018\\\/02\\\/del-habito-a-la-adiccion.png\",\"articleSection\":[\"Adicci\u00f3n\",\"Prevenci\u00f3n\",\"Tratamientos\"],\"inLanguage\":\"es\"},{\"@type\":\"WebPage\",\"@id\":\"https:\\\/\\\/forummontau.com\\\/girona\\\/del-habito-la-adiccion\\\/\",\"url\":\"https:\\\/\\\/forummontau.com\\\/girona\\\/del-habito-la-adiccion\\\/\",\"name\":\"Del h\u00e1bito a la adicci\u00f3n - Forum Salud Mental Girona\",\"isPartOf\":{\"@id\":\"https:\\\/\\\/forummontau.com\\\/girona\\\/#website\"},\"primaryImageOfPage\":{\"@id\":\"https:\\\/\\\/forummontau.com\\\/girona\\\/del-habito-la-adiccion\\\/#primaryimage\"},\"image\":{\"@id\":\"https:\\\/\\\/forummontau.com\\\/girona\\\/del-habito-la-adiccion\\\/#primaryimage\"},\"thumbnailUrl\":\"https:\\\/\\\/forummontau.com\\\/girona\\\/wp-content\\\/uploads\\\/sites\\\/6\\\/2018\\\/02\\\/del-habito-a-la-adiccion.png\",\"datePublished\":\"2018-02-05T15:14:33+00:00\",\"dateModified\":\"2020-03-20T11:09:20+00:00\",\"breadcrumb\":{\"@id\":\"https:\\\/\\\/forummontau.com\\\/girona\\\/del-habito-la-adiccion\\\/#breadcrumb\"},\"inLanguage\":\"es\",\"potentialAction\":[{\"@type\":\"ReadAction\",\"target\":[\"https:\\\/\\\/forummontau.com\\\/girona\\\/del-habito-la-adiccion\\\/\"]}]},{\"@type\":\"ImageObject\",\"inLanguage\":\"es\",\"@id\":\"https:\\\/\\\/forummontau.com\\\/girona\\\/del-habito-la-adiccion\\\/#primaryimage\",\"url\":\"https:\\\/\\\/forummontau.com\\\/girona\\\/wp-content\\\/uploads\\\/sites\\\/6\\\/2018\\\/02\\\/del-habito-a-la-adiccion.png\",\"contentUrl\":\"https:\\\/\\\/forummontau.com\\\/girona\\\/wp-content\\\/uploads\\\/sites\\\/6\\\/2018\\\/02\\\/del-habito-a-la-adiccion.png\",\"width\":900,\"height\":600,\"caption\":\"Cuando el h\u00e1bito se convierte en adicci\u00f3n\"},{\"@type\":\"BreadcrumbList\",\"@id\":\"https:\\\/\\\/forummontau.com\\\/girona\\\/del-habito-la-adiccion\\\/#breadcrumb\",\"itemListElement\":[{\"@type\":\"ListItem\",\"position\":1,\"name\":\"Portada\",\"item\":\"https:\\\/\\\/forummontau.com\\\/girona\\\/centre-desintoxicacio-i-addiccions-girona\\\/\"},{\"@type\":\"ListItem\",\"position\":2,\"name\":\"Del h\u00e1bito a la adicci\u00f3n\"}]},{\"@type\":\"WebSite\",\"@id\":\"https:\\\/\\\/forummontau.com\\\/girona\\\/#website\",\"url\":\"https:\\\/\\\/forummontau.com\\\/girona\\\/\",\"name\":\"Forum Salud Mental Girona\",\"description\":\"Centro de Desintoxicaci\u00f3n y Adicciones en Girona\",\"publisher\":{\"@id\":\"https:\\\/\\\/forummontau.com\\\/girona\\\/#organization\"},\"potentialAction\":[{\"@type\":\"SearchAction\",\"target\":{\"@type\":\"EntryPoint\",\"urlTemplate\":\"https:\\\/\\\/forummontau.com\\\/girona\\\/?s={search_term_string}\"},\"query-input\":{\"@type\":\"PropertyValueSpecification\",\"valueRequired\":true,\"valueName\":\"search_term_string\"}}],\"inLanguage\":\"es\"},{\"@type\":\"Organization\",\"@id\":\"https:\\\/\\\/forummontau.com\\\/girona\\\/#organization\",\"name\":\"Forum Salud Mental Girona\",\"url\":\"https:\\\/\\\/forummontau.com\\\/girona\\\/\",\"logo\":{\"@type\":\"ImageObject\",\"inLanguage\":\"es\",\"@id\":\"https:\\\/\\\/forummontau.com\\\/girona\\\/#\\\/schema\\\/logo\\\/image\\\/\",\"url\":\"https:\\\/\\\/forummontau.com\\\/girona\\\/wp-content\\\/uploads\\\/sites\\\/6\\\/2020\\\/02\\\/girona_forum.png\",\"contentUrl\":\"https:\\\/\\\/forummontau.com\\\/girona\\\/wp-content\\\/uploads\\\/sites\\\/6\\\/2020\\\/02\\\/girona_forum.png\",\"width\":215,\"height\":119,\"caption\":\"Forum Salud Mental Girona\"},\"image\":{\"@id\":\"https:\\\/\\\/forummontau.com\\\/girona\\\/#\\\/schema\\\/logo\\\/image\\\/\"}},{\"@type\":\"Person\",\"@id\":\"https:\\\/\\\/forummontau.com\\\/girona\\\/#\\\/schema\\\/person\\\/dd79fa1c0ba733edd439998f9d7f5e25\",\"name\":\"Forum Salud Mental Madrid\"}]}<\/script>\n<!-- \/ Yoast SEO plugin. -->","yoast_head_json":{"title":"Del h\u00e1bito a la adicci\u00f3n - Forum Salud Mental Girona","robots":{"index":"index","follow":"follow","max-snippet":"max-snippet:-1","max-image-preview":"max-image-preview:large","max-video-preview":"max-video-preview:-1"},"canonical":"https:\/\/forummontau.com\/girona\/del-habito-la-adiccion\/","og_locale":"es_ES","og_type":"article","og_title":"Del h\u00e1bito a la adicci\u00f3n - Forum Salud Mental Girona","og_description":"Cada d\u00eda estamos peligrosamente vinculados a h\u00e1bitos y experiencias asociadas al consumo de sustancias adictivas y no somos conscientes del riesgo que comporta. Cuantas veces escuchamos frases como \u201csolo tomo una copa de vino comiendo, tomar una copita de vino es bueno\u201d o \u201cMe tomo una pastilla para dormir, me la recet\u00f3 el m\u00e9dico hace [&hellip;]","og_url":"https:\/\/forummontau.com\/girona\/del-habito-la-adiccion\/","og_site_name":"Forum Salud Mental Girona","article_published_time":"2018-02-05T15:14:33+00:00","article_modified_time":"2020-03-20T11:09:20+00:00","og_image":[{"width":900,"height":600,"url":"https:\/\/forummontau.com\/girona\/wp-content\/uploads\/sites\/6\/2018\/02\/del-habito-a-la-adiccion.png","type":"image\/png"}],"author":"Forum Salud Mental Madrid","twitter_card":"summary_large_image","twitter_misc":{"Escrito por":"Forum Salud Mental Madrid","Tiempo de lectura":"3 minutos"},"schema":{"@context":"https:\/\/schema.org","@graph":[{"@type":"Article","@id":"https:\/\/forummontau.com\/girona\/del-habito-la-adiccion\/#article","isPartOf":{"@id":"https:\/\/forummontau.com\/girona\/del-habito-la-adiccion\/"},"author":{"name":"Forum Salud Mental Madrid","@id":"https:\/\/forummontau.com\/girona\/#\/schema\/person\/dd79fa1c0ba733edd439998f9d7f5e25"},"headline":"Del h\u00e1bito a la adicci\u00f3n","datePublished":"2018-02-05T15:14:33+00:00","dateModified":"2020-03-20T11:09:20+00:00","mainEntityOfPage":{"@id":"https:\/\/forummontau.com\/girona\/del-habito-la-adiccion\/"},"wordCount":544,"publisher":{"@id":"https:\/\/forummontau.com\/girona\/#organization"},"image":{"@id":"https:\/\/forummontau.com\/girona\/del-habito-la-adiccion\/#primaryimage"},"thumbnailUrl":"https:\/\/forummontau.com\/girona\/wp-content\/uploads\/sites\/6\/2018\/02\/del-habito-a-la-adiccion.png","articleSection":["Adicci\u00f3n","Prevenci\u00f3n","Tratamientos"],"inLanguage":"es"},{"@type":"WebPage","@id":"https:\/\/forummontau.com\/girona\/del-habito-la-adiccion\/","url":"https:\/\/forummontau.com\/girona\/del-habito-la-adiccion\/","name":"Del h\u00e1bito a la adicci\u00f3n - Forum Salud Mental Girona","isPartOf":{"@id":"https:\/\/forummontau.com\/girona\/#website"},"primaryImageOfPage":{"@id":"https:\/\/forummontau.com\/girona\/del-habito-la-adiccion\/#primaryimage"},"image":{"@id":"https:\/\/forummontau.com\/girona\/del-habito-la-adiccion\/#primaryimage"},"thumbnailUrl":"https:\/\/forummontau.com\/girona\/wp-content\/uploads\/sites\/6\/2018\/02\/del-habito-a-la-adiccion.png","datePublished":"2018-02-05T15:14:33+00:00","dateModified":"2020-03-20T11:09:20+00:00","breadcrumb":{"@id":"https:\/\/forummontau.com\/girona\/del-habito-la-adiccion\/#breadcrumb"},"inLanguage":"es","potentialAction":[{"@type":"ReadAction","target":["https:\/\/forummontau.com\/girona\/del-habito-la-adiccion\/"]}]},{"@type":"ImageObject","inLanguage":"es","@id":"https:\/\/forummontau.com\/girona\/del-habito-la-adiccion\/#primaryimage","url":"https:\/\/forummontau.com\/girona\/wp-content\/uploads\/sites\/6\/2018\/02\/del-habito-a-la-adiccion.png","contentUrl":"https:\/\/forummontau.com\/girona\/wp-content\/uploads\/sites\/6\/2018\/02\/del-habito-a-la-adiccion.png","width":900,"height":600,"caption":"Cuando el h\u00e1bito se convierte en adicci\u00f3n"},{"@type":"BreadcrumbList","@id":"https:\/\/forummontau.com\/girona\/del-habito-la-adiccion\/#breadcrumb","itemListElement":[{"@type":"ListItem","position":1,"name":"Portada","item":"https:\/\/forummontau.com\/girona\/centre-desintoxicacio-i-addiccions-girona\/"},{"@type":"ListItem","position":2,"name":"Del h\u00e1bito a la adicci\u00f3n"}]},{"@type":"WebSite","@id":"https:\/\/forummontau.com\/girona\/#website","url":"https:\/\/forummontau.com\/girona\/","name":"Forum Salud Mental Girona","description":"Centro de Desintoxicaci\u00f3n y Adicciones en Girona","publisher":{"@id":"https:\/\/forummontau.com\/girona\/#organization"},"potentialAction":[{"@type":"SearchAction","target":{"@type":"EntryPoint","urlTemplate":"https:\/\/forummontau.com\/girona\/?s={search_term_string}"},"query-input":{"@type":"PropertyValueSpecification","valueRequired":true,"valueName":"search_term_string"}}],"inLanguage":"es"},{"@type":"Organization","@id":"https:\/\/forummontau.com\/girona\/#organization","name":"Forum Salud Mental Girona","url":"https:\/\/forummontau.com\/girona\/","logo":{"@type":"ImageObject","inLanguage":"es","@id":"https:\/\/forummontau.com\/girona\/#\/schema\/logo\/image\/","url":"https:\/\/forummontau.com\/girona\/wp-content\/uploads\/sites\/6\/2020\/02\/girona_forum.png","contentUrl":"https:\/\/forummontau.com\/girona\/wp-content\/uploads\/sites\/6\/2020\/02\/girona_forum.png","width":215,"height":119,"caption":"Forum Salud Mental Girona"},"image":{"@id":"https:\/\/forummontau.com\/girona\/#\/schema\/logo\/image\/"}},{"@type":"Person","@id":"https:\/\/forummontau.com\/girona\/#\/schema\/person\/dd79fa1c0ba733edd439998f9d7f5e25","name":"Forum Salud Mental Madrid"}]}},"_links":{"self":[{"href":"https:\/\/forummontau.com\/girona\/wp-json\/wp\/v2\/posts\/866","targetHints":{"allow":["GET"]}}],"collection":[{"href":"https:\/\/forummontau.com\/girona\/wp-json\/wp\/v2\/posts"}],"about":[{"href":"https:\/\/forummontau.com\/girona\/wp-json\/wp\/v2\/types\/post"}],"author":[{"embeddable":true,"href":"https:\/\/forummontau.com\/girona\/wp-json\/wp\/v2\/users\/2"}],"replies":[{"embeddable":true,"href":"https:\/\/forummontau.com\/girona\/wp-json\/wp\/v2\/comments?post=866"}],"version-history":[{"count":1,"href":"https:\/\/forummontau.com\/girona\/wp-json\/wp\/v2\/posts\/866\/revisions"}],"predecessor-version":[{"id":2074,"href":"https:\/\/forummontau.com\/girona\/wp-json\/wp\/v2\/posts\/866\/revisions\/2074"}],"wp:featuredmedia":[{"embeddable":true,"href":"https:\/\/forummontau.com\/girona\/wp-json\/wp\/v2\/media\/868"}],"wp:attachment":[{"href":"https:\/\/forummontau.com\/girona\/wp-json\/wp\/v2\/media?parent=866"}],"wp:term":[{"taxonomy":"category","embeddable":true,"href":"https:\/\/forummontau.com\/girona\/wp-json\/wp\/v2\/categories?post=866"},{"taxonomy":"post_tag","embeddable":true,"href":"https:\/\/forummontau.com\/girona\/wp-json\/wp\/v2\/tags?post=866"}],"curies":[{"name":"wp","href":"https:\/\/api.w.org\/{rel}","templated":true}]}}