{"id":999,"date":"2018-04-04T10:44:15","date_gmt":"2018-04-04T10:44:15","guid":{"rendered":"https:\/\/forumgirona.cat\/?p=999"},"modified":"2019-06-26T08:03:35","modified_gmt":"2019-06-26T08:03:35","slug":"la-coadiccion-al-otro-lado-de-la-adiccion","status":"publish","type":"post","link":"https:\/\/forummontau.com\/girona\/la-coadiccion-al-otro-lado-de-la-adiccion\/","title":{"rendered":"La coadicci\u00f3n, al otro lado de la adicci\u00f3n"},"content":{"rendered":"<p>La\u00a0<strong>coadicci\u00f3n<\/strong>\u00a0es un\u00a0<strong>estado emocional<\/strong>\u00a0que\u00a0puede sufrir la\u00a0<strong>persona m\u00e1s cercana de un adicto<\/strong>,\u00a0usualmente un familiar, que crece en paralelo\u00a0a la enfermedad de la adicci\u00f3n (alcoholismo y\u00a0drogadicci\u00f3n).<\/p>\n<p>La coadicci\u00f3n se empieza\u00a0a desarrollar con los<strong>\u00a0primeros indicios de\u00a0consumo del enfermo adicto<\/strong>. Inicialmente el\u00a0coadicto est\u00e1 en una etapa de negaci\u00f3n del consumo,\u00a0cuando el individuo presenta los primeros\u00a0contactos con drogas, el familiar rechaza lo que\u00a0observa y lo minimiza.<\/p>\n<p>Luego vienen los\u00a0<strong>sufrimientos<\/strong>. Se produce\u00a0una relaci\u00f3n de codependencia psicol\u00f3gica, en\u00a0la cual el familiar habla, persigue, indaga, grita,\u00a0hace jurar al adicto, lo compromete a que deje\u00a0de consumir drogas y\/o alcohol, sin resultados\u00a0positivos.<\/p>\n<p>Se crea una relaci\u00f3n de\u00a0<strong>desconfianza y conflicto\u00a0por asumir el control de la vida del individuo\u00a0que consume<\/strong>, ya que \u00e9ste pierde la capacidad\u00a0del manejo de sus emociones y las responsabilidades\u00a0de la vida.<\/p>\n<p>Esta patolog\u00eda se presenta con mayor incidencia\u00a0de\u00a0<strong>padres a hijos y viceversa<\/strong>, seguido\u00a0por parejas; de tal manera que los\u00a0padres lo interpretan como desamor y asumen el\u00a0manejo de la vida de sus hijos, lo cual estimula\u00a0el sobrecontrol de tiempos y espacios pero sin\u00a0resultados positivos, creando m\u00e1s dependencia\u00a0hacia el adicto y su vida. En esta patolog\u00eda suelen\u00a0presentarse seguimientos y persecuciones para\u00a0tener el control de los adictos.<\/p>\n<p>El familiar pasa largas horas de sufrimiento y\u00a0desvelo esperando que algo de lo que haga logre\u00a0parar el consumo; pero, al no suceder, se crea\u00a0mayor dependencia psicol\u00f3gica con el adicto.<\/p>\n<h3>SOLUCI\u00d3N: BUSCAR AYUDA PROFESIONAL<\/h3>\n<p>Es importante destacar que la mejor forma de\u00a0ayudar a un individuo que consume drogas o alcohol\u00a0es buscando ayuda profesional para las\u00a0dos partes (familia y adicto).<\/p>\n<p>Al igual que la adicci\u00f3n, la coadicci\u00f3n tambi\u00e9n se trata en terapia de grupo.<\/p>\n<p>Ll\u00e1manos podemos ayudarte.<\/p>\n","protected":false},"excerpt":{"rendered":"<p>La\u00a0coadicci\u00f3n\u00a0es un\u00a0estado emocional\u00a0que\u00a0puede sufrir la\u00a0persona m\u00e1s cercana de un adicto,\u00a0usualmente un familiar, que crece en paralelo\u00a0a la enfermedad de la adicci\u00f3n (alcoholismo y\u00a0drogadicci\u00f3n). La coadicci\u00f3n se empieza\u00a0a desarrollar con los\u00a0primeros indicios de\u00a0consumo del enfermo adicto. Inicialmente el\u00a0coadicto est\u00e1 en una etapa de negaci\u00f3n del consumo,\u00a0cuando el individuo presenta los primeros\u00a0contactos con drogas, el familiar rechaza [&hellip;]<\/p>\n","protected":false},"author":2,"featured_media":1000,"comment_status":"closed","ping_status":"open","sticky":false,"template":"","format":"standard","meta":{"ocean_post_layout":"","ocean_both_sidebars_style":"","ocean_both_sidebars_content_width":0,"ocean_both_sidebars_sidebars_width":0,"ocean_sidebar":"0","ocean_second_sidebar":"0","ocean_disable_margins":"enable","ocean_add_body_class":"","ocean_shortcode_before_top_bar":"","ocean_shortcode_after_top_bar":"","ocean_shortcode_before_header":"","ocean_shortcode_after_header":"","ocean_has_shortcode":"","ocean_shortcode_after_title":"","ocean_shortcode_before_footer_widgets":"","ocean_shortcode_after_footer_widgets":"","ocean_shortcode_before_footer_bottom":"","ocean_shortcode_after_footer_bottom":"","ocean_display_top_bar":"default","ocean_display_header":"default","ocean_header_style":"","ocean_center_header_left_menu":"0","ocean_custom_header_template":"0","ocean_custom_logo":0,"ocean_custom_retina_logo":0,"ocean_custom_logo_max_width":0,"ocean_custom_logo_tablet_max_width":0,"ocean_custom_logo_mobile_max_width":0,"ocean_custom_logo_max_height":0,"ocean_custom_logo_tablet_max_height":0,"ocean_custom_logo_mobile_max_height":0,"ocean_header_custom_menu":"0","ocean_menu_typo_font_family":"","ocean_menu_typo_font_subset":"","ocean_menu_typo_font_size":0,"ocean_menu_typo_font_size_tablet":0,"ocean_menu_typo_font_size_mobile":0,"ocean_menu_typo_font_size_unit":"px","ocean_menu_typo_font_weight":"","ocean_menu_typo_font_weight_tablet":"","ocean_menu_typo_font_weight_mobile":"","ocean_menu_typo_transform":"","ocean_menu_typo_transform_tablet":"","ocean_menu_typo_transform_mobile":"","ocean_menu_typo_line_height":0,"ocean_menu_typo_line_height_tablet":0,"ocean_menu_typo_line_height_mobile":0,"ocean_menu_typo_line_height_unit":"","ocean_menu_typo_spacing":0,"ocean_menu_typo_spacing_tablet":0,"ocean_menu_typo_spacing_mobile":0,"ocean_menu_typo_spacing_unit":"","ocean_menu_link_color":"","ocean_menu_link_color_hover":"","ocean_menu_link_color_active":"","ocean_menu_link_background":"","ocean_menu_link_hover_background":"","ocean_menu_link_active_background":"","ocean_menu_social_links_bg":"","ocean_menu_social_hover_links_bg":"","ocean_menu_social_links_color":"","ocean_menu_social_hover_links_color":"","ocean_disable_title":"default","ocean_disable_heading":"default","ocean_post_title":"","ocean_post_subheading":"","ocean_post_title_style":"","ocean_post_title_background_color":"","ocean_post_title_background":0,"ocean_post_title_bg_image_position":"","ocean_post_title_bg_image_attachment":"","ocean_post_title_bg_image_repeat":"","ocean_post_title_bg_image_size":"","ocean_post_title_height":0,"ocean_post_title_bg_overlay":0.5,"ocean_post_title_bg_overlay_color":"","ocean_disable_breadcrumbs":"default","ocean_breadcrumbs_color":"","ocean_breadcrumbs_separator_color":"","ocean_breadcrumbs_links_color":"","ocean_breadcrumbs_links_hover_color":"","ocean_display_footer_widgets":"default","ocean_display_footer_bottom":"default","ocean_custom_footer_template":"","ocean_post_oembed":"","ocean_post_self_hosted_media":"","ocean_post_video_embed":"","ocean_link_format":"","ocean_link_format_target":"self","ocean_quote_format":"","ocean_quote_format_link":"post","ocean_gallery_link_images":"off","ocean_gallery_id":[],"footnotes":""},"categories":[29,31],"tags":[],"class_list":["post-999","post","type-post","status-publish","format-standard","has-post-thumbnail","hentry","category-adiccion","category-tratamientos","entry","has-media"],"yoast_head":"<!-- This site is optimized with the Yoast SEO plugin v27.5 - https:\/\/yoast.com\/product\/yoast-seo-wordpress\/ -->\n<title>La coadicci\u00f3n, al otro lado de la adicci\u00f3n - Forum Salud Mental Girona<\/title>\n<meta name=\"robots\" content=\"index, follow, max-snippet:-1, max-image-preview:large, max-video-preview:-1\" \/>\n<link rel=\"canonical\" href=\"https:\/\/forummontau.com\/girona\/la-coadiccion-al-otro-lado-de-la-adiccion\/\" \/>\n<meta property=\"og:locale\" content=\"es_ES\" \/>\n<meta property=\"og:type\" content=\"article\" \/>\n<meta property=\"og:title\" content=\"La coadicci\u00f3n, al otro lado de la adicci\u00f3n - Forum Salud Mental Girona\" \/>\n<meta property=\"og:description\" content=\"La\u00a0coadicci\u00f3n\u00a0es un\u00a0estado emocional\u00a0que\u00a0puede sufrir la\u00a0persona m\u00e1s cercana de un adicto,\u00a0usualmente un familiar, que crece en paralelo\u00a0a la enfermedad de la adicci\u00f3n (alcoholismo y\u00a0drogadicci\u00f3n). La coadicci\u00f3n se empieza\u00a0a desarrollar con los\u00a0primeros indicios de\u00a0consumo del enfermo adicto. Inicialmente el\u00a0coadicto est\u00e1 en una etapa de negaci\u00f3n del consumo,\u00a0cuando el individuo presenta los primeros\u00a0contactos con drogas, el familiar rechaza [&hellip;]\" \/>\n<meta property=\"og:url\" content=\"https:\/\/forummontau.com\/girona\/la-coadiccion-al-otro-lado-de-la-adiccion\/\" \/>\n<meta property=\"og:site_name\" content=\"Forum Salud Mental Girona\" \/>\n<meta property=\"article:published_time\" content=\"2018-04-04T10:44:15+00:00\" \/>\n<meta property=\"article:modified_time\" content=\"2019-06-26T08:03:35+00:00\" \/>\n<meta property=\"og:image\" content=\"https:\/\/forummontau.com\/girona\/wp-content\/uploads\/sites\/6\/2018\/04\/codependicia.jpg\" \/>\n\t<meta property=\"og:image:width\" content=\"624\" \/>\n\t<meta property=\"og:image:height\" content=\"414\" \/>\n\t<meta property=\"og:image:type\" content=\"image\/jpeg\" \/>\n<meta name=\"author\" content=\"Forum Salud Mental Madrid\" \/>\n<meta name=\"twitter:card\" content=\"summary_large_image\" \/>\n<meta name=\"twitter:label1\" content=\"Escrito por\" \/>\n\t<meta name=\"twitter:data1\" content=\"Forum Salud Mental Madrid\" \/>\n\t<meta name=\"twitter:label2\" content=\"Tiempo de lectura\" \/>\n\t<meta name=\"twitter:data2\" content=\"2 minutos\" \/>\n<script type=\"application\/ld+json\" class=\"yoast-schema-graph\">{\"@context\":\"https:\\\/\\\/schema.org\",\"@graph\":[{\"@type\":\"Article\",\"@id\":\"https:\\\/\\\/forummontau.com\\\/girona\\\/la-coadiccion-al-otro-lado-de-la-adiccion\\\/#article\",\"isPartOf\":{\"@id\":\"https:\\\/\\\/forummontau.com\\\/girona\\\/la-coadiccion-al-otro-lado-de-la-adiccion\\\/\"},\"author\":{\"name\":\"Forum Salud Mental Madrid\",\"@id\":\"https:\\\/\\\/forummontau.com\\\/girona\\\/#\\\/schema\\\/person\\\/dd79fa1c0ba733edd439998f9d7f5e25\"},\"headline\":\"La coadicci\u00f3n, al otro lado de la adicci\u00f3n\",\"datePublished\":\"2018-04-04T10:44:15+00:00\",\"dateModified\":\"2019-06-26T08:03:35+00:00\",\"mainEntityOfPage\":{\"@id\":\"https:\\\/\\\/forummontau.com\\\/girona\\\/la-coadiccion-al-otro-lado-de-la-adiccion\\\/\"},\"wordCount\":332,\"publisher\":{\"@id\":\"https:\\\/\\\/forummontau.com\\\/girona\\\/#organization\"},\"image\":{\"@id\":\"https:\\\/\\\/forummontau.com\\\/girona\\\/la-coadiccion-al-otro-lado-de-la-adiccion\\\/#primaryimage\"},\"thumbnailUrl\":\"https:\\\/\\\/forummontau.com\\\/girona\\\/wp-content\\\/uploads\\\/sites\\\/6\\\/2018\\\/04\\\/codependicia.jpg\",\"articleSection\":[\"Adicci\u00f3n\",\"Tratamientos\"],\"inLanguage\":\"es\"},{\"@type\":\"WebPage\",\"@id\":\"https:\\\/\\\/forummontau.com\\\/girona\\\/la-coadiccion-al-otro-lado-de-la-adiccion\\\/\",\"url\":\"https:\\\/\\\/forummontau.com\\\/girona\\\/la-coadiccion-al-otro-lado-de-la-adiccion\\\/\",\"name\":\"La coadicci\u00f3n, al otro lado de la adicci\u00f3n - Forum Salud Mental Girona\",\"isPartOf\":{\"@id\":\"https:\\\/\\\/forummontau.com\\\/girona\\\/#website\"},\"primaryImageOfPage\":{\"@id\":\"https:\\\/\\\/forummontau.com\\\/girona\\\/la-coadiccion-al-otro-lado-de-la-adiccion\\\/#primaryimage\"},\"image\":{\"@id\":\"https:\\\/\\\/forummontau.com\\\/girona\\\/la-coadiccion-al-otro-lado-de-la-adiccion\\\/#primaryimage\"},\"thumbnailUrl\":\"https:\\\/\\\/forummontau.com\\\/girona\\\/wp-content\\\/uploads\\\/sites\\\/6\\\/2018\\\/04\\\/codependicia.jpg\",\"datePublished\":\"2018-04-04T10:44:15+00:00\",\"dateModified\":\"2019-06-26T08:03:35+00:00\",\"breadcrumb\":{\"@id\":\"https:\\\/\\\/forummontau.com\\\/girona\\\/la-coadiccion-al-otro-lado-de-la-adiccion\\\/#breadcrumb\"},\"inLanguage\":\"es\",\"potentialAction\":[{\"@type\":\"ReadAction\",\"target\":[\"https:\\\/\\\/forummontau.com\\\/girona\\\/la-coadiccion-al-otro-lado-de-la-adiccion\\\/\"]}]},{\"@type\":\"ImageObject\",\"inLanguage\":\"es\",\"@id\":\"https:\\\/\\\/forummontau.com\\\/girona\\\/la-coadiccion-al-otro-lado-de-la-adiccion\\\/#primaryimage\",\"url\":\"https:\\\/\\\/forummontau.com\\\/girona\\\/wp-content\\\/uploads\\\/sites\\\/6\\\/2018\\\/04\\\/codependicia.jpg\",\"contentUrl\":\"https:\\\/\\\/forummontau.com\\\/girona\\\/wp-content\\\/uploads\\\/sites\\\/6\\\/2018\\\/04\\\/codependicia.jpg\",\"width\":\"624\",\"height\":\"414\"},{\"@type\":\"BreadcrumbList\",\"@id\":\"https:\\\/\\\/forummontau.com\\\/girona\\\/la-coadiccion-al-otro-lado-de-la-adiccion\\\/#breadcrumb\",\"itemListElement\":[{\"@type\":\"ListItem\",\"position\":1,\"name\":\"Portada\",\"item\":\"https:\\\/\\\/forummontau.com\\\/girona\\\/centre-desintoxicacio-i-addiccions-girona\\\/\"},{\"@type\":\"ListItem\",\"position\":2,\"name\":\"La coadicci\u00f3n, al otro lado de la adicci\u00f3n\"}]},{\"@type\":\"WebSite\",\"@id\":\"https:\\\/\\\/forummontau.com\\\/girona\\\/#website\",\"url\":\"https:\\\/\\\/forummontau.com\\\/girona\\\/\",\"name\":\"Forum Salud Mental Girona\",\"description\":\"Centro de Desintoxicaci\u00f3n y Adicciones en Girona\",\"publisher\":{\"@id\":\"https:\\\/\\\/forummontau.com\\\/girona\\\/#organization\"},\"potentialAction\":[{\"@type\":\"SearchAction\",\"target\":{\"@type\":\"EntryPoint\",\"urlTemplate\":\"https:\\\/\\\/forummontau.com\\\/girona\\\/?s={search_term_string}\"},\"query-input\":{\"@type\":\"PropertyValueSpecification\",\"valueRequired\":true,\"valueName\":\"search_term_string\"}}],\"inLanguage\":\"es\"},{\"@type\":\"Organization\",\"@id\":\"https:\\\/\\\/forummontau.com\\\/girona\\\/#organization\",\"name\":\"Forum Salud Mental Girona\",\"url\":\"https:\\\/\\\/forummontau.com\\\/girona\\\/\",\"logo\":{\"@type\":\"ImageObject\",\"inLanguage\":\"es\",\"@id\":\"https:\\\/\\\/forummontau.com\\\/girona\\\/#\\\/schema\\\/logo\\\/image\\\/\",\"url\":\"https:\\\/\\\/forummontau.com\\\/girona\\\/wp-content\\\/uploads\\\/sites\\\/6\\\/2020\\\/02\\\/girona_forum.png\",\"contentUrl\":\"https:\\\/\\\/forummontau.com\\\/girona\\\/wp-content\\\/uploads\\\/sites\\\/6\\\/2020\\\/02\\\/girona_forum.png\",\"width\":215,\"height\":119,\"caption\":\"Forum Salud Mental Girona\"},\"image\":{\"@id\":\"https:\\\/\\\/forummontau.com\\\/girona\\\/#\\\/schema\\\/logo\\\/image\\\/\"}},{\"@type\":\"Person\",\"@id\":\"https:\\\/\\\/forummontau.com\\\/girona\\\/#\\\/schema\\\/person\\\/dd79fa1c0ba733edd439998f9d7f5e25\",\"name\":\"Forum Salud Mental Madrid\"}]}<\/script>\n<!-- \/ Yoast SEO plugin. -->","yoast_head_json":{"title":"La coadicci\u00f3n, al otro lado de la adicci\u00f3n - Forum Salud Mental Girona","robots":{"index":"index","follow":"follow","max-snippet":"max-snippet:-1","max-image-preview":"max-image-preview:large","max-video-preview":"max-video-preview:-1"},"canonical":"https:\/\/forummontau.com\/girona\/la-coadiccion-al-otro-lado-de-la-adiccion\/","og_locale":"es_ES","og_type":"article","og_title":"La coadicci\u00f3n, al otro lado de la adicci\u00f3n - Forum Salud Mental Girona","og_description":"La\u00a0coadicci\u00f3n\u00a0es un\u00a0estado emocional\u00a0que\u00a0puede sufrir la\u00a0persona m\u00e1s cercana de un adicto,\u00a0usualmente un familiar, que crece en paralelo\u00a0a la enfermedad de la adicci\u00f3n (alcoholismo y\u00a0drogadicci\u00f3n). La coadicci\u00f3n se empieza\u00a0a desarrollar con los\u00a0primeros indicios de\u00a0consumo del enfermo adicto. Inicialmente el\u00a0coadicto est\u00e1 en una etapa de negaci\u00f3n del consumo,\u00a0cuando el individuo presenta los primeros\u00a0contactos con drogas, el familiar rechaza [&hellip;]","og_url":"https:\/\/forummontau.com\/girona\/la-coadiccion-al-otro-lado-de-la-adiccion\/","og_site_name":"Forum Salud Mental Girona","article_published_time":"2018-04-04T10:44:15+00:00","article_modified_time":"2019-06-26T08:03:35+00:00","og_image":[{"width":624,"height":414,"url":"https:\/\/forummontau.com\/girona\/wp-content\/uploads\/sites\/6\/2018\/04\/codependicia.jpg","type":"image\/jpeg"}],"author":"Forum Salud Mental Madrid","twitter_card":"summary_large_image","twitter_misc":{"Escrito por":"Forum Salud Mental Madrid","Tiempo de lectura":"2 minutos"},"schema":{"@context":"https:\/\/schema.org","@graph":[{"@type":"Article","@id":"https:\/\/forummontau.com\/girona\/la-coadiccion-al-otro-lado-de-la-adiccion\/#article","isPartOf":{"@id":"https:\/\/forummontau.com\/girona\/la-coadiccion-al-otro-lado-de-la-adiccion\/"},"author":{"name":"Forum Salud Mental Madrid","@id":"https:\/\/forummontau.com\/girona\/#\/schema\/person\/dd79fa1c0ba733edd439998f9d7f5e25"},"headline":"La coadicci\u00f3n, al otro lado de la adicci\u00f3n","datePublished":"2018-04-04T10:44:15+00:00","dateModified":"2019-06-26T08:03:35+00:00","mainEntityOfPage":{"@id":"https:\/\/forummontau.com\/girona\/la-coadiccion-al-otro-lado-de-la-adiccion\/"},"wordCount":332,"publisher":{"@id":"https:\/\/forummontau.com\/girona\/#organization"},"image":{"@id":"https:\/\/forummontau.com\/girona\/la-coadiccion-al-otro-lado-de-la-adiccion\/#primaryimage"},"thumbnailUrl":"https:\/\/forummontau.com\/girona\/wp-content\/uploads\/sites\/6\/2018\/04\/codependicia.jpg","articleSection":["Adicci\u00f3n","Tratamientos"],"inLanguage":"es"},{"@type":"WebPage","@id":"https:\/\/forummontau.com\/girona\/la-coadiccion-al-otro-lado-de-la-adiccion\/","url":"https:\/\/forummontau.com\/girona\/la-coadiccion-al-otro-lado-de-la-adiccion\/","name":"La coadicci\u00f3n, al otro lado de la adicci\u00f3n - Forum Salud Mental Girona","isPartOf":{"@id":"https:\/\/forummontau.com\/girona\/#website"},"primaryImageOfPage":{"@id":"https:\/\/forummontau.com\/girona\/la-coadiccion-al-otro-lado-de-la-adiccion\/#primaryimage"},"image":{"@id":"https:\/\/forummontau.com\/girona\/la-coadiccion-al-otro-lado-de-la-adiccion\/#primaryimage"},"thumbnailUrl":"https:\/\/forummontau.com\/girona\/wp-content\/uploads\/sites\/6\/2018\/04\/codependicia.jpg","datePublished":"2018-04-04T10:44:15+00:00","dateModified":"2019-06-26T08:03:35+00:00","breadcrumb":{"@id":"https:\/\/forummontau.com\/girona\/la-coadiccion-al-otro-lado-de-la-adiccion\/#breadcrumb"},"inLanguage":"es","potentialAction":[{"@type":"ReadAction","target":["https:\/\/forummontau.com\/girona\/la-coadiccion-al-otro-lado-de-la-adiccion\/"]}]},{"@type":"ImageObject","inLanguage":"es","@id":"https:\/\/forummontau.com\/girona\/la-coadiccion-al-otro-lado-de-la-adiccion\/#primaryimage","url":"https:\/\/forummontau.com\/girona\/wp-content\/uploads\/sites\/6\/2018\/04\/codependicia.jpg","contentUrl":"https:\/\/forummontau.com\/girona\/wp-content\/uploads\/sites\/6\/2018\/04\/codependicia.jpg","width":"624","height":"414"},{"@type":"BreadcrumbList","@id":"https:\/\/forummontau.com\/girona\/la-coadiccion-al-otro-lado-de-la-adiccion\/#breadcrumb","itemListElement":[{"@type":"ListItem","position":1,"name":"Portada","item":"https:\/\/forummontau.com\/girona\/centre-desintoxicacio-i-addiccions-girona\/"},{"@type":"ListItem","position":2,"name":"La coadicci\u00f3n, al otro lado de la adicci\u00f3n"}]},{"@type":"WebSite","@id":"https:\/\/forummontau.com\/girona\/#website","url":"https:\/\/forummontau.com\/girona\/","name":"Forum Salud Mental Girona","description":"Centro de Desintoxicaci\u00f3n y Adicciones en Girona","publisher":{"@id":"https:\/\/forummontau.com\/girona\/#organization"},"potentialAction":[{"@type":"SearchAction","target":{"@type":"EntryPoint","urlTemplate":"https:\/\/forummontau.com\/girona\/?s={search_term_string}"},"query-input":{"@type":"PropertyValueSpecification","valueRequired":true,"valueName":"search_term_string"}}],"inLanguage":"es"},{"@type":"Organization","@id":"https:\/\/forummontau.com\/girona\/#organization","name":"Forum Salud Mental Girona","url":"https:\/\/forummontau.com\/girona\/","logo":{"@type":"ImageObject","inLanguage":"es","@id":"https:\/\/forummontau.com\/girona\/#\/schema\/logo\/image\/","url":"https:\/\/forummontau.com\/girona\/wp-content\/uploads\/sites\/6\/2020\/02\/girona_forum.png","contentUrl":"https:\/\/forummontau.com\/girona\/wp-content\/uploads\/sites\/6\/2020\/02\/girona_forum.png","width":215,"height":119,"caption":"Forum Salud Mental Girona"},"image":{"@id":"https:\/\/forummontau.com\/girona\/#\/schema\/logo\/image\/"}},{"@type":"Person","@id":"https:\/\/forummontau.com\/girona\/#\/schema\/person\/dd79fa1c0ba733edd439998f9d7f5e25","name":"Forum Salud Mental Madrid"}]}},"_links":{"self":[{"href":"https:\/\/forummontau.com\/girona\/wp-json\/wp\/v2\/posts\/999","targetHints":{"allow":["GET"]}}],"collection":[{"href":"https:\/\/forummontau.com\/girona\/wp-json\/wp\/v2\/posts"}],"about":[{"href":"https:\/\/forummontau.com\/girona\/wp-json\/wp\/v2\/types\/post"}],"author":[{"embeddable":true,"href":"https:\/\/forummontau.com\/girona\/wp-json\/wp\/v2\/users\/2"}],"replies":[{"embeddable":true,"href":"https:\/\/forummontau.com\/girona\/wp-json\/wp\/v2\/comments?post=999"}],"version-history":[{"count":0,"href":"https:\/\/forummontau.com\/girona\/wp-json\/wp\/v2\/posts\/999\/revisions"}],"wp:featuredmedia":[{"embeddable":true,"href":"https:\/\/forummontau.com\/girona\/wp-json\/wp\/v2\/media\/1000"}],"wp:attachment":[{"href":"https:\/\/forummontau.com\/girona\/wp-json\/wp\/v2\/media?parent=999"}],"wp:term":[{"taxonomy":"category","embeddable":true,"href":"https:\/\/forummontau.com\/girona\/wp-json\/wp\/v2\/categories?post=999"},{"taxonomy":"post_tag","embeddable":true,"href":"https:\/\/forummontau.com\/girona\/wp-json\/wp\/v2\/tags?post=999"}],"curies":[{"name":"wp","href":"https:\/\/api.w.org\/{rel}","templated":true}]}}