{"id":3037,"date":"2023-07-19T13:19:25","date_gmt":"2023-07-19T13:19:25","guid":{"rendered":"https:\/\/www.adicciongranada.com\/?p=3037"},"modified":"2023-07-19T13:19:29","modified_gmt":"2023-07-19T13:19:29","slug":"adicciones-y-soledad","status":"publish","type":"post","link":"https:\/\/forummontau.com\/granada\/adicciones-y-soledad\/","title":{"rendered":"Adicciones y soledad"},"content":{"rendered":"\n<p>Abordar las adicciones desde un plano psicol\u00f3gico resulta indispensable para poder entender el impacto que tiene la droga en la vida de las personas. Y si bien es cierto que los adictos no necesariamente tienen problemas de depresi\u00f3n o de socializaci\u00f3n, muchas veces determinadas sustancias act\u00faan como catalizadoras de condiciones preexistentes, agravando situaciones latentes como la ansiedad, el aislamiento o la sensaci\u00f3n de soledad.<\/p>\n\n\n\n<h2 class=\"wp-block-heading\">C\u00f3mo la adicci\u00f3n desencadena en soledad<\/h2>\n\n\n\n<p>Si bien todos estamos familiarizados con el t\u00e9rmino ya que muchas veces se utiliza de forma coloquial para describir alg\u00fan momento o situaci\u00f3n particular, la soledad no siempre act\u00faa como muchas personas piensan. En este sentido, queremos expresar que la soledad no es un concepto que implique el aislamiento social y f\u00edsico de una forma estricta. De hecho, en nuestra experiencia como terapeutas (m\u00e1s espec\u00edficamente en adicciones), muchos de nuestros pacientes han asegurado que los momentos en los que se encontraban en compa\u00f1\u00eda, con mayor cantidad de personas, ruido y movimiento, fueron los momentos en los que m\u00e1s solos se sintieron.<\/p>\n\n\n\n<p>En otros casos, algunos pacientes han asegurado haber utilizado drogas con el \u00fanico fin de poder ser m\u00e1s sociables, desenvueltos y extrovertidos. Y si bien esto puede darse cuando la persona consume, en poco tiempo el \u2018efecto rebote\u2019 impacta de lleno sobre sus vidas llev\u00e1ndolos al aislamiento, la exclusi\u00f3n y nuevamente la soledad. Esta vez con el agravante de una adicci\u00f3n que, al igual que un espiral, los lleva a seguir consumiendo, aislarse m\u00e1s, volver a consumir, y as\u00ed ad infinitum.<\/p>\n\n\n\n<h2 class=\"wp-block-heading\">De la euforia a la soledad<\/h2>\n\n\n\n<p>Esta es quiz\u00e1 la contradicci\u00f3n que m\u00e1s dolor genera en los adictos. Uno de los principales peligros de las adicciones es que quienes consumen no se convierten en adictos de la noche a la ma\u00f1ana, existe un proceso c\u00edclico que poco a poco los va arrastrando a conductas cada vez m\u00e1s nocivas para su salud.<\/p>\n\n\n\n<p>En este sentido, al romperse el fr\u00e1gil balance entre una vida social aceptable y las conductas adictivas relacionadas al exceso de dosis y al traspaso de los l\u00edmites socialmente admisibles, la soledad aparece nuevamente generando un circuito del consumo que deja de ser \u201csocial\u201d para convertirse en c\u00edclico.<\/p>\n\n\n\n<p>Pero esta vez la soledad es elegida y a la vez forzada, ya que \u00fanicamente en soledad el adicto puede dar rienda suelta a su necesidad de consumo sin la mirada ajena puesta sobre s\u00ed, sin sentirse juzgado y sin tener que recibir las cr\u00edticas o los intentos por detenerlo de sus amigos y familiares.<\/p>\n\n\n\n<h2 class=\"wp-block-heading\">El c\u00edrculo vicioso de la droga y la soledad<\/h2>\n\n\n\n<p>Es en esta etapa de soledad en donde el adicto se encuentro en una situaci\u00f3n peor a cualquier otra, ya que no solo volvi\u00f3 a ser una persona aislada socialmente, sino que adem\u00e1s, se encuentra bajo un grave problema de adicci\u00f3n que lo deja a\u00fan m\u00e1s solo y lo lleva a consumir \u00fanicamente para llenar ese vac\u00edo. Finalmente, el silencio de la soledad resulta tan ensordecedor que nuevamente se refugia en el consumo buscando encontrar una paz que nunca llega.<\/p>\n\n\n\n<h2 class=\"wp-block-heading\">La soledad como oportunidad para el autoconocimiento<\/h2>\n\n\n\n<p>Llegado a este punto en la vida de un adicto, la persona se encuentra en la encrucijada de seguir consumiendo o incursionar en la dif\u00edcil tarea de enfrentarse con los propios miedos y frustraciones que implica dejar de consumir.<\/p>\n\n\n\n<p>Esta es una de las etapas en las que las personas adictas o sus familiares suelen solicitar ayuda y, por lo tanto, en la cual los especialistas y profesionales de la salud comenzamos con nuestro trabajo de ayudar a rehabilitar a los adictos. M\u00e9dicos, psic\u00f3logos y todo el equipo debe poner sus fuerzas en tratar a la persona de forma integral, ya que mientras f\u00edsicamente lucha contra la desintoxicaci\u00f3n, psicol\u00f3gicamente est\u00e1 dando otra batalla, una batalla interna de introspecci\u00f3n y autoconocimiento en la que deber\u00e1 luchar contra sus fantasmas, todos sus miedos y en la que m\u00e1s contenci\u00f3n y fortaleza necesitar\u00e1.<\/p>\n\n\n\n<h2 class=\"wp-block-heading\">Terapias de grupo y la aceptaci\u00f3n<\/h2>\n\n\n\n<p>Es por esto que las terapias de grupo y las sesiones con familiares son tan importantes, ya que se trata de un espacio seguro en el que la persona puede expresar sus temores, nutrirse de quienes lo quieren y comprender su condici\u00f3n m\u00e9dica a trav\u00e9s de la mirada de nuestros profesionales.&nbsp;Construir un camino de aceptaci\u00f3n personal es clave para poder alejarse de la culpa y lograr el crecimiento personal, tomando consciencia de sus decisiones y las consecuencias de las mismas. Teniendo registro de su entorno y, por lo tanto, del afecto de quienes se preocupan por su bienestar.<\/p>\n\n\n\n<p>Sabemos que el proceso que atraviesa cualquier adicto es complejo, multifactorial y con muchas aristas que intervienen. Entendemos que el consumo es solo un factor m\u00e1s de la adicci\u00f3n pero no el \u00fanico, y trabajamos brindando ayuda para que las personas adictas puedan realmente modificar su estilo de vida, recuperar su autoestima y vivir plenamente. Nunca es demasiado tarde para pedir ayuda.<\/p>\n\n\n\n<p>Ana Ces, coordinadora programas <a href=\"https:\/\/forumterapeutic.com\">Forum<\/a><\/p>\n","protected":false},"excerpt":{"rendered":"<p>Abordar las adicciones desde un plano psicol\u00f3gico resulta indispensable para poder entender el impacto que tiene la droga en la vida de las personas. Y si bien es cierto que los adictos no necesariamente tienen problemas de depresi\u00f3n o de socializaci\u00f3n, muchas veces determinadas sustancias act\u00faan como catalizadoras de condiciones preexistentes, agravando situaciones latentes como [&hellip;]<\/p>\n","protected":false},"author":2,"featured_media":3038,"comment_status":"open","ping_status":"open","sticky":false,"template":"","format":"standard","meta":{"ocean_post_layout":"","ocean_both_sidebars_style":"","ocean_both_sidebars_content_width":0,"ocean_both_sidebars_sidebars_width":0,"ocean_sidebar":"0","ocean_second_sidebar":"0","ocean_disable_margins":"enable","ocean_add_body_class":"","ocean_shortcode_before_top_bar":"","ocean_shortcode_after_top_bar":"","ocean_shortcode_before_header":"","ocean_shortcode_after_header":"","ocean_has_shortcode":"","ocean_shortcode_after_title":"","ocean_shortcode_before_footer_widgets":"","ocean_shortcode_after_footer_widgets":"","ocean_shortcode_before_footer_bottom":"","ocean_shortcode_after_footer_bottom":"","ocean_display_top_bar":"default","ocean_display_header":"default","ocean_header_style":"","ocean_center_header_left_menu":"0","ocean_custom_header_template":"0","ocean_custom_logo":0,"ocean_custom_retina_logo":0,"ocean_custom_logo_max_width":0,"ocean_custom_logo_tablet_max_width":0,"ocean_custom_logo_mobile_max_width":0,"ocean_custom_logo_max_height":0,"ocean_custom_logo_tablet_max_height":0,"ocean_custom_logo_mobile_max_height":0,"ocean_header_custom_menu":"0","ocean_menu_typo_font_family":"0","ocean_menu_typo_font_subset":"","ocean_menu_typo_font_size":0,"ocean_menu_typo_font_size_tablet":0,"ocean_menu_typo_font_size_mobile":0,"ocean_menu_typo_font_size_unit":"px","ocean_menu_typo_font_weight":"","ocean_menu_typo_font_weight_tablet":"","ocean_menu_typo_font_weight_mobile":"","ocean_menu_typo_transform":"","ocean_menu_typo_transform_tablet":"","ocean_menu_typo_transform_mobile":"","ocean_menu_typo_line_height":0,"ocean_menu_typo_line_height_tablet":0,"ocean_menu_typo_line_height_mobile":0,"ocean_menu_typo_line_height_unit":"","ocean_menu_typo_spacing":0,"ocean_menu_typo_spacing_tablet":0,"ocean_menu_typo_spacing_mobile":0,"ocean_menu_typo_spacing_unit":"","ocean_menu_link_color":"","ocean_menu_link_color_hover":"","ocean_menu_link_color_active":"","ocean_menu_link_background":"","ocean_menu_link_hover_background":"","ocean_menu_link_active_background":"","ocean_menu_social_links_bg":"","ocean_menu_social_hover_links_bg":"","ocean_menu_social_links_color":"","ocean_menu_social_hover_links_color":"","ocean_disable_title":"on","ocean_disable_heading":"default","ocean_post_title":"","ocean_post_subheading":"","ocean_post_title_style":"","ocean_post_title_background_color":"","ocean_post_title_background":0,"ocean_post_title_bg_image_position":"","ocean_post_title_bg_image_attachment":"","ocean_post_title_bg_image_repeat":"","ocean_post_title_bg_image_size":"","ocean_post_title_height":0,"ocean_post_title_bg_overlay":0.5,"ocean_post_title_bg_overlay_color":"","ocean_disable_breadcrumbs":"default","ocean_breadcrumbs_color":"","ocean_breadcrumbs_separator_color":"","ocean_breadcrumbs_links_color":"","ocean_breadcrumbs_links_hover_color":"","ocean_display_footer_widgets":"default","ocean_display_footer_bottom":"default","ocean_custom_footer_template":"0","ocean_post_oembed":"","ocean_post_self_hosted_media":"","ocean_post_video_embed":"","ocean_link_format":"","ocean_link_format_target":"self","ocean_quote_format":"","ocean_quote_format_link":"post","ocean_gallery_link_images":"off","ocean_gallery_id":[],"footnotes":""},"categories":[6,53,54],"tags":[8],"class_list":["post-3037","post","type-post","status-publish","format-standard","has-post-thumbnail","hentry","category-adicciones","category-consumo","category-soledad","tag-forum-granada","entry","has-media"],"yoast_head":"<!-- This site is optimized with the Yoast SEO plugin v27.5 - https:\/\/yoast.com\/product\/yoast-seo-wordpress\/ -->\n<title>Adicciones y soledad - Forum Salud Mental Granada<\/title>\n<meta name=\"description\" content=\"Rompiendo el ciclo adicci\u00f3n-soledad. Encuentra apoyo y comunidad en tu viaje hacia la recuperaci\u00f3n.\" \/>\n<meta name=\"robots\" content=\"index, follow, max-snippet:-1, max-image-preview:large, max-video-preview:-1\" \/>\n<link rel=\"canonical\" href=\"https:\/\/forummontau.com\/granada\/adicciones-y-soledad\/\" \/>\n<meta property=\"og:locale\" content=\"es_ES\" \/>\n<meta property=\"og:type\" content=\"article\" \/>\n<meta property=\"og:title\" content=\"Adicciones y soledad - Forum Salud Mental Granada\" \/>\n<meta property=\"og:description\" content=\"Rompiendo el ciclo adicci\u00f3n-soledad. Encuentra apoyo y comunidad en tu viaje hacia la recuperaci\u00f3n.\" \/>\n<meta property=\"og:url\" content=\"https:\/\/forummontau.com\/granada\/adicciones-y-soledad\/\" \/>\n<meta property=\"og:site_name\" content=\"Forum Salud Mental Granada\" \/>\n<meta property=\"article:published_time\" content=\"2023-07-19T13:19:25+00:00\" \/>\n<meta property=\"article:modified_time\" content=\"2023-07-19T13:19:29+00:00\" \/>\n<meta property=\"og:image\" content=\"https:\/\/forummontau.com\/granada\/wp-content\/uploads\/sites\/9\/2023\/07\/adicciones_soledad.jpg\" \/>\n\t<meta property=\"og:image:width\" content=\"800\" \/>\n\t<meta property=\"og:image:height\" content=\"533\" \/>\n\t<meta property=\"og:image:type\" content=\"image\/jpeg\" \/>\n<meta name=\"author\" content=\"Forum Salud Mental Madrid\" \/>\n<meta name=\"twitter:card\" content=\"summary_large_image\" \/>\n<meta name=\"twitter:label1\" content=\"Escrito por\" \/>\n\t<meta name=\"twitter:data1\" content=\"Forum Salud Mental Madrid\" \/>\n\t<meta name=\"twitter:label2\" content=\"Tiempo de lectura\" \/>\n\t<meta name=\"twitter:data2\" content=\"4 minutos\" \/>\n<script type=\"application\/ld+json\" class=\"yoast-schema-graph\">{\"@context\":\"https:\\\/\\\/schema.org\",\"@graph\":[{\"@type\":\"Article\",\"@id\":\"https:\\\/\\\/forummontau.com\\\/granada\\\/adicciones-y-soledad\\\/#article\",\"isPartOf\":{\"@id\":\"https:\\\/\\\/forummontau.com\\\/granada\\\/adicciones-y-soledad\\\/\"},\"author\":{\"name\":\"Forum Salud Mental Madrid\",\"@id\":\"https:\\\/\\\/forummontau.com\\\/granada\\\/#\\\/schema\\\/person\\\/dd79fa1c0ba733edd439998f9d7f5e25\"},\"headline\":\"Adicciones y soledad\",\"datePublished\":\"2023-07-19T13:19:25+00:00\",\"dateModified\":\"2023-07-19T13:19:29+00:00\",\"mainEntityOfPage\":{\"@id\":\"https:\\\/\\\/forummontau.com\\\/granada\\\/adicciones-y-soledad\\\/\"},\"wordCount\":881,\"commentCount\":0,\"publisher\":{\"@id\":\"https:\\\/\\\/forummontau.com\\\/granada\\\/#organization\"},\"image\":{\"@id\":\"https:\\\/\\\/forummontau.com\\\/granada\\\/adicciones-y-soledad\\\/#primaryimage\"},\"thumbnailUrl\":\"https:\\\/\\\/forummontau.com\\\/granada\\\/wp-content\\\/uploads\\\/sites\\\/9\\\/2023\\\/07\\\/adicciones_soledad.jpg\",\"keywords\":[\"Forum Granada\"],\"articleSection\":[\"adicciones\",\"Consumo\",\"Soledad\"],\"inLanguage\":\"es\",\"potentialAction\":[{\"@type\":\"CommentAction\",\"name\":\"Comment\",\"target\":[\"https:\\\/\\\/forummontau.com\\\/granada\\\/adicciones-y-soledad\\\/#respond\"]}]},{\"@type\":\"WebPage\",\"@id\":\"https:\\\/\\\/forummontau.com\\\/granada\\\/adicciones-y-soledad\\\/\",\"url\":\"https:\\\/\\\/forummontau.com\\\/granada\\\/adicciones-y-soledad\\\/\",\"name\":\"Adicciones y soledad - Forum Salud Mental Granada\",\"isPartOf\":{\"@id\":\"https:\\\/\\\/forummontau.com\\\/granada\\\/#website\"},\"primaryImageOfPage\":{\"@id\":\"https:\\\/\\\/forummontau.com\\\/granada\\\/adicciones-y-soledad\\\/#primaryimage\"},\"image\":{\"@id\":\"https:\\\/\\\/forummontau.com\\\/granada\\\/adicciones-y-soledad\\\/#primaryimage\"},\"thumbnailUrl\":\"https:\\\/\\\/forummontau.com\\\/granada\\\/wp-content\\\/uploads\\\/sites\\\/9\\\/2023\\\/07\\\/adicciones_soledad.jpg\",\"datePublished\":\"2023-07-19T13:19:25+00:00\",\"dateModified\":\"2023-07-19T13:19:29+00:00\",\"description\":\"Rompiendo el ciclo adicci\u00f3n-soledad. Encuentra apoyo y comunidad en tu viaje hacia la recuperaci\u00f3n.\",\"breadcrumb\":{\"@id\":\"https:\\\/\\\/forummontau.com\\\/granada\\\/adicciones-y-soledad\\\/#breadcrumb\"},\"inLanguage\":\"es\",\"potentialAction\":[{\"@type\":\"ReadAction\",\"target\":[\"https:\\\/\\\/forummontau.com\\\/granada\\\/adicciones-y-soledad\\\/\"]}]},{\"@type\":\"ImageObject\",\"inLanguage\":\"es\",\"@id\":\"https:\\\/\\\/forummontau.com\\\/granada\\\/adicciones-y-soledad\\\/#primaryimage\",\"url\":\"https:\\\/\\\/forummontau.com\\\/granada\\\/wp-content\\\/uploads\\\/sites\\\/9\\\/2023\\\/07\\\/adicciones_soledad.jpg\",\"contentUrl\":\"https:\\\/\\\/forummontau.com\\\/granada\\\/wp-content\\\/uploads\\\/sites\\\/9\\\/2023\\\/07\\\/adicciones_soledad.jpg\",\"width\":800,\"height\":533},{\"@type\":\"BreadcrumbList\",\"@id\":\"https:\\\/\\\/forummontau.com\\\/granada\\\/adicciones-y-soledad\\\/#breadcrumb\",\"itemListElement\":[{\"@type\":\"ListItem\",\"position\":1,\"name\":\"Portada\",\"item\":\"https:\\\/\\\/forummontau.com\\\/granada\\\/\"},{\"@type\":\"ListItem\",\"position\":2,\"name\":\"Adicciones y soledad\"}]},{\"@type\":\"WebSite\",\"@id\":\"https:\\\/\\\/forummontau.com\\\/granada\\\/#website\",\"url\":\"https:\\\/\\\/forummontau.com\\\/granada\\\/\",\"name\":\"Forum Salud Mental Granada\",\"description\":\"Centro Especializado en adicciones en Granada\",\"publisher\":{\"@id\":\"https:\\\/\\\/forummontau.com\\\/granada\\\/#organization\"},\"potentialAction\":[{\"@type\":\"SearchAction\",\"target\":{\"@type\":\"EntryPoint\",\"urlTemplate\":\"https:\\\/\\\/forummontau.com\\\/granada\\\/?s={search_term_string}\"},\"query-input\":{\"@type\":\"PropertyValueSpecification\",\"valueRequired\":true,\"valueName\":\"search_term_string\"}}],\"inLanguage\":\"es\"},{\"@type\":\"Organization\",\"@id\":\"https:\\\/\\\/forummontau.com\\\/granada\\\/#organization\",\"name\":\"Forum Salud Mental Granada\",\"url\":\"https:\\\/\\\/forummontau.com\\\/granada\\\/\",\"logo\":{\"@type\":\"ImageObject\",\"inLanguage\":\"es\",\"@id\":\"https:\\\/\\\/forummontau.com\\\/granada\\\/#\\\/schema\\\/logo\\\/image\\\/\",\"url\":\"https:\\\/\\\/forummontau.com\\\/granada\\\/wp-content\\\/uploads\\\/sites\\\/9\\\/2020\\\/02\\\/logo-forum-granada-2.png\",\"contentUrl\":\"https:\\\/\\\/forummontau.com\\\/granada\\\/wp-content\\\/uploads\\\/sites\\\/9\\\/2020\\\/02\\\/logo-forum-granada-2.png\",\"width\":175,\"height\":96,\"caption\":\"Forum Salud Mental Granada\"},\"image\":{\"@id\":\"https:\\\/\\\/forummontau.com\\\/granada\\\/#\\\/schema\\\/logo\\\/image\\\/\"}},{\"@type\":\"Person\",\"@id\":\"https:\\\/\\\/forummontau.com\\\/granada\\\/#\\\/schema\\\/person\\\/dd79fa1c0ba733edd439998f9d7f5e25\",\"name\":\"Forum Salud Mental Madrid\",\"image\":{\"@type\":\"ImageObject\",\"inLanguage\":\"es\",\"@id\":\"https:\\\/\\\/secure.gravatar.com\\\/avatar\\\/363495000985f108d724b036bf8fde103c31e3fb6464fc8997f0157fc03f27d8?s=96&d=mm&r=g\",\"url\":\"https:\\\/\\\/secure.gravatar.com\\\/avatar\\\/363495000985f108d724b036bf8fde103c31e3fb6464fc8997f0157fc03f27d8?s=96&d=mm&r=g\",\"contentUrl\":\"https:\\\/\\\/secure.gravatar.com\\\/avatar\\\/363495000985f108d724b036bf8fde103c31e3fb6464fc8997f0157fc03f27d8?s=96&d=mm&r=g\",\"caption\":\"Forum Salud Mental Madrid\"}}]}<\/script>\n<!-- \/ Yoast SEO plugin. -->","yoast_head_json":{"title":"Adicciones y soledad - Forum Salud Mental Granada","description":"Rompiendo el ciclo adicci\u00f3n-soledad. Encuentra apoyo y comunidad en tu viaje hacia la recuperaci\u00f3n.","robots":{"index":"index","follow":"follow","max-snippet":"max-snippet:-1","max-image-preview":"max-image-preview:large","max-video-preview":"max-video-preview:-1"},"canonical":"https:\/\/forummontau.com\/granada\/adicciones-y-soledad\/","og_locale":"es_ES","og_type":"article","og_title":"Adicciones y soledad - Forum Salud Mental Granada","og_description":"Rompiendo el ciclo adicci\u00f3n-soledad. Encuentra apoyo y comunidad en tu viaje hacia la recuperaci\u00f3n.","og_url":"https:\/\/forummontau.com\/granada\/adicciones-y-soledad\/","og_site_name":"Forum Salud Mental Granada","article_published_time":"2023-07-19T13:19:25+00:00","article_modified_time":"2023-07-19T13:19:29+00:00","og_image":[{"width":800,"height":533,"url":"https:\/\/forummontau.com\/granada\/wp-content\/uploads\/sites\/9\/2023\/07\/adicciones_soledad.jpg","type":"image\/jpeg"}],"author":"Forum Salud Mental Madrid","twitter_card":"summary_large_image","twitter_misc":{"Escrito por":"Forum Salud Mental Madrid","Tiempo de lectura":"4 minutos"},"schema":{"@context":"https:\/\/schema.org","@graph":[{"@type":"Article","@id":"https:\/\/forummontau.com\/granada\/adicciones-y-soledad\/#article","isPartOf":{"@id":"https:\/\/forummontau.com\/granada\/adicciones-y-soledad\/"},"author":{"name":"Forum Salud Mental Madrid","@id":"https:\/\/forummontau.com\/granada\/#\/schema\/person\/dd79fa1c0ba733edd439998f9d7f5e25"},"headline":"Adicciones y soledad","datePublished":"2023-07-19T13:19:25+00:00","dateModified":"2023-07-19T13:19:29+00:00","mainEntityOfPage":{"@id":"https:\/\/forummontau.com\/granada\/adicciones-y-soledad\/"},"wordCount":881,"commentCount":0,"publisher":{"@id":"https:\/\/forummontau.com\/granada\/#organization"},"image":{"@id":"https:\/\/forummontau.com\/granada\/adicciones-y-soledad\/#primaryimage"},"thumbnailUrl":"https:\/\/forummontau.com\/granada\/wp-content\/uploads\/sites\/9\/2023\/07\/adicciones_soledad.jpg","keywords":["Forum Granada"],"articleSection":["adicciones","Consumo","Soledad"],"inLanguage":"es","potentialAction":[{"@type":"CommentAction","name":"Comment","target":["https:\/\/forummontau.com\/granada\/adicciones-y-soledad\/#respond"]}]},{"@type":"WebPage","@id":"https:\/\/forummontau.com\/granada\/adicciones-y-soledad\/","url":"https:\/\/forummontau.com\/granada\/adicciones-y-soledad\/","name":"Adicciones y soledad - Forum Salud Mental Granada","isPartOf":{"@id":"https:\/\/forummontau.com\/granada\/#website"},"primaryImageOfPage":{"@id":"https:\/\/forummontau.com\/granada\/adicciones-y-soledad\/#primaryimage"},"image":{"@id":"https:\/\/forummontau.com\/granada\/adicciones-y-soledad\/#primaryimage"},"thumbnailUrl":"https:\/\/forummontau.com\/granada\/wp-content\/uploads\/sites\/9\/2023\/07\/adicciones_soledad.jpg","datePublished":"2023-07-19T13:19:25+00:00","dateModified":"2023-07-19T13:19:29+00:00","description":"Rompiendo el ciclo adicci\u00f3n-soledad. Encuentra apoyo y comunidad en tu viaje hacia la recuperaci\u00f3n.","breadcrumb":{"@id":"https:\/\/forummontau.com\/granada\/adicciones-y-soledad\/#breadcrumb"},"inLanguage":"es","potentialAction":[{"@type":"ReadAction","target":["https:\/\/forummontau.com\/granada\/adicciones-y-soledad\/"]}]},{"@type":"ImageObject","inLanguage":"es","@id":"https:\/\/forummontau.com\/granada\/adicciones-y-soledad\/#primaryimage","url":"https:\/\/forummontau.com\/granada\/wp-content\/uploads\/sites\/9\/2023\/07\/adicciones_soledad.jpg","contentUrl":"https:\/\/forummontau.com\/granada\/wp-content\/uploads\/sites\/9\/2023\/07\/adicciones_soledad.jpg","width":800,"height":533},{"@type":"BreadcrumbList","@id":"https:\/\/forummontau.com\/granada\/adicciones-y-soledad\/#breadcrumb","itemListElement":[{"@type":"ListItem","position":1,"name":"Portada","item":"https:\/\/forummontau.com\/granada\/"},{"@type":"ListItem","position":2,"name":"Adicciones y soledad"}]},{"@type":"WebSite","@id":"https:\/\/forummontau.com\/granada\/#website","url":"https:\/\/forummontau.com\/granada\/","name":"Forum Salud Mental Granada","description":"Centro Especializado en adicciones en Granada","publisher":{"@id":"https:\/\/forummontau.com\/granada\/#organization"},"potentialAction":[{"@type":"SearchAction","target":{"@type":"EntryPoint","urlTemplate":"https:\/\/forummontau.com\/granada\/?s={search_term_string}"},"query-input":{"@type":"PropertyValueSpecification","valueRequired":true,"valueName":"search_term_string"}}],"inLanguage":"es"},{"@type":"Organization","@id":"https:\/\/forummontau.com\/granada\/#organization","name":"Forum Salud Mental Granada","url":"https:\/\/forummontau.com\/granada\/","logo":{"@type":"ImageObject","inLanguage":"es","@id":"https:\/\/forummontau.com\/granada\/#\/schema\/logo\/image\/","url":"https:\/\/forummontau.com\/granada\/wp-content\/uploads\/sites\/9\/2020\/02\/logo-forum-granada-2.png","contentUrl":"https:\/\/forummontau.com\/granada\/wp-content\/uploads\/sites\/9\/2020\/02\/logo-forum-granada-2.png","width":175,"height":96,"caption":"Forum Salud Mental Granada"},"image":{"@id":"https:\/\/forummontau.com\/granada\/#\/schema\/logo\/image\/"}},{"@type":"Person","@id":"https:\/\/forummontau.com\/granada\/#\/schema\/person\/dd79fa1c0ba733edd439998f9d7f5e25","name":"Forum Salud Mental Madrid","image":{"@type":"ImageObject","inLanguage":"es","@id":"https:\/\/secure.gravatar.com\/avatar\/363495000985f108d724b036bf8fde103c31e3fb6464fc8997f0157fc03f27d8?s=96&d=mm&r=g","url":"https:\/\/secure.gravatar.com\/avatar\/363495000985f108d724b036bf8fde103c31e3fb6464fc8997f0157fc03f27d8?s=96&d=mm&r=g","contentUrl":"https:\/\/secure.gravatar.com\/avatar\/363495000985f108d724b036bf8fde103c31e3fb6464fc8997f0157fc03f27d8?s=96&d=mm&r=g","caption":"Forum Salud Mental Madrid"}}]}},"_links":{"self":[{"href":"https:\/\/forummontau.com\/granada\/wp-json\/wp\/v2\/posts\/3037","targetHints":{"allow":["GET"]}}],"collection":[{"href":"https:\/\/forummontau.com\/granada\/wp-json\/wp\/v2\/posts"}],"about":[{"href":"https:\/\/forummontau.com\/granada\/wp-json\/wp\/v2\/types\/post"}],"author":[{"embeddable":true,"href":"https:\/\/forummontau.com\/granada\/wp-json\/wp\/v2\/users\/2"}],"replies":[{"embeddable":true,"href":"https:\/\/forummontau.com\/granada\/wp-json\/wp\/v2\/comments?post=3037"}],"version-history":[{"count":1,"href":"https:\/\/forummontau.com\/granada\/wp-json\/wp\/v2\/posts\/3037\/revisions"}],"predecessor-version":[{"id":3039,"href":"https:\/\/forummontau.com\/granada\/wp-json\/wp\/v2\/posts\/3037\/revisions\/3039"}],"wp:featuredmedia":[{"embeddable":true,"href":"https:\/\/forummontau.com\/granada\/wp-json\/wp\/v2\/media\/3038"}],"wp:attachment":[{"href":"https:\/\/forummontau.com\/granada\/wp-json\/wp\/v2\/media?parent=3037"}],"wp:term":[{"taxonomy":"category","embeddable":true,"href":"https:\/\/forummontau.com\/granada\/wp-json\/wp\/v2\/categories?post=3037"},{"taxonomy":"post_tag","embeddable":true,"href":"https:\/\/forummontau.com\/granada\/wp-json\/wp\/v2\/tags?post=3037"}],"curies":[{"name":"wp","href":"https:\/\/api.w.org\/{rel}","templated":true}]}}