{"id":3273,"date":"2025-11-12T08:40:48","date_gmt":"2025-11-12T08:40:48","guid":{"rendered":"https:\/\/www.adiccionesmerida.com\/?p=3273"},"modified":"2025-11-12T08:40:49","modified_gmt":"2025-11-12T08:40:49","slug":"he-intentado-dejar-el-consumo-y-no-he-podido-y-ahora-que","status":"publish","type":"post","link":"https:\/\/forummontau.com\/merida\/he-intentado-dejar-el-consumo-y-no-he-podido-y-ahora-que\/","title":{"rendered":"\u00bfHe intentado dejar el consumo y no he podido? Y ahora, \u00bfqu\u00e9?"},"content":{"rendered":"\n<p>Reconocer que tienes un problema con el consumo de alcohol, drogas o comportamientos compulsivos (como el juego) <strong>ya es un primer paso valiente<\/strong>. Muchas personas intentan dejarlo solas, con fuerza de voluntad, convencidas de que pueden controlar la situaci\u00f3n por s\u00ed mismas.<\/p>\n\n\n\n<p>Pero cuando los intentos se repiten y el resultado es siempre el mismo: reca\u00edda, frustraci\u00f3n, p\u00e9rdida de control\u2026 es momento de hacerse otra pregunta:<\/p>\n\n\n\n<p><strong>\u00bfY ahora qu\u00e9?<\/strong><\/p>\n\n\n\n<p>La respuesta es clara: <strong>no est\u00e1s solo\/a. Y no tienes por qu\u00e9 hacerlo solo\/a.<\/strong><\/p>\n\n\n\n<h2 class=\"wp-block-heading\"><strong>Es hora de buscar acompa\u00f1amiento especializado<\/strong><\/h2>\n\n\n\n<p>Si has intentado controlar el consumo sin \u00e9xito, eso <strong>no significa que hayas fracasado<\/strong>. Significa que necesitas un tratamiento profesional y un entorno de apoyo que <strong>te acompa\u00f1e a recuperar el control de tu vida<\/strong>.<\/p>\n\n\n\n<p>En Forum Salud Mental M\u00e9rida te ofrecemos justo eso:<\/p>\n\n\n\n<ul class=\"wp-block-list\">\n<li>Un espacio seguro, libre de juicios<\/li>\n\n\n\n<li>Un equipo humano y profesional especializado en adicciones<\/li>\n\n\n\n<li>Y un enfoque integral para que el cambio sea posible y duradero<\/li>\n<\/ul>\n\n\n\n<h2 class=\"wp-block-heading\"><strong>\u00bfQu\u00e9 encontrar\u00e1s en Forum Salud Mental M\u00e9rida?<\/strong><\/h2>\n\n\n\n<p>Desde el primer contacto, nuestro compromiso es ofrecerte una <strong>atenci\u00f3n personalizada<\/strong>, basada en la escucha activa y la comprensi\u00f3n de tu situaci\u00f3n.<\/p>\n\n\n\n<p><strong>Primera visita gratuita y sin compromiso<\/strong><br>Te proponemos un primer encuentro donde valoramos tu caso y te explicamos qu\u00e9 tipo de tratamiento se adapta mejor a ti, sin presiones ni etiquetas.<\/p>\n\n\n\n<p><strong>Evaluaci\u00f3n integral<\/strong><br>Analizamos no solo el tipo de consumo, sino tambi\u00e9n tu estado emocional, entorno familiar, nivel de motivaci\u00f3n y posibles dificultades asociadas.<\/p>\n\n\n\n<p><strong>Plan terap\u00e9utico individualizado<\/strong><br>Cada persona es \u00fanica, y por eso dise\u00f1amos un tratamiento adaptado a tus necesidades, con objetivos realistas y estrategias claras.<\/p>\n\n\n\n<h2 class=\"wp-block-heading\"><strong>Tratamientos personalizados: el enfoque cognitivo-conductual<\/strong><\/h2>\n\n\n\n<p>En Forum M\u00e9rida aplicamos un modelo de intervenci\u00f3n basado en la <strong>terapia cognitivo-conductual (TCC)<\/strong>, una de las metodolog\u00edas m\u00e1s eficaces en el tratamiento de adicciones.<\/p>\n\n\n\n<p><strong>Terapia individual<\/strong><\/p>\n\n\n\n<p>Sesiones semanales con un\/a psic\u00f3logo\/a especializado\/a en adicciones.<br>Trabajamos:<\/p>\n\n\n\n<ul class=\"wp-block-list\">\n<li>Identificaci\u00f3n de patrones de consumo<\/li>\n\n\n\n<li>Gesti\u00f3n emocional y prevenci\u00f3n de reca\u00eddas<\/li>\n\n\n\n<li>Creencias limitantes y autoconocimiento<\/li>\n\n\n\n<li>Herramientas para tomar decisiones saludables<\/li>\n<\/ul>\n\n\n\n<p><strong>Terapia grupal<\/strong><\/p>\n\n\n\n<p>Formar parte de un grupo terap\u00e9utico guiado por profesionales permite:<\/p>\n\n\n\n<ul class=\"wp-block-list\">\n<li>Sentirte acompa\u00f1ado\/a por personas que est\u00e1n en procesos similares<\/li>\n\n\n\n<li>Compartir experiencias y estrategias<\/li>\n\n\n\n<li>Reforzar la motivaci\u00f3n y el compromiso con la recuperaci\u00f3n<\/li>\n<\/ul>\n\n\n\n<p><strong>\u00bfY si necesito m\u00e1s apoyo?<\/strong><\/p>\n\n\n\n<p>Adem\u00e1s del tratamiento ambulatorio, en Forum Salud Mental M\u00e9rida ofrecemos:<\/p>\n\n\n\n<ul class=\"wp-block-list\">\n<li><strong>Tratamiento intensivo personalizado<\/strong><\/li>\n\n\n\n<li><strong>Apoyo familiar y seguimiento continuado<\/strong><\/li>\n<\/ul>\n\n\n\n<p>Cada caso es \u00fanico, y el nivel de intervenci\u00f3n se ajusta en funci\u00f3n de la fase en la que te encuentres y tus necesidades personales.<\/p>\n\n\n\n<p><strong>Dar el paso no es rendirse. Es empezar a recuperarte<\/strong><\/p>\n\n\n\n<p>Pedir ayuda no es se\u00f1al de debilidad. Es un acto de valent\u00eda y responsabilidad contigo mismo\/a.<br>Si has intentado dejar el consumo sin \u00e9xito, <strong>no est\u00e1s fallando: simplemente est\u00e1s luchando con algo que requiere ayuda profesional.<\/strong><\/p>\n\n\n\n<p><strong>Y nosotros estamos aqu\u00ed para ayudarte. <\/strong>Porque pedir ayuda puede cambiarlo todo. Y <strong>empezar de nuevo es posible<\/strong>.<\/p>\n","protected":false},"excerpt":{"rendered":"<p>Reconocer que tienes un problema con el consumo de alcohol, drogas o comportamientos compulsivos (como el juego) ya es un primer paso valiente. Muchas personas intentan dejarlo solas, con fuerza de voluntad, convencidas de que pueden controlar la situaci\u00f3n por s\u00ed mismas. Pero cuando los intentos se repiten y el resultado es siempre el mismo: [&hellip;]<\/p>\n","protected":false},"author":2,"featured_media":3274,"comment_status":"closed","ping_status":"open","sticky":false,"template":"","format":"aside","meta":{"ocean_post_layout":"","ocean_both_sidebars_style":"","ocean_both_sidebars_content_width":0,"ocean_both_sidebars_sidebars_width":0,"ocean_sidebar":"","ocean_second_sidebar":"","ocean_disable_margins":"enable","ocean_add_body_class":"","ocean_shortcode_before_top_bar":"","ocean_shortcode_after_top_bar":"","ocean_shortcode_before_header":"","ocean_shortcode_after_header":"","ocean_has_shortcode":"","ocean_shortcode_after_title":"","ocean_shortcode_before_footer_widgets":"","ocean_shortcode_after_footer_widgets":"","ocean_shortcode_before_footer_bottom":"","ocean_shortcode_after_footer_bottom":"","ocean_display_top_bar":"default","ocean_display_header":"default","ocean_header_style":"","ocean_center_header_left_menu":"","ocean_custom_header_template":"","ocean_custom_logo":0,"ocean_custom_retina_logo":0,"ocean_custom_logo_max_width":0,"ocean_custom_logo_tablet_max_width":0,"ocean_custom_logo_mobile_max_width":0,"ocean_custom_logo_max_height":0,"ocean_custom_logo_tablet_max_height":0,"ocean_custom_logo_mobile_max_height":0,"ocean_header_custom_menu":"","ocean_menu_typo_font_family":"","ocean_menu_typo_font_subset":"","ocean_menu_typo_font_size":0,"ocean_menu_typo_font_size_tablet":0,"ocean_menu_typo_font_size_mobile":0,"ocean_menu_typo_font_size_unit":"px","ocean_menu_typo_font_weight":"","ocean_menu_typo_font_weight_tablet":"","ocean_menu_typo_font_weight_mobile":"","ocean_menu_typo_transform":"","ocean_menu_typo_transform_tablet":"","ocean_menu_typo_transform_mobile":"","ocean_menu_typo_line_height":0,"ocean_menu_typo_line_height_tablet":0,"ocean_menu_typo_line_height_mobile":0,"ocean_menu_typo_line_height_unit":"","ocean_menu_typo_spacing":0,"ocean_menu_typo_spacing_tablet":0,"ocean_menu_typo_spacing_mobile":0,"ocean_menu_typo_spacing_unit":"","ocean_menu_link_color":"","ocean_menu_link_color_hover":"","ocean_menu_link_color_active":"","ocean_menu_link_background":"","ocean_menu_link_hover_background":"","ocean_menu_link_active_background":"","ocean_menu_social_links_bg":"","ocean_menu_social_hover_links_bg":"","ocean_menu_social_links_color":"","ocean_menu_social_hover_links_color":"","ocean_disable_title":"default","ocean_disable_heading":"default","ocean_post_title":"","ocean_post_subheading":"","ocean_post_title_style":"","ocean_post_title_background_color":"","ocean_post_title_background":0,"ocean_post_title_bg_image_position":"","ocean_post_title_bg_image_attachment":"","ocean_post_title_bg_image_repeat":"","ocean_post_title_bg_image_size":"","ocean_post_title_height":0,"ocean_post_title_bg_overlay":0.5,"ocean_post_title_bg_overlay_color":"","ocean_disable_breadcrumbs":"default","ocean_breadcrumbs_color":"","ocean_breadcrumbs_separator_color":"","ocean_breadcrumbs_links_color":"","ocean_breadcrumbs_links_hover_color":"","ocean_display_footer_widgets":"default","ocean_display_footer_bottom":"default","ocean_custom_footer_template":"","ocean_post_oembed":"","ocean_post_self_hosted_media":"","ocean_post_video_embed":"","ocean_link_format":"","ocean_link_format_target":"self","ocean_quote_format":"","ocean_quote_format_link":"post","ocean_gallery_link_images":"on","ocean_gallery_id":[],"footnotes":""},"categories":[6,7],"tags":[85,90,20],"class_list":["post-3273","post","type-post","status-publish","format-aside","has-post-thumbnail","hentry","category-adicciones","category-tratamientos","tag-adicciones-merida","tag-forum-merida","tag-tratamiento-adicciones","post_format-post-format-aside","entry","has-media"],"yoast_head":"<!-- This site is optimized with the Yoast SEO plugin v27.5 - https:\/\/yoast.com\/product\/yoast-seo-wordpress\/ -->\n<title>\u00bfHe intentado dejar el consumo y no he podido? Y ahora, \u00bfqu\u00e9? - Forum Salud Mental M\u00e9rida<\/title>\n<meta name=\"description\" content=\"\u00bfHas intentado dejar el consumo sin \u00e9xito? En Forum Salud Mental M\u00e9rida te ayudamos con un tratamiento personalizado de adicciones, basado en terapia cognitivo-conductual.\" \/>\n<meta name=\"robots\" content=\"index, follow, max-snippet:-1, max-image-preview:large, max-video-preview:-1\" \/>\n<link rel=\"canonical\" href=\"https:\/\/forummontau.com\/merida\/he-intentado-dejar-el-consumo-y-no-he-podido-y-ahora-que\/\" \/>\n<meta property=\"og:locale\" content=\"es_ES\" \/>\n<meta property=\"og:type\" content=\"article\" \/>\n<meta property=\"og:title\" content=\"\u00bfHe intentado dejar el consumo y no he podido? Y ahora, \u00bfqu\u00e9? - Forum Salud Mental M\u00e9rida\" \/>\n<meta property=\"og:description\" content=\"\u00bfHas intentado dejar el consumo sin \u00e9xito? En Forum Salud Mental M\u00e9rida te ayudamos con un tratamiento personalizado de adicciones, basado en terapia cognitivo-conductual.\" \/>\n<meta property=\"og:url\" content=\"https:\/\/forummontau.com\/merida\/he-intentado-dejar-el-consumo-y-no-he-podido-y-ahora-que\/\" \/>\n<meta property=\"og:site_name\" content=\"Forum Salud Mental M\u00e9rida\" \/>\n<meta property=\"article:published_time\" content=\"2025-11-12T08:40:48+00:00\" \/>\n<meta property=\"article:modified_time\" content=\"2025-11-12T08:40:49+00:00\" \/>\n<meta property=\"og:image\" content=\"https:\/\/forummontau.com\/merida\/wp-content\/uploads\/sites\/3\/2025\/11\/ayuda-para-tratamiento-adicciones-merida.webp\" \/>\n\t<meta property=\"og:image:width\" content=\"1000\" \/>\n\t<meta property=\"og:image:height\" content=\"667\" \/>\n\t<meta property=\"og:image:type\" content=\"image\/webp\" \/>\n<meta name=\"author\" content=\"Forum Salud Mental Madrid\" \/>\n<meta name=\"twitter:card\" content=\"summary_large_image\" \/>\n<meta name=\"twitter:label1\" content=\"Escrito por\" \/>\n\t<meta name=\"twitter:data1\" content=\"Forum Salud Mental Madrid\" \/>\n\t<meta name=\"twitter:label2\" content=\"Tiempo de lectura\" \/>\n\t<meta name=\"twitter:data2\" content=\"3 minutos\" \/>\n<script type=\"application\/ld+json\" class=\"yoast-schema-graph\">{\"@context\":\"https:\\\/\\\/schema.org\",\"@graph\":[{\"@type\":\"Article\",\"@id\":\"https:\\\/\\\/forummontau.com\\\/merida\\\/he-intentado-dejar-el-consumo-y-no-he-podido-y-ahora-que\\\/#article\",\"isPartOf\":{\"@id\":\"https:\\\/\\\/forummontau.com\\\/merida\\\/he-intentado-dejar-el-consumo-y-no-he-podido-y-ahora-que\\\/\"},\"author\":{\"name\":\"Forum Salud Mental Madrid\",\"@id\":\"https:\\\/\\\/forummontau.com\\\/merida\\\/#\\\/schema\\\/person\\\/dd79fa1c0ba733edd439998f9d7f5e25\"},\"headline\":\"\u00bfHe intentado dejar el consumo y no he podido? Y ahora, \u00bfqu\u00e9?\",\"datePublished\":\"2025-11-12T08:40:48+00:00\",\"dateModified\":\"2025-11-12T08:40:49+00:00\",\"mainEntityOfPage\":{\"@id\":\"https:\\\/\\\/forummontau.com\\\/merida\\\/he-intentado-dejar-el-consumo-y-no-he-podido-y-ahora-que\\\/\"},\"wordCount\":532,\"publisher\":{\"@id\":\"https:\\\/\\\/forummontau.com\\\/merida\\\/#organization\"},\"image\":{\"@id\":\"https:\\\/\\\/forummontau.com\\\/merida\\\/he-intentado-dejar-el-consumo-y-no-he-podido-y-ahora-que\\\/#primaryimage\"},\"thumbnailUrl\":\"https:\\\/\\\/forummontau.com\\\/merida\\\/wp-content\\\/uploads\\\/sites\\\/3\\\/2025\\\/11\\\/ayuda-para-tratamiento-adicciones-merida.webp\",\"keywords\":[\"Adicciones M\u00e9rida\",\"Forum M\u00e9rida\",\"Tratamiento Adicciones\"],\"articleSection\":[\"Adicciones\",\"Tratamientos\"],\"inLanguage\":\"es\"},{\"@type\":\"WebPage\",\"@id\":\"https:\\\/\\\/forummontau.com\\\/merida\\\/he-intentado-dejar-el-consumo-y-no-he-podido-y-ahora-que\\\/\",\"url\":\"https:\\\/\\\/forummontau.com\\\/merida\\\/he-intentado-dejar-el-consumo-y-no-he-podido-y-ahora-que\\\/\",\"name\":\"\u00bfHe intentado dejar el consumo y no he podido? Y ahora, \u00bfqu\u00e9? - Forum Salud Mental M\u00e9rida\",\"isPartOf\":{\"@id\":\"https:\\\/\\\/forummontau.com\\\/merida\\\/#website\"},\"primaryImageOfPage\":{\"@id\":\"https:\\\/\\\/forummontau.com\\\/merida\\\/he-intentado-dejar-el-consumo-y-no-he-podido-y-ahora-que\\\/#primaryimage\"},\"image\":{\"@id\":\"https:\\\/\\\/forummontau.com\\\/merida\\\/he-intentado-dejar-el-consumo-y-no-he-podido-y-ahora-que\\\/#primaryimage\"},\"thumbnailUrl\":\"https:\\\/\\\/forummontau.com\\\/merida\\\/wp-content\\\/uploads\\\/sites\\\/3\\\/2025\\\/11\\\/ayuda-para-tratamiento-adicciones-merida.webp\",\"datePublished\":\"2025-11-12T08:40:48+00:00\",\"dateModified\":\"2025-11-12T08:40:49+00:00\",\"description\":\"\u00bfHas intentado dejar el consumo sin \u00e9xito? En Forum Salud Mental M\u00e9rida te ayudamos con un tratamiento personalizado de adicciones, basado en terapia cognitivo-conductual.\",\"breadcrumb\":{\"@id\":\"https:\\\/\\\/forummontau.com\\\/merida\\\/he-intentado-dejar-el-consumo-y-no-he-podido-y-ahora-que\\\/#breadcrumb\"},\"inLanguage\":\"es\",\"potentialAction\":[{\"@type\":\"ReadAction\",\"target\":[\"https:\\\/\\\/forummontau.com\\\/merida\\\/he-intentado-dejar-el-consumo-y-no-he-podido-y-ahora-que\\\/\"]}]},{\"@type\":\"ImageObject\",\"inLanguage\":\"es\",\"@id\":\"https:\\\/\\\/forummontau.com\\\/merida\\\/he-intentado-dejar-el-consumo-y-no-he-podido-y-ahora-que\\\/#primaryimage\",\"url\":\"https:\\\/\\\/forummontau.com\\\/merida\\\/wp-content\\\/uploads\\\/sites\\\/3\\\/2025\\\/11\\\/ayuda-para-tratamiento-adicciones-merida.webp\",\"contentUrl\":\"https:\\\/\\\/forummontau.com\\\/merida\\\/wp-content\\\/uploads\\\/sites\\\/3\\\/2025\\\/11\\\/ayuda-para-tratamiento-adicciones-merida.webp\",\"width\":1000,\"height\":667,\"caption\":\"tratamiento adicciones merida\"},{\"@type\":\"BreadcrumbList\",\"@id\":\"https:\\\/\\\/forummontau.com\\\/merida\\\/he-intentado-dejar-el-consumo-y-no-he-podido-y-ahora-que\\\/#breadcrumb\",\"itemListElement\":[{\"@type\":\"ListItem\",\"position\":1,\"name\":\"Portada\",\"item\":\"https:\\\/\\\/forummontau.com\\\/merida\\\/\"},{\"@type\":\"ListItem\",\"position\":2,\"name\":\"\u00bfHe intentado dejar el consumo y no he podido? Y ahora, \u00bfqu\u00e9?\"}]},{\"@type\":\"WebSite\",\"@id\":\"https:\\\/\\\/forummontau.com\\\/merida\\\/#website\",\"url\":\"https:\\\/\\\/forummontau.com\\\/merida\\\/\",\"name\":\"Forum Salud Mental M\u00e9rida\",\"description\":\"Centro Tratamiento Adicciones en M\u00e9rida\",\"publisher\":{\"@id\":\"https:\\\/\\\/forummontau.com\\\/merida\\\/#organization\"},\"potentialAction\":[{\"@type\":\"SearchAction\",\"target\":{\"@type\":\"EntryPoint\",\"urlTemplate\":\"https:\\\/\\\/forummontau.com\\\/merida\\\/?s={search_term_string}\"},\"query-input\":{\"@type\":\"PropertyValueSpecification\",\"valueRequired\":true,\"valueName\":\"search_term_string\"}}],\"inLanguage\":\"es\"},{\"@type\":\"Organization\",\"@id\":\"https:\\\/\\\/forummontau.com\\\/merida\\\/#organization\",\"name\":\"Forum Salud Mental M\u00e9rida\",\"url\":\"https:\\\/\\\/forummontau.com\\\/merida\\\/\",\"logo\":{\"@type\":\"ImageObject\",\"inLanguage\":\"es\",\"@id\":\"https:\\\/\\\/forummontau.com\\\/merida\\\/#\\\/schema\\\/logo\\\/image\\\/\",\"url\":\"https:\\\/\\\/forummontau.com\\\/merida\\\/wp-content\\\/uploads\\\/sites\\\/3\\\/2020\\\/02\\\/forum_merida.png\",\"contentUrl\":\"https:\\\/\\\/forummontau.com\\\/merida\\\/wp-content\\\/uploads\\\/sites\\\/3\\\/2020\\\/02\\\/forum_merida.png\",\"width\":214,\"height\":120,\"caption\":\"Forum Salud Mental M\u00e9rida\"},\"image\":{\"@id\":\"https:\\\/\\\/forummontau.com\\\/merida\\\/#\\\/schema\\\/logo\\\/image\\\/\"}},{\"@type\":\"Person\",\"@id\":\"https:\\\/\\\/forummontau.com\\\/merida\\\/#\\\/schema\\\/person\\\/dd79fa1c0ba733edd439998f9d7f5e25\",\"name\":\"Forum Salud Mental Madrid\",\"image\":{\"@type\":\"ImageObject\",\"inLanguage\":\"es\",\"@id\":\"https:\\\/\\\/secure.gravatar.com\\\/avatar\\\/363495000985f108d724b036bf8fde103c31e3fb6464fc8997f0157fc03f27d8?s=96&d=mm&r=g\",\"url\":\"https:\\\/\\\/secure.gravatar.com\\\/avatar\\\/363495000985f108d724b036bf8fde103c31e3fb6464fc8997f0157fc03f27d8?s=96&d=mm&r=g\",\"contentUrl\":\"https:\\\/\\\/secure.gravatar.com\\\/avatar\\\/363495000985f108d724b036bf8fde103c31e3fb6464fc8997f0157fc03f27d8?s=96&d=mm&r=g\",\"caption\":\"Forum Salud Mental Madrid\"},\"url\":\"https:\\\/\\\/forummontau.com\\\/merida\\\/author\\\/adiccionma\\\/\"}]}<\/script>\n<!-- \/ Yoast SEO plugin. -->","yoast_head_json":{"title":"\u00bfHe intentado dejar el consumo y no he podido? Y ahora, \u00bfqu\u00e9? - Forum Salud Mental M\u00e9rida","description":"\u00bfHas intentado dejar el consumo sin \u00e9xito? En Forum Salud Mental M\u00e9rida te ayudamos con un tratamiento personalizado de adicciones, basado en terapia cognitivo-conductual.","robots":{"index":"index","follow":"follow","max-snippet":"max-snippet:-1","max-image-preview":"max-image-preview:large","max-video-preview":"max-video-preview:-1"},"canonical":"https:\/\/forummontau.com\/merida\/he-intentado-dejar-el-consumo-y-no-he-podido-y-ahora-que\/","og_locale":"es_ES","og_type":"article","og_title":"\u00bfHe intentado dejar el consumo y no he podido? Y ahora, \u00bfqu\u00e9? - Forum Salud Mental M\u00e9rida","og_description":"\u00bfHas intentado dejar el consumo sin \u00e9xito? En Forum Salud Mental M\u00e9rida te ayudamos con un tratamiento personalizado de adicciones, basado en terapia cognitivo-conductual.","og_url":"https:\/\/forummontau.com\/merida\/he-intentado-dejar-el-consumo-y-no-he-podido-y-ahora-que\/","og_site_name":"Forum Salud Mental M\u00e9rida","article_published_time":"2025-11-12T08:40:48+00:00","article_modified_time":"2025-11-12T08:40:49+00:00","og_image":[{"width":1000,"height":667,"url":"https:\/\/forummontau.com\/merida\/wp-content\/uploads\/sites\/3\/2025\/11\/ayuda-para-tratamiento-adicciones-merida.webp","type":"image\/webp"}],"author":"Forum Salud Mental Madrid","twitter_card":"summary_large_image","twitter_misc":{"Escrito por":"Forum Salud Mental Madrid","Tiempo de lectura":"3 minutos"},"schema":{"@context":"https:\/\/schema.org","@graph":[{"@type":"Article","@id":"https:\/\/forummontau.com\/merida\/he-intentado-dejar-el-consumo-y-no-he-podido-y-ahora-que\/#article","isPartOf":{"@id":"https:\/\/forummontau.com\/merida\/he-intentado-dejar-el-consumo-y-no-he-podido-y-ahora-que\/"},"author":{"name":"Forum Salud Mental Madrid","@id":"https:\/\/forummontau.com\/merida\/#\/schema\/person\/dd79fa1c0ba733edd439998f9d7f5e25"},"headline":"\u00bfHe intentado dejar el consumo y no he podido? Y ahora, \u00bfqu\u00e9?","datePublished":"2025-11-12T08:40:48+00:00","dateModified":"2025-11-12T08:40:49+00:00","mainEntityOfPage":{"@id":"https:\/\/forummontau.com\/merida\/he-intentado-dejar-el-consumo-y-no-he-podido-y-ahora-que\/"},"wordCount":532,"publisher":{"@id":"https:\/\/forummontau.com\/merida\/#organization"},"image":{"@id":"https:\/\/forummontau.com\/merida\/he-intentado-dejar-el-consumo-y-no-he-podido-y-ahora-que\/#primaryimage"},"thumbnailUrl":"https:\/\/forummontau.com\/merida\/wp-content\/uploads\/sites\/3\/2025\/11\/ayuda-para-tratamiento-adicciones-merida.webp","keywords":["Adicciones M\u00e9rida","Forum M\u00e9rida","Tratamiento Adicciones"],"articleSection":["Adicciones","Tratamientos"],"inLanguage":"es"},{"@type":"WebPage","@id":"https:\/\/forummontau.com\/merida\/he-intentado-dejar-el-consumo-y-no-he-podido-y-ahora-que\/","url":"https:\/\/forummontau.com\/merida\/he-intentado-dejar-el-consumo-y-no-he-podido-y-ahora-que\/","name":"\u00bfHe intentado dejar el consumo y no he podido? Y ahora, \u00bfqu\u00e9? - Forum Salud Mental M\u00e9rida","isPartOf":{"@id":"https:\/\/forummontau.com\/merida\/#website"},"primaryImageOfPage":{"@id":"https:\/\/forummontau.com\/merida\/he-intentado-dejar-el-consumo-y-no-he-podido-y-ahora-que\/#primaryimage"},"image":{"@id":"https:\/\/forummontau.com\/merida\/he-intentado-dejar-el-consumo-y-no-he-podido-y-ahora-que\/#primaryimage"},"thumbnailUrl":"https:\/\/forummontau.com\/merida\/wp-content\/uploads\/sites\/3\/2025\/11\/ayuda-para-tratamiento-adicciones-merida.webp","datePublished":"2025-11-12T08:40:48+00:00","dateModified":"2025-11-12T08:40:49+00:00","description":"\u00bfHas intentado dejar el consumo sin \u00e9xito? En Forum Salud Mental M\u00e9rida te ayudamos con un tratamiento personalizado de adicciones, basado en terapia cognitivo-conductual.","breadcrumb":{"@id":"https:\/\/forummontau.com\/merida\/he-intentado-dejar-el-consumo-y-no-he-podido-y-ahora-que\/#breadcrumb"},"inLanguage":"es","potentialAction":[{"@type":"ReadAction","target":["https:\/\/forummontau.com\/merida\/he-intentado-dejar-el-consumo-y-no-he-podido-y-ahora-que\/"]}]},{"@type":"ImageObject","inLanguage":"es","@id":"https:\/\/forummontau.com\/merida\/he-intentado-dejar-el-consumo-y-no-he-podido-y-ahora-que\/#primaryimage","url":"https:\/\/forummontau.com\/merida\/wp-content\/uploads\/sites\/3\/2025\/11\/ayuda-para-tratamiento-adicciones-merida.webp","contentUrl":"https:\/\/forummontau.com\/merida\/wp-content\/uploads\/sites\/3\/2025\/11\/ayuda-para-tratamiento-adicciones-merida.webp","width":1000,"height":667,"caption":"tratamiento adicciones merida"},{"@type":"BreadcrumbList","@id":"https:\/\/forummontau.com\/merida\/he-intentado-dejar-el-consumo-y-no-he-podido-y-ahora-que\/#breadcrumb","itemListElement":[{"@type":"ListItem","position":1,"name":"Portada","item":"https:\/\/forummontau.com\/merida\/"},{"@type":"ListItem","position":2,"name":"\u00bfHe intentado dejar el consumo y no he podido? Y ahora, \u00bfqu\u00e9?"}]},{"@type":"WebSite","@id":"https:\/\/forummontau.com\/merida\/#website","url":"https:\/\/forummontau.com\/merida\/","name":"Forum Salud Mental M\u00e9rida","description":"Centro Tratamiento Adicciones en M\u00e9rida","publisher":{"@id":"https:\/\/forummontau.com\/merida\/#organization"},"potentialAction":[{"@type":"SearchAction","target":{"@type":"EntryPoint","urlTemplate":"https:\/\/forummontau.com\/merida\/?s={search_term_string}"},"query-input":{"@type":"PropertyValueSpecification","valueRequired":true,"valueName":"search_term_string"}}],"inLanguage":"es"},{"@type":"Organization","@id":"https:\/\/forummontau.com\/merida\/#organization","name":"Forum Salud Mental M\u00e9rida","url":"https:\/\/forummontau.com\/merida\/","logo":{"@type":"ImageObject","inLanguage":"es","@id":"https:\/\/forummontau.com\/merida\/#\/schema\/logo\/image\/","url":"https:\/\/forummontau.com\/merida\/wp-content\/uploads\/sites\/3\/2020\/02\/forum_merida.png","contentUrl":"https:\/\/forummontau.com\/merida\/wp-content\/uploads\/sites\/3\/2020\/02\/forum_merida.png","width":214,"height":120,"caption":"Forum Salud Mental M\u00e9rida"},"image":{"@id":"https:\/\/forummontau.com\/merida\/#\/schema\/logo\/image\/"}},{"@type":"Person","@id":"https:\/\/forummontau.com\/merida\/#\/schema\/person\/dd79fa1c0ba733edd439998f9d7f5e25","name":"Forum Salud Mental Madrid","image":{"@type":"ImageObject","inLanguage":"es","@id":"https:\/\/secure.gravatar.com\/avatar\/363495000985f108d724b036bf8fde103c31e3fb6464fc8997f0157fc03f27d8?s=96&d=mm&r=g","url":"https:\/\/secure.gravatar.com\/avatar\/363495000985f108d724b036bf8fde103c31e3fb6464fc8997f0157fc03f27d8?s=96&d=mm&r=g","contentUrl":"https:\/\/secure.gravatar.com\/avatar\/363495000985f108d724b036bf8fde103c31e3fb6464fc8997f0157fc03f27d8?s=96&d=mm&r=g","caption":"Forum Salud Mental Madrid"},"url":"https:\/\/forummontau.com\/merida\/author\/adiccionma\/"}]}},"_links":{"self":[{"href":"https:\/\/forummontau.com\/merida\/wp-json\/wp\/v2\/posts\/3273","targetHints":{"allow":["GET"]}}],"collection":[{"href":"https:\/\/forummontau.com\/merida\/wp-json\/wp\/v2\/posts"}],"about":[{"href":"https:\/\/forummontau.com\/merida\/wp-json\/wp\/v2\/types\/post"}],"author":[{"embeddable":true,"href":"https:\/\/forummontau.com\/merida\/wp-json\/wp\/v2\/users\/2"}],"replies":[{"embeddable":true,"href":"https:\/\/forummontau.com\/merida\/wp-json\/wp\/v2\/comments?post=3273"}],"version-history":[{"count":1,"href":"https:\/\/forummontau.com\/merida\/wp-json\/wp\/v2\/posts\/3273\/revisions"}],"predecessor-version":[{"id":3275,"href":"https:\/\/forummontau.com\/merida\/wp-json\/wp\/v2\/posts\/3273\/revisions\/3275"}],"wp:featuredmedia":[{"embeddable":true,"href":"https:\/\/forummontau.com\/merida\/wp-json\/wp\/v2\/media\/3274"}],"wp:attachment":[{"href":"https:\/\/forummontau.com\/merida\/wp-json\/wp\/v2\/media?parent=3273"}],"wp:term":[{"taxonomy":"category","embeddable":true,"href":"https:\/\/forummontau.com\/merida\/wp-json\/wp\/v2\/categories?post=3273"},{"taxonomy":"post_tag","embeddable":true,"href":"https:\/\/forummontau.com\/merida\/wp-json\/wp\/v2\/tags?post=3273"}],"curies":[{"name":"wp","href":"https:\/\/api.w.org\/{rel}","templated":true}]}}